{"id":154208,"date":"2022-06-28T08:53:45","date_gmt":"2022-06-28T07:53:45","guid":{"rendered":"https:\/\/radioljubuski.ba\/?p=154208"},"modified":"2022-06-28T08:53:46","modified_gmt":"2022-06-28T07:53:46","slug":"americki-biznismen-eldin-diglisic-izabran-za-strateskog-partnera-fk-zeljeznicar","status":"publish","type":"post","link":"https:\/\/radioljubuski.ba\/index.php\/2022\/06\/28\/americki-biznismen-eldin-diglisic-izabran-za-strateskog-partnera-fk-zeljeznicar\/","title":{"rendered":"Ameri\u010dki biznismen Eldin Diglisi\u0107 izabran za strate\u0161kog partnera FK \u017deljezni\u010dar"},"content":{"rendered":"\n<p>U Plavom salonu na Stadionu Grbavica odr\u017eana je redovna sjednica Skup\u0161tine FK \u017deljezni\u010dar na kojoj su delegati aktivno raspravljali o trenutnoj situaciji u klubu, te su donesene odre\u0111ene odluke koje se ti\u010du funkcioniranja \u017deljezni\u010dara u narednom periodu.Nakon usvajanja Dnevnog reda i zapisnika s pro\u0161le sjednice, uslijedilo je izvje\u0161\u0107e Tima za pregovore s potencijalnim strate\u0161kim partnerima. Izvje\u0161\u0107e su prezentirali Nasuf Drinjakovi\u0107 i Nihad Odoba\u0161i\u0107.<\/p>\n\n\n\n<p>Nakon vi\u0161esatne diskusije, delegati skup\u0161tine su jednoglasno i dvotre\u0107inskom ve\u0107inom svih izabranih delegata izabrali gospodina Eldina Diglisi\u0107a za strate\u0161kog partnera i donijeli odluku da se slu\u017ebeni ugovor potpi\u0161e do kraja slijede\u0107eg mjeseca.<\/p>\n\n\n\n<p>Ina\u010de, rije\u010d je o ro\u0111enom Sarajliji koji je 1997. godine preselio u Sjedinjene Ameri\u010dke Dr\u017eave i tu postao vrlo uspje\u0161an biznismen osnivanjem kompanije ShipEx koja ima godi\u0161nji promet ve\u0107i od 100 milijuna dolara.<\/p>\n\n\n\n<p>Uslijedilo je obra\u0107anje v.d. predsjednika Ore Ibri\u0161imovi\u0107a koji je prezentirao izvje\u0161\u0107e o radu Upravnog odbora u proteklom periodu. Izvje\u0161\u0107e je usvojeno, a potom su delegati izabrali novog predsjednika Upravnog odbora, Edisa Kova\u010devi\u0107a, dosada\u0161njeg \u010dlana Nadzornog odbora. \u010clanove Upravnog odbora \u010dinit \u0107e: Jusuf Tanovi\u0107, Ilijas Kova\u010devi\u0107, Kerim Bali\u0107, Mirza Ba\u0161inac, Bakir Sadovi\u0107, Fuad Zuki\u0107 i Seudin Novali\u0107.<\/p>\n\n\n\n<p>Kako je obrazlo\u017eeno, zbog poslovnih obaveza, dosada\u0161nji v.d. predsjednik UO, Oro Ibri\u0161imovi\u0107, ne mo\u017ee aktivno nastaviti svoj anga\u017eman, a kolektiv FK \u017deljezni\u010dar zahvalio mu se na anga\u017emanu i doprinosu.<\/p>\n\n\n\n<p>izvor: klix.ba<\/p>\n","protected":false},"excerpt":{"rendered":"<p>U Plavom salonu na Stadionu Grbavica odr\u017eana je redovna sjednica Skup\u0161tine FK \u017deljezni\u010dar na kojoj su delegati aktivno raspravljali o trenutnoj situaciji u klubu, te su donesene odre\u0111ene odluke koje se ti\u010du funkcioniranja \u017deljezni\u010dara u narednom periodu.Nakon usvajanja Dnevnog reda i zapisnika s pro\u0161le sjednice, uslijedilo je izvje\u0161\u0107e Tima za pregovore s potencijalnim strate\u0161kim partnerima. [&hellip;]<\/p>\n","protected":false},"author":2,"featured_media":154209,"comment_status":"closed","ping_status":"closed","sticky":false,"template":"","format":"standard","meta":{"h5ap_radio_sources":[],"footnotes":""},"categories":[7],"tags":[],"class_list":["post-154208","post","type-post","status-publish","format-standard","has-post-thumbnail","hentry","category-sport"],"yoast_head":"<!-- This site is optimized with the Yoast SEO plugin v27.5 - https:\/\/yoast.com\/product\/yoast-seo-wordpress\/ -->\n<title>Ameri\u010dki biznismen Eldin Diglisi\u0107 izabran za strate\u0161kog partnera FK \u017deljezni\u010dar - RADIO LJUBU\u0160KI<\/title>\n<meta name=\"robots\" content=\"index, follow, max-snippet:-1, max-image-preview:large, max-video-preview:-1\" \/>\n<link rel=\"canonical\" href=\"https:\/\/radioljubuski.ba\/index.php\/2022\/06\/28\/americki-biznismen-eldin-diglisic-izabran-za-strateskog-partnera-fk-zeljeznicar\/\" \/>\n<meta property=\"og:locale\" content=\"hr_HR\" \/>\n<meta property=\"og:type\" content=\"article\" \/>\n<meta property=\"og:title\" content=\"Ameri\u010dki biznismen Eldin Diglisi\u0107 izabran za strate\u0161kog partnera FK \u017deljezni\u010dar - RADIO LJUBU\u0160KI\" \/>\n<meta property=\"og:description\" content=\"U Plavom salonu na Stadionu Grbavica odr\u017eana je redovna sjednica Skup\u0161tine FK \u017deljezni\u010dar na kojoj su delegati aktivno raspravljali o trenutnoj situaciji u klubu, te su donesene odre\u0111ene odluke koje se ti\u010du funkcioniranja \u017deljezni\u010dara u narednom periodu.Nakon usvajanja Dnevnog reda i zapisnika s pro\u0161le sjednice, uslijedilo je izvje\u0161\u0107e Tima za pregovore s potencijalnim strate\u0161kim partnerima. [&hellip;]\" \/>\n<meta property=\"og:url\" content=\"https:\/\/radioljubuski.ba\/index.php\/2022\/06\/28\/americki-biznismen-eldin-diglisic-izabran-za-strateskog-partnera-fk-zeljeznicar\/\" \/>\n<meta property=\"og:site_name\" content=\"RADIO LJUBU\u0160KI\" \/>\n<meta property=\"article:publisher\" content=\"https:\/\/www.facebook.com\/Radiio-Ljubuski-1490835324566332\" \/>\n<meta property=\"article:published_time\" content=\"2022-06-28T07:53:45+00:00\" \/>\n<meta property=\"article:modified_time\" content=\"2022-06-28T07:53:46+00:00\" \/>\n<meta property=\"og:image\" content=\"https:\/\/radioljubuski.ba\/wp-content\/uploads\/2022\/06\/eldin.jpg\" \/>\n\t<meta property=\"og:image:width\" content=\"275\" \/>\n\t<meta property=\"og:image:height\" content=\"183\" \/>\n\t<meta property=\"og:image:type\" content=\"image\/jpeg\" \/>\n<meta name=\"author\" content=\"Radio Ljubu\u0161ki\" \/>\n<meta name=\"twitter:card\" content=\"summary_large_image\" \/>\n<meta name=\"twitter:creator\" content=\"@radioljubuski\" \/>\n<meta name=\"twitter:site\" content=\"@radioljubuski\" \/>\n<meta name=\"twitter:label1\" content=\"Napisao\/la\" \/>\n\t<meta name=\"twitter:data1\" content=\"Radio Ljubu\u0161ki\" \/>\n\t<meta name=\"twitter:label2\" content=\"Procijenjeno vrijeme \u010ditanja\" \/>\n\t<meta name=\"twitter:data2\" content=\"1 minuta\" \/>\n<script type=\"application\/ld+json\" class=\"yoast-schema-graph\">{\"@context\":\"https:\\\/\\\/schema.org\",\"@graph\":[{\"@type\":\"Article\",\"@id\":\"https:\\\/\\\/radioljubuski.ba\\\/index.php\\\/2022\\\/06\\\/28\\\/americki-biznismen-eldin-diglisic-izabran-za-strateskog-partnera-fk-zeljeznicar\\\/#article\",\"isPartOf\":{\"@id\":\"https:\\\/\\\/radioljubuski.ba\\\/index.php\\\/2022\\\/06\\\/28\\\/americki-biznismen-eldin-diglisic-izabran-za-strateskog-partnera-fk-zeljeznicar\\\/\"},\"author\":{\"name\":\"Radio Ljubu\u0161ki\",\"@id\":\"https:\\\/\\\/radioljubuski.ba\\\/#\\\/schema\\\/person\\\/19fc700381a780f69665d7956c469e3b\"},\"headline\":\"Ameri\u010dki biznismen Eldin Diglisi\u0107 izabran za strate\u0161kog partnera FK \u017deljezni\u010dar\",\"datePublished\":\"2022-06-28T07:53:45+00:00\",\"dateModified\":\"2022-06-28T07:53:46+00:00\",\"mainEntityOfPage\":{\"@id\":\"https:\\\/\\\/radioljubuski.ba\\\/index.php\\\/2022\\\/06\\\/28\\\/americki-biznismen-eldin-diglisic-izabran-za-strateskog-partnera-fk-zeljeznicar\\\/\"},\"wordCount\":274,\"publisher\":{\"@id\":\"https:\\\/\\\/radioljubuski.ba\\\/#organization\"},\"image\":{\"@id\":\"https:\\\/\\\/radioljubuski.ba\\\/index.php\\\/2022\\\/06\\\/28\\\/americki-biznismen-eldin-diglisic-izabran-za-strateskog-partnera-fk-zeljeznicar\\\/#primaryimage\"},\"thumbnailUrl\":\"https:\\\/\\\/radioljubuski.ba\\\/wp-content\\\/uploads\\\/2022\\\/06\\\/eldin.jpg\",\"articleSection\":[\"\u0160port\"],\"inLanguage\":\"hr\"},{\"@type\":\"WebPage\",\"@id\":\"https:\\\/\\\/radioljubuski.ba\\\/index.php\\\/2022\\\/06\\\/28\\\/americki-biznismen-eldin-diglisic-izabran-za-strateskog-partnera-fk-zeljeznicar\\\/\",\"url\":\"https:\\\/\\\/radioljubuski.ba\\\/index.php\\\/2022\\\/06\\\/28\\\/americki-biznismen-eldin-diglisic-izabran-za-strateskog-partnera-fk-zeljeznicar\\\/\",\"name\":\"Ameri\u010dki biznismen Eldin Diglisi\u0107 izabran za strate\u0161kog partnera FK \u017deljezni\u010dar - RADIO LJUBU\u0160KI\",\"isPartOf\":{\"@id\":\"https:\\\/\\\/radioljubuski.ba\\\/#website\"},\"primaryImageOfPage\":{\"@id\":\"https:\\\/\\\/radioljubuski.ba\\\/index.php\\\/2022\\\/06\\\/28\\\/americki-biznismen-eldin-diglisic-izabran-za-strateskog-partnera-fk-zeljeznicar\\\/#primaryimage\"},\"image\":{\"@id\":\"https:\\\/\\\/radioljubuski.ba\\\/index.php\\\/2022\\\/06\\\/28\\\/americki-biznismen-eldin-diglisic-izabran-za-strateskog-partnera-fk-zeljeznicar\\\/#primaryimage\"},\"thumbnailUrl\":\"https:\\\/\\\/radioljubuski.ba\\\/wp-content\\\/uploads\\\/2022\\\/06\\\/eldin.jpg\",\"datePublished\":\"2022-06-28T07:53:45+00:00\",\"dateModified\":\"2022-06-28T07:53:46+00:00\",\"breadcrumb\":{\"@id\":\"https:\\\/\\\/radioljubuski.ba\\\/index.php\\\/2022\\\/06\\\/28\\\/americki-biznismen-eldin-diglisic-izabran-za-strateskog-partnera-fk-zeljeznicar\\\/#breadcrumb\"},\"inLanguage\":\"hr\",\"potentialAction\":[{\"@type\":\"ReadAction\",\"target\":[\"https:\\\/\\\/radioljubuski.ba\\\/index.php\\\/2022\\\/06\\\/28\\\/americki-biznismen-eldin-diglisic-izabran-za-strateskog-partnera-fk-zeljeznicar\\\/\"]}]},{\"@type\":\"ImageObject\",\"inLanguage\":\"hr\",\"@id\":\"https:\\\/\\\/radioljubuski.ba\\\/index.php\\\/2022\\\/06\\\/28\\\/americki-biznismen-eldin-diglisic-izabran-za-strateskog-partnera-fk-zeljeznicar\\\/#primaryimage\",\"url\":\"https:\\\/\\\/radioljubuski.ba\\\/wp-content\\\/uploads\\\/2022\\\/06\\\/eldin.jpg\",\"contentUrl\":\"https:\\\/\\\/radioljubuski.ba\\\/wp-content\\\/uploads\\\/2022\\\/06\\\/eldin.jpg\",\"width\":275,\"height\":183},{\"@type\":\"BreadcrumbList\",\"@id\":\"https:\\\/\\\/radioljubuski.ba\\\/index.php\\\/2022\\\/06\\\/28\\\/americki-biznismen-eldin-diglisic-izabran-za-strateskog-partnera-fk-zeljeznicar\\\/#breadcrumb\",\"itemListElement\":[{\"@type\":\"ListItem\",\"position\":1,\"name\":\"Po\u010detna stranica\",\"item\":\"https:\\\/\\\/radioljubuski.ba\\\/\"},{\"@type\":\"ListItem\",\"position\":2,\"name\":\"Ameri\u010dki biznismen Eldin Diglisi\u0107 izabran za strate\u0161kog partnera FK \u017deljezni\u010dar\"}]},{\"@type\":\"WebSite\",\"@id\":\"https:\\\/\\\/radioljubuski.ba\\\/#website\",\"url\":\"https:\\\/\\\/radioljubuski.ba\\\/\",\"name\":\"Radio Ljubu\u0161ki\",\"description\":\"Sun\u010dana frekvencija Hercegovine\",\"publisher\":{\"@id\":\"https:\\\/\\\/radioljubuski.ba\\\/#organization\"},\"potentialAction\":[{\"@type\":\"SearchAction\",\"target\":{\"@type\":\"EntryPoint\",\"urlTemplate\":\"https:\\\/\\\/radioljubuski.ba\\\/?s={search_term_string}\"},\"query-input\":{\"@type\":\"PropertyValueSpecification\",\"valueRequired\":true,\"valueName\":\"search_term_string\"}}],\"inLanguage\":\"hr\"},{\"@type\":\"Organization\",\"@id\":\"https:\\\/\\\/radioljubuski.ba\\\/#organization\",\"name\":\"Radio Ljubu\u0161ki\",\"url\":\"https:\\\/\\\/radioljubuski.ba\\\/\",\"logo\":{\"@type\":\"ImageObject\",\"inLanguage\":\"hr\",\"@id\":\"https:\\\/\\\/radioljubuski.ba\\\/#\\\/schema\\\/logo\\\/image\\\/\",\"url\":\"https:\\\/\\\/radioljubuski.ba\\\/wp-content\\\/uploads\\\/2021\\\/02\\\/cropped-Radio_Ljubuski_logo1.jpg\",\"contentUrl\":\"https:\\\/\\\/radioljubuski.ba\\\/wp-content\\\/uploads\\\/2021\\\/02\\\/cropped-Radio_Ljubuski_logo1.jpg\",\"width\":512,\"height\":512,\"caption\":\"Radio Ljubu\u0161ki\"},\"image\":{\"@id\":\"https:\\\/\\\/radioljubuski.ba\\\/#\\\/schema\\\/logo\\\/image\\\/\"},\"sameAs\":[\"https:\\\/\\\/www.facebook.com\\\/Radiio-Ljubuski-1490835324566332\",\"https:\\\/\\\/x.com\\\/radioljubuski\",\"https:\\\/\\\/hr.linkedin.com\\\/company\\\/radio-ljubuski\",\"https:\\\/\\\/www.youtube.com\\\/channel\\\/UCHYaeO_n0Db3tjNGudGpXyw\"]},{\"@type\":\"Person\",\"@id\":\"https:\\\/\\\/radioljubuski.ba\\\/#\\\/schema\\\/person\\\/19fc700381a780f69665d7956c469e3b\",\"name\":\"Radio Ljubu\u0161ki\"}]}<\/script>\n<!-- \/ Yoast SEO plugin. -->","yoast_head_json":{"title":"Ameri\u010dki biznismen Eldin Diglisi\u0107 izabran za strate\u0161kog partnera FK \u017deljezni\u010dar - RADIO LJUBU\u0160KI","robots":{"index":"index","follow":"follow","max-snippet":"max-snippet:-1","max-image-preview":"max-image-preview:large","max-video-preview":"max-video-preview:-1"},"canonical":"https:\/\/radioljubuski.ba\/index.php\/2022\/06\/28\/americki-biznismen-eldin-diglisic-izabran-za-strateskog-partnera-fk-zeljeznicar\/","og_locale":"hr_HR","og_type":"article","og_title":"Ameri\u010dki biznismen Eldin Diglisi\u0107 izabran za strate\u0161kog partnera FK \u017deljezni\u010dar - RADIO LJUBU\u0160KI","og_description":"U Plavom salonu na Stadionu Grbavica odr\u017eana je redovna sjednica Skup\u0161tine FK \u017deljezni\u010dar na kojoj su delegati aktivno raspravljali o trenutnoj situaciji u klubu, te su donesene odre\u0111ene odluke koje se ti\u010du funkcioniranja \u017deljezni\u010dara u narednom periodu.Nakon usvajanja Dnevnog reda i zapisnika s pro\u0161le sjednice, uslijedilo je izvje\u0161\u0107e Tima za pregovore s potencijalnim strate\u0161kim partnerima. [&hellip;]","og_url":"https:\/\/radioljubuski.ba\/index.php\/2022\/06\/28\/americki-biznismen-eldin-diglisic-izabran-za-strateskog-partnera-fk-zeljeznicar\/","og_site_name":"RADIO LJUBU\u0160KI","article_publisher":"https:\/\/www.facebook.com\/Radiio-Ljubuski-1490835324566332","article_published_time":"2022-06-28T07:53:45+00:00","article_modified_time":"2022-06-28T07:53:46+00:00","og_image":[{"width":275,"height":183,"url":"https:\/\/radioljubuski.ba\/wp-content\/uploads\/2022\/06\/eldin.jpg","type":"image\/jpeg"}],"author":"Radio Ljubu\u0161ki","twitter_card":"summary_large_image","twitter_creator":"@radioljubuski","twitter_site":"@radioljubuski","twitter_misc":{"Napisao\/la":"Radio Ljubu\u0161ki","Procijenjeno vrijeme \u010ditanja":"1 minuta"},"schema":{"@context":"https:\/\/schema.org","@graph":[{"@type":"Article","@id":"https:\/\/radioljubuski.ba\/index.php\/2022\/06\/28\/americki-biznismen-eldin-diglisic-izabran-za-strateskog-partnera-fk-zeljeznicar\/#article","isPartOf":{"@id":"https:\/\/radioljubuski.ba\/index.php\/2022\/06\/28\/americki-biznismen-eldin-diglisic-izabran-za-strateskog-partnera-fk-zeljeznicar\/"},"author":{"name":"Radio Ljubu\u0161ki","@id":"https:\/\/radioljubuski.ba\/#\/schema\/person\/19fc700381a780f69665d7956c469e3b"},"headline":"Ameri\u010dki biznismen Eldin Diglisi\u0107 izabran za strate\u0161kog partnera FK \u017deljezni\u010dar","datePublished":"2022-06-28T07:53:45+00:00","dateModified":"2022-06-28T07:53:46+00:00","mainEntityOfPage":{"@id":"https:\/\/radioljubuski.ba\/index.php\/2022\/06\/28\/americki-biznismen-eldin-diglisic-izabran-za-strateskog-partnera-fk-zeljeznicar\/"},"wordCount":274,"publisher":{"@id":"https:\/\/radioljubuski.ba\/#organization"},"image":{"@id":"https:\/\/radioljubuski.ba\/index.php\/2022\/06\/28\/americki-biznismen-eldin-diglisic-izabran-za-strateskog-partnera-fk-zeljeznicar\/#primaryimage"},"thumbnailUrl":"https:\/\/radioljubuski.ba\/wp-content\/uploads\/2022\/06\/eldin.jpg","articleSection":["\u0160port"],"inLanguage":"hr"},{"@type":"WebPage","@id":"https:\/\/radioljubuski.ba\/index.php\/2022\/06\/28\/americki-biznismen-eldin-diglisic-izabran-za-strateskog-partnera-fk-zeljeznicar\/","url":"https:\/\/radioljubuski.ba\/index.php\/2022\/06\/28\/americki-biznismen-eldin-diglisic-izabran-za-strateskog-partnera-fk-zeljeznicar\/","name":"Ameri\u010dki biznismen Eldin Diglisi\u0107 izabran za strate\u0161kog partnera FK \u017deljezni\u010dar - RADIO LJUBU\u0160KI","isPartOf":{"@id":"https:\/\/radioljubuski.ba\/#website"},"primaryImageOfPage":{"@id":"https:\/\/radioljubuski.ba\/index.php\/2022\/06\/28\/americki-biznismen-eldin-diglisic-izabran-za-strateskog-partnera-fk-zeljeznicar\/#primaryimage"},"image":{"@id":"https:\/\/radioljubuski.ba\/index.php\/2022\/06\/28\/americki-biznismen-eldin-diglisic-izabran-za-strateskog-partnera-fk-zeljeznicar\/#primaryimage"},"thumbnailUrl":"https:\/\/radioljubuski.ba\/wp-content\/uploads\/2022\/06\/eldin.jpg","datePublished":"2022-06-28T07:53:45+00:00","dateModified":"2022-06-28T07:53:46+00:00","breadcrumb":{"@id":"https:\/\/radioljubuski.ba\/index.php\/2022\/06\/28\/americki-biznismen-eldin-diglisic-izabran-za-strateskog-partnera-fk-zeljeznicar\/#breadcrumb"},"inLanguage":"hr","potentialAction":[{"@type":"ReadAction","target":["https:\/\/radioljubuski.ba\/index.php\/2022\/06\/28\/americki-biznismen-eldin-diglisic-izabran-za-strateskog-partnera-fk-zeljeznicar\/"]}]},{"@type":"ImageObject","inLanguage":"hr","@id":"https:\/\/radioljubuski.ba\/index.php\/2022\/06\/28\/americki-biznismen-eldin-diglisic-izabran-za-strateskog-partnera-fk-zeljeznicar\/#primaryimage","url":"https:\/\/radioljubuski.ba\/wp-content\/uploads\/2022\/06\/eldin.jpg","contentUrl":"https:\/\/radioljubuski.ba\/wp-content\/uploads\/2022\/06\/eldin.jpg","width":275,"height":183},{"@type":"BreadcrumbList","@id":"https:\/\/radioljubuski.ba\/index.php\/2022\/06\/28\/americki-biznismen-eldin-diglisic-izabran-za-strateskog-partnera-fk-zeljeznicar\/#breadcrumb","itemListElement":[{"@type":"ListItem","position":1,"name":"Po\u010detna stranica","item":"https:\/\/radioljubuski.ba\/"},{"@type":"ListItem","position":2,"name":"Ameri\u010dki biznismen Eldin Diglisi\u0107 izabran za strate\u0161kog partnera FK \u017deljezni\u010dar"}]},{"@type":"WebSite","@id":"https:\/\/radioljubuski.ba\/#website","url":"https:\/\/radioljubuski.ba\/","name":"Radio Ljubu\u0161ki","description":"Sun\u010dana frekvencija Hercegovine","publisher":{"@id":"https:\/\/radioljubuski.ba\/#organization"},"potentialAction":[{"@type":"SearchAction","target":{"@type":"EntryPoint","urlTemplate":"https:\/\/radioljubuski.ba\/?s={search_term_string}"},"query-input":{"@type":"PropertyValueSpecification","valueRequired":true,"valueName":"search_term_string"}}],"inLanguage":"hr"},{"@type":"Organization","@id":"https:\/\/radioljubuski.ba\/#organization","name":"Radio Ljubu\u0161ki","url":"https:\/\/radioljubuski.ba\/","logo":{"@type":"ImageObject","inLanguage":"hr","@id":"https:\/\/radioljubuski.ba\/#\/schema\/logo\/image\/","url":"https:\/\/radioljubuski.ba\/wp-content\/uploads\/2021\/02\/cropped-Radio_Ljubuski_logo1.jpg","contentUrl":"https:\/\/radioljubuski.ba\/wp-content\/uploads\/2021\/02\/cropped-Radio_Ljubuski_logo1.jpg","width":512,"height":512,"caption":"Radio Ljubu\u0161ki"},"image":{"@id":"https:\/\/radioljubuski.ba\/#\/schema\/logo\/image\/"},"sameAs":["https:\/\/www.facebook.com\/Radiio-Ljubuski-1490835324566332","https:\/\/x.com\/radioljubuski","https:\/\/hr.linkedin.com\/company\/radio-ljubuski","https:\/\/www.youtube.com\/channel\/UCHYaeO_n0Db3tjNGudGpXyw"]},{"@type":"Person","@id":"https:\/\/radioljubuski.ba\/#\/schema\/person\/19fc700381a780f69665d7956c469e3b","name":"Radio Ljubu\u0161ki"}]}},"_links":{"self":[{"href":"https:\/\/radioljubuski.ba\/index.php\/wp-json\/wp\/v2\/posts\/154208","targetHints":{"allow":["GET"]}}],"collection":[{"href":"https:\/\/radioljubuski.ba\/index.php\/wp-json\/wp\/v2\/posts"}],"about":[{"href":"https:\/\/radioljubuski.ba\/index.php\/wp-json\/wp\/v2\/types\/post"}],"author":[{"embeddable":true,"href":"https:\/\/radioljubuski.ba\/index.php\/wp-json\/wp\/v2\/users\/2"}],"replies":[{"embeddable":true,"href":"https:\/\/radioljubuski.ba\/index.php\/wp-json\/wp\/v2\/comments?post=154208"}],"version-history":[{"count":1,"href":"https:\/\/radioljubuski.ba\/index.php\/wp-json\/wp\/v2\/posts\/154208\/revisions"}],"predecessor-version":[{"id":154210,"href":"https:\/\/radioljubuski.ba\/index.php\/wp-json\/wp\/v2\/posts\/154208\/revisions\/154210"}],"wp:featuredmedia":[{"embeddable":true,"href":"https:\/\/radioljubuski.ba\/index.php\/wp-json\/wp\/v2\/media\/154209"}],"wp:attachment":[{"href":"https:\/\/radioljubuski.ba\/index.php\/wp-json\/wp\/v2\/media?parent=154208"}],"wp:term":[{"taxonomy":"category","embeddable":true,"href":"https:\/\/radioljubuski.ba\/index.php\/wp-json\/wp\/v2\/categories?post=154208"},{"taxonomy":"post_tag","embeddable":true,"href":"https:\/\/radioljubuski.ba\/index.php\/wp-json\/wp\/v2\/tags?post=154208"}],"curies":[{"name":"wp","href":"https:\/\/api.w.org\/{rel}","templated":true}]}}