{"id":154243,"date":"2022-06-28T10:16:40","date_gmt":"2022-06-28T09:16:40","guid":{"rendered":"https:\/\/radioljubuski.ba\/?p=154243"},"modified":"2022-06-28T10:16:42","modified_gmt":"2022-06-28T09:16:42","slug":"sve-je-spremno-za-trece-izdanje-najukusnijeg-festivala-u-regiji-street-food-fest-u-sirokom-brijegu-od-22-do-24-7","status":"publish","type":"post","link":"https:\/\/radioljubuski.ba\/index.php\/2022\/06\/28\/sve-je-spremno-za-trece-izdanje-najukusnijeg-festivala-u-regiji-street-food-fest-u-sirokom-brijegu-od-22-do-24-7\/","title":{"rendered":"Sve je spremno za tre\u0107e izdanje najukusnijeg festivala u regiji: Street Food Fest u \u0160irokom Brijegu od 22. do 24.7."},"content":{"rendered":"\n<p>Za ljubitelje ukusne hrane, dobre glazbe, osvje\u017eavaju\u0107ih koktela i craft piva te sjajne atmosfere \u0160iroki Brijeg \u0107e biti nezaobilazna destinacija od 22. do 24. 7. kada po\u010dinje tre\u0107e izdanje Street Food Festa.&nbsp;<br>Ovaj relativno mlad festival ve\u0107 se pozicionirao na mapi ljetnih doga\u0111aja u Bosni i Hercegovini koji se nikako ne smiju propustiti, a ove godine vrijedni tim pripremio je najbogatiji program do sada u kojem \u0107e u\u017eivati svi posjetitelji, od onih najmla\u0111ih pa sve do iskusnih gurmana koji su ve\u0107 prepoznali kvalitetu Street Food Festa.&nbsp;<\/p>\n\n\n\n<p>Popis ovogodi\u0161njih izlaga\u010da je zaista impresivan, a organizatori su se potrudili da se u ponudi na\u0111e ne\u0161to i za najzahtjevnija nepca.&nbsp;<\/p>\n\n\n\n<p>1. &nbsp; &nbsp;Reshetka International&nbsp;<\/p>\n\n\n\n<p>Pro\u0161logodi\u0161nji pobjednik \u010diji je burger \u201eDivlji \u0110uro\u201c publika ocijenila kao najboljim, ponovno dolazi u \u0160iroki Brijeg, a ekipa na \u010delu s vlasnikom Nikolom Bo\u017ei\u0107em pripremila je brojne novitete. Spomenut \u0107emo samo limited edition \ud835\uddea\ud835\uddee\ud835\uddf4\ud835\ude06\ud835\ude02 \ud835\uddd6\ud835\udde5\ud835\udde2\ud835\ude00\ud835\ude00 \ud835\uddd5\ud835\ude02\ud835\uddff\ud835\uddf4\ud835\uddf2\ud835\uddff. Naime, Nikola i njegova ekipa su se upustili u uzgoj \ud835\udc30\ud835\udc1a\ud835\udc20\ud835\udc32\ud835\udc2e-\ud835\udc21\ud835\udc28\ud835\udc25\ud835\udc2c\ud835\udc2d\ud835\udc1e\ud835\udc22\ud835\udc27 goveda, a po\u0161to je wagyu govedina poznata po savr\u0161enoj intramuskularnoj masno\u0107i i vrhunskom okusu &#8211; ne sumnjamo da \u0107e Reshetka ponovno odu\u0161eviti.<\/p>\n\n\n\n<p>2. &nbsp; &nbsp;Profa 23<br>Tradicionalno japansko jelo sushi ra\u0111eno od ri\u017ee i sirove ili dimljene ribe, steklo je popularnost u cijelom svijetu pa tako i na na\u0161im prostorima. Posjetitelji SFF-a mo\u0107i \u0107e u\u017eivati u ovim ukusnim zalogajima zahvaljuju\u0107i Mateju, mladom de\u010dku koji je pekao zanat u restoranima u BiH, Hrvatskoj i Austriji, a na\u0161oj publici \u0107e predstaviti \ud835\uddd9\ud835\ude02\ud835\ude00\ud835\uddf6\ud835\uddfc\ud835\uddfb \ud835\udde6\ud835\ude02\ud835\ude00\ud835\uddf5\ud835\uddf6 koncept, gdje \u0107e kombinirati kulinarske tradicije Japana i na\u0161e kuhinje.<\/p>\n\n\n\n<p>3. &nbsp; &nbsp;Food Bar Guloso<br>Huncut je naziv za burger koji se sastoji od duple june\u0107e pljeskavice, kiselih jalape\u00f1o papri\u010dica, dimljenog sira, hrskavih nachosa i gochujang majoneze. Zvu\u010di ukusno? Svratite na ku\u0107icu ekipe iz Dubrovnika i otkrijte za\u0161to su njihovi burgeri \ud835\udddb\ud835\ude02\ud835\uddfb\ud835\uddf0\ud835\ude02\ud835\ude01 i \ud835\uddda\ud835\uddfc\ud835\ude00\ud835\uddfd\ud835\uddee\ud835\uddff progla\u0161eni najboljima na pro\u0161logodi\u0161njem Zagreb Burger Festivalu.<\/p>\n\n\n\n<p>4. &nbsp; &nbsp;Kodiak Burger&amp;Steak<br>Ova ekipa iz Banja Luke lani je osvojila simpatije publike, a na ovogodi\u0161njem izdanju festivala predstavit \u0107e nam tri potpuno nova burgera, od kojih isti\u010du \ud835\uddd6\ud835\uddff\ud835\uddf6\ud835\ude00\ud835\uddfd\ud835\ude06 \ud835\uddef\ud835\uddee\ud835\uddf0\ud835\uddfc\ud835\uddfb \ud835\uddef\ud835\ude02\ud835\uddff\ud835\uddf4\ud835\uddf2\ud835\uddff, posebno kreiran za Street Food Fest te veganski \/ vegetarijanski burger \u201cDe\u010dko koji obe\u0107ava\u201d.&nbsp;<br>5. &nbsp; &nbsp;Restoran Domano\/Hotel Park<\/p>\n\n\n\n<p>Pobjednici prvog izdanja Street Food Festa ove godine pripremaju svoje nadaleko poznate \ud835\uddff\ud835\uddfc\ud835\uddee\ud835\ude00\ud835\ude01 \ud835\uddef\ud835\uddf2\ud835\uddf2\ud835\uddf3 sendvi\u010de, ali i riblje snackove koje su osmislili posebno za ovogodi\u0161nje izdanje festivala.&nbsp;<\/p>\n\n\n\n<p>6. &nbsp; &nbsp;Shankly\u2019s Pub<\/p>\n\n\n\n<p>Shankly&#8217;s Pub omiljeno je uto\u010di\u0161te i okupljali\u0161te svih zalu\u0111enih navija\u010da Liverpoola, ali ono zbog \u010dega ih jedva \u010dekate vidjeti na na\u0161em festivalu nije Liverpool, nego preukusni burgeri originalnih naziva Klopp on the Kop, King Kenny, Shankly&#8217;s Burger\u2026 Za koji god se odlu\u010dite, ne mo\u017eete pogrije\u0161iti.<\/p>\n\n\n\n<p>7. &nbsp; &nbsp;Von Herzog<\/p>\n\n\n\n<p>Da su programiranje i kuhanje odli\u010dna kombinacija, dokazat \u0107e vam ekipa vrhunskih \ud835\uddfd\ud835\uddff\ud835\uddfc\ud835\uddf4\ud835\uddff\ud835\uddee\ud835\uddfa\ud835\uddf2\ud835\uddff\ud835\uddee i velikih gurmana okupljena oko pop-up restorana \ud835\udde9\ud835\uddfc\ud835\uddfb \ud835\udddb\ud835\uddf2\ud835\uddff\ud835\ude07\ud835\uddfc\ud835\uddf4. U njihovoj ponudi na\u0107i \u0107e se \ud835\udde3\ud835\uddfc\ud835\uddff\ud835\uddf8 \ud835\udde5\ud835\uddf6\ud835\uddef\ud835\ude00, \ud835\udde6\ud835\uddfa\ud835\uddee\ud835\ude00\ud835\uddf5 \ud835\uddef\ud835\ude02\ud835\uddff\ud835\uddf4\ud835\uddf2\ud835\uddff\ud835\uddf6 i \ud835\udde3\ud835\ude02\ud835\uddf9\ud835\uddf9\ud835\uddf2\ud835\uddf1 \ud835\uddfd\ud835\uddfc\ud835\uddff\ud835\uddf8.<\/p>\n\n\n\n<p>8. &nbsp; &nbsp;Hajdu\u010dke vrleti<\/p>\n\n\n\n<p>Ovaj nesvakida\u0161nji restoran nalazi se u sredi\u0161tu Parka prirode Blidinje, a na Street Food Fest-u \u0107e se predstaviti sa delicijama po kojima su ina\u010de prepoznatljivi, ali koje \u0107e biti prilago\u0111ene street food varijanti! Jedva \u010dekamo!<\/p>\n\n\n\n<p>Kroz tri ve\u010deri posjetitelje \u0107e zabavljati Vojko V, Neno Belan &amp; Fiumens, Jozo Mikuli\u0107 i Ultrazvuk.<\/p>\n\n\n\n<p>Osim toga, u Lounge zoni bit \u0107e Cockta blondie buba party, Cycling Rural u sklopu West Herzegovina Adventure, Coffee corner \u2013 Barista school, Pancake &amp; IceCream corner te bogati Kids corner gdje najmla\u0111e posjetitelje o\u010dekuju brojne aktivnosti.<\/p>\n\n\n\n<p>Jedna od novosti tre\u0107eg SFF-a je nagrada Chef\u2019s choice \u2013 nagrada koju \u0107e izlaga\u010di dodijeliti onom koji je po njihovom mi\u0161ljenju ove godine najbolji.&nbsp;<\/p>\n\n\n\n<p>Vi\u0161e informacija o samom festivalu mo\u017eete prona\u0107i na slu\u017ebenim Instagram i Facebook profilima.<\/p>\n\n\n\n<p>Street Food Fest koji se odr\u017eava na Festivalskom trgu parka Sajmi\u0161te u \u0160irokom Brijegu i ove godine \u0107e okupiti tisu\u0107e posjetitelja, a ulaz je besplatan. Va\u017ena napomena \u2013 do\u0111ite gladni \u263a<\/p>\n\n\n\n<p>Izvor:pogled.ba<\/p>\n","protected":false},"excerpt":{"rendered":"<p>Za ljubitelje ukusne hrane, dobre glazbe, osvje\u017eavaju\u0107ih koktela i craft piva te sjajne atmosfere \u0160iroki Brijeg \u0107e biti nezaobilazna destinacija od 22. do 24. 7. kada po\u010dinje tre\u0107e izdanje Street Food Festa.&nbsp;Ovaj relativno mlad festival ve\u0107 se pozicionirao na mapi ljetnih doga\u0111aja u Bosni i Hercegovini koji se nikako ne smiju propustiti, a ove godine [&hellip;]<\/p>\n","protected":false},"author":2,"featured_media":154244,"comment_status":"closed","ping_status":"closed","sticky":false,"template":"","format":"standard","meta":{"h5ap_radio_sources":[],"footnotes":""},"categories":[1],"tags":[],"class_list":["post-154243","post","type-post","status-publish","format-standard","has-post-thumbnail","hentry","category-bihiregija"],"yoast_head":"<!-- This site is optimized with the Yoast SEO plugin v27.5 - https:\/\/yoast.com\/product\/yoast-seo-wordpress\/ -->\n<title>Sve je spremno za tre\u0107e izdanje najukusnijeg festivala u regiji: Street Food Fest u \u0160irokom Brijegu od 22. do 24.7. - RADIO LJUBU\u0160KI<\/title>\n<meta name=\"robots\" content=\"index, follow, max-snippet:-1, max-image-preview:large, max-video-preview:-1\" \/>\n<link rel=\"canonical\" href=\"https:\/\/radioljubuski.ba\/index.php\/2022\/06\/28\/sve-je-spremno-za-trece-izdanje-najukusnijeg-festivala-u-regiji-street-food-fest-u-sirokom-brijegu-od-22-do-24-7\/\" \/>\n<meta property=\"og:locale\" content=\"hr_HR\" \/>\n<meta property=\"og:type\" content=\"article\" \/>\n<meta property=\"og:title\" content=\"Sve je spremno za tre\u0107e izdanje najukusnijeg festivala u regiji: Street Food Fest u \u0160irokom Brijegu od 22. do 24.7. - RADIO LJUBU\u0160KI\" \/>\n<meta property=\"og:description\" content=\"Za ljubitelje ukusne hrane, dobre glazbe, osvje\u017eavaju\u0107ih koktela i craft piva te sjajne atmosfere \u0160iroki Brijeg \u0107e biti nezaobilazna destinacija od 22. do 24. 7. kada po\u010dinje tre\u0107e izdanje Street Food Festa.&nbsp;Ovaj relativno mlad festival ve\u0107 se pozicionirao na mapi ljetnih doga\u0111aja u Bosni i Hercegovini koji se nikako ne smiju propustiti, a ove godine [&hellip;]\" \/>\n<meta property=\"og:url\" content=\"https:\/\/radioljubuski.ba\/index.php\/2022\/06\/28\/sve-je-spremno-za-trece-izdanje-najukusnijeg-festivala-u-regiji-street-food-fest-u-sirokom-brijegu-od-22-do-24-7\/\" \/>\n<meta property=\"og:site_name\" content=\"RADIO LJUBU\u0160KI\" \/>\n<meta property=\"article:publisher\" content=\"https:\/\/www.facebook.com\/Radiio-Ljubuski-1490835324566332\" \/>\n<meta property=\"article:published_time\" content=\"2022-06-28T09:16:40+00:00\" \/>\n<meta property=\"article:modified_time\" content=\"2022-06-28T09:16:42+00:00\" \/>\n<meta property=\"og:image\" content=\"https:\/\/radioljubuski.ba\/wp-content\/uploads\/2022\/06\/3-2022-06-27-14-52-49-SFF_D-3.jpg\" \/>\n\t<meta property=\"og:image:width\" content=\"1000\" \/>\n\t<meta property=\"og:image:height\" content=\"625\" \/>\n\t<meta property=\"og:image:type\" content=\"image\/jpeg\" \/>\n<meta name=\"author\" content=\"Radio Ljubu\u0161ki\" \/>\n<meta name=\"twitter:card\" content=\"summary_large_image\" \/>\n<meta name=\"twitter:creator\" content=\"@radioljubuski\" \/>\n<meta name=\"twitter:site\" content=\"@radioljubuski\" \/>\n<meta name=\"twitter:label1\" content=\"Napisao\/la\" \/>\n\t<meta name=\"twitter:data1\" content=\"Radio Ljubu\u0161ki\" \/>\n\t<meta name=\"twitter:label2\" content=\"Procijenjeno vrijeme \u010ditanja\" \/>\n\t<meta name=\"twitter:data2\" content=\"3 minute\" \/>\n<script type=\"application\/ld+json\" class=\"yoast-schema-graph\">{\"@context\":\"https:\\\/\\\/schema.org\",\"@graph\":[{\"@type\":\"Article\",\"@id\":\"https:\\\/\\\/radioljubuski.ba\\\/index.php\\\/2022\\\/06\\\/28\\\/sve-je-spremno-za-trece-izdanje-najukusnijeg-festivala-u-regiji-street-food-fest-u-sirokom-brijegu-od-22-do-24-7\\\/#article\",\"isPartOf\":{\"@id\":\"https:\\\/\\\/radioljubuski.ba\\\/index.php\\\/2022\\\/06\\\/28\\\/sve-je-spremno-za-trece-izdanje-najukusnijeg-festivala-u-regiji-street-food-fest-u-sirokom-brijegu-od-22-do-24-7\\\/\"},\"author\":{\"name\":\"Radio Ljubu\u0161ki\",\"@id\":\"https:\\\/\\\/radioljubuski.ba\\\/#\\\/schema\\\/person\\\/19fc700381a780f69665d7956c469e3b\"},\"headline\":\"Sve je spremno za tre\u0107e izdanje najukusnijeg festivala u regiji: Street Food Fest u \u0160irokom Brijegu od 22. do 24.7.\",\"datePublished\":\"2022-06-28T09:16:40+00:00\",\"dateModified\":\"2022-06-28T09:16:42+00:00\",\"mainEntityOfPage\":{\"@id\":\"https:\\\/\\\/radioljubuski.ba\\\/index.php\\\/2022\\\/06\\\/28\\\/sve-je-spremno-za-trece-izdanje-najukusnijeg-festivala-u-regiji-street-food-fest-u-sirokom-brijegu-od-22-do-24-7\\\/\"},\"wordCount\":704,\"publisher\":{\"@id\":\"https:\\\/\\\/radioljubuski.ba\\\/#organization\"},\"image\":{\"@id\":\"https:\\\/\\\/radioljubuski.ba\\\/index.php\\\/2022\\\/06\\\/28\\\/sve-je-spremno-za-trece-izdanje-najukusnijeg-festivala-u-regiji-street-food-fest-u-sirokom-brijegu-od-22-do-24-7\\\/#primaryimage\"},\"thumbnailUrl\":\"https:\\\/\\\/radioljubuski.ba\\\/wp-content\\\/uploads\\\/2022\\\/06\\\/3-2022-06-27-14-52-49-SFF_D-3.jpg\",\"articleSection\":[\"BIH i regija\"],\"inLanguage\":\"hr\"},{\"@type\":\"WebPage\",\"@id\":\"https:\\\/\\\/radioljubuski.ba\\\/index.php\\\/2022\\\/06\\\/28\\\/sve-je-spremno-za-trece-izdanje-najukusnijeg-festivala-u-regiji-street-food-fest-u-sirokom-brijegu-od-22-do-24-7\\\/\",\"url\":\"https:\\\/\\\/radioljubuski.ba\\\/index.php\\\/2022\\\/06\\\/28\\\/sve-je-spremno-za-trece-izdanje-najukusnijeg-festivala-u-regiji-street-food-fest-u-sirokom-brijegu-od-22-do-24-7\\\/\",\"name\":\"Sve je spremno za tre\u0107e izdanje najukusnijeg festivala u regiji: Street Food Fest u \u0160irokom Brijegu od 22. do 24.7. - RADIO LJUBU\u0160KI\",\"isPartOf\":{\"@id\":\"https:\\\/\\\/radioljubuski.ba\\\/#website\"},\"primaryImageOfPage\":{\"@id\":\"https:\\\/\\\/radioljubuski.ba\\\/index.php\\\/2022\\\/06\\\/28\\\/sve-je-spremno-za-trece-izdanje-najukusnijeg-festivala-u-regiji-street-food-fest-u-sirokom-brijegu-od-22-do-24-7\\\/#primaryimage\"},\"image\":{\"@id\":\"https:\\\/\\\/radioljubuski.ba\\\/index.php\\\/2022\\\/06\\\/28\\\/sve-je-spremno-za-trece-izdanje-najukusnijeg-festivala-u-regiji-street-food-fest-u-sirokom-brijegu-od-22-do-24-7\\\/#primaryimage\"},\"thumbnailUrl\":\"https:\\\/\\\/radioljubuski.ba\\\/wp-content\\\/uploads\\\/2022\\\/06\\\/3-2022-06-27-14-52-49-SFF_D-3.jpg\",\"datePublished\":\"2022-06-28T09:16:40+00:00\",\"dateModified\":\"2022-06-28T09:16:42+00:00\",\"breadcrumb\":{\"@id\":\"https:\\\/\\\/radioljubuski.ba\\\/index.php\\\/2022\\\/06\\\/28\\\/sve-je-spremno-za-trece-izdanje-najukusnijeg-festivala-u-regiji-street-food-fest-u-sirokom-brijegu-od-22-do-24-7\\\/#breadcrumb\"},\"inLanguage\":\"hr\",\"potentialAction\":[{\"@type\":\"ReadAction\",\"target\":[\"https:\\\/\\\/radioljubuski.ba\\\/index.php\\\/2022\\\/06\\\/28\\\/sve-je-spremno-za-trece-izdanje-najukusnijeg-festivala-u-regiji-street-food-fest-u-sirokom-brijegu-od-22-do-24-7\\\/\"]}]},{\"@type\":\"ImageObject\",\"inLanguage\":\"hr\",\"@id\":\"https:\\\/\\\/radioljubuski.ba\\\/index.php\\\/2022\\\/06\\\/28\\\/sve-je-spremno-za-trece-izdanje-najukusnijeg-festivala-u-regiji-street-food-fest-u-sirokom-brijegu-od-22-do-24-7\\\/#primaryimage\",\"url\":\"https:\\\/\\\/radioljubuski.ba\\\/wp-content\\\/uploads\\\/2022\\\/06\\\/3-2022-06-27-14-52-49-SFF_D-3.jpg\",\"contentUrl\":\"https:\\\/\\\/radioljubuski.ba\\\/wp-content\\\/uploads\\\/2022\\\/06\\\/3-2022-06-27-14-52-49-SFF_D-3.jpg\",\"width\":1000,\"height\":625},{\"@type\":\"BreadcrumbList\",\"@id\":\"https:\\\/\\\/radioljubuski.ba\\\/index.php\\\/2022\\\/06\\\/28\\\/sve-je-spremno-za-trece-izdanje-najukusnijeg-festivala-u-regiji-street-food-fest-u-sirokom-brijegu-od-22-do-24-7\\\/#breadcrumb\",\"itemListElement\":[{\"@type\":\"ListItem\",\"position\":1,\"name\":\"Po\u010detna stranica\",\"item\":\"https:\\\/\\\/radioljubuski.ba\\\/\"},{\"@type\":\"ListItem\",\"position\":2,\"name\":\"Sve je spremno za tre\u0107e izdanje najukusnijeg festivala u regiji: Street Food Fest u \u0160irokom Brijegu od 22. do 24.7.\"}]},{\"@type\":\"WebSite\",\"@id\":\"https:\\\/\\\/radioljubuski.ba\\\/#website\",\"url\":\"https:\\\/\\\/radioljubuski.ba\\\/\",\"name\":\"Radio Ljubu\u0161ki\",\"description\":\"Sun\u010dana frekvencija Hercegovine\",\"publisher\":{\"@id\":\"https:\\\/\\\/radioljubuski.ba\\\/#organization\"},\"potentialAction\":[{\"@type\":\"SearchAction\",\"target\":{\"@type\":\"EntryPoint\",\"urlTemplate\":\"https:\\\/\\\/radioljubuski.ba\\\/?s={search_term_string}\"},\"query-input\":{\"@type\":\"PropertyValueSpecification\",\"valueRequired\":true,\"valueName\":\"search_term_string\"}}],\"inLanguage\":\"hr\"},{\"@type\":\"Organization\",\"@id\":\"https:\\\/\\\/radioljubuski.ba\\\/#organization\",\"name\":\"Radio Ljubu\u0161ki\",\"url\":\"https:\\\/\\\/radioljubuski.ba\\\/\",\"logo\":{\"@type\":\"ImageObject\",\"inLanguage\":\"hr\",\"@id\":\"https:\\\/\\\/radioljubuski.ba\\\/#\\\/schema\\\/logo\\\/image\\\/\",\"url\":\"https:\\\/\\\/radioljubuski.ba\\\/wp-content\\\/uploads\\\/2021\\\/02\\\/cropped-Radio_Ljubuski_logo1.jpg\",\"contentUrl\":\"https:\\\/\\\/radioljubuski.ba\\\/wp-content\\\/uploads\\\/2021\\\/02\\\/cropped-Radio_Ljubuski_logo1.jpg\",\"width\":512,\"height\":512,\"caption\":\"Radio Ljubu\u0161ki\"},\"image\":{\"@id\":\"https:\\\/\\\/radioljubuski.ba\\\/#\\\/schema\\\/logo\\\/image\\\/\"},\"sameAs\":[\"https:\\\/\\\/www.facebook.com\\\/Radiio-Ljubuski-1490835324566332\",\"https:\\\/\\\/x.com\\\/radioljubuski\",\"https:\\\/\\\/hr.linkedin.com\\\/company\\\/radio-ljubuski\",\"https:\\\/\\\/www.youtube.com\\\/channel\\\/UCHYaeO_n0Db3tjNGudGpXyw\"]},{\"@type\":\"Person\",\"@id\":\"https:\\\/\\\/radioljubuski.ba\\\/#\\\/schema\\\/person\\\/19fc700381a780f69665d7956c469e3b\",\"name\":\"Radio Ljubu\u0161ki\"}]}<\/script>\n<!-- \/ Yoast SEO plugin. -->","yoast_head_json":{"title":"Sve je spremno za tre\u0107e izdanje najukusnijeg festivala u regiji: Street Food Fest u \u0160irokom Brijegu od 22. do 24.7. - RADIO LJUBU\u0160KI","robots":{"index":"index","follow":"follow","max-snippet":"max-snippet:-1","max-image-preview":"max-image-preview:large","max-video-preview":"max-video-preview:-1"},"canonical":"https:\/\/radioljubuski.ba\/index.php\/2022\/06\/28\/sve-je-spremno-za-trece-izdanje-najukusnijeg-festivala-u-regiji-street-food-fest-u-sirokom-brijegu-od-22-do-24-7\/","og_locale":"hr_HR","og_type":"article","og_title":"Sve je spremno za tre\u0107e izdanje najukusnijeg festivala u regiji: Street Food Fest u \u0160irokom Brijegu od 22. do 24.7. - RADIO LJUBU\u0160KI","og_description":"Za ljubitelje ukusne hrane, dobre glazbe, osvje\u017eavaju\u0107ih koktela i craft piva te sjajne atmosfere \u0160iroki Brijeg \u0107e biti nezaobilazna destinacija od 22. do 24. 7. kada po\u010dinje tre\u0107e izdanje Street Food Festa.&nbsp;Ovaj relativno mlad festival ve\u0107 se pozicionirao na mapi ljetnih doga\u0111aja u Bosni i Hercegovini koji se nikako ne smiju propustiti, a ove godine [&hellip;]","og_url":"https:\/\/radioljubuski.ba\/index.php\/2022\/06\/28\/sve-je-spremno-za-trece-izdanje-najukusnijeg-festivala-u-regiji-street-food-fest-u-sirokom-brijegu-od-22-do-24-7\/","og_site_name":"RADIO LJUBU\u0160KI","article_publisher":"https:\/\/www.facebook.com\/Radiio-Ljubuski-1490835324566332","article_published_time":"2022-06-28T09:16:40+00:00","article_modified_time":"2022-06-28T09:16:42+00:00","og_image":[{"width":1000,"height":625,"url":"https:\/\/radioljubuski.ba\/wp-content\/uploads\/2022\/06\/3-2022-06-27-14-52-49-SFF_D-3.jpg","type":"image\/jpeg"}],"author":"Radio Ljubu\u0161ki","twitter_card":"summary_large_image","twitter_creator":"@radioljubuski","twitter_site":"@radioljubuski","twitter_misc":{"Napisao\/la":"Radio Ljubu\u0161ki","Procijenjeno vrijeme \u010ditanja":"3 minute"},"schema":{"@context":"https:\/\/schema.org","@graph":[{"@type":"Article","@id":"https:\/\/radioljubuski.ba\/index.php\/2022\/06\/28\/sve-je-spremno-za-trece-izdanje-najukusnijeg-festivala-u-regiji-street-food-fest-u-sirokom-brijegu-od-22-do-24-7\/#article","isPartOf":{"@id":"https:\/\/radioljubuski.ba\/index.php\/2022\/06\/28\/sve-je-spremno-za-trece-izdanje-najukusnijeg-festivala-u-regiji-street-food-fest-u-sirokom-brijegu-od-22-do-24-7\/"},"author":{"name":"Radio Ljubu\u0161ki","@id":"https:\/\/radioljubuski.ba\/#\/schema\/person\/19fc700381a780f69665d7956c469e3b"},"headline":"Sve je spremno za tre\u0107e izdanje najukusnijeg festivala u regiji: Street Food Fest u \u0160irokom Brijegu od 22. do 24.7.","datePublished":"2022-06-28T09:16:40+00:00","dateModified":"2022-06-28T09:16:42+00:00","mainEntityOfPage":{"@id":"https:\/\/radioljubuski.ba\/index.php\/2022\/06\/28\/sve-je-spremno-za-trece-izdanje-najukusnijeg-festivala-u-regiji-street-food-fest-u-sirokom-brijegu-od-22-do-24-7\/"},"wordCount":704,"publisher":{"@id":"https:\/\/radioljubuski.ba\/#organization"},"image":{"@id":"https:\/\/radioljubuski.ba\/index.php\/2022\/06\/28\/sve-je-spremno-za-trece-izdanje-najukusnijeg-festivala-u-regiji-street-food-fest-u-sirokom-brijegu-od-22-do-24-7\/#primaryimage"},"thumbnailUrl":"https:\/\/radioljubuski.ba\/wp-content\/uploads\/2022\/06\/3-2022-06-27-14-52-49-SFF_D-3.jpg","articleSection":["BIH i regija"],"inLanguage":"hr"},{"@type":"WebPage","@id":"https:\/\/radioljubuski.ba\/index.php\/2022\/06\/28\/sve-je-spremno-za-trece-izdanje-najukusnijeg-festivala-u-regiji-street-food-fest-u-sirokom-brijegu-od-22-do-24-7\/","url":"https:\/\/radioljubuski.ba\/index.php\/2022\/06\/28\/sve-je-spremno-za-trece-izdanje-najukusnijeg-festivala-u-regiji-street-food-fest-u-sirokom-brijegu-od-22-do-24-7\/","name":"Sve je spremno za tre\u0107e izdanje najukusnijeg festivala u regiji: Street Food Fest u \u0160irokom Brijegu od 22. do 24.7. - RADIO LJUBU\u0160KI","isPartOf":{"@id":"https:\/\/radioljubuski.ba\/#website"},"primaryImageOfPage":{"@id":"https:\/\/radioljubuski.ba\/index.php\/2022\/06\/28\/sve-je-spremno-za-trece-izdanje-najukusnijeg-festivala-u-regiji-street-food-fest-u-sirokom-brijegu-od-22-do-24-7\/#primaryimage"},"image":{"@id":"https:\/\/radioljubuski.ba\/index.php\/2022\/06\/28\/sve-je-spremno-za-trece-izdanje-najukusnijeg-festivala-u-regiji-street-food-fest-u-sirokom-brijegu-od-22-do-24-7\/#primaryimage"},"thumbnailUrl":"https:\/\/radioljubuski.ba\/wp-content\/uploads\/2022\/06\/3-2022-06-27-14-52-49-SFF_D-3.jpg","datePublished":"2022-06-28T09:16:40+00:00","dateModified":"2022-06-28T09:16:42+00:00","breadcrumb":{"@id":"https:\/\/radioljubuski.ba\/index.php\/2022\/06\/28\/sve-je-spremno-za-trece-izdanje-najukusnijeg-festivala-u-regiji-street-food-fest-u-sirokom-brijegu-od-22-do-24-7\/#breadcrumb"},"inLanguage":"hr","potentialAction":[{"@type":"ReadAction","target":["https:\/\/radioljubuski.ba\/index.php\/2022\/06\/28\/sve-je-spremno-za-trece-izdanje-najukusnijeg-festivala-u-regiji-street-food-fest-u-sirokom-brijegu-od-22-do-24-7\/"]}]},{"@type":"ImageObject","inLanguage":"hr","@id":"https:\/\/radioljubuski.ba\/index.php\/2022\/06\/28\/sve-je-spremno-za-trece-izdanje-najukusnijeg-festivala-u-regiji-street-food-fest-u-sirokom-brijegu-od-22-do-24-7\/#primaryimage","url":"https:\/\/radioljubuski.ba\/wp-content\/uploads\/2022\/06\/3-2022-06-27-14-52-49-SFF_D-3.jpg","contentUrl":"https:\/\/radioljubuski.ba\/wp-content\/uploads\/2022\/06\/3-2022-06-27-14-52-49-SFF_D-3.jpg","width":1000,"height":625},{"@type":"BreadcrumbList","@id":"https:\/\/radioljubuski.ba\/index.php\/2022\/06\/28\/sve-je-spremno-za-trece-izdanje-najukusnijeg-festivala-u-regiji-street-food-fest-u-sirokom-brijegu-od-22-do-24-7\/#breadcrumb","itemListElement":[{"@type":"ListItem","position":1,"name":"Po\u010detna stranica","item":"https:\/\/radioljubuski.ba\/"},{"@type":"ListItem","position":2,"name":"Sve je spremno za tre\u0107e izdanje najukusnijeg festivala u regiji: Street Food Fest u \u0160irokom Brijegu od 22. do 24.7."}]},{"@type":"WebSite","@id":"https:\/\/radioljubuski.ba\/#website","url":"https:\/\/radioljubuski.ba\/","name":"Radio Ljubu\u0161ki","description":"Sun\u010dana frekvencija Hercegovine","publisher":{"@id":"https:\/\/radioljubuski.ba\/#organization"},"potentialAction":[{"@type":"SearchAction","target":{"@type":"EntryPoint","urlTemplate":"https:\/\/radioljubuski.ba\/?s={search_term_string}"},"query-input":{"@type":"PropertyValueSpecification","valueRequired":true,"valueName":"search_term_string"}}],"inLanguage":"hr"},{"@type":"Organization","@id":"https:\/\/radioljubuski.ba\/#organization","name":"Radio Ljubu\u0161ki","url":"https:\/\/radioljubuski.ba\/","logo":{"@type":"ImageObject","inLanguage":"hr","@id":"https:\/\/radioljubuski.ba\/#\/schema\/logo\/image\/","url":"https:\/\/radioljubuski.ba\/wp-content\/uploads\/2021\/02\/cropped-Radio_Ljubuski_logo1.jpg","contentUrl":"https:\/\/radioljubuski.ba\/wp-content\/uploads\/2021\/02\/cropped-Radio_Ljubuski_logo1.jpg","width":512,"height":512,"caption":"Radio Ljubu\u0161ki"},"image":{"@id":"https:\/\/radioljubuski.ba\/#\/schema\/logo\/image\/"},"sameAs":["https:\/\/www.facebook.com\/Radiio-Ljubuski-1490835324566332","https:\/\/x.com\/radioljubuski","https:\/\/hr.linkedin.com\/company\/radio-ljubuski","https:\/\/www.youtube.com\/channel\/UCHYaeO_n0Db3tjNGudGpXyw"]},{"@type":"Person","@id":"https:\/\/radioljubuski.ba\/#\/schema\/person\/19fc700381a780f69665d7956c469e3b","name":"Radio Ljubu\u0161ki"}]}},"_links":{"self":[{"href":"https:\/\/radioljubuski.ba\/index.php\/wp-json\/wp\/v2\/posts\/154243","targetHints":{"allow":["GET"]}}],"collection":[{"href":"https:\/\/radioljubuski.ba\/index.php\/wp-json\/wp\/v2\/posts"}],"about":[{"href":"https:\/\/radioljubuski.ba\/index.php\/wp-json\/wp\/v2\/types\/post"}],"author":[{"embeddable":true,"href":"https:\/\/radioljubuski.ba\/index.php\/wp-json\/wp\/v2\/users\/2"}],"replies":[{"embeddable":true,"href":"https:\/\/radioljubuski.ba\/index.php\/wp-json\/wp\/v2\/comments?post=154243"}],"version-history":[{"count":1,"href":"https:\/\/radioljubuski.ba\/index.php\/wp-json\/wp\/v2\/posts\/154243\/revisions"}],"predecessor-version":[{"id":154245,"href":"https:\/\/radioljubuski.ba\/index.php\/wp-json\/wp\/v2\/posts\/154243\/revisions\/154245"}],"wp:featuredmedia":[{"embeddable":true,"href":"https:\/\/radioljubuski.ba\/index.php\/wp-json\/wp\/v2\/media\/154244"}],"wp:attachment":[{"href":"https:\/\/radioljubuski.ba\/index.php\/wp-json\/wp\/v2\/media?parent=154243"}],"wp:term":[{"taxonomy":"category","embeddable":true,"href":"https:\/\/radioljubuski.ba\/index.php\/wp-json\/wp\/v2\/categories?post=154243"},{"taxonomy":"post_tag","embeddable":true,"href":"https:\/\/radioljubuski.ba\/index.php\/wp-json\/wp\/v2\/tags?post=154243"}],"curies":[{"name":"wp","href":"https:\/\/api.w.org\/{rel}","templated":true}]}}