{"id":15426,"date":"2021-04-22T19:09:48","date_gmt":"2021-04-22T18:09:48","guid":{"rendered":"https:\/\/radioljubuski.ba\/?p=15426"},"modified":"2021-04-22T19:09:49","modified_gmt":"2021-04-22T18:09:49","slug":"udruzili-su-se-kako-bi-krijumcarili-cigarete-iz-bih-u-hrvatsku-medu-njima-je-bio-i-policajac","status":"publish","type":"post","link":"https:\/\/radioljubuski.ba\/index.php\/2021\/04\/22\/udruzili-su-se-kako-bi-krijumcarili-cigarete-iz-bih-u-hrvatsku-medu-njima-je-bio-i-policajac\/","title":{"rendered":"Udru\u017eili su se kako bi krijum\u010darili cigarete iz BiH u Hrvatsku, me\u0111u njima je bio i policajac"},"content":{"rendered":"\n<p>Policija je objavila detalje istrage u kojoj opisuju kako se 59-godi\u0161njak udru\u017eio s drugima, me\u0111u kojima je i policajac, s ciljem krijum\u010darenja cigareta u Hrvatsku. \u0160teta koju su napravili dr\u017eavi iznosi najmanje 464 tisu\u0107e kuna. &nbsp;<\/p>\n\n\n\n<p>Priop\u0107enje prenosimo u cijelosti. &nbsp;<\/p>\n\n\n\n<p>&#8220;Dovr\u0161eno je kriminalisti\u010dko istra\u017eivanje nad sedmoricom hrvatskih dr\u017eavljana starosti 59, 35, 52, 54, 64, 23 i 23 godine, od kojih dvojica imaju i dr\u017eavljanstvo Republike Bosne i Hercegovine, dok je 35-godi\u0161njak policijski slu\u017ebenik PU dubrova\u010dko-neretvanske. &nbsp;Sumnja se da je osumnji\u010deni 59-godi\u0161njak po\u010dinio kazneno zlo\u010dina\u010dkog udru\u017eenja, kao i vi\u0161e kaznenih djela izbjegavanja carinskog nadzora, u svezi s kaznenim djelom po\u010dinjenje kaznenog djela u sastavu zlo\u010dina\u010dkog udru\u017eenja, kao i vi\u0161e kaznenih djela nedozvoljene trgovine u svezi s kaznenim djelom po\u010dinjenje kaznenog djela u sastavu zlo\u010dina\u010dkog udru\u017eenja. Tako\u0111er, postoji sumnja da je osumnji\u010deni policijski slu\u017ebenik po\u010dinio kaznena djela protiv javnog reda \u2013 po\u010dinjenje kaznenog djela izbjegavanje carinskog nadzora u sastavu zlo\u010dina\u010dkog udru\u017eenja, kaznena djela nedozvoljene trgovine, dok se za 52-godi\u0161njaka i 64-godi\u0161njaka sumnja da su po\u010dinili kazneno djelo protiv javnog reda \u2013 po\u010dinjenje produljenog kaznenog djela nedozvoljene trgovine u sastavu zlo\u010dina\u010dkog udru\u017eenja, a za 54-godi\u0161njaka i dvojicu 23-godi\u0161njaka da su po\u010dinili kaznena djela protiv javnog reda \u2013 pomaganje u po\u010dinjenju kaznenih djela nedozvoljene trgovine u sastavu zlo\u010dina\u010dkog udru\u017eenja. &nbsp;<\/p>\n\n\n\n<p>Tijekom provedenog kriminalisti\u010dkog istra\u017eivanja utvr\u0111ena je sumnja da je 59-godi\u0161njak od sije\u010dnja do travnja 2021. na podru\u010dju Dubrova\u010dko &#8211; neretvanske \u017eupanije te grada Makarske i Zagreba, protivno Zakonu o tro\u0161arinama te protivno Zakonu o provedbi carinskog zakonodavstva Europske unije, u nakani pribavljanja nepripadaju\u0107e materijalne koristi, po prethodnom planu i dogovoru organizirao i u zajedni\u010dko djelovanje povezao druge osumnji\u010dene i jo\u0161 jednog zasad nepoznatog mu\u0161karca, s to\u010dno odre\u0111enim zadu\u017eenjima i ulogama radi kupovine i prijevoza velikih koli\u010dina cigareta iz Bosne i Hercegovine te njihove daljnje prodaje na ilegalnom tr\u017ei\u0161tu Hrvatske.<\/p>\n\n\n\n<p>U okviru podjele uloga, osumnji\u010deni 59-godi\u0161njak je od zasad nepoznatog dobavlja\u010da u Bosni i Hercegovini nabavljao ve\u0107e koli\u010dine cigareta, koje je dobavlja\u010d dovozio i na podru\u010dju BIH predavao policijskog slu\u017ebenika, koji je cigarete prepakiravao i sakrivao u svom osobnom automobilu te, uz neposrednu pratnju 59-godi\u0161njaka, potom krijum\u010dario preko grani\u010dnih prijelaza izme\u0111u Bosne i Hercegovine i Hrvatske na podru\u010dju Metkovi\u0107a i u kona\u010dnici dovozio na podru\u010dje Makarske. Sumnja se da je tu cigarete, &nbsp;radi skladi\u0161tenja, prepakiranja i pripreme za daljnji transport, preuzimao 52-godi\u0161njak, koji ih je potom tako\u0111er po uputi 59-godi\u0161njaka skrivao i prepakirao u putne torbe i kov\u010dege radi daljnjeg transporta u Zagreb. Nakon pakiranja cigareta, uz pomo\u0107 dvojice 23-godi\u0161njaka, cigarete je predavao 64-godi\u0161njem voza\u010du autobusa, koji je u dogovoru sa 54-godi\u0161njakom i 59-godi\u0161njakom cigarete prevozio u Zagreb. Tako\u0111er je utvr\u0111ena sumnja da je policijski slu\u017ebenik, nakon krijum\u010darenja preko dr\u017eavne granice, prema uputama i uz neposrednu pratnju 59-godi\u0161njaka, cigarete prevozio i do Zagreba, gdje ih je skladi\u0161tio u Zagrebu na adresi 59-godi\u0161njaka, a kako bi ih 59-godinjak mogao dalje preprodati.<\/p>\n\n\n\n<p>Osumnji\u010deni su tijekom \u010detiri mjeseca u najmanje 23 navrata na opisani na\u010din prokrijum\u010darili najmanje 116 kartonskih pakiranja tzv. \u201ebaksi\u201c cigareta razli\u010ditih marki te ih preprodavali na podru\u010dju Zagreba i Makarske. Time je osumnji\u010deni 59-godi\u0161njak stekao nepripadnu materijalnu korist od najmanje 730.000,00 kuna, dok su 35-godi\u0161nji policijski slu\u017ebenik, te 52-godi\u0161njak i 54-godi\u0161njak protupravno stekli svaki najmanje 50.000,00 kuna dok je osumnji\u010deni 59-godi\u0161njak nepoznatoj osobi iz Bosne i Hercegovine isplatio najmanje 652.500,00 kuna&#8221;, navodi policija. &nbsp;Dr\u017eavnom hrvatskom prora\u010dunu pri\u010dinjena je materijalna \u0161teta od najmanje 464 tisu\u0107e kuna.<\/p>\n\n\n\n<p>Nakon provedenog kriminalisti\u010dkog istra\u017eivanja osumnji\u010deni su, uz kaznenu Uredu za suzbijanje korupcije i organiziranog kriminaliteta, predani pritvorskom nadzorniku. Osumnji\u010deni policijski slu\u017ebenik s dana\u0161njim danom udaljen je iz slu\u017ebe te \u0107e protiv njega biti pokrenut disciplinski postupak.<\/p>\n\n\n\n<p>Izvor:pogled.ba<\/p>\n","protected":false},"excerpt":{"rendered":"<p>Policija je objavila detalje istrage u kojoj opisuju kako se 59-godi\u0161njak udru\u017eio s drugima, me\u0111u kojima je i policajac, s ciljem krijum\u010darenja cigareta u Hrvatsku. \u0160teta koju su napravili dr\u017eavi iznosi najmanje 464 tisu\u0107e kuna. &nbsp; Priop\u0107enje prenosimo u cijelosti. &nbsp; &#8220;Dovr\u0161eno je kriminalisti\u010dko istra\u017eivanje nad sedmoricom hrvatskih dr\u017eavljana starosti 59, 35, 52, 54, 64, [&hellip;]<\/p>\n","protected":false},"author":2,"featured_media":15427,"comment_status":"closed","ping_status":"closed","sticky":false,"template":"","format":"standard","meta":{"h5ap_radio_sources":[],"footnotes":""},"categories":[1],"tags":[],"class_list":["post-15426","post","type-post","status-publish","format-standard","has-post-thumbnail","hentry","category-bihiregija"],"yoast_head":"<!-- This site is optimized with the Yoast SEO plugin v27.5 - https:\/\/yoast.com\/product\/yoast-seo-wordpress\/ -->\n<title>Udru\u017eili su se kako bi krijum\u010darili cigarete iz BiH u Hrvatsku, me\u0111u njima je bio i policajac - RADIO LJUBU\u0160KI<\/title>\n<meta name=\"robots\" content=\"index, follow, max-snippet:-1, max-image-preview:large, max-video-preview:-1\" \/>\n<link rel=\"canonical\" href=\"https:\/\/radioljubuski.ba\/index.php\/2021\/04\/22\/udruzili-su-se-kako-bi-krijumcarili-cigarete-iz-bih-u-hrvatsku-medu-njima-je-bio-i-policajac\/\" \/>\n<meta property=\"og:locale\" content=\"hr_HR\" \/>\n<meta property=\"og:type\" content=\"article\" \/>\n<meta property=\"og:title\" content=\"Udru\u017eili su se kako bi krijum\u010darili cigarete iz BiH u Hrvatsku, me\u0111u njima je bio i policajac - RADIO LJUBU\u0160KI\" \/>\n<meta property=\"og:description\" content=\"Policija je objavila detalje istrage u kojoj opisuju kako se 59-godi\u0161njak udru\u017eio s drugima, me\u0111u kojima je i policajac, s ciljem krijum\u010darenja cigareta u Hrvatsku. \u0160teta koju su napravili dr\u017eavi iznosi najmanje 464 tisu\u0107e kuna. &nbsp; Priop\u0107enje prenosimo u cijelosti. &nbsp; &#8220;Dovr\u0161eno je kriminalisti\u010dko istra\u017eivanje nad sedmoricom hrvatskih dr\u017eavljana starosti 59, 35, 52, 54, 64, [&hellip;]\" \/>\n<meta property=\"og:url\" content=\"https:\/\/radioljubuski.ba\/index.php\/2021\/04\/22\/udruzili-su-se-kako-bi-krijumcarili-cigarete-iz-bih-u-hrvatsku-medu-njima-je-bio-i-policajac\/\" \/>\n<meta property=\"og:site_name\" content=\"RADIO LJUBU\u0160KI\" \/>\n<meta property=\"article:publisher\" content=\"https:\/\/www.facebook.com\/Radiio-Ljubuski-1490835324566332\" \/>\n<meta property=\"article:published_time\" content=\"2021-04-22T18:09:48+00:00\" \/>\n<meta property=\"article:modified_time\" content=\"2021-04-22T18:09:49+00:00\" \/>\n<meta property=\"og:image\" content=\"https:\/\/radioljubuski.ba\/wp-content\/uploads\/2021\/04\/9-2021-04-22-18-59-44-vs.png\" \/>\n\t<meta property=\"og:image:width\" content=\"1000\" \/>\n\t<meta property=\"og:image:height\" content=\"625\" \/>\n\t<meta property=\"og:image:type\" content=\"image\/png\" \/>\n<meta name=\"author\" content=\"Radio Ljubu\u0161ki\" \/>\n<meta name=\"twitter:card\" content=\"summary_large_image\" \/>\n<meta name=\"twitter:creator\" content=\"@radioljubuski\" \/>\n<meta name=\"twitter:site\" content=\"@radioljubuski\" \/>\n<meta name=\"twitter:label1\" content=\"Napisao\/la\" \/>\n\t<meta name=\"twitter:data1\" content=\"Radio Ljubu\u0161ki\" \/>\n\t<meta name=\"twitter:label2\" content=\"Procijenjeno vrijeme \u010ditanja\" \/>\n\t<meta name=\"twitter:data2\" content=\"3 minute\" \/>\n<script type=\"application\/ld+json\" class=\"yoast-schema-graph\">{\"@context\":\"https:\\\/\\\/schema.org\",\"@graph\":[{\"@type\":\"Article\",\"@id\":\"https:\\\/\\\/radioljubuski.ba\\\/index.php\\\/2021\\\/04\\\/22\\\/udruzili-su-se-kako-bi-krijumcarili-cigarete-iz-bih-u-hrvatsku-medu-njima-je-bio-i-policajac\\\/#article\",\"isPartOf\":{\"@id\":\"https:\\\/\\\/radioljubuski.ba\\\/index.php\\\/2021\\\/04\\\/22\\\/udruzili-su-se-kako-bi-krijumcarili-cigarete-iz-bih-u-hrvatsku-medu-njima-je-bio-i-policajac\\\/\"},\"author\":{\"name\":\"Radio Ljubu\u0161ki\",\"@id\":\"https:\\\/\\\/radioljubuski.ba\\\/#\\\/schema\\\/person\\\/19fc700381a780f69665d7956c469e3b\"},\"headline\":\"Udru\u017eili su se kako bi krijum\u010darili cigarete iz BiH u Hrvatsku, me\u0111u njima je bio i policajac\",\"datePublished\":\"2021-04-22T18:09:48+00:00\",\"dateModified\":\"2021-04-22T18:09:49+00:00\",\"mainEntityOfPage\":{\"@id\":\"https:\\\/\\\/radioljubuski.ba\\\/index.php\\\/2021\\\/04\\\/22\\\/udruzili-su-se-kako-bi-krijumcarili-cigarete-iz-bih-u-hrvatsku-medu-njima-je-bio-i-policajac\\\/\"},\"wordCount\":723,\"publisher\":{\"@id\":\"https:\\\/\\\/radioljubuski.ba\\\/#organization\"},\"image\":{\"@id\":\"https:\\\/\\\/radioljubuski.ba\\\/index.php\\\/2021\\\/04\\\/22\\\/udruzili-su-se-kako-bi-krijumcarili-cigarete-iz-bih-u-hrvatsku-medu-njima-je-bio-i-policajac\\\/#primaryimage\"},\"thumbnailUrl\":\"https:\\\/\\\/radioljubuski.ba\\\/wp-content\\\/uploads\\\/2021\\\/04\\\/9-2021-04-22-18-59-44-vs.png\",\"articleSection\":[\"BIH i regija\"],\"inLanguage\":\"hr\"},{\"@type\":\"WebPage\",\"@id\":\"https:\\\/\\\/radioljubuski.ba\\\/index.php\\\/2021\\\/04\\\/22\\\/udruzili-su-se-kako-bi-krijumcarili-cigarete-iz-bih-u-hrvatsku-medu-njima-je-bio-i-policajac\\\/\",\"url\":\"https:\\\/\\\/radioljubuski.ba\\\/index.php\\\/2021\\\/04\\\/22\\\/udruzili-su-se-kako-bi-krijumcarili-cigarete-iz-bih-u-hrvatsku-medu-njima-je-bio-i-policajac\\\/\",\"name\":\"Udru\u017eili su se kako bi krijum\u010darili cigarete iz BiH u Hrvatsku, me\u0111u njima je bio i policajac - RADIO LJUBU\u0160KI\",\"isPartOf\":{\"@id\":\"https:\\\/\\\/radioljubuski.ba\\\/#website\"},\"primaryImageOfPage\":{\"@id\":\"https:\\\/\\\/radioljubuski.ba\\\/index.php\\\/2021\\\/04\\\/22\\\/udruzili-su-se-kako-bi-krijumcarili-cigarete-iz-bih-u-hrvatsku-medu-njima-je-bio-i-policajac\\\/#primaryimage\"},\"image\":{\"@id\":\"https:\\\/\\\/radioljubuski.ba\\\/index.php\\\/2021\\\/04\\\/22\\\/udruzili-su-se-kako-bi-krijumcarili-cigarete-iz-bih-u-hrvatsku-medu-njima-je-bio-i-policajac\\\/#primaryimage\"},\"thumbnailUrl\":\"https:\\\/\\\/radioljubuski.ba\\\/wp-content\\\/uploads\\\/2021\\\/04\\\/9-2021-04-22-18-59-44-vs.png\",\"datePublished\":\"2021-04-22T18:09:48+00:00\",\"dateModified\":\"2021-04-22T18:09:49+00:00\",\"breadcrumb\":{\"@id\":\"https:\\\/\\\/radioljubuski.ba\\\/index.php\\\/2021\\\/04\\\/22\\\/udruzili-su-se-kako-bi-krijumcarili-cigarete-iz-bih-u-hrvatsku-medu-njima-je-bio-i-policajac\\\/#breadcrumb\"},\"inLanguage\":\"hr\",\"potentialAction\":[{\"@type\":\"ReadAction\",\"target\":[\"https:\\\/\\\/radioljubuski.ba\\\/index.php\\\/2021\\\/04\\\/22\\\/udruzili-su-se-kako-bi-krijumcarili-cigarete-iz-bih-u-hrvatsku-medu-njima-je-bio-i-policajac\\\/\"]}]},{\"@type\":\"ImageObject\",\"inLanguage\":\"hr\",\"@id\":\"https:\\\/\\\/radioljubuski.ba\\\/index.php\\\/2021\\\/04\\\/22\\\/udruzili-su-se-kako-bi-krijumcarili-cigarete-iz-bih-u-hrvatsku-medu-njima-je-bio-i-policajac\\\/#primaryimage\",\"url\":\"https:\\\/\\\/radioljubuski.ba\\\/wp-content\\\/uploads\\\/2021\\\/04\\\/9-2021-04-22-18-59-44-vs.png\",\"contentUrl\":\"https:\\\/\\\/radioljubuski.ba\\\/wp-content\\\/uploads\\\/2021\\\/04\\\/9-2021-04-22-18-59-44-vs.png\",\"width\":1000,\"height\":625},{\"@type\":\"BreadcrumbList\",\"@id\":\"https:\\\/\\\/radioljubuski.ba\\\/index.php\\\/2021\\\/04\\\/22\\\/udruzili-su-se-kako-bi-krijumcarili-cigarete-iz-bih-u-hrvatsku-medu-njima-je-bio-i-policajac\\\/#breadcrumb\",\"itemListElement\":[{\"@type\":\"ListItem\",\"position\":1,\"name\":\"Po\u010detna stranica\",\"item\":\"https:\\\/\\\/radioljubuski.ba\\\/\"},{\"@type\":\"ListItem\",\"position\":2,\"name\":\"Udru\u017eili su se kako bi krijum\u010darili cigarete iz BiH u Hrvatsku, me\u0111u njima je bio i policajac\"}]},{\"@type\":\"WebSite\",\"@id\":\"https:\\\/\\\/radioljubuski.ba\\\/#website\",\"url\":\"https:\\\/\\\/radioljubuski.ba\\\/\",\"name\":\"Radio Ljubu\u0161ki\",\"description\":\"Sun\u010dana frekvencija Hercegovine\",\"publisher\":{\"@id\":\"https:\\\/\\\/radioljubuski.ba\\\/#organization\"},\"potentialAction\":[{\"@type\":\"SearchAction\",\"target\":{\"@type\":\"EntryPoint\",\"urlTemplate\":\"https:\\\/\\\/radioljubuski.ba\\\/?s={search_term_string}\"},\"query-input\":{\"@type\":\"PropertyValueSpecification\",\"valueRequired\":true,\"valueName\":\"search_term_string\"}}],\"inLanguage\":\"hr\"},{\"@type\":\"Organization\",\"@id\":\"https:\\\/\\\/radioljubuski.ba\\\/#organization\",\"name\":\"Radio Ljubu\u0161ki\",\"url\":\"https:\\\/\\\/radioljubuski.ba\\\/\",\"logo\":{\"@type\":\"ImageObject\",\"inLanguage\":\"hr\",\"@id\":\"https:\\\/\\\/radioljubuski.ba\\\/#\\\/schema\\\/logo\\\/image\\\/\",\"url\":\"https:\\\/\\\/radioljubuski.ba\\\/wp-content\\\/uploads\\\/2021\\\/02\\\/cropped-Radio_Ljubuski_logo1.jpg\",\"contentUrl\":\"https:\\\/\\\/radioljubuski.ba\\\/wp-content\\\/uploads\\\/2021\\\/02\\\/cropped-Radio_Ljubuski_logo1.jpg\",\"width\":512,\"height\":512,\"caption\":\"Radio Ljubu\u0161ki\"},\"image\":{\"@id\":\"https:\\\/\\\/radioljubuski.ba\\\/#\\\/schema\\\/logo\\\/image\\\/\"},\"sameAs\":[\"https:\\\/\\\/www.facebook.com\\\/Radiio-Ljubuski-1490835324566332\",\"https:\\\/\\\/x.com\\\/radioljubuski\",\"https:\\\/\\\/hr.linkedin.com\\\/company\\\/radio-ljubuski\",\"https:\\\/\\\/www.youtube.com\\\/channel\\\/UCHYaeO_n0Db3tjNGudGpXyw\"]},{\"@type\":\"Person\",\"@id\":\"https:\\\/\\\/radioljubuski.ba\\\/#\\\/schema\\\/person\\\/19fc700381a780f69665d7956c469e3b\",\"name\":\"Radio Ljubu\u0161ki\"}]}<\/script>\n<!-- \/ Yoast SEO plugin. -->","yoast_head_json":{"title":"Udru\u017eili su se kako bi krijum\u010darili cigarete iz BiH u Hrvatsku, me\u0111u njima je bio i policajac - RADIO LJUBU\u0160KI","robots":{"index":"index","follow":"follow","max-snippet":"max-snippet:-1","max-image-preview":"max-image-preview:large","max-video-preview":"max-video-preview:-1"},"canonical":"https:\/\/radioljubuski.ba\/index.php\/2021\/04\/22\/udruzili-su-se-kako-bi-krijumcarili-cigarete-iz-bih-u-hrvatsku-medu-njima-je-bio-i-policajac\/","og_locale":"hr_HR","og_type":"article","og_title":"Udru\u017eili su se kako bi krijum\u010darili cigarete iz BiH u Hrvatsku, me\u0111u njima je bio i policajac - RADIO LJUBU\u0160KI","og_description":"Policija je objavila detalje istrage u kojoj opisuju kako se 59-godi\u0161njak udru\u017eio s drugima, me\u0111u kojima je i policajac, s ciljem krijum\u010darenja cigareta u Hrvatsku. \u0160teta koju su napravili dr\u017eavi iznosi najmanje 464 tisu\u0107e kuna. &nbsp; Priop\u0107enje prenosimo u cijelosti. &nbsp; &#8220;Dovr\u0161eno je kriminalisti\u010dko istra\u017eivanje nad sedmoricom hrvatskih dr\u017eavljana starosti 59, 35, 52, 54, 64, [&hellip;]","og_url":"https:\/\/radioljubuski.ba\/index.php\/2021\/04\/22\/udruzili-su-se-kako-bi-krijumcarili-cigarete-iz-bih-u-hrvatsku-medu-njima-je-bio-i-policajac\/","og_site_name":"RADIO LJUBU\u0160KI","article_publisher":"https:\/\/www.facebook.com\/Radiio-Ljubuski-1490835324566332","article_published_time":"2021-04-22T18:09:48+00:00","article_modified_time":"2021-04-22T18:09:49+00:00","og_image":[{"width":1000,"height":625,"url":"https:\/\/radioljubuski.ba\/wp-content\/uploads\/2021\/04\/9-2021-04-22-18-59-44-vs.png","type":"image\/png"}],"author":"Radio Ljubu\u0161ki","twitter_card":"summary_large_image","twitter_creator":"@radioljubuski","twitter_site":"@radioljubuski","twitter_misc":{"Napisao\/la":"Radio Ljubu\u0161ki","Procijenjeno vrijeme \u010ditanja":"3 minute"},"schema":{"@context":"https:\/\/schema.org","@graph":[{"@type":"Article","@id":"https:\/\/radioljubuski.ba\/index.php\/2021\/04\/22\/udruzili-su-se-kako-bi-krijumcarili-cigarete-iz-bih-u-hrvatsku-medu-njima-je-bio-i-policajac\/#article","isPartOf":{"@id":"https:\/\/radioljubuski.ba\/index.php\/2021\/04\/22\/udruzili-su-se-kako-bi-krijumcarili-cigarete-iz-bih-u-hrvatsku-medu-njima-je-bio-i-policajac\/"},"author":{"name":"Radio Ljubu\u0161ki","@id":"https:\/\/radioljubuski.ba\/#\/schema\/person\/19fc700381a780f69665d7956c469e3b"},"headline":"Udru\u017eili su se kako bi krijum\u010darili cigarete iz BiH u Hrvatsku, me\u0111u njima je bio i policajac","datePublished":"2021-04-22T18:09:48+00:00","dateModified":"2021-04-22T18:09:49+00:00","mainEntityOfPage":{"@id":"https:\/\/radioljubuski.ba\/index.php\/2021\/04\/22\/udruzili-su-se-kako-bi-krijumcarili-cigarete-iz-bih-u-hrvatsku-medu-njima-je-bio-i-policajac\/"},"wordCount":723,"publisher":{"@id":"https:\/\/radioljubuski.ba\/#organization"},"image":{"@id":"https:\/\/radioljubuski.ba\/index.php\/2021\/04\/22\/udruzili-su-se-kako-bi-krijumcarili-cigarete-iz-bih-u-hrvatsku-medu-njima-je-bio-i-policajac\/#primaryimage"},"thumbnailUrl":"https:\/\/radioljubuski.ba\/wp-content\/uploads\/2021\/04\/9-2021-04-22-18-59-44-vs.png","articleSection":["BIH i regija"],"inLanguage":"hr"},{"@type":"WebPage","@id":"https:\/\/radioljubuski.ba\/index.php\/2021\/04\/22\/udruzili-su-se-kako-bi-krijumcarili-cigarete-iz-bih-u-hrvatsku-medu-njima-je-bio-i-policajac\/","url":"https:\/\/radioljubuski.ba\/index.php\/2021\/04\/22\/udruzili-su-se-kako-bi-krijumcarili-cigarete-iz-bih-u-hrvatsku-medu-njima-je-bio-i-policajac\/","name":"Udru\u017eili su se kako bi krijum\u010darili cigarete iz BiH u Hrvatsku, me\u0111u njima je bio i policajac - RADIO LJUBU\u0160KI","isPartOf":{"@id":"https:\/\/radioljubuski.ba\/#website"},"primaryImageOfPage":{"@id":"https:\/\/radioljubuski.ba\/index.php\/2021\/04\/22\/udruzili-su-se-kako-bi-krijumcarili-cigarete-iz-bih-u-hrvatsku-medu-njima-je-bio-i-policajac\/#primaryimage"},"image":{"@id":"https:\/\/radioljubuski.ba\/index.php\/2021\/04\/22\/udruzili-su-se-kako-bi-krijumcarili-cigarete-iz-bih-u-hrvatsku-medu-njima-je-bio-i-policajac\/#primaryimage"},"thumbnailUrl":"https:\/\/radioljubuski.ba\/wp-content\/uploads\/2021\/04\/9-2021-04-22-18-59-44-vs.png","datePublished":"2021-04-22T18:09:48+00:00","dateModified":"2021-04-22T18:09:49+00:00","breadcrumb":{"@id":"https:\/\/radioljubuski.ba\/index.php\/2021\/04\/22\/udruzili-su-se-kako-bi-krijumcarili-cigarete-iz-bih-u-hrvatsku-medu-njima-je-bio-i-policajac\/#breadcrumb"},"inLanguage":"hr","potentialAction":[{"@type":"ReadAction","target":["https:\/\/radioljubuski.ba\/index.php\/2021\/04\/22\/udruzili-su-se-kako-bi-krijumcarili-cigarete-iz-bih-u-hrvatsku-medu-njima-je-bio-i-policajac\/"]}]},{"@type":"ImageObject","inLanguage":"hr","@id":"https:\/\/radioljubuski.ba\/index.php\/2021\/04\/22\/udruzili-su-se-kako-bi-krijumcarili-cigarete-iz-bih-u-hrvatsku-medu-njima-je-bio-i-policajac\/#primaryimage","url":"https:\/\/radioljubuski.ba\/wp-content\/uploads\/2021\/04\/9-2021-04-22-18-59-44-vs.png","contentUrl":"https:\/\/radioljubuski.ba\/wp-content\/uploads\/2021\/04\/9-2021-04-22-18-59-44-vs.png","width":1000,"height":625},{"@type":"BreadcrumbList","@id":"https:\/\/radioljubuski.ba\/index.php\/2021\/04\/22\/udruzili-su-se-kako-bi-krijumcarili-cigarete-iz-bih-u-hrvatsku-medu-njima-je-bio-i-policajac\/#breadcrumb","itemListElement":[{"@type":"ListItem","position":1,"name":"Po\u010detna stranica","item":"https:\/\/radioljubuski.ba\/"},{"@type":"ListItem","position":2,"name":"Udru\u017eili su se kako bi krijum\u010darili cigarete iz BiH u Hrvatsku, me\u0111u njima je bio i policajac"}]},{"@type":"WebSite","@id":"https:\/\/radioljubuski.ba\/#website","url":"https:\/\/radioljubuski.ba\/","name":"Radio Ljubu\u0161ki","description":"Sun\u010dana frekvencija Hercegovine","publisher":{"@id":"https:\/\/radioljubuski.ba\/#organization"},"potentialAction":[{"@type":"SearchAction","target":{"@type":"EntryPoint","urlTemplate":"https:\/\/radioljubuski.ba\/?s={search_term_string}"},"query-input":{"@type":"PropertyValueSpecification","valueRequired":true,"valueName":"search_term_string"}}],"inLanguage":"hr"},{"@type":"Organization","@id":"https:\/\/radioljubuski.ba\/#organization","name":"Radio Ljubu\u0161ki","url":"https:\/\/radioljubuski.ba\/","logo":{"@type":"ImageObject","inLanguage":"hr","@id":"https:\/\/radioljubuski.ba\/#\/schema\/logo\/image\/","url":"https:\/\/radioljubuski.ba\/wp-content\/uploads\/2021\/02\/cropped-Radio_Ljubuski_logo1.jpg","contentUrl":"https:\/\/radioljubuski.ba\/wp-content\/uploads\/2021\/02\/cropped-Radio_Ljubuski_logo1.jpg","width":512,"height":512,"caption":"Radio Ljubu\u0161ki"},"image":{"@id":"https:\/\/radioljubuski.ba\/#\/schema\/logo\/image\/"},"sameAs":["https:\/\/www.facebook.com\/Radiio-Ljubuski-1490835324566332","https:\/\/x.com\/radioljubuski","https:\/\/hr.linkedin.com\/company\/radio-ljubuski","https:\/\/www.youtube.com\/channel\/UCHYaeO_n0Db3tjNGudGpXyw"]},{"@type":"Person","@id":"https:\/\/radioljubuski.ba\/#\/schema\/person\/19fc700381a780f69665d7956c469e3b","name":"Radio Ljubu\u0161ki"}]}},"_links":{"self":[{"href":"https:\/\/radioljubuski.ba\/index.php\/wp-json\/wp\/v2\/posts\/15426","targetHints":{"allow":["GET"]}}],"collection":[{"href":"https:\/\/radioljubuski.ba\/index.php\/wp-json\/wp\/v2\/posts"}],"about":[{"href":"https:\/\/radioljubuski.ba\/index.php\/wp-json\/wp\/v2\/types\/post"}],"author":[{"embeddable":true,"href":"https:\/\/radioljubuski.ba\/index.php\/wp-json\/wp\/v2\/users\/2"}],"replies":[{"embeddable":true,"href":"https:\/\/radioljubuski.ba\/index.php\/wp-json\/wp\/v2\/comments?post=15426"}],"version-history":[{"count":1,"href":"https:\/\/radioljubuski.ba\/index.php\/wp-json\/wp\/v2\/posts\/15426\/revisions"}],"predecessor-version":[{"id":15428,"href":"https:\/\/radioljubuski.ba\/index.php\/wp-json\/wp\/v2\/posts\/15426\/revisions\/15428"}],"wp:featuredmedia":[{"embeddable":true,"href":"https:\/\/radioljubuski.ba\/index.php\/wp-json\/wp\/v2\/media\/15427"}],"wp:attachment":[{"href":"https:\/\/radioljubuski.ba\/index.php\/wp-json\/wp\/v2\/media?parent=15426"}],"wp:term":[{"taxonomy":"category","embeddable":true,"href":"https:\/\/radioljubuski.ba\/index.php\/wp-json\/wp\/v2\/categories?post=15426"},{"taxonomy":"post_tag","embeddable":true,"href":"https:\/\/radioljubuski.ba\/index.php\/wp-json\/wp\/v2\/tags?post=15426"}],"curies":[{"name":"wp","href":"https:\/\/api.w.org\/{rel}","templated":true}]}}