{"id":154282,"date":"2022-06-28T10:35:47","date_gmt":"2022-06-28T09:35:47","guid":{"rendered":"https:\/\/radioljubuski.ba\/?p=154282"},"modified":"2022-06-28T10:35:49","modified_gmt":"2022-06-28T09:35:49","slug":"valentina-rupcic-preuzela-funkciju-predsjedatelja-uo-bhrt-a","status":"publish","type":"post","link":"https:\/\/radioljubuski.ba\/index.php\/2022\/06\/28\/valentina-rupcic-preuzela-funkciju-predsjedatelja-uo-bhrt-a\/","title":{"rendered":"Valentina Rup\u010di\u0107 preuzela funkciju predsjedatelja UO BHRT-a"},"content":{"rendered":"\n<p>Na ju\u010dera\u0161njoj sjednici Upravnog odbora BHRT-a izvr\u0161ena je rotacija na funkciji predsjedatelja ovog tijela. Umjesto Rajka Radovanovi\u0107a, \u010dlana UO iz reda srpskog naroda, koji je predsjedavao proteklih godinu dana, funkciju je preuzela Valentina Rup\u010di\u0107, \u010dlan UO iz reda hrvatskog naroda.&nbsp;<\/p>\n\n\n\n<p>Rotacija je protekla u prijateljskom ozra\u010dju uz zajednicku ocjenu svih \u010dlanova da je Upravni odbor u proteklih godinu dana sve odluke donosio konsenzusom, uva\u017eavaju\u017ei prije svega profesionalne principe i interese BHRT-a, priop\u0107eno je iz&nbsp;Upravnog odbora BHRT-a .<\/p>\n\n\n\n<p>Fokus dana\u0161nje sjednice bio je na daljnjem rje\u0161avanju financijske situacije, izvje\u0161tajima interne revizije i potrebe a\u017eurnije procjene poslovnih rizika.<\/p>\n\n\n\n<p>U narednom razdoblju naglasci u radu Upravnog odbora bit \u0107e kao i do sada na finacijskoj konsolidaciji, iznala\u017eenju trajnog rje\u0161enje za financiranje BHRT- te izradu strate\u0161kih planova daljeg razvoja.<\/p>\n\n\n\n<p>Izvor:pogled.ba<\/p>\n","protected":false},"excerpt":{"rendered":"<p>Na ju\u010dera\u0161njoj sjednici Upravnog odbora BHRT-a izvr\u0161ena je rotacija na funkciji predsjedatelja ovog tijela. Umjesto Rajka Radovanovi\u0107a, \u010dlana UO iz reda srpskog naroda, koji je predsjedavao proteklih godinu dana, funkciju je preuzela Valentina Rup\u010di\u0107, \u010dlan UO iz reda hrvatskog naroda.&nbsp; Rotacija je protekla u prijateljskom ozra\u010dju uz zajednicku ocjenu svih \u010dlanova da je Upravni odbor [&hellip;]<\/p>\n","protected":false},"author":2,"featured_media":154283,"comment_status":"closed","ping_status":"closed","sticky":false,"template":"","format":"standard","meta":{"h5ap_radio_sources":[],"footnotes":""},"categories":[1],"tags":[],"class_list":["post-154282","post","type-post","status-publish","format-standard","has-post-thumbnail","hentry","category-bihiregija"],"yoast_head":"<!-- This site is optimized with the Yoast SEO plugin v27.5 - https:\/\/yoast.com\/product\/yoast-seo-wordpress\/ -->\n<title>Valentina Rup\u010di\u0107 preuzela funkciju predsjedatelja UO BHRT-a - RADIO LJUBU\u0160KI<\/title>\n<meta name=\"robots\" content=\"index, follow, max-snippet:-1, max-image-preview:large, max-video-preview:-1\" \/>\n<link rel=\"canonical\" href=\"https:\/\/radioljubuski.ba\/index.php\/2022\/06\/28\/valentina-rupcic-preuzela-funkciju-predsjedatelja-uo-bhrt-a\/\" \/>\n<meta property=\"og:locale\" content=\"hr_HR\" \/>\n<meta property=\"og:type\" content=\"article\" \/>\n<meta property=\"og:title\" content=\"Valentina Rup\u010di\u0107 preuzela funkciju predsjedatelja UO BHRT-a - RADIO LJUBU\u0160KI\" \/>\n<meta property=\"og:description\" content=\"Na ju\u010dera\u0161njoj sjednici Upravnog odbora BHRT-a izvr\u0161ena je rotacija na funkciji predsjedatelja ovog tijela. Umjesto Rajka Radovanovi\u0107a, \u010dlana UO iz reda srpskog naroda, koji je predsjedavao proteklih godinu dana, funkciju je preuzela Valentina Rup\u010di\u0107, \u010dlan UO iz reda hrvatskog naroda.&nbsp; Rotacija je protekla u prijateljskom ozra\u010dju uz zajednicku ocjenu svih \u010dlanova da je Upravni odbor [&hellip;]\" \/>\n<meta property=\"og:url\" content=\"https:\/\/radioljubuski.ba\/index.php\/2022\/06\/28\/valentina-rupcic-preuzela-funkciju-predsjedatelja-uo-bhrt-a\/\" \/>\n<meta property=\"og:site_name\" content=\"RADIO LJUBU\u0160KI\" \/>\n<meta property=\"article:publisher\" content=\"https:\/\/www.facebook.com\/Radiio-Ljubuski-1490835324566332\" \/>\n<meta property=\"article:published_time\" content=\"2022-06-28T09:35:47+00:00\" \/>\n<meta property=\"article:modified_time\" content=\"2022-06-28T09:35:49+00:00\" \/>\n<meta property=\"og:image\" content=\"https:\/\/radioljubuski.ba\/wp-content\/uploads\/2022\/06\/10-2022-06-27-17-40-26-Snimka-zaslona-2022-06-27-174020.jpg\" \/>\n\t<meta property=\"og:image:width\" content=\"1000\" \/>\n\t<meta property=\"og:image:height\" content=\"625\" \/>\n\t<meta property=\"og:image:type\" content=\"image\/jpeg\" \/>\n<meta name=\"author\" content=\"Radio Ljubu\u0161ki\" \/>\n<meta name=\"twitter:card\" content=\"summary_large_image\" \/>\n<meta name=\"twitter:creator\" content=\"@radioljubuski\" \/>\n<meta name=\"twitter:site\" content=\"@radioljubuski\" \/>\n<meta name=\"twitter:label1\" content=\"Napisao\/la\" \/>\n\t<meta name=\"twitter:data1\" content=\"Radio Ljubu\u0161ki\" \/>\n\t<meta name=\"twitter:label2\" content=\"Procijenjeno vrijeme \u010ditanja\" \/>\n\t<meta name=\"twitter:data2\" content=\"1 minuta\" \/>\n<script type=\"application\/ld+json\" class=\"yoast-schema-graph\">{\"@context\":\"https:\\\/\\\/schema.org\",\"@graph\":[{\"@type\":\"Article\",\"@id\":\"https:\\\/\\\/radioljubuski.ba\\\/index.php\\\/2022\\\/06\\\/28\\\/valentina-rupcic-preuzela-funkciju-predsjedatelja-uo-bhrt-a\\\/#article\",\"isPartOf\":{\"@id\":\"https:\\\/\\\/radioljubuski.ba\\\/index.php\\\/2022\\\/06\\\/28\\\/valentina-rupcic-preuzela-funkciju-predsjedatelja-uo-bhrt-a\\\/\"},\"author\":{\"name\":\"Radio Ljubu\u0161ki\",\"@id\":\"https:\\\/\\\/radioljubuski.ba\\\/#\\\/schema\\\/person\\\/19fc700381a780f69665d7956c469e3b\"},\"headline\":\"Valentina Rup\u010di\u0107 preuzela funkciju predsjedatelja UO BHRT-a\",\"datePublished\":\"2022-06-28T09:35:47+00:00\",\"dateModified\":\"2022-06-28T09:35:49+00:00\",\"mainEntityOfPage\":{\"@id\":\"https:\\\/\\\/radioljubuski.ba\\\/index.php\\\/2022\\\/06\\\/28\\\/valentina-rupcic-preuzela-funkciju-predsjedatelja-uo-bhrt-a\\\/\"},\"wordCount\":154,\"publisher\":{\"@id\":\"https:\\\/\\\/radioljubuski.ba\\\/#organization\"},\"image\":{\"@id\":\"https:\\\/\\\/radioljubuski.ba\\\/index.php\\\/2022\\\/06\\\/28\\\/valentina-rupcic-preuzela-funkciju-predsjedatelja-uo-bhrt-a\\\/#primaryimage\"},\"thumbnailUrl\":\"https:\\\/\\\/radioljubuski.ba\\\/wp-content\\\/uploads\\\/2022\\\/06\\\/10-2022-06-27-17-40-26-Snimka-zaslona-2022-06-27-174020.jpg\",\"articleSection\":[\"BIH i regija\"],\"inLanguage\":\"hr\"},{\"@type\":\"WebPage\",\"@id\":\"https:\\\/\\\/radioljubuski.ba\\\/index.php\\\/2022\\\/06\\\/28\\\/valentina-rupcic-preuzela-funkciju-predsjedatelja-uo-bhrt-a\\\/\",\"url\":\"https:\\\/\\\/radioljubuski.ba\\\/index.php\\\/2022\\\/06\\\/28\\\/valentina-rupcic-preuzela-funkciju-predsjedatelja-uo-bhrt-a\\\/\",\"name\":\"Valentina Rup\u010di\u0107 preuzela funkciju predsjedatelja UO BHRT-a - RADIO LJUBU\u0160KI\",\"isPartOf\":{\"@id\":\"https:\\\/\\\/radioljubuski.ba\\\/#website\"},\"primaryImageOfPage\":{\"@id\":\"https:\\\/\\\/radioljubuski.ba\\\/index.php\\\/2022\\\/06\\\/28\\\/valentina-rupcic-preuzela-funkciju-predsjedatelja-uo-bhrt-a\\\/#primaryimage\"},\"image\":{\"@id\":\"https:\\\/\\\/radioljubuski.ba\\\/index.php\\\/2022\\\/06\\\/28\\\/valentina-rupcic-preuzela-funkciju-predsjedatelja-uo-bhrt-a\\\/#primaryimage\"},\"thumbnailUrl\":\"https:\\\/\\\/radioljubuski.ba\\\/wp-content\\\/uploads\\\/2022\\\/06\\\/10-2022-06-27-17-40-26-Snimka-zaslona-2022-06-27-174020.jpg\",\"datePublished\":\"2022-06-28T09:35:47+00:00\",\"dateModified\":\"2022-06-28T09:35:49+00:00\",\"breadcrumb\":{\"@id\":\"https:\\\/\\\/radioljubuski.ba\\\/index.php\\\/2022\\\/06\\\/28\\\/valentina-rupcic-preuzela-funkciju-predsjedatelja-uo-bhrt-a\\\/#breadcrumb\"},\"inLanguage\":\"hr\",\"potentialAction\":[{\"@type\":\"ReadAction\",\"target\":[\"https:\\\/\\\/radioljubuski.ba\\\/index.php\\\/2022\\\/06\\\/28\\\/valentina-rupcic-preuzela-funkciju-predsjedatelja-uo-bhrt-a\\\/\"]}]},{\"@type\":\"ImageObject\",\"inLanguage\":\"hr\",\"@id\":\"https:\\\/\\\/radioljubuski.ba\\\/index.php\\\/2022\\\/06\\\/28\\\/valentina-rupcic-preuzela-funkciju-predsjedatelja-uo-bhrt-a\\\/#primaryimage\",\"url\":\"https:\\\/\\\/radioljubuski.ba\\\/wp-content\\\/uploads\\\/2022\\\/06\\\/10-2022-06-27-17-40-26-Snimka-zaslona-2022-06-27-174020.jpg\",\"contentUrl\":\"https:\\\/\\\/radioljubuski.ba\\\/wp-content\\\/uploads\\\/2022\\\/06\\\/10-2022-06-27-17-40-26-Snimka-zaslona-2022-06-27-174020.jpg\",\"width\":1000,\"height\":625},{\"@type\":\"BreadcrumbList\",\"@id\":\"https:\\\/\\\/radioljubuski.ba\\\/index.php\\\/2022\\\/06\\\/28\\\/valentina-rupcic-preuzela-funkciju-predsjedatelja-uo-bhrt-a\\\/#breadcrumb\",\"itemListElement\":[{\"@type\":\"ListItem\",\"position\":1,\"name\":\"Po\u010detna stranica\",\"item\":\"https:\\\/\\\/radioljubuski.ba\\\/\"},{\"@type\":\"ListItem\",\"position\":2,\"name\":\"Valentina Rup\u010di\u0107 preuzela funkciju predsjedatelja UO BHRT-a\"}]},{\"@type\":\"WebSite\",\"@id\":\"https:\\\/\\\/radioljubuski.ba\\\/#website\",\"url\":\"https:\\\/\\\/radioljubuski.ba\\\/\",\"name\":\"Radio Ljubu\u0161ki\",\"description\":\"Sun\u010dana frekvencija Hercegovine\",\"publisher\":{\"@id\":\"https:\\\/\\\/radioljubuski.ba\\\/#organization\"},\"potentialAction\":[{\"@type\":\"SearchAction\",\"target\":{\"@type\":\"EntryPoint\",\"urlTemplate\":\"https:\\\/\\\/radioljubuski.ba\\\/?s={search_term_string}\"},\"query-input\":{\"@type\":\"PropertyValueSpecification\",\"valueRequired\":true,\"valueName\":\"search_term_string\"}}],\"inLanguage\":\"hr\"},{\"@type\":\"Organization\",\"@id\":\"https:\\\/\\\/radioljubuski.ba\\\/#organization\",\"name\":\"Radio Ljubu\u0161ki\",\"url\":\"https:\\\/\\\/radioljubuski.ba\\\/\",\"logo\":{\"@type\":\"ImageObject\",\"inLanguage\":\"hr\",\"@id\":\"https:\\\/\\\/radioljubuski.ba\\\/#\\\/schema\\\/logo\\\/image\\\/\",\"url\":\"https:\\\/\\\/radioljubuski.ba\\\/wp-content\\\/uploads\\\/2021\\\/02\\\/cropped-Radio_Ljubuski_logo1.jpg\",\"contentUrl\":\"https:\\\/\\\/radioljubuski.ba\\\/wp-content\\\/uploads\\\/2021\\\/02\\\/cropped-Radio_Ljubuski_logo1.jpg\",\"width\":512,\"height\":512,\"caption\":\"Radio Ljubu\u0161ki\"},\"image\":{\"@id\":\"https:\\\/\\\/radioljubuski.ba\\\/#\\\/schema\\\/logo\\\/image\\\/\"},\"sameAs\":[\"https:\\\/\\\/www.facebook.com\\\/Radiio-Ljubuski-1490835324566332\",\"https:\\\/\\\/x.com\\\/radioljubuski\",\"https:\\\/\\\/hr.linkedin.com\\\/company\\\/radio-ljubuski\",\"https:\\\/\\\/www.youtube.com\\\/channel\\\/UCHYaeO_n0Db3tjNGudGpXyw\"]},{\"@type\":\"Person\",\"@id\":\"https:\\\/\\\/radioljubuski.ba\\\/#\\\/schema\\\/person\\\/19fc700381a780f69665d7956c469e3b\",\"name\":\"Radio Ljubu\u0161ki\"}]}<\/script>\n<!-- \/ Yoast SEO plugin. -->","yoast_head_json":{"title":"Valentina Rup\u010di\u0107 preuzela funkciju predsjedatelja UO BHRT-a - RADIO LJUBU\u0160KI","robots":{"index":"index","follow":"follow","max-snippet":"max-snippet:-1","max-image-preview":"max-image-preview:large","max-video-preview":"max-video-preview:-1"},"canonical":"https:\/\/radioljubuski.ba\/index.php\/2022\/06\/28\/valentina-rupcic-preuzela-funkciju-predsjedatelja-uo-bhrt-a\/","og_locale":"hr_HR","og_type":"article","og_title":"Valentina Rup\u010di\u0107 preuzela funkciju predsjedatelja UO BHRT-a - RADIO LJUBU\u0160KI","og_description":"Na ju\u010dera\u0161njoj sjednici Upravnog odbora BHRT-a izvr\u0161ena je rotacija na funkciji predsjedatelja ovog tijela. Umjesto Rajka Radovanovi\u0107a, \u010dlana UO iz reda srpskog naroda, koji je predsjedavao proteklih godinu dana, funkciju je preuzela Valentina Rup\u010di\u0107, \u010dlan UO iz reda hrvatskog naroda.&nbsp; Rotacija je protekla u prijateljskom ozra\u010dju uz zajednicku ocjenu svih \u010dlanova da je Upravni odbor [&hellip;]","og_url":"https:\/\/radioljubuski.ba\/index.php\/2022\/06\/28\/valentina-rupcic-preuzela-funkciju-predsjedatelja-uo-bhrt-a\/","og_site_name":"RADIO LJUBU\u0160KI","article_publisher":"https:\/\/www.facebook.com\/Radiio-Ljubuski-1490835324566332","article_published_time":"2022-06-28T09:35:47+00:00","article_modified_time":"2022-06-28T09:35:49+00:00","og_image":[{"width":1000,"height":625,"url":"https:\/\/radioljubuski.ba\/wp-content\/uploads\/2022\/06\/10-2022-06-27-17-40-26-Snimka-zaslona-2022-06-27-174020.jpg","type":"image\/jpeg"}],"author":"Radio Ljubu\u0161ki","twitter_card":"summary_large_image","twitter_creator":"@radioljubuski","twitter_site":"@radioljubuski","twitter_misc":{"Napisao\/la":"Radio Ljubu\u0161ki","Procijenjeno vrijeme \u010ditanja":"1 minuta"},"schema":{"@context":"https:\/\/schema.org","@graph":[{"@type":"Article","@id":"https:\/\/radioljubuski.ba\/index.php\/2022\/06\/28\/valentina-rupcic-preuzela-funkciju-predsjedatelja-uo-bhrt-a\/#article","isPartOf":{"@id":"https:\/\/radioljubuski.ba\/index.php\/2022\/06\/28\/valentina-rupcic-preuzela-funkciju-predsjedatelja-uo-bhrt-a\/"},"author":{"name":"Radio Ljubu\u0161ki","@id":"https:\/\/radioljubuski.ba\/#\/schema\/person\/19fc700381a780f69665d7956c469e3b"},"headline":"Valentina Rup\u010di\u0107 preuzela funkciju predsjedatelja UO BHRT-a","datePublished":"2022-06-28T09:35:47+00:00","dateModified":"2022-06-28T09:35:49+00:00","mainEntityOfPage":{"@id":"https:\/\/radioljubuski.ba\/index.php\/2022\/06\/28\/valentina-rupcic-preuzela-funkciju-predsjedatelja-uo-bhrt-a\/"},"wordCount":154,"publisher":{"@id":"https:\/\/radioljubuski.ba\/#organization"},"image":{"@id":"https:\/\/radioljubuski.ba\/index.php\/2022\/06\/28\/valentina-rupcic-preuzela-funkciju-predsjedatelja-uo-bhrt-a\/#primaryimage"},"thumbnailUrl":"https:\/\/radioljubuski.ba\/wp-content\/uploads\/2022\/06\/10-2022-06-27-17-40-26-Snimka-zaslona-2022-06-27-174020.jpg","articleSection":["BIH i regija"],"inLanguage":"hr"},{"@type":"WebPage","@id":"https:\/\/radioljubuski.ba\/index.php\/2022\/06\/28\/valentina-rupcic-preuzela-funkciju-predsjedatelja-uo-bhrt-a\/","url":"https:\/\/radioljubuski.ba\/index.php\/2022\/06\/28\/valentina-rupcic-preuzela-funkciju-predsjedatelja-uo-bhrt-a\/","name":"Valentina Rup\u010di\u0107 preuzela funkciju predsjedatelja UO BHRT-a - RADIO LJUBU\u0160KI","isPartOf":{"@id":"https:\/\/radioljubuski.ba\/#website"},"primaryImageOfPage":{"@id":"https:\/\/radioljubuski.ba\/index.php\/2022\/06\/28\/valentina-rupcic-preuzela-funkciju-predsjedatelja-uo-bhrt-a\/#primaryimage"},"image":{"@id":"https:\/\/radioljubuski.ba\/index.php\/2022\/06\/28\/valentina-rupcic-preuzela-funkciju-predsjedatelja-uo-bhrt-a\/#primaryimage"},"thumbnailUrl":"https:\/\/radioljubuski.ba\/wp-content\/uploads\/2022\/06\/10-2022-06-27-17-40-26-Snimka-zaslona-2022-06-27-174020.jpg","datePublished":"2022-06-28T09:35:47+00:00","dateModified":"2022-06-28T09:35:49+00:00","breadcrumb":{"@id":"https:\/\/radioljubuski.ba\/index.php\/2022\/06\/28\/valentina-rupcic-preuzela-funkciju-predsjedatelja-uo-bhrt-a\/#breadcrumb"},"inLanguage":"hr","potentialAction":[{"@type":"ReadAction","target":["https:\/\/radioljubuski.ba\/index.php\/2022\/06\/28\/valentina-rupcic-preuzela-funkciju-predsjedatelja-uo-bhrt-a\/"]}]},{"@type":"ImageObject","inLanguage":"hr","@id":"https:\/\/radioljubuski.ba\/index.php\/2022\/06\/28\/valentina-rupcic-preuzela-funkciju-predsjedatelja-uo-bhrt-a\/#primaryimage","url":"https:\/\/radioljubuski.ba\/wp-content\/uploads\/2022\/06\/10-2022-06-27-17-40-26-Snimka-zaslona-2022-06-27-174020.jpg","contentUrl":"https:\/\/radioljubuski.ba\/wp-content\/uploads\/2022\/06\/10-2022-06-27-17-40-26-Snimka-zaslona-2022-06-27-174020.jpg","width":1000,"height":625},{"@type":"BreadcrumbList","@id":"https:\/\/radioljubuski.ba\/index.php\/2022\/06\/28\/valentina-rupcic-preuzela-funkciju-predsjedatelja-uo-bhrt-a\/#breadcrumb","itemListElement":[{"@type":"ListItem","position":1,"name":"Po\u010detna stranica","item":"https:\/\/radioljubuski.ba\/"},{"@type":"ListItem","position":2,"name":"Valentina Rup\u010di\u0107 preuzela funkciju predsjedatelja UO BHRT-a"}]},{"@type":"WebSite","@id":"https:\/\/radioljubuski.ba\/#website","url":"https:\/\/radioljubuski.ba\/","name":"Radio Ljubu\u0161ki","description":"Sun\u010dana frekvencija Hercegovine","publisher":{"@id":"https:\/\/radioljubuski.ba\/#organization"},"potentialAction":[{"@type":"SearchAction","target":{"@type":"EntryPoint","urlTemplate":"https:\/\/radioljubuski.ba\/?s={search_term_string}"},"query-input":{"@type":"PropertyValueSpecification","valueRequired":true,"valueName":"search_term_string"}}],"inLanguage":"hr"},{"@type":"Organization","@id":"https:\/\/radioljubuski.ba\/#organization","name":"Radio Ljubu\u0161ki","url":"https:\/\/radioljubuski.ba\/","logo":{"@type":"ImageObject","inLanguage":"hr","@id":"https:\/\/radioljubuski.ba\/#\/schema\/logo\/image\/","url":"https:\/\/radioljubuski.ba\/wp-content\/uploads\/2021\/02\/cropped-Radio_Ljubuski_logo1.jpg","contentUrl":"https:\/\/radioljubuski.ba\/wp-content\/uploads\/2021\/02\/cropped-Radio_Ljubuski_logo1.jpg","width":512,"height":512,"caption":"Radio Ljubu\u0161ki"},"image":{"@id":"https:\/\/radioljubuski.ba\/#\/schema\/logo\/image\/"},"sameAs":["https:\/\/www.facebook.com\/Radiio-Ljubuski-1490835324566332","https:\/\/x.com\/radioljubuski","https:\/\/hr.linkedin.com\/company\/radio-ljubuski","https:\/\/www.youtube.com\/channel\/UCHYaeO_n0Db3tjNGudGpXyw"]},{"@type":"Person","@id":"https:\/\/radioljubuski.ba\/#\/schema\/person\/19fc700381a780f69665d7956c469e3b","name":"Radio Ljubu\u0161ki"}]}},"_links":{"self":[{"href":"https:\/\/radioljubuski.ba\/index.php\/wp-json\/wp\/v2\/posts\/154282","targetHints":{"allow":["GET"]}}],"collection":[{"href":"https:\/\/radioljubuski.ba\/index.php\/wp-json\/wp\/v2\/posts"}],"about":[{"href":"https:\/\/radioljubuski.ba\/index.php\/wp-json\/wp\/v2\/types\/post"}],"author":[{"embeddable":true,"href":"https:\/\/radioljubuski.ba\/index.php\/wp-json\/wp\/v2\/users\/2"}],"replies":[{"embeddable":true,"href":"https:\/\/radioljubuski.ba\/index.php\/wp-json\/wp\/v2\/comments?post=154282"}],"version-history":[{"count":1,"href":"https:\/\/radioljubuski.ba\/index.php\/wp-json\/wp\/v2\/posts\/154282\/revisions"}],"predecessor-version":[{"id":154284,"href":"https:\/\/radioljubuski.ba\/index.php\/wp-json\/wp\/v2\/posts\/154282\/revisions\/154284"}],"wp:featuredmedia":[{"embeddable":true,"href":"https:\/\/radioljubuski.ba\/index.php\/wp-json\/wp\/v2\/media\/154283"}],"wp:attachment":[{"href":"https:\/\/radioljubuski.ba\/index.php\/wp-json\/wp\/v2\/media?parent=154282"}],"wp:term":[{"taxonomy":"category","embeddable":true,"href":"https:\/\/radioljubuski.ba\/index.php\/wp-json\/wp\/v2\/categories?post=154282"},{"taxonomy":"post_tag","embeddable":true,"href":"https:\/\/radioljubuski.ba\/index.php\/wp-json\/wp\/v2\/tags?post=154282"}],"curies":[{"name":"wp","href":"https:\/\/api.w.org\/{rel}","templated":true}]}}