{"id":154288,"date":"2022-06-28T10:39:27","date_gmt":"2022-06-28T09:39:27","guid":{"rendered":"https:\/\/radioljubuski.ba\/?p=154288"},"modified":"2022-06-28T10:39:28","modified_gmt":"2022-06-28T09:39:28","slug":"priznanja-opcine-tomislavgrad-kbc-u-split-i-udruzi-dijabeticara-krug","status":"publish","type":"post","link":"https:\/\/radioljubuski.ba\/index.php\/2022\/06\/28\/priznanja-opcine-tomislavgrad-kbc-u-split-i-udruzi-dijabeticara-krug\/","title":{"rendered":"Priznanja Op\u0107ine Tomislavgrad KBC-u Split i Udruzi dijabeti\u010dara Krug"},"content":{"rendered":"\n<p>Op\u0107insko vije\u0107e Tomislavgrad donijelo je odluku o dodjeli javnih priznanja, a one \u0107e u povodu ovogodi\u0161njeg Dana op\u0107ine biti uru\u010dena KBC-u Split zbog iznimnih postignu\u0107a na podru\u010dju zdravstva tijekom ratnih doga\u0111aja na podru\u010dju Op\u0107ine Tomislavgrad od 1992. do 1995. godine.<\/p>\n\n\n\n<p>Prijedlog za dodjelu tog javnoga priznanja uputila je Matica hrvatske Tomislavgrad, a u odluci stoji da su od po\u010detka rata 3. travnja 1992. godine vrata Klini\u010dke bolnice Split otvorena pacijentima iz tomislavgradske op\u0107ine bez obzira je li bilo rije\u010d o najte\u017eim ranjenicima ili drugim pacijentima s bilo kakvim bolestima, kao i bez obzira na njihovu nacionalnost i vjeru.<\/p>\n\n\n\n<p>&#8220;Tijekom tri ratne godine iz ratne bolnice Tomislavgrad za Klini\u010dku bolnicu Split s pacijentima, naj\u010de\u0161\u0107e najte\u017eim ranjenicima, godi\u0161nje se u prosjeku putovalo 450 puta (znalo se putovati dnevno i do tri puta), dakle rade\u0107i u toj zdravstvenoj ustanovi, a u te\u0161kim ratnim uvjetima u 7.633 dana to nesebi\u010dno i humano medicinsko osoblje je obradilo ukupno 15.754 ranjenika, a izvanredna suradnja Klini\u010dke bolnice Split i Doma zdravlja Tomislavgrad se svakako nastavila i nakon rata sve do dana\u0161njeg dana\u201d, istaknuto je u odluci Op\u0107inskog vije\u0107a Tomislavgrad.<\/p>\n\n\n\n<p>Medaljon Op\u0107ine Tomislavgrad ove godine bit \u0107e dodijeljen Udruzi dijabeti\u010dara &#8220;Krug&#8221;, a na prijedlog roditelja djece oboljele od dijabetesa.<\/p>\n\n\n\n<p>Zalaganjem spomenute udruge pobolj\u0161ana je cjelokupna zdravstvena usluga djeci oboljeloj od dijabetesa, a raznim inicijativama, prijedlozima i edukacijama Udruga je pomogla pove\u0107anju svijesti o dijabetesu na podru\u010dju ove op\u0107ine, ali i \u0161ire.<\/p>\n\n\n\n<p>&#8220;Udruga osoba oboljelih od \u0161e\u0107erne bolesti &#8216;Krug&#8217;, na \u010delu s predsjednikom Udruge Goranom Karaulom, predlo\u017eena je za dodjelu javnog priznanja Op\u0107ine Tomislavgrad \u2013 Medaljon Op\u0107ine Tomislavgrad, od \u017eitelja op\u0107ine Tomislavgrad i roditelja djece oboljele od dijabetesa tip 1, zbog svog konstantnog volonterskog rada od preuzimanja Udruge u mjesecu kolovozu 2020. godine do danas, od kada su uspjeli pokrenuti institucije u Hercegbosanskoj \u017eupaniji kako bi se osigurala kompletna zdravstvena skrb osobama oboljelima od dijabetesa tip 1, posebno djeci i mladima do 26 godina starosti na podru\u010dju cijele Hercegbosanske \u017eupanije, pa tako i op\u0107ine Tomislavgrad&#8221;, stoji u odluci .<\/p>\n\n\n\n<p>Javna priznanja bit \u0107e dodijeljena na sve\u010danoj sjednici Op\u0107inskog vije\u0107a, koja \u0107e se odr\u017eati 8. srpnja 2022. godine u okviru obilje\u017eavanja Dana op\u0107ine Tomislavgrad.<\/p>\n\n\n\n<p>Izvor:vecernji.ba<\/p>\n","protected":false},"excerpt":{"rendered":"<p>Op\u0107insko vije\u0107e Tomislavgrad donijelo je odluku o dodjeli javnih priznanja, a one \u0107e u povodu ovogodi\u0161njeg Dana op\u0107ine biti uru\u010dena KBC-u Split zbog iznimnih postignu\u0107a na podru\u010dju zdravstva tijekom ratnih doga\u0111aja na podru\u010dju Op\u0107ine Tomislavgrad od 1992. do 1995. godine. Prijedlog za dodjelu tog javnoga priznanja uputila je Matica hrvatske Tomislavgrad, a u odluci stoji [&hellip;]<\/p>\n","protected":false},"author":2,"featured_media":154289,"comment_status":"closed","ping_status":"closed","sticky":false,"template":"","format":"standard","meta":{"h5ap_radio_sources":[],"footnotes":""},"categories":[1],"tags":[],"class_list":["post-154288","post","type-post","status-publish","format-standard","has-post-thumbnail","hentry","category-bihiregija"],"yoast_head":"<!-- This site is optimized with the Yoast SEO plugin v27.5 - https:\/\/yoast.com\/product\/yoast-seo-wordpress\/ -->\n<title>Priznanja Op\u0107ine Tomislavgrad KBC-u Split i Udruzi dijabeti\u010dara Krug - RADIO LJUBU\u0160KI<\/title>\n<meta name=\"robots\" content=\"index, follow, max-snippet:-1, max-image-preview:large, max-video-preview:-1\" \/>\n<link rel=\"canonical\" href=\"https:\/\/radioljubuski.ba\/index.php\/2022\/06\/28\/priznanja-opcine-tomislavgrad-kbc-u-split-i-udruzi-dijabeticara-krug\/\" \/>\n<meta property=\"og:locale\" content=\"hr_HR\" \/>\n<meta property=\"og:type\" content=\"article\" \/>\n<meta property=\"og:title\" content=\"Priznanja Op\u0107ine Tomislavgrad KBC-u Split i Udruzi dijabeti\u010dara Krug - RADIO LJUBU\u0160KI\" \/>\n<meta property=\"og:description\" content=\"Op\u0107insko vije\u0107e Tomislavgrad donijelo je odluku o dodjeli javnih priznanja, a one \u0107e u povodu ovogodi\u0161njeg Dana op\u0107ine biti uru\u010dena KBC-u Split zbog iznimnih postignu\u0107a na podru\u010dju zdravstva tijekom ratnih doga\u0111aja na podru\u010dju Op\u0107ine Tomislavgrad od 1992. do 1995. godine. Prijedlog za dodjelu tog javnoga priznanja uputila je Matica hrvatske Tomislavgrad, a u odluci stoji [&hellip;]\" \/>\n<meta property=\"og:url\" content=\"https:\/\/radioljubuski.ba\/index.php\/2022\/06\/28\/priznanja-opcine-tomislavgrad-kbc-u-split-i-udruzi-dijabeticara-krug\/\" \/>\n<meta property=\"og:site_name\" content=\"RADIO LJUBU\u0160KI\" \/>\n<meta property=\"article:publisher\" content=\"https:\/\/www.facebook.com\/Radiio-Ljubuski-1490835324566332\" \/>\n<meta property=\"article:published_time\" content=\"2022-06-28T09:39:27+00:00\" \/>\n<meta property=\"article:modified_time\" content=\"2022-06-28T09:39:28+00:00\" \/>\n<meta property=\"og:image\" content=\"https:\/\/radioljubuski.ba\/wp-content\/uploads\/2022\/06\/10-2022-06-27-17-53-06-Snimka-zaslona-2022-06-27-175258.jpg\" \/>\n\t<meta property=\"og:image:width\" content=\"1000\" \/>\n\t<meta property=\"og:image:height\" content=\"625\" \/>\n\t<meta property=\"og:image:type\" content=\"image\/jpeg\" \/>\n<meta name=\"author\" content=\"Radio Ljubu\u0161ki\" \/>\n<meta name=\"twitter:card\" content=\"summary_large_image\" \/>\n<meta name=\"twitter:creator\" content=\"@radioljubuski\" \/>\n<meta name=\"twitter:site\" content=\"@radioljubuski\" \/>\n<meta name=\"twitter:label1\" content=\"Napisao\/la\" \/>\n\t<meta name=\"twitter:data1\" content=\"Radio Ljubu\u0161ki\" \/>\n\t<meta name=\"twitter:label2\" content=\"Procijenjeno vrijeme \u010ditanja\" \/>\n\t<meta name=\"twitter:data2\" content=\"2 minute\" \/>\n<script type=\"application\/ld+json\" class=\"yoast-schema-graph\">{\"@context\":\"https:\\\/\\\/schema.org\",\"@graph\":[{\"@type\":\"Article\",\"@id\":\"https:\\\/\\\/radioljubuski.ba\\\/index.php\\\/2022\\\/06\\\/28\\\/priznanja-opcine-tomislavgrad-kbc-u-split-i-udruzi-dijabeticara-krug\\\/#article\",\"isPartOf\":{\"@id\":\"https:\\\/\\\/radioljubuski.ba\\\/index.php\\\/2022\\\/06\\\/28\\\/priznanja-opcine-tomislavgrad-kbc-u-split-i-udruzi-dijabeticara-krug\\\/\"},\"author\":{\"name\":\"Radio Ljubu\u0161ki\",\"@id\":\"https:\\\/\\\/radioljubuski.ba\\\/#\\\/schema\\\/person\\\/19fc700381a780f69665d7956c469e3b\"},\"headline\":\"Priznanja Op\u0107ine Tomislavgrad KBC-u Split i Udruzi dijabeti\u010dara Krug\",\"datePublished\":\"2022-06-28T09:39:27+00:00\",\"dateModified\":\"2022-06-28T09:39:28+00:00\",\"mainEntityOfPage\":{\"@id\":\"https:\\\/\\\/radioljubuski.ba\\\/index.php\\\/2022\\\/06\\\/28\\\/priznanja-opcine-tomislavgrad-kbc-u-split-i-udruzi-dijabeticara-krug\\\/\"},\"wordCount\":398,\"publisher\":{\"@id\":\"https:\\\/\\\/radioljubuski.ba\\\/#organization\"},\"image\":{\"@id\":\"https:\\\/\\\/radioljubuski.ba\\\/index.php\\\/2022\\\/06\\\/28\\\/priznanja-opcine-tomislavgrad-kbc-u-split-i-udruzi-dijabeticara-krug\\\/#primaryimage\"},\"thumbnailUrl\":\"https:\\\/\\\/radioljubuski.ba\\\/wp-content\\\/uploads\\\/2022\\\/06\\\/10-2022-06-27-17-53-06-Snimka-zaslona-2022-06-27-175258.jpg\",\"articleSection\":[\"BIH i regija\"],\"inLanguage\":\"hr\"},{\"@type\":\"WebPage\",\"@id\":\"https:\\\/\\\/radioljubuski.ba\\\/index.php\\\/2022\\\/06\\\/28\\\/priznanja-opcine-tomislavgrad-kbc-u-split-i-udruzi-dijabeticara-krug\\\/\",\"url\":\"https:\\\/\\\/radioljubuski.ba\\\/index.php\\\/2022\\\/06\\\/28\\\/priznanja-opcine-tomislavgrad-kbc-u-split-i-udruzi-dijabeticara-krug\\\/\",\"name\":\"Priznanja Op\u0107ine Tomislavgrad KBC-u Split i Udruzi dijabeti\u010dara Krug - RADIO LJUBU\u0160KI\",\"isPartOf\":{\"@id\":\"https:\\\/\\\/radioljubuski.ba\\\/#website\"},\"primaryImageOfPage\":{\"@id\":\"https:\\\/\\\/radioljubuski.ba\\\/index.php\\\/2022\\\/06\\\/28\\\/priznanja-opcine-tomislavgrad-kbc-u-split-i-udruzi-dijabeticara-krug\\\/#primaryimage\"},\"image\":{\"@id\":\"https:\\\/\\\/radioljubuski.ba\\\/index.php\\\/2022\\\/06\\\/28\\\/priznanja-opcine-tomislavgrad-kbc-u-split-i-udruzi-dijabeticara-krug\\\/#primaryimage\"},\"thumbnailUrl\":\"https:\\\/\\\/radioljubuski.ba\\\/wp-content\\\/uploads\\\/2022\\\/06\\\/10-2022-06-27-17-53-06-Snimka-zaslona-2022-06-27-175258.jpg\",\"datePublished\":\"2022-06-28T09:39:27+00:00\",\"dateModified\":\"2022-06-28T09:39:28+00:00\",\"breadcrumb\":{\"@id\":\"https:\\\/\\\/radioljubuski.ba\\\/index.php\\\/2022\\\/06\\\/28\\\/priznanja-opcine-tomislavgrad-kbc-u-split-i-udruzi-dijabeticara-krug\\\/#breadcrumb\"},\"inLanguage\":\"hr\",\"potentialAction\":[{\"@type\":\"ReadAction\",\"target\":[\"https:\\\/\\\/radioljubuski.ba\\\/index.php\\\/2022\\\/06\\\/28\\\/priznanja-opcine-tomislavgrad-kbc-u-split-i-udruzi-dijabeticara-krug\\\/\"]}]},{\"@type\":\"ImageObject\",\"inLanguage\":\"hr\",\"@id\":\"https:\\\/\\\/radioljubuski.ba\\\/index.php\\\/2022\\\/06\\\/28\\\/priznanja-opcine-tomislavgrad-kbc-u-split-i-udruzi-dijabeticara-krug\\\/#primaryimage\",\"url\":\"https:\\\/\\\/radioljubuski.ba\\\/wp-content\\\/uploads\\\/2022\\\/06\\\/10-2022-06-27-17-53-06-Snimka-zaslona-2022-06-27-175258.jpg\",\"contentUrl\":\"https:\\\/\\\/radioljubuski.ba\\\/wp-content\\\/uploads\\\/2022\\\/06\\\/10-2022-06-27-17-53-06-Snimka-zaslona-2022-06-27-175258.jpg\",\"width\":1000,\"height\":625},{\"@type\":\"BreadcrumbList\",\"@id\":\"https:\\\/\\\/radioljubuski.ba\\\/index.php\\\/2022\\\/06\\\/28\\\/priznanja-opcine-tomislavgrad-kbc-u-split-i-udruzi-dijabeticara-krug\\\/#breadcrumb\",\"itemListElement\":[{\"@type\":\"ListItem\",\"position\":1,\"name\":\"Po\u010detna stranica\",\"item\":\"https:\\\/\\\/radioljubuski.ba\\\/\"},{\"@type\":\"ListItem\",\"position\":2,\"name\":\"Priznanja Op\u0107ine Tomislavgrad KBC-u Split i Udruzi dijabeti\u010dara Krug\"}]},{\"@type\":\"WebSite\",\"@id\":\"https:\\\/\\\/radioljubuski.ba\\\/#website\",\"url\":\"https:\\\/\\\/radioljubuski.ba\\\/\",\"name\":\"Radio Ljubu\u0161ki\",\"description\":\"Sun\u010dana frekvencija Hercegovine\",\"publisher\":{\"@id\":\"https:\\\/\\\/radioljubuski.ba\\\/#organization\"},\"potentialAction\":[{\"@type\":\"SearchAction\",\"target\":{\"@type\":\"EntryPoint\",\"urlTemplate\":\"https:\\\/\\\/radioljubuski.ba\\\/?s={search_term_string}\"},\"query-input\":{\"@type\":\"PropertyValueSpecification\",\"valueRequired\":true,\"valueName\":\"search_term_string\"}}],\"inLanguage\":\"hr\"},{\"@type\":\"Organization\",\"@id\":\"https:\\\/\\\/radioljubuski.ba\\\/#organization\",\"name\":\"Radio Ljubu\u0161ki\",\"url\":\"https:\\\/\\\/radioljubuski.ba\\\/\",\"logo\":{\"@type\":\"ImageObject\",\"inLanguage\":\"hr\",\"@id\":\"https:\\\/\\\/radioljubuski.ba\\\/#\\\/schema\\\/logo\\\/image\\\/\",\"url\":\"https:\\\/\\\/radioljubuski.ba\\\/wp-content\\\/uploads\\\/2021\\\/02\\\/cropped-Radio_Ljubuski_logo1.jpg\",\"contentUrl\":\"https:\\\/\\\/radioljubuski.ba\\\/wp-content\\\/uploads\\\/2021\\\/02\\\/cropped-Radio_Ljubuski_logo1.jpg\",\"width\":512,\"height\":512,\"caption\":\"Radio Ljubu\u0161ki\"},\"image\":{\"@id\":\"https:\\\/\\\/radioljubuski.ba\\\/#\\\/schema\\\/logo\\\/image\\\/\"},\"sameAs\":[\"https:\\\/\\\/www.facebook.com\\\/Radiio-Ljubuski-1490835324566332\",\"https:\\\/\\\/x.com\\\/radioljubuski\",\"https:\\\/\\\/hr.linkedin.com\\\/company\\\/radio-ljubuski\",\"https:\\\/\\\/www.youtube.com\\\/channel\\\/UCHYaeO_n0Db3tjNGudGpXyw\"]},{\"@type\":\"Person\",\"@id\":\"https:\\\/\\\/radioljubuski.ba\\\/#\\\/schema\\\/person\\\/19fc700381a780f69665d7956c469e3b\",\"name\":\"Radio Ljubu\u0161ki\"}]}<\/script>\n<!-- \/ Yoast SEO plugin. -->","yoast_head_json":{"title":"Priznanja Op\u0107ine Tomislavgrad KBC-u Split i Udruzi dijabeti\u010dara Krug - RADIO LJUBU\u0160KI","robots":{"index":"index","follow":"follow","max-snippet":"max-snippet:-1","max-image-preview":"max-image-preview:large","max-video-preview":"max-video-preview:-1"},"canonical":"https:\/\/radioljubuski.ba\/index.php\/2022\/06\/28\/priznanja-opcine-tomislavgrad-kbc-u-split-i-udruzi-dijabeticara-krug\/","og_locale":"hr_HR","og_type":"article","og_title":"Priznanja Op\u0107ine Tomislavgrad KBC-u Split i Udruzi dijabeti\u010dara Krug - RADIO LJUBU\u0160KI","og_description":"Op\u0107insko vije\u0107e Tomislavgrad donijelo je odluku o dodjeli javnih priznanja, a one \u0107e u povodu ovogodi\u0161njeg Dana op\u0107ine biti uru\u010dena KBC-u Split zbog iznimnih postignu\u0107a na podru\u010dju zdravstva tijekom ratnih doga\u0111aja na podru\u010dju Op\u0107ine Tomislavgrad od 1992. do 1995. godine. Prijedlog za dodjelu tog javnoga priznanja uputila je Matica hrvatske Tomislavgrad, a u odluci stoji [&hellip;]","og_url":"https:\/\/radioljubuski.ba\/index.php\/2022\/06\/28\/priznanja-opcine-tomislavgrad-kbc-u-split-i-udruzi-dijabeticara-krug\/","og_site_name":"RADIO LJUBU\u0160KI","article_publisher":"https:\/\/www.facebook.com\/Radiio-Ljubuski-1490835324566332","article_published_time":"2022-06-28T09:39:27+00:00","article_modified_time":"2022-06-28T09:39:28+00:00","og_image":[{"width":1000,"height":625,"url":"https:\/\/radioljubuski.ba\/wp-content\/uploads\/2022\/06\/10-2022-06-27-17-53-06-Snimka-zaslona-2022-06-27-175258.jpg","type":"image\/jpeg"}],"author":"Radio Ljubu\u0161ki","twitter_card":"summary_large_image","twitter_creator":"@radioljubuski","twitter_site":"@radioljubuski","twitter_misc":{"Napisao\/la":"Radio Ljubu\u0161ki","Procijenjeno vrijeme \u010ditanja":"2 minute"},"schema":{"@context":"https:\/\/schema.org","@graph":[{"@type":"Article","@id":"https:\/\/radioljubuski.ba\/index.php\/2022\/06\/28\/priznanja-opcine-tomislavgrad-kbc-u-split-i-udruzi-dijabeticara-krug\/#article","isPartOf":{"@id":"https:\/\/radioljubuski.ba\/index.php\/2022\/06\/28\/priznanja-opcine-tomislavgrad-kbc-u-split-i-udruzi-dijabeticara-krug\/"},"author":{"name":"Radio Ljubu\u0161ki","@id":"https:\/\/radioljubuski.ba\/#\/schema\/person\/19fc700381a780f69665d7956c469e3b"},"headline":"Priznanja Op\u0107ine Tomislavgrad KBC-u Split i Udruzi dijabeti\u010dara Krug","datePublished":"2022-06-28T09:39:27+00:00","dateModified":"2022-06-28T09:39:28+00:00","mainEntityOfPage":{"@id":"https:\/\/radioljubuski.ba\/index.php\/2022\/06\/28\/priznanja-opcine-tomislavgrad-kbc-u-split-i-udruzi-dijabeticara-krug\/"},"wordCount":398,"publisher":{"@id":"https:\/\/radioljubuski.ba\/#organization"},"image":{"@id":"https:\/\/radioljubuski.ba\/index.php\/2022\/06\/28\/priznanja-opcine-tomislavgrad-kbc-u-split-i-udruzi-dijabeticara-krug\/#primaryimage"},"thumbnailUrl":"https:\/\/radioljubuski.ba\/wp-content\/uploads\/2022\/06\/10-2022-06-27-17-53-06-Snimka-zaslona-2022-06-27-175258.jpg","articleSection":["BIH i regija"],"inLanguage":"hr"},{"@type":"WebPage","@id":"https:\/\/radioljubuski.ba\/index.php\/2022\/06\/28\/priznanja-opcine-tomislavgrad-kbc-u-split-i-udruzi-dijabeticara-krug\/","url":"https:\/\/radioljubuski.ba\/index.php\/2022\/06\/28\/priznanja-opcine-tomislavgrad-kbc-u-split-i-udruzi-dijabeticara-krug\/","name":"Priznanja Op\u0107ine Tomislavgrad KBC-u Split i Udruzi dijabeti\u010dara Krug - RADIO LJUBU\u0160KI","isPartOf":{"@id":"https:\/\/radioljubuski.ba\/#website"},"primaryImageOfPage":{"@id":"https:\/\/radioljubuski.ba\/index.php\/2022\/06\/28\/priznanja-opcine-tomislavgrad-kbc-u-split-i-udruzi-dijabeticara-krug\/#primaryimage"},"image":{"@id":"https:\/\/radioljubuski.ba\/index.php\/2022\/06\/28\/priznanja-opcine-tomislavgrad-kbc-u-split-i-udruzi-dijabeticara-krug\/#primaryimage"},"thumbnailUrl":"https:\/\/radioljubuski.ba\/wp-content\/uploads\/2022\/06\/10-2022-06-27-17-53-06-Snimka-zaslona-2022-06-27-175258.jpg","datePublished":"2022-06-28T09:39:27+00:00","dateModified":"2022-06-28T09:39:28+00:00","breadcrumb":{"@id":"https:\/\/radioljubuski.ba\/index.php\/2022\/06\/28\/priznanja-opcine-tomislavgrad-kbc-u-split-i-udruzi-dijabeticara-krug\/#breadcrumb"},"inLanguage":"hr","potentialAction":[{"@type":"ReadAction","target":["https:\/\/radioljubuski.ba\/index.php\/2022\/06\/28\/priznanja-opcine-tomislavgrad-kbc-u-split-i-udruzi-dijabeticara-krug\/"]}]},{"@type":"ImageObject","inLanguage":"hr","@id":"https:\/\/radioljubuski.ba\/index.php\/2022\/06\/28\/priznanja-opcine-tomislavgrad-kbc-u-split-i-udruzi-dijabeticara-krug\/#primaryimage","url":"https:\/\/radioljubuski.ba\/wp-content\/uploads\/2022\/06\/10-2022-06-27-17-53-06-Snimka-zaslona-2022-06-27-175258.jpg","contentUrl":"https:\/\/radioljubuski.ba\/wp-content\/uploads\/2022\/06\/10-2022-06-27-17-53-06-Snimka-zaslona-2022-06-27-175258.jpg","width":1000,"height":625},{"@type":"BreadcrumbList","@id":"https:\/\/radioljubuski.ba\/index.php\/2022\/06\/28\/priznanja-opcine-tomislavgrad-kbc-u-split-i-udruzi-dijabeticara-krug\/#breadcrumb","itemListElement":[{"@type":"ListItem","position":1,"name":"Po\u010detna stranica","item":"https:\/\/radioljubuski.ba\/"},{"@type":"ListItem","position":2,"name":"Priznanja Op\u0107ine Tomislavgrad KBC-u Split i Udruzi dijabeti\u010dara Krug"}]},{"@type":"WebSite","@id":"https:\/\/radioljubuski.ba\/#website","url":"https:\/\/radioljubuski.ba\/","name":"Radio Ljubu\u0161ki","description":"Sun\u010dana frekvencija Hercegovine","publisher":{"@id":"https:\/\/radioljubuski.ba\/#organization"},"potentialAction":[{"@type":"SearchAction","target":{"@type":"EntryPoint","urlTemplate":"https:\/\/radioljubuski.ba\/?s={search_term_string}"},"query-input":{"@type":"PropertyValueSpecification","valueRequired":true,"valueName":"search_term_string"}}],"inLanguage":"hr"},{"@type":"Organization","@id":"https:\/\/radioljubuski.ba\/#organization","name":"Radio Ljubu\u0161ki","url":"https:\/\/radioljubuski.ba\/","logo":{"@type":"ImageObject","inLanguage":"hr","@id":"https:\/\/radioljubuski.ba\/#\/schema\/logo\/image\/","url":"https:\/\/radioljubuski.ba\/wp-content\/uploads\/2021\/02\/cropped-Radio_Ljubuski_logo1.jpg","contentUrl":"https:\/\/radioljubuski.ba\/wp-content\/uploads\/2021\/02\/cropped-Radio_Ljubuski_logo1.jpg","width":512,"height":512,"caption":"Radio Ljubu\u0161ki"},"image":{"@id":"https:\/\/radioljubuski.ba\/#\/schema\/logo\/image\/"},"sameAs":["https:\/\/www.facebook.com\/Radiio-Ljubuski-1490835324566332","https:\/\/x.com\/radioljubuski","https:\/\/hr.linkedin.com\/company\/radio-ljubuski","https:\/\/www.youtube.com\/channel\/UCHYaeO_n0Db3tjNGudGpXyw"]},{"@type":"Person","@id":"https:\/\/radioljubuski.ba\/#\/schema\/person\/19fc700381a780f69665d7956c469e3b","name":"Radio Ljubu\u0161ki"}]}},"_links":{"self":[{"href":"https:\/\/radioljubuski.ba\/index.php\/wp-json\/wp\/v2\/posts\/154288","targetHints":{"allow":["GET"]}}],"collection":[{"href":"https:\/\/radioljubuski.ba\/index.php\/wp-json\/wp\/v2\/posts"}],"about":[{"href":"https:\/\/radioljubuski.ba\/index.php\/wp-json\/wp\/v2\/types\/post"}],"author":[{"embeddable":true,"href":"https:\/\/radioljubuski.ba\/index.php\/wp-json\/wp\/v2\/users\/2"}],"replies":[{"embeddable":true,"href":"https:\/\/radioljubuski.ba\/index.php\/wp-json\/wp\/v2\/comments?post=154288"}],"version-history":[{"count":1,"href":"https:\/\/radioljubuski.ba\/index.php\/wp-json\/wp\/v2\/posts\/154288\/revisions"}],"predecessor-version":[{"id":154290,"href":"https:\/\/radioljubuski.ba\/index.php\/wp-json\/wp\/v2\/posts\/154288\/revisions\/154290"}],"wp:featuredmedia":[{"embeddable":true,"href":"https:\/\/radioljubuski.ba\/index.php\/wp-json\/wp\/v2\/media\/154289"}],"wp:attachment":[{"href":"https:\/\/radioljubuski.ba\/index.php\/wp-json\/wp\/v2\/media?parent=154288"}],"wp:term":[{"taxonomy":"category","embeddable":true,"href":"https:\/\/radioljubuski.ba\/index.php\/wp-json\/wp\/v2\/categories?post=154288"},{"taxonomy":"post_tag","embeddable":true,"href":"https:\/\/radioljubuski.ba\/index.php\/wp-json\/wp\/v2\/tags?post=154288"}],"curies":[{"name":"wp","href":"https:\/\/api.w.org\/{rel}","templated":true}]}}