{"id":154321,"date":"2022-06-28T10:54:25","date_gmt":"2022-06-28T09:54:25","guid":{"rendered":"https:\/\/radioljubuski.ba\/?p=154321"},"modified":"2022-06-28T10:54:26","modified_gmt":"2022-06-28T09:54:26","slug":"izbornik-brazila-magarci-od-trenera-krivo-koriste-neymara","status":"publish","type":"post","link":"https:\/\/radioljubuski.ba\/index.php\/2022\/06\/28\/izbornik-brazila-magarci-od-trenera-krivo-koriste-neymara\/","title":{"rendered":"Izbornik Brazila: Magarci od trenera krivo koriste Neymara"},"content":{"rendered":"\n<p>Izbornik brazilske nogometne reprezentacije Tite gostovao je u podcastu Sexta Estrela i u njemu, izme\u0111u ostalog, govorio o Neymaru. Neymar je proteklih godina \u010desto osporavan, a situacija je do\u0161la do te mjere da ga se Paris Saint-Germain poku\u0161ava rije\u0161iti. Tite misli da je problem u njegovoj poziciji.<\/p>\n\n\n\n<h3 class=\"wp-block-heading\">Tite: Neymar nije problem, on je rje\u0161enje<\/h3>\n\n\n\n<p>&#8220;Treneri koji stavljaju Neymara na krilo za mene su magarci. Tako se samo limitiraju njegova kvaliteta i kreativnost. On nije problem, on je rje\u0161enje. Da, radit \u0107e vi\u0161e gre\u0161aka zbog prirode te pozicije, no kada to radi uz kreativnost, prevaga je na terenu&#8221;, rekao je Tite i dodao da je odabrao Neymarovog nasljednika na krilu:<\/p>\n\n\n\n<p>&#8220;Na treningu sam rekao Viniciusu: &#8216;Ti si Neymar sa Svjetskog prvenstva 2014., zato \u0161to je Neymar iz Barcelone i tada\u0161nje reprezentacije bio Neymar na lijevom krilu. Danas je to Neymar koji igra u sredini.'&#8221;<\/p>\n\n\n\n<p>Kada je Tite preuzeo reprezentaciju Brazila 2016. godine, i on je koristio Neymara na krilu. Postupno ga je prebacio u sredinu te sada 30-godi\u0161nji Neymar za Brazil vi\u0161e ne igra na poziciji na kojoj u PSG-u i dalje naj\u010de\u0161\u0107e igra. Neymar briljira u brazilskom dresu te je u 119 nastupa zabio 74 gola. Nedostaju mu jo\u0161 samo \u010detiri da prestigne Pelea i postane najbolji strijelac u povijesti Brazila.<\/p>\n\n\n\n<p>izvor: index.hr<\/p>\n","protected":false},"excerpt":{"rendered":"<p>Izbornik brazilske nogometne reprezentacije Tite gostovao je u podcastu Sexta Estrela i u njemu, izme\u0111u ostalog, govorio o Neymaru. Neymar je proteklih godina \u010desto osporavan, a situacija je do\u0161la do te mjere da ga se Paris Saint-Germain poku\u0161ava rije\u0161iti. Tite misli da je problem u njegovoj poziciji. Tite: Neymar nije problem, on je rje\u0161enje &#8220;Treneri [&hellip;]<\/p>\n","protected":false},"author":2,"featured_media":154325,"comment_status":"closed","ping_status":"closed","sticky":false,"template":"","format":"standard","meta":{"h5ap_radio_sources":[],"footnotes":""},"categories":[7],"tags":[],"class_list":["post-154321","post","type-post","status-publish","format-standard","has-post-thumbnail","hentry","category-sport"],"yoast_head":"<!-- This site is optimized with the Yoast SEO plugin v27.5 - https:\/\/yoast.com\/product\/yoast-seo-wordpress\/ -->\n<title>Izbornik Brazila: Magarci od trenera krivo koriste Neymara - RADIO LJUBU\u0160KI<\/title>\n<meta name=\"robots\" content=\"index, follow, max-snippet:-1, max-image-preview:large, max-video-preview:-1\" \/>\n<link rel=\"canonical\" href=\"https:\/\/radioljubuski.ba\/index.php\/2022\/06\/28\/izbornik-brazila-magarci-od-trenera-krivo-koriste-neymara\/\" \/>\n<meta property=\"og:locale\" content=\"hr_HR\" \/>\n<meta property=\"og:type\" content=\"article\" \/>\n<meta property=\"og:title\" content=\"Izbornik Brazila: Magarci od trenera krivo koriste Neymara - RADIO LJUBU\u0160KI\" \/>\n<meta property=\"og:description\" content=\"Izbornik brazilske nogometne reprezentacije Tite gostovao je u podcastu Sexta Estrela i u njemu, izme\u0111u ostalog, govorio o Neymaru. Neymar je proteklih godina \u010desto osporavan, a situacija je do\u0161la do te mjere da ga se Paris Saint-Germain poku\u0161ava rije\u0161iti. Tite misli da je problem u njegovoj poziciji. Tite: Neymar nije problem, on je rje\u0161enje &#8220;Treneri [&hellip;]\" \/>\n<meta property=\"og:url\" content=\"https:\/\/radioljubuski.ba\/index.php\/2022\/06\/28\/izbornik-brazila-magarci-od-trenera-krivo-koriste-neymara\/\" \/>\n<meta property=\"og:site_name\" content=\"RADIO LJUBU\u0160KI\" \/>\n<meta property=\"article:publisher\" content=\"https:\/\/www.facebook.com\/Radiio-Ljubuski-1490835324566332\" \/>\n<meta property=\"article:published_time\" content=\"2022-06-28T09:54:25+00:00\" \/>\n<meta property=\"article:modified_time\" content=\"2022-06-28T09:54:26+00:00\" \/>\n<meta property=\"og:image\" content=\"https:\/\/radioljubuski.ba\/wp-content\/uploads\/2022\/06\/tite.jpg\" \/>\n\t<meta property=\"og:image:width\" content=\"285\" \/>\n\t<meta property=\"og:image:height\" content=\"177\" \/>\n\t<meta property=\"og:image:type\" content=\"image\/jpeg\" \/>\n<meta name=\"author\" content=\"Radio Ljubu\u0161ki\" \/>\n<meta name=\"twitter:card\" content=\"summary_large_image\" \/>\n<meta name=\"twitter:creator\" content=\"@radioljubuski\" \/>\n<meta name=\"twitter:site\" content=\"@radioljubuski\" \/>\n<meta name=\"twitter:label1\" content=\"Napisao\/la\" \/>\n\t<meta name=\"twitter:data1\" content=\"Radio Ljubu\u0161ki\" \/>\n\t<meta name=\"twitter:label2\" content=\"Procijenjeno vrijeme \u010ditanja\" \/>\n\t<meta name=\"twitter:data2\" content=\"1 minuta\" \/>\n<script type=\"application\/ld+json\" class=\"yoast-schema-graph\">{\"@context\":\"https:\\\/\\\/schema.org\",\"@graph\":[{\"@type\":\"Article\",\"@id\":\"https:\\\/\\\/radioljubuski.ba\\\/index.php\\\/2022\\\/06\\\/28\\\/izbornik-brazila-magarci-od-trenera-krivo-koriste-neymara\\\/#article\",\"isPartOf\":{\"@id\":\"https:\\\/\\\/radioljubuski.ba\\\/index.php\\\/2022\\\/06\\\/28\\\/izbornik-brazila-magarci-od-trenera-krivo-koriste-neymara\\\/\"},\"author\":{\"name\":\"Radio Ljubu\u0161ki\",\"@id\":\"https:\\\/\\\/radioljubuski.ba\\\/#\\\/schema\\\/person\\\/19fc700381a780f69665d7956c469e3b\"},\"headline\":\"Izbornik Brazila: Magarci od trenera krivo koriste Neymara\",\"datePublished\":\"2022-06-28T09:54:25+00:00\",\"dateModified\":\"2022-06-28T09:54:26+00:00\",\"mainEntityOfPage\":{\"@id\":\"https:\\\/\\\/radioljubuski.ba\\\/index.php\\\/2022\\\/06\\\/28\\\/izbornik-brazila-magarci-od-trenera-krivo-koriste-neymara\\\/\"},\"wordCount\":231,\"publisher\":{\"@id\":\"https:\\\/\\\/radioljubuski.ba\\\/#organization\"},\"image\":{\"@id\":\"https:\\\/\\\/radioljubuski.ba\\\/index.php\\\/2022\\\/06\\\/28\\\/izbornik-brazila-magarci-od-trenera-krivo-koriste-neymara\\\/#primaryimage\"},\"thumbnailUrl\":\"https:\\\/\\\/radioljubuski.ba\\\/wp-content\\\/uploads\\\/2022\\\/06\\\/tite.jpg\",\"articleSection\":[\"\u0160port\"],\"inLanguage\":\"hr\"},{\"@type\":\"WebPage\",\"@id\":\"https:\\\/\\\/radioljubuski.ba\\\/index.php\\\/2022\\\/06\\\/28\\\/izbornik-brazila-magarci-od-trenera-krivo-koriste-neymara\\\/\",\"url\":\"https:\\\/\\\/radioljubuski.ba\\\/index.php\\\/2022\\\/06\\\/28\\\/izbornik-brazila-magarci-od-trenera-krivo-koriste-neymara\\\/\",\"name\":\"Izbornik Brazila: Magarci od trenera krivo koriste Neymara - RADIO LJUBU\u0160KI\",\"isPartOf\":{\"@id\":\"https:\\\/\\\/radioljubuski.ba\\\/#website\"},\"primaryImageOfPage\":{\"@id\":\"https:\\\/\\\/radioljubuski.ba\\\/index.php\\\/2022\\\/06\\\/28\\\/izbornik-brazila-magarci-od-trenera-krivo-koriste-neymara\\\/#primaryimage\"},\"image\":{\"@id\":\"https:\\\/\\\/radioljubuski.ba\\\/index.php\\\/2022\\\/06\\\/28\\\/izbornik-brazila-magarci-od-trenera-krivo-koriste-neymara\\\/#primaryimage\"},\"thumbnailUrl\":\"https:\\\/\\\/radioljubuski.ba\\\/wp-content\\\/uploads\\\/2022\\\/06\\\/tite.jpg\",\"datePublished\":\"2022-06-28T09:54:25+00:00\",\"dateModified\":\"2022-06-28T09:54:26+00:00\",\"breadcrumb\":{\"@id\":\"https:\\\/\\\/radioljubuski.ba\\\/index.php\\\/2022\\\/06\\\/28\\\/izbornik-brazila-magarci-od-trenera-krivo-koriste-neymara\\\/#breadcrumb\"},\"inLanguage\":\"hr\",\"potentialAction\":[{\"@type\":\"ReadAction\",\"target\":[\"https:\\\/\\\/radioljubuski.ba\\\/index.php\\\/2022\\\/06\\\/28\\\/izbornik-brazila-magarci-od-trenera-krivo-koriste-neymara\\\/\"]}]},{\"@type\":\"ImageObject\",\"inLanguage\":\"hr\",\"@id\":\"https:\\\/\\\/radioljubuski.ba\\\/index.php\\\/2022\\\/06\\\/28\\\/izbornik-brazila-magarci-od-trenera-krivo-koriste-neymara\\\/#primaryimage\",\"url\":\"https:\\\/\\\/radioljubuski.ba\\\/wp-content\\\/uploads\\\/2022\\\/06\\\/tite.jpg\",\"contentUrl\":\"https:\\\/\\\/radioljubuski.ba\\\/wp-content\\\/uploads\\\/2022\\\/06\\\/tite.jpg\",\"width\":285,\"height\":177},{\"@type\":\"BreadcrumbList\",\"@id\":\"https:\\\/\\\/radioljubuski.ba\\\/index.php\\\/2022\\\/06\\\/28\\\/izbornik-brazila-magarci-od-trenera-krivo-koriste-neymara\\\/#breadcrumb\",\"itemListElement\":[{\"@type\":\"ListItem\",\"position\":1,\"name\":\"Po\u010detna stranica\",\"item\":\"https:\\\/\\\/radioljubuski.ba\\\/\"},{\"@type\":\"ListItem\",\"position\":2,\"name\":\"Izbornik Brazila: Magarci od trenera krivo koriste Neymara\"}]},{\"@type\":\"WebSite\",\"@id\":\"https:\\\/\\\/radioljubuski.ba\\\/#website\",\"url\":\"https:\\\/\\\/radioljubuski.ba\\\/\",\"name\":\"Radio Ljubu\u0161ki\",\"description\":\"Sun\u010dana frekvencija Hercegovine\",\"publisher\":{\"@id\":\"https:\\\/\\\/radioljubuski.ba\\\/#organization\"},\"potentialAction\":[{\"@type\":\"SearchAction\",\"target\":{\"@type\":\"EntryPoint\",\"urlTemplate\":\"https:\\\/\\\/radioljubuski.ba\\\/?s={search_term_string}\"},\"query-input\":{\"@type\":\"PropertyValueSpecification\",\"valueRequired\":true,\"valueName\":\"search_term_string\"}}],\"inLanguage\":\"hr\"},{\"@type\":\"Organization\",\"@id\":\"https:\\\/\\\/radioljubuski.ba\\\/#organization\",\"name\":\"Radio Ljubu\u0161ki\",\"url\":\"https:\\\/\\\/radioljubuski.ba\\\/\",\"logo\":{\"@type\":\"ImageObject\",\"inLanguage\":\"hr\",\"@id\":\"https:\\\/\\\/radioljubuski.ba\\\/#\\\/schema\\\/logo\\\/image\\\/\",\"url\":\"https:\\\/\\\/radioljubuski.ba\\\/wp-content\\\/uploads\\\/2021\\\/02\\\/cropped-Radio_Ljubuski_logo1.jpg\",\"contentUrl\":\"https:\\\/\\\/radioljubuski.ba\\\/wp-content\\\/uploads\\\/2021\\\/02\\\/cropped-Radio_Ljubuski_logo1.jpg\",\"width\":512,\"height\":512,\"caption\":\"Radio Ljubu\u0161ki\"},\"image\":{\"@id\":\"https:\\\/\\\/radioljubuski.ba\\\/#\\\/schema\\\/logo\\\/image\\\/\"},\"sameAs\":[\"https:\\\/\\\/www.facebook.com\\\/Radiio-Ljubuski-1490835324566332\",\"https:\\\/\\\/x.com\\\/radioljubuski\",\"https:\\\/\\\/hr.linkedin.com\\\/company\\\/radio-ljubuski\",\"https:\\\/\\\/www.youtube.com\\\/channel\\\/UCHYaeO_n0Db3tjNGudGpXyw\"]},{\"@type\":\"Person\",\"@id\":\"https:\\\/\\\/radioljubuski.ba\\\/#\\\/schema\\\/person\\\/19fc700381a780f69665d7956c469e3b\",\"name\":\"Radio Ljubu\u0161ki\"}]}<\/script>\n<!-- \/ Yoast SEO plugin. -->","yoast_head_json":{"title":"Izbornik Brazila: Magarci od trenera krivo koriste Neymara - RADIO LJUBU\u0160KI","robots":{"index":"index","follow":"follow","max-snippet":"max-snippet:-1","max-image-preview":"max-image-preview:large","max-video-preview":"max-video-preview:-1"},"canonical":"https:\/\/radioljubuski.ba\/index.php\/2022\/06\/28\/izbornik-brazila-magarci-od-trenera-krivo-koriste-neymara\/","og_locale":"hr_HR","og_type":"article","og_title":"Izbornik Brazila: Magarci od trenera krivo koriste Neymara - RADIO LJUBU\u0160KI","og_description":"Izbornik brazilske nogometne reprezentacije Tite gostovao je u podcastu Sexta Estrela i u njemu, izme\u0111u ostalog, govorio o Neymaru. Neymar je proteklih godina \u010desto osporavan, a situacija je do\u0161la do te mjere da ga se Paris Saint-Germain poku\u0161ava rije\u0161iti. Tite misli da je problem u njegovoj poziciji. Tite: Neymar nije problem, on je rje\u0161enje &#8220;Treneri [&hellip;]","og_url":"https:\/\/radioljubuski.ba\/index.php\/2022\/06\/28\/izbornik-brazila-magarci-od-trenera-krivo-koriste-neymara\/","og_site_name":"RADIO LJUBU\u0160KI","article_publisher":"https:\/\/www.facebook.com\/Radiio-Ljubuski-1490835324566332","article_published_time":"2022-06-28T09:54:25+00:00","article_modified_time":"2022-06-28T09:54:26+00:00","og_image":[{"width":285,"height":177,"url":"https:\/\/radioljubuski.ba\/wp-content\/uploads\/2022\/06\/tite.jpg","type":"image\/jpeg"}],"author":"Radio Ljubu\u0161ki","twitter_card":"summary_large_image","twitter_creator":"@radioljubuski","twitter_site":"@radioljubuski","twitter_misc":{"Napisao\/la":"Radio Ljubu\u0161ki","Procijenjeno vrijeme \u010ditanja":"1 minuta"},"schema":{"@context":"https:\/\/schema.org","@graph":[{"@type":"Article","@id":"https:\/\/radioljubuski.ba\/index.php\/2022\/06\/28\/izbornik-brazila-magarci-od-trenera-krivo-koriste-neymara\/#article","isPartOf":{"@id":"https:\/\/radioljubuski.ba\/index.php\/2022\/06\/28\/izbornik-brazila-magarci-od-trenera-krivo-koriste-neymara\/"},"author":{"name":"Radio Ljubu\u0161ki","@id":"https:\/\/radioljubuski.ba\/#\/schema\/person\/19fc700381a780f69665d7956c469e3b"},"headline":"Izbornik Brazila: Magarci od trenera krivo koriste Neymara","datePublished":"2022-06-28T09:54:25+00:00","dateModified":"2022-06-28T09:54:26+00:00","mainEntityOfPage":{"@id":"https:\/\/radioljubuski.ba\/index.php\/2022\/06\/28\/izbornik-brazila-magarci-od-trenera-krivo-koriste-neymara\/"},"wordCount":231,"publisher":{"@id":"https:\/\/radioljubuski.ba\/#organization"},"image":{"@id":"https:\/\/radioljubuski.ba\/index.php\/2022\/06\/28\/izbornik-brazila-magarci-od-trenera-krivo-koriste-neymara\/#primaryimage"},"thumbnailUrl":"https:\/\/radioljubuski.ba\/wp-content\/uploads\/2022\/06\/tite.jpg","articleSection":["\u0160port"],"inLanguage":"hr"},{"@type":"WebPage","@id":"https:\/\/radioljubuski.ba\/index.php\/2022\/06\/28\/izbornik-brazila-magarci-od-trenera-krivo-koriste-neymara\/","url":"https:\/\/radioljubuski.ba\/index.php\/2022\/06\/28\/izbornik-brazila-magarci-od-trenera-krivo-koriste-neymara\/","name":"Izbornik Brazila: Magarci od trenera krivo koriste Neymara - RADIO LJUBU\u0160KI","isPartOf":{"@id":"https:\/\/radioljubuski.ba\/#website"},"primaryImageOfPage":{"@id":"https:\/\/radioljubuski.ba\/index.php\/2022\/06\/28\/izbornik-brazila-magarci-od-trenera-krivo-koriste-neymara\/#primaryimage"},"image":{"@id":"https:\/\/radioljubuski.ba\/index.php\/2022\/06\/28\/izbornik-brazila-magarci-od-trenera-krivo-koriste-neymara\/#primaryimage"},"thumbnailUrl":"https:\/\/radioljubuski.ba\/wp-content\/uploads\/2022\/06\/tite.jpg","datePublished":"2022-06-28T09:54:25+00:00","dateModified":"2022-06-28T09:54:26+00:00","breadcrumb":{"@id":"https:\/\/radioljubuski.ba\/index.php\/2022\/06\/28\/izbornik-brazila-magarci-od-trenera-krivo-koriste-neymara\/#breadcrumb"},"inLanguage":"hr","potentialAction":[{"@type":"ReadAction","target":["https:\/\/radioljubuski.ba\/index.php\/2022\/06\/28\/izbornik-brazila-magarci-od-trenera-krivo-koriste-neymara\/"]}]},{"@type":"ImageObject","inLanguage":"hr","@id":"https:\/\/radioljubuski.ba\/index.php\/2022\/06\/28\/izbornik-brazila-magarci-od-trenera-krivo-koriste-neymara\/#primaryimage","url":"https:\/\/radioljubuski.ba\/wp-content\/uploads\/2022\/06\/tite.jpg","contentUrl":"https:\/\/radioljubuski.ba\/wp-content\/uploads\/2022\/06\/tite.jpg","width":285,"height":177},{"@type":"BreadcrumbList","@id":"https:\/\/radioljubuski.ba\/index.php\/2022\/06\/28\/izbornik-brazila-magarci-od-trenera-krivo-koriste-neymara\/#breadcrumb","itemListElement":[{"@type":"ListItem","position":1,"name":"Po\u010detna stranica","item":"https:\/\/radioljubuski.ba\/"},{"@type":"ListItem","position":2,"name":"Izbornik Brazila: Magarci od trenera krivo koriste Neymara"}]},{"@type":"WebSite","@id":"https:\/\/radioljubuski.ba\/#website","url":"https:\/\/radioljubuski.ba\/","name":"Radio Ljubu\u0161ki","description":"Sun\u010dana frekvencija Hercegovine","publisher":{"@id":"https:\/\/radioljubuski.ba\/#organization"},"potentialAction":[{"@type":"SearchAction","target":{"@type":"EntryPoint","urlTemplate":"https:\/\/radioljubuski.ba\/?s={search_term_string}"},"query-input":{"@type":"PropertyValueSpecification","valueRequired":true,"valueName":"search_term_string"}}],"inLanguage":"hr"},{"@type":"Organization","@id":"https:\/\/radioljubuski.ba\/#organization","name":"Radio Ljubu\u0161ki","url":"https:\/\/radioljubuski.ba\/","logo":{"@type":"ImageObject","inLanguage":"hr","@id":"https:\/\/radioljubuski.ba\/#\/schema\/logo\/image\/","url":"https:\/\/radioljubuski.ba\/wp-content\/uploads\/2021\/02\/cropped-Radio_Ljubuski_logo1.jpg","contentUrl":"https:\/\/radioljubuski.ba\/wp-content\/uploads\/2021\/02\/cropped-Radio_Ljubuski_logo1.jpg","width":512,"height":512,"caption":"Radio Ljubu\u0161ki"},"image":{"@id":"https:\/\/radioljubuski.ba\/#\/schema\/logo\/image\/"},"sameAs":["https:\/\/www.facebook.com\/Radiio-Ljubuski-1490835324566332","https:\/\/x.com\/radioljubuski","https:\/\/hr.linkedin.com\/company\/radio-ljubuski","https:\/\/www.youtube.com\/channel\/UCHYaeO_n0Db3tjNGudGpXyw"]},{"@type":"Person","@id":"https:\/\/radioljubuski.ba\/#\/schema\/person\/19fc700381a780f69665d7956c469e3b","name":"Radio Ljubu\u0161ki"}]}},"_links":{"self":[{"href":"https:\/\/radioljubuski.ba\/index.php\/wp-json\/wp\/v2\/posts\/154321","targetHints":{"allow":["GET"]}}],"collection":[{"href":"https:\/\/radioljubuski.ba\/index.php\/wp-json\/wp\/v2\/posts"}],"about":[{"href":"https:\/\/radioljubuski.ba\/index.php\/wp-json\/wp\/v2\/types\/post"}],"author":[{"embeddable":true,"href":"https:\/\/radioljubuski.ba\/index.php\/wp-json\/wp\/v2\/users\/2"}],"replies":[{"embeddable":true,"href":"https:\/\/radioljubuski.ba\/index.php\/wp-json\/wp\/v2\/comments?post=154321"}],"version-history":[{"count":1,"href":"https:\/\/radioljubuski.ba\/index.php\/wp-json\/wp\/v2\/posts\/154321\/revisions"}],"predecessor-version":[{"id":154326,"href":"https:\/\/radioljubuski.ba\/index.php\/wp-json\/wp\/v2\/posts\/154321\/revisions\/154326"}],"wp:featuredmedia":[{"embeddable":true,"href":"https:\/\/radioljubuski.ba\/index.php\/wp-json\/wp\/v2\/media\/154325"}],"wp:attachment":[{"href":"https:\/\/radioljubuski.ba\/index.php\/wp-json\/wp\/v2\/media?parent=154321"}],"wp:term":[{"taxonomy":"category","embeddable":true,"href":"https:\/\/radioljubuski.ba\/index.php\/wp-json\/wp\/v2\/categories?post=154321"},{"taxonomy":"post_tag","embeddable":true,"href":"https:\/\/radioljubuski.ba\/index.php\/wp-json\/wp\/v2\/tags?post=154321"}],"curies":[{"name":"wp","href":"https:\/\/api.w.org\/{rel}","templated":true}]}}