{"id":154359,"date":"2022-06-28T11:10:21","date_gmt":"2022-06-28T10:10:21","guid":{"rendered":"https:\/\/radioljubuski.ba\/?p=154359"},"modified":"2022-06-28T11:10:22","modified_gmt":"2022-06-28T10:10:22","slug":"porezna-u-hnz-zbog-fiskalnih-racuna-i-rada-na-crno-napisala-85-400-km-kazni","status":"publish","type":"post","link":"https:\/\/radioljubuski.ba\/index.php\/2022\/06\/28\/porezna-u-hnz-zbog-fiskalnih-racuna-i-rada-na-crno-napisala-85-400-km-kazni\/","title":{"rendered":"Porezna u HN\u017d zbog fiskalnih ra\u010duna i rada na crno napisala 85.400 KM kazni"},"content":{"rendered":"\n<p>Inspektori Porezne uprave Federacije BiH &#8211; \u017dupanijskog poreznog ureda Mostar su u nedavnim inspekcijskim kontrolama na podru\u010dju Hercegova\u010dko-neretvanske \u017eupanije zape\u010datili devet objekta i izdali 41 prekr\u0161ajni nalog s ukupno izre\u010denim nov\u010danim kaznama u iznosu od 85.400 maraka. <\/p>\n\n\n\n<p>Inspektori Porezne uprave Federacije BiH &#8211; \u017dupanijskog poreznog ureda Mostar izvr\u0161ili su 2., 9. i 24. lipnja 72 inspekcijske kontrole tzv. akcije kojima su bili obuhva\u0107eni porezni obveznici koji obavljaju djelatnost trgovine, gra\u0111evinarstva, prire\u0111ivanja igara na sre\u0107u kla\u0111enjem, ugostiteljstva i ostalih uslu\u017enih djelatnosti. <\/p>\n\n\n\n<p>Kontrole su izvr\u0161ene na podru\u010dju Mostara, Stoca, \u010citluka, Konjica, Prozora\/Rame, Neuma, \u010capljine i Jablanice s ciljem provjere po\u0161tivanja Zakona o fiskalnim sustavima i zapo\u0161ljavanja radnika na crno, priop\u0107eno je iz Porezne uprave FBiH. <\/p>\n\n\n\n<p>U ovim kontrolama inspektori Porezne uprave otkrili su 8 neprijavljenih radnika, 21 obveznika koji nije evidentirao promet putem fiskalnog ure\u0111aja, jednog obveznika koji nije imao fiskaliziran fiskalni ure\u0111aj i dva objekta koja su obavljala djelatnost bez odobrenja za rad nadle\u017enog organa. <\/p>\n\n\n\n<p>Zbog utvr\u0111enih nepravilnosti i to, zapo\u0161ljavanje neprijavljenih radnika, neevidentiranje prometa putem fiskalnog ure\u0111aja, nepostojanja fiskaliziranog fiskalnog ure\u0111aja i rada bez odobrenja, zape\u010da\u0107eno je devet objekta i izdan je 41 prekr\u0161ajni nalog s ukupno izre\u010denim nov\u010danim kaznama u iznosu od 85.400 maraka, naveli su iz Porezne uprave. <\/p>\n\n\n\n<p>Iz ove federalne institucije poru\u010dili su da \u0107e nastaviti aktivnosti inspekcijskog nadzora na kontroli zakonitosti poslovanja poreznih obveznika i spre\u010davanju sive ekonomije i u nadolaze\u0107em razdoblju. Tako\u0111er, iz Porezne uprave su pozvali porezne obveznike kod kojih su utvr\u0111ene nepravilnosti da usklade svoje poslovanje i da po\u0161tuju zakone kako se ne bi izlagali sankcijama i nepotrebnim tro\u0161kovima. <\/p>\n\n\n\n<p>Izvor: Bljesak.info<\/p>\n","protected":false},"excerpt":{"rendered":"<p>Inspektori Porezne uprave Federacije BiH &#8211; \u017dupanijskog poreznog ureda Mostar su u nedavnim inspekcijskim kontrolama na podru\u010dju Hercegova\u010dko-neretvanske \u017eupanije zape\u010datili devet objekta i izdali 41 prekr\u0161ajni nalog s ukupno izre\u010denim nov\u010danim kaznama u iznosu od 85.400 maraka. Inspektori Porezne uprave Federacije BiH &#8211; \u017dupanijskog poreznog ureda Mostar izvr\u0161ili su 2., 9. i 24. lipnja 72 [&hellip;]<\/p>\n","protected":false},"author":2,"featured_media":122881,"comment_status":"closed","ping_status":"closed","sticky":false,"template":"","format":"standard","meta":{"h5ap_radio_sources":[],"footnotes":""},"categories":[1],"tags":[],"class_list":["post-154359","post","type-post","status-publish","format-standard","has-post-thumbnail","hentry","category-bihiregija"],"yoast_head":"<!-- This site is optimized with the Yoast SEO plugin v27.5 - https:\/\/yoast.com\/product\/yoast-seo-wordpress\/ -->\n<title>Porezna u HN\u017d zbog fiskalnih ra\u010duna i rada na crno napisala 85.400 KM kazni - RADIO LJUBU\u0160KI<\/title>\n<meta name=\"robots\" content=\"index, follow, max-snippet:-1, max-image-preview:large, max-video-preview:-1\" \/>\n<link rel=\"canonical\" href=\"https:\/\/radioljubuski.ba\/index.php\/2022\/06\/28\/porezna-u-hnz-zbog-fiskalnih-racuna-i-rada-na-crno-napisala-85-400-km-kazni\/\" \/>\n<meta property=\"og:locale\" content=\"hr_HR\" \/>\n<meta property=\"og:type\" content=\"article\" \/>\n<meta property=\"og:title\" content=\"Porezna u HN\u017d zbog fiskalnih ra\u010duna i rada na crno napisala 85.400 KM kazni - RADIO LJUBU\u0160KI\" \/>\n<meta property=\"og:description\" content=\"Inspektori Porezne uprave Federacije BiH &#8211; \u017dupanijskog poreznog ureda Mostar su u nedavnim inspekcijskim kontrolama na podru\u010dju Hercegova\u010dko-neretvanske \u017eupanije zape\u010datili devet objekta i izdali 41 prekr\u0161ajni nalog s ukupno izre\u010denim nov\u010danim kaznama u iznosu od 85.400 maraka. Inspektori Porezne uprave Federacije BiH &#8211; \u017dupanijskog poreznog ureda Mostar izvr\u0161ili su 2., 9. i 24. lipnja 72 [&hellip;]\" \/>\n<meta property=\"og:url\" content=\"https:\/\/radioljubuski.ba\/index.php\/2022\/06\/28\/porezna-u-hnz-zbog-fiskalnih-racuna-i-rada-na-crno-napisala-85-400-km-kazni\/\" \/>\n<meta property=\"og:site_name\" content=\"RADIO LJUBU\u0160KI\" \/>\n<meta property=\"article:publisher\" content=\"https:\/\/www.facebook.com\/Radiio-Ljubuski-1490835324566332\" \/>\n<meta property=\"article:published_time\" content=\"2022-06-28T10:10:21+00:00\" \/>\n<meta property=\"article:modified_time\" content=\"2022-06-28T10:10:22+00:00\" \/>\n<meta property=\"og:image\" content=\"https:\/\/radioljubuski.ba\/wp-content\/uploads\/2022\/03\/lgdkE38P_inspekcija.png\" \/>\n\t<meta property=\"og:image:width\" content=\"1000\" \/>\n\t<meta property=\"og:image:height\" content=\"625\" \/>\n\t<meta property=\"og:image:type\" content=\"image\/png\" \/>\n<meta name=\"author\" content=\"Radio Ljubu\u0161ki\" \/>\n<meta name=\"twitter:card\" content=\"summary_large_image\" \/>\n<meta name=\"twitter:creator\" content=\"@radioljubuski\" \/>\n<meta name=\"twitter:site\" content=\"@radioljubuski\" \/>\n<meta name=\"twitter:label1\" content=\"Napisao\/la\" \/>\n\t<meta name=\"twitter:data1\" content=\"Radio Ljubu\u0161ki\" \/>\n\t<meta name=\"twitter:label2\" content=\"Procijenjeno vrijeme \u010ditanja\" \/>\n\t<meta name=\"twitter:data2\" content=\"2 minute\" \/>\n<script type=\"application\/ld+json\" class=\"yoast-schema-graph\">{\"@context\":\"https:\\\/\\\/schema.org\",\"@graph\":[{\"@type\":\"Article\",\"@id\":\"https:\\\/\\\/radioljubuski.ba\\\/index.php\\\/2022\\\/06\\\/28\\\/porezna-u-hnz-zbog-fiskalnih-racuna-i-rada-na-crno-napisala-85-400-km-kazni\\\/#article\",\"isPartOf\":{\"@id\":\"https:\\\/\\\/radioljubuski.ba\\\/index.php\\\/2022\\\/06\\\/28\\\/porezna-u-hnz-zbog-fiskalnih-racuna-i-rada-na-crno-napisala-85-400-km-kazni\\\/\"},\"author\":{\"name\":\"Radio Ljubu\u0161ki\",\"@id\":\"https:\\\/\\\/radioljubuski.ba\\\/#\\\/schema\\\/person\\\/19fc700381a780f69665d7956c469e3b\"},\"headline\":\"Porezna u HN\u017d zbog fiskalnih ra\u010duna i rada na crno napisala 85.400 KM kazni\",\"datePublished\":\"2022-06-28T10:10:21+00:00\",\"dateModified\":\"2022-06-28T10:10:22+00:00\",\"mainEntityOfPage\":{\"@id\":\"https:\\\/\\\/radioljubuski.ba\\\/index.php\\\/2022\\\/06\\\/28\\\/porezna-u-hnz-zbog-fiskalnih-racuna-i-rada-na-crno-napisala-85-400-km-kazni\\\/\"},\"wordCount\":301,\"publisher\":{\"@id\":\"https:\\\/\\\/radioljubuski.ba\\\/#organization\"},\"image\":{\"@id\":\"https:\\\/\\\/radioljubuski.ba\\\/index.php\\\/2022\\\/06\\\/28\\\/porezna-u-hnz-zbog-fiskalnih-racuna-i-rada-na-crno-napisala-85-400-km-kazni\\\/#primaryimage\"},\"thumbnailUrl\":\"https:\\\/\\\/radioljubuski.ba\\\/wp-content\\\/uploads\\\/2022\\\/03\\\/lgdkE38P_inspekcija.png\",\"articleSection\":[\"BIH i regija\"],\"inLanguage\":\"hr\"},{\"@type\":\"WebPage\",\"@id\":\"https:\\\/\\\/radioljubuski.ba\\\/index.php\\\/2022\\\/06\\\/28\\\/porezna-u-hnz-zbog-fiskalnih-racuna-i-rada-na-crno-napisala-85-400-km-kazni\\\/\",\"url\":\"https:\\\/\\\/radioljubuski.ba\\\/index.php\\\/2022\\\/06\\\/28\\\/porezna-u-hnz-zbog-fiskalnih-racuna-i-rada-na-crno-napisala-85-400-km-kazni\\\/\",\"name\":\"Porezna u HN\u017d zbog fiskalnih ra\u010duna i rada na crno napisala 85.400 KM kazni - RADIO LJUBU\u0160KI\",\"isPartOf\":{\"@id\":\"https:\\\/\\\/radioljubuski.ba\\\/#website\"},\"primaryImageOfPage\":{\"@id\":\"https:\\\/\\\/radioljubuski.ba\\\/index.php\\\/2022\\\/06\\\/28\\\/porezna-u-hnz-zbog-fiskalnih-racuna-i-rada-na-crno-napisala-85-400-km-kazni\\\/#primaryimage\"},\"image\":{\"@id\":\"https:\\\/\\\/radioljubuski.ba\\\/index.php\\\/2022\\\/06\\\/28\\\/porezna-u-hnz-zbog-fiskalnih-racuna-i-rada-na-crno-napisala-85-400-km-kazni\\\/#primaryimage\"},\"thumbnailUrl\":\"https:\\\/\\\/radioljubuski.ba\\\/wp-content\\\/uploads\\\/2022\\\/03\\\/lgdkE38P_inspekcija.png\",\"datePublished\":\"2022-06-28T10:10:21+00:00\",\"dateModified\":\"2022-06-28T10:10:22+00:00\",\"breadcrumb\":{\"@id\":\"https:\\\/\\\/radioljubuski.ba\\\/index.php\\\/2022\\\/06\\\/28\\\/porezna-u-hnz-zbog-fiskalnih-racuna-i-rada-na-crno-napisala-85-400-km-kazni\\\/#breadcrumb\"},\"inLanguage\":\"hr\",\"potentialAction\":[{\"@type\":\"ReadAction\",\"target\":[\"https:\\\/\\\/radioljubuski.ba\\\/index.php\\\/2022\\\/06\\\/28\\\/porezna-u-hnz-zbog-fiskalnih-racuna-i-rada-na-crno-napisala-85-400-km-kazni\\\/\"]}]},{\"@type\":\"ImageObject\",\"inLanguage\":\"hr\",\"@id\":\"https:\\\/\\\/radioljubuski.ba\\\/index.php\\\/2022\\\/06\\\/28\\\/porezna-u-hnz-zbog-fiskalnih-racuna-i-rada-na-crno-napisala-85-400-km-kazni\\\/#primaryimage\",\"url\":\"https:\\\/\\\/radioljubuski.ba\\\/wp-content\\\/uploads\\\/2022\\\/03\\\/lgdkE38P_inspekcija.png\",\"contentUrl\":\"https:\\\/\\\/radioljubuski.ba\\\/wp-content\\\/uploads\\\/2022\\\/03\\\/lgdkE38P_inspekcija.png\",\"width\":1000,\"height\":625},{\"@type\":\"BreadcrumbList\",\"@id\":\"https:\\\/\\\/radioljubuski.ba\\\/index.php\\\/2022\\\/06\\\/28\\\/porezna-u-hnz-zbog-fiskalnih-racuna-i-rada-na-crno-napisala-85-400-km-kazni\\\/#breadcrumb\",\"itemListElement\":[{\"@type\":\"ListItem\",\"position\":1,\"name\":\"Po\u010detna stranica\",\"item\":\"https:\\\/\\\/radioljubuski.ba\\\/\"},{\"@type\":\"ListItem\",\"position\":2,\"name\":\"Porezna u HN\u017d zbog fiskalnih ra\u010duna i rada na crno napisala 85.400 KM kazni\"}]},{\"@type\":\"WebSite\",\"@id\":\"https:\\\/\\\/radioljubuski.ba\\\/#website\",\"url\":\"https:\\\/\\\/radioljubuski.ba\\\/\",\"name\":\"Radio Ljubu\u0161ki\",\"description\":\"Sun\u010dana frekvencija Hercegovine\",\"publisher\":{\"@id\":\"https:\\\/\\\/radioljubuski.ba\\\/#organization\"},\"potentialAction\":[{\"@type\":\"SearchAction\",\"target\":{\"@type\":\"EntryPoint\",\"urlTemplate\":\"https:\\\/\\\/radioljubuski.ba\\\/?s={search_term_string}\"},\"query-input\":{\"@type\":\"PropertyValueSpecification\",\"valueRequired\":true,\"valueName\":\"search_term_string\"}}],\"inLanguage\":\"hr\"},{\"@type\":\"Organization\",\"@id\":\"https:\\\/\\\/radioljubuski.ba\\\/#organization\",\"name\":\"Radio Ljubu\u0161ki\",\"url\":\"https:\\\/\\\/radioljubuski.ba\\\/\",\"logo\":{\"@type\":\"ImageObject\",\"inLanguage\":\"hr\",\"@id\":\"https:\\\/\\\/radioljubuski.ba\\\/#\\\/schema\\\/logo\\\/image\\\/\",\"url\":\"https:\\\/\\\/radioljubuski.ba\\\/wp-content\\\/uploads\\\/2021\\\/02\\\/cropped-Radio_Ljubuski_logo1.jpg\",\"contentUrl\":\"https:\\\/\\\/radioljubuski.ba\\\/wp-content\\\/uploads\\\/2021\\\/02\\\/cropped-Radio_Ljubuski_logo1.jpg\",\"width\":512,\"height\":512,\"caption\":\"Radio Ljubu\u0161ki\"},\"image\":{\"@id\":\"https:\\\/\\\/radioljubuski.ba\\\/#\\\/schema\\\/logo\\\/image\\\/\"},\"sameAs\":[\"https:\\\/\\\/www.facebook.com\\\/Radiio-Ljubuski-1490835324566332\",\"https:\\\/\\\/x.com\\\/radioljubuski\",\"https:\\\/\\\/hr.linkedin.com\\\/company\\\/radio-ljubuski\",\"https:\\\/\\\/www.youtube.com\\\/channel\\\/UCHYaeO_n0Db3tjNGudGpXyw\"]},{\"@type\":\"Person\",\"@id\":\"https:\\\/\\\/radioljubuski.ba\\\/#\\\/schema\\\/person\\\/19fc700381a780f69665d7956c469e3b\",\"name\":\"Radio Ljubu\u0161ki\"}]}<\/script>\n<!-- \/ Yoast SEO plugin. -->","yoast_head_json":{"title":"Porezna u HN\u017d zbog fiskalnih ra\u010duna i rada na crno napisala 85.400 KM kazni - RADIO LJUBU\u0160KI","robots":{"index":"index","follow":"follow","max-snippet":"max-snippet:-1","max-image-preview":"max-image-preview:large","max-video-preview":"max-video-preview:-1"},"canonical":"https:\/\/radioljubuski.ba\/index.php\/2022\/06\/28\/porezna-u-hnz-zbog-fiskalnih-racuna-i-rada-na-crno-napisala-85-400-km-kazni\/","og_locale":"hr_HR","og_type":"article","og_title":"Porezna u HN\u017d zbog fiskalnih ra\u010duna i rada na crno napisala 85.400 KM kazni - RADIO LJUBU\u0160KI","og_description":"Inspektori Porezne uprave Federacije BiH &#8211; \u017dupanijskog poreznog ureda Mostar su u nedavnim inspekcijskim kontrolama na podru\u010dju Hercegova\u010dko-neretvanske \u017eupanije zape\u010datili devet objekta i izdali 41 prekr\u0161ajni nalog s ukupno izre\u010denim nov\u010danim kaznama u iznosu od 85.400 maraka. Inspektori Porezne uprave Federacije BiH &#8211; \u017dupanijskog poreznog ureda Mostar izvr\u0161ili su 2., 9. i 24. lipnja 72 [&hellip;]","og_url":"https:\/\/radioljubuski.ba\/index.php\/2022\/06\/28\/porezna-u-hnz-zbog-fiskalnih-racuna-i-rada-na-crno-napisala-85-400-km-kazni\/","og_site_name":"RADIO LJUBU\u0160KI","article_publisher":"https:\/\/www.facebook.com\/Radiio-Ljubuski-1490835324566332","article_published_time":"2022-06-28T10:10:21+00:00","article_modified_time":"2022-06-28T10:10:22+00:00","og_image":[{"width":1000,"height":625,"url":"https:\/\/radioljubuski.ba\/wp-content\/uploads\/2022\/03\/lgdkE38P_inspekcija.png","type":"image\/png"}],"author":"Radio Ljubu\u0161ki","twitter_card":"summary_large_image","twitter_creator":"@radioljubuski","twitter_site":"@radioljubuski","twitter_misc":{"Napisao\/la":"Radio Ljubu\u0161ki","Procijenjeno vrijeme \u010ditanja":"2 minute"},"schema":{"@context":"https:\/\/schema.org","@graph":[{"@type":"Article","@id":"https:\/\/radioljubuski.ba\/index.php\/2022\/06\/28\/porezna-u-hnz-zbog-fiskalnih-racuna-i-rada-na-crno-napisala-85-400-km-kazni\/#article","isPartOf":{"@id":"https:\/\/radioljubuski.ba\/index.php\/2022\/06\/28\/porezna-u-hnz-zbog-fiskalnih-racuna-i-rada-na-crno-napisala-85-400-km-kazni\/"},"author":{"name":"Radio Ljubu\u0161ki","@id":"https:\/\/radioljubuski.ba\/#\/schema\/person\/19fc700381a780f69665d7956c469e3b"},"headline":"Porezna u HN\u017d zbog fiskalnih ra\u010duna i rada na crno napisala 85.400 KM kazni","datePublished":"2022-06-28T10:10:21+00:00","dateModified":"2022-06-28T10:10:22+00:00","mainEntityOfPage":{"@id":"https:\/\/radioljubuski.ba\/index.php\/2022\/06\/28\/porezna-u-hnz-zbog-fiskalnih-racuna-i-rada-na-crno-napisala-85-400-km-kazni\/"},"wordCount":301,"publisher":{"@id":"https:\/\/radioljubuski.ba\/#organization"},"image":{"@id":"https:\/\/radioljubuski.ba\/index.php\/2022\/06\/28\/porezna-u-hnz-zbog-fiskalnih-racuna-i-rada-na-crno-napisala-85-400-km-kazni\/#primaryimage"},"thumbnailUrl":"https:\/\/radioljubuski.ba\/wp-content\/uploads\/2022\/03\/lgdkE38P_inspekcija.png","articleSection":["BIH i regija"],"inLanguage":"hr"},{"@type":"WebPage","@id":"https:\/\/radioljubuski.ba\/index.php\/2022\/06\/28\/porezna-u-hnz-zbog-fiskalnih-racuna-i-rada-na-crno-napisala-85-400-km-kazni\/","url":"https:\/\/radioljubuski.ba\/index.php\/2022\/06\/28\/porezna-u-hnz-zbog-fiskalnih-racuna-i-rada-na-crno-napisala-85-400-km-kazni\/","name":"Porezna u HN\u017d zbog fiskalnih ra\u010duna i rada na crno napisala 85.400 KM kazni - RADIO LJUBU\u0160KI","isPartOf":{"@id":"https:\/\/radioljubuski.ba\/#website"},"primaryImageOfPage":{"@id":"https:\/\/radioljubuski.ba\/index.php\/2022\/06\/28\/porezna-u-hnz-zbog-fiskalnih-racuna-i-rada-na-crno-napisala-85-400-km-kazni\/#primaryimage"},"image":{"@id":"https:\/\/radioljubuski.ba\/index.php\/2022\/06\/28\/porezna-u-hnz-zbog-fiskalnih-racuna-i-rada-na-crno-napisala-85-400-km-kazni\/#primaryimage"},"thumbnailUrl":"https:\/\/radioljubuski.ba\/wp-content\/uploads\/2022\/03\/lgdkE38P_inspekcija.png","datePublished":"2022-06-28T10:10:21+00:00","dateModified":"2022-06-28T10:10:22+00:00","breadcrumb":{"@id":"https:\/\/radioljubuski.ba\/index.php\/2022\/06\/28\/porezna-u-hnz-zbog-fiskalnih-racuna-i-rada-na-crno-napisala-85-400-km-kazni\/#breadcrumb"},"inLanguage":"hr","potentialAction":[{"@type":"ReadAction","target":["https:\/\/radioljubuski.ba\/index.php\/2022\/06\/28\/porezna-u-hnz-zbog-fiskalnih-racuna-i-rada-na-crno-napisala-85-400-km-kazni\/"]}]},{"@type":"ImageObject","inLanguage":"hr","@id":"https:\/\/radioljubuski.ba\/index.php\/2022\/06\/28\/porezna-u-hnz-zbog-fiskalnih-racuna-i-rada-na-crno-napisala-85-400-km-kazni\/#primaryimage","url":"https:\/\/radioljubuski.ba\/wp-content\/uploads\/2022\/03\/lgdkE38P_inspekcija.png","contentUrl":"https:\/\/radioljubuski.ba\/wp-content\/uploads\/2022\/03\/lgdkE38P_inspekcija.png","width":1000,"height":625},{"@type":"BreadcrumbList","@id":"https:\/\/radioljubuski.ba\/index.php\/2022\/06\/28\/porezna-u-hnz-zbog-fiskalnih-racuna-i-rada-na-crno-napisala-85-400-km-kazni\/#breadcrumb","itemListElement":[{"@type":"ListItem","position":1,"name":"Po\u010detna stranica","item":"https:\/\/radioljubuski.ba\/"},{"@type":"ListItem","position":2,"name":"Porezna u HN\u017d zbog fiskalnih ra\u010duna i rada na crno napisala 85.400 KM kazni"}]},{"@type":"WebSite","@id":"https:\/\/radioljubuski.ba\/#website","url":"https:\/\/radioljubuski.ba\/","name":"Radio Ljubu\u0161ki","description":"Sun\u010dana frekvencija Hercegovine","publisher":{"@id":"https:\/\/radioljubuski.ba\/#organization"},"potentialAction":[{"@type":"SearchAction","target":{"@type":"EntryPoint","urlTemplate":"https:\/\/radioljubuski.ba\/?s={search_term_string}"},"query-input":{"@type":"PropertyValueSpecification","valueRequired":true,"valueName":"search_term_string"}}],"inLanguage":"hr"},{"@type":"Organization","@id":"https:\/\/radioljubuski.ba\/#organization","name":"Radio Ljubu\u0161ki","url":"https:\/\/radioljubuski.ba\/","logo":{"@type":"ImageObject","inLanguage":"hr","@id":"https:\/\/radioljubuski.ba\/#\/schema\/logo\/image\/","url":"https:\/\/radioljubuski.ba\/wp-content\/uploads\/2021\/02\/cropped-Radio_Ljubuski_logo1.jpg","contentUrl":"https:\/\/radioljubuski.ba\/wp-content\/uploads\/2021\/02\/cropped-Radio_Ljubuski_logo1.jpg","width":512,"height":512,"caption":"Radio Ljubu\u0161ki"},"image":{"@id":"https:\/\/radioljubuski.ba\/#\/schema\/logo\/image\/"},"sameAs":["https:\/\/www.facebook.com\/Radiio-Ljubuski-1490835324566332","https:\/\/x.com\/radioljubuski","https:\/\/hr.linkedin.com\/company\/radio-ljubuski","https:\/\/www.youtube.com\/channel\/UCHYaeO_n0Db3tjNGudGpXyw"]},{"@type":"Person","@id":"https:\/\/radioljubuski.ba\/#\/schema\/person\/19fc700381a780f69665d7956c469e3b","name":"Radio Ljubu\u0161ki"}]}},"_links":{"self":[{"href":"https:\/\/radioljubuski.ba\/index.php\/wp-json\/wp\/v2\/posts\/154359","targetHints":{"allow":["GET"]}}],"collection":[{"href":"https:\/\/radioljubuski.ba\/index.php\/wp-json\/wp\/v2\/posts"}],"about":[{"href":"https:\/\/radioljubuski.ba\/index.php\/wp-json\/wp\/v2\/types\/post"}],"author":[{"embeddable":true,"href":"https:\/\/radioljubuski.ba\/index.php\/wp-json\/wp\/v2\/users\/2"}],"replies":[{"embeddable":true,"href":"https:\/\/radioljubuski.ba\/index.php\/wp-json\/wp\/v2\/comments?post=154359"}],"version-history":[{"count":1,"href":"https:\/\/radioljubuski.ba\/index.php\/wp-json\/wp\/v2\/posts\/154359\/revisions"}],"predecessor-version":[{"id":154362,"href":"https:\/\/radioljubuski.ba\/index.php\/wp-json\/wp\/v2\/posts\/154359\/revisions\/154362"}],"wp:featuredmedia":[{"embeddable":true,"href":"https:\/\/radioljubuski.ba\/index.php\/wp-json\/wp\/v2\/media\/122881"}],"wp:attachment":[{"href":"https:\/\/radioljubuski.ba\/index.php\/wp-json\/wp\/v2\/media?parent=154359"}],"wp:term":[{"taxonomy":"category","embeddable":true,"href":"https:\/\/radioljubuski.ba\/index.php\/wp-json\/wp\/v2\/categories?post=154359"},{"taxonomy":"post_tag","embeddable":true,"href":"https:\/\/radioljubuski.ba\/index.php\/wp-json\/wp\/v2\/tags?post=154359"}],"curies":[{"name":"wp","href":"https:\/\/api.w.org\/{rel}","templated":true}]}}