{"id":154363,"date":"2022-06-28T11:11:54","date_gmt":"2022-06-28T10:11:54","guid":{"rendered":"https:\/\/radioljubuski.ba\/?p=154363"},"modified":"2022-06-28T11:11:55","modified_gmt":"2022-06-28T10:11:55","slug":"strucnjak-objasnio-vaznost-ukidanja-trosarina-na-gorivo-mnogi-ocito-ne-razumiju","status":"publish","type":"post","link":"https:\/\/radioljubuski.ba\/index.php\/2022\/06\/28\/strucnjak-objasnio-vaznost-ukidanja-trosarina-na-gorivo-mnogi-ocito-ne-razumiju\/","title":{"rendered":"Stru\u010dnjak objasnio va\u017enost ukidanja tro\u0161arina na gorivo: \u201cMnogi o\u010dito ne razumiju\u201d"},"content":{"rendered":"\n<p>Makroekonomski stru\u010dnjak Faruk Had\u017ei\u0107 je ponovo podsjetio na va\u017enost ukidanja akciza na gorivo, \u0161to, kako isti\u010de, ne\u0107e dovesti samo do pojeftinjenja goriva, nego mora imati i lan\u010dani pozitivni u\u010dinak na cijene. Ovakva njegova poruka dolazi nakon \u0161to su zastupnici u Zastupni\u010dkom domu Parlamenta BiH ju\u010der odbili razmatrati inicijative kojima su bile predvi\u0111ene mjere za ni\u017ee cijene goriva.<\/p>\n\n\n\n<p>\u201cMnogi o\u010dito nisu dobro razumjeli zbog \u010dega je bitno, barem privremeno, suspendirati naplatu akciza na gorivo. Nakon ju\u010dera\u0161njeg definitivnog odbijanja da se ukinu akcize, ovu temu vi\u0161e uop\u0107e ne treba potencirati, jer nema vi\u0161e svrhe i smisla\u201d, zapo\u010dinje Had\u017ei\u0107.<\/p>\n\n\n\n<p>Podsje\u0107a na ono \u0161to je o\u010dito, a ipak uporno zanemarivano.<\/p>\n\n\n\n<p>\u201cGorivo ne koriste samo bogati za vozanje, koriste ga svi gra\u0111ani, razli\u010ditog imovinskog statusa, ali ga koristi i gospodarstvo za transport razli\u010ditih proizvoda. Zar se stvarno misli da \u0107e neki proizvod koji se transportira sa udaljene lokacije isto ko\u0161tati nakon rasta cijena goriva?\u201d, pita analiti\u010dar.<\/p>\n\n\n\n<p>Dodaje kako to pla\u0107aju gra\u0111ani, a cijena toga je rekordna inflacija u BiH.<\/p>\n\n\n\n<p>\u201cDa se kojim slu\u010dajem naplata akciza na gorivo privremeno ukinula, izravnu korist bi imali svi gra\u0111ani, a podaci iz dokumenta BIHAMK pokazuju broj registriranih vozila u 2019. godini, gdje je navedeno \u201cda je oko 55% registriranih vozila u Bosni i Hercegovini starije od 19 godina, a vi\u0161e od 80% voznog parka starije od 14 godina. Prema podacima navedenim u tablici mo\u017eemo vidjeti da broj vozila starijih od 27 godina na\u017ealost jo\u0161 uvijek \u010dini vi\u0161e od 1\/6 od ukupnog voznog parka, dok broj vozila sa Euro 3 i Euro 4 motorom \u010dini vi\u0161e od polovice ukupnog broja registriranih motornih vozila\u201d, zaklju\u010dio je Had\u017ei\u0107.<\/p>\n\n\n\n<p>Imao je jo\u0161 jednu poruku za nadle\u017ene, ali i stanovni\u0161tvo.<\/p>\n\n\n\n<p>\u201cVi slobodno mo\u017eete sada sami zaklju\u010diti koji gra\u0111ani, da li oni bogati, ili neki drugi sa manjim primanjima bi imali korist od ukidanja akciza na gorivo\u201d, zaklju\u010dio je.<\/p>\n\n\n\n<p>Izvor:pogled.ba<\/p>\n","protected":false},"excerpt":{"rendered":"<p>Makroekonomski stru\u010dnjak Faruk Had\u017ei\u0107 je ponovo podsjetio na va\u017enost ukidanja akciza na gorivo, \u0161to, kako isti\u010de, ne\u0107e dovesti samo do pojeftinjenja goriva, nego mora imati i lan\u010dani pozitivni u\u010dinak na cijene. Ovakva njegova poruka dolazi nakon \u0161to su zastupnici u Zastupni\u010dkom domu Parlamenta BiH ju\u010der odbili razmatrati inicijative kojima su bile predvi\u0111ene mjere za ni\u017ee [&hellip;]<\/p>\n","protected":false},"author":2,"featured_media":0,"comment_status":"closed","ping_status":"closed","sticky":false,"template":"","format":"standard","meta":{"h5ap_radio_sources":[],"footnotes":""},"categories":[1],"tags":[],"class_list":["post-154363","post","type-post","status-publish","format-standard","hentry","category-bihiregija"],"yoast_head":"<!-- This site is optimized with the Yoast SEO plugin v27.5 - https:\/\/yoast.com\/product\/yoast-seo-wordpress\/ -->\n<title>Stru\u010dnjak objasnio va\u017enost ukidanja tro\u0161arina na gorivo: \u201cMnogi o\u010dito ne razumiju\u201d - RADIO LJUBU\u0160KI<\/title>\n<meta name=\"robots\" content=\"index, follow, max-snippet:-1, max-image-preview:large, max-video-preview:-1\" \/>\n<link rel=\"canonical\" href=\"https:\/\/radioljubuski.ba\/index.php\/2022\/06\/28\/strucnjak-objasnio-vaznost-ukidanja-trosarina-na-gorivo-mnogi-ocito-ne-razumiju\/\" \/>\n<meta property=\"og:locale\" content=\"hr_HR\" \/>\n<meta property=\"og:type\" content=\"article\" \/>\n<meta property=\"og:title\" content=\"Stru\u010dnjak objasnio va\u017enost ukidanja tro\u0161arina na gorivo: \u201cMnogi o\u010dito ne razumiju\u201d - RADIO LJUBU\u0160KI\" \/>\n<meta property=\"og:description\" content=\"Makroekonomski stru\u010dnjak Faruk Had\u017ei\u0107 je ponovo podsjetio na va\u017enost ukidanja akciza na gorivo, \u0161to, kako isti\u010de, ne\u0107e dovesti samo do pojeftinjenja goriva, nego mora imati i lan\u010dani pozitivni u\u010dinak na cijene. Ovakva njegova poruka dolazi nakon \u0161to su zastupnici u Zastupni\u010dkom domu Parlamenta BiH ju\u010der odbili razmatrati inicijative kojima su bile predvi\u0111ene mjere za ni\u017ee [&hellip;]\" \/>\n<meta property=\"og:url\" content=\"https:\/\/radioljubuski.ba\/index.php\/2022\/06\/28\/strucnjak-objasnio-vaznost-ukidanja-trosarina-na-gorivo-mnogi-ocito-ne-razumiju\/\" \/>\n<meta property=\"og:site_name\" content=\"RADIO LJUBU\u0160KI\" \/>\n<meta property=\"article:publisher\" content=\"https:\/\/www.facebook.com\/Radiio-Ljubuski-1490835324566332\" \/>\n<meta property=\"article:published_time\" content=\"2022-06-28T10:11:54+00:00\" \/>\n<meta property=\"article:modified_time\" content=\"2022-06-28T10:11:55+00:00\" \/>\n<meta property=\"og:image\" content=\"https:\/\/radioljubuski.ba\/wp-content\/uploads\/2021\/08\/MZhj3O5L_gorivo.jpg\" \/>\n\t<meta property=\"og:image:width\" content=\"1000\" \/>\n\t<meta property=\"og:image:height\" content=\"625\" \/>\n\t<meta property=\"og:image:type\" content=\"image\/jpeg\" \/>\n<meta name=\"author\" content=\"Radio Ljubu\u0161ki\" \/>\n<meta name=\"twitter:card\" content=\"summary_large_image\" \/>\n<meta name=\"twitter:creator\" content=\"@radioljubuski\" \/>\n<meta name=\"twitter:site\" content=\"@radioljubuski\" \/>\n<meta name=\"twitter:label1\" content=\"Napisao\/la\" \/>\n\t<meta name=\"twitter:data1\" content=\"Radio Ljubu\u0161ki\" \/>\n\t<meta name=\"twitter:label2\" content=\"Procijenjeno vrijeme \u010ditanja\" \/>\n\t<meta name=\"twitter:data2\" content=\"2 minute\" \/>\n<script type=\"application\/ld+json\" class=\"yoast-schema-graph\">{\"@context\":\"https:\\\/\\\/schema.org\",\"@graph\":[{\"@type\":\"Article\",\"@id\":\"https:\\\/\\\/radioljubuski.ba\\\/index.php\\\/2022\\\/06\\\/28\\\/strucnjak-objasnio-vaznost-ukidanja-trosarina-na-gorivo-mnogi-ocito-ne-razumiju\\\/#article\",\"isPartOf\":{\"@id\":\"https:\\\/\\\/radioljubuski.ba\\\/index.php\\\/2022\\\/06\\\/28\\\/strucnjak-objasnio-vaznost-ukidanja-trosarina-na-gorivo-mnogi-ocito-ne-razumiju\\\/\"},\"author\":{\"name\":\"Radio Ljubu\u0161ki\",\"@id\":\"https:\\\/\\\/radioljubuski.ba\\\/#\\\/schema\\\/person\\\/19fc700381a780f69665d7956c469e3b\"},\"headline\":\"Stru\u010dnjak objasnio va\u017enost ukidanja tro\u0161arina na gorivo: \u201cMnogi o\u010dito ne razumiju\u201d\",\"datePublished\":\"2022-06-28T10:11:54+00:00\",\"dateModified\":\"2022-06-28T10:11:55+00:00\",\"mainEntityOfPage\":{\"@id\":\"https:\\\/\\\/radioljubuski.ba\\\/index.php\\\/2022\\\/06\\\/28\\\/strucnjak-objasnio-vaznost-ukidanja-trosarina-na-gorivo-mnogi-ocito-ne-razumiju\\\/\"},\"wordCount\":356,\"publisher\":{\"@id\":\"https:\\\/\\\/radioljubuski.ba\\\/#organization\"},\"articleSection\":[\"BIH i regija\"],\"inLanguage\":\"hr\"},{\"@type\":\"WebPage\",\"@id\":\"https:\\\/\\\/radioljubuski.ba\\\/index.php\\\/2022\\\/06\\\/28\\\/strucnjak-objasnio-vaznost-ukidanja-trosarina-na-gorivo-mnogi-ocito-ne-razumiju\\\/\",\"url\":\"https:\\\/\\\/radioljubuski.ba\\\/index.php\\\/2022\\\/06\\\/28\\\/strucnjak-objasnio-vaznost-ukidanja-trosarina-na-gorivo-mnogi-ocito-ne-razumiju\\\/\",\"name\":\"Stru\u010dnjak objasnio va\u017enost ukidanja tro\u0161arina na gorivo: \u201cMnogi o\u010dito ne razumiju\u201d - RADIO LJUBU\u0160KI\",\"isPartOf\":{\"@id\":\"https:\\\/\\\/radioljubuski.ba\\\/#website\"},\"datePublished\":\"2022-06-28T10:11:54+00:00\",\"dateModified\":\"2022-06-28T10:11:55+00:00\",\"breadcrumb\":{\"@id\":\"https:\\\/\\\/radioljubuski.ba\\\/index.php\\\/2022\\\/06\\\/28\\\/strucnjak-objasnio-vaznost-ukidanja-trosarina-na-gorivo-mnogi-ocito-ne-razumiju\\\/#breadcrumb\"},\"inLanguage\":\"hr\",\"potentialAction\":[{\"@type\":\"ReadAction\",\"target\":[\"https:\\\/\\\/radioljubuski.ba\\\/index.php\\\/2022\\\/06\\\/28\\\/strucnjak-objasnio-vaznost-ukidanja-trosarina-na-gorivo-mnogi-ocito-ne-razumiju\\\/\"]}]},{\"@type\":\"BreadcrumbList\",\"@id\":\"https:\\\/\\\/radioljubuski.ba\\\/index.php\\\/2022\\\/06\\\/28\\\/strucnjak-objasnio-vaznost-ukidanja-trosarina-na-gorivo-mnogi-ocito-ne-razumiju\\\/#breadcrumb\",\"itemListElement\":[{\"@type\":\"ListItem\",\"position\":1,\"name\":\"Po\u010detna stranica\",\"item\":\"https:\\\/\\\/radioljubuski.ba\\\/\"},{\"@type\":\"ListItem\",\"position\":2,\"name\":\"Stru\u010dnjak objasnio va\u017enost ukidanja tro\u0161arina na gorivo: \u201cMnogi o\u010dito ne razumiju\u201d\"}]},{\"@type\":\"WebSite\",\"@id\":\"https:\\\/\\\/radioljubuski.ba\\\/#website\",\"url\":\"https:\\\/\\\/radioljubuski.ba\\\/\",\"name\":\"Radio Ljubu\u0161ki\",\"description\":\"Sun\u010dana frekvencija Hercegovine\",\"publisher\":{\"@id\":\"https:\\\/\\\/radioljubuski.ba\\\/#organization\"},\"potentialAction\":[{\"@type\":\"SearchAction\",\"target\":{\"@type\":\"EntryPoint\",\"urlTemplate\":\"https:\\\/\\\/radioljubuski.ba\\\/?s={search_term_string}\"},\"query-input\":{\"@type\":\"PropertyValueSpecification\",\"valueRequired\":true,\"valueName\":\"search_term_string\"}}],\"inLanguage\":\"hr\"},{\"@type\":\"Organization\",\"@id\":\"https:\\\/\\\/radioljubuski.ba\\\/#organization\",\"name\":\"Radio Ljubu\u0161ki\",\"url\":\"https:\\\/\\\/radioljubuski.ba\\\/\",\"logo\":{\"@type\":\"ImageObject\",\"inLanguage\":\"hr\",\"@id\":\"https:\\\/\\\/radioljubuski.ba\\\/#\\\/schema\\\/logo\\\/image\\\/\",\"url\":\"https:\\\/\\\/radioljubuski.ba\\\/wp-content\\\/uploads\\\/2021\\\/02\\\/cropped-Radio_Ljubuski_logo1.jpg\",\"contentUrl\":\"https:\\\/\\\/radioljubuski.ba\\\/wp-content\\\/uploads\\\/2021\\\/02\\\/cropped-Radio_Ljubuski_logo1.jpg\",\"width\":512,\"height\":512,\"caption\":\"Radio Ljubu\u0161ki\"},\"image\":{\"@id\":\"https:\\\/\\\/radioljubuski.ba\\\/#\\\/schema\\\/logo\\\/image\\\/\"},\"sameAs\":[\"https:\\\/\\\/www.facebook.com\\\/Radiio-Ljubuski-1490835324566332\",\"https:\\\/\\\/x.com\\\/radioljubuski\",\"https:\\\/\\\/hr.linkedin.com\\\/company\\\/radio-ljubuski\",\"https:\\\/\\\/www.youtube.com\\\/channel\\\/UCHYaeO_n0Db3tjNGudGpXyw\"]},{\"@type\":\"Person\",\"@id\":\"https:\\\/\\\/radioljubuski.ba\\\/#\\\/schema\\\/person\\\/19fc700381a780f69665d7956c469e3b\",\"name\":\"Radio Ljubu\u0161ki\"}]}<\/script>\n<!-- \/ Yoast SEO plugin. -->","yoast_head_json":{"title":"Stru\u010dnjak objasnio va\u017enost ukidanja tro\u0161arina na gorivo: \u201cMnogi o\u010dito ne razumiju\u201d - RADIO LJUBU\u0160KI","robots":{"index":"index","follow":"follow","max-snippet":"max-snippet:-1","max-image-preview":"max-image-preview:large","max-video-preview":"max-video-preview:-1"},"canonical":"https:\/\/radioljubuski.ba\/index.php\/2022\/06\/28\/strucnjak-objasnio-vaznost-ukidanja-trosarina-na-gorivo-mnogi-ocito-ne-razumiju\/","og_locale":"hr_HR","og_type":"article","og_title":"Stru\u010dnjak objasnio va\u017enost ukidanja tro\u0161arina na gorivo: \u201cMnogi o\u010dito ne razumiju\u201d - RADIO LJUBU\u0160KI","og_description":"Makroekonomski stru\u010dnjak Faruk Had\u017ei\u0107 je ponovo podsjetio na va\u017enost ukidanja akciza na gorivo, \u0161to, kako isti\u010de, ne\u0107e dovesti samo do pojeftinjenja goriva, nego mora imati i lan\u010dani pozitivni u\u010dinak na cijene. Ovakva njegova poruka dolazi nakon \u0161to su zastupnici u Zastupni\u010dkom domu Parlamenta BiH ju\u010der odbili razmatrati inicijative kojima su bile predvi\u0111ene mjere za ni\u017ee [&hellip;]","og_url":"https:\/\/radioljubuski.ba\/index.php\/2022\/06\/28\/strucnjak-objasnio-vaznost-ukidanja-trosarina-na-gorivo-mnogi-ocito-ne-razumiju\/","og_site_name":"RADIO LJUBU\u0160KI","article_publisher":"https:\/\/www.facebook.com\/Radiio-Ljubuski-1490835324566332","article_published_time":"2022-06-28T10:11:54+00:00","article_modified_time":"2022-06-28T10:11:55+00:00","og_image":[{"width":1000,"height":625,"url":"https:\/\/radioljubuski.ba\/wp-content\/uploads\/2021\/08\/MZhj3O5L_gorivo.jpg","type":"image\/jpeg"}],"author":"Radio Ljubu\u0161ki","twitter_card":"summary_large_image","twitter_creator":"@radioljubuski","twitter_site":"@radioljubuski","twitter_misc":{"Napisao\/la":"Radio Ljubu\u0161ki","Procijenjeno vrijeme \u010ditanja":"2 minute"},"schema":{"@context":"https:\/\/schema.org","@graph":[{"@type":"Article","@id":"https:\/\/radioljubuski.ba\/index.php\/2022\/06\/28\/strucnjak-objasnio-vaznost-ukidanja-trosarina-na-gorivo-mnogi-ocito-ne-razumiju\/#article","isPartOf":{"@id":"https:\/\/radioljubuski.ba\/index.php\/2022\/06\/28\/strucnjak-objasnio-vaznost-ukidanja-trosarina-na-gorivo-mnogi-ocito-ne-razumiju\/"},"author":{"name":"Radio Ljubu\u0161ki","@id":"https:\/\/radioljubuski.ba\/#\/schema\/person\/19fc700381a780f69665d7956c469e3b"},"headline":"Stru\u010dnjak objasnio va\u017enost ukidanja tro\u0161arina na gorivo: \u201cMnogi o\u010dito ne razumiju\u201d","datePublished":"2022-06-28T10:11:54+00:00","dateModified":"2022-06-28T10:11:55+00:00","mainEntityOfPage":{"@id":"https:\/\/radioljubuski.ba\/index.php\/2022\/06\/28\/strucnjak-objasnio-vaznost-ukidanja-trosarina-na-gorivo-mnogi-ocito-ne-razumiju\/"},"wordCount":356,"publisher":{"@id":"https:\/\/radioljubuski.ba\/#organization"},"articleSection":["BIH i regija"],"inLanguage":"hr"},{"@type":"WebPage","@id":"https:\/\/radioljubuski.ba\/index.php\/2022\/06\/28\/strucnjak-objasnio-vaznost-ukidanja-trosarina-na-gorivo-mnogi-ocito-ne-razumiju\/","url":"https:\/\/radioljubuski.ba\/index.php\/2022\/06\/28\/strucnjak-objasnio-vaznost-ukidanja-trosarina-na-gorivo-mnogi-ocito-ne-razumiju\/","name":"Stru\u010dnjak objasnio va\u017enost ukidanja tro\u0161arina na gorivo: \u201cMnogi o\u010dito ne razumiju\u201d - RADIO LJUBU\u0160KI","isPartOf":{"@id":"https:\/\/radioljubuski.ba\/#website"},"datePublished":"2022-06-28T10:11:54+00:00","dateModified":"2022-06-28T10:11:55+00:00","breadcrumb":{"@id":"https:\/\/radioljubuski.ba\/index.php\/2022\/06\/28\/strucnjak-objasnio-vaznost-ukidanja-trosarina-na-gorivo-mnogi-ocito-ne-razumiju\/#breadcrumb"},"inLanguage":"hr","potentialAction":[{"@type":"ReadAction","target":["https:\/\/radioljubuski.ba\/index.php\/2022\/06\/28\/strucnjak-objasnio-vaznost-ukidanja-trosarina-na-gorivo-mnogi-ocito-ne-razumiju\/"]}]},{"@type":"BreadcrumbList","@id":"https:\/\/radioljubuski.ba\/index.php\/2022\/06\/28\/strucnjak-objasnio-vaznost-ukidanja-trosarina-na-gorivo-mnogi-ocito-ne-razumiju\/#breadcrumb","itemListElement":[{"@type":"ListItem","position":1,"name":"Po\u010detna stranica","item":"https:\/\/radioljubuski.ba\/"},{"@type":"ListItem","position":2,"name":"Stru\u010dnjak objasnio va\u017enost ukidanja tro\u0161arina na gorivo: \u201cMnogi o\u010dito ne razumiju\u201d"}]},{"@type":"WebSite","@id":"https:\/\/radioljubuski.ba\/#website","url":"https:\/\/radioljubuski.ba\/","name":"Radio Ljubu\u0161ki","description":"Sun\u010dana frekvencija Hercegovine","publisher":{"@id":"https:\/\/radioljubuski.ba\/#organization"},"potentialAction":[{"@type":"SearchAction","target":{"@type":"EntryPoint","urlTemplate":"https:\/\/radioljubuski.ba\/?s={search_term_string}"},"query-input":{"@type":"PropertyValueSpecification","valueRequired":true,"valueName":"search_term_string"}}],"inLanguage":"hr"},{"@type":"Organization","@id":"https:\/\/radioljubuski.ba\/#organization","name":"Radio Ljubu\u0161ki","url":"https:\/\/radioljubuski.ba\/","logo":{"@type":"ImageObject","inLanguage":"hr","@id":"https:\/\/radioljubuski.ba\/#\/schema\/logo\/image\/","url":"https:\/\/radioljubuski.ba\/wp-content\/uploads\/2021\/02\/cropped-Radio_Ljubuski_logo1.jpg","contentUrl":"https:\/\/radioljubuski.ba\/wp-content\/uploads\/2021\/02\/cropped-Radio_Ljubuski_logo1.jpg","width":512,"height":512,"caption":"Radio Ljubu\u0161ki"},"image":{"@id":"https:\/\/radioljubuski.ba\/#\/schema\/logo\/image\/"},"sameAs":["https:\/\/www.facebook.com\/Radiio-Ljubuski-1490835324566332","https:\/\/x.com\/radioljubuski","https:\/\/hr.linkedin.com\/company\/radio-ljubuski","https:\/\/www.youtube.com\/channel\/UCHYaeO_n0Db3tjNGudGpXyw"]},{"@type":"Person","@id":"https:\/\/radioljubuski.ba\/#\/schema\/person\/19fc700381a780f69665d7956c469e3b","name":"Radio Ljubu\u0161ki"}]}},"_links":{"self":[{"href":"https:\/\/radioljubuski.ba\/index.php\/wp-json\/wp\/v2\/posts\/154363","targetHints":{"allow":["GET"]}}],"collection":[{"href":"https:\/\/radioljubuski.ba\/index.php\/wp-json\/wp\/v2\/posts"}],"about":[{"href":"https:\/\/radioljubuski.ba\/index.php\/wp-json\/wp\/v2\/types\/post"}],"author":[{"embeddable":true,"href":"https:\/\/radioljubuski.ba\/index.php\/wp-json\/wp\/v2\/users\/2"}],"replies":[{"embeddable":true,"href":"https:\/\/radioljubuski.ba\/index.php\/wp-json\/wp\/v2\/comments?post=154363"}],"version-history":[{"count":1,"href":"https:\/\/radioljubuski.ba\/index.php\/wp-json\/wp\/v2\/posts\/154363\/revisions"}],"predecessor-version":[{"id":154364,"href":"https:\/\/radioljubuski.ba\/index.php\/wp-json\/wp\/v2\/posts\/154363\/revisions\/154364"}],"wp:attachment":[{"href":"https:\/\/radioljubuski.ba\/index.php\/wp-json\/wp\/v2\/media?parent=154363"}],"wp:term":[{"taxonomy":"category","embeddable":true,"href":"https:\/\/radioljubuski.ba\/index.php\/wp-json\/wp\/v2\/categories?post=154363"},{"taxonomy":"post_tag","embeddable":true,"href":"https:\/\/radioljubuski.ba\/index.php\/wp-json\/wp\/v2\/tags?post=154363"}],"curies":[{"name":"wp","href":"https:\/\/api.w.org\/{rel}","templated":true}]}}