{"id":154377,"date":"2022-06-28T11:40:31","date_gmt":"2022-06-28T10:40:31","guid":{"rendered":"https:\/\/radioljubuski.ba\/?p=154377"},"modified":"2022-06-28T11:40:32","modified_gmt":"2022-06-28T10:40:32","slug":"mate-rimac-investirao-milijune-u-livno-umijesala-se-politika","status":"publish","type":"post","link":"https:\/\/radioljubuski.ba\/index.php\/2022\/06\/28\/mate-rimac-investirao-milijune-u-livno-umijesala-se-politika\/","title":{"rendered":"Mate Rimac investirao milijune u Livno! Umije\u0161ala se politika&#8230;"},"content":{"rendered":"\n<p>Turizam je posljednjih godina postao jedna od glavnih gospodarska grana Hrvatske. Veliki broj turista koji dolazi ljetovati na hrvatski Jadran je iskazao potrebu za nekim novim oblicima ispunjavanja vremena tijekom godi\u0161njeg odmora. More i pla\u017ee vi\u0161e nisu dovoljne da privuku turiste i da ih zadr\u017ee du\u017ee vrijeme na jednom mjestu. Turisti sve vi\u0161e bje\u017ee iz gradske vreve, uskih uli\u010dica i gu\u017evi \u2013 u prirodu.<\/p>\n\n\n\n<p>Upravo to je pokrenulo razvoj nekih podru\u010dja u zale\u0111u, u malim mjestima nadomak moru. Ku\u0107e na osami u selima, ure\u0111ena kamping naselja, glamping turizam (dolazi od rije\u010di \u201cglamurozno\u201d i \u201ccamping\u201d), adrenalinski turizam, eko turizam, sve to su samo neki od na\u010dina kako turisti odlu\u010duju provesti svoje vrijeme.<\/p>\n\n\n\n<p>Zbog male udaljenosti, to se po\u010delo \u201cprelijevati\u201d i u BiH. Jedno od mjesta koje je odli\u010dno iskoristilo svoje kulturne, geografske i povijesne ljepote, blizinu Dalmacije i mora, i koje je ponudilo neke nove do\u017eivljaje je i \u2013 Livno.<\/p>\n\n\n\n<p>Divlji konji, livanjski sir, rijeke koje \u0161araju najve\u0107e kra\u0161ko polje na svijetu, prelijep pejza\u017e \u2013 puno toga \u0161to se ne mo\u017ee prona\u0107i nigdje drugdje, a sve na jednom mjestu.<\/p>\n\n\n\n<p>Taj potencijal su prepoznali pojedinci iz Livna koji su se odva\u017eili i zapo\u010deli razvoj turisti\u010dke pri\u010de Livna. Vlastitim sredstvima, bez podr\u0161ke lokalnih vlasti, s puno ulo\u017eenog vremena i truda, postavili su Livno na turisti\u010dku kartu Europe!<\/p>\n\n\n\n<p>Ljepote ovog kraja su prepoznale tisu\u0107e turista koji su posjetili divlje konje na visoravni Kruzi, provozali se kajacima rijekom Sturbom i motorima po obroncima planina ili ku\u0161ali doma\u0107i livanjski sir.<\/p>\n\n\n\n<p>Jedna od osoba koja je prepoznala veliki potencijal je i Mate Rimac. O Matinim uspjesima ne treba puno pri\u010dati. Osnovao je tvrtku koja se bavi proizvodnjom elektri\u010dnih automobila i tehnologije za automobile drugih proizvo\u0111a\u010da. A od nedavno je postao i suvlasnik i direktor svjetski poznate tvrtke Bugatti.<\/p>\n\n\n\n<p>Ali ono \u0161to se ne pri\u010da \u010desto je da je Mate veliki lokalpatriot i da \u010desto isti\u010de svoje livanjsko podrijetlo. I ne samo da on isti\u010de, nego on i djeluje. Osnovao je Linnovate \u2013 ustanovu koja poma\u017ee pojedincima i timovima iz Livna i okru\u017eenja da svoje ideje pretvore u stvarnost.<\/p>\n\n\n\n<p>Kroz tu ustanovu, Mate je i financijski podr\u017eao mnoge projekte koji su iz ideje postali tvrtke i koji zapo\u0161ljavaju ljude. \u010cesto je u javnim istupima spominjao da je njegov jedini cilj napredak Livna i zadr\u017eavanje ljudi u njemu.<\/p>\n\n\n\n<p>Jedan od pojedinaca koji je odlu\u010dio ostati i koji se usudio ne\u0161to pokrenuti je Marin Mamuza, mnogima poznat kao vrhunski fotograf. I on je zbog svog lokalpatriotizma odlu\u010dio ostati u Livnu i pokrenuti ne\u0161to, poku\u0161ati ne\u0161to promijeniti, a veliki potencijal je vidio u turizmu. Ono \u0161to je vidio kroz objektiv svog fotoaparata je odlu\u010dio drugima ponuditi izravno, u\u017eivo. Pokrenuo je Continental Adventures \u2013 tvrtku koja je do sada djelovala kao turisti\u010dka agencija. Do sada su doveli tisu\u0107e turista u Livno i bili jedni od pokreta\u010da pri\u010de o livanjskom turizmu, a sada su zvijezda vodilja livanjskog turizma za mnoge druge.<\/p>\n\n\n\n<p>Marinove \u017ear i strast, ali i sve mogu\u0107nosti koje Livno nudi, je prepoznao i Mate Rimac. I ne samo prepoznao, nego i podr\u017eao, pi\u0161e&nbsp;<a href=\"https:\/\/zvono.ba\/ogromno-ulaganje-rimac-investirao-milijune-u-tvrtku-continental-adventures-u-livnu\/\" target=\"_blank\" rel=\"noreferrer noopener\">zvono.ba<\/a>.<\/p>\n\n\n\n<p>Mate Rimac je u tvrtku Continental Adventures ve\u0107 drugi put ulo\u017eio sredstva, a ovaj put se radi o investiciji od 2 milijuna eura, odnosno gotovo 4 milijuna KM! Tom investicijom ne samo da je ulo\u017eio ogroman novac, nego i svoje znanje, vrijeme i kontakte.<\/p>\n\n\n\n<p>Ono \u0161to je za sada poznato je da \u0107e tvrtka Continental Adventures ovom investicijom izme\u0111u ostalog graditi i turisti\u010dki resort u Livnu, ali i ostali prate\u0107i sadr\u017eaj kao \u0161to je restoran. Sve na temeljima prelijepog krajolika, kao i divljih konja, i drugih atrakcija Livna koji privla\u010de turiste iz cijelog svijeta.&nbsp;<\/p>\n\n\n\n<p><strong>Politika umije\u0161ala prste<\/strong><\/p>\n\n\n\n<p>Kako to obi\u010dno biva u BiH kad su politika i vlast u pitanju, stvari se rade stihijski, bez plana i programa, bez ikakve vizije. Posljednjih dana je u javnost do\u0161la informacija da je Vlada HB\u017d raspisala natje\u010daj za dodjelu koncesija za izgradnju vjetroelektrana na podru\u010dju grada Livna.<\/p>\n\n\n\n<p>Nekoliko je izrazito problemati\u010dnih stvari u cijeloj pri\u010di:<\/p>\n\n\n\n<p>&#8211; sve je ra\u0111eno u tajnosti zatvorenim natje\u010dajem za odabrane prijavitelje (javnost je slu\u010dajno doznala za to kada je sve ve\u0107 skoro gotovo)<\/p>\n\n\n\n<p>&#8211; nije bilo nikakve javne rasprave o tome<\/p>\n\n\n\n<p>&#8211; koncesije se daju za podru\u010dja koja su izrazito bitna za turizam<\/p>\n\n\n\n<p>&#8211; nije napravljena prethodna studija utjecaja na okoli\u0161 i utjecaja na \u017eivotinje (s naglaskom na divlje konje)<\/p>\n\n\n\n<p>Koncesije za izgradnju vjetroelektrana se daju za podru\u010dja Kruga i Vagnja. Za cijelu pri\u010du turizma je izuzetno bitno upravo podru\u010dje Kruga. Radi se o visoravni u podno\u017eju planine Cincar koja se prostire na podru\u010dju op\u0107ina Livno i Glamo\u010d i na kojoj obitava preko 800 divljih konja.<\/p>\n\n\n\n<p>Upravo ti divlji konji su najve\u0107e blago livanjskog turizma. Gotovo je nemogu\u0107e u cijelom svijetu na\u0107i toliko divljih konja na jednom mjestu koji \u017eive slobodno, a to je ono \u0161to privla\u010di turiste. Ti turisti kada do\u0111u zbog konja u Livno, \u017eele do\u017eivjeti i druge \u010dari Livna, degustirati livanjski sir i pole, zagaziti u hladnu Sturbu, promatrati \u0161aroliki \u017eivotinjski svijet samog polja.<\/p>\n\n\n\n<p>Postavljanjem velikih vjetro-stupova prvo bi se naru\u0161io vizualni dio krajolika na podru\u010dju Kruga, a potom bi se sigurno naru\u0161ilo to podru\u010dje kao stani\u0161te \u017eivotinja. Dakle sve ono \u0161to stvara \u010dar za posjetitelje i \u0161to je glavni generator turizma u Livnu.<\/p>\n\n\n\n<p>Nevjerojatno je da je ovako bitna i velika stvar dogovarana, planirana i provedena \u201cispod stola\u201d.<\/p>\n\n\n\n<p>Veliki problem cijele ove pri\u010de je \u0161to se nije razgovaralo s relevantnim dionicima ove problematike u gradu Livnu i u \u017eupaniji, dakle ljudima koji su postavili turizam tamo gdje je sada.<\/p>\n\n\n\n<p>Zvono.ba detaljno je obradilo ovu temu, a \u0161to mo\u017eete pro\u010ditati na&nbsp;<a href=\"https:\/\/zvono.ba\/ogromno-ulaganje-rimac-investirao-milijune-u-tvrtku-continental-adventures-u-livnu\/\" target=\"_blank\" rel=\"noreferrer noopener\">poveznici<\/a>.<\/p>\n\n\n\n<p>Izvor: Dnevnik.ba<\/p>\n","protected":false},"excerpt":{"rendered":"<p>Turizam je posljednjih godina postao jedna od glavnih gospodarska grana Hrvatske. Veliki broj turista koji dolazi ljetovati na hrvatski Jadran je iskazao potrebu za nekim novim oblicima ispunjavanja vremena tijekom godi\u0161njeg odmora. More i pla\u017ee vi\u0161e nisu dovoljne da privuku turiste i da ih zadr\u017ee du\u017ee vrijeme na jednom mjestu. Turisti sve vi\u0161e bje\u017ee iz [&hellip;]<\/p>\n","protected":false},"author":2,"featured_media":146787,"comment_status":"closed","ping_status":"closed","sticky":false,"template":"","format":"standard","meta":{"h5ap_radio_sources":[],"footnotes":""},"categories":[1],"tags":[],"class_list":["post-154377","post","type-post","status-publish","format-standard","has-post-thumbnail","hentry","category-bihiregija"],"yoast_head":"<!-- This site is optimized with the Yoast SEO plugin v27.5 - https:\/\/yoast.com\/product\/yoast-seo-wordpress\/ -->\n<title>Mate Rimac investirao milijune u Livno! Umije\u0161ala se politika... - RADIO LJUBU\u0160KI<\/title>\n<meta name=\"robots\" content=\"index, follow, max-snippet:-1, max-image-preview:large, max-video-preview:-1\" \/>\n<link rel=\"canonical\" href=\"https:\/\/radioljubuski.ba\/index.php\/2022\/06\/28\/mate-rimac-investirao-milijune-u-livno-umijesala-se-politika\/\" \/>\n<meta property=\"og:locale\" content=\"hr_HR\" \/>\n<meta property=\"og:type\" content=\"article\" \/>\n<meta property=\"og:title\" content=\"Mate Rimac investirao milijune u Livno! Umije\u0161ala se politika... - RADIO LJUBU\u0160KI\" \/>\n<meta property=\"og:description\" content=\"Turizam je posljednjih godina postao jedna od glavnih gospodarska grana Hrvatske. Veliki broj turista koji dolazi ljetovati na hrvatski Jadran je iskazao potrebu za nekim novim oblicima ispunjavanja vremena tijekom godi\u0161njeg odmora. More i pla\u017ee vi\u0161e nisu dovoljne da privuku turiste i da ih zadr\u017ee du\u017ee vrijeme na jednom mjestu. Turisti sve vi\u0161e bje\u017ee iz [&hellip;]\" \/>\n<meta property=\"og:url\" content=\"https:\/\/radioljubuski.ba\/index.php\/2022\/06\/28\/mate-rimac-investirao-milijune-u-livno-umijesala-se-politika\/\" \/>\n<meta property=\"og:site_name\" content=\"RADIO LJUBU\u0160KI\" \/>\n<meta property=\"article:publisher\" content=\"https:\/\/www.facebook.com\/Radiio-Ljubuski-1490835324566332\" \/>\n<meta property=\"article:published_time\" content=\"2022-06-28T10:40:31+00:00\" \/>\n<meta property=\"article:modified_time\" content=\"2022-06-28T10:40:32+00:00\" \/>\n<meta property=\"og:image\" content=\"https:\/\/radioljubuski.ba\/wp-content\/uploads\/2022\/06\/7-2022-01-28-17-53-55-rimaccc-1.jpg\" \/>\n\t<meta property=\"og:image:width\" content=\"1000\" \/>\n\t<meta property=\"og:image:height\" content=\"625\" \/>\n\t<meta property=\"og:image:type\" content=\"image\/jpeg\" \/>\n<meta name=\"author\" content=\"Radio Ljubu\u0161ki\" \/>\n<meta name=\"twitter:card\" content=\"summary_large_image\" \/>\n<meta name=\"twitter:creator\" content=\"@radioljubuski\" \/>\n<meta name=\"twitter:site\" content=\"@radioljubuski\" \/>\n<meta name=\"twitter:label1\" content=\"Napisao\/la\" \/>\n\t<meta name=\"twitter:data1\" content=\"Radio Ljubu\u0161ki\" \/>\n\t<meta name=\"twitter:label2\" content=\"Procijenjeno vrijeme \u010ditanja\" \/>\n\t<meta name=\"twitter:data2\" content=\"5 minuta\" \/>\n<script type=\"application\/ld+json\" class=\"yoast-schema-graph\">{\"@context\":\"https:\\\/\\\/schema.org\",\"@graph\":[{\"@type\":\"Article\",\"@id\":\"https:\\\/\\\/radioljubuski.ba\\\/index.php\\\/2022\\\/06\\\/28\\\/mate-rimac-investirao-milijune-u-livno-umijesala-se-politika\\\/#article\",\"isPartOf\":{\"@id\":\"https:\\\/\\\/radioljubuski.ba\\\/index.php\\\/2022\\\/06\\\/28\\\/mate-rimac-investirao-milijune-u-livno-umijesala-se-politika\\\/\"},\"author\":{\"name\":\"Radio Ljubu\u0161ki\",\"@id\":\"https:\\\/\\\/radioljubuski.ba\\\/#\\\/schema\\\/person\\\/19fc700381a780f69665d7956c469e3b\"},\"headline\":\"Mate Rimac investirao milijune u Livno! Umije\u0161ala se politika&#8230;\",\"datePublished\":\"2022-06-28T10:40:31+00:00\",\"dateModified\":\"2022-06-28T10:40:32+00:00\",\"mainEntityOfPage\":{\"@id\":\"https:\\\/\\\/radioljubuski.ba\\\/index.php\\\/2022\\\/06\\\/28\\\/mate-rimac-investirao-milijune-u-livno-umijesala-se-politika\\\/\"},\"wordCount\":1028,\"publisher\":{\"@id\":\"https:\\\/\\\/radioljubuski.ba\\\/#organization\"},\"image\":{\"@id\":\"https:\\\/\\\/radioljubuski.ba\\\/index.php\\\/2022\\\/06\\\/28\\\/mate-rimac-investirao-milijune-u-livno-umijesala-se-politika\\\/#primaryimage\"},\"thumbnailUrl\":\"https:\\\/\\\/radioljubuski.ba\\\/wp-content\\\/uploads\\\/2022\\\/06\\\/7-2022-01-28-17-53-55-rimaccc-1.jpg\",\"articleSection\":[\"BIH i regija\"],\"inLanguage\":\"hr\"},{\"@type\":\"WebPage\",\"@id\":\"https:\\\/\\\/radioljubuski.ba\\\/index.php\\\/2022\\\/06\\\/28\\\/mate-rimac-investirao-milijune-u-livno-umijesala-se-politika\\\/\",\"url\":\"https:\\\/\\\/radioljubuski.ba\\\/index.php\\\/2022\\\/06\\\/28\\\/mate-rimac-investirao-milijune-u-livno-umijesala-se-politika\\\/\",\"name\":\"Mate Rimac investirao milijune u Livno! Umije\u0161ala se politika... - RADIO LJUBU\u0160KI\",\"isPartOf\":{\"@id\":\"https:\\\/\\\/radioljubuski.ba\\\/#website\"},\"primaryImageOfPage\":{\"@id\":\"https:\\\/\\\/radioljubuski.ba\\\/index.php\\\/2022\\\/06\\\/28\\\/mate-rimac-investirao-milijune-u-livno-umijesala-se-politika\\\/#primaryimage\"},\"image\":{\"@id\":\"https:\\\/\\\/radioljubuski.ba\\\/index.php\\\/2022\\\/06\\\/28\\\/mate-rimac-investirao-milijune-u-livno-umijesala-se-politika\\\/#primaryimage\"},\"thumbnailUrl\":\"https:\\\/\\\/radioljubuski.ba\\\/wp-content\\\/uploads\\\/2022\\\/06\\\/7-2022-01-28-17-53-55-rimaccc-1.jpg\",\"datePublished\":\"2022-06-28T10:40:31+00:00\",\"dateModified\":\"2022-06-28T10:40:32+00:00\",\"breadcrumb\":{\"@id\":\"https:\\\/\\\/radioljubuski.ba\\\/index.php\\\/2022\\\/06\\\/28\\\/mate-rimac-investirao-milijune-u-livno-umijesala-se-politika\\\/#breadcrumb\"},\"inLanguage\":\"hr\",\"potentialAction\":[{\"@type\":\"ReadAction\",\"target\":[\"https:\\\/\\\/radioljubuski.ba\\\/index.php\\\/2022\\\/06\\\/28\\\/mate-rimac-investirao-milijune-u-livno-umijesala-se-politika\\\/\"]}]},{\"@type\":\"ImageObject\",\"inLanguage\":\"hr\",\"@id\":\"https:\\\/\\\/radioljubuski.ba\\\/index.php\\\/2022\\\/06\\\/28\\\/mate-rimac-investirao-milijune-u-livno-umijesala-se-politika\\\/#primaryimage\",\"url\":\"https:\\\/\\\/radioljubuski.ba\\\/wp-content\\\/uploads\\\/2022\\\/06\\\/7-2022-01-28-17-53-55-rimaccc-1.jpg\",\"contentUrl\":\"https:\\\/\\\/radioljubuski.ba\\\/wp-content\\\/uploads\\\/2022\\\/06\\\/7-2022-01-28-17-53-55-rimaccc-1.jpg\",\"width\":1000,\"height\":625},{\"@type\":\"BreadcrumbList\",\"@id\":\"https:\\\/\\\/radioljubuski.ba\\\/index.php\\\/2022\\\/06\\\/28\\\/mate-rimac-investirao-milijune-u-livno-umijesala-se-politika\\\/#breadcrumb\",\"itemListElement\":[{\"@type\":\"ListItem\",\"position\":1,\"name\":\"Po\u010detna stranica\",\"item\":\"https:\\\/\\\/radioljubuski.ba\\\/\"},{\"@type\":\"ListItem\",\"position\":2,\"name\":\"Mate Rimac investirao milijune u Livno! Umije\u0161ala se politika&#8230;\"}]},{\"@type\":\"WebSite\",\"@id\":\"https:\\\/\\\/radioljubuski.ba\\\/#website\",\"url\":\"https:\\\/\\\/radioljubuski.ba\\\/\",\"name\":\"Radio Ljubu\u0161ki\",\"description\":\"Sun\u010dana frekvencija Hercegovine\",\"publisher\":{\"@id\":\"https:\\\/\\\/radioljubuski.ba\\\/#organization\"},\"potentialAction\":[{\"@type\":\"SearchAction\",\"target\":{\"@type\":\"EntryPoint\",\"urlTemplate\":\"https:\\\/\\\/radioljubuski.ba\\\/?s={search_term_string}\"},\"query-input\":{\"@type\":\"PropertyValueSpecification\",\"valueRequired\":true,\"valueName\":\"search_term_string\"}}],\"inLanguage\":\"hr\"},{\"@type\":\"Organization\",\"@id\":\"https:\\\/\\\/radioljubuski.ba\\\/#organization\",\"name\":\"Radio Ljubu\u0161ki\",\"url\":\"https:\\\/\\\/radioljubuski.ba\\\/\",\"logo\":{\"@type\":\"ImageObject\",\"inLanguage\":\"hr\",\"@id\":\"https:\\\/\\\/radioljubuski.ba\\\/#\\\/schema\\\/logo\\\/image\\\/\",\"url\":\"https:\\\/\\\/radioljubuski.ba\\\/wp-content\\\/uploads\\\/2021\\\/02\\\/cropped-Radio_Ljubuski_logo1.jpg\",\"contentUrl\":\"https:\\\/\\\/radioljubuski.ba\\\/wp-content\\\/uploads\\\/2021\\\/02\\\/cropped-Radio_Ljubuski_logo1.jpg\",\"width\":512,\"height\":512,\"caption\":\"Radio Ljubu\u0161ki\"},\"image\":{\"@id\":\"https:\\\/\\\/radioljubuski.ba\\\/#\\\/schema\\\/logo\\\/image\\\/\"},\"sameAs\":[\"https:\\\/\\\/www.facebook.com\\\/Radiio-Ljubuski-1490835324566332\",\"https:\\\/\\\/x.com\\\/radioljubuski\",\"https:\\\/\\\/hr.linkedin.com\\\/company\\\/radio-ljubuski\",\"https:\\\/\\\/www.youtube.com\\\/channel\\\/UCHYaeO_n0Db3tjNGudGpXyw\"]},{\"@type\":\"Person\",\"@id\":\"https:\\\/\\\/radioljubuski.ba\\\/#\\\/schema\\\/person\\\/19fc700381a780f69665d7956c469e3b\",\"name\":\"Radio Ljubu\u0161ki\"}]}<\/script>\n<!-- \/ Yoast SEO plugin. -->","yoast_head_json":{"title":"Mate Rimac investirao milijune u Livno! Umije\u0161ala se politika... - RADIO LJUBU\u0160KI","robots":{"index":"index","follow":"follow","max-snippet":"max-snippet:-1","max-image-preview":"max-image-preview:large","max-video-preview":"max-video-preview:-1"},"canonical":"https:\/\/radioljubuski.ba\/index.php\/2022\/06\/28\/mate-rimac-investirao-milijune-u-livno-umijesala-se-politika\/","og_locale":"hr_HR","og_type":"article","og_title":"Mate Rimac investirao milijune u Livno! Umije\u0161ala se politika... - RADIO LJUBU\u0160KI","og_description":"Turizam je posljednjih godina postao jedna od glavnih gospodarska grana Hrvatske. Veliki broj turista koji dolazi ljetovati na hrvatski Jadran je iskazao potrebu za nekim novim oblicima ispunjavanja vremena tijekom godi\u0161njeg odmora. More i pla\u017ee vi\u0161e nisu dovoljne da privuku turiste i da ih zadr\u017ee du\u017ee vrijeme na jednom mjestu. Turisti sve vi\u0161e bje\u017ee iz [&hellip;]","og_url":"https:\/\/radioljubuski.ba\/index.php\/2022\/06\/28\/mate-rimac-investirao-milijune-u-livno-umijesala-se-politika\/","og_site_name":"RADIO LJUBU\u0160KI","article_publisher":"https:\/\/www.facebook.com\/Radiio-Ljubuski-1490835324566332","article_published_time":"2022-06-28T10:40:31+00:00","article_modified_time":"2022-06-28T10:40:32+00:00","og_image":[{"width":1000,"height":625,"url":"https:\/\/radioljubuski.ba\/wp-content\/uploads\/2022\/06\/7-2022-01-28-17-53-55-rimaccc-1.jpg","type":"image\/jpeg"}],"author":"Radio Ljubu\u0161ki","twitter_card":"summary_large_image","twitter_creator":"@radioljubuski","twitter_site":"@radioljubuski","twitter_misc":{"Napisao\/la":"Radio Ljubu\u0161ki","Procijenjeno vrijeme \u010ditanja":"5 minuta"},"schema":{"@context":"https:\/\/schema.org","@graph":[{"@type":"Article","@id":"https:\/\/radioljubuski.ba\/index.php\/2022\/06\/28\/mate-rimac-investirao-milijune-u-livno-umijesala-se-politika\/#article","isPartOf":{"@id":"https:\/\/radioljubuski.ba\/index.php\/2022\/06\/28\/mate-rimac-investirao-milijune-u-livno-umijesala-se-politika\/"},"author":{"name":"Radio Ljubu\u0161ki","@id":"https:\/\/radioljubuski.ba\/#\/schema\/person\/19fc700381a780f69665d7956c469e3b"},"headline":"Mate Rimac investirao milijune u Livno! Umije\u0161ala se politika&#8230;","datePublished":"2022-06-28T10:40:31+00:00","dateModified":"2022-06-28T10:40:32+00:00","mainEntityOfPage":{"@id":"https:\/\/radioljubuski.ba\/index.php\/2022\/06\/28\/mate-rimac-investirao-milijune-u-livno-umijesala-se-politika\/"},"wordCount":1028,"publisher":{"@id":"https:\/\/radioljubuski.ba\/#organization"},"image":{"@id":"https:\/\/radioljubuski.ba\/index.php\/2022\/06\/28\/mate-rimac-investirao-milijune-u-livno-umijesala-se-politika\/#primaryimage"},"thumbnailUrl":"https:\/\/radioljubuski.ba\/wp-content\/uploads\/2022\/06\/7-2022-01-28-17-53-55-rimaccc-1.jpg","articleSection":["BIH i regija"],"inLanguage":"hr"},{"@type":"WebPage","@id":"https:\/\/radioljubuski.ba\/index.php\/2022\/06\/28\/mate-rimac-investirao-milijune-u-livno-umijesala-se-politika\/","url":"https:\/\/radioljubuski.ba\/index.php\/2022\/06\/28\/mate-rimac-investirao-milijune-u-livno-umijesala-se-politika\/","name":"Mate Rimac investirao milijune u Livno! Umije\u0161ala se politika... - RADIO LJUBU\u0160KI","isPartOf":{"@id":"https:\/\/radioljubuski.ba\/#website"},"primaryImageOfPage":{"@id":"https:\/\/radioljubuski.ba\/index.php\/2022\/06\/28\/mate-rimac-investirao-milijune-u-livno-umijesala-se-politika\/#primaryimage"},"image":{"@id":"https:\/\/radioljubuski.ba\/index.php\/2022\/06\/28\/mate-rimac-investirao-milijune-u-livno-umijesala-se-politika\/#primaryimage"},"thumbnailUrl":"https:\/\/radioljubuski.ba\/wp-content\/uploads\/2022\/06\/7-2022-01-28-17-53-55-rimaccc-1.jpg","datePublished":"2022-06-28T10:40:31+00:00","dateModified":"2022-06-28T10:40:32+00:00","breadcrumb":{"@id":"https:\/\/radioljubuski.ba\/index.php\/2022\/06\/28\/mate-rimac-investirao-milijune-u-livno-umijesala-se-politika\/#breadcrumb"},"inLanguage":"hr","potentialAction":[{"@type":"ReadAction","target":["https:\/\/radioljubuski.ba\/index.php\/2022\/06\/28\/mate-rimac-investirao-milijune-u-livno-umijesala-se-politika\/"]}]},{"@type":"ImageObject","inLanguage":"hr","@id":"https:\/\/radioljubuski.ba\/index.php\/2022\/06\/28\/mate-rimac-investirao-milijune-u-livno-umijesala-se-politika\/#primaryimage","url":"https:\/\/radioljubuski.ba\/wp-content\/uploads\/2022\/06\/7-2022-01-28-17-53-55-rimaccc-1.jpg","contentUrl":"https:\/\/radioljubuski.ba\/wp-content\/uploads\/2022\/06\/7-2022-01-28-17-53-55-rimaccc-1.jpg","width":1000,"height":625},{"@type":"BreadcrumbList","@id":"https:\/\/radioljubuski.ba\/index.php\/2022\/06\/28\/mate-rimac-investirao-milijune-u-livno-umijesala-se-politika\/#breadcrumb","itemListElement":[{"@type":"ListItem","position":1,"name":"Po\u010detna stranica","item":"https:\/\/radioljubuski.ba\/"},{"@type":"ListItem","position":2,"name":"Mate Rimac investirao milijune u Livno! Umije\u0161ala se politika&#8230;"}]},{"@type":"WebSite","@id":"https:\/\/radioljubuski.ba\/#website","url":"https:\/\/radioljubuski.ba\/","name":"Radio Ljubu\u0161ki","description":"Sun\u010dana frekvencija Hercegovine","publisher":{"@id":"https:\/\/radioljubuski.ba\/#organization"},"potentialAction":[{"@type":"SearchAction","target":{"@type":"EntryPoint","urlTemplate":"https:\/\/radioljubuski.ba\/?s={search_term_string}"},"query-input":{"@type":"PropertyValueSpecification","valueRequired":true,"valueName":"search_term_string"}}],"inLanguage":"hr"},{"@type":"Organization","@id":"https:\/\/radioljubuski.ba\/#organization","name":"Radio Ljubu\u0161ki","url":"https:\/\/radioljubuski.ba\/","logo":{"@type":"ImageObject","inLanguage":"hr","@id":"https:\/\/radioljubuski.ba\/#\/schema\/logo\/image\/","url":"https:\/\/radioljubuski.ba\/wp-content\/uploads\/2021\/02\/cropped-Radio_Ljubuski_logo1.jpg","contentUrl":"https:\/\/radioljubuski.ba\/wp-content\/uploads\/2021\/02\/cropped-Radio_Ljubuski_logo1.jpg","width":512,"height":512,"caption":"Radio Ljubu\u0161ki"},"image":{"@id":"https:\/\/radioljubuski.ba\/#\/schema\/logo\/image\/"},"sameAs":["https:\/\/www.facebook.com\/Radiio-Ljubuski-1490835324566332","https:\/\/x.com\/radioljubuski","https:\/\/hr.linkedin.com\/company\/radio-ljubuski","https:\/\/www.youtube.com\/channel\/UCHYaeO_n0Db3tjNGudGpXyw"]},{"@type":"Person","@id":"https:\/\/radioljubuski.ba\/#\/schema\/person\/19fc700381a780f69665d7956c469e3b","name":"Radio Ljubu\u0161ki"}]}},"_links":{"self":[{"href":"https:\/\/radioljubuski.ba\/index.php\/wp-json\/wp\/v2\/posts\/154377","targetHints":{"allow":["GET"]}}],"collection":[{"href":"https:\/\/radioljubuski.ba\/index.php\/wp-json\/wp\/v2\/posts"}],"about":[{"href":"https:\/\/radioljubuski.ba\/index.php\/wp-json\/wp\/v2\/types\/post"}],"author":[{"embeddable":true,"href":"https:\/\/radioljubuski.ba\/index.php\/wp-json\/wp\/v2\/users\/2"}],"replies":[{"embeddable":true,"href":"https:\/\/radioljubuski.ba\/index.php\/wp-json\/wp\/v2\/comments?post=154377"}],"version-history":[{"count":1,"href":"https:\/\/radioljubuski.ba\/index.php\/wp-json\/wp\/v2\/posts\/154377\/revisions"}],"predecessor-version":[{"id":154378,"href":"https:\/\/radioljubuski.ba\/index.php\/wp-json\/wp\/v2\/posts\/154377\/revisions\/154378"}],"wp:featuredmedia":[{"embeddable":true,"href":"https:\/\/radioljubuski.ba\/index.php\/wp-json\/wp\/v2\/media\/146787"}],"wp:attachment":[{"href":"https:\/\/radioljubuski.ba\/index.php\/wp-json\/wp\/v2\/media?parent=154377"}],"wp:term":[{"taxonomy":"category","embeddable":true,"href":"https:\/\/radioljubuski.ba\/index.php\/wp-json\/wp\/v2\/categories?post=154377"},{"taxonomy":"post_tag","embeddable":true,"href":"https:\/\/radioljubuski.ba\/index.php\/wp-json\/wp\/v2\/tags?post=154377"}],"curies":[{"name":"wp","href":"https:\/\/api.w.org\/{rel}","templated":true}]}}