{"id":154379,"date":"2022-06-28T11:42:47","date_gmt":"2022-06-28T10:42:47","guid":{"rendered":"https:\/\/radioljubuski.ba\/?p=154379"},"modified":"2022-06-28T11:45:30","modified_gmt":"2022-06-28T10:45:30","slug":"ljubusaci-nakon-leta-od-drvara-do-stoca-ovo-je-veliki-dan-za-paragliding-scenu-u-bih","status":"publish","type":"post","link":"https:\/\/radioljubuski.ba\/index.php\/2022\/06\/28\/ljubusaci-nakon-leta-od-drvara-do-stoca-ovo-je-veliki-dan-za-paragliding-scenu-u-bih\/","title":{"rendered":"Ljubu\u0161aci nakon leta od Drvara do Stoca: \u201cOvo je veliki dan za paragliding scenu u BiH\u201d"},"content":{"rendered":"\n<p>Nevjerojatan podvig napravili su \u010dlanovi<strong>\u00a0Paragliding kluba Ljubu\u0161ki<\/strong>. Naime, oni su prije dva dana oborili dr\u017eavni rekord u preletu tako \u0161to su\u00a0<strong>iz Drvara letjeli do Stoca<\/strong>, odnosno Mostara.<\/p>\n\n\n\n<p><strong>Branimir Mandi\u0107&nbsp;<\/strong>preletio je 201.5 km od Drvara do Stoca.<\/p>\n\n\n\n<p>\u201cOvo je novi rekord u BiH i prvi put da je netko preletio 200 kilometara. Dan je po\u010deo s malo ja\u010dim vjetrom pa smo malo kasnili na startu. No, nakon toga su se stvari poklopile. I\u0161li smo rutom koju smo odredili jo\u0161 prije dva dana. Pratili smo prognozu i na kraju je sve ispalo dobro. Ja sam \u017eelio napraviti jo\u0161 vi\u0161e kilometara, ali Kristijan me malo odgovarao kako to ba\u0161 i nije mogu\u0107e s obzirom na puno planina i zahtjevan teren. Vjerujem da \u0107emo i mi jednog dana raditi poput kolega iz Hrvatske gdje je rekord 260 kilometara ili Srbije \u010diji su paraglajderi preletjeli 302 kilometra\u201d, ka\u017ee Mandi\u0107 za&nbsp;<strong><a href=\"https:\/\/www.hercegovina.info\/\">Hercegovina.info<\/a><\/strong>.<\/p>\n\n\n\n<p>Krajolik iz pti\u010dje perspektive je predivan.<\/p>\n\n\n\n<p>\u201cLetio sam ranije iz Drvara u Glamo\u010d, ali i do Kupresa. Sve je predivno; Ramsko Jezero, Blidinje, Vran, Cincar. Jo\u0161 se vidi snijeg na planinama, izgleda predivno. Na\u0161a priroda je savr\u0161enstvo\u201d, ka\u017ee.<\/p>\n\n\n\n<p>Otkriva i \u0161to slijedi.<\/p>\n\n\n\n<p>\u201cIdu\u0107i plan je Trebinje Drvar. Mi gledamo smjer vjetra, ako pu\u0161e zapadni ili sjeverozapadni idemo niz vjetar iz Drvara. Ako je pak jugo onda idemo obratno od Trebinja prema Drvaru. To nije zahtjevan teren, ima nekoliko kriti\u010dnih to\u010daka, planina preko 2000 metara. Zbog toga tu rutu forsiramo\u201d, rekao nam je novi rekorder.<\/p>\n\n\n\n<p><strong>Kristijan Medi\u0107&nbsp;<\/strong>sletio je Potocima kod Mostara. On je preletio 196.2 metra i napravio najbolji osobni rezultat.<\/p>\n\n\n\n<p>\u201cOsje\u0107aj je nevjerojatan, a dan je bio fantasti\u010dan. Nas nekoliko iz Ljubu\u0161kog smo krenuli u Drvar jer smo znali da \u0107e vrijeme biti idealno. Iskoristili smo ga maksimalno. Ovo je veliki dan za paragliding scenu u BiH\u201d, ka\u017ee nam Medi\u0107.<\/p>\n\n\n\n<p>Plan su malo promijenili.<\/p>\n\n\n\n<p>\u201cMi smo planirali sletjeti u Ljubu\u0161ki, ali smo odlu\u010dili produ\u017eiti i napraviti jo\u0161 bolji rezultat. Ovo je ne\u0161to zanimljivo u na\u0161em malom svijetu\u201d, dodaje.<\/p>\n\n\n\n<p>Za kraj je otkrio koji dio BiH ga se najvi\u0161e dojmio.<\/p>\n\n\n\n<p>\u201cLetjeli smo \u0161est sati. Iz moje perspektive najljep\u0161e je podru\u010dje Blidinja, to je ne\u0161to savr\u0161eno\u201d, zaklju\u010dio je Kristijan Medi\u0107 za&nbsp;<strong><a href=\"https:\/\/www.hercegovina.info\/\">Hercegovina.info<\/a><\/strong>.<\/p>\n\n\n\n<p>Ina\u010de, Paragliding Ljubu\u0161ki je klub koji ima preko 20 letova od preko 100 kilometara od 2016. do sada. Mo\u017eemo slobodno re\u0107i, uz Izvi\u0111a\u010d, jo\u0161 jedan veliki klub iz malog mjesta.<\/p>\n\n\n\n<blockquote class=\"twitter-tweet\"><p lang=\"und\" dir=\"ltr\">Paraglajderi iz Ljubu\u0161kog letjeli od Drvara do Stoca. Pogled na Blidinje. <a href=\"https:\/\/t.co\/q6Z72ev2ow\">pic.twitter.com\/q6Z72ev2ow<\/a><\/p>\u2014 hercegovina.info (@hercegovinainfo) <a href=\"https:\/\/twitter.com\/hercegovinainfo\/status\/1541141011447029761?ref_src=twsrc%5Etfw\">June 26, 2022<\/a><\/blockquote> <script async=\"\" src=\"https:\/\/platform.twitter.com\/widgets.js\" charset=\"utf-8\"><\/script>\n\n\n\n<p><strong>Izvor: Hercegovina.info<\/strong><\/p>\n","protected":false},"excerpt":{"rendered":"<p>Nevjerojatan podvig napravili su \u010dlanovi\u00a0Paragliding kluba Ljubu\u0161ki. Naime, oni su prije dva dana oborili dr\u017eavni rekord u preletu tako \u0161to su\u00a0iz Drvara letjeli do Stoca, odnosno Mostara. Branimir Mandi\u0107&nbsp;preletio je 201.5 km od Drvara do Stoca. \u201cOvo je novi rekord u BiH i prvi put da je netko preletio 200 kilometara. Dan je po\u010deo s [&hellip;]<\/p>\n","protected":false},"author":2,"featured_media":154380,"comment_status":"closed","ping_status":"closed","sticky":false,"template":"","format":"standard","meta":{"h5ap_radio_sources":[],"footnotes":""},"categories":[3],"tags":[],"class_list":["post-154379","post","type-post","status-publish","format-standard","has-post-thumbnail","hentry","category-ljubuski"],"yoast_head":"<!-- This site is optimized with the Yoast SEO plugin v27.5 - https:\/\/yoast.com\/product\/yoast-seo-wordpress\/ -->\n<title>Ljubu\u0161aci nakon leta od Drvara do Stoca: \u201cOvo je veliki dan za paragliding scenu u BiH\u201d - RADIO LJUBU\u0160KI<\/title>\n<meta name=\"robots\" content=\"index, follow, max-snippet:-1, max-image-preview:large, max-video-preview:-1\" \/>\n<link rel=\"canonical\" href=\"https:\/\/radioljubuski.ba\/index.php\/2022\/06\/28\/ljubusaci-nakon-leta-od-drvara-do-stoca-ovo-je-veliki-dan-za-paragliding-scenu-u-bih\/\" \/>\n<meta property=\"og:locale\" content=\"hr_HR\" \/>\n<meta property=\"og:type\" content=\"article\" \/>\n<meta property=\"og:title\" content=\"Ljubu\u0161aci nakon leta od Drvara do Stoca: \u201cOvo je veliki dan za paragliding scenu u BiH\u201d - RADIO LJUBU\u0160KI\" \/>\n<meta property=\"og:description\" content=\"Nevjerojatan podvig napravili su \u010dlanovi\u00a0Paragliding kluba Ljubu\u0161ki. Naime, oni su prije dva dana oborili dr\u017eavni rekord u preletu tako \u0161to su\u00a0iz Drvara letjeli do Stoca, odnosno Mostara. Branimir Mandi\u0107&nbsp;preletio je 201.5 km od Drvara do Stoca. \u201cOvo je novi rekord u BiH i prvi put da je netko preletio 200 kilometara. Dan je po\u010deo s [&hellip;]\" \/>\n<meta property=\"og:url\" content=\"https:\/\/radioljubuski.ba\/index.php\/2022\/06\/28\/ljubusaci-nakon-leta-od-drvara-do-stoca-ovo-je-veliki-dan-za-paragliding-scenu-u-bih\/\" \/>\n<meta property=\"og:site_name\" content=\"RADIO LJUBU\u0160KI\" \/>\n<meta property=\"article:publisher\" content=\"https:\/\/www.facebook.com\/Radiio-Ljubuski-1490835324566332\" \/>\n<meta property=\"article:published_time\" content=\"2022-06-28T10:42:47+00:00\" \/>\n<meta property=\"article:modified_time\" content=\"2022-06-28T10:45:30+00:00\" \/>\n<meta property=\"og:image\" content=\"https:\/\/radioljubuski.ba\/wp-content\/uploads\/2022\/06\/brane-mandic.jpg\" \/>\n\t<meta property=\"og:image:width\" content=\"600\" \/>\n\t<meta property=\"og:image:height\" content=\"400\" \/>\n\t<meta property=\"og:image:type\" content=\"image\/jpeg\" \/>\n<meta name=\"author\" content=\"Radio Ljubu\u0161ki\" \/>\n<meta name=\"twitter:card\" content=\"summary_large_image\" \/>\n<meta name=\"twitter:creator\" content=\"@radioljubuski\" \/>\n<meta name=\"twitter:site\" content=\"@radioljubuski\" \/>\n<meta name=\"twitter:label1\" content=\"Napisao\/la\" \/>\n\t<meta name=\"twitter:data1\" content=\"Radio Ljubu\u0161ki\" \/>\n\t<meta name=\"twitter:label2\" content=\"Procijenjeno vrijeme \u010ditanja\" \/>\n\t<meta name=\"twitter:data2\" content=\"2 minute\" \/>\n<script type=\"application\/ld+json\" class=\"yoast-schema-graph\">{\"@context\":\"https:\\\/\\\/schema.org\",\"@graph\":[{\"@type\":\"Article\",\"@id\":\"https:\\\/\\\/radioljubuski.ba\\\/index.php\\\/2022\\\/06\\\/28\\\/ljubusaci-nakon-leta-od-drvara-do-stoca-ovo-je-veliki-dan-za-paragliding-scenu-u-bih\\\/#article\",\"isPartOf\":{\"@id\":\"https:\\\/\\\/radioljubuski.ba\\\/index.php\\\/2022\\\/06\\\/28\\\/ljubusaci-nakon-leta-od-drvara-do-stoca-ovo-je-veliki-dan-za-paragliding-scenu-u-bih\\\/\"},\"author\":{\"name\":\"Radio Ljubu\u0161ki\",\"@id\":\"https:\\\/\\\/radioljubuski.ba\\\/#\\\/schema\\\/person\\\/19fc700381a780f69665d7956c469e3b\"},\"headline\":\"Ljubu\u0161aci nakon leta od Drvara do Stoca: \u201cOvo je veliki dan za paragliding scenu u BiH\u201d\",\"datePublished\":\"2022-06-28T10:42:47+00:00\",\"dateModified\":\"2022-06-28T10:45:30+00:00\",\"mainEntityOfPage\":{\"@id\":\"https:\\\/\\\/radioljubuski.ba\\\/index.php\\\/2022\\\/06\\\/28\\\/ljubusaci-nakon-leta-od-drvara-do-stoca-ovo-je-veliki-dan-za-paragliding-scenu-u-bih\\\/\"},\"wordCount\":466,\"publisher\":{\"@id\":\"https:\\\/\\\/radioljubuski.ba\\\/#organization\"},\"image\":{\"@id\":\"https:\\\/\\\/radioljubuski.ba\\\/index.php\\\/2022\\\/06\\\/28\\\/ljubusaci-nakon-leta-od-drvara-do-stoca-ovo-je-veliki-dan-za-paragliding-scenu-u-bih\\\/#primaryimage\"},\"thumbnailUrl\":\"https:\\\/\\\/radioljubuski.ba\\\/wp-content\\\/uploads\\\/2022\\\/06\\\/brane-mandic.jpg\",\"articleSection\":[\"Ljubu\u0161ki\"],\"inLanguage\":\"hr\"},{\"@type\":\"WebPage\",\"@id\":\"https:\\\/\\\/radioljubuski.ba\\\/index.php\\\/2022\\\/06\\\/28\\\/ljubusaci-nakon-leta-od-drvara-do-stoca-ovo-je-veliki-dan-za-paragliding-scenu-u-bih\\\/\",\"url\":\"https:\\\/\\\/radioljubuski.ba\\\/index.php\\\/2022\\\/06\\\/28\\\/ljubusaci-nakon-leta-od-drvara-do-stoca-ovo-je-veliki-dan-za-paragliding-scenu-u-bih\\\/\",\"name\":\"Ljubu\u0161aci nakon leta od Drvara do Stoca: \u201cOvo je veliki dan za paragliding scenu u BiH\u201d - RADIO LJUBU\u0160KI\",\"isPartOf\":{\"@id\":\"https:\\\/\\\/radioljubuski.ba\\\/#website\"},\"primaryImageOfPage\":{\"@id\":\"https:\\\/\\\/radioljubuski.ba\\\/index.php\\\/2022\\\/06\\\/28\\\/ljubusaci-nakon-leta-od-drvara-do-stoca-ovo-je-veliki-dan-za-paragliding-scenu-u-bih\\\/#primaryimage\"},\"image\":{\"@id\":\"https:\\\/\\\/radioljubuski.ba\\\/index.php\\\/2022\\\/06\\\/28\\\/ljubusaci-nakon-leta-od-drvara-do-stoca-ovo-je-veliki-dan-za-paragliding-scenu-u-bih\\\/#primaryimage\"},\"thumbnailUrl\":\"https:\\\/\\\/radioljubuski.ba\\\/wp-content\\\/uploads\\\/2022\\\/06\\\/brane-mandic.jpg\",\"datePublished\":\"2022-06-28T10:42:47+00:00\",\"dateModified\":\"2022-06-28T10:45:30+00:00\",\"breadcrumb\":{\"@id\":\"https:\\\/\\\/radioljubuski.ba\\\/index.php\\\/2022\\\/06\\\/28\\\/ljubusaci-nakon-leta-od-drvara-do-stoca-ovo-je-veliki-dan-za-paragliding-scenu-u-bih\\\/#breadcrumb\"},\"inLanguage\":\"hr\",\"potentialAction\":[{\"@type\":\"ReadAction\",\"target\":[\"https:\\\/\\\/radioljubuski.ba\\\/index.php\\\/2022\\\/06\\\/28\\\/ljubusaci-nakon-leta-od-drvara-do-stoca-ovo-je-veliki-dan-za-paragliding-scenu-u-bih\\\/\"]}]},{\"@type\":\"ImageObject\",\"inLanguage\":\"hr\",\"@id\":\"https:\\\/\\\/radioljubuski.ba\\\/index.php\\\/2022\\\/06\\\/28\\\/ljubusaci-nakon-leta-od-drvara-do-stoca-ovo-je-veliki-dan-za-paragliding-scenu-u-bih\\\/#primaryimage\",\"url\":\"https:\\\/\\\/radioljubuski.ba\\\/wp-content\\\/uploads\\\/2022\\\/06\\\/brane-mandic.jpg\",\"contentUrl\":\"https:\\\/\\\/radioljubuski.ba\\\/wp-content\\\/uploads\\\/2022\\\/06\\\/brane-mandic.jpg\",\"width\":600,\"height\":400},{\"@type\":\"BreadcrumbList\",\"@id\":\"https:\\\/\\\/radioljubuski.ba\\\/index.php\\\/2022\\\/06\\\/28\\\/ljubusaci-nakon-leta-od-drvara-do-stoca-ovo-je-veliki-dan-za-paragliding-scenu-u-bih\\\/#breadcrumb\",\"itemListElement\":[{\"@type\":\"ListItem\",\"position\":1,\"name\":\"Po\u010detna stranica\",\"item\":\"https:\\\/\\\/radioljubuski.ba\\\/\"},{\"@type\":\"ListItem\",\"position\":2,\"name\":\"Ljubu\u0161aci nakon leta od Drvara do Stoca: \u201cOvo je veliki dan za paragliding scenu u BiH\u201d\"}]},{\"@type\":\"WebSite\",\"@id\":\"https:\\\/\\\/radioljubuski.ba\\\/#website\",\"url\":\"https:\\\/\\\/radioljubuski.ba\\\/\",\"name\":\"Radio Ljubu\u0161ki\",\"description\":\"Sun\u010dana frekvencija Hercegovine\",\"publisher\":{\"@id\":\"https:\\\/\\\/radioljubuski.ba\\\/#organization\"},\"potentialAction\":[{\"@type\":\"SearchAction\",\"target\":{\"@type\":\"EntryPoint\",\"urlTemplate\":\"https:\\\/\\\/radioljubuski.ba\\\/?s={search_term_string}\"},\"query-input\":{\"@type\":\"PropertyValueSpecification\",\"valueRequired\":true,\"valueName\":\"search_term_string\"}}],\"inLanguage\":\"hr\"},{\"@type\":\"Organization\",\"@id\":\"https:\\\/\\\/radioljubuski.ba\\\/#organization\",\"name\":\"Radio Ljubu\u0161ki\",\"url\":\"https:\\\/\\\/radioljubuski.ba\\\/\",\"logo\":{\"@type\":\"ImageObject\",\"inLanguage\":\"hr\",\"@id\":\"https:\\\/\\\/radioljubuski.ba\\\/#\\\/schema\\\/logo\\\/image\\\/\",\"url\":\"https:\\\/\\\/radioljubuski.ba\\\/wp-content\\\/uploads\\\/2021\\\/02\\\/cropped-Radio_Ljubuski_logo1.jpg\",\"contentUrl\":\"https:\\\/\\\/radioljubuski.ba\\\/wp-content\\\/uploads\\\/2021\\\/02\\\/cropped-Radio_Ljubuski_logo1.jpg\",\"width\":512,\"height\":512,\"caption\":\"Radio Ljubu\u0161ki\"},\"image\":{\"@id\":\"https:\\\/\\\/radioljubuski.ba\\\/#\\\/schema\\\/logo\\\/image\\\/\"},\"sameAs\":[\"https:\\\/\\\/www.facebook.com\\\/Radiio-Ljubuski-1490835324566332\",\"https:\\\/\\\/x.com\\\/radioljubuski\",\"https:\\\/\\\/hr.linkedin.com\\\/company\\\/radio-ljubuski\",\"https:\\\/\\\/www.youtube.com\\\/channel\\\/UCHYaeO_n0Db3tjNGudGpXyw\"]},{\"@type\":\"Person\",\"@id\":\"https:\\\/\\\/radioljubuski.ba\\\/#\\\/schema\\\/person\\\/19fc700381a780f69665d7956c469e3b\",\"name\":\"Radio Ljubu\u0161ki\"}]}<\/script>\n<!-- \/ Yoast SEO plugin. -->","yoast_head_json":{"title":"Ljubu\u0161aci nakon leta od Drvara do Stoca: \u201cOvo je veliki dan za paragliding scenu u BiH\u201d - RADIO LJUBU\u0160KI","robots":{"index":"index","follow":"follow","max-snippet":"max-snippet:-1","max-image-preview":"max-image-preview:large","max-video-preview":"max-video-preview:-1"},"canonical":"https:\/\/radioljubuski.ba\/index.php\/2022\/06\/28\/ljubusaci-nakon-leta-od-drvara-do-stoca-ovo-je-veliki-dan-za-paragliding-scenu-u-bih\/","og_locale":"hr_HR","og_type":"article","og_title":"Ljubu\u0161aci nakon leta od Drvara do Stoca: \u201cOvo je veliki dan za paragliding scenu u BiH\u201d - RADIO LJUBU\u0160KI","og_description":"Nevjerojatan podvig napravili su \u010dlanovi\u00a0Paragliding kluba Ljubu\u0161ki. Naime, oni su prije dva dana oborili dr\u017eavni rekord u preletu tako \u0161to su\u00a0iz Drvara letjeli do Stoca, odnosno Mostara. Branimir Mandi\u0107&nbsp;preletio je 201.5 km od Drvara do Stoca. \u201cOvo je novi rekord u BiH i prvi put da je netko preletio 200 kilometara. Dan je po\u010deo s [&hellip;]","og_url":"https:\/\/radioljubuski.ba\/index.php\/2022\/06\/28\/ljubusaci-nakon-leta-od-drvara-do-stoca-ovo-je-veliki-dan-za-paragliding-scenu-u-bih\/","og_site_name":"RADIO LJUBU\u0160KI","article_publisher":"https:\/\/www.facebook.com\/Radiio-Ljubuski-1490835324566332","article_published_time":"2022-06-28T10:42:47+00:00","article_modified_time":"2022-06-28T10:45:30+00:00","og_image":[{"width":600,"height":400,"url":"https:\/\/radioljubuski.ba\/wp-content\/uploads\/2022\/06\/brane-mandic.jpg","type":"image\/jpeg"}],"author":"Radio Ljubu\u0161ki","twitter_card":"summary_large_image","twitter_creator":"@radioljubuski","twitter_site":"@radioljubuski","twitter_misc":{"Napisao\/la":"Radio Ljubu\u0161ki","Procijenjeno vrijeme \u010ditanja":"2 minute"},"schema":{"@context":"https:\/\/schema.org","@graph":[{"@type":"Article","@id":"https:\/\/radioljubuski.ba\/index.php\/2022\/06\/28\/ljubusaci-nakon-leta-od-drvara-do-stoca-ovo-je-veliki-dan-za-paragliding-scenu-u-bih\/#article","isPartOf":{"@id":"https:\/\/radioljubuski.ba\/index.php\/2022\/06\/28\/ljubusaci-nakon-leta-od-drvara-do-stoca-ovo-je-veliki-dan-za-paragliding-scenu-u-bih\/"},"author":{"name":"Radio Ljubu\u0161ki","@id":"https:\/\/radioljubuski.ba\/#\/schema\/person\/19fc700381a780f69665d7956c469e3b"},"headline":"Ljubu\u0161aci nakon leta od Drvara do Stoca: \u201cOvo je veliki dan za paragliding scenu u BiH\u201d","datePublished":"2022-06-28T10:42:47+00:00","dateModified":"2022-06-28T10:45:30+00:00","mainEntityOfPage":{"@id":"https:\/\/radioljubuski.ba\/index.php\/2022\/06\/28\/ljubusaci-nakon-leta-od-drvara-do-stoca-ovo-je-veliki-dan-za-paragliding-scenu-u-bih\/"},"wordCount":466,"publisher":{"@id":"https:\/\/radioljubuski.ba\/#organization"},"image":{"@id":"https:\/\/radioljubuski.ba\/index.php\/2022\/06\/28\/ljubusaci-nakon-leta-od-drvara-do-stoca-ovo-je-veliki-dan-za-paragliding-scenu-u-bih\/#primaryimage"},"thumbnailUrl":"https:\/\/radioljubuski.ba\/wp-content\/uploads\/2022\/06\/brane-mandic.jpg","articleSection":["Ljubu\u0161ki"],"inLanguage":"hr"},{"@type":"WebPage","@id":"https:\/\/radioljubuski.ba\/index.php\/2022\/06\/28\/ljubusaci-nakon-leta-od-drvara-do-stoca-ovo-je-veliki-dan-za-paragliding-scenu-u-bih\/","url":"https:\/\/radioljubuski.ba\/index.php\/2022\/06\/28\/ljubusaci-nakon-leta-od-drvara-do-stoca-ovo-je-veliki-dan-za-paragliding-scenu-u-bih\/","name":"Ljubu\u0161aci nakon leta od Drvara do Stoca: \u201cOvo je veliki dan za paragliding scenu u BiH\u201d - RADIO LJUBU\u0160KI","isPartOf":{"@id":"https:\/\/radioljubuski.ba\/#website"},"primaryImageOfPage":{"@id":"https:\/\/radioljubuski.ba\/index.php\/2022\/06\/28\/ljubusaci-nakon-leta-od-drvara-do-stoca-ovo-je-veliki-dan-za-paragliding-scenu-u-bih\/#primaryimage"},"image":{"@id":"https:\/\/radioljubuski.ba\/index.php\/2022\/06\/28\/ljubusaci-nakon-leta-od-drvara-do-stoca-ovo-je-veliki-dan-za-paragliding-scenu-u-bih\/#primaryimage"},"thumbnailUrl":"https:\/\/radioljubuski.ba\/wp-content\/uploads\/2022\/06\/brane-mandic.jpg","datePublished":"2022-06-28T10:42:47+00:00","dateModified":"2022-06-28T10:45:30+00:00","breadcrumb":{"@id":"https:\/\/radioljubuski.ba\/index.php\/2022\/06\/28\/ljubusaci-nakon-leta-od-drvara-do-stoca-ovo-je-veliki-dan-za-paragliding-scenu-u-bih\/#breadcrumb"},"inLanguage":"hr","potentialAction":[{"@type":"ReadAction","target":["https:\/\/radioljubuski.ba\/index.php\/2022\/06\/28\/ljubusaci-nakon-leta-od-drvara-do-stoca-ovo-je-veliki-dan-za-paragliding-scenu-u-bih\/"]}]},{"@type":"ImageObject","inLanguage":"hr","@id":"https:\/\/radioljubuski.ba\/index.php\/2022\/06\/28\/ljubusaci-nakon-leta-od-drvara-do-stoca-ovo-je-veliki-dan-za-paragliding-scenu-u-bih\/#primaryimage","url":"https:\/\/radioljubuski.ba\/wp-content\/uploads\/2022\/06\/brane-mandic.jpg","contentUrl":"https:\/\/radioljubuski.ba\/wp-content\/uploads\/2022\/06\/brane-mandic.jpg","width":600,"height":400},{"@type":"BreadcrumbList","@id":"https:\/\/radioljubuski.ba\/index.php\/2022\/06\/28\/ljubusaci-nakon-leta-od-drvara-do-stoca-ovo-je-veliki-dan-za-paragliding-scenu-u-bih\/#breadcrumb","itemListElement":[{"@type":"ListItem","position":1,"name":"Po\u010detna stranica","item":"https:\/\/radioljubuski.ba\/"},{"@type":"ListItem","position":2,"name":"Ljubu\u0161aci nakon leta od Drvara do Stoca: \u201cOvo je veliki dan za paragliding scenu u BiH\u201d"}]},{"@type":"WebSite","@id":"https:\/\/radioljubuski.ba\/#website","url":"https:\/\/radioljubuski.ba\/","name":"Radio Ljubu\u0161ki","description":"Sun\u010dana frekvencija Hercegovine","publisher":{"@id":"https:\/\/radioljubuski.ba\/#organization"},"potentialAction":[{"@type":"SearchAction","target":{"@type":"EntryPoint","urlTemplate":"https:\/\/radioljubuski.ba\/?s={search_term_string}"},"query-input":{"@type":"PropertyValueSpecification","valueRequired":true,"valueName":"search_term_string"}}],"inLanguage":"hr"},{"@type":"Organization","@id":"https:\/\/radioljubuski.ba\/#organization","name":"Radio Ljubu\u0161ki","url":"https:\/\/radioljubuski.ba\/","logo":{"@type":"ImageObject","inLanguage":"hr","@id":"https:\/\/radioljubuski.ba\/#\/schema\/logo\/image\/","url":"https:\/\/radioljubuski.ba\/wp-content\/uploads\/2021\/02\/cropped-Radio_Ljubuski_logo1.jpg","contentUrl":"https:\/\/radioljubuski.ba\/wp-content\/uploads\/2021\/02\/cropped-Radio_Ljubuski_logo1.jpg","width":512,"height":512,"caption":"Radio Ljubu\u0161ki"},"image":{"@id":"https:\/\/radioljubuski.ba\/#\/schema\/logo\/image\/"},"sameAs":["https:\/\/www.facebook.com\/Radiio-Ljubuski-1490835324566332","https:\/\/x.com\/radioljubuski","https:\/\/hr.linkedin.com\/company\/radio-ljubuski","https:\/\/www.youtube.com\/channel\/UCHYaeO_n0Db3tjNGudGpXyw"]},{"@type":"Person","@id":"https:\/\/radioljubuski.ba\/#\/schema\/person\/19fc700381a780f69665d7956c469e3b","name":"Radio Ljubu\u0161ki"}]}},"_links":{"self":[{"href":"https:\/\/radioljubuski.ba\/index.php\/wp-json\/wp\/v2\/posts\/154379","targetHints":{"allow":["GET"]}}],"collection":[{"href":"https:\/\/radioljubuski.ba\/index.php\/wp-json\/wp\/v2\/posts"}],"about":[{"href":"https:\/\/radioljubuski.ba\/index.php\/wp-json\/wp\/v2\/types\/post"}],"author":[{"embeddable":true,"href":"https:\/\/radioljubuski.ba\/index.php\/wp-json\/wp\/v2\/users\/2"}],"replies":[{"embeddable":true,"href":"https:\/\/radioljubuski.ba\/index.php\/wp-json\/wp\/v2\/comments?post=154379"}],"version-history":[{"count":2,"href":"https:\/\/radioljubuski.ba\/index.php\/wp-json\/wp\/v2\/posts\/154379\/revisions"}],"predecessor-version":[{"id":154385,"href":"https:\/\/radioljubuski.ba\/index.php\/wp-json\/wp\/v2\/posts\/154379\/revisions\/154385"}],"wp:featuredmedia":[{"embeddable":true,"href":"https:\/\/radioljubuski.ba\/index.php\/wp-json\/wp\/v2\/media\/154380"}],"wp:attachment":[{"href":"https:\/\/radioljubuski.ba\/index.php\/wp-json\/wp\/v2\/media?parent=154379"}],"wp:term":[{"taxonomy":"category","embeddable":true,"href":"https:\/\/radioljubuski.ba\/index.php\/wp-json\/wp\/v2\/categories?post=154379"},{"taxonomy":"post_tag","embeddable":true,"href":"https:\/\/radioljubuski.ba\/index.php\/wp-json\/wp\/v2\/tags?post=154379"}],"curies":[{"name":"wp","href":"https:\/\/api.w.org\/{rel}","templated":true}]}}