{"id":154391,"date":"2022-06-28T11:58:28","date_gmt":"2022-06-28T10:58:28","guid":{"rendered":"https:\/\/radioljubuski.ba\/?p=154391"},"modified":"2022-06-28T11:58:29","modified_gmt":"2022-06-28T10:58:29","slug":"turska-teroristicka-organizacija-godinama-gradila-ogranak-u-bih-suraduje-s-pripadnicima-sda-sada-se-zeli-i-sluzbeno-registrirati","status":"publish","type":"post","link":"https:\/\/radioljubuski.ba\/index.php\/2022\/06\/28\/turska-teroristicka-organizacija-godinama-gradila-ogranak-u-bih-suraduje-s-pripadnicima-sda-sada-se-zeli-i-sluzbeno-registrirati\/","title":{"rendered":"Turska teroristi\u010dka organizacija godinama gradila ogranak u BiH, sura\u0111uje s pripadnicima SDA, sada se \u017eeli i slu\u017ebeno registrirati"},"content":{"rendered":"\n<p><strong>Ekstremisti\u010dka organizacija iz Turske koju neke zemlje \u017eele proglasiti teroristi\u010dkom skoro deset godina stvara svoj ogranak u Bosni i Hercegovini, koji sada \u017eeli i slu\u017ebeno registrirati, otkriva istra\u017eivanje BIRN-a. Pod krinkom humanitarnih akcija, organizacija \u201c\u00dclk\u00fc Ocaklari\u201d (Sivi vukovi) djeluje kao produ\u017eena ruka turske politike u BiH s vlastitom ulogom u progonu \u201cgulenista\u201d iz BiH, a susrete su imali s funkcionarima najmanje dvije bh. politi\u010dke stranke, prenosi <a href=\"https:\/\/detektor.ba\/2022\/06\/27\/kako-je-turska-ekstremisticka-organizacija-sivi-vukovi-gradila-ogranak-u-bih\/\" target=\"_blank\" rel=\"noreferrer noopener\">Detektor.ba<\/a>.<\/strong><\/p>\n\n\n\n<p>Stotinama kilometara udaljen od Bosne i Hercegovine, H\u00fcseyin \u00c7akalli i dalje je autoritet za \u010dlanove organizacije koju je prije skoro deset godina osnovao u dr\u017eavi gdje je do\u0161ao studirati.<\/p>\n\n\n\n<p>Ovaj vo\u0111a jo\u0161 uvijek neformalnog ogranka turske organizacije \u201c\u00dclk\u00fc Ocaklari\u201d (Sivi vukovi), \u010diji pojedini \u010dlanovi flertuju s neofa\u0161izmom, pristao se s novinarima Balkanske istra\u017eiva\u010dke mre\u017ee (BIRN) sresti samo u \u015eanl\u0131urfi, gradu na krajnjem jugoistoku Turske, u blizini granice sa Sirijom. U dvomilijunski grad s velikim brojem sirijskih izbjeglica i jedan od najstarijih u Turskoj ulazi se prolaskom pored postavljenih policijskih barikada.<\/p>\n\n\n\n<p>Biv\u0161i student arhitekture u BiH, \u00c7akalli je u ovom gradu osnovao firmu i hvali se radovima na novoj lokalnoj bolnici. Na njegovim dru\u0161tvenim mre\u017eama fotografije isti\u010du tri stvari \u2013 brak s Bo\u0161njakinjom, aktivnosti \u201cSivih vukova\u201d u BiH te bliskost s gradona\u010delnikom Urfe, kako i dalje zovu grad poznat po tradicionalnoj turskoj kuhinji, uzgoju pistacija i 12.000 godina starom hramu.<\/p>\n\n\n\n<p>Pretra\u017euju\u0107i stotine fotografija na dru\u0161tvenim mre\u017eama, BIRN je prije intervjua uspio identificirati nekoliko \u010dlanova organizacije, njihove aktivnosti te dio strukture \u201cSivih vukova\u201d u BiH.<\/p>\n\n\n\n<p>Istra\u017eivanje BIRN-a pokazuje da misiju koju je zapo\u010deo \u00c7akalli ostvaruju\u0107i kontakte s pripadnicima Stranke demokratske akcije (SDA), danas nastavljaju mladi ljudi \u010diji rad kontrolira. Prilikom nedavnog posjeta gradona\u010delnice Sarajeva \u015eanl\u0131urfi, dobrodo\u0161licu joj je uputio i \u00c7akalli.<\/p>\n\n\n\n<p>On je izgledao pomalo iznena\u0111eno \u0161to zaista vidi novinare iz BiH ispred hotela u kojem je dogovorio susret u Urfi i gdje se \u010dinilo da ga osoblje dobro poznaje. Dok se na te\u010dnom bosanskom jeziku ispri\u010davao za ka\u0161njenje i obja\u0161njavao da se to dogodilo zbog zadr\u017eavanja na gradili\u0161tu koje nadgleda, novinare je pozvao na razgovor u lokalni ured Stranke nacionalisti\u010dkog pokreta (MHP). Ova ultranacionalisti\u010dka stranka ima zna\u010dajan broj predstavnika u turskom parlamentu koji podr\u017eavaju vladaju\u0107u Stranku pravde i razvoja Recepa Tayyipa Erdo\u011fana.<\/p>\n\n\n\n<p>Sjedi\u0161te stranke nedaleko je od gu\u017eve i buke glavne ulice. U razgovoru tijekom kratkog hoda, \u00c7akalli, \u010dovjek blijedog lica i rijetke brade, \u017eelio je ostaviti dojam dobrog doma\u0107ina, ali i saznati za\u0161to je novinarima bilo dovoljno va\u017eno doletjeti iz Sarajeva zbog jednog intervjua.<\/p>\n\n\n\n<p>Mala prostorija na tre\u0107em katu zgrade u kojoj je sjedi\u0161te lokalnog ogranka stranke, ukra\u0161ena je zastavama stranke, ali i \u201c\u00dclk\u00fc Ocaklarija\u201d (Sivih vukova), omladinske organizacije MHP-a poznate po nasilju i ekstremisti\u010dkim stavovima svojih \u010dlanova, zbog \u010dega je nekoliko zemalja \u017eeli staviti na listu teroristi\u010dkih. To je jedino pitanje zbog kojeg \u00c7akalli podi\u017ee svoj ina\u010de blag i ujedna\u010den glas i s bosanskog prelazi na turski jezik i obra\u0107anje s novinarke usmjerava prema prevoditelju.<\/p>\n\n\n\n<p>Smatra nepravednim zabrane djelovanja u Francuskoj i kori\u0161tenja znakova \u201cSivih vukova\u201d u Austriji, o\u0161tre reakcije Nizozemske i Njema\u010dke na djelovanje ove organizacije te razmi\u0161ljanja u SAD i Europi da se oni uvrste na listu teroristi\u010dkih organizacija.<\/p>\n\n\n\n<p>Vidno razo\u010daran takvim odnosom, \u00c7akalli navodi kako se \u201cuvijek suo\u010davamo s optu\u017ebama dr\u017eava u EU, a G\u00fclen ne\u201d.<\/p>\n\n\n\n<p>\u201cMislim da zapadne vlasti nas guraju jer mi volimo na\u0161u dr\u017eavu\u201d, ka\u017ee.<\/p>\n\n\n\n<p>Njegovo lice mijenja izraz i mr\u0161ti se kada govori o sljedbenicima Fethullaha G\u00fclena, nekada\u0161njeg Erdo\u011fanovog suradnika, koji od 1999. \u017eivi u SAD-u i kojeg turske vlasti sumnji\u010de za organiziranje neuspjelog dr\u017eavnog udara u Turskoj u srpnju 2016. godine.<\/p>\n\n\n\n<p>Aktivisti i vlade zemalja Zapadne Europe kritizirali su turske vlasti navode\u0107i da su prekomjerno i \u010desto neopravdano koristile izgovor neuspjelog pu\u010da da se obra\u010dunaju s oporbenim aktivistima i novinarima. Ali \u00c7akalli ponosno isti\u010de da je i sam sudjelovao u progonu \u201cgulenista\u201d u BiH. To smatra prirodnim jer rad \u201cSivih vukova\u201d vidi kao produ\u017eenu ruku turske slu\u017ebene politike.<\/p>\n\n\n\n<p>U intervjuu za BIRN je po prvi put otkrio na\u010din na koji je osnovana i djeluje organizacija \u201cSivih vukova\u201d u BiH, tvrdi da je za rad ogranka suglasnost dala centrala u Ankari, kao i Veleposlanstvo Turske u Sarajevu, ali i otkriva planove za slu\u017ebenu registraciju.<\/p>\n\n\n\n<p>Poja\u0161njava kako od srednje \u0161kole kroz organizaciju \u201c\u00dclk\u00fc Ocaklari\u201d te\u017ei ostvarenju turskog sna i borbi za pravedno dru\u0161tvo. Pristaje govoriti na bosanskom jeziku, koji skoro te\u010dno govori, ali povremeno zastajkuje. Strahuju\u0107i da \u0107e re\u0107i ne\u0161to pogre\u0161no, povremeno tra\u017ei pomo\u0107 turskog novinara koji je s BIRN-om prisustvovao razgovoru.<\/p>\n\n\n\n<p>Izbor bratske zemlje na Balkanu za \u00c7akallija nije bio slu\u010dajan nego logi\u010dan slijed pra\u0107enja turskog djelovanja, koje on kroz organizaciju osnovanu u BiH \u017eeli ostvariti.<\/p>\n\n\n\n<p>\u201cNa\u0161a baza je Turska. Ako je Turska u Bosni, mi smo tamo. Ako je Azerbajd\u017ean, mi smo tamo. \u0160to ne idemo na Siciliju? Nema [turske] dr\u017eave tamo\u201d, pri\u010da dok navodi humanitarne akcije za koje mu je trebala suglasnost centrale \u201c\u00dclk\u00fc Ocaklarija\u201d u Ankari.<\/p>\n\n\n\n<p>S nekoliko kolega, on 2013. godine u BiH neformalno osniva \u201c\u00dclk\u00fc Ocaklari\u201d, organizaciju \u201cIdealnih srca\u201d poznatiju kao \u201cSivi vukovi\u201d. Iako vi\u0161e ne \u017eivi u BiH, povratak ku\u0107i u Tursku \u017eeli iskoristiti za stvaranje kontakata i pomo\u0107 organizaciji koja i dalje funkcionira.<\/p>\n\n\n\n<p>\u00c7akalli ka\u017ee kako nije imao namjeru osnovati bh. ogranak organizacije \u201c\u00dclk\u00fc Ocaklari\u201d, osnovane 60-ih godina pro\u0161log stolje\u0107a, koja se danas smatra glavnom organizacijom koja brani i \u0161iri krajnje desni\u010darsku ideologiju utemeljenu na vjeri u superiornost turske nacije.<\/p>\n\n\n\n<p>Po dolasku u BiH je \u017eelio putovati i vidjeti sve \u0161to ova zemlja nudi.<\/p>\n\n\n\n<p>\u201cOti\u0161ao sam u Mostar, u Blagaj na tekiju (\u2026) Vidim pet momaka kako se lijepo pona\u0161aju, \u010ditaju, pri\u010daju\u2026 Svi\u0111a ti se \u0161to ih vidi\u0161\u201d, prepri\u010dava on svoje iskustvo, navode\u0107i kako ga je to podsjetilo na organizaciju u kojoj je \u010dlan od srednje \u0161kole.<\/p>\n\n\n\n<p>Tada je pozvao centralnu organizaciju, koju je zanimalo ho\u0107e li jedan ovakav ogranak biti \u201cdr\u017eavni problem\u201d.<\/p>\n\n\n\n<p>\u201cRekli: \u2018Ako ne\u0107e biti problem dr\u017eavni i nacionalni, mo\u017ee\u0161 se baviti.\u2019 Pri\u010dao s Veleposlanstvom, rekli: \u2018Bavi se\u2019\u201d, pri\u010da \u00c7akalli osvr\u0107u\u0107i se na period u kojem se, prema \u010dlancima i fotografijama objavljenim na internetu, i tada\u0161nji bh. konzul Hrvoje Kanta u Istanbulu sreo s predstavnicima ove organizacije.<\/p>\n\n\n\n<p>Iako \u010dlanovi ne skrivaju djelovanje u BiH, njihovo postojanje i rad nisu bili poznati \u0161iroj javnosti. Na stranici ovog ogranka na Facebooku se izvje\u0161tavalo od njegovog osnivanja, a ima vi\u0161e od 5.000 pratitelja. Posljednju objavu na Facebooku ogranak je imao 2018. godine. U njoj se obavje\u0161tava kako je predsjednik Devlet Bah\u00e7eli odobrio provo\u0111enje humanitarne akcije u BiH.<\/p>\n\n\n\n<p>Bah\u00e7eli je osniva\u010d \u201c\u00dclk\u00fc Ocaklarija\u201d, te predsjednik Stranke nacionalisti\u010dkog pokreta (MHP), koji je na izborima 2018. godine bio u koaliciji sa Strankom pravde i razvoja (AKP), koju predvodi Recep Tayyip Erdo\u011fan.<\/p>\n\n\n\n<p>Erdo\u011fanu je Bah\u00e7eli pro\u0161le godine poklonio \u201cMapu turskog svijeta\u201d, \u010diji se krak prote\u017ee sve do sjevernih dijelova BiH.<\/p>\n\n\n\n<p>Objave na Instagram stranici s nazivom ogranka u BiH prestale su 2018. godine, ali je napravljena nova istog naziva \u201cBosna-Hersek \u00dclk\u00fc Ocaklari\u201d [Sivi vukovi Bosna i Hercegovina]. Objave su na njoj po\u010dele 2020. godine i nastavljaju se do danas. U jednoj od objava iz srpnja pro\u0161le godine \u00c7akalli dr\u017ei baner s natpisom o klanju kurbana tijekom Bajrama u BiH.<\/p>\n\n\n\n<p>To je, kako on pri\u010da, bila tradicija tijekom devet godina koju je ova organizacija provodila u BiH.<\/p>\n\n\n\n<p>\u201cDevet Bajrama sam bio tamo, 160 ovaca totalno sam zaklao, sedam bikova, i to dijelio po \u010ditavoj Bosni, ne samo gdje su muslimani\u201d, pri\u010da \u00c7akalli.<\/p>\n\n\n\n<p>Za svaku od njih mu je, kako ka\u017ee, trebalo odobrenje centralnog ogranka organizacije iz Ankare.<\/p>\n\n\n\n<p>\u201cMi zovemo Ankaru, centar, ako imaju da \u0161alju. Ako ne, pravi se reklama, \u2018\u00dclk\u00fc Ocaklari\u2019 u svijetu. Na internetu iza\u0111emo mi i ka\u017eemo: \u2018Dijelimo kurban cijelom svijetu\u2019\u201d, poja\u0161njava \u00c7akalli, navode\u0107i kako se i ostale akcije provode na sli\u010dan na\u010din.<\/p>\n\n\n\n<p>Takva okrenutost ogranka ove organizacije prema Turskoj mo\u017ee ukazivati na ve\u0107u razinu pripadnosti u odnosu na druge ogranke, smatra izvr\u0161ni direktor organizacije \u201cCounter Extremism Project\u201d (CEP) David Ibsen.<\/p>\n\n\n\n<p>Navodi kako turski nacionalisti na poraz Osmanlija u Balkanskim ratovima gledaju kao na veliku tragediju koju ne mogu prihvatiti, zbog \u010dega u\u010dvr\u0161\u0107uju svoj interes za ovu regiju.<\/p>\n\n\n\n<p>\u201cTurska tako\u0111er ula\u017ee u obnovu d\u017eamija i povijesnih gra\u0111evina iz osmanskog razdoblja na Balkanu, \u0161to se mo\u017ee promatrati kao dio ekspanzije meke mo\u0107i neoosmanizma\u201d, navodi Ibsen, dodaju\u0107i kako su aktivnosti \u201c\u00dclk\u00fc Ocaklarija\u201d vjerojatno dio ove politi\u010dke agende.<\/p>\n\n\n\n<p>U publikaciji \u00dclk\u00fc Ocaklari: Tursko-islamisti\u010dki ekstremno desni ekstremizam profesor H\u00fcseyin \u00c7i\u00e7ek opisuje kako je u sredi\u0161tu turske percepcije i ideologije vjerovanje da su turski narodi izvorno \u017eivjeli u Aziji i po\u010deli se seliti prema modernom Balkanu.<\/p>\n\n\n\n<p>\u201cMoglo bi se pretjerati i re\u0107i da se domovina turskog naroda prote\u017ee od ju\u017enih granica biv\u0161e Jugoslavije do Xinjianga\u201d, navodi se.<\/p>\n\n\n\n<p>Bratski odnos s BiH vlast u Ankari \u017eeljela je iskoristiti tijekom 2018. i 2019. godine potra\u017euju\u0107i takozvane \u201cguleniste\u201d.<\/p>\n\n\n\n<p>Izru\u010denja koja je Erdo\u011fan o\u010dekivao iz BiH zaustavio je Sud BiH, koji je ove zahtjeve odbijao navode\u0107i kako Ujedinjeni narodi (UN) pokret G\u00fclena nisu slu\u017ebeno proglasili teroristi\u010dkim, \u0161to je uvjet da ih i BiH smatra takvima.<\/p>\n\n\n\n<p>Turski dr\u017eavljani koje je vlast proglasila \u201cgulenistima\u201d od straha su bje\u017eali iz BiH, ne znaju\u0107i koliki bi pritisak mogao biti u budu\u0107nosti.<\/p>\n\n\n\n<p>Razo\u010daran odlukom Suda, koju smatra nepravednom, \u00c7akalli navodi kako je odnos prema \u201cgulenovcima\u201d druga\u010diji u odnosu na \u201c\u00dclk\u00fc Ocaklari\u201d.<\/p>\n\n\n\n<p>\u201cU BiH sam prijavljivao \u2018gulenovce\u2019. Zvao sam lokalnu policiju. Oni do\u0111u i pitaju tko je. Ne\u0107u u Bosni lagati policiju\u201d, prisje\u0107a se \u00c7akalli i dodaje da bi volio da su tada \u201cgulenovce\u201d zatvorili.<\/p>\n\n\n\n<p>\u201cAko je izdao moju dr\u017eavu, sutra \u0107e i tebe\u201d, ka\u017ee.<\/p>\n\n\n\n<p>U Ministarstvu vanjskih poslova Turske smatraju G\u00fclenov pokret zaslu\u017enim za to \u0161to se u State Departmentu u Sjedinjenim Ameri\u010dkim Dr\u017eavama (SAD) do\u0161lo do zaklju\u010dka kako se treba sa\u010diniti izvje\u0161taj o \u201cSivim vukovima\u201d kako bi se potom odlu\u010dilo ho\u0107e li se ona ozna\u010diti kao teroristi\u010dka.<\/p>\n\n\n\n<p>Predstavnik \u201cSivih vukova\u201d u SAD-u naveo je da su osobe koje se mogu povezati s vo\u0111om FETO-a, kako turske vlasti nazivaju \u201cgulenovce\u201d, Fethullahom G\u00fclenom bile na sastanku s demokratskom zastupnicom koja je predstavila ovaj zahtjev.<\/p>\n\n\n\n<p>Dok \u00c7akalli \u201cgulenovce\u201d smatra izdajnicima, neke dr\u017eave Europe organizaciju koju on predvodi u BiH \u017eele zabraniti.<\/p>\n\n\n\n<p>Tijekom 2020. godine Francuska je zabranila djelovanje \u201c\u00dclk\u00fc Ocaklarija\u201d zbog govora mr\u017enje i politi\u010dkog nasilja. Njeni \u010dlanovi su sudjelovali u sukobima s Armencima koji pozivaju da se ubojstva njihovih predaka priznaju kao genocid, \u0161to Turska odbacuje.<\/p>\n\n\n\n<p>U Nizozemskoj i Njema\u010dkoj postoji inicijativa za zabranu ovih organizacija, dok je Europski parlament pozvao dr\u017eave \u010dlanice Europske unije da je proglase teroristi\u010dkom grupom.<\/p>\n\n\n\n<p>\u201cMi smo za njih barbari. Svijet je veliki, mo\u017ee svatko do\u0107i, gledati tko smo, \u0161to smo, tako da je isto; oni nama ka\u017eu \u2018vi ste lo\u0161i\u2019, ali mi ka\u017eemo \u2018\u0161to smo radili dosad, sve je tu\u2019. Nemaju argumente da nam ka\u017eu da smo lo\u0161i. Mi imamo podr\u0161ku na\u0161e dr\u017eave, mogu raditi \u0161to god ho\u0107e i pri\u010dati\u201d, ka\u017ee \u00c7akalli, koji sebe i druge pripadnike ove organizacije ne smatra nacionalistima.<\/p>\n\n\n\n<p>On za BIRN potvr\u0111uje kako i danas sura\u0111uje s ovim ograncima organizacije u europskim zemljama gdje je njihovo djelovanje kritizirano.<\/p>\n\n\n\n<p>Prema \u00c7akallijevoj objavi na Facebooku iz 2017. godine, akciju prikupljanja odje\u0107e za djecu pomogla je upravo organizacija iz Njema\u010dke.<\/p>\n\n\n\n<p>\u00c7akalli se prisje\u0107a da su iz Njema\u010dke drugom prilikom poslali novac da se kupi kreveti\u0107 za djecu. On djelovanje organizacija, kako u Njema\u010dkoj, tako i drugim zemljama u kojima se poziva na njihovo zatvaranje, smatra legitimnim sve dok se ne zatvore. Ka\u017ee kako dr\u017eave koje ih ozna\u010davaju ekstremnima nemaju nikakve argumente. Jedini razlog zbog kojeg bi, prema njegovom mi\u0161ljenju, suradnja bila prekinuta jest da ih Turska proglasi neprijateljem.<\/p>\n\n\n\n<p>\u201cSivi vukovi\u201d su tijekom 2020. godine izazvali nerede na mirnom skupu \u017eenske kurdske organizacije u Be\u010du kojim se \u017eeljelo ukazati na sve ve\u0107i broj ubojstava \u017eena u Turskoj i Austriji.<\/p>\n\n\n\n<p>U Rezoluciji Europskog parlamenta o izvje\u0161tajima Europske komisije o Turskoj za 2019. i 2020. godinu navodi se kako se rasisti\u010dki desni ekstremisti\u010dki pokret poznat kao \u201cSivi vukovi\u201d \u0161iri u dr\u017eavama \u010dlanicama EU, te kako je potrebno pomno pratiti njihove aktivnosti i suprotstaviti se njihovom utjecaju.<\/p>\n\n\n\n<p>\u201cOn je posebno opasan za osobe kurdskog, armenskog ili gr\u010dkog porijekla, ali i za sve one koje ova grupa smatra protivnikom\u201d, stoji u Rezoluciji.<\/p>\n\n\n\n<p>Navode\u0107i kako su \u201cSivi vukovi\u201d organizacija zabranjena zbog ekstremisti\u010dke prirode i sposobnosti poticanja nasilja, David Ibsen dodaje kako je doktrina ove organizacije evoluirala s vremenom, od idealiziranja Turaka do idealiziranja \u201cturskih muslimana\u201d.<\/p>\n\n\n\n<p>\u201c\u2018Sivi vukovi\u2019 su me\u0111unarodna fa\u0161isti\u010dka, turska nacionalisti\u010dka i panturska organizacija i pokret\u201d, navodi Ibsen.<\/p>\n\n\n\n<p>Organizacija \u201c\u00dclk\u00fc Ocaklari\u201d slu\u017ebeno je registrirana u Njema\u010dkoj. Bosanskohercegova\u010dki ogranak to, prema dostupnim registrima udruga i rije\u010dima \u00c7akallija, nikada nije uradio.<\/p>\n\n\n\n<p>\u00c7akalli ka\u017ee da to nije ura\u0111eno jer je bilo te\u0161ko ispuniti birokratske stvari, ali da je postojalo odobrenje Ankare. \u00c7akalliju je va\u017eno da sve \u0161to radi u BiH bude shva\u0107eno kao da po\u0161tuju propise pa moli turskog novinara da prenese kako nije bilo ilegalnog djelovanja, te da se organizacija bavila humanitarnim radom.<\/p>\n\n\n\n<p>Ali, prema zakonima u BiH, za humanitarno djelovanje i skupljanje novca moraju postojati registrirana udruga te priznanice o prijemu i isplati novca.<\/p>\n\n\n\n<p>Ibsen poja\u0161njava kako se ova organizacija integrira u siroma\u0161nije zajednice kroz dru\u0161tveni i humanitarni rad.<\/p>\n\n\n\n<p>\u201cTo im omogu\u0107ava da regrutiraju ili se u najmanju ruku dodvore lokalnom stanovni\u0161tvu, koje \u0107e onda podr\u017eati njihovo postojanje i misiju\u201d, zaklju\u010duje.<\/p>\n\n\n\n<p>\u010cak i bez registracije, \u00c7akalli se nada da \u0107e novi \u010dlanovi u BiH preuzeti budu\u0107e akcije pomo\u0107i.<\/p>\n\n\n\n<p>Nekoliko \u010dlanova se, s gestom spojenih prstiju, po\u010detkom godine fotografiralo u Travniku, navode\u0107i kako ispunjavaju zadatke predsjednika \u00c7akallija.<\/p>\n\n\n\n<p>Ovu gestu je austrijska vlada zabranila 2018. godine. On podrazumijeva podignut mali prst i ka\u017eiprst, te stisnut palac, srednji prst i prstenjak. Osim geste, zabranjen je i simbol \u201cSivih vukova\u201d, koji, kako poja\u0161njava Zeki Velidi Togan, va\u017eni \u201c\u00dclk\u00fc Ocaklari\u201d intelektualac, predstavlja vuka \u2013 \u017eenku ili mu\u017ejaka koji slijede razli\u010dite tradicije.<\/p>\n\n\n\n<p>Novi \u010dlanovi bh. \u201c\u00dclk\u00fc Ocaklarija\u201d \u0107e biti du\u017eni o svakom koraku tra\u017eiti suglasnost \u00c7akallija.<\/p>\n\n\n\n<p>Kad su ga novinari BIRN-a pitali za kontakte u BiH, \u00c7akalli je kazao kako je organizacija samostalno djelovala, dodav\u0161i kako je za ostvarivanje bilo kakvih ve\u0107ih ciljeva potrebna suradnja s politi\u010darima.<\/p>\n\n\n\n<p>\u201cAko otvorimo \u0161kolu, tko \u0107e pomo\u0107i \u2013 politi\u010dar. Ne mogu sam s ministrom pri\u010dati, moram prvo projekt, argument. Idem svom politi\u010daru, ka\u017eem: \u2018Mi ho\u0107emo to raditi.\u2019 Da ja sam idem, ministar \u0107e re\u0107i: \u2018Tko si ti?\u2019 Politika zato ide, treba povezati\u201d, navodi.<\/p>\n\n\n\n<p>Bekira \u015eeng\u00f6za roditelji su 2010. godine poslali na studije u BiH, \u0161to su prenijeli turski mediji. \u010cetiri godine kasnije, \u015eeng\u00f6z je prisustvovao sastancima ogranka \u201c\u00dclk\u00fc Ocaklarija\u201d. Iza zatvorenih profila na dru\u0161tvenim mre\u017eama, \u015eeng\u00f6z i dalje odobrava objave ove organizacije.<\/p>\n\n\n\n<p>On je sin dugogodi\u0161njeg \u010dlana MHP-a Metina \u015eeng\u00f6za, koji je osnovao fondaciju za prihvat studenata koji se sele iz jednog mjesta u drugo kako bi se \u0161kolovali.<\/p>\n\n\n\n<p>Kako se, prema natpisima na stranici \u201cVukova\u201d, d\u00e2 naslutiti, \u00c7akallijev zamjenik trebao bi biti \u015eamil Duman, prvak Turske u kickboxu.<\/p>\n\n\n\n<p>Duman, koji je ranije pristao da razgovara s novinarima BIRN-a, prestao je odgovarati na upite na broj telefona preko kojeg je ranije komunicirao.<\/p>\n\n\n\n<p>Upoznavanje BiH, u kojoj je najmanje pola godine, zapo\u010deo je kao i \u00c7akalli, obilaskom Mostara i tekije u Blagaju, te Travnika, Zavidovi\u0107a i Konjica.<\/p>\n\n\n\n<p>Dok zavr\u0161ava slu\u017ebeni dio razgovora u uredu MHP-a u Urfi, \u00c7akalli novinare moli da odu upoznati i predsjednika lokalnog ogranka partije.<\/p>\n\n\n\n<p>Bak\u0131r Bostanci, predsjednik MHP-a u \u015eanl\u0131urfi, nije \u017eelio govoriti slu\u017ebeno za BIRN tada, isti\u010du\u0107i kako vjeruje da je \u00c7akalli sve dobro predstavio i da \u0107e se ogranak koji vodi dalje \u0161iriti.<\/p>\n\n\n\n<p>Dan nakon posjeta novinara BIRN-a, na poziv gradona\u010delnika \u015eanl\u0131urfe Zeynela Abidina Beyazg\u00fcla, delegacija Grada Sarajeva je do\u0161la u slu\u017ebeni posjet<\/p>\n\n\n\n<p>Nedugo nakon njihovog posjeta, \u00c7akalli je na Twitteru objavio kako je, na poziv gradona\u010delnika, upoznao gradona\u010delnicu Benjaminu Kari\u0107, \u010dlanicu Socijaldemokratske partije (SDP).<\/p>\n\n\n\n<p>\u201cDobri dani su vrlo blizu za \u015eanl\u0131urfu\u201d, napisao je tom prigodom \u00c7akalli.<\/p>\n\n\n\n<p>Odgovaraju\u0107i na upit BIRN-a o fotografiji s \u010dlanom ove ekstremisti\u010dke organizacije, iz Grada Sarajeva su odgovorili da nije bilo slu\u017ebenog sastanka.<\/p>\n\n\n\n<p>\u201cDelegacija Grada Sarajeva imala je sastanke i posjete isklju\u010divo s gradona\u010delnikom i predstavnicima Uprave\u201d, naveli su u pisanom odgovoru za BIRN.<\/p>\n\n\n\n<p>Razgovori s predstavnicima vlasti upravo su ono \u0161to \u00c7akalli o\u010dekuje da bude klju\u010dni segment u razvoju organizacije \u201c\u00dclk\u00fc Ocaklari\u201d u BiH. Na taj na\u010din \u0107e mo\u0107i raditi projekte, otvarati \u0161kole i produbiti djelovanje ove organizacije.<\/p>\n\n\n\n<p>Dok je vodio bh. ogranak, sura\u0111ivao je i s Rizvanom Halilovi\u0107em, koji je bio predsjednik Udruge bosansko-tursko prijateljstvo Bosfor, te \u010dlan Stranke demokratske akcije (SDA) i predsjednik SDA Makedonije.<\/p>\n\n\n\n<p>Nakon njegove smrti, \u00c7akalli je na svom profilu uputio izraze su\u0107uti navode\u0107i kako je on pru\u017eao podr\u0161ku bh. ogranku \u201c\u00dclk\u00fc Ocaklarija\u201d.<\/p>\n\n\n\n<p>\u201cOn je pomagao nama dosta, s njim smo pri\u010dali o humanitarnim akcijama. Pomogao nam je da podijelimo zekat koji je jedan \u010dovjek iz Turske imao\u201d, pri\u010da \u00c7akalli, navode\u0107i kako je Halilovi\u0107 bio prijatelj \u201cna\u0161eg predsjednika\u201d.<\/p>\n\n\n\n<p>\u201cOn puno voli [na\u0161] program, tako smo se i upoznali\u201d, ka\u017ee i navodi kako iz BiH nikad nije tra\u017eio novac, ve\u0107 samo pomo\u0107 u podjeli prikupljenih sredstava.<\/p>\n\n\n\n<p>Iz SDA nisu odgovorili na zahtjev za razgovor.<\/p>\n\n\n\n<p>Pomo\u0107 koju je \u00c7akalli dijelio u BiH podr\u017eavali su trenutni i biv\u0161i predsjednik organizacije \u201c\u00dclk\u00fc Ocaklari\u201d \u2013 Ahmet Yi\u011fit Y\u0131ld\u0131r\u0131m i Olcay K\u0131lavuz. K\u0131lavuz je bio predsjednik organizacije \u201c\u00dclk\u00fc Ocaklari\u201d sve do 2018. godine. On je i \u010dlan MHP-a.<\/p>\n\n\n\n<p>Akcije koje su provodili u BiH, K\u0131lavuz je dijelio na svojim profilima. Na upit BIRN-a putem Facebooka za komentar nije odgovorio, kao ni Deniz G\u00fczelay, koji je s \u00c7akallijem 2013. godine osnovao ogranak u BiH. G\u00fczelay je danas potpredsjednik glavne organizacije u Ankari.<\/p>\n\n\n\n<p>On na svom Instagram profilu i dalje dijeli fotografiju iz 2017. godine na kojoj ispred zastave MHP-a stoji s oru\u017ejem u ruci. U opisu navodi da je spreman za svaku borbu, citiraju\u0107i izjavu Bah\u00e7elija, koji je istog dana objavio kako je \u201cnajmanje pet tisu\u0107a volontera\u201d spremno sudjelovati u borbi, posebno u Kirkuku, gradu u Iraku.<\/p>\n\n\n\n<p>Ogranak koji su G\u00fczelay i \u00c7akalli organizirali, kao i centralni u Ankari, vi\u0161e puta su odali po\u010dast Aliji Izetbegovi\u0107u, prvom predsjedniku SDA i prvom predsjedniku Predsjedni\u0161tva BiH.<\/p>\n\n\n\n<p>Predavanje o njemu i o nezavisnosti BiH, tijekom 2020. godine odr\u017eao je Amir Duranovi\u0107, profesor povijesti na Filozofskom fakultetu u Sarajevu.<\/p>\n\n\n\n<p>Ovo predavanje organizirao je ogranak \u201cSivih vukova\u201d iz Denizli provincije, s jugozapada Turske.<\/p>\n\n\n\n<p>Profesor Duranovi\u0107 je, na upit BIRN-a, naveo kako je odr\u017eao jednosatni razgovor o povijesti BiH u obliku \u201cpitanja \u2013 odgovori\u201d sesije.<\/p>\n\n\n\n<p>\u201cNije bila rije\u010d o bilo kakvom formalnom susretu niti ugovornim obvezama\u201d, navodi Duranovi\u0107 u odgovoru, poja\u0161njavaju\u0107i da nije imao informacija o djelovanju organizacije u BiH.<\/p>\n\n\n\n<p>Organizaciju u BiH \u00c7akalli planira u narednom periodu registrirati. Za to \u0107e svakako trebati slaganje turskih vlasti.<\/p>\n\n\n\n<p>\u017dele\u0107i predstaviti kako funkcionira registrirani ogranak, \u00c7akalli novinarima BIRN-a pokazuje prostorije registriranog ogranka \u201c\u00dclk\u00fc Ocaklari\u201d u \u015eanl\u0131urfi.<\/p>\n\n\n\n<p>Do zgrade u kojoj je smje\u0161tena organizacija dolazi se prolaskom kroz \u010dar\u0161iju, na drugom katu umjesto prozora visi baner s logom sivog vuka, simbola organizacije.<\/p>\n\n\n\n<p>U konferencijskoj sali su oka\u010dene fotografije osoba kojima odaju po\u010dast kao \u0161ehidima. Rukovoditelj ovog ogranka ima striktna pravila koja bez pogovora slijede dva dje\u010daka koja se su zatekla u prostorijama. Ne pridaju\u0107i puno pa\u017enje gostima, dozvoljava snimanje.<\/p>\n\n\n\n<p>Tu se, kako su kazali predstavnici organizacije, dr\u017ee obuke djece i odr\u017eavaju sastanke o budu\u0107ima aktivnostima. Zbog nekih od aktivnosti iz pro\u0161losti, David Ibsen navodi kako je \u201c\u00dclk\u00fc Ocaklari\u201d fa\u0161isti\u010dki pokret koji se po\u010deo isticati krajem 1970-ih u Turskoj. Na svom po\u010detku, pokret \u201cSivih vukova\u201d bio je antikomunisti\u010dki, te ga se smatralo odgovorom na uo\u010denu prijetnju Turske iz Sovjetskog Saveza, \u0161to se s vremenom promijenilo.<\/p>\n\n\n\n<p>U Izvje\u0161taju o za\u0161titi Ustava iz 2019. godine, Federalno ministarstvo unutarnjih poslova Njema\u010dke navelo je kako organizacija \u201c\u00dclk\u00fc Ocaklari\u201d djeluje pod dvije krovne organizacije, koje funkcioniraju u okviru zakona, ali da usprkos tome postoje i druge strukture unutar kojih sljedbenici ove organizacije \u0161ire svoje rasisti\u010dke ideje o superiornosti, posebice putem interneta.<\/p>\n\n\n\n<p>\u201cPrema onome \u0161to smatraju ukupnim pozitivnim politi\u010dkim razvojem u Turskoj, organizirani sljedbenici pokreta \u00dclk\u00fcc\u00fc odlu\u010dili su da ne poduzimaju nikakve radnje vezane za politi\u010dku situaciju u Turskoj koriste\u0107i imena svojih vlastitih organizacija\u201d, navodi se u izvje\u0161taju, koji zaklju\u010duje da sukobi suparni\u010dkih ekstremisti\u010dkih skupina iz Turske predstavljaju prijetnju njema\u010dkoj sigurnosti.<\/p>\n\n\n\n<p>\u201cSpontani nasilni sukobi izazvani situacijom mogu se dogoditi u bilo kojem trenutku, posebno uz uklju\u010divanje mladih sljedbenika Kurdistanske radni\u010dke stranke (PKK) i turskih desni\u010darskih ekstremista koji nisu organizirani u udrugu\u201d, navodi se.<\/p>\n\n\n\n<p>Doma\u0107e sigurnosne institucije u BiH nisu odgovorile na upit BIRN-a je li im poznato djelovanje \u201cSivih vukova\u201d u BiH.<\/p>\n\n\n\n<p>BIRN je kontaktirao nekoliko drugih \u010dlanova \u201cSivih vukova\u201d u BiH koje je identificiraoputem dru\u0161tvenih mre\u017ea, ali oni nisu odgovarali na zahtjeve ili su odbili razgovor.<\/p>\n\n\n\n<p>\/HMS\/<\/p>\n","protected":false},"excerpt":{"rendered":"<p>Ekstremisti\u010dka organizacija iz Turske koju neke zemlje \u017eele proglasiti teroristi\u010dkom skoro deset godina stvara svoj ogranak u Bosni i Hercegovini, koji sada \u017eeli i slu\u017ebeno registrirati, otkriva istra\u017eivanje BIRN-a. Pod krinkom humanitarnih akcija, organizacija \u201c\u00dclk\u00fc Ocaklari\u201d (Sivi vukovi) djeluje kao produ\u017eena ruka turske politike u BiH s vlastitom ulogom u progonu \u201cgulenista\u201d iz BiH, a [&hellip;]<\/p>\n","protected":false},"author":2,"featured_media":154392,"comment_status":"closed","ping_status":"closed","sticky":false,"template":"","format":"standard","meta":{"h5ap_radio_sources":[],"footnotes":""},"categories":[1],"tags":[],"class_list":["post-154391","post","type-post","status-publish","format-standard","has-post-thumbnail","hentry","category-bihiregija"],"yoast_head":"<!-- This site is optimized with the Yoast SEO plugin v27.5 - https:\/\/yoast.com\/product\/yoast-seo-wordpress\/ -->\n<title>Turska teroristi\u010dka organizacija godinama gradila ogranak u BiH, sura\u0111uje s pripadnicima SDA, sada se \u017eeli i slu\u017ebeno registrirati - RADIO LJUBU\u0160KI<\/title>\n<meta name=\"robots\" content=\"index, follow, max-snippet:-1, max-image-preview:large, max-video-preview:-1\" \/>\n<link rel=\"canonical\" href=\"https:\/\/radioljubuski.ba\/index.php\/2022\/06\/28\/turska-teroristicka-organizacija-godinama-gradila-ogranak-u-bih-suraduje-s-pripadnicima-sda-sada-se-zeli-i-sluzbeno-registrirati\/\" \/>\n<meta property=\"og:locale\" content=\"hr_HR\" \/>\n<meta property=\"og:type\" content=\"article\" \/>\n<meta property=\"og:title\" content=\"Turska teroristi\u010dka organizacija godinama gradila ogranak u BiH, sura\u0111uje s pripadnicima SDA, sada se \u017eeli i slu\u017ebeno registrirati - RADIO LJUBU\u0160KI\" \/>\n<meta property=\"og:description\" content=\"Ekstremisti\u010dka organizacija iz Turske koju neke zemlje \u017eele proglasiti teroristi\u010dkom skoro deset godina stvara svoj ogranak u Bosni i Hercegovini, koji sada \u017eeli i slu\u017ebeno registrirati, otkriva istra\u017eivanje BIRN-a. Pod krinkom humanitarnih akcija, organizacija \u201c\u00dclk\u00fc Ocaklari\u201d (Sivi vukovi) djeluje kao produ\u017eena ruka turske politike u BiH s vlastitom ulogom u progonu \u201cgulenista\u201d iz BiH, a [&hellip;]\" \/>\n<meta property=\"og:url\" content=\"https:\/\/radioljubuski.ba\/index.php\/2022\/06\/28\/turska-teroristicka-organizacija-godinama-gradila-ogranak-u-bih-suraduje-s-pripadnicima-sda-sada-se-zeli-i-sluzbeno-registrirati\/\" \/>\n<meta property=\"og:site_name\" content=\"RADIO LJUBU\u0160KI\" \/>\n<meta property=\"article:publisher\" content=\"https:\/\/www.facebook.com\/Radiio-Ljubuski-1490835324566332\" \/>\n<meta property=\"article:published_time\" content=\"2022-06-28T10:58:28+00:00\" \/>\n<meta property=\"article:modified_time\" content=\"2022-06-28T10:58:29+00:00\" \/>\n<meta property=\"og:image\" content=\"https:\/\/radioljubuski.ba\/wp-content\/uploads\/2022\/06\/sivi-vukovi-1.png\" \/>\n\t<meta property=\"og:image:width\" content=\"1024\" \/>\n\t<meta property=\"og:image:height\" content=\"786\" \/>\n\t<meta property=\"og:image:type\" content=\"image\/png\" \/>\n<meta name=\"author\" content=\"Radio Ljubu\u0161ki\" \/>\n<meta name=\"twitter:card\" content=\"summary_large_image\" \/>\n<meta name=\"twitter:creator\" content=\"@radioljubuski\" \/>\n<meta name=\"twitter:site\" content=\"@radioljubuski\" \/>\n<meta name=\"twitter:label1\" content=\"Napisao\/la\" \/>\n\t<meta name=\"twitter:data1\" content=\"Radio Ljubu\u0161ki\" \/>\n\t<meta name=\"twitter:label2\" content=\"Procijenjeno vrijeme \u010ditanja\" \/>\n\t<meta name=\"twitter:data2\" content=\"15 minuta\" \/>\n<script type=\"application\/ld+json\" class=\"yoast-schema-graph\">{\"@context\":\"https:\\\/\\\/schema.org\",\"@graph\":[{\"@type\":\"Article\",\"@id\":\"https:\\\/\\\/radioljubuski.ba\\\/index.php\\\/2022\\\/06\\\/28\\\/turska-teroristicka-organizacija-godinama-gradila-ogranak-u-bih-suraduje-s-pripadnicima-sda-sada-se-zeli-i-sluzbeno-registrirati\\\/#article\",\"isPartOf\":{\"@id\":\"https:\\\/\\\/radioljubuski.ba\\\/index.php\\\/2022\\\/06\\\/28\\\/turska-teroristicka-organizacija-godinama-gradila-ogranak-u-bih-suraduje-s-pripadnicima-sda-sada-se-zeli-i-sluzbeno-registrirati\\\/\"},\"author\":{\"name\":\"Radio Ljubu\u0161ki\",\"@id\":\"https:\\\/\\\/radioljubuski.ba\\\/#\\\/schema\\\/person\\\/19fc700381a780f69665d7956c469e3b\"},\"headline\":\"Turska teroristi\u010dka organizacija godinama gradila ogranak u BiH, sura\u0111uje s pripadnicima SDA, sada se \u017eeli i slu\u017ebeno registrirati\",\"datePublished\":\"2022-06-28T10:58:28+00:00\",\"dateModified\":\"2022-06-28T10:58:29+00:00\",\"mainEntityOfPage\":{\"@id\":\"https:\\\/\\\/radioljubuski.ba\\\/index.php\\\/2022\\\/06\\\/28\\\/turska-teroristicka-organizacija-godinama-gradila-ogranak-u-bih-suraduje-s-pripadnicima-sda-sada-se-zeli-i-sluzbeno-registrirati\\\/\"},\"wordCount\":3720,\"publisher\":{\"@id\":\"https:\\\/\\\/radioljubuski.ba\\\/#organization\"},\"image\":{\"@id\":\"https:\\\/\\\/radioljubuski.ba\\\/index.php\\\/2022\\\/06\\\/28\\\/turska-teroristicka-organizacija-godinama-gradila-ogranak-u-bih-suraduje-s-pripadnicima-sda-sada-se-zeli-i-sluzbeno-registrirati\\\/#primaryimage\"},\"thumbnailUrl\":\"https:\\\/\\\/radioljubuski.ba\\\/wp-content\\\/uploads\\\/2022\\\/06\\\/sivi-vukovi-1.png\",\"articleSection\":[\"BIH i regija\"],\"inLanguage\":\"hr\"},{\"@type\":\"WebPage\",\"@id\":\"https:\\\/\\\/radioljubuski.ba\\\/index.php\\\/2022\\\/06\\\/28\\\/turska-teroristicka-organizacija-godinama-gradila-ogranak-u-bih-suraduje-s-pripadnicima-sda-sada-se-zeli-i-sluzbeno-registrirati\\\/\",\"url\":\"https:\\\/\\\/radioljubuski.ba\\\/index.php\\\/2022\\\/06\\\/28\\\/turska-teroristicka-organizacija-godinama-gradila-ogranak-u-bih-suraduje-s-pripadnicima-sda-sada-se-zeli-i-sluzbeno-registrirati\\\/\",\"name\":\"Turska teroristi\u010dka organizacija godinama gradila ogranak u BiH, sura\u0111uje s pripadnicima SDA, sada se \u017eeli i slu\u017ebeno registrirati - RADIO LJUBU\u0160KI\",\"isPartOf\":{\"@id\":\"https:\\\/\\\/radioljubuski.ba\\\/#website\"},\"primaryImageOfPage\":{\"@id\":\"https:\\\/\\\/radioljubuski.ba\\\/index.php\\\/2022\\\/06\\\/28\\\/turska-teroristicka-organizacija-godinama-gradila-ogranak-u-bih-suraduje-s-pripadnicima-sda-sada-se-zeli-i-sluzbeno-registrirati\\\/#primaryimage\"},\"image\":{\"@id\":\"https:\\\/\\\/radioljubuski.ba\\\/index.php\\\/2022\\\/06\\\/28\\\/turska-teroristicka-organizacija-godinama-gradila-ogranak-u-bih-suraduje-s-pripadnicima-sda-sada-se-zeli-i-sluzbeno-registrirati\\\/#primaryimage\"},\"thumbnailUrl\":\"https:\\\/\\\/radioljubuski.ba\\\/wp-content\\\/uploads\\\/2022\\\/06\\\/sivi-vukovi-1.png\",\"datePublished\":\"2022-06-28T10:58:28+00:00\",\"dateModified\":\"2022-06-28T10:58:29+00:00\",\"breadcrumb\":{\"@id\":\"https:\\\/\\\/radioljubuski.ba\\\/index.php\\\/2022\\\/06\\\/28\\\/turska-teroristicka-organizacija-godinama-gradila-ogranak-u-bih-suraduje-s-pripadnicima-sda-sada-se-zeli-i-sluzbeno-registrirati\\\/#breadcrumb\"},\"inLanguage\":\"hr\",\"potentialAction\":[{\"@type\":\"ReadAction\",\"target\":[\"https:\\\/\\\/radioljubuski.ba\\\/index.php\\\/2022\\\/06\\\/28\\\/turska-teroristicka-organizacija-godinama-gradila-ogranak-u-bih-suraduje-s-pripadnicima-sda-sada-se-zeli-i-sluzbeno-registrirati\\\/\"]}]},{\"@type\":\"ImageObject\",\"inLanguage\":\"hr\",\"@id\":\"https:\\\/\\\/radioljubuski.ba\\\/index.php\\\/2022\\\/06\\\/28\\\/turska-teroristicka-organizacija-godinama-gradila-ogranak-u-bih-suraduje-s-pripadnicima-sda-sada-se-zeli-i-sluzbeno-registrirati\\\/#primaryimage\",\"url\":\"https:\\\/\\\/radioljubuski.ba\\\/wp-content\\\/uploads\\\/2022\\\/06\\\/sivi-vukovi-1.png\",\"contentUrl\":\"https:\\\/\\\/radioljubuski.ba\\\/wp-content\\\/uploads\\\/2022\\\/06\\\/sivi-vukovi-1.png\",\"width\":1024,\"height\":786},{\"@type\":\"BreadcrumbList\",\"@id\":\"https:\\\/\\\/radioljubuski.ba\\\/index.php\\\/2022\\\/06\\\/28\\\/turska-teroristicka-organizacija-godinama-gradila-ogranak-u-bih-suraduje-s-pripadnicima-sda-sada-se-zeli-i-sluzbeno-registrirati\\\/#breadcrumb\",\"itemListElement\":[{\"@type\":\"ListItem\",\"position\":1,\"name\":\"Po\u010detna stranica\",\"item\":\"https:\\\/\\\/radioljubuski.ba\\\/\"},{\"@type\":\"ListItem\",\"position\":2,\"name\":\"Turska teroristi\u010dka organizacija godinama gradila ogranak u BiH, sura\u0111uje s pripadnicima SDA, sada se \u017eeli i slu\u017ebeno registrirati\"}]},{\"@type\":\"WebSite\",\"@id\":\"https:\\\/\\\/radioljubuski.ba\\\/#website\",\"url\":\"https:\\\/\\\/radioljubuski.ba\\\/\",\"name\":\"Radio Ljubu\u0161ki\",\"description\":\"Sun\u010dana frekvencija Hercegovine\",\"publisher\":{\"@id\":\"https:\\\/\\\/radioljubuski.ba\\\/#organization\"},\"potentialAction\":[{\"@type\":\"SearchAction\",\"target\":{\"@type\":\"EntryPoint\",\"urlTemplate\":\"https:\\\/\\\/radioljubuski.ba\\\/?s={search_term_string}\"},\"query-input\":{\"@type\":\"PropertyValueSpecification\",\"valueRequired\":true,\"valueName\":\"search_term_string\"}}],\"inLanguage\":\"hr\"},{\"@type\":\"Organization\",\"@id\":\"https:\\\/\\\/radioljubuski.ba\\\/#organization\",\"name\":\"Radio Ljubu\u0161ki\",\"url\":\"https:\\\/\\\/radioljubuski.ba\\\/\",\"logo\":{\"@type\":\"ImageObject\",\"inLanguage\":\"hr\",\"@id\":\"https:\\\/\\\/radioljubuski.ba\\\/#\\\/schema\\\/logo\\\/image\\\/\",\"url\":\"https:\\\/\\\/radioljubuski.ba\\\/wp-content\\\/uploads\\\/2021\\\/02\\\/cropped-Radio_Ljubuski_logo1.jpg\",\"contentUrl\":\"https:\\\/\\\/radioljubuski.ba\\\/wp-content\\\/uploads\\\/2021\\\/02\\\/cropped-Radio_Ljubuski_logo1.jpg\",\"width\":512,\"height\":512,\"caption\":\"Radio Ljubu\u0161ki\"},\"image\":{\"@id\":\"https:\\\/\\\/radioljubuski.ba\\\/#\\\/schema\\\/logo\\\/image\\\/\"},\"sameAs\":[\"https:\\\/\\\/www.facebook.com\\\/Radiio-Ljubuski-1490835324566332\",\"https:\\\/\\\/x.com\\\/radioljubuski\",\"https:\\\/\\\/hr.linkedin.com\\\/company\\\/radio-ljubuski\",\"https:\\\/\\\/www.youtube.com\\\/channel\\\/UCHYaeO_n0Db3tjNGudGpXyw\"]},{\"@type\":\"Person\",\"@id\":\"https:\\\/\\\/radioljubuski.ba\\\/#\\\/schema\\\/person\\\/19fc700381a780f69665d7956c469e3b\",\"name\":\"Radio Ljubu\u0161ki\"}]}<\/script>\n<!-- \/ Yoast SEO plugin. -->","yoast_head_json":{"title":"Turska teroristi\u010dka organizacija godinama gradila ogranak u BiH, sura\u0111uje s pripadnicima SDA, sada se \u017eeli i slu\u017ebeno registrirati - RADIO LJUBU\u0160KI","robots":{"index":"index","follow":"follow","max-snippet":"max-snippet:-1","max-image-preview":"max-image-preview:large","max-video-preview":"max-video-preview:-1"},"canonical":"https:\/\/radioljubuski.ba\/index.php\/2022\/06\/28\/turska-teroristicka-organizacija-godinama-gradila-ogranak-u-bih-suraduje-s-pripadnicima-sda-sada-se-zeli-i-sluzbeno-registrirati\/","og_locale":"hr_HR","og_type":"article","og_title":"Turska teroristi\u010dka organizacija godinama gradila ogranak u BiH, sura\u0111uje s pripadnicima SDA, sada se \u017eeli i slu\u017ebeno registrirati - RADIO LJUBU\u0160KI","og_description":"Ekstremisti\u010dka organizacija iz Turske koju neke zemlje \u017eele proglasiti teroristi\u010dkom skoro deset godina stvara svoj ogranak u Bosni i Hercegovini, koji sada \u017eeli i slu\u017ebeno registrirati, otkriva istra\u017eivanje BIRN-a. Pod krinkom humanitarnih akcija, organizacija \u201c\u00dclk\u00fc Ocaklari\u201d (Sivi vukovi) djeluje kao produ\u017eena ruka turske politike u BiH s vlastitom ulogom u progonu \u201cgulenista\u201d iz BiH, a [&hellip;]","og_url":"https:\/\/radioljubuski.ba\/index.php\/2022\/06\/28\/turska-teroristicka-organizacija-godinama-gradila-ogranak-u-bih-suraduje-s-pripadnicima-sda-sada-se-zeli-i-sluzbeno-registrirati\/","og_site_name":"RADIO LJUBU\u0160KI","article_publisher":"https:\/\/www.facebook.com\/Radiio-Ljubuski-1490835324566332","article_published_time":"2022-06-28T10:58:28+00:00","article_modified_time":"2022-06-28T10:58:29+00:00","og_image":[{"width":1024,"height":786,"url":"https:\/\/radioljubuski.ba\/wp-content\/uploads\/2022\/06\/sivi-vukovi-1.png","type":"image\/png"}],"author":"Radio Ljubu\u0161ki","twitter_card":"summary_large_image","twitter_creator":"@radioljubuski","twitter_site":"@radioljubuski","twitter_misc":{"Napisao\/la":"Radio Ljubu\u0161ki","Procijenjeno vrijeme \u010ditanja":"15 minuta"},"schema":{"@context":"https:\/\/schema.org","@graph":[{"@type":"Article","@id":"https:\/\/radioljubuski.ba\/index.php\/2022\/06\/28\/turska-teroristicka-organizacija-godinama-gradila-ogranak-u-bih-suraduje-s-pripadnicima-sda-sada-se-zeli-i-sluzbeno-registrirati\/#article","isPartOf":{"@id":"https:\/\/radioljubuski.ba\/index.php\/2022\/06\/28\/turska-teroristicka-organizacija-godinama-gradila-ogranak-u-bih-suraduje-s-pripadnicima-sda-sada-se-zeli-i-sluzbeno-registrirati\/"},"author":{"name":"Radio Ljubu\u0161ki","@id":"https:\/\/radioljubuski.ba\/#\/schema\/person\/19fc700381a780f69665d7956c469e3b"},"headline":"Turska teroristi\u010dka organizacija godinama gradila ogranak u BiH, sura\u0111uje s pripadnicima SDA, sada se \u017eeli i slu\u017ebeno registrirati","datePublished":"2022-06-28T10:58:28+00:00","dateModified":"2022-06-28T10:58:29+00:00","mainEntityOfPage":{"@id":"https:\/\/radioljubuski.ba\/index.php\/2022\/06\/28\/turska-teroristicka-organizacija-godinama-gradila-ogranak-u-bih-suraduje-s-pripadnicima-sda-sada-se-zeli-i-sluzbeno-registrirati\/"},"wordCount":3720,"publisher":{"@id":"https:\/\/radioljubuski.ba\/#organization"},"image":{"@id":"https:\/\/radioljubuski.ba\/index.php\/2022\/06\/28\/turska-teroristicka-organizacija-godinama-gradila-ogranak-u-bih-suraduje-s-pripadnicima-sda-sada-se-zeli-i-sluzbeno-registrirati\/#primaryimage"},"thumbnailUrl":"https:\/\/radioljubuski.ba\/wp-content\/uploads\/2022\/06\/sivi-vukovi-1.png","articleSection":["BIH i regija"],"inLanguage":"hr"},{"@type":"WebPage","@id":"https:\/\/radioljubuski.ba\/index.php\/2022\/06\/28\/turska-teroristicka-organizacija-godinama-gradila-ogranak-u-bih-suraduje-s-pripadnicima-sda-sada-se-zeli-i-sluzbeno-registrirati\/","url":"https:\/\/radioljubuski.ba\/index.php\/2022\/06\/28\/turska-teroristicka-organizacija-godinama-gradila-ogranak-u-bih-suraduje-s-pripadnicima-sda-sada-se-zeli-i-sluzbeno-registrirati\/","name":"Turska teroristi\u010dka organizacija godinama gradila ogranak u BiH, sura\u0111uje s pripadnicima SDA, sada se \u017eeli i slu\u017ebeno registrirati - RADIO LJUBU\u0160KI","isPartOf":{"@id":"https:\/\/radioljubuski.ba\/#website"},"primaryImageOfPage":{"@id":"https:\/\/radioljubuski.ba\/index.php\/2022\/06\/28\/turska-teroristicka-organizacija-godinama-gradila-ogranak-u-bih-suraduje-s-pripadnicima-sda-sada-se-zeli-i-sluzbeno-registrirati\/#primaryimage"},"image":{"@id":"https:\/\/radioljubuski.ba\/index.php\/2022\/06\/28\/turska-teroristicka-organizacija-godinama-gradila-ogranak-u-bih-suraduje-s-pripadnicima-sda-sada-se-zeli-i-sluzbeno-registrirati\/#primaryimage"},"thumbnailUrl":"https:\/\/radioljubuski.ba\/wp-content\/uploads\/2022\/06\/sivi-vukovi-1.png","datePublished":"2022-06-28T10:58:28+00:00","dateModified":"2022-06-28T10:58:29+00:00","breadcrumb":{"@id":"https:\/\/radioljubuski.ba\/index.php\/2022\/06\/28\/turska-teroristicka-organizacija-godinama-gradila-ogranak-u-bih-suraduje-s-pripadnicima-sda-sada-se-zeli-i-sluzbeno-registrirati\/#breadcrumb"},"inLanguage":"hr","potentialAction":[{"@type":"ReadAction","target":["https:\/\/radioljubuski.ba\/index.php\/2022\/06\/28\/turska-teroristicka-organizacija-godinama-gradila-ogranak-u-bih-suraduje-s-pripadnicima-sda-sada-se-zeli-i-sluzbeno-registrirati\/"]}]},{"@type":"ImageObject","inLanguage":"hr","@id":"https:\/\/radioljubuski.ba\/index.php\/2022\/06\/28\/turska-teroristicka-organizacija-godinama-gradila-ogranak-u-bih-suraduje-s-pripadnicima-sda-sada-se-zeli-i-sluzbeno-registrirati\/#primaryimage","url":"https:\/\/radioljubuski.ba\/wp-content\/uploads\/2022\/06\/sivi-vukovi-1.png","contentUrl":"https:\/\/radioljubuski.ba\/wp-content\/uploads\/2022\/06\/sivi-vukovi-1.png","width":1024,"height":786},{"@type":"BreadcrumbList","@id":"https:\/\/radioljubuski.ba\/index.php\/2022\/06\/28\/turska-teroristicka-organizacija-godinama-gradila-ogranak-u-bih-suraduje-s-pripadnicima-sda-sada-se-zeli-i-sluzbeno-registrirati\/#breadcrumb","itemListElement":[{"@type":"ListItem","position":1,"name":"Po\u010detna stranica","item":"https:\/\/radioljubuski.ba\/"},{"@type":"ListItem","position":2,"name":"Turska teroristi\u010dka organizacija godinama gradila ogranak u BiH, sura\u0111uje s pripadnicima SDA, sada se \u017eeli i slu\u017ebeno registrirati"}]},{"@type":"WebSite","@id":"https:\/\/radioljubuski.ba\/#website","url":"https:\/\/radioljubuski.ba\/","name":"Radio Ljubu\u0161ki","description":"Sun\u010dana frekvencija Hercegovine","publisher":{"@id":"https:\/\/radioljubuski.ba\/#organization"},"potentialAction":[{"@type":"SearchAction","target":{"@type":"EntryPoint","urlTemplate":"https:\/\/radioljubuski.ba\/?s={search_term_string}"},"query-input":{"@type":"PropertyValueSpecification","valueRequired":true,"valueName":"search_term_string"}}],"inLanguage":"hr"},{"@type":"Organization","@id":"https:\/\/radioljubuski.ba\/#organization","name":"Radio Ljubu\u0161ki","url":"https:\/\/radioljubuski.ba\/","logo":{"@type":"ImageObject","inLanguage":"hr","@id":"https:\/\/radioljubuski.ba\/#\/schema\/logo\/image\/","url":"https:\/\/radioljubuski.ba\/wp-content\/uploads\/2021\/02\/cropped-Radio_Ljubuski_logo1.jpg","contentUrl":"https:\/\/radioljubuski.ba\/wp-content\/uploads\/2021\/02\/cropped-Radio_Ljubuski_logo1.jpg","width":512,"height":512,"caption":"Radio Ljubu\u0161ki"},"image":{"@id":"https:\/\/radioljubuski.ba\/#\/schema\/logo\/image\/"},"sameAs":["https:\/\/www.facebook.com\/Radiio-Ljubuski-1490835324566332","https:\/\/x.com\/radioljubuski","https:\/\/hr.linkedin.com\/company\/radio-ljubuski","https:\/\/www.youtube.com\/channel\/UCHYaeO_n0Db3tjNGudGpXyw"]},{"@type":"Person","@id":"https:\/\/radioljubuski.ba\/#\/schema\/person\/19fc700381a780f69665d7956c469e3b","name":"Radio Ljubu\u0161ki"}]}},"_links":{"self":[{"href":"https:\/\/radioljubuski.ba\/index.php\/wp-json\/wp\/v2\/posts\/154391","targetHints":{"allow":["GET"]}}],"collection":[{"href":"https:\/\/radioljubuski.ba\/index.php\/wp-json\/wp\/v2\/posts"}],"about":[{"href":"https:\/\/radioljubuski.ba\/index.php\/wp-json\/wp\/v2\/types\/post"}],"author":[{"embeddable":true,"href":"https:\/\/radioljubuski.ba\/index.php\/wp-json\/wp\/v2\/users\/2"}],"replies":[{"embeddable":true,"href":"https:\/\/radioljubuski.ba\/index.php\/wp-json\/wp\/v2\/comments?post=154391"}],"version-history":[{"count":1,"href":"https:\/\/radioljubuski.ba\/index.php\/wp-json\/wp\/v2\/posts\/154391\/revisions"}],"predecessor-version":[{"id":154393,"href":"https:\/\/radioljubuski.ba\/index.php\/wp-json\/wp\/v2\/posts\/154391\/revisions\/154393"}],"wp:featuredmedia":[{"embeddable":true,"href":"https:\/\/radioljubuski.ba\/index.php\/wp-json\/wp\/v2\/media\/154392"}],"wp:attachment":[{"href":"https:\/\/radioljubuski.ba\/index.php\/wp-json\/wp\/v2\/media?parent=154391"}],"wp:term":[{"taxonomy":"category","embeddable":true,"href":"https:\/\/radioljubuski.ba\/index.php\/wp-json\/wp\/v2\/categories?post=154391"},{"taxonomy":"post_tag","embeddable":true,"href":"https:\/\/radioljubuski.ba\/index.php\/wp-json\/wp\/v2\/tags?post=154391"}],"curies":[{"name":"wp","href":"https:\/\/api.w.org\/{rel}","templated":true}]}}