{"id":154397,"date":"2022-06-28T12:10:54","date_gmt":"2022-06-28T11:10:54","guid":{"rendered":"https:\/\/radioljubuski.ba\/?p=154397"},"modified":"2022-06-28T12:11:14","modified_gmt":"2022-06-28T11:11:14","slug":"covic-u-parlamentarnu-proceduru-uputio-prihvacanje-ihra-ove-definicije-antisemitizma","status":"publish","type":"post","link":"https:\/\/radioljubuski.ba\/index.php\/2022\/06\/28\/covic-u-parlamentarnu-proceduru-uputio-prihvacanje-ihra-ove-definicije-antisemitizma\/","title":{"rendered":"\u010covi\u0107 u parlamentarnu proceduru uputio prihva\u0107anje IHRA-ove definicije antisemitizma"},"content":{"rendered":"\n<p><strong>Zamjenik predsjedatelja Doma naroda Parlamenta Bosne i Hercegovine i predsjednik HDZ-a Dragan \u010covi\u0107 uputio je u parlamentarnu proceduru da se prihvati definicija antisemitizma Me\u0111unarodne alijanse za sje\u0107anje na holokaust (IHRA).<\/strong><\/p>\n\n\n\n<p>Ovo je u\u010dinio nakon nedavnog vi\u0161ednevnog posjeta Izraelu, napomenuv\u0161i da je dao obe\u0107anje da \u0107e to u\u010diniti.<\/p>\n\n\n\n<p>\u201cPrvo obe\u0107anje koje sam dao tijekom nedavnog posjete Izraelu danas se ispunjava. Podnio sam inicijativu za prihva\u0107anje IHRA-ove definicije antisemitizma u parlamentarnoj proceduri. Ovo je korak naprijed koji svi mi u Bosni i Hercegovini moramo napraviti\u201d, poru\u010dio je \u010covi\u0107.<\/p>\n\n\n\n<p>\/HMS\/<\/p>\n","protected":false},"excerpt":{"rendered":"<p>Zamjenik predsjedatelja Doma naroda Parlamenta Bosne i Hercegovine i predsjednik HDZ-a Dragan \u010covi\u0107 uputio je u parlamentarnu proceduru da se prihvati definicija antisemitizma Me\u0111unarodne alijanse za sje\u0107anje na holokaust (IHRA). Ovo je u\u010dinio nakon nedavnog vi\u0161ednevnog posjeta Izraelu, napomenuv\u0161i da je dao obe\u0107anje da \u0107e to u\u010diniti. \u201cPrvo obe\u0107anje koje sam dao tijekom nedavnog posjete [&hellip;]<\/p>\n","protected":false},"author":2,"featured_media":154398,"comment_status":"closed","ping_status":"closed","sticky":false,"template":"","format":"standard","meta":{"h5ap_radio_sources":[],"footnotes":""},"categories":[1],"tags":[],"class_list":["post-154397","post","type-post","status-publish","format-standard","has-post-thumbnail","hentry","category-bihiregija"],"yoast_head":"<!-- This site is optimized with the Yoast SEO plugin v27.5 - https:\/\/yoast.com\/product\/yoast-seo-wordpress\/ -->\n<title>\u010covi\u0107 u parlamentarnu proceduru uputio prihva\u0107anje IHRA-ove definicije antisemitizma - RADIO LJUBU\u0160KI<\/title>\n<meta name=\"robots\" content=\"index, follow, max-snippet:-1, max-image-preview:large, max-video-preview:-1\" \/>\n<link rel=\"canonical\" href=\"https:\/\/radioljubuski.ba\/index.php\/2022\/06\/28\/covic-u-parlamentarnu-proceduru-uputio-prihvacanje-ihra-ove-definicije-antisemitizma\/\" \/>\n<meta property=\"og:locale\" content=\"hr_HR\" \/>\n<meta property=\"og:type\" content=\"article\" \/>\n<meta property=\"og:title\" content=\"\u010covi\u0107 u parlamentarnu proceduru uputio prihva\u0107anje IHRA-ove definicije antisemitizma - RADIO LJUBU\u0160KI\" \/>\n<meta property=\"og:description\" content=\"Zamjenik predsjedatelja Doma naroda Parlamenta Bosne i Hercegovine i predsjednik HDZ-a Dragan \u010covi\u0107 uputio je u parlamentarnu proceduru da se prihvati definicija antisemitizma Me\u0111unarodne alijanse za sje\u0107anje na holokaust (IHRA). Ovo je u\u010dinio nakon nedavnog vi\u0161ednevnog posjeta Izraelu, napomenuv\u0161i da je dao obe\u0107anje da \u0107e to u\u010diniti. \u201cPrvo obe\u0107anje koje sam dao tijekom nedavnog posjete [&hellip;]\" \/>\n<meta property=\"og:url\" content=\"https:\/\/radioljubuski.ba\/index.php\/2022\/06\/28\/covic-u-parlamentarnu-proceduru-uputio-prihvacanje-ihra-ove-definicije-antisemitizma\/\" \/>\n<meta property=\"og:site_name\" content=\"RADIO LJUBU\u0160KI\" \/>\n<meta property=\"article:publisher\" content=\"https:\/\/www.facebook.com\/Radiio-Ljubuski-1490835324566332\" \/>\n<meta property=\"article:published_time\" content=\"2022-06-28T11:10:54+00:00\" \/>\n<meta property=\"article:modified_time\" content=\"2022-06-28T11:11:14+00:00\" \/>\n<meta property=\"og:image\" content=\"https:\/\/radioljubuski.ba\/wp-content\/uploads\/2022\/06\/FWUU0BfXgAMWHHW.jpg\" \/>\n\t<meta property=\"og:image:width\" content=\"785\" \/>\n\t<meta property=\"og:image:height\" content=\"599\" \/>\n\t<meta property=\"og:image:type\" content=\"image\/jpeg\" \/>\n<meta name=\"author\" content=\"Radio Ljubu\u0161ki\" \/>\n<meta name=\"twitter:card\" content=\"summary_large_image\" \/>\n<meta name=\"twitter:creator\" content=\"@radioljubuski\" \/>\n<meta name=\"twitter:site\" content=\"@radioljubuski\" \/>\n<meta name=\"twitter:label1\" content=\"Napisao\/la\" \/>\n\t<meta name=\"twitter:data1\" content=\"Radio Ljubu\u0161ki\" \/>\n\t<meta name=\"twitter:label2\" content=\"Procijenjeno vrijeme \u010ditanja\" \/>\n\t<meta name=\"twitter:data2\" content=\"1 minuta\" \/>\n<script type=\"application\/ld+json\" class=\"yoast-schema-graph\">{\"@context\":\"https:\\\/\\\/schema.org\",\"@graph\":[{\"@type\":\"Article\",\"@id\":\"https:\\\/\\\/radioljubuski.ba\\\/index.php\\\/2022\\\/06\\\/28\\\/covic-u-parlamentarnu-proceduru-uputio-prihvacanje-ihra-ove-definicije-antisemitizma\\\/#article\",\"isPartOf\":{\"@id\":\"https:\\\/\\\/radioljubuski.ba\\\/index.php\\\/2022\\\/06\\\/28\\\/covic-u-parlamentarnu-proceduru-uputio-prihvacanje-ihra-ove-definicije-antisemitizma\\\/\"},\"author\":{\"name\":\"Radio Ljubu\u0161ki\",\"@id\":\"https:\\\/\\\/radioljubuski.ba\\\/#\\\/schema\\\/person\\\/19fc700381a780f69665d7956c469e3b\"},\"headline\":\"\u010covi\u0107 u parlamentarnu proceduru uputio prihva\u0107anje IHRA-ove definicije antisemitizma\",\"datePublished\":\"2022-06-28T11:10:54+00:00\",\"dateModified\":\"2022-06-28T11:11:14+00:00\",\"mainEntityOfPage\":{\"@id\":\"https:\\\/\\\/radioljubuski.ba\\\/index.php\\\/2022\\\/06\\\/28\\\/covic-u-parlamentarnu-proceduru-uputio-prihvacanje-ihra-ove-definicije-antisemitizma\\\/\"},\"wordCount\":107,\"publisher\":{\"@id\":\"https:\\\/\\\/radioljubuski.ba\\\/#organization\"},\"image\":{\"@id\":\"https:\\\/\\\/radioljubuski.ba\\\/index.php\\\/2022\\\/06\\\/28\\\/covic-u-parlamentarnu-proceduru-uputio-prihvacanje-ihra-ove-definicije-antisemitizma\\\/#primaryimage\"},\"thumbnailUrl\":\"https:\\\/\\\/radioljubuski.ba\\\/wp-content\\\/uploads\\\/2022\\\/06\\\/FWUU0BfXgAMWHHW.jpg\",\"articleSection\":[\"BIH i regija\"],\"inLanguage\":\"hr\"},{\"@type\":\"WebPage\",\"@id\":\"https:\\\/\\\/radioljubuski.ba\\\/index.php\\\/2022\\\/06\\\/28\\\/covic-u-parlamentarnu-proceduru-uputio-prihvacanje-ihra-ove-definicije-antisemitizma\\\/\",\"url\":\"https:\\\/\\\/radioljubuski.ba\\\/index.php\\\/2022\\\/06\\\/28\\\/covic-u-parlamentarnu-proceduru-uputio-prihvacanje-ihra-ove-definicije-antisemitizma\\\/\",\"name\":\"\u010covi\u0107 u parlamentarnu proceduru uputio prihva\u0107anje IHRA-ove definicije antisemitizma - RADIO LJUBU\u0160KI\",\"isPartOf\":{\"@id\":\"https:\\\/\\\/radioljubuski.ba\\\/#website\"},\"primaryImageOfPage\":{\"@id\":\"https:\\\/\\\/radioljubuski.ba\\\/index.php\\\/2022\\\/06\\\/28\\\/covic-u-parlamentarnu-proceduru-uputio-prihvacanje-ihra-ove-definicije-antisemitizma\\\/#primaryimage\"},\"image\":{\"@id\":\"https:\\\/\\\/radioljubuski.ba\\\/index.php\\\/2022\\\/06\\\/28\\\/covic-u-parlamentarnu-proceduru-uputio-prihvacanje-ihra-ove-definicije-antisemitizma\\\/#primaryimage\"},\"thumbnailUrl\":\"https:\\\/\\\/radioljubuski.ba\\\/wp-content\\\/uploads\\\/2022\\\/06\\\/FWUU0BfXgAMWHHW.jpg\",\"datePublished\":\"2022-06-28T11:10:54+00:00\",\"dateModified\":\"2022-06-28T11:11:14+00:00\",\"breadcrumb\":{\"@id\":\"https:\\\/\\\/radioljubuski.ba\\\/index.php\\\/2022\\\/06\\\/28\\\/covic-u-parlamentarnu-proceduru-uputio-prihvacanje-ihra-ove-definicije-antisemitizma\\\/#breadcrumb\"},\"inLanguage\":\"hr\",\"potentialAction\":[{\"@type\":\"ReadAction\",\"target\":[\"https:\\\/\\\/radioljubuski.ba\\\/index.php\\\/2022\\\/06\\\/28\\\/covic-u-parlamentarnu-proceduru-uputio-prihvacanje-ihra-ove-definicije-antisemitizma\\\/\"]}]},{\"@type\":\"ImageObject\",\"inLanguage\":\"hr\",\"@id\":\"https:\\\/\\\/radioljubuski.ba\\\/index.php\\\/2022\\\/06\\\/28\\\/covic-u-parlamentarnu-proceduru-uputio-prihvacanje-ihra-ove-definicije-antisemitizma\\\/#primaryimage\",\"url\":\"https:\\\/\\\/radioljubuski.ba\\\/wp-content\\\/uploads\\\/2022\\\/06\\\/FWUU0BfXgAMWHHW.jpg\",\"contentUrl\":\"https:\\\/\\\/radioljubuski.ba\\\/wp-content\\\/uploads\\\/2022\\\/06\\\/FWUU0BfXgAMWHHW.jpg\",\"width\":785,\"height\":599},{\"@type\":\"BreadcrumbList\",\"@id\":\"https:\\\/\\\/radioljubuski.ba\\\/index.php\\\/2022\\\/06\\\/28\\\/covic-u-parlamentarnu-proceduru-uputio-prihvacanje-ihra-ove-definicije-antisemitizma\\\/#breadcrumb\",\"itemListElement\":[{\"@type\":\"ListItem\",\"position\":1,\"name\":\"Po\u010detna stranica\",\"item\":\"https:\\\/\\\/radioljubuski.ba\\\/\"},{\"@type\":\"ListItem\",\"position\":2,\"name\":\"\u010covi\u0107 u parlamentarnu proceduru uputio prihva\u0107anje IHRA-ove definicije antisemitizma\"}]},{\"@type\":\"WebSite\",\"@id\":\"https:\\\/\\\/radioljubuski.ba\\\/#website\",\"url\":\"https:\\\/\\\/radioljubuski.ba\\\/\",\"name\":\"Radio Ljubu\u0161ki\",\"description\":\"Sun\u010dana frekvencija Hercegovine\",\"publisher\":{\"@id\":\"https:\\\/\\\/radioljubuski.ba\\\/#organization\"},\"potentialAction\":[{\"@type\":\"SearchAction\",\"target\":{\"@type\":\"EntryPoint\",\"urlTemplate\":\"https:\\\/\\\/radioljubuski.ba\\\/?s={search_term_string}\"},\"query-input\":{\"@type\":\"PropertyValueSpecification\",\"valueRequired\":true,\"valueName\":\"search_term_string\"}}],\"inLanguage\":\"hr\"},{\"@type\":\"Organization\",\"@id\":\"https:\\\/\\\/radioljubuski.ba\\\/#organization\",\"name\":\"Radio Ljubu\u0161ki\",\"url\":\"https:\\\/\\\/radioljubuski.ba\\\/\",\"logo\":{\"@type\":\"ImageObject\",\"inLanguage\":\"hr\",\"@id\":\"https:\\\/\\\/radioljubuski.ba\\\/#\\\/schema\\\/logo\\\/image\\\/\",\"url\":\"https:\\\/\\\/radioljubuski.ba\\\/wp-content\\\/uploads\\\/2021\\\/02\\\/cropped-Radio_Ljubuski_logo1.jpg\",\"contentUrl\":\"https:\\\/\\\/radioljubuski.ba\\\/wp-content\\\/uploads\\\/2021\\\/02\\\/cropped-Radio_Ljubuski_logo1.jpg\",\"width\":512,\"height\":512,\"caption\":\"Radio Ljubu\u0161ki\"},\"image\":{\"@id\":\"https:\\\/\\\/radioljubuski.ba\\\/#\\\/schema\\\/logo\\\/image\\\/\"},\"sameAs\":[\"https:\\\/\\\/www.facebook.com\\\/Radiio-Ljubuski-1490835324566332\",\"https:\\\/\\\/x.com\\\/radioljubuski\",\"https:\\\/\\\/hr.linkedin.com\\\/company\\\/radio-ljubuski\",\"https:\\\/\\\/www.youtube.com\\\/channel\\\/UCHYaeO_n0Db3tjNGudGpXyw\"]},{\"@type\":\"Person\",\"@id\":\"https:\\\/\\\/radioljubuski.ba\\\/#\\\/schema\\\/person\\\/19fc700381a780f69665d7956c469e3b\",\"name\":\"Radio Ljubu\u0161ki\"}]}<\/script>\n<!-- \/ Yoast SEO plugin. -->","yoast_head_json":{"title":"\u010covi\u0107 u parlamentarnu proceduru uputio prihva\u0107anje IHRA-ove definicije antisemitizma - RADIO LJUBU\u0160KI","robots":{"index":"index","follow":"follow","max-snippet":"max-snippet:-1","max-image-preview":"max-image-preview:large","max-video-preview":"max-video-preview:-1"},"canonical":"https:\/\/radioljubuski.ba\/index.php\/2022\/06\/28\/covic-u-parlamentarnu-proceduru-uputio-prihvacanje-ihra-ove-definicije-antisemitizma\/","og_locale":"hr_HR","og_type":"article","og_title":"\u010covi\u0107 u parlamentarnu proceduru uputio prihva\u0107anje IHRA-ove definicije antisemitizma - RADIO LJUBU\u0160KI","og_description":"Zamjenik predsjedatelja Doma naroda Parlamenta Bosne i Hercegovine i predsjednik HDZ-a Dragan \u010covi\u0107 uputio je u parlamentarnu proceduru da se prihvati definicija antisemitizma Me\u0111unarodne alijanse za sje\u0107anje na holokaust (IHRA). Ovo je u\u010dinio nakon nedavnog vi\u0161ednevnog posjeta Izraelu, napomenuv\u0161i da je dao obe\u0107anje da \u0107e to u\u010diniti. \u201cPrvo obe\u0107anje koje sam dao tijekom nedavnog posjete [&hellip;]","og_url":"https:\/\/radioljubuski.ba\/index.php\/2022\/06\/28\/covic-u-parlamentarnu-proceduru-uputio-prihvacanje-ihra-ove-definicije-antisemitizma\/","og_site_name":"RADIO LJUBU\u0160KI","article_publisher":"https:\/\/www.facebook.com\/Radiio-Ljubuski-1490835324566332","article_published_time":"2022-06-28T11:10:54+00:00","article_modified_time":"2022-06-28T11:11:14+00:00","og_image":[{"width":785,"height":599,"url":"https:\/\/radioljubuski.ba\/wp-content\/uploads\/2022\/06\/FWUU0BfXgAMWHHW.jpg","type":"image\/jpeg"}],"author":"Radio Ljubu\u0161ki","twitter_card":"summary_large_image","twitter_creator":"@radioljubuski","twitter_site":"@radioljubuski","twitter_misc":{"Napisao\/la":"Radio Ljubu\u0161ki","Procijenjeno vrijeme \u010ditanja":"1 minuta"},"schema":{"@context":"https:\/\/schema.org","@graph":[{"@type":"Article","@id":"https:\/\/radioljubuski.ba\/index.php\/2022\/06\/28\/covic-u-parlamentarnu-proceduru-uputio-prihvacanje-ihra-ove-definicije-antisemitizma\/#article","isPartOf":{"@id":"https:\/\/radioljubuski.ba\/index.php\/2022\/06\/28\/covic-u-parlamentarnu-proceduru-uputio-prihvacanje-ihra-ove-definicije-antisemitizma\/"},"author":{"name":"Radio Ljubu\u0161ki","@id":"https:\/\/radioljubuski.ba\/#\/schema\/person\/19fc700381a780f69665d7956c469e3b"},"headline":"\u010covi\u0107 u parlamentarnu proceduru uputio prihva\u0107anje IHRA-ove definicije antisemitizma","datePublished":"2022-06-28T11:10:54+00:00","dateModified":"2022-06-28T11:11:14+00:00","mainEntityOfPage":{"@id":"https:\/\/radioljubuski.ba\/index.php\/2022\/06\/28\/covic-u-parlamentarnu-proceduru-uputio-prihvacanje-ihra-ove-definicije-antisemitizma\/"},"wordCount":107,"publisher":{"@id":"https:\/\/radioljubuski.ba\/#organization"},"image":{"@id":"https:\/\/radioljubuski.ba\/index.php\/2022\/06\/28\/covic-u-parlamentarnu-proceduru-uputio-prihvacanje-ihra-ove-definicije-antisemitizma\/#primaryimage"},"thumbnailUrl":"https:\/\/radioljubuski.ba\/wp-content\/uploads\/2022\/06\/FWUU0BfXgAMWHHW.jpg","articleSection":["BIH i regija"],"inLanguage":"hr"},{"@type":"WebPage","@id":"https:\/\/radioljubuski.ba\/index.php\/2022\/06\/28\/covic-u-parlamentarnu-proceduru-uputio-prihvacanje-ihra-ove-definicije-antisemitizma\/","url":"https:\/\/radioljubuski.ba\/index.php\/2022\/06\/28\/covic-u-parlamentarnu-proceduru-uputio-prihvacanje-ihra-ove-definicije-antisemitizma\/","name":"\u010covi\u0107 u parlamentarnu proceduru uputio prihva\u0107anje IHRA-ove definicije antisemitizma - RADIO LJUBU\u0160KI","isPartOf":{"@id":"https:\/\/radioljubuski.ba\/#website"},"primaryImageOfPage":{"@id":"https:\/\/radioljubuski.ba\/index.php\/2022\/06\/28\/covic-u-parlamentarnu-proceduru-uputio-prihvacanje-ihra-ove-definicije-antisemitizma\/#primaryimage"},"image":{"@id":"https:\/\/radioljubuski.ba\/index.php\/2022\/06\/28\/covic-u-parlamentarnu-proceduru-uputio-prihvacanje-ihra-ove-definicije-antisemitizma\/#primaryimage"},"thumbnailUrl":"https:\/\/radioljubuski.ba\/wp-content\/uploads\/2022\/06\/FWUU0BfXgAMWHHW.jpg","datePublished":"2022-06-28T11:10:54+00:00","dateModified":"2022-06-28T11:11:14+00:00","breadcrumb":{"@id":"https:\/\/radioljubuski.ba\/index.php\/2022\/06\/28\/covic-u-parlamentarnu-proceduru-uputio-prihvacanje-ihra-ove-definicije-antisemitizma\/#breadcrumb"},"inLanguage":"hr","potentialAction":[{"@type":"ReadAction","target":["https:\/\/radioljubuski.ba\/index.php\/2022\/06\/28\/covic-u-parlamentarnu-proceduru-uputio-prihvacanje-ihra-ove-definicije-antisemitizma\/"]}]},{"@type":"ImageObject","inLanguage":"hr","@id":"https:\/\/radioljubuski.ba\/index.php\/2022\/06\/28\/covic-u-parlamentarnu-proceduru-uputio-prihvacanje-ihra-ove-definicije-antisemitizma\/#primaryimage","url":"https:\/\/radioljubuski.ba\/wp-content\/uploads\/2022\/06\/FWUU0BfXgAMWHHW.jpg","contentUrl":"https:\/\/radioljubuski.ba\/wp-content\/uploads\/2022\/06\/FWUU0BfXgAMWHHW.jpg","width":785,"height":599},{"@type":"BreadcrumbList","@id":"https:\/\/radioljubuski.ba\/index.php\/2022\/06\/28\/covic-u-parlamentarnu-proceduru-uputio-prihvacanje-ihra-ove-definicije-antisemitizma\/#breadcrumb","itemListElement":[{"@type":"ListItem","position":1,"name":"Po\u010detna stranica","item":"https:\/\/radioljubuski.ba\/"},{"@type":"ListItem","position":2,"name":"\u010covi\u0107 u parlamentarnu proceduru uputio prihva\u0107anje IHRA-ove definicije antisemitizma"}]},{"@type":"WebSite","@id":"https:\/\/radioljubuski.ba\/#website","url":"https:\/\/radioljubuski.ba\/","name":"Radio Ljubu\u0161ki","description":"Sun\u010dana frekvencija Hercegovine","publisher":{"@id":"https:\/\/radioljubuski.ba\/#organization"},"potentialAction":[{"@type":"SearchAction","target":{"@type":"EntryPoint","urlTemplate":"https:\/\/radioljubuski.ba\/?s={search_term_string}"},"query-input":{"@type":"PropertyValueSpecification","valueRequired":true,"valueName":"search_term_string"}}],"inLanguage":"hr"},{"@type":"Organization","@id":"https:\/\/radioljubuski.ba\/#organization","name":"Radio Ljubu\u0161ki","url":"https:\/\/radioljubuski.ba\/","logo":{"@type":"ImageObject","inLanguage":"hr","@id":"https:\/\/radioljubuski.ba\/#\/schema\/logo\/image\/","url":"https:\/\/radioljubuski.ba\/wp-content\/uploads\/2021\/02\/cropped-Radio_Ljubuski_logo1.jpg","contentUrl":"https:\/\/radioljubuski.ba\/wp-content\/uploads\/2021\/02\/cropped-Radio_Ljubuski_logo1.jpg","width":512,"height":512,"caption":"Radio Ljubu\u0161ki"},"image":{"@id":"https:\/\/radioljubuski.ba\/#\/schema\/logo\/image\/"},"sameAs":["https:\/\/www.facebook.com\/Radiio-Ljubuski-1490835324566332","https:\/\/x.com\/radioljubuski","https:\/\/hr.linkedin.com\/company\/radio-ljubuski","https:\/\/www.youtube.com\/channel\/UCHYaeO_n0Db3tjNGudGpXyw"]},{"@type":"Person","@id":"https:\/\/radioljubuski.ba\/#\/schema\/person\/19fc700381a780f69665d7956c469e3b","name":"Radio Ljubu\u0161ki"}]}},"_links":{"self":[{"href":"https:\/\/radioljubuski.ba\/index.php\/wp-json\/wp\/v2\/posts\/154397","targetHints":{"allow":["GET"]}}],"collection":[{"href":"https:\/\/radioljubuski.ba\/index.php\/wp-json\/wp\/v2\/posts"}],"about":[{"href":"https:\/\/radioljubuski.ba\/index.php\/wp-json\/wp\/v2\/types\/post"}],"author":[{"embeddable":true,"href":"https:\/\/radioljubuski.ba\/index.php\/wp-json\/wp\/v2\/users\/2"}],"replies":[{"embeddable":true,"href":"https:\/\/radioljubuski.ba\/index.php\/wp-json\/wp\/v2\/comments?post=154397"}],"version-history":[{"count":1,"href":"https:\/\/radioljubuski.ba\/index.php\/wp-json\/wp\/v2\/posts\/154397\/revisions"}],"predecessor-version":[{"id":154399,"href":"https:\/\/radioljubuski.ba\/index.php\/wp-json\/wp\/v2\/posts\/154397\/revisions\/154399"}],"wp:featuredmedia":[{"embeddable":true,"href":"https:\/\/radioljubuski.ba\/index.php\/wp-json\/wp\/v2\/media\/154398"}],"wp:attachment":[{"href":"https:\/\/radioljubuski.ba\/index.php\/wp-json\/wp\/v2\/media?parent=154397"}],"wp:term":[{"taxonomy":"category","embeddable":true,"href":"https:\/\/radioljubuski.ba\/index.php\/wp-json\/wp\/v2\/categories?post=154397"},{"taxonomy":"post_tag","embeddable":true,"href":"https:\/\/radioljubuski.ba\/index.php\/wp-json\/wp\/v2\/tags?post=154397"}],"curies":[{"name":"wp","href":"https:\/\/api.w.org\/{rel}","templated":true}]}}