{"id":154416,"date":"2022-06-28T12:24:49","date_gmt":"2022-06-28T11:24:49","guid":{"rendered":"https:\/\/radioljubuski.ba\/?p=154416"},"modified":"2022-06-28T12:24:51","modified_gmt":"2022-06-28T11:24:51","slug":"djeca-na-homoseksualnoj-povorci-gledala-gole-bicikliste-sugestivnih-kretnji","status":"publish","type":"post","link":"https:\/\/radioljubuski.ba\/index.php\/2022\/06\/28\/djeca-na-homoseksualnoj-povorci-gledala-gole-bicikliste-sugestivnih-kretnji\/","title":{"rendered":"Djeca na homoseksualnoj povorci gledala gole bicikliste sugestivnih kretnji"},"content":{"rendered":"\n<p>Djeca mla\u0111a od deset godina gledala su potpuno gole bicikliste na homoseksualnoj povorci u Seattleu, koja se odr\u017eavala u ponedjeljak prijepodne, objavio je <a href=\"https:\/\/www.breitbart.com\/politics\/2022\/06\/26\/children-watch-nude-bikers-seattle-pride-parade\/\">Breitbart<\/a>.<\/p>\n\n\n\n<blockquote class=\"twitter-tweet\"><p lang=\"en\" dir=\"ltr\">Seattle: A group of nude adults was part of the <a href=\"https:\/\/twitter.com\/OurSeattlePride?ref_src=twsrc%5Etfw\">@OurSeattlePride<\/a> event today attended by families and young children. Video by <a href=\"https:\/\/twitter.com\/TPostMillennial?ref_src=twsrc%5Etfw\">@TPostMillennial<\/a> reporter <a href=\"https:\/\/twitter.com\/KatieDaviscourt?ref_src=twsrc%5Etfw\">@KatieDaviscourt<\/a>: <a href=\"https:\/\/t.co\/51l0TDb99d\">pic.twitter.com\/51l0TDb99d<\/a><\/p>&mdash; Andy Ng\u00f4 \ud83c\udff3\ufe0f\u200d\ud83c\udf08 (@MrAndyNgo) <a href=\"https:\/\/twitter.com\/MrAndyNgo\/status\/1541182798828019723?ref_src=twsrc%5Etfw\">June 26, 2022<\/a><\/blockquote> <script async src=\"https:\/\/platform.twitter.com\/widgets.js\" charset=\"utf-8\"><\/script> \n\n\n\n<p>Maloljetni izvi\u0111a\u010di su natjerani da nose zastave duginih boja, mada se na videosnimkama vidi da im je neugodno.<\/p>\n\n\n\n<blockquote class=\"twitter-tweet\"><p lang=\"en\" dir=\"ltr\">Naked bikers ride around in front of children at a pride parade in Seattle <a href=\"https:\/\/t.co\/YQDDJGMHHo\">pic.twitter.com\/YQDDJGMHHo<\/a><\/p>&mdash; Libs of TikTok (@libsoftiktok) <a href=\"https:\/\/twitter.com\/libsoftiktok\/status\/1541195011626176513?ref_src=twsrc%5Etfw\">June 26, 2022<\/a><\/blockquote> <script async src=\"https:\/\/platform.twitter.com\/widgets.js\" charset=\"utf-8\"><\/script> \n\n\n\n<p>Potom su \u201cnastupili\u201d goli biciklisti, mu\u0161karci i \u017eene.<\/p>\n\n\n\n<p>U homoseksualnoj povorci su potom pro\u0161li i prosvjednici koji zastupaju abortus odnosno ubijanje djece u maj\u010dinoj utrobi. Prosvjedovali su protiv presude Vrhovnog suda kojom je u petak poni\u0161tena skoro 50 godina stara odluka <em>Roe v. Wade<\/em>, koja je u SAD-u omogu\u0107ila poba\u010daje.<\/p>\n\n\n\n<blockquote class=\"twitter-tweet\"><p lang=\"en\" dir=\"ltr\">HAPPENING NOW: Crush of people at Seattle Pride parade that\u2019s now passing through the downtown core. Some of loudest cheers so far have been for Magnolia Boy Scouts and abortion rights marchers. Thousands of people out and enjoying day. <a href=\"https:\/\/twitter.com\/hashtag\/Pride?src=hash&amp;ref_src=twsrc%5Etfw\">#Pride<\/a> <a href=\"https:\/\/twitter.com\/hashtag\/SeattlePride?src=hash&amp;ref_src=twsrc%5Etfw\">#SeattlePride<\/a> <a href=\"https:\/\/twitter.com\/hashtag\/LGBTQ?src=hash&amp;ref_src=twsrc%5Etfw\">#LGBTQ<\/a> <a href=\"https:\/\/twitter.com\/hashtag\/RoeVsWade?src=hash&amp;ref_src=twsrc%5Etfw\">#RoeVsWade<\/a> <a href=\"https:\/\/t.co\/yTjNAH96wQ\">pic.twitter.com\/yTjNAH96wQ<\/a><\/p>&mdash; Jonathan Choe Journalist (@choeshow) <a href=\"https:\/\/twitter.com\/choeshow\/status\/1541147965607116801?ref_src=twsrc%5Etfw\">June 26, 2022<\/a><\/blockquote> <script async src=\"https:\/\/platform.twitter.com\/widgets.js\" charset=\"utf-8\"><\/script> \n\n\n\n<p>Neki radnici tvrtke Amazon tako\u0111er su mar\u0161irali u homoseksualnoj paradi, tra\u017ee\u0107i od tvrtke da ukloni, kako smatraju, \u201ctransfobi\u010dne\u201d knjige sa svoje platforme.<\/p>\n\n\n\n<blockquote class=\"twitter-tweet\"><p lang=\"en\" dir=\"ltr\">TRANS RIGHTS: <a href=\"https:\/\/twitter.com\/amazon?ref_src=twsrc%5Etfw\">@amazon<\/a> workers representing activist group within company called \u201cNo Hate At Amazon\u201d at Seattle Pride. They allege management is \u201cspreading a culture of hatred through transphobic books\u201d and \u201ccreating hostile workplace environment for transgender employees.\u201d <a href=\"https:\/\/t.co\/hZ6G12w3wG\">pic.twitter.com\/hZ6G12w3wG<\/a><\/p>&mdash; Jonathan Choe Journalist (@choeshow) <a href=\"https:\/\/twitter.com\/choeshow\/status\/1541190435669831681?ref_src=twsrc%5Etfw\">June 26, 2022<\/a><\/blockquote> <script async src=\"https:\/\/platform.twitter.com\/widgets.js\" charset=\"utf-8\"><\/script> \n\n\n\n<h3 class=\"wp-block-heading\"><strong>\u201cHomoseksualna biciklijada\u201d i u Zagrebu<\/strong><\/h3>\n\n\n\n<p>Podsjetimo, u Zagrebu je u subotu odr\u017eana tre\u0107a homoseksualna povorka na biciklima.<\/p>\n\n\n\n<p>Ove je godine u povorci sudjelovao Luka Korlaet, zamjenik ekstremno lijevog zagreba\u010dkog gradona\u010delnika Tomislava Toma\u0161evi\u0107a.<\/p>\n\n\n\n<p>\u201cHomoseksualna biciklijada\u201d odr\u017eava se u organizaciji inicijative Ponosni Zagreb, a projekt se provodi kroz platformu Clubture uz potporu Ministarstva kulture i medija RH, Zaklade Kultura nova, Grada Zagreba i Nacionalne zaklade za razvoj civilnoga dru\u0161tva kroz program Centri znanja.<\/p>\n\n\n\n<p>Pro\u0161le godine me\u0111u okupljenima na homoseksualnoj povorci na biciklima pojavile su se i Sandra Ben\u010di\u0107, saborska zastupnica i jedna od \u010delnica stranke Mo\u017eemo, te Danijela Dolenec, zamjenica gradona\u010delnika Tomislava Toma\u0161evi\u0107a.<\/p>\n\n\n\n<p><em>Izvor: narod.hr<\/em><\/p>\n","protected":false},"excerpt":{"rendered":"<p>Djeca mla\u0111a od deset godina gledala su potpuno gole bicikliste na homoseksualnoj povorci u Seattleu, koja se odr\u017eavala u ponedjeljak prijepodne, objavio je Breitbart. Seattle: A group of nude adults was part of the @OurSeattlePride event today attended by families and young children. Video by @TPostMillennial reporter @KatieDaviscourt: pic.twitter.com\/51l0TDb99d &mdash; Andy Ng\u00f4 \ud83c\udff3\ufe0f\u200d\ud83c\udf08 (@MrAndyNgo) June [&hellip;]<\/p>\n","protected":false},"author":2,"featured_media":154417,"comment_status":"closed","ping_status":"closed","sticky":false,"template":"","format":"standard","meta":{"h5ap_radio_sources":[],"footnotes":""},"categories":[1],"tags":[],"class_list":["post-154416","post","type-post","status-publish","format-standard","has-post-thumbnail","hentry","category-bihiregija"],"yoast_head":"<!-- This site is optimized with the Yoast SEO plugin v27.5 - https:\/\/yoast.com\/product\/yoast-seo-wordpress\/ -->\n<title>Djeca na homoseksualnoj povorci gledala gole bicikliste sugestivnih kretnji - RADIO LJUBU\u0160KI<\/title>\n<meta name=\"robots\" content=\"index, follow, max-snippet:-1, max-image-preview:large, max-video-preview:-1\" \/>\n<link rel=\"canonical\" href=\"https:\/\/radioljubuski.ba\/index.php\/2022\/06\/28\/djeca-na-homoseksualnoj-povorci-gledala-gole-bicikliste-sugestivnih-kretnji\/\" \/>\n<meta property=\"og:locale\" content=\"hr_HR\" \/>\n<meta property=\"og:type\" content=\"article\" \/>\n<meta property=\"og:title\" content=\"Djeca na homoseksualnoj povorci gledala gole bicikliste sugestivnih kretnji - RADIO LJUBU\u0160KI\" \/>\n<meta property=\"og:description\" content=\"Djeca mla\u0111a od deset godina gledala su potpuno gole bicikliste na homoseksualnoj povorci u Seattleu, koja se odr\u017eavala u ponedjeljak prijepodne, objavio je Breitbart. Seattle: A group of nude adults was part of the @OurSeattlePride event today attended by families and young children. Video by @TPostMillennial reporter @KatieDaviscourt: pic.twitter.com\/51l0TDb99d &mdash; Andy Ng\u00f4 \ud83c\udff3\ufe0f\u200d\ud83c\udf08 (@MrAndyNgo) June [&hellip;]\" \/>\n<meta property=\"og:url\" content=\"https:\/\/radioljubuski.ba\/index.php\/2022\/06\/28\/djeca-na-homoseksualnoj-povorci-gledala-gole-bicikliste-sugestivnih-kretnji\/\" \/>\n<meta property=\"og:site_name\" content=\"RADIO LJUBU\u0160KI\" \/>\n<meta property=\"article:publisher\" content=\"https:\/\/www.facebook.com\/Radiio-Ljubuski-1490835324566332\" \/>\n<meta property=\"article:published_time\" content=\"2022-06-28T11:24:49+00:00\" \/>\n<meta property=\"article:modified_time\" content=\"2022-06-28T11:24:51+00:00\" \/>\n<meta property=\"og:image\" content=\"https:\/\/radioljubuski.ba\/wp-content\/uploads\/2022\/06\/homoseksualna-povorka-1-696x464-1.jpg\" \/>\n\t<meta property=\"og:image:width\" content=\"696\" \/>\n\t<meta property=\"og:image:height\" content=\"464\" \/>\n\t<meta property=\"og:image:type\" content=\"image\/jpeg\" \/>\n<meta name=\"author\" content=\"Radio Ljubu\u0161ki\" \/>\n<meta name=\"twitter:card\" content=\"summary_large_image\" \/>\n<meta name=\"twitter:creator\" content=\"@radioljubuski\" \/>\n<meta name=\"twitter:site\" content=\"@radioljubuski\" \/>\n<meta name=\"twitter:label1\" content=\"Napisao\/la\" \/>\n\t<meta name=\"twitter:data1\" content=\"Radio Ljubu\u0161ki\" \/>\n\t<meta name=\"twitter:label2\" content=\"Procijenjeno vrijeme \u010ditanja\" \/>\n\t<meta name=\"twitter:data2\" content=\"2 minute\" \/>\n<script type=\"application\/ld+json\" class=\"yoast-schema-graph\">{\"@context\":\"https:\\\/\\\/schema.org\",\"@graph\":[{\"@type\":\"Article\",\"@id\":\"https:\\\/\\\/radioljubuski.ba\\\/index.php\\\/2022\\\/06\\\/28\\\/djeca-na-homoseksualnoj-povorci-gledala-gole-bicikliste-sugestivnih-kretnji\\\/#article\",\"isPartOf\":{\"@id\":\"https:\\\/\\\/radioljubuski.ba\\\/index.php\\\/2022\\\/06\\\/28\\\/djeca-na-homoseksualnoj-povorci-gledala-gole-bicikliste-sugestivnih-kretnji\\\/\"},\"author\":{\"name\":\"Radio Ljubu\u0161ki\",\"@id\":\"https:\\\/\\\/radioljubuski.ba\\\/#\\\/schema\\\/person\\\/19fc700381a780f69665d7956c469e3b\"},\"headline\":\"Djeca na homoseksualnoj povorci gledala gole bicikliste sugestivnih kretnji\",\"datePublished\":\"2022-06-28T11:24:49+00:00\",\"dateModified\":\"2022-06-28T11:24:51+00:00\",\"mainEntityOfPage\":{\"@id\":\"https:\\\/\\\/radioljubuski.ba\\\/index.php\\\/2022\\\/06\\\/28\\\/djeca-na-homoseksualnoj-povorci-gledala-gole-bicikliste-sugestivnih-kretnji\\\/\"},\"wordCount\":420,\"publisher\":{\"@id\":\"https:\\\/\\\/radioljubuski.ba\\\/#organization\"},\"image\":{\"@id\":\"https:\\\/\\\/radioljubuski.ba\\\/index.php\\\/2022\\\/06\\\/28\\\/djeca-na-homoseksualnoj-povorci-gledala-gole-bicikliste-sugestivnih-kretnji\\\/#primaryimage\"},\"thumbnailUrl\":\"https:\\\/\\\/radioljubuski.ba\\\/wp-content\\\/uploads\\\/2022\\\/06\\\/homoseksualna-povorka-1-696x464-1.jpg\",\"articleSection\":[\"BIH i regija\"],\"inLanguage\":\"hr\"},{\"@type\":\"WebPage\",\"@id\":\"https:\\\/\\\/radioljubuski.ba\\\/index.php\\\/2022\\\/06\\\/28\\\/djeca-na-homoseksualnoj-povorci-gledala-gole-bicikliste-sugestivnih-kretnji\\\/\",\"url\":\"https:\\\/\\\/radioljubuski.ba\\\/index.php\\\/2022\\\/06\\\/28\\\/djeca-na-homoseksualnoj-povorci-gledala-gole-bicikliste-sugestivnih-kretnji\\\/\",\"name\":\"Djeca na homoseksualnoj povorci gledala gole bicikliste sugestivnih kretnji - RADIO LJUBU\u0160KI\",\"isPartOf\":{\"@id\":\"https:\\\/\\\/radioljubuski.ba\\\/#website\"},\"primaryImageOfPage\":{\"@id\":\"https:\\\/\\\/radioljubuski.ba\\\/index.php\\\/2022\\\/06\\\/28\\\/djeca-na-homoseksualnoj-povorci-gledala-gole-bicikliste-sugestivnih-kretnji\\\/#primaryimage\"},\"image\":{\"@id\":\"https:\\\/\\\/radioljubuski.ba\\\/index.php\\\/2022\\\/06\\\/28\\\/djeca-na-homoseksualnoj-povorci-gledala-gole-bicikliste-sugestivnih-kretnji\\\/#primaryimage\"},\"thumbnailUrl\":\"https:\\\/\\\/radioljubuski.ba\\\/wp-content\\\/uploads\\\/2022\\\/06\\\/homoseksualna-povorka-1-696x464-1.jpg\",\"datePublished\":\"2022-06-28T11:24:49+00:00\",\"dateModified\":\"2022-06-28T11:24:51+00:00\",\"breadcrumb\":{\"@id\":\"https:\\\/\\\/radioljubuski.ba\\\/index.php\\\/2022\\\/06\\\/28\\\/djeca-na-homoseksualnoj-povorci-gledala-gole-bicikliste-sugestivnih-kretnji\\\/#breadcrumb\"},\"inLanguage\":\"hr\",\"potentialAction\":[{\"@type\":\"ReadAction\",\"target\":[\"https:\\\/\\\/radioljubuski.ba\\\/index.php\\\/2022\\\/06\\\/28\\\/djeca-na-homoseksualnoj-povorci-gledala-gole-bicikliste-sugestivnih-kretnji\\\/\"]}]},{\"@type\":\"ImageObject\",\"inLanguage\":\"hr\",\"@id\":\"https:\\\/\\\/radioljubuski.ba\\\/index.php\\\/2022\\\/06\\\/28\\\/djeca-na-homoseksualnoj-povorci-gledala-gole-bicikliste-sugestivnih-kretnji\\\/#primaryimage\",\"url\":\"https:\\\/\\\/radioljubuski.ba\\\/wp-content\\\/uploads\\\/2022\\\/06\\\/homoseksualna-povorka-1-696x464-1.jpg\",\"contentUrl\":\"https:\\\/\\\/radioljubuski.ba\\\/wp-content\\\/uploads\\\/2022\\\/06\\\/homoseksualna-povorka-1-696x464-1.jpg\",\"width\":696,\"height\":464},{\"@type\":\"BreadcrumbList\",\"@id\":\"https:\\\/\\\/radioljubuski.ba\\\/index.php\\\/2022\\\/06\\\/28\\\/djeca-na-homoseksualnoj-povorci-gledala-gole-bicikliste-sugestivnih-kretnji\\\/#breadcrumb\",\"itemListElement\":[{\"@type\":\"ListItem\",\"position\":1,\"name\":\"Po\u010detna stranica\",\"item\":\"https:\\\/\\\/radioljubuski.ba\\\/\"},{\"@type\":\"ListItem\",\"position\":2,\"name\":\"Djeca na homoseksualnoj povorci gledala gole bicikliste sugestivnih kretnji\"}]},{\"@type\":\"WebSite\",\"@id\":\"https:\\\/\\\/radioljubuski.ba\\\/#website\",\"url\":\"https:\\\/\\\/radioljubuski.ba\\\/\",\"name\":\"Radio Ljubu\u0161ki\",\"description\":\"Sun\u010dana frekvencija Hercegovine\",\"publisher\":{\"@id\":\"https:\\\/\\\/radioljubuski.ba\\\/#organization\"},\"potentialAction\":[{\"@type\":\"SearchAction\",\"target\":{\"@type\":\"EntryPoint\",\"urlTemplate\":\"https:\\\/\\\/radioljubuski.ba\\\/?s={search_term_string}\"},\"query-input\":{\"@type\":\"PropertyValueSpecification\",\"valueRequired\":true,\"valueName\":\"search_term_string\"}}],\"inLanguage\":\"hr\"},{\"@type\":\"Organization\",\"@id\":\"https:\\\/\\\/radioljubuski.ba\\\/#organization\",\"name\":\"Radio Ljubu\u0161ki\",\"url\":\"https:\\\/\\\/radioljubuski.ba\\\/\",\"logo\":{\"@type\":\"ImageObject\",\"inLanguage\":\"hr\",\"@id\":\"https:\\\/\\\/radioljubuski.ba\\\/#\\\/schema\\\/logo\\\/image\\\/\",\"url\":\"https:\\\/\\\/radioljubuski.ba\\\/wp-content\\\/uploads\\\/2021\\\/02\\\/cropped-Radio_Ljubuski_logo1.jpg\",\"contentUrl\":\"https:\\\/\\\/radioljubuski.ba\\\/wp-content\\\/uploads\\\/2021\\\/02\\\/cropped-Radio_Ljubuski_logo1.jpg\",\"width\":512,\"height\":512,\"caption\":\"Radio Ljubu\u0161ki\"},\"image\":{\"@id\":\"https:\\\/\\\/radioljubuski.ba\\\/#\\\/schema\\\/logo\\\/image\\\/\"},\"sameAs\":[\"https:\\\/\\\/www.facebook.com\\\/Radiio-Ljubuski-1490835324566332\",\"https:\\\/\\\/x.com\\\/radioljubuski\",\"https:\\\/\\\/hr.linkedin.com\\\/company\\\/radio-ljubuski\",\"https:\\\/\\\/www.youtube.com\\\/channel\\\/UCHYaeO_n0Db3tjNGudGpXyw\"]},{\"@type\":\"Person\",\"@id\":\"https:\\\/\\\/radioljubuski.ba\\\/#\\\/schema\\\/person\\\/19fc700381a780f69665d7956c469e3b\",\"name\":\"Radio Ljubu\u0161ki\"}]}<\/script>\n<!-- \/ Yoast SEO plugin. -->","yoast_head_json":{"title":"Djeca na homoseksualnoj povorci gledala gole bicikliste sugestivnih kretnji - RADIO LJUBU\u0160KI","robots":{"index":"index","follow":"follow","max-snippet":"max-snippet:-1","max-image-preview":"max-image-preview:large","max-video-preview":"max-video-preview:-1"},"canonical":"https:\/\/radioljubuski.ba\/index.php\/2022\/06\/28\/djeca-na-homoseksualnoj-povorci-gledala-gole-bicikliste-sugestivnih-kretnji\/","og_locale":"hr_HR","og_type":"article","og_title":"Djeca na homoseksualnoj povorci gledala gole bicikliste sugestivnih kretnji - RADIO LJUBU\u0160KI","og_description":"Djeca mla\u0111a od deset godina gledala su potpuno gole bicikliste na homoseksualnoj povorci u Seattleu, koja se odr\u017eavala u ponedjeljak prijepodne, objavio je Breitbart. Seattle: A group of nude adults was part of the @OurSeattlePride event today attended by families and young children. Video by @TPostMillennial reporter @KatieDaviscourt: pic.twitter.com\/51l0TDb99d &mdash; Andy Ng\u00f4 \ud83c\udff3\ufe0f\u200d\ud83c\udf08 (@MrAndyNgo) June [&hellip;]","og_url":"https:\/\/radioljubuski.ba\/index.php\/2022\/06\/28\/djeca-na-homoseksualnoj-povorci-gledala-gole-bicikliste-sugestivnih-kretnji\/","og_site_name":"RADIO LJUBU\u0160KI","article_publisher":"https:\/\/www.facebook.com\/Radiio-Ljubuski-1490835324566332","article_published_time":"2022-06-28T11:24:49+00:00","article_modified_time":"2022-06-28T11:24:51+00:00","og_image":[{"width":696,"height":464,"url":"https:\/\/radioljubuski.ba\/wp-content\/uploads\/2022\/06\/homoseksualna-povorka-1-696x464-1.jpg","type":"image\/jpeg"}],"author":"Radio Ljubu\u0161ki","twitter_card":"summary_large_image","twitter_creator":"@radioljubuski","twitter_site":"@radioljubuski","twitter_misc":{"Napisao\/la":"Radio Ljubu\u0161ki","Procijenjeno vrijeme \u010ditanja":"2 minute"},"schema":{"@context":"https:\/\/schema.org","@graph":[{"@type":"Article","@id":"https:\/\/radioljubuski.ba\/index.php\/2022\/06\/28\/djeca-na-homoseksualnoj-povorci-gledala-gole-bicikliste-sugestivnih-kretnji\/#article","isPartOf":{"@id":"https:\/\/radioljubuski.ba\/index.php\/2022\/06\/28\/djeca-na-homoseksualnoj-povorci-gledala-gole-bicikliste-sugestivnih-kretnji\/"},"author":{"name":"Radio Ljubu\u0161ki","@id":"https:\/\/radioljubuski.ba\/#\/schema\/person\/19fc700381a780f69665d7956c469e3b"},"headline":"Djeca na homoseksualnoj povorci gledala gole bicikliste sugestivnih kretnji","datePublished":"2022-06-28T11:24:49+00:00","dateModified":"2022-06-28T11:24:51+00:00","mainEntityOfPage":{"@id":"https:\/\/radioljubuski.ba\/index.php\/2022\/06\/28\/djeca-na-homoseksualnoj-povorci-gledala-gole-bicikliste-sugestivnih-kretnji\/"},"wordCount":420,"publisher":{"@id":"https:\/\/radioljubuski.ba\/#organization"},"image":{"@id":"https:\/\/radioljubuski.ba\/index.php\/2022\/06\/28\/djeca-na-homoseksualnoj-povorci-gledala-gole-bicikliste-sugestivnih-kretnji\/#primaryimage"},"thumbnailUrl":"https:\/\/radioljubuski.ba\/wp-content\/uploads\/2022\/06\/homoseksualna-povorka-1-696x464-1.jpg","articleSection":["BIH i regija"],"inLanguage":"hr"},{"@type":"WebPage","@id":"https:\/\/radioljubuski.ba\/index.php\/2022\/06\/28\/djeca-na-homoseksualnoj-povorci-gledala-gole-bicikliste-sugestivnih-kretnji\/","url":"https:\/\/radioljubuski.ba\/index.php\/2022\/06\/28\/djeca-na-homoseksualnoj-povorci-gledala-gole-bicikliste-sugestivnih-kretnji\/","name":"Djeca na homoseksualnoj povorci gledala gole bicikliste sugestivnih kretnji - RADIO LJUBU\u0160KI","isPartOf":{"@id":"https:\/\/radioljubuski.ba\/#website"},"primaryImageOfPage":{"@id":"https:\/\/radioljubuski.ba\/index.php\/2022\/06\/28\/djeca-na-homoseksualnoj-povorci-gledala-gole-bicikliste-sugestivnih-kretnji\/#primaryimage"},"image":{"@id":"https:\/\/radioljubuski.ba\/index.php\/2022\/06\/28\/djeca-na-homoseksualnoj-povorci-gledala-gole-bicikliste-sugestivnih-kretnji\/#primaryimage"},"thumbnailUrl":"https:\/\/radioljubuski.ba\/wp-content\/uploads\/2022\/06\/homoseksualna-povorka-1-696x464-1.jpg","datePublished":"2022-06-28T11:24:49+00:00","dateModified":"2022-06-28T11:24:51+00:00","breadcrumb":{"@id":"https:\/\/radioljubuski.ba\/index.php\/2022\/06\/28\/djeca-na-homoseksualnoj-povorci-gledala-gole-bicikliste-sugestivnih-kretnji\/#breadcrumb"},"inLanguage":"hr","potentialAction":[{"@type":"ReadAction","target":["https:\/\/radioljubuski.ba\/index.php\/2022\/06\/28\/djeca-na-homoseksualnoj-povorci-gledala-gole-bicikliste-sugestivnih-kretnji\/"]}]},{"@type":"ImageObject","inLanguage":"hr","@id":"https:\/\/radioljubuski.ba\/index.php\/2022\/06\/28\/djeca-na-homoseksualnoj-povorci-gledala-gole-bicikliste-sugestivnih-kretnji\/#primaryimage","url":"https:\/\/radioljubuski.ba\/wp-content\/uploads\/2022\/06\/homoseksualna-povorka-1-696x464-1.jpg","contentUrl":"https:\/\/radioljubuski.ba\/wp-content\/uploads\/2022\/06\/homoseksualna-povorka-1-696x464-1.jpg","width":696,"height":464},{"@type":"BreadcrumbList","@id":"https:\/\/radioljubuski.ba\/index.php\/2022\/06\/28\/djeca-na-homoseksualnoj-povorci-gledala-gole-bicikliste-sugestivnih-kretnji\/#breadcrumb","itemListElement":[{"@type":"ListItem","position":1,"name":"Po\u010detna stranica","item":"https:\/\/radioljubuski.ba\/"},{"@type":"ListItem","position":2,"name":"Djeca na homoseksualnoj povorci gledala gole bicikliste sugestivnih kretnji"}]},{"@type":"WebSite","@id":"https:\/\/radioljubuski.ba\/#website","url":"https:\/\/radioljubuski.ba\/","name":"Radio Ljubu\u0161ki","description":"Sun\u010dana frekvencija Hercegovine","publisher":{"@id":"https:\/\/radioljubuski.ba\/#organization"},"potentialAction":[{"@type":"SearchAction","target":{"@type":"EntryPoint","urlTemplate":"https:\/\/radioljubuski.ba\/?s={search_term_string}"},"query-input":{"@type":"PropertyValueSpecification","valueRequired":true,"valueName":"search_term_string"}}],"inLanguage":"hr"},{"@type":"Organization","@id":"https:\/\/radioljubuski.ba\/#organization","name":"Radio Ljubu\u0161ki","url":"https:\/\/radioljubuski.ba\/","logo":{"@type":"ImageObject","inLanguage":"hr","@id":"https:\/\/radioljubuski.ba\/#\/schema\/logo\/image\/","url":"https:\/\/radioljubuski.ba\/wp-content\/uploads\/2021\/02\/cropped-Radio_Ljubuski_logo1.jpg","contentUrl":"https:\/\/radioljubuski.ba\/wp-content\/uploads\/2021\/02\/cropped-Radio_Ljubuski_logo1.jpg","width":512,"height":512,"caption":"Radio Ljubu\u0161ki"},"image":{"@id":"https:\/\/radioljubuski.ba\/#\/schema\/logo\/image\/"},"sameAs":["https:\/\/www.facebook.com\/Radiio-Ljubuski-1490835324566332","https:\/\/x.com\/radioljubuski","https:\/\/hr.linkedin.com\/company\/radio-ljubuski","https:\/\/www.youtube.com\/channel\/UCHYaeO_n0Db3tjNGudGpXyw"]},{"@type":"Person","@id":"https:\/\/radioljubuski.ba\/#\/schema\/person\/19fc700381a780f69665d7956c469e3b","name":"Radio Ljubu\u0161ki"}]}},"_links":{"self":[{"href":"https:\/\/radioljubuski.ba\/index.php\/wp-json\/wp\/v2\/posts\/154416","targetHints":{"allow":["GET"]}}],"collection":[{"href":"https:\/\/radioljubuski.ba\/index.php\/wp-json\/wp\/v2\/posts"}],"about":[{"href":"https:\/\/radioljubuski.ba\/index.php\/wp-json\/wp\/v2\/types\/post"}],"author":[{"embeddable":true,"href":"https:\/\/radioljubuski.ba\/index.php\/wp-json\/wp\/v2\/users\/2"}],"replies":[{"embeddable":true,"href":"https:\/\/radioljubuski.ba\/index.php\/wp-json\/wp\/v2\/comments?post=154416"}],"version-history":[{"count":1,"href":"https:\/\/radioljubuski.ba\/index.php\/wp-json\/wp\/v2\/posts\/154416\/revisions"}],"predecessor-version":[{"id":154420,"href":"https:\/\/radioljubuski.ba\/index.php\/wp-json\/wp\/v2\/posts\/154416\/revisions\/154420"}],"wp:featuredmedia":[{"embeddable":true,"href":"https:\/\/radioljubuski.ba\/index.php\/wp-json\/wp\/v2\/media\/154417"}],"wp:attachment":[{"href":"https:\/\/radioljubuski.ba\/index.php\/wp-json\/wp\/v2\/media?parent=154416"}],"wp:term":[{"taxonomy":"category","embeddable":true,"href":"https:\/\/radioljubuski.ba\/index.php\/wp-json\/wp\/v2\/categories?post=154416"},{"taxonomy":"post_tag","embeddable":true,"href":"https:\/\/radioljubuski.ba\/index.php\/wp-json\/wp\/v2\/tags?post=154416"}],"curies":[{"name":"wp","href":"https:\/\/api.w.org\/{rel}","templated":true}]}}