{"id":154444,"date":"2022-06-28T12:50:04","date_gmt":"2022-06-28T11:50:04","guid":{"rendered":"https:\/\/radioljubuski.ba\/?p=154444"},"modified":"2022-06-28T12:50:05","modified_gmt":"2022-06-28T11:50:05","slug":"i-berrettini-odustao-od-wimbledona-zbog-korone","status":"publish","type":"post","link":"https:\/\/radioljubuski.ba\/index.php\/2022\/06\/28\/i-berrettini-odustao-od-wimbledona-zbog-korone\/","title":{"rendered":"I Berrettini odustao od Wimbledona zbog korone"},"content":{"rendered":"\n<p>&#8221;Premda moji simptomi nisu ozbiljni odlu\u010dio sam se ponovno testirati zbog za\u0161tite zdravlja svih ostalih sudionika turnira&#8221;, poru\u010dio je ovom prilikom Berrettini.<\/p>\n\n\n\n<p>Talijanski tenisa\u010d Matteo Berrettini, 11. igra\u010d na svijetu i pro\u0161logodi\u0161nji finalist Wimbledona, povukao se s tog Grand Slam turnira nakon pozitivnog testa na koronavirus. <\/p>\n\n\n\n<p>Nastavlja se time niz tenisa\u010da koji odustaju od natjecanja iz ovog razloga jer je, podsjetimo, dan ranije zbog istog problema od nastupa na londonskoj travi morao odustati najbolji hrvatski tenisa\u010d Marin \u010cili\u0107. &#8221;Srce mi je puklo jer moram objaviti kako odustajem od Wimbledona. <\/p>\n\n\n\n<p>Razlog je pozitivan test na COVID-19. Imam simptome i prethodne dane sam proveo u izolaciji. Premda moji simptomi nisu ozbiljni odlu\u010dio sam se ponovno testirati zbog za\u0161tite zdravlja svih ostalih sudionika turnira&#8221;, poru\u010dio je ovom prilikom Berrettini. <\/p>\n\n\n\n<p>Ove sezone 26-godi\u0161nji Talijan je bio tenisa\u010d s najboljom formom na travi budu\u0107i je osvojio dva ATP turnira na toj podlozi, u Stuttgartu i Queen&#8217;s Clubu. Ujedno je \u010detiri od sedam osvojenih turnira u karijeri osvojio na travnatoj podlozi, javlja Hina. <\/p>\n\n\n\n<p>Izvor: <a href=\"https:\/\/bljesak.info\/sport\/ostali-sportovi\/i-berrettini-odustao-od-wimbledona-zbog-korone\/386898\">Bljesak.info<\/a><\/p>\n","protected":false},"excerpt":{"rendered":"<p>&#8221;Premda moji simptomi nisu ozbiljni odlu\u010dio sam se ponovno testirati zbog za\u0161tite zdravlja svih ostalih sudionika turnira&#8221;, poru\u010dio je ovom prilikom Berrettini. Talijanski tenisa\u010d Matteo Berrettini, 11. igra\u010d na svijetu i pro\u0161logodi\u0161nji finalist Wimbledona, povukao se s tog Grand Slam turnira nakon pozitivnog testa na koronavirus. Nastavlja se time niz tenisa\u010da koji odustaju od natjecanja [&hellip;]<\/p>\n","protected":false},"author":2,"featured_media":154449,"comment_status":"closed","ping_status":"closed","sticky":false,"template":"","format":"standard","meta":{"h5ap_radio_sources":[],"footnotes":""},"categories":[7],"tags":[],"class_list":["post-154444","post","type-post","status-publish","format-standard","has-post-thumbnail","hentry","category-sport"],"yoast_head":"<!-- This site is optimized with the Yoast SEO plugin v27.5 - https:\/\/yoast.com\/product\/yoast-seo-wordpress\/ -->\n<title>I Berrettini odustao od Wimbledona zbog korone - RADIO LJUBU\u0160KI<\/title>\n<meta name=\"robots\" content=\"index, follow, max-snippet:-1, max-image-preview:large, max-video-preview:-1\" \/>\n<link rel=\"canonical\" href=\"https:\/\/radioljubuski.ba\/index.php\/2022\/06\/28\/i-berrettini-odustao-od-wimbledona-zbog-korone\/\" \/>\n<meta property=\"og:locale\" content=\"hr_HR\" \/>\n<meta property=\"og:type\" content=\"article\" \/>\n<meta property=\"og:title\" content=\"I Berrettini odustao od Wimbledona zbog korone - RADIO LJUBU\u0160KI\" \/>\n<meta property=\"og:description\" content=\"&#8221;Premda moji simptomi nisu ozbiljni odlu\u010dio sam se ponovno testirati zbog za\u0161tite zdravlja svih ostalih sudionika turnira&#8221;, poru\u010dio je ovom prilikom Berrettini. Talijanski tenisa\u010d Matteo Berrettini, 11. igra\u010d na svijetu i pro\u0161logodi\u0161nji finalist Wimbledona, povukao se s tog Grand Slam turnira nakon pozitivnog testa na koronavirus. Nastavlja se time niz tenisa\u010da koji odustaju od natjecanja [&hellip;]\" \/>\n<meta property=\"og:url\" content=\"https:\/\/radioljubuski.ba\/index.php\/2022\/06\/28\/i-berrettini-odustao-od-wimbledona-zbog-korone\/\" \/>\n<meta property=\"og:site_name\" content=\"RADIO LJUBU\u0160KI\" \/>\n<meta property=\"article:publisher\" content=\"https:\/\/www.facebook.com\/Radiio-Ljubuski-1490835324566332\" \/>\n<meta property=\"article:published_time\" content=\"2022-06-28T11:50:04+00:00\" \/>\n<meta property=\"article:modified_time\" content=\"2022-06-28T11:50:05+00:00\" \/>\n<meta property=\"og:image\" content=\"https:\/\/radioljubuski.ba\/wp-content\/uploads\/2022\/06\/matteo-1.gif\" \/>\n\t<meta property=\"og:image:width\" content=\"800\" \/>\n\t<meta property=\"og:image:height\" content=\"550\" \/>\n\t<meta property=\"og:image:type\" content=\"image\/gif\" \/>\n<meta name=\"author\" content=\"Radio Ljubu\u0161ki\" \/>\n<meta name=\"twitter:card\" content=\"summary_large_image\" \/>\n<meta name=\"twitter:creator\" content=\"@radioljubuski\" \/>\n<meta name=\"twitter:site\" content=\"@radioljubuski\" \/>\n<meta name=\"twitter:label1\" content=\"Napisao\/la\" \/>\n\t<meta name=\"twitter:data1\" content=\"Radio Ljubu\u0161ki\" \/>\n\t<meta name=\"twitter:label2\" content=\"Procijenjeno vrijeme \u010ditanja\" \/>\n\t<meta name=\"twitter:data2\" content=\"1 minuta\" \/>\n<script type=\"application\/ld+json\" class=\"yoast-schema-graph\">{\"@context\":\"https:\\\/\\\/schema.org\",\"@graph\":[{\"@type\":\"Article\",\"@id\":\"https:\\\/\\\/radioljubuski.ba\\\/index.php\\\/2022\\\/06\\\/28\\\/i-berrettini-odustao-od-wimbledona-zbog-korone\\\/#article\",\"isPartOf\":{\"@id\":\"https:\\\/\\\/radioljubuski.ba\\\/index.php\\\/2022\\\/06\\\/28\\\/i-berrettini-odustao-od-wimbledona-zbog-korone\\\/\"},\"author\":{\"name\":\"Radio Ljubu\u0161ki\",\"@id\":\"https:\\\/\\\/radioljubuski.ba\\\/#\\\/schema\\\/person\\\/19fc700381a780f69665d7956c469e3b\"},\"headline\":\"I Berrettini odustao od Wimbledona zbog korone\",\"datePublished\":\"2022-06-28T11:50:04+00:00\",\"dateModified\":\"2022-06-28T11:50:05+00:00\",\"mainEntityOfPage\":{\"@id\":\"https:\\\/\\\/radioljubuski.ba\\\/index.php\\\/2022\\\/06\\\/28\\\/i-berrettini-odustao-od-wimbledona-zbog-korone\\\/\"},\"wordCount\":188,\"publisher\":{\"@id\":\"https:\\\/\\\/radioljubuski.ba\\\/#organization\"},\"image\":{\"@id\":\"https:\\\/\\\/radioljubuski.ba\\\/index.php\\\/2022\\\/06\\\/28\\\/i-berrettini-odustao-od-wimbledona-zbog-korone\\\/#primaryimage\"},\"thumbnailUrl\":\"https:\\\/\\\/radioljubuski.ba\\\/wp-content\\\/uploads\\\/2022\\\/06\\\/matteo-1.gif\",\"articleSection\":[\"\u0160port\"],\"inLanguage\":\"hr\"},{\"@type\":\"WebPage\",\"@id\":\"https:\\\/\\\/radioljubuski.ba\\\/index.php\\\/2022\\\/06\\\/28\\\/i-berrettini-odustao-od-wimbledona-zbog-korone\\\/\",\"url\":\"https:\\\/\\\/radioljubuski.ba\\\/index.php\\\/2022\\\/06\\\/28\\\/i-berrettini-odustao-od-wimbledona-zbog-korone\\\/\",\"name\":\"I Berrettini odustao od Wimbledona zbog korone - RADIO LJUBU\u0160KI\",\"isPartOf\":{\"@id\":\"https:\\\/\\\/radioljubuski.ba\\\/#website\"},\"primaryImageOfPage\":{\"@id\":\"https:\\\/\\\/radioljubuski.ba\\\/index.php\\\/2022\\\/06\\\/28\\\/i-berrettini-odustao-od-wimbledona-zbog-korone\\\/#primaryimage\"},\"image\":{\"@id\":\"https:\\\/\\\/radioljubuski.ba\\\/index.php\\\/2022\\\/06\\\/28\\\/i-berrettini-odustao-od-wimbledona-zbog-korone\\\/#primaryimage\"},\"thumbnailUrl\":\"https:\\\/\\\/radioljubuski.ba\\\/wp-content\\\/uploads\\\/2022\\\/06\\\/matteo-1.gif\",\"datePublished\":\"2022-06-28T11:50:04+00:00\",\"dateModified\":\"2022-06-28T11:50:05+00:00\",\"breadcrumb\":{\"@id\":\"https:\\\/\\\/radioljubuski.ba\\\/index.php\\\/2022\\\/06\\\/28\\\/i-berrettini-odustao-od-wimbledona-zbog-korone\\\/#breadcrumb\"},\"inLanguage\":\"hr\",\"potentialAction\":[{\"@type\":\"ReadAction\",\"target\":[\"https:\\\/\\\/radioljubuski.ba\\\/index.php\\\/2022\\\/06\\\/28\\\/i-berrettini-odustao-od-wimbledona-zbog-korone\\\/\"]}]},{\"@type\":\"ImageObject\",\"inLanguage\":\"hr\",\"@id\":\"https:\\\/\\\/radioljubuski.ba\\\/index.php\\\/2022\\\/06\\\/28\\\/i-berrettini-odustao-od-wimbledona-zbog-korone\\\/#primaryimage\",\"url\":\"https:\\\/\\\/radioljubuski.ba\\\/wp-content\\\/uploads\\\/2022\\\/06\\\/matteo-1.gif\",\"contentUrl\":\"https:\\\/\\\/radioljubuski.ba\\\/wp-content\\\/uploads\\\/2022\\\/06\\\/matteo-1.gif\",\"width\":800,\"height\":550},{\"@type\":\"BreadcrumbList\",\"@id\":\"https:\\\/\\\/radioljubuski.ba\\\/index.php\\\/2022\\\/06\\\/28\\\/i-berrettini-odustao-od-wimbledona-zbog-korone\\\/#breadcrumb\",\"itemListElement\":[{\"@type\":\"ListItem\",\"position\":1,\"name\":\"Po\u010detna stranica\",\"item\":\"https:\\\/\\\/radioljubuski.ba\\\/\"},{\"@type\":\"ListItem\",\"position\":2,\"name\":\"I Berrettini odustao od Wimbledona zbog korone\"}]},{\"@type\":\"WebSite\",\"@id\":\"https:\\\/\\\/radioljubuski.ba\\\/#website\",\"url\":\"https:\\\/\\\/radioljubuski.ba\\\/\",\"name\":\"Radio Ljubu\u0161ki\",\"description\":\"Sun\u010dana frekvencija Hercegovine\",\"publisher\":{\"@id\":\"https:\\\/\\\/radioljubuski.ba\\\/#organization\"},\"potentialAction\":[{\"@type\":\"SearchAction\",\"target\":{\"@type\":\"EntryPoint\",\"urlTemplate\":\"https:\\\/\\\/radioljubuski.ba\\\/?s={search_term_string}\"},\"query-input\":{\"@type\":\"PropertyValueSpecification\",\"valueRequired\":true,\"valueName\":\"search_term_string\"}}],\"inLanguage\":\"hr\"},{\"@type\":\"Organization\",\"@id\":\"https:\\\/\\\/radioljubuski.ba\\\/#organization\",\"name\":\"Radio Ljubu\u0161ki\",\"url\":\"https:\\\/\\\/radioljubuski.ba\\\/\",\"logo\":{\"@type\":\"ImageObject\",\"inLanguage\":\"hr\",\"@id\":\"https:\\\/\\\/radioljubuski.ba\\\/#\\\/schema\\\/logo\\\/image\\\/\",\"url\":\"https:\\\/\\\/radioljubuski.ba\\\/wp-content\\\/uploads\\\/2021\\\/02\\\/cropped-Radio_Ljubuski_logo1.jpg\",\"contentUrl\":\"https:\\\/\\\/radioljubuski.ba\\\/wp-content\\\/uploads\\\/2021\\\/02\\\/cropped-Radio_Ljubuski_logo1.jpg\",\"width\":512,\"height\":512,\"caption\":\"Radio Ljubu\u0161ki\"},\"image\":{\"@id\":\"https:\\\/\\\/radioljubuski.ba\\\/#\\\/schema\\\/logo\\\/image\\\/\"},\"sameAs\":[\"https:\\\/\\\/www.facebook.com\\\/Radiio-Ljubuski-1490835324566332\",\"https:\\\/\\\/x.com\\\/radioljubuski\",\"https:\\\/\\\/hr.linkedin.com\\\/company\\\/radio-ljubuski\",\"https:\\\/\\\/www.youtube.com\\\/channel\\\/UCHYaeO_n0Db3tjNGudGpXyw\"]},{\"@type\":\"Person\",\"@id\":\"https:\\\/\\\/radioljubuski.ba\\\/#\\\/schema\\\/person\\\/19fc700381a780f69665d7956c469e3b\",\"name\":\"Radio Ljubu\u0161ki\"}]}<\/script>\n<!-- \/ Yoast SEO plugin. -->","yoast_head_json":{"title":"I Berrettini odustao od Wimbledona zbog korone - RADIO LJUBU\u0160KI","robots":{"index":"index","follow":"follow","max-snippet":"max-snippet:-1","max-image-preview":"max-image-preview:large","max-video-preview":"max-video-preview:-1"},"canonical":"https:\/\/radioljubuski.ba\/index.php\/2022\/06\/28\/i-berrettini-odustao-od-wimbledona-zbog-korone\/","og_locale":"hr_HR","og_type":"article","og_title":"I Berrettini odustao od Wimbledona zbog korone - RADIO LJUBU\u0160KI","og_description":"&#8221;Premda moji simptomi nisu ozbiljni odlu\u010dio sam se ponovno testirati zbog za\u0161tite zdravlja svih ostalih sudionika turnira&#8221;, poru\u010dio je ovom prilikom Berrettini. Talijanski tenisa\u010d Matteo Berrettini, 11. igra\u010d na svijetu i pro\u0161logodi\u0161nji finalist Wimbledona, povukao se s tog Grand Slam turnira nakon pozitivnog testa na koronavirus. Nastavlja se time niz tenisa\u010da koji odustaju od natjecanja [&hellip;]","og_url":"https:\/\/radioljubuski.ba\/index.php\/2022\/06\/28\/i-berrettini-odustao-od-wimbledona-zbog-korone\/","og_site_name":"RADIO LJUBU\u0160KI","article_publisher":"https:\/\/www.facebook.com\/Radiio-Ljubuski-1490835324566332","article_published_time":"2022-06-28T11:50:04+00:00","article_modified_time":"2022-06-28T11:50:05+00:00","og_image":[{"width":800,"height":550,"url":"https:\/\/radioljubuski.ba\/wp-content\/uploads\/2022\/06\/matteo-1.gif","type":"image\/gif"}],"author":"Radio Ljubu\u0161ki","twitter_card":"summary_large_image","twitter_creator":"@radioljubuski","twitter_site":"@radioljubuski","twitter_misc":{"Napisao\/la":"Radio Ljubu\u0161ki","Procijenjeno vrijeme \u010ditanja":"1 minuta"},"schema":{"@context":"https:\/\/schema.org","@graph":[{"@type":"Article","@id":"https:\/\/radioljubuski.ba\/index.php\/2022\/06\/28\/i-berrettini-odustao-od-wimbledona-zbog-korone\/#article","isPartOf":{"@id":"https:\/\/radioljubuski.ba\/index.php\/2022\/06\/28\/i-berrettini-odustao-od-wimbledona-zbog-korone\/"},"author":{"name":"Radio Ljubu\u0161ki","@id":"https:\/\/radioljubuski.ba\/#\/schema\/person\/19fc700381a780f69665d7956c469e3b"},"headline":"I Berrettini odustao od Wimbledona zbog korone","datePublished":"2022-06-28T11:50:04+00:00","dateModified":"2022-06-28T11:50:05+00:00","mainEntityOfPage":{"@id":"https:\/\/radioljubuski.ba\/index.php\/2022\/06\/28\/i-berrettini-odustao-od-wimbledona-zbog-korone\/"},"wordCount":188,"publisher":{"@id":"https:\/\/radioljubuski.ba\/#organization"},"image":{"@id":"https:\/\/radioljubuski.ba\/index.php\/2022\/06\/28\/i-berrettini-odustao-od-wimbledona-zbog-korone\/#primaryimage"},"thumbnailUrl":"https:\/\/radioljubuski.ba\/wp-content\/uploads\/2022\/06\/matteo-1.gif","articleSection":["\u0160port"],"inLanguage":"hr"},{"@type":"WebPage","@id":"https:\/\/radioljubuski.ba\/index.php\/2022\/06\/28\/i-berrettini-odustao-od-wimbledona-zbog-korone\/","url":"https:\/\/radioljubuski.ba\/index.php\/2022\/06\/28\/i-berrettini-odustao-od-wimbledona-zbog-korone\/","name":"I Berrettini odustao od Wimbledona zbog korone - RADIO LJUBU\u0160KI","isPartOf":{"@id":"https:\/\/radioljubuski.ba\/#website"},"primaryImageOfPage":{"@id":"https:\/\/radioljubuski.ba\/index.php\/2022\/06\/28\/i-berrettini-odustao-od-wimbledona-zbog-korone\/#primaryimage"},"image":{"@id":"https:\/\/radioljubuski.ba\/index.php\/2022\/06\/28\/i-berrettini-odustao-od-wimbledona-zbog-korone\/#primaryimage"},"thumbnailUrl":"https:\/\/radioljubuski.ba\/wp-content\/uploads\/2022\/06\/matteo-1.gif","datePublished":"2022-06-28T11:50:04+00:00","dateModified":"2022-06-28T11:50:05+00:00","breadcrumb":{"@id":"https:\/\/radioljubuski.ba\/index.php\/2022\/06\/28\/i-berrettini-odustao-od-wimbledona-zbog-korone\/#breadcrumb"},"inLanguage":"hr","potentialAction":[{"@type":"ReadAction","target":["https:\/\/radioljubuski.ba\/index.php\/2022\/06\/28\/i-berrettini-odustao-od-wimbledona-zbog-korone\/"]}]},{"@type":"ImageObject","inLanguage":"hr","@id":"https:\/\/radioljubuski.ba\/index.php\/2022\/06\/28\/i-berrettini-odustao-od-wimbledona-zbog-korone\/#primaryimage","url":"https:\/\/radioljubuski.ba\/wp-content\/uploads\/2022\/06\/matteo-1.gif","contentUrl":"https:\/\/radioljubuski.ba\/wp-content\/uploads\/2022\/06\/matteo-1.gif","width":800,"height":550},{"@type":"BreadcrumbList","@id":"https:\/\/radioljubuski.ba\/index.php\/2022\/06\/28\/i-berrettini-odustao-od-wimbledona-zbog-korone\/#breadcrumb","itemListElement":[{"@type":"ListItem","position":1,"name":"Po\u010detna stranica","item":"https:\/\/radioljubuski.ba\/"},{"@type":"ListItem","position":2,"name":"I Berrettini odustao od Wimbledona zbog korone"}]},{"@type":"WebSite","@id":"https:\/\/radioljubuski.ba\/#website","url":"https:\/\/radioljubuski.ba\/","name":"Radio Ljubu\u0161ki","description":"Sun\u010dana frekvencija Hercegovine","publisher":{"@id":"https:\/\/radioljubuski.ba\/#organization"},"potentialAction":[{"@type":"SearchAction","target":{"@type":"EntryPoint","urlTemplate":"https:\/\/radioljubuski.ba\/?s={search_term_string}"},"query-input":{"@type":"PropertyValueSpecification","valueRequired":true,"valueName":"search_term_string"}}],"inLanguage":"hr"},{"@type":"Organization","@id":"https:\/\/radioljubuski.ba\/#organization","name":"Radio Ljubu\u0161ki","url":"https:\/\/radioljubuski.ba\/","logo":{"@type":"ImageObject","inLanguage":"hr","@id":"https:\/\/radioljubuski.ba\/#\/schema\/logo\/image\/","url":"https:\/\/radioljubuski.ba\/wp-content\/uploads\/2021\/02\/cropped-Radio_Ljubuski_logo1.jpg","contentUrl":"https:\/\/radioljubuski.ba\/wp-content\/uploads\/2021\/02\/cropped-Radio_Ljubuski_logo1.jpg","width":512,"height":512,"caption":"Radio Ljubu\u0161ki"},"image":{"@id":"https:\/\/radioljubuski.ba\/#\/schema\/logo\/image\/"},"sameAs":["https:\/\/www.facebook.com\/Radiio-Ljubuski-1490835324566332","https:\/\/x.com\/radioljubuski","https:\/\/hr.linkedin.com\/company\/radio-ljubuski","https:\/\/www.youtube.com\/channel\/UCHYaeO_n0Db3tjNGudGpXyw"]},{"@type":"Person","@id":"https:\/\/radioljubuski.ba\/#\/schema\/person\/19fc700381a780f69665d7956c469e3b","name":"Radio Ljubu\u0161ki"}]}},"_links":{"self":[{"href":"https:\/\/radioljubuski.ba\/index.php\/wp-json\/wp\/v2\/posts\/154444","targetHints":{"allow":["GET"]}}],"collection":[{"href":"https:\/\/radioljubuski.ba\/index.php\/wp-json\/wp\/v2\/posts"}],"about":[{"href":"https:\/\/radioljubuski.ba\/index.php\/wp-json\/wp\/v2\/types\/post"}],"author":[{"embeddable":true,"href":"https:\/\/radioljubuski.ba\/index.php\/wp-json\/wp\/v2\/users\/2"}],"replies":[{"embeddable":true,"href":"https:\/\/radioljubuski.ba\/index.php\/wp-json\/wp\/v2\/comments?post=154444"}],"version-history":[{"count":1,"href":"https:\/\/radioljubuski.ba\/index.php\/wp-json\/wp\/v2\/posts\/154444\/revisions"}],"predecessor-version":[{"id":154450,"href":"https:\/\/radioljubuski.ba\/index.php\/wp-json\/wp\/v2\/posts\/154444\/revisions\/154450"}],"wp:featuredmedia":[{"embeddable":true,"href":"https:\/\/radioljubuski.ba\/index.php\/wp-json\/wp\/v2\/media\/154449"}],"wp:attachment":[{"href":"https:\/\/radioljubuski.ba\/index.php\/wp-json\/wp\/v2\/media?parent=154444"}],"wp:term":[{"taxonomy":"category","embeddable":true,"href":"https:\/\/radioljubuski.ba\/index.php\/wp-json\/wp\/v2\/categories?post=154444"},{"taxonomy":"post_tag","embeddable":true,"href":"https:\/\/radioljubuski.ba\/index.php\/wp-json\/wp\/v2\/tags?post=154444"}],"curies":[{"name":"wp","href":"https:\/\/api.w.org\/{rel}","templated":true}]}}