{"id":154445,"date":"2022-06-28T12:49:40","date_gmt":"2022-06-28T11:49:40","guid":{"rendered":"https:\/\/radioljubuski.ba\/?p=154445"},"modified":"2022-06-28T12:49:41","modified_gmt":"2022-06-28T11:49:41","slug":"irving-ostaje-u-brooklynu-wall-prema-la-clippersima","status":"publish","type":"post","link":"https:\/\/radioljubuski.ba\/index.php\/2022\/06\/28\/irving-ostaje-u-brooklynu-wall-prema-la-clippersima\/","title":{"rendered":"Irving ostaje u Brooklynu, Wall prema LA Clippersima"},"content":{"rendered":"\n<p>NBA zvijezda Kyrie Irving odlu\u010dio je aktivirati posljednju godinu ugovora te \u0107e i dalje ostati u Brooklyn Netsima, iako se glasno pri\u010dalo o njegovom odlasku, a naj\u010de\u0161\u0107e je spominjan dolazak u Dallas.<\/p>\n\n\n\n<p>-Obi\u010dni ljudi odr\u017eavaju svijet. Odlu\u010dio sam ostati, aktivirati zadnju godinu ugovora i uskoro se vidimo, poru\u010dio je navija\u010dima ovog kluba 30-godi\u0161nji ko\u0161arka\u0161 koji je u posljednje tri godine kao igra\u010d Brooklyna odigrao tek 103 utakmice. Razlog za mali broj utakmica su bile ozljede, ali i njegova odluka o neuzimanju cjepiva za COVID-19 \u0161to mu je bitno smanjilo broj nastupa. Ovom odlukom o ostanku Irving \u0107e idu\u0107e sezone u Netsima zaraditi 36.9 milijuna ameri\u010dkih dolara.<\/p>\n\n\n\n<p>Pro\u0161le sezone Irving je prosje\u010dno upisivao 27.4 poena, 5.8 asistencija, 4.4 skoka i 1.4 ukradenu loptu tijekom 29 utakmica, no Durant, on i ostali su zapeli ve\u0107 u prvom krugu doigravanja kada su pora\u017eeni od Bostona s laganih 0-4.<\/p>\n\n\n\n<p>John Wall, 31-godi\u0161nji ko\u0161arka\u0161 Houstona i prije 12 godina prvi izbor na draftu od strane Washingtona, dogovorio je sa svojim sada\u0161njim klubom otkup ugovora. Umjesto ranije odre\u0111enih 47 milijuna ameri\u010dkih dolara bit \u0107e mu ispla\u0107eno \u0161est i pol milijuna manje, a po navodima mnogih ameri\u010dkih medija njegova je jedina \u017eelja dolazak u Los Angeles Clipperse.<\/p>\n\n\n\n<p>Ni klub iz Los Angelesa nije imun na dolazak kvalitetnog ko\u0161arka\u0161a, koji posljednjih sezona igra vidno ispod vlastite razine, no postoji jo\u0161 nekolicina klubova koji \u017eele dobiti utrku za igra\u010dem koji je pet puta u karijeri nastupao na All Star utakmicama.<\/p>\n\n\n\n<p>Izvor:pogled.ba<\/p>\n","protected":false},"excerpt":{"rendered":"<p>NBA zvijezda Kyrie Irving odlu\u010dio je aktivirati posljednju godinu ugovora te \u0107e i dalje ostati u Brooklyn Netsima, iako se glasno pri\u010dalo o njegovom odlasku, a naj\u010de\u0161\u0107e je spominjan dolazak u Dallas. -Obi\u010dni ljudi odr\u017eavaju svijet. Odlu\u010dio sam ostati, aktivirati zadnju godinu ugovora i uskoro se vidimo, poru\u010dio je navija\u010dima ovog kluba 30-godi\u0161nji ko\u0161arka\u0161 koji [&hellip;]<\/p>\n","protected":false},"author":2,"featured_media":154446,"comment_status":"closed","ping_status":"closed","sticky":false,"template":"","format":"standard","meta":{"h5ap_radio_sources":[],"footnotes":""},"categories":[7],"tags":[],"class_list":["post-154445","post","type-post","status-publish","format-standard","has-post-thumbnail","hentry","category-sport"],"yoast_head":"<!-- This site is optimized with the Yoast SEO plugin v27.5 - https:\/\/yoast.com\/product\/yoast-seo-wordpress\/ -->\n<title>Irving ostaje u Brooklynu, Wall prema LA Clippersima - RADIO LJUBU\u0160KI<\/title>\n<meta name=\"robots\" content=\"index, follow, max-snippet:-1, max-image-preview:large, max-video-preview:-1\" \/>\n<link rel=\"canonical\" href=\"https:\/\/radioljubuski.ba\/index.php\/2022\/06\/28\/irving-ostaje-u-brooklynu-wall-prema-la-clippersima\/\" \/>\n<meta property=\"og:locale\" content=\"hr_HR\" \/>\n<meta property=\"og:type\" content=\"article\" \/>\n<meta property=\"og:title\" content=\"Irving ostaje u Brooklynu, Wall prema LA Clippersima - RADIO LJUBU\u0160KI\" \/>\n<meta property=\"og:description\" content=\"NBA zvijezda Kyrie Irving odlu\u010dio je aktivirati posljednju godinu ugovora te \u0107e i dalje ostati u Brooklyn Netsima, iako se glasno pri\u010dalo o njegovom odlasku, a naj\u010de\u0161\u0107e je spominjan dolazak u Dallas. -Obi\u010dni ljudi odr\u017eavaju svijet. Odlu\u010dio sam ostati, aktivirati zadnju godinu ugovora i uskoro se vidimo, poru\u010dio je navija\u010dima ovog kluba 30-godi\u0161nji ko\u0161arka\u0161 koji [&hellip;]\" \/>\n<meta property=\"og:url\" content=\"https:\/\/radioljubuski.ba\/index.php\/2022\/06\/28\/irving-ostaje-u-brooklynu-wall-prema-la-clippersima\/\" \/>\n<meta property=\"og:site_name\" content=\"RADIO LJUBU\u0160KI\" \/>\n<meta property=\"article:publisher\" content=\"https:\/\/www.facebook.com\/Radiio-Ljubuski-1490835324566332\" \/>\n<meta property=\"article:published_time\" content=\"2022-06-28T11:49:40+00:00\" \/>\n<meta property=\"article:modified_time\" content=\"2022-06-28T11:49:41+00:00\" \/>\n<meta property=\"og:image\" content=\"https:\/\/radioljubuski.ba\/wp-content\/uploads\/2022\/06\/2-2022-06-28-09-35-12-NBA.jpg\" \/>\n\t<meta property=\"og:image:width\" content=\"1000\" \/>\n\t<meta property=\"og:image:height\" content=\"625\" \/>\n\t<meta property=\"og:image:type\" content=\"image\/jpeg\" \/>\n<meta name=\"author\" content=\"Radio Ljubu\u0161ki\" \/>\n<meta name=\"twitter:card\" content=\"summary_large_image\" \/>\n<meta name=\"twitter:creator\" content=\"@radioljubuski\" \/>\n<meta name=\"twitter:site\" content=\"@radioljubuski\" \/>\n<meta name=\"twitter:label1\" content=\"Napisao\/la\" \/>\n\t<meta name=\"twitter:data1\" content=\"Radio Ljubu\u0161ki\" \/>\n\t<meta name=\"twitter:label2\" content=\"Procijenjeno vrijeme \u010ditanja\" \/>\n\t<meta name=\"twitter:data2\" content=\"2 minute\" \/>\n<script type=\"application\/ld+json\" class=\"yoast-schema-graph\">{\"@context\":\"https:\\\/\\\/schema.org\",\"@graph\":[{\"@type\":\"Article\",\"@id\":\"https:\\\/\\\/radioljubuski.ba\\\/index.php\\\/2022\\\/06\\\/28\\\/irving-ostaje-u-brooklynu-wall-prema-la-clippersima\\\/#article\",\"isPartOf\":{\"@id\":\"https:\\\/\\\/radioljubuski.ba\\\/index.php\\\/2022\\\/06\\\/28\\\/irving-ostaje-u-brooklynu-wall-prema-la-clippersima\\\/\"},\"author\":{\"name\":\"Radio Ljubu\u0161ki\",\"@id\":\"https:\\\/\\\/radioljubuski.ba\\\/#\\\/schema\\\/person\\\/19fc700381a780f69665d7956c469e3b\"},\"headline\":\"Irving ostaje u Brooklynu, Wall prema LA Clippersima\",\"datePublished\":\"2022-06-28T11:49:40+00:00\",\"dateModified\":\"2022-06-28T11:49:41+00:00\",\"mainEntityOfPage\":{\"@id\":\"https:\\\/\\\/radioljubuski.ba\\\/index.php\\\/2022\\\/06\\\/28\\\/irving-ostaje-u-brooklynu-wall-prema-la-clippersima\\\/\"},\"wordCount\":269,\"publisher\":{\"@id\":\"https:\\\/\\\/radioljubuski.ba\\\/#organization\"},\"image\":{\"@id\":\"https:\\\/\\\/radioljubuski.ba\\\/index.php\\\/2022\\\/06\\\/28\\\/irving-ostaje-u-brooklynu-wall-prema-la-clippersima\\\/#primaryimage\"},\"thumbnailUrl\":\"https:\\\/\\\/radioljubuski.ba\\\/wp-content\\\/uploads\\\/2022\\\/06\\\/2-2022-06-28-09-35-12-NBA.jpg\",\"articleSection\":[\"\u0160port\"],\"inLanguage\":\"hr\"},{\"@type\":\"WebPage\",\"@id\":\"https:\\\/\\\/radioljubuski.ba\\\/index.php\\\/2022\\\/06\\\/28\\\/irving-ostaje-u-brooklynu-wall-prema-la-clippersima\\\/\",\"url\":\"https:\\\/\\\/radioljubuski.ba\\\/index.php\\\/2022\\\/06\\\/28\\\/irving-ostaje-u-brooklynu-wall-prema-la-clippersima\\\/\",\"name\":\"Irving ostaje u Brooklynu, Wall prema LA Clippersima - RADIO LJUBU\u0160KI\",\"isPartOf\":{\"@id\":\"https:\\\/\\\/radioljubuski.ba\\\/#website\"},\"primaryImageOfPage\":{\"@id\":\"https:\\\/\\\/radioljubuski.ba\\\/index.php\\\/2022\\\/06\\\/28\\\/irving-ostaje-u-brooklynu-wall-prema-la-clippersima\\\/#primaryimage\"},\"image\":{\"@id\":\"https:\\\/\\\/radioljubuski.ba\\\/index.php\\\/2022\\\/06\\\/28\\\/irving-ostaje-u-brooklynu-wall-prema-la-clippersima\\\/#primaryimage\"},\"thumbnailUrl\":\"https:\\\/\\\/radioljubuski.ba\\\/wp-content\\\/uploads\\\/2022\\\/06\\\/2-2022-06-28-09-35-12-NBA.jpg\",\"datePublished\":\"2022-06-28T11:49:40+00:00\",\"dateModified\":\"2022-06-28T11:49:41+00:00\",\"breadcrumb\":{\"@id\":\"https:\\\/\\\/radioljubuski.ba\\\/index.php\\\/2022\\\/06\\\/28\\\/irving-ostaje-u-brooklynu-wall-prema-la-clippersima\\\/#breadcrumb\"},\"inLanguage\":\"hr\",\"potentialAction\":[{\"@type\":\"ReadAction\",\"target\":[\"https:\\\/\\\/radioljubuski.ba\\\/index.php\\\/2022\\\/06\\\/28\\\/irving-ostaje-u-brooklynu-wall-prema-la-clippersima\\\/\"]}]},{\"@type\":\"ImageObject\",\"inLanguage\":\"hr\",\"@id\":\"https:\\\/\\\/radioljubuski.ba\\\/index.php\\\/2022\\\/06\\\/28\\\/irving-ostaje-u-brooklynu-wall-prema-la-clippersima\\\/#primaryimage\",\"url\":\"https:\\\/\\\/radioljubuski.ba\\\/wp-content\\\/uploads\\\/2022\\\/06\\\/2-2022-06-28-09-35-12-NBA.jpg\",\"contentUrl\":\"https:\\\/\\\/radioljubuski.ba\\\/wp-content\\\/uploads\\\/2022\\\/06\\\/2-2022-06-28-09-35-12-NBA.jpg\",\"width\":1000,\"height\":625},{\"@type\":\"BreadcrumbList\",\"@id\":\"https:\\\/\\\/radioljubuski.ba\\\/index.php\\\/2022\\\/06\\\/28\\\/irving-ostaje-u-brooklynu-wall-prema-la-clippersima\\\/#breadcrumb\",\"itemListElement\":[{\"@type\":\"ListItem\",\"position\":1,\"name\":\"Po\u010detna stranica\",\"item\":\"https:\\\/\\\/radioljubuski.ba\\\/\"},{\"@type\":\"ListItem\",\"position\":2,\"name\":\"Irving ostaje u Brooklynu, Wall prema LA Clippersima\"}]},{\"@type\":\"WebSite\",\"@id\":\"https:\\\/\\\/radioljubuski.ba\\\/#website\",\"url\":\"https:\\\/\\\/radioljubuski.ba\\\/\",\"name\":\"Radio Ljubu\u0161ki\",\"description\":\"Sun\u010dana frekvencija Hercegovine\",\"publisher\":{\"@id\":\"https:\\\/\\\/radioljubuski.ba\\\/#organization\"},\"potentialAction\":[{\"@type\":\"SearchAction\",\"target\":{\"@type\":\"EntryPoint\",\"urlTemplate\":\"https:\\\/\\\/radioljubuski.ba\\\/?s={search_term_string}\"},\"query-input\":{\"@type\":\"PropertyValueSpecification\",\"valueRequired\":true,\"valueName\":\"search_term_string\"}}],\"inLanguage\":\"hr\"},{\"@type\":\"Organization\",\"@id\":\"https:\\\/\\\/radioljubuski.ba\\\/#organization\",\"name\":\"Radio Ljubu\u0161ki\",\"url\":\"https:\\\/\\\/radioljubuski.ba\\\/\",\"logo\":{\"@type\":\"ImageObject\",\"inLanguage\":\"hr\",\"@id\":\"https:\\\/\\\/radioljubuski.ba\\\/#\\\/schema\\\/logo\\\/image\\\/\",\"url\":\"https:\\\/\\\/radioljubuski.ba\\\/wp-content\\\/uploads\\\/2021\\\/02\\\/cropped-Radio_Ljubuski_logo1.jpg\",\"contentUrl\":\"https:\\\/\\\/radioljubuski.ba\\\/wp-content\\\/uploads\\\/2021\\\/02\\\/cropped-Radio_Ljubuski_logo1.jpg\",\"width\":512,\"height\":512,\"caption\":\"Radio Ljubu\u0161ki\"},\"image\":{\"@id\":\"https:\\\/\\\/radioljubuski.ba\\\/#\\\/schema\\\/logo\\\/image\\\/\"},\"sameAs\":[\"https:\\\/\\\/www.facebook.com\\\/Radiio-Ljubuski-1490835324566332\",\"https:\\\/\\\/x.com\\\/radioljubuski\",\"https:\\\/\\\/hr.linkedin.com\\\/company\\\/radio-ljubuski\",\"https:\\\/\\\/www.youtube.com\\\/channel\\\/UCHYaeO_n0Db3tjNGudGpXyw\"]},{\"@type\":\"Person\",\"@id\":\"https:\\\/\\\/radioljubuski.ba\\\/#\\\/schema\\\/person\\\/19fc700381a780f69665d7956c469e3b\",\"name\":\"Radio Ljubu\u0161ki\"}]}<\/script>\n<!-- \/ Yoast SEO plugin. -->","yoast_head_json":{"title":"Irving ostaje u Brooklynu, Wall prema LA Clippersima - RADIO LJUBU\u0160KI","robots":{"index":"index","follow":"follow","max-snippet":"max-snippet:-1","max-image-preview":"max-image-preview:large","max-video-preview":"max-video-preview:-1"},"canonical":"https:\/\/radioljubuski.ba\/index.php\/2022\/06\/28\/irving-ostaje-u-brooklynu-wall-prema-la-clippersima\/","og_locale":"hr_HR","og_type":"article","og_title":"Irving ostaje u Brooklynu, Wall prema LA Clippersima - RADIO LJUBU\u0160KI","og_description":"NBA zvijezda Kyrie Irving odlu\u010dio je aktivirati posljednju godinu ugovora te \u0107e i dalje ostati u Brooklyn Netsima, iako se glasno pri\u010dalo o njegovom odlasku, a naj\u010de\u0161\u0107e je spominjan dolazak u Dallas. -Obi\u010dni ljudi odr\u017eavaju svijet. Odlu\u010dio sam ostati, aktivirati zadnju godinu ugovora i uskoro se vidimo, poru\u010dio je navija\u010dima ovog kluba 30-godi\u0161nji ko\u0161arka\u0161 koji [&hellip;]","og_url":"https:\/\/radioljubuski.ba\/index.php\/2022\/06\/28\/irving-ostaje-u-brooklynu-wall-prema-la-clippersima\/","og_site_name":"RADIO LJUBU\u0160KI","article_publisher":"https:\/\/www.facebook.com\/Radiio-Ljubuski-1490835324566332","article_published_time":"2022-06-28T11:49:40+00:00","article_modified_time":"2022-06-28T11:49:41+00:00","og_image":[{"width":1000,"height":625,"url":"https:\/\/radioljubuski.ba\/wp-content\/uploads\/2022\/06\/2-2022-06-28-09-35-12-NBA.jpg","type":"image\/jpeg"}],"author":"Radio Ljubu\u0161ki","twitter_card":"summary_large_image","twitter_creator":"@radioljubuski","twitter_site":"@radioljubuski","twitter_misc":{"Napisao\/la":"Radio Ljubu\u0161ki","Procijenjeno vrijeme \u010ditanja":"2 minute"},"schema":{"@context":"https:\/\/schema.org","@graph":[{"@type":"Article","@id":"https:\/\/radioljubuski.ba\/index.php\/2022\/06\/28\/irving-ostaje-u-brooklynu-wall-prema-la-clippersima\/#article","isPartOf":{"@id":"https:\/\/radioljubuski.ba\/index.php\/2022\/06\/28\/irving-ostaje-u-brooklynu-wall-prema-la-clippersima\/"},"author":{"name":"Radio Ljubu\u0161ki","@id":"https:\/\/radioljubuski.ba\/#\/schema\/person\/19fc700381a780f69665d7956c469e3b"},"headline":"Irving ostaje u Brooklynu, Wall prema LA Clippersima","datePublished":"2022-06-28T11:49:40+00:00","dateModified":"2022-06-28T11:49:41+00:00","mainEntityOfPage":{"@id":"https:\/\/radioljubuski.ba\/index.php\/2022\/06\/28\/irving-ostaje-u-brooklynu-wall-prema-la-clippersima\/"},"wordCount":269,"publisher":{"@id":"https:\/\/radioljubuski.ba\/#organization"},"image":{"@id":"https:\/\/radioljubuski.ba\/index.php\/2022\/06\/28\/irving-ostaje-u-brooklynu-wall-prema-la-clippersima\/#primaryimage"},"thumbnailUrl":"https:\/\/radioljubuski.ba\/wp-content\/uploads\/2022\/06\/2-2022-06-28-09-35-12-NBA.jpg","articleSection":["\u0160port"],"inLanguage":"hr"},{"@type":"WebPage","@id":"https:\/\/radioljubuski.ba\/index.php\/2022\/06\/28\/irving-ostaje-u-brooklynu-wall-prema-la-clippersima\/","url":"https:\/\/radioljubuski.ba\/index.php\/2022\/06\/28\/irving-ostaje-u-brooklynu-wall-prema-la-clippersima\/","name":"Irving ostaje u Brooklynu, Wall prema LA Clippersima - RADIO LJUBU\u0160KI","isPartOf":{"@id":"https:\/\/radioljubuski.ba\/#website"},"primaryImageOfPage":{"@id":"https:\/\/radioljubuski.ba\/index.php\/2022\/06\/28\/irving-ostaje-u-brooklynu-wall-prema-la-clippersima\/#primaryimage"},"image":{"@id":"https:\/\/radioljubuski.ba\/index.php\/2022\/06\/28\/irving-ostaje-u-brooklynu-wall-prema-la-clippersima\/#primaryimage"},"thumbnailUrl":"https:\/\/radioljubuski.ba\/wp-content\/uploads\/2022\/06\/2-2022-06-28-09-35-12-NBA.jpg","datePublished":"2022-06-28T11:49:40+00:00","dateModified":"2022-06-28T11:49:41+00:00","breadcrumb":{"@id":"https:\/\/radioljubuski.ba\/index.php\/2022\/06\/28\/irving-ostaje-u-brooklynu-wall-prema-la-clippersima\/#breadcrumb"},"inLanguage":"hr","potentialAction":[{"@type":"ReadAction","target":["https:\/\/radioljubuski.ba\/index.php\/2022\/06\/28\/irving-ostaje-u-brooklynu-wall-prema-la-clippersima\/"]}]},{"@type":"ImageObject","inLanguage":"hr","@id":"https:\/\/radioljubuski.ba\/index.php\/2022\/06\/28\/irving-ostaje-u-brooklynu-wall-prema-la-clippersima\/#primaryimage","url":"https:\/\/radioljubuski.ba\/wp-content\/uploads\/2022\/06\/2-2022-06-28-09-35-12-NBA.jpg","contentUrl":"https:\/\/radioljubuski.ba\/wp-content\/uploads\/2022\/06\/2-2022-06-28-09-35-12-NBA.jpg","width":1000,"height":625},{"@type":"BreadcrumbList","@id":"https:\/\/radioljubuski.ba\/index.php\/2022\/06\/28\/irving-ostaje-u-brooklynu-wall-prema-la-clippersima\/#breadcrumb","itemListElement":[{"@type":"ListItem","position":1,"name":"Po\u010detna stranica","item":"https:\/\/radioljubuski.ba\/"},{"@type":"ListItem","position":2,"name":"Irving ostaje u Brooklynu, Wall prema LA Clippersima"}]},{"@type":"WebSite","@id":"https:\/\/radioljubuski.ba\/#website","url":"https:\/\/radioljubuski.ba\/","name":"Radio Ljubu\u0161ki","description":"Sun\u010dana frekvencija Hercegovine","publisher":{"@id":"https:\/\/radioljubuski.ba\/#organization"},"potentialAction":[{"@type":"SearchAction","target":{"@type":"EntryPoint","urlTemplate":"https:\/\/radioljubuski.ba\/?s={search_term_string}"},"query-input":{"@type":"PropertyValueSpecification","valueRequired":true,"valueName":"search_term_string"}}],"inLanguage":"hr"},{"@type":"Organization","@id":"https:\/\/radioljubuski.ba\/#organization","name":"Radio Ljubu\u0161ki","url":"https:\/\/radioljubuski.ba\/","logo":{"@type":"ImageObject","inLanguage":"hr","@id":"https:\/\/radioljubuski.ba\/#\/schema\/logo\/image\/","url":"https:\/\/radioljubuski.ba\/wp-content\/uploads\/2021\/02\/cropped-Radio_Ljubuski_logo1.jpg","contentUrl":"https:\/\/radioljubuski.ba\/wp-content\/uploads\/2021\/02\/cropped-Radio_Ljubuski_logo1.jpg","width":512,"height":512,"caption":"Radio Ljubu\u0161ki"},"image":{"@id":"https:\/\/radioljubuski.ba\/#\/schema\/logo\/image\/"},"sameAs":["https:\/\/www.facebook.com\/Radiio-Ljubuski-1490835324566332","https:\/\/x.com\/radioljubuski","https:\/\/hr.linkedin.com\/company\/radio-ljubuski","https:\/\/www.youtube.com\/channel\/UCHYaeO_n0Db3tjNGudGpXyw"]},{"@type":"Person","@id":"https:\/\/radioljubuski.ba\/#\/schema\/person\/19fc700381a780f69665d7956c469e3b","name":"Radio Ljubu\u0161ki"}]}},"_links":{"self":[{"href":"https:\/\/radioljubuski.ba\/index.php\/wp-json\/wp\/v2\/posts\/154445","targetHints":{"allow":["GET"]}}],"collection":[{"href":"https:\/\/radioljubuski.ba\/index.php\/wp-json\/wp\/v2\/posts"}],"about":[{"href":"https:\/\/radioljubuski.ba\/index.php\/wp-json\/wp\/v2\/types\/post"}],"author":[{"embeddable":true,"href":"https:\/\/radioljubuski.ba\/index.php\/wp-json\/wp\/v2\/users\/2"}],"replies":[{"embeddable":true,"href":"https:\/\/radioljubuski.ba\/index.php\/wp-json\/wp\/v2\/comments?post=154445"}],"version-history":[{"count":1,"href":"https:\/\/radioljubuski.ba\/index.php\/wp-json\/wp\/v2\/posts\/154445\/revisions"}],"predecessor-version":[{"id":154448,"href":"https:\/\/radioljubuski.ba\/index.php\/wp-json\/wp\/v2\/posts\/154445\/revisions\/154448"}],"wp:featuredmedia":[{"embeddable":true,"href":"https:\/\/radioljubuski.ba\/index.php\/wp-json\/wp\/v2\/media\/154446"}],"wp:attachment":[{"href":"https:\/\/radioljubuski.ba\/index.php\/wp-json\/wp\/v2\/media?parent=154445"}],"wp:term":[{"taxonomy":"category","embeddable":true,"href":"https:\/\/radioljubuski.ba\/index.php\/wp-json\/wp\/v2\/categories?post=154445"},{"taxonomy":"post_tag","embeddable":true,"href":"https:\/\/radioljubuski.ba\/index.php\/wp-json\/wp\/v2\/tags?post=154445"}],"curies":[{"name":"wp","href":"https:\/\/api.w.org\/{rel}","templated":true}]}}