{"id":154457,"date":"2022-06-28T12:54:40","date_gmt":"2022-06-28T11:54:40","guid":{"rendered":"https:\/\/radioljubuski.ba\/?p=154457"},"modified":"2022-06-28T12:54:41","modified_gmt":"2022-06-28T11:54:41","slug":"usao-mu-u-stan-pretukao-ga-i-izvrsio-premetacinu","status":"publish","type":"post","link":"https:\/\/radioljubuski.ba\/index.php\/2022\/06\/28\/usao-mu-u-stan-pretukao-ga-i-izvrsio-premetacinu\/","title":{"rendered":"U\u0161ao mu u stan, pretukao ga i izvr\u0161io premeta\u010dinu"},"content":{"rendered":"\n<p>Osoba \u010diji su inicijali S.R. iz Trebinja uhi\u0107ena je zbog sumnje da je upala u ku\u0107u, nanijela tjelesne povrede, te prijetila o\u0161te\u0107enoj osobi koja je slu\u010daj prijavila policiji, priop\u0107eno je iz trebinjske Policijske uprave.<\/p>\n\n\n\n<p>Iz policije navode da je navedena osoba osumnji\u010dena da je po\u010dinila krivi\u010dna djela tjelesna povreda, ugro\u017eavanje sigurnosti, naru\u0161avanje nepovredivosti stana i o\u0161te\u0107enje i oduzimanje tu\u0111e stvari.<\/p>\n\n\n\n<p>Policijskoj postaji Trebinje ju\u010der je o\u0161te\u0107ena osoba prijavila da mu je S.R. tijekom no\u0107i u\u0161ao u ku\u0107u, nanio povrede lica, izvr\u0161io premeta\u010dinu stvari po ku\u0107i i upu\u0107ivao rije\u010di prijetnje po \u017eivot i tijelo i imovinu.<\/p>\n\n\n\n<p>O svemu je informiran de\u017eurni tu\u017eitelj Okru\u017enog javnog tu\u017eiteljstva u Trebinju.&nbsp;<\/p>\n\n\n\n<p>Izvor:pogled.ba<\/p>\n","protected":false},"excerpt":{"rendered":"<p>Osoba \u010diji su inicijali S.R. iz Trebinja uhi\u0107ena je zbog sumnje da je upala u ku\u0107u, nanijela tjelesne povrede, te prijetila o\u0161te\u0107enoj osobi koja je slu\u010daj prijavila policiji, priop\u0107eno je iz trebinjske Policijske uprave. Iz policije navode da je navedena osoba osumnji\u010dena da je po\u010dinila krivi\u010dna djela tjelesna povreda, ugro\u017eavanje sigurnosti, naru\u0161avanje nepovredivosti stana i [&hellip;]<\/p>\n","protected":false},"author":2,"featured_media":118078,"comment_status":"closed","ping_status":"closed","sticky":false,"template":"","format":"standard","meta":{"h5ap_radio_sources":[],"footnotes":""},"categories":[1],"tags":[],"class_list":["post-154457","post","type-post","status-publish","format-standard","has-post-thumbnail","hentry","category-bihiregija"],"yoast_head":"<!-- This site is optimized with the Yoast SEO plugin v27.5 - https:\/\/yoast.com\/product\/yoast-seo-wordpress\/ -->\n<title>U\u0161ao mu u stan, pretukao ga i izvr\u0161io premeta\u010dinu - RADIO LJUBU\u0160KI<\/title>\n<meta name=\"robots\" content=\"index, follow, max-snippet:-1, max-image-preview:large, max-video-preview:-1\" \/>\n<link rel=\"canonical\" href=\"https:\/\/radioljubuski.ba\/index.php\/2022\/06\/28\/usao-mu-u-stan-pretukao-ga-i-izvrsio-premetacinu\/\" \/>\n<meta property=\"og:locale\" content=\"hr_HR\" \/>\n<meta property=\"og:type\" content=\"article\" \/>\n<meta property=\"og:title\" content=\"U\u0161ao mu u stan, pretukao ga i izvr\u0161io premeta\u010dinu - RADIO LJUBU\u0160KI\" \/>\n<meta property=\"og:description\" content=\"Osoba \u010diji su inicijali S.R. iz Trebinja uhi\u0107ena je zbog sumnje da je upala u ku\u0107u, nanijela tjelesne povrede, te prijetila o\u0161te\u0107enoj osobi koja je slu\u010daj prijavila policiji, priop\u0107eno je iz trebinjske Policijske uprave. Iz policije navode da je navedena osoba osumnji\u010dena da je po\u010dinila krivi\u010dna djela tjelesna povreda, ugro\u017eavanje sigurnosti, naru\u0161avanje nepovredivosti stana i [&hellip;]\" \/>\n<meta property=\"og:url\" content=\"https:\/\/radioljubuski.ba\/index.php\/2022\/06\/28\/usao-mu-u-stan-pretukao-ga-i-izvrsio-premetacinu\/\" \/>\n<meta property=\"og:site_name\" content=\"RADIO LJUBU\u0160KI\" \/>\n<meta property=\"article:publisher\" content=\"https:\/\/www.facebook.com\/Radiio-Ljubuski-1490835324566332\" \/>\n<meta property=\"article:published_time\" content=\"2022-06-28T11:54:40+00:00\" \/>\n<meta property=\"article:modified_time\" content=\"2022-06-28T11:54:41+00:00\" \/>\n<meta property=\"og:image\" content=\"https:\/\/radioljubuski.ba\/wp-content\/uploads\/2022\/03\/BacUhdA9_saka.jpg\" \/>\n\t<meta property=\"og:image:width\" content=\"1000\" \/>\n\t<meta property=\"og:image:height\" content=\"625\" \/>\n\t<meta property=\"og:image:type\" content=\"image\/jpeg\" \/>\n<meta name=\"author\" content=\"Radio Ljubu\u0161ki\" \/>\n<meta name=\"twitter:card\" content=\"summary_large_image\" \/>\n<meta name=\"twitter:creator\" content=\"@radioljubuski\" \/>\n<meta name=\"twitter:site\" content=\"@radioljubuski\" \/>\n<meta name=\"twitter:label1\" content=\"Napisao\/la\" \/>\n\t<meta name=\"twitter:data1\" content=\"Radio Ljubu\u0161ki\" \/>\n\t<meta name=\"twitter:label2\" content=\"Procijenjeno vrijeme \u010ditanja\" \/>\n\t<meta name=\"twitter:data2\" content=\"1 minuta\" \/>\n<script type=\"application\/ld+json\" class=\"yoast-schema-graph\">{\"@context\":\"https:\\\/\\\/schema.org\",\"@graph\":[{\"@type\":\"Article\",\"@id\":\"https:\\\/\\\/radioljubuski.ba\\\/index.php\\\/2022\\\/06\\\/28\\\/usao-mu-u-stan-pretukao-ga-i-izvrsio-premetacinu\\\/#article\",\"isPartOf\":{\"@id\":\"https:\\\/\\\/radioljubuski.ba\\\/index.php\\\/2022\\\/06\\\/28\\\/usao-mu-u-stan-pretukao-ga-i-izvrsio-premetacinu\\\/\"},\"author\":{\"name\":\"Radio Ljubu\u0161ki\",\"@id\":\"https:\\\/\\\/radioljubuski.ba\\\/#\\\/schema\\\/person\\\/19fc700381a780f69665d7956c469e3b\"},\"headline\":\"U\u0161ao mu u stan, pretukao ga i izvr\u0161io premeta\u010dinu\",\"datePublished\":\"2022-06-28T11:54:40+00:00\",\"dateModified\":\"2022-06-28T11:54:41+00:00\",\"mainEntityOfPage\":{\"@id\":\"https:\\\/\\\/radioljubuski.ba\\\/index.php\\\/2022\\\/06\\\/28\\\/usao-mu-u-stan-pretukao-ga-i-izvrsio-premetacinu\\\/\"},\"wordCount\":153,\"publisher\":{\"@id\":\"https:\\\/\\\/radioljubuski.ba\\\/#organization\"},\"image\":{\"@id\":\"https:\\\/\\\/radioljubuski.ba\\\/index.php\\\/2022\\\/06\\\/28\\\/usao-mu-u-stan-pretukao-ga-i-izvrsio-premetacinu\\\/#primaryimage\"},\"thumbnailUrl\":\"https:\\\/\\\/radioljubuski.ba\\\/wp-content\\\/uploads\\\/2022\\\/03\\\/BacUhdA9_saka.jpg\",\"articleSection\":[\"BIH i regija\"],\"inLanguage\":\"hr\"},{\"@type\":\"WebPage\",\"@id\":\"https:\\\/\\\/radioljubuski.ba\\\/index.php\\\/2022\\\/06\\\/28\\\/usao-mu-u-stan-pretukao-ga-i-izvrsio-premetacinu\\\/\",\"url\":\"https:\\\/\\\/radioljubuski.ba\\\/index.php\\\/2022\\\/06\\\/28\\\/usao-mu-u-stan-pretukao-ga-i-izvrsio-premetacinu\\\/\",\"name\":\"U\u0161ao mu u stan, pretukao ga i izvr\u0161io premeta\u010dinu - RADIO LJUBU\u0160KI\",\"isPartOf\":{\"@id\":\"https:\\\/\\\/radioljubuski.ba\\\/#website\"},\"primaryImageOfPage\":{\"@id\":\"https:\\\/\\\/radioljubuski.ba\\\/index.php\\\/2022\\\/06\\\/28\\\/usao-mu-u-stan-pretukao-ga-i-izvrsio-premetacinu\\\/#primaryimage\"},\"image\":{\"@id\":\"https:\\\/\\\/radioljubuski.ba\\\/index.php\\\/2022\\\/06\\\/28\\\/usao-mu-u-stan-pretukao-ga-i-izvrsio-premetacinu\\\/#primaryimage\"},\"thumbnailUrl\":\"https:\\\/\\\/radioljubuski.ba\\\/wp-content\\\/uploads\\\/2022\\\/03\\\/BacUhdA9_saka.jpg\",\"datePublished\":\"2022-06-28T11:54:40+00:00\",\"dateModified\":\"2022-06-28T11:54:41+00:00\",\"breadcrumb\":{\"@id\":\"https:\\\/\\\/radioljubuski.ba\\\/index.php\\\/2022\\\/06\\\/28\\\/usao-mu-u-stan-pretukao-ga-i-izvrsio-premetacinu\\\/#breadcrumb\"},\"inLanguage\":\"hr\",\"potentialAction\":[{\"@type\":\"ReadAction\",\"target\":[\"https:\\\/\\\/radioljubuski.ba\\\/index.php\\\/2022\\\/06\\\/28\\\/usao-mu-u-stan-pretukao-ga-i-izvrsio-premetacinu\\\/\"]}]},{\"@type\":\"ImageObject\",\"inLanguage\":\"hr\",\"@id\":\"https:\\\/\\\/radioljubuski.ba\\\/index.php\\\/2022\\\/06\\\/28\\\/usao-mu-u-stan-pretukao-ga-i-izvrsio-premetacinu\\\/#primaryimage\",\"url\":\"https:\\\/\\\/radioljubuski.ba\\\/wp-content\\\/uploads\\\/2022\\\/03\\\/BacUhdA9_saka.jpg\",\"contentUrl\":\"https:\\\/\\\/radioljubuski.ba\\\/wp-content\\\/uploads\\\/2022\\\/03\\\/BacUhdA9_saka.jpg\",\"width\":1000,\"height\":625},{\"@type\":\"BreadcrumbList\",\"@id\":\"https:\\\/\\\/radioljubuski.ba\\\/index.php\\\/2022\\\/06\\\/28\\\/usao-mu-u-stan-pretukao-ga-i-izvrsio-premetacinu\\\/#breadcrumb\",\"itemListElement\":[{\"@type\":\"ListItem\",\"position\":1,\"name\":\"Po\u010detna stranica\",\"item\":\"https:\\\/\\\/radioljubuski.ba\\\/\"},{\"@type\":\"ListItem\",\"position\":2,\"name\":\"U\u0161ao mu u stan, pretukao ga i izvr\u0161io premeta\u010dinu\"}]},{\"@type\":\"WebSite\",\"@id\":\"https:\\\/\\\/radioljubuski.ba\\\/#website\",\"url\":\"https:\\\/\\\/radioljubuski.ba\\\/\",\"name\":\"Radio Ljubu\u0161ki\",\"description\":\"Sun\u010dana frekvencija Hercegovine\",\"publisher\":{\"@id\":\"https:\\\/\\\/radioljubuski.ba\\\/#organization\"},\"potentialAction\":[{\"@type\":\"SearchAction\",\"target\":{\"@type\":\"EntryPoint\",\"urlTemplate\":\"https:\\\/\\\/radioljubuski.ba\\\/?s={search_term_string}\"},\"query-input\":{\"@type\":\"PropertyValueSpecification\",\"valueRequired\":true,\"valueName\":\"search_term_string\"}}],\"inLanguage\":\"hr\"},{\"@type\":\"Organization\",\"@id\":\"https:\\\/\\\/radioljubuski.ba\\\/#organization\",\"name\":\"Radio Ljubu\u0161ki\",\"url\":\"https:\\\/\\\/radioljubuski.ba\\\/\",\"logo\":{\"@type\":\"ImageObject\",\"inLanguage\":\"hr\",\"@id\":\"https:\\\/\\\/radioljubuski.ba\\\/#\\\/schema\\\/logo\\\/image\\\/\",\"url\":\"https:\\\/\\\/radioljubuski.ba\\\/wp-content\\\/uploads\\\/2021\\\/02\\\/cropped-Radio_Ljubuski_logo1.jpg\",\"contentUrl\":\"https:\\\/\\\/radioljubuski.ba\\\/wp-content\\\/uploads\\\/2021\\\/02\\\/cropped-Radio_Ljubuski_logo1.jpg\",\"width\":512,\"height\":512,\"caption\":\"Radio Ljubu\u0161ki\"},\"image\":{\"@id\":\"https:\\\/\\\/radioljubuski.ba\\\/#\\\/schema\\\/logo\\\/image\\\/\"},\"sameAs\":[\"https:\\\/\\\/www.facebook.com\\\/Radiio-Ljubuski-1490835324566332\",\"https:\\\/\\\/x.com\\\/radioljubuski\",\"https:\\\/\\\/hr.linkedin.com\\\/company\\\/radio-ljubuski\",\"https:\\\/\\\/www.youtube.com\\\/channel\\\/UCHYaeO_n0Db3tjNGudGpXyw\"]},{\"@type\":\"Person\",\"@id\":\"https:\\\/\\\/radioljubuski.ba\\\/#\\\/schema\\\/person\\\/19fc700381a780f69665d7956c469e3b\",\"name\":\"Radio Ljubu\u0161ki\"}]}<\/script>\n<!-- \/ Yoast SEO plugin. -->","yoast_head_json":{"title":"U\u0161ao mu u stan, pretukao ga i izvr\u0161io premeta\u010dinu - RADIO LJUBU\u0160KI","robots":{"index":"index","follow":"follow","max-snippet":"max-snippet:-1","max-image-preview":"max-image-preview:large","max-video-preview":"max-video-preview:-1"},"canonical":"https:\/\/radioljubuski.ba\/index.php\/2022\/06\/28\/usao-mu-u-stan-pretukao-ga-i-izvrsio-premetacinu\/","og_locale":"hr_HR","og_type":"article","og_title":"U\u0161ao mu u stan, pretukao ga i izvr\u0161io premeta\u010dinu - RADIO LJUBU\u0160KI","og_description":"Osoba \u010diji su inicijali S.R. iz Trebinja uhi\u0107ena je zbog sumnje da je upala u ku\u0107u, nanijela tjelesne povrede, te prijetila o\u0161te\u0107enoj osobi koja je slu\u010daj prijavila policiji, priop\u0107eno je iz trebinjske Policijske uprave. Iz policije navode da je navedena osoba osumnji\u010dena da je po\u010dinila krivi\u010dna djela tjelesna povreda, ugro\u017eavanje sigurnosti, naru\u0161avanje nepovredivosti stana i [&hellip;]","og_url":"https:\/\/radioljubuski.ba\/index.php\/2022\/06\/28\/usao-mu-u-stan-pretukao-ga-i-izvrsio-premetacinu\/","og_site_name":"RADIO LJUBU\u0160KI","article_publisher":"https:\/\/www.facebook.com\/Radiio-Ljubuski-1490835324566332","article_published_time":"2022-06-28T11:54:40+00:00","article_modified_time":"2022-06-28T11:54:41+00:00","og_image":[{"width":1000,"height":625,"url":"https:\/\/radioljubuski.ba\/wp-content\/uploads\/2022\/03\/BacUhdA9_saka.jpg","type":"image\/jpeg"}],"author":"Radio Ljubu\u0161ki","twitter_card":"summary_large_image","twitter_creator":"@radioljubuski","twitter_site":"@radioljubuski","twitter_misc":{"Napisao\/la":"Radio Ljubu\u0161ki","Procijenjeno vrijeme \u010ditanja":"1 minuta"},"schema":{"@context":"https:\/\/schema.org","@graph":[{"@type":"Article","@id":"https:\/\/radioljubuski.ba\/index.php\/2022\/06\/28\/usao-mu-u-stan-pretukao-ga-i-izvrsio-premetacinu\/#article","isPartOf":{"@id":"https:\/\/radioljubuski.ba\/index.php\/2022\/06\/28\/usao-mu-u-stan-pretukao-ga-i-izvrsio-premetacinu\/"},"author":{"name":"Radio Ljubu\u0161ki","@id":"https:\/\/radioljubuski.ba\/#\/schema\/person\/19fc700381a780f69665d7956c469e3b"},"headline":"U\u0161ao mu u stan, pretukao ga i izvr\u0161io premeta\u010dinu","datePublished":"2022-06-28T11:54:40+00:00","dateModified":"2022-06-28T11:54:41+00:00","mainEntityOfPage":{"@id":"https:\/\/radioljubuski.ba\/index.php\/2022\/06\/28\/usao-mu-u-stan-pretukao-ga-i-izvrsio-premetacinu\/"},"wordCount":153,"publisher":{"@id":"https:\/\/radioljubuski.ba\/#organization"},"image":{"@id":"https:\/\/radioljubuski.ba\/index.php\/2022\/06\/28\/usao-mu-u-stan-pretukao-ga-i-izvrsio-premetacinu\/#primaryimage"},"thumbnailUrl":"https:\/\/radioljubuski.ba\/wp-content\/uploads\/2022\/03\/BacUhdA9_saka.jpg","articleSection":["BIH i regija"],"inLanguage":"hr"},{"@type":"WebPage","@id":"https:\/\/radioljubuski.ba\/index.php\/2022\/06\/28\/usao-mu-u-stan-pretukao-ga-i-izvrsio-premetacinu\/","url":"https:\/\/radioljubuski.ba\/index.php\/2022\/06\/28\/usao-mu-u-stan-pretukao-ga-i-izvrsio-premetacinu\/","name":"U\u0161ao mu u stan, pretukao ga i izvr\u0161io premeta\u010dinu - RADIO LJUBU\u0160KI","isPartOf":{"@id":"https:\/\/radioljubuski.ba\/#website"},"primaryImageOfPage":{"@id":"https:\/\/radioljubuski.ba\/index.php\/2022\/06\/28\/usao-mu-u-stan-pretukao-ga-i-izvrsio-premetacinu\/#primaryimage"},"image":{"@id":"https:\/\/radioljubuski.ba\/index.php\/2022\/06\/28\/usao-mu-u-stan-pretukao-ga-i-izvrsio-premetacinu\/#primaryimage"},"thumbnailUrl":"https:\/\/radioljubuski.ba\/wp-content\/uploads\/2022\/03\/BacUhdA9_saka.jpg","datePublished":"2022-06-28T11:54:40+00:00","dateModified":"2022-06-28T11:54:41+00:00","breadcrumb":{"@id":"https:\/\/radioljubuski.ba\/index.php\/2022\/06\/28\/usao-mu-u-stan-pretukao-ga-i-izvrsio-premetacinu\/#breadcrumb"},"inLanguage":"hr","potentialAction":[{"@type":"ReadAction","target":["https:\/\/radioljubuski.ba\/index.php\/2022\/06\/28\/usao-mu-u-stan-pretukao-ga-i-izvrsio-premetacinu\/"]}]},{"@type":"ImageObject","inLanguage":"hr","@id":"https:\/\/radioljubuski.ba\/index.php\/2022\/06\/28\/usao-mu-u-stan-pretukao-ga-i-izvrsio-premetacinu\/#primaryimage","url":"https:\/\/radioljubuski.ba\/wp-content\/uploads\/2022\/03\/BacUhdA9_saka.jpg","contentUrl":"https:\/\/radioljubuski.ba\/wp-content\/uploads\/2022\/03\/BacUhdA9_saka.jpg","width":1000,"height":625},{"@type":"BreadcrumbList","@id":"https:\/\/radioljubuski.ba\/index.php\/2022\/06\/28\/usao-mu-u-stan-pretukao-ga-i-izvrsio-premetacinu\/#breadcrumb","itemListElement":[{"@type":"ListItem","position":1,"name":"Po\u010detna stranica","item":"https:\/\/radioljubuski.ba\/"},{"@type":"ListItem","position":2,"name":"U\u0161ao mu u stan, pretukao ga i izvr\u0161io premeta\u010dinu"}]},{"@type":"WebSite","@id":"https:\/\/radioljubuski.ba\/#website","url":"https:\/\/radioljubuski.ba\/","name":"Radio Ljubu\u0161ki","description":"Sun\u010dana frekvencija Hercegovine","publisher":{"@id":"https:\/\/radioljubuski.ba\/#organization"},"potentialAction":[{"@type":"SearchAction","target":{"@type":"EntryPoint","urlTemplate":"https:\/\/radioljubuski.ba\/?s={search_term_string}"},"query-input":{"@type":"PropertyValueSpecification","valueRequired":true,"valueName":"search_term_string"}}],"inLanguage":"hr"},{"@type":"Organization","@id":"https:\/\/radioljubuski.ba\/#organization","name":"Radio Ljubu\u0161ki","url":"https:\/\/radioljubuski.ba\/","logo":{"@type":"ImageObject","inLanguage":"hr","@id":"https:\/\/radioljubuski.ba\/#\/schema\/logo\/image\/","url":"https:\/\/radioljubuski.ba\/wp-content\/uploads\/2021\/02\/cropped-Radio_Ljubuski_logo1.jpg","contentUrl":"https:\/\/radioljubuski.ba\/wp-content\/uploads\/2021\/02\/cropped-Radio_Ljubuski_logo1.jpg","width":512,"height":512,"caption":"Radio Ljubu\u0161ki"},"image":{"@id":"https:\/\/radioljubuski.ba\/#\/schema\/logo\/image\/"},"sameAs":["https:\/\/www.facebook.com\/Radiio-Ljubuski-1490835324566332","https:\/\/x.com\/radioljubuski","https:\/\/hr.linkedin.com\/company\/radio-ljubuski","https:\/\/www.youtube.com\/channel\/UCHYaeO_n0Db3tjNGudGpXyw"]},{"@type":"Person","@id":"https:\/\/radioljubuski.ba\/#\/schema\/person\/19fc700381a780f69665d7956c469e3b","name":"Radio Ljubu\u0161ki"}]}},"_links":{"self":[{"href":"https:\/\/radioljubuski.ba\/index.php\/wp-json\/wp\/v2\/posts\/154457","targetHints":{"allow":["GET"]}}],"collection":[{"href":"https:\/\/radioljubuski.ba\/index.php\/wp-json\/wp\/v2\/posts"}],"about":[{"href":"https:\/\/radioljubuski.ba\/index.php\/wp-json\/wp\/v2\/types\/post"}],"author":[{"embeddable":true,"href":"https:\/\/radioljubuski.ba\/index.php\/wp-json\/wp\/v2\/users\/2"}],"replies":[{"embeddable":true,"href":"https:\/\/radioljubuski.ba\/index.php\/wp-json\/wp\/v2\/comments?post=154457"}],"version-history":[{"count":1,"href":"https:\/\/radioljubuski.ba\/index.php\/wp-json\/wp\/v2\/posts\/154457\/revisions"}],"predecessor-version":[{"id":154459,"href":"https:\/\/radioljubuski.ba\/index.php\/wp-json\/wp\/v2\/posts\/154457\/revisions\/154459"}],"wp:featuredmedia":[{"embeddable":true,"href":"https:\/\/radioljubuski.ba\/index.php\/wp-json\/wp\/v2\/media\/118078"}],"wp:attachment":[{"href":"https:\/\/radioljubuski.ba\/index.php\/wp-json\/wp\/v2\/media?parent=154457"}],"wp:term":[{"taxonomy":"category","embeddable":true,"href":"https:\/\/radioljubuski.ba\/index.php\/wp-json\/wp\/v2\/categories?post=154457"},{"taxonomy":"post_tag","embeddable":true,"href":"https:\/\/radioljubuski.ba\/index.php\/wp-json\/wp\/v2\/tags?post=154457"}],"curies":[{"name":"wp","href":"https:\/\/api.w.org\/{rel}","templated":true}]}}