{"id":154464,"date":"2022-06-28T12:57:16","date_gmt":"2022-06-28T11:57:16","guid":{"rendered":"https:\/\/radioljubuski.ba\/?p=154464"},"modified":"2022-06-28T12:57:23","modified_gmt":"2022-06-28T11:57:23","slug":"diljem-hrvatske-biti-ce-obiljezena-godisnjica-genocida-u-srebrenici","status":"publish","type":"post","link":"https:\/\/radioljubuski.ba\/index.php\/2022\/06\/28\/diljem-hrvatske-biti-ce-obiljezena-godisnjica-genocida-u-srebrenici\/","title":{"rendered":"Diljem Hrvatske bit \u0107e obilje\u017eena godi\u0161njica genocida u Srebrenici"},"content":{"rendered":"\n<p>Povodom obilje\u017eavanja Dana sje\u0107anja na genocid u Srebrenici, u organizaciji Sabora bo\u0161nja\u010dkih asocijacija Hrvatske i Udruge Bo\u0161njaka branitelja Domovinskog rata Hrvatske bit \u0107e odr\u017eano nekoliko manifestacija.<\/p>\n\n\n\n<p>Tim povodom odr\u017eat \u0107e se biciklisti\u010dki maraton Vukovar \u2013 Biha\u0107 \u2013 Srebrenica, koji \u0107e po\u010deti u nedjelju, 3. srpnja u 17 sati odavanjem po\u010dasti na Ov\u010dari (Vukovar). Dan kasnije, 4. srpnja u planu je dionica Vukovar \u2013 Slavonski Brod (dolazak u Slavonski Brod oko 17 sati), a u utorak, 5. srpnja,<br>dionica Slavonski Brod \u2013 Jasenovac. U 17 sati planirano je odavanje po\u010dasti ubijenim u logoru Jasenovac.<\/p>\n\n\n\n<p>U srijedu, 6. srpnja pre\u0107i \u0107e se dionica Novska \u2013 Biha\u0107. Dolazak u Biha\u0107 planiran je oko 17 sati i priklju\u010denje sudionicima biciklisti\u010dkog maratona Biha\u0107 \u2013 Srebrenica.<\/p>\n\n\n\n<p>Osim toga, u srijedu, 6. srpnja, odr\u017eat \u0107e se komemorativni skup u maloj vije\u0107nici Hrvatskog sabora u Zagrebu.<\/p>\n\n\n\n<p>Komemorativni skup je pod visokim pokroviteljstvom predsjednika Hrvatskog sabora Gordana Jandrokovi\u0107a, a inicijativu za njegovo odr\u017eavanje dao je Sabor bo\u0161nja\u010dkih asocijacija Hrvatske, Udruga Bo\u0161njaka branitelja Domovinskog rata Hrvatske i saborska zastupnica Ermina Lekaj Prljaskaj.<\/p>\n\n\n\n<p>Tako\u0111er, u nedjelju, 10. srpnja odr\u017eat \u0107e se &#8220;Mimohod 8372\u201c ulicama grada Splita nakon kojeg je planiran koncert &#8220;Ratna rapsodija\u201c autora prof. Semira Hasi\u0107a uz simfonijski orkestar i solisticu na violini Nataliju Stanisavljevi\u0107, a nastupit \u0107e i \u017eenska klapa KUD Salona. Koncert \u0107e biti odr\u017ean ispred HNK Split.<\/p>\n\n\n\n<p>Organizatori tog doga\u0111aja su Vije\u0107e bo\u0161nja\u010dke nacionalne manjine u Splitsko-dalmatinskoj \u017eupaniji, Vije\u0107e bo\u0161nja\u010dke nacionalne manjine Grada Splita, Udruga Bo\u0161njaka branitelja Domovinskog rata Hrvatske ogranaka za Grad Split i Splitsko-dalmatinsku \u017eupaniju i KDB Preporod Split. Manifestaciju su financijski i logisti\u010dki podr\u017eali Splitsko-dalmatinska \u017eupanija, Grad Split i HNK Split.<\/p>\n\n\n\n<p>Izvor.pogled.ba<\/p>\n","protected":false},"excerpt":{"rendered":"<p>Povodom obilje\u017eavanja Dana sje\u0107anja na genocid u Srebrenici, u organizaciji Sabora bo\u0161nja\u010dkih asocijacija Hrvatske i Udruge Bo\u0161njaka branitelja Domovinskog rata Hrvatske bit \u0107e odr\u017eano nekoliko manifestacija. Tim povodom odr\u017eat \u0107e se biciklisti\u010dki maraton Vukovar \u2013 Biha\u0107 \u2013 Srebrenica, koji \u0107e po\u010deti u nedjelju, 3. srpnja u 17 sati odavanjem po\u010dasti na Ov\u010dari (Vukovar). Dan kasnije, [&hellip;]<\/p>\n","protected":false},"author":2,"featured_media":154465,"comment_status":"closed","ping_status":"closed","sticky":false,"template":"","format":"standard","meta":{"h5ap_radio_sources":[],"footnotes":""},"categories":[1],"tags":[],"class_list":["post-154464","post","type-post","status-publish","format-standard","has-post-thumbnail","hentry","category-bihiregija"],"yoast_head":"<!-- This site is optimized with the Yoast SEO plugin v27.5 - https:\/\/yoast.com\/product\/yoast-seo-wordpress\/ -->\n<title>Diljem Hrvatske bit \u0107e obilje\u017eena godi\u0161njica genocida u Srebrenici - RADIO LJUBU\u0160KI<\/title>\n<meta name=\"robots\" content=\"index, follow, max-snippet:-1, max-image-preview:large, max-video-preview:-1\" \/>\n<link rel=\"canonical\" href=\"https:\/\/radioljubuski.ba\/index.php\/2022\/06\/28\/diljem-hrvatske-biti-ce-obiljezena-godisnjica-genocida-u-srebrenici\/\" \/>\n<meta property=\"og:locale\" content=\"hr_HR\" \/>\n<meta property=\"og:type\" content=\"article\" \/>\n<meta property=\"og:title\" content=\"Diljem Hrvatske bit \u0107e obilje\u017eena godi\u0161njica genocida u Srebrenici - RADIO LJUBU\u0160KI\" \/>\n<meta property=\"og:description\" content=\"Povodom obilje\u017eavanja Dana sje\u0107anja na genocid u Srebrenici, u organizaciji Sabora bo\u0161nja\u010dkih asocijacija Hrvatske i Udruge Bo\u0161njaka branitelja Domovinskog rata Hrvatske bit \u0107e odr\u017eano nekoliko manifestacija. Tim povodom odr\u017eat \u0107e se biciklisti\u010dki maraton Vukovar \u2013 Biha\u0107 \u2013 Srebrenica, koji \u0107e po\u010deti u nedjelju, 3. srpnja u 17 sati odavanjem po\u010dasti na Ov\u010dari (Vukovar). Dan kasnije, [&hellip;]\" \/>\n<meta property=\"og:url\" content=\"https:\/\/radioljubuski.ba\/index.php\/2022\/06\/28\/diljem-hrvatske-biti-ce-obiljezena-godisnjica-genocida-u-srebrenici\/\" \/>\n<meta property=\"og:site_name\" content=\"RADIO LJUBU\u0160KI\" \/>\n<meta property=\"article:publisher\" content=\"https:\/\/www.facebook.com\/Radiio-Ljubuski-1490835324566332\" \/>\n<meta property=\"article:published_time\" content=\"2022-06-28T11:57:16+00:00\" \/>\n<meta property=\"article:modified_time\" content=\"2022-06-28T11:57:23+00:00\" \/>\n<meta property=\"og:image\" content=\"https:\/\/radioljubuski.ba\/wp-content\/uploads\/2022\/06\/2-2022-06-28-10-04-55-srebrenica.jpg\" \/>\n\t<meta property=\"og:image:width\" content=\"1000\" \/>\n\t<meta property=\"og:image:height\" content=\"625\" \/>\n\t<meta property=\"og:image:type\" content=\"image\/jpeg\" \/>\n<meta name=\"author\" content=\"Radio Ljubu\u0161ki\" \/>\n<meta name=\"twitter:card\" content=\"summary_large_image\" \/>\n<meta name=\"twitter:creator\" content=\"@radioljubuski\" \/>\n<meta name=\"twitter:site\" content=\"@radioljubuski\" \/>\n<meta name=\"twitter:label1\" content=\"Napisao\/la\" \/>\n\t<meta name=\"twitter:data1\" content=\"Radio Ljubu\u0161ki\" \/>\n\t<meta name=\"twitter:label2\" content=\"Procijenjeno vrijeme \u010ditanja\" \/>\n\t<meta name=\"twitter:data2\" content=\"2 minute\" \/>\n<script type=\"application\/ld+json\" class=\"yoast-schema-graph\">{\"@context\":\"https:\\\/\\\/schema.org\",\"@graph\":[{\"@type\":\"Article\",\"@id\":\"https:\\\/\\\/radioljubuski.ba\\\/index.php\\\/2022\\\/06\\\/28\\\/diljem-hrvatske-biti-ce-obiljezena-godisnjica-genocida-u-srebrenici\\\/#article\",\"isPartOf\":{\"@id\":\"https:\\\/\\\/radioljubuski.ba\\\/index.php\\\/2022\\\/06\\\/28\\\/diljem-hrvatske-biti-ce-obiljezena-godisnjica-genocida-u-srebrenici\\\/\"},\"author\":{\"name\":\"Radio Ljubu\u0161ki\",\"@id\":\"https:\\\/\\\/radioljubuski.ba\\\/#\\\/schema\\\/person\\\/19fc700381a780f69665d7956c469e3b\"},\"headline\":\"Diljem Hrvatske bit \u0107e obilje\u017eena godi\u0161njica genocida u Srebrenici\",\"datePublished\":\"2022-06-28T11:57:16+00:00\",\"dateModified\":\"2022-06-28T11:57:23+00:00\",\"mainEntityOfPage\":{\"@id\":\"https:\\\/\\\/radioljubuski.ba\\\/index.php\\\/2022\\\/06\\\/28\\\/diljem-hrvatske-biti-ce-obiljezena-godisnjica-genocida-u-srebrenici\\\/\"},\"wordCount\":300,\"publisher\":{\"@id\":\"https:\\\/\\\/radioljubuski.ba\\\/#organization\"},\"image\":{\"@id\":\"https:\\\/\\\/radioljubuski.ba\\\/index.php\\\/2022\\\/06\\\/28\\\/diljem-hrvatske-biti-ce-obiljezena-godisnjica-genocida-u-srebrenici\\\/#primaryimage\"},\"thumbnailUrl\":\"https:\\\/\\\/radioljubuski.ba\\\/wp-content\\\/uploads\\\/2022\\\/06\\\/2-2022-06-28-10-04-55-srebrenica.jpg\",\"articleSection\":[\"BIH i regija\"],\"inLanguage\":\"hr\"},{\"@type\":\"WebPage\",\"@id\":\"https:\\\/\\\/radioljubuski.ba\\\/index.php\\\/2022\\\/06\\\/28\\\/diljem-hrvatske-biti-ce-obiljezena-godisnjica-genocida-u-srebrenici\\\/\",\"url\":\"https:\\\/\\\/radioljubuski.ba\\\/index.php\\\/2022\\\/06\\\/28\\\/diljem-hrvatske-biti-ce-obiljezena-godisnjica-genocida-u-srebrenici\\\/\",\"name\":\"Diljem Hrvatske bit \u0107e obilje\u017eena godi\u0161njica genocida u Srebrenici - RADIO LJUBU\u0160KI\",\"isPartOf\":{\"@id\":\"https:\\\/\\\/radioljubuski.ba\\\/#website\"},\"primaryImageOfPage\":{\"@id\":\"https:\\\/\\\/radioljubuski.ba\\\/index.php\\\/2022\\\/06\\\/28\\\/diljem-hrvatske-biti-ce-obiljezena-godisnjica-genocida-u-srebrenici\\\/#primaryimage\"},\"image\":{\"@id\":\"https:\\\/\\\/radioljubuski.ba\\\/index.php\\\/2022\\\/06\\\/28\\\/diljem-hrvatske-biti-ce-obiljezena-godisnjica-genocida-u-srebrenici\\\/#primaryimage\"},\"thumbnailUrl\":\"https:\\\/\\\/radioljubuski.ba\\\/wp-content\\\/uploads\\\/2022\\\/06\\\/2-2022-06-28-10-04-55-srebrenica.jpg\",\"datePublished\":\"2022-06-28T11:57:16+00:00\",\"dateModified\":\"2022-06-28T11:57:23+00:00\",\"breadcrumb\":{\"@id\":\"https:\\\/\\\/radioljubuski.ba\\\/index.php\\\/2022\\\/06\\\/28\\\/diljem-hrvatske-biti-ce-obiljezena-godisnjica-genocida-u-srebrenici\\\/#breadcrumb\"},\"inLanguage\":\"hr\",\"potentialAction\":[{\"@type\":\"ReadAction\",\"target\":[\"https:\\\/\\\/radioljubuski.ba\\\/index.php\\\/2022\\\/06\\\/28\\\/diljem-hrvatske-biti-ce-obiljezena-godisnjica-genocida-u-srebrenici\\\/\"]}]},{\"@type\":\"ImageObject\",\"inLanguage\":\"hr\",\"@id\":\"https:\\\/\\\/radioljubuski.ba\\\/index.php\\\/2022\\\/06\\\/28\\\/diljem-hrvatske-biti-ce-obiljezena-godisnjica-genocida-u-srebrenici\\\/#primaryimage\",\"url\":\"https:\\\/\\\/radioljubuski.ba\\\/wp-content\\\/uploads\\\/2022\\\/06\\\/2-2022-06-28-10-04-55-srebrenica.jpg\",\"contentUrl\":\"https:\\\/\\\/radioljubuski.ba\\\/wp-content\\\/uploads\\\/2022\\\/06\\\/2-2022-06-28-10-04-55-srebrenica.jpg\",\"width\":1000,\"height\":625},{\"@type\":\"BreadcrumbList\",\"@id\":\"https:\\\/\\\/radioljubuski.ba\\\/index.php\\\/2022\\\/06\\\/28\\\/diljem-hrvatske-biti-ce-obiljezena-godisnjica-genocida-u-srebrenici\\\/#breadcrumb\",\"itemListElement\":[{\"@type\":\"ListItem\",\"position\":1,\"name\":\"Po\u010detna stranica\",\"item\":\"https:\\\/\\\/radioljubuski.ba\\\/\"},{\"@type\":\"ListItem\",\"position\":2,\"name\":\"Diljem Hrvatske bit \u0107e obilje\u017eena godi\u0161njica genocida u Srebrenici\"}]},{\"@type\":\"WebSite\",\"@id\":\"https:\\\/\\\/radioljubuski.ba\\\/#website\",\"url\":\"https:\\\/\\\/radioljubuski.ba\\\/\",\"name\":\"Radio Ljubu\u0161ki\",\"description\":\"Sun\u010dana frekvencija Hercegovine\",\"publisher\":{\"@id\":\"https:\\\/\\\/radioljubuski.ba\\\/#organization\"},\"potentialAction\":[{\"@type\":\"SearchAction\",\"target\":{\"@type\":\"EntryPoint\",\"urlTemplate\":\"https:\\\/\\\/radioljubuski.ba\\\/?s={search_term_string}\"},\"query-input\":{\"@type\":\"PropertyValueSpecification\",\"valueRequired\":true,\"valueName\":\"search_term_string\"}}],\"inLanguage\":\"hr\"},{\"@type\":\"Organization\",\"@id\":\"https:\\\/\\\/radioljubuski.ba\\\/#organization\",\"name\":\"Radio Ljubu\u0161ki\",\"url\":\"https:\\\/\\\/radioljubuski.ba\\\/\",\"logo\":{\"@type\":\"ImageObject\",\"inLanguage\":\"hr\",\"@id\":\"https:\\\/\\\/radioljubuski.ba\\\/#\\\/schema\\\/logo\\\/image\\\/\",\"url\":\"https:\\\/\\\/radioljubuski.ba\\\/wp-content\\\/uploads\\\/2021\\\/02\\\/cropped-Radio_Ljubuski_logo1.jpg\",\"contentUrl\":\"https:\\\/\\\/radioljubuski.ba\\\/wp-content\\\/uploads\\\/2021\\\/02\\\/cropped-Radio_Ljubuski_logo1.jpg\",\"width\":512,\"height\":512,\"caption\":\"Radio Ljubu\u0161ki\"},\"image\":{\"@id\":\"https:\\\/\\\/radioljubuski.ba\\\/#\\\/schema\\\/logo\\\/image\\\/\"},\"sameAs\":[\"https:\\\/\\\/www.facebook.com\\\/Radiio-Ljubuski-1490835324566332\",\"https:\\\/\\\/x.com\\\/radioljubuski\",\"https:\\\/\\\/hr.linkedin.com\\\/company\\\/radio-ljubuski\",\"https:\\\/\\\/www.youtube.com\\\/channel\\\/UCHYaeO_n0Db3tjNGudGpXyw\"]},{\"@type\":\"Person\",\"@id\":\"https:\\\/\\\/radioljubuski.ba\\\/#\\\/schema\\\/person\\\/19fc700381a780f69665d7956c469e3b\",\"name\":\"Radio Ljubu\u0161ki\"}]}<\/script>\n<!-- \/ Yoast SEO plugin. -->","yoast_head_json":{"title":"Diljem Hrvatske bit \u0107e obilje\u017eena godi\u0161njica genocida u Srebrenici - RADIO LJUBU\u0160KI","robots":{"index":"index","follow":"follow","max-snippet":"max-snippet:-1","max-image-preview":"max-image-preview:large","max-video-preview":"max-video-preview:-1"},"canonical":"https:\/\/radioljubuski.ba\/index.php\/2022\/06\/28\/diljem-hrvatske-biti-ce-obiljezena-godisnjica-genocida-u-srebrenici\/","og_locale":"hr_HR","og_type":"article","og_title":"Diljem Hrvatske bit \u0107e obilje\u017eena godi\u0161njica genocida u Srebrenici - RADIO LJUBU\u0160KI","og_description":"Povodom obilje\u017eavanja Dana sje\u0107anja na genocid u Srebrenici, u organizaciji Sabora bo\u0161nja\u010dkih asocijacija Hrvatske i Udruge Bo\u0161njaka branitelja Domovinskog rata Hrvatske bit \u0107e odr\u017eano nekoliko manifestacija. Tim povodom odr\u017eat \u0107e se biciklisti\u010dki maraton Vukovar \u2013 Biha\u0107 \u2013 Srebrenica, koji \u0107e po\u010deti u nedjelju, 3. srpnja u 17 sati odavanjem po\u010dasti na Ov\u010dari (Vukovar). Dan kasnije, [&hellip;]","og_url":"https:\/\/radioljubuski.ba\/index.php\/2022\/06\/28\/diljem-hrvatske-biti-ce-obiljezena-godisnjica-genocida-u-srebrenici\/","og_site_name":"RADIO LJUBU\u0160KI","article_publisher":"https:\/\/www.facebook.com\/Radiio-Ljubuski-1490835324566332","article_published_time":"2022-06-28T11:57:16+00:00","article_modified_time":"2022-06-28T11:57:23+00:00","og_image":[{"width":1000,"height":625,"url":"https:\/\/radioljubuski.ba\/wp-content\/uploads\/2022\/06\/2-2022-06-28-10-04-55-srebrenica.jpg","type":"image\/jpeg"}],"author":"Radio Ljubu\u0161ki","twitter_card":"summary_large_image","twitter_creator":"@radioljubuski","twitter_site":"@radioljubuski","twitter_misc":{"Napisao\/la":"Radio Ljubu\u0161ki","Procijenjeno vrijeme \u010ditanja":"2 minute"},"schema":{"@context":"https:\/\/schema.org","@graph":[{"@type":"Article","@id":"https:\/\/radioljubuski.ba\/index.php\/2022\/06\/28\/diljem-hrvatske-biti-ce-obiljezena-godisnjica-genocida-u-srebrenici\/#article","isPartOf":{"@id":"https:\/\/radioljubuski.ba\/index.php\/2022\/06\/28\/diljem-hrvatske-biti-ce-obiljezena-godisnjica-genocida-u-srebrenici\/"},"author":{"name":"Radio Ljubu\u0161ki","@id":"https:\/\/radioljubuski.ba\/#\/schema\/person\/19fc700381a780f69665d7956c469e3b"},"headline":"Diljem Hrvatske bit \u0107e obilje\u017eena godi\u0161njica genocida u Srebrenici","datePublished":"2022-06-28T11:57:16+00:00","dateModified":"2022-06-28T11:57:23+00:00","mainEntityOfPage":{"@id":"https:\/\/radioljubuski.ba\/index.php\/2022\/06\/28\/diljem-hrvatske-biti-ce-obiljezena-godisnjica-genocida-u-srebrenici\/"},"wordCount":300,"publisher":{"@id":"https:\/\/radioljubuski.ba\/#organization"},"image":{"@id":"https:\/\/radioljubuski.ba\/index.php\/2022\/06\/28\/diljem-hrvatske-biti-ce-obiljezena-godisnjica-genocida-u-srebrenici\/#primaryimage"},"thumbnailUrl":"https:\/\/radioljubuski.ba\/wp-content\/uploads\/2022\/06\/2-2022-06-28-10-04-55-srebrenica.jpg","articleSection":["BIH i regija"],"inLanguage":"hr"},{"@type":"WebPage","@id":"https:\/\/radioljubuski.ba\/index.php\/2022\/06\/28\/diljem-hrvatske-biti-ce-obiljezena-godisnjica-genocida-u-srebrenici\/","url":"https:\/\/radioljubuski.ba\/index.php\/2022\/06\/28\/diljem-hrvatske-biti-ce-obiljezena-godisnjica-genocida-u-srebrenici\/","name":"Diljem Hrvatske bit \u0107e obilje\u017eena godi\u0161njica genocida u Srebrenici - RADIO LJUBU\u0160KI","isPartOf":{"@id":"https:\/\/radioljubuski.ba\/#website"},"primaryImageOfPage":{"@id":"https:\/\/radioljubuski.ba\/index.php\/2022\/06\/28\/diljem-hrvatske-biti-ce-obiljezena-godisnjica-genocida-u-srebrenici\/#primaryimage"},"image":{"@id":"https:\/\/radioljubuski.ba\/index.php\/2022\/06\/28\/diljem-hrvatske-biti-ce-obiljezena-godisnjica-genocida-u-srebrenici\/#primaryimage"},"thumbnailUrl":"https:\/\/radioljubuski.ba\/wp-content\/uploads\/2022\/06\/2-2022-06-28-10-04-55-srebrenica.jpg","datePublished":"2022-06-28T11:57:16+00:00","dateModified":"2022-06-28T11:57:23+00:00","breadcrumb":{"@id":"https:\/\/radioljubuski.ba\/index.php\/2022\/06\/28\/diljem-hrvatske-biti-ce-obiljezena-godisnjica-genocida-u-srebrenici\/#breadcrumb"},"inLanguage":"hr","potentialAction":[{"@type":"ReadAction","target":["https:\/\/radioljubuski.ba\/index.php\/2022\/06\/28\/diljem-hrvatske-biti-ce-obiljezena-godisnjica-genocida-u-srebrenici\/"]}]},{"@type":"ImageObject","inLanguage":"hr","@id":"https:\/\/radioljubuski.ba\/index.php\/2022\/06\/28\/diljem-hrvatske-biti-ce-obiljezena-godisnjica-genocida-u-srebrenici\/#primaryimage","url":"https:\/\/radioljubuski.ba\/wp-content\/uploads\/2022\/06\/2-2022-06-28-10-04-55-srebrenica.jpg","contentUrl":"https:\/\/radioljubuski.ba\/wp-content\/uploads\/2022\/06\/2-2022-06-28-10-04-55-srebrenica.jpg","width":1000,"height":625},{"@type":"BreadcrumbList","@id":"https:\/\/radioljubuski.ba\/index.php\/2022\/06\/28\/diljem-hrvatske-biti-ce-obiljezena-godisnjica-genocida-u-srebrenici\/#breadcrumb","itemListElement":[{"@type":"ListItem","position":1,"name":"Po\u010detna stranica","item":"https:\/\/radioljubuski.ba\/"},{"@type":"ListItem","position":2,"name":"Diljem Hrvatske bit \u0107e obilje\u017eena godi\u0161njica genocida u Srebrenici"}]},{"@type":"WebSite","@id":"https:\/\/radioljubuski.ba\/#website","url":"https:\/\/radioljubuski.ba\/","name":"Radio Ljubu\u0161ki","description":"Sun\u010dana frekvencija Hercegovine","publisher":{"@id":"https:\/\/radioljubuski.ba\/#organization"},"potentialAction":[{"@type":"SearchAction","target":{"@type":"EntryPoint","urlTemplate":"https:\/\/radioljubuski.ba\/?s={search_term_string}"},"query-input":{"@type":"PropertyValueSpecification","valueRequired":true,"valueName":"search_term_string"}}],"inLanguage":"hr"},{"@type":"Organization","@id":"https:\/\/radioljubuski.ba\/#organization","name":"Radio Ljubu\u0161ki","url":"https:\/\/radioljubuski.ba\/","logo":{"@type":"ImageObject","inLanguage":"hr","@id":"https:\/\/radioljubuski.ba\/#\/schema\/logo\/image\/","url":"https:\/\/radioljubuski.ba\/wp-content\/uploads\/2021\/02\/cropped-Radio_Ljubuski_logo1.jpg","contentUrl":"https:\/\/radioljubuski.ba\/wp-content\/uploads\/2021\/02\/cropped-Radio_Ljubuski_logo1.jpg","width":512,"height":512,"caption":"Radio Ljubu\u0161ki"},"image":{"@id":"https:\/\/radioljubuski.ba\/#\/schema\/logo\/image\/"},"sameAs":["https:\/\/www.facebook.com\/Radiio-Ljubuski-1490835324566332","https:\/\/x.com\/radioljubuski","https:\/\/hr.linkedin.com\/company\/radio-ljubuski","https:\/\/www.youtube.com\/channel\/UCHYaeO_n0Db3tjNGudGpXyw"]},{"@type":"Person","@id":"https:\/\/radioljubuski.ba\/#\/schema\/person\/19fc700381a780f69665d7956c469e3b","name":"Radio Ljubu\u0161ki"}]}},"_links":{"self":[{"href":"https:\/\/radioljubuski.ba\/index.php\/wp-json\/wp\/v2\/posts\/154464","targetHints":{"allow":["GET"]}}],"collection":[{"href":"https:\/\/radioljubuski.ba\/index.php\/wp-json\/wp\/v2\/posts"}],"about":[{"href":"https:\/\/radioljubuski.ba\/index.php\/wp-json\/wp\/v2\/types\/post"}],"author":[{"embeddable":true,"href":"https:\/\/radioljubuski.ba\/index.php\/wp-json\/wp\/v2\/users\/2"}],"replies":[{"embeddable":true,"href":"https:\/\/radioljubuski.ba\/index.php\/wp-json\/wp\/v2\/comments?post=154464"}],"version-history":[{"count":2,"href":"https:\/\/radioljubuski.ba\/index.php\/wp-json\/wp\/v2\/posts\/154464\/revisions"}],"predecessor-version":[{"id":154467,"href":"https:\/\/radioljubuski.ba\/index.php\/wp-json\/wp\/v2\/posts\/154464\/revisions\/154467"}],"wp:featuredmedia":[{"embeddable":true,"href":"https:\/\/radioljubuski.ba\/index.php\/wp-json\/wp\/v2\/media\/154465"}],"wp:attachment":[{"href":"https:\/\/radioljubuski.ba\/index.php\/wp-json\/wp\/v2\/media?parent=154464"}],"wp:term":[{"taxonomy":"category","embeddable":true,"href":"https:\/\/radioljubuski.ba\/index.php\/wp-json\/wp\/v2\/categories?post=154464"},{"taxonomy":"post_tag","embeddable":true,"href":"https:\/\/radioljubuski.ba\/index.php\/wp-json\/wp\/v2\/tags?post=154464"}],"curies":[{"name":"wp","href":"https:\/\/api.w.org\/{rel}","templated":true}]}}