{"id":154476,"date":"2022-06-28T13:01:11","date_gmt":"2022-06-28T12:01:11","guid":{"rendered":"https:\/\/radioljubuski.ba\/?p=154476"},"modified":"2022-06-28T13:01:12","modified_gmt":"2022-06-28T12:01:12","slug":"na-ovom-otoku-postoji-plaza-na-kojoj-je-pijesak-hladan-i-na-40","status":"publish","type":"post","link":"https:\/\/radioljubuski.ba\/index.php\/2022\/06\/28\/na-ovom-otoku-postoji-plaza-na-kojoj-je-pijesak-hladan-i-na-40\/","title":{"rendered":"Na ovom otoku postoji pla\u017ea na kojoj je pijesak hladan i na +40!"},"content":{"rendered":"\n<p>Saliara ili Mramorna pla\u017ea na Thassosu je sigurno jedna od najljep\u0161ih zahvaljuju\u0107i mramornim kamen\u010di\u0107ima koje je voda oblikovala. Toliko su bijeli da imate dojam da hodate po pijesku.<\/p>\n\n\n\n<p>Detalj koji je doista fascinantan je taj da je kamenje na ovoj pla\u017ei uvijek hladno, pa je na njoj posebno ugodno kada temperatura zraka dosegne maksimum.<\/p>\n\n\n\n<p>Da biste do\u0161li do pla\u017ee najbolje je pratiti znakove za pla\u017eu Makryammos, a zatim, prije nego \u0161to do\u0111ete do ograde kompleksa Makryammos, pro\u0107i desno kroz zemljani put. Od tog mjesta pla\u017ea Saliara udaljena je oko \u010detiri kilometra. Put je vrlo prljav i pra\u0161njav. Dovoljno je \u0161irok, tako da mo\u017eete izbje\u0107i rupe, ali ipak morate voziti polako.<\/p>\n\n\n\n<p>Pla\u017ea je nevjerojatno lijepa i ne postoji fotografija koja mo\u017ee vjerno prikazati njezinu ljepotu. Obala je prekrivena sitnim bijelim \u0161ljunkom, to\u010dnije, mramornim kamen\u010di\u0107ima koje je voda zagladila i oblikovala. Toliko su bijeli da se \u010dini kao da hodate po snijegu.<\/p>\n\n\n\n<p>Zanimljivo je da je kamenje uvijek hladno i da je \u0161etnja pla\u017eom svakako ugodna tijekom visokih ljetnih temperatura.<\/p>\n\n\n\n<p>Ono \u0161to je najbolja stvar na ovoj pla\u017ei je zapravo boja vode. Kako je dno bijelo, voda je blago plava pa se stje\u010de dojam da ste na egzoti\u010dnoj, tropskoj pla\u017ei. Boja mora doista je nevjerojatn, pi\u0161e Nova.rs.<\/p>\n\n\n\n<p>Na pla\u017ei mo\u017eete unajmiti le\u017ealjke i suncobrane, a na pla\u017ei se nalazi i bar s prili\u010dno glasnom glazbom.<\/p>\n\n\n\n<p>Ostavite je za kraj ljetovanja jer je vrlo izvjesno da kada jednom do\u0111ete, ne\u0107ete \u017eeljeti oti\u0107i na neko drugo mjesto.<\/p>\n\n\n\n<p>Ukupna du\u017eina pla\u017ee iznosi oko 70 metara, \u0161to zna\u010di da je jako mala i u sezoni bude velika gu\u017eva.<\/p>\n\n\n\n<p>Budete li imali priliku obi\u0107i je ljeti, ne zaboravite sun\u010dane nao\u010dale zbog refleksije sunca o bijelo kamenje. A ako je zbog jo\u0161 ne\u010dega vole turisti, to su mo\u0107ne fotke za Instagram.<\/p>\n\n\n\n<p>Izvor:pogled.ba<\/p>\n","protected":false},"excerpt":{"rendered":"<p>Saliara ili Mramorna pla\u017ea na Thassosu je sigurno jedna od najljep\u0161ih zahvaljuju\u0107i mramornim kamen\u010di\u0107ima koje je voda oblikovala. Toliko su bijeli da imate dojam da hodate po pijesku. Detalj koji je doista fascinantan je taj da je kamenje na ovoj pla\u017ei uvijek hladno, pa je na njoj posebno ugodno kada temperatura zraka dosegne maksimum. Da [&hellip;]<\/p>\n","protected":false},"author":2,"featured_media":154477,"comment_status":"closed","ping_status":"closed","sticky":false,"template":"","format":"standard","meta":{"h5ap_radio_sources":[],"footnotes":""},"categories":[1],"tags":[],"class_list":["post-154476","post","type-post","status-publish","format-standard","has-post-thumbnail","hentry","category-bihiregija"],"yoast_head":"<!-- This site is optimized with the Yoast SEO plugin v27.5 - https:\/\/yoast.com\/product\/yoast-seo-wordpress\/ -->\n<title>Na ovom otoku postoji pla\u017ea na kojoj je pijesak hladan i na +40! - RADIO LJUBU\u0160KI<\/title>\n<meta name=\"robots\" content=\"index, follow, max-snippet:-1, max-image-preview:large, max-video-preview:-1\" \/>\n<link rel=\"canonical\" href=\"https:\/\/radioljubuski.ba\/index.php\/2022\/06\/28\/na-ovom-otoku-postoji-plaza-na-kojoj-je-pijesak-hladan-i-na-40\/\" \/>\n<meta property=\"og:locale\" content=\"hr_HR\" \/>\n<meta property=\"og:type\" content=\"article\" \/>\n<meta property=\"og:title\" content=\"Na ovom otoku postoji pla\u017ea na kojoj je pijesak hladan i na +40! - RADIO LJUBU\u0160KI\" \/>\n<meta property=\"og:description\" content=\"Saliara ili Mramorna pla\u017ea na Thassosu je sigurno jedna od najljep\u0161ih zahvaljuju\u0107i mramornim kamen\u010di\u0107ima koje je voda oblikovala. Toliko su bijeli da imate dojam da hodate po pijesku. Detalj koji je doista fascinantan je taj da je kamenje na ovoj pla\u017ei uvijek hladno, pa je na njoj posebno ugodno kada temperatura zraka dosegne maksimum. Da [&hellip;]\" \/>\n<meta property=\"og:url\" content=\"https:\/\/radioljubuski.ba\/index.php\/2022\/06\/28\/na-ovom-otoku-postoji-plaza-na-kojoj-je-pijesak-hladan-i-na-40\/\" \/>\n<meta property=\"og:site_name\" content=\"RADIO LJUBU\u0160KI\" \/>\n<meta property=\"article:publisher\" content=\"https:\/\/www.facebook.com\/Radiio-Ljubuski-1490835324566332\" \/>\n<meta property=\"article:published_time\" content=\"2022-06-28T12:01:11+00:00\" \/>\n<meta property=\"article:modified_time\" content=\"2022-06-28T12:01:12+00:00\" \/>\n<meta property=\"og:image\" content=\"https:\/\/radioljubuski.ba\/wp-content\/uploads\/2022\/06\/2-2022-06-28-10-31-44-plaza.png\" \/>\n\t<meta property=\"og:image:width\" content=\"1000\" \/>\n\t<meta property=\"og:image:height\" content=\"625\" \/>\n\t<meta property=\"og:image:type\" content=\"image\/png\" \/>\n<meta name=\"author\" content=\"Radio Ljubu\u0161ki\" \/>\n<meta name=\"twitter:card\" content=\"summary_large_image\" \/>\n<meta name=\"twitter:creator\" content=\"@radioljubuski\" \/>\n<meta name=\"twitter:site\" content=\"@radioljubuski\" \/>\n<meta name=\"twitter:label1\" content=\"Napisao\/la\" \/>\n\t<meta name=\"twitter:data1\" content=\"Radio Ljubu\u0161ki\" \/>\n\t<meta name=\"twitter:label2\" content=\"Procijenjeno vrijeme \u010ditanja\" \/>\n\t<meta name=\"twitter:data2\" content=\"2 minute\" \/>\n<script type=\"application\/ld+json\" class=\"yoast-schema-graph\">{\"@context\":\"https:\\\/\\\/schema.org\",\"@graph\":[{\"@type\":\"Article\",\"@id\":\"https:\\\/\\\/radioljubuski.ba\\\/index.php\\\/2022\\\/06\\\/28\\\/na-ovom-otoku-postoji-plaza-na-kojoj-je-pijesak-hladan-i-na-40\\\/#article\",\"isPartOf\":{\"@id\":\"https:\\\/\\\/radioljubuski.ba\\\/index.php\\\/2022\\\/06\\\/28\\\/na-ovom-otoku-postoji-plaza-na-kojoj-je-pijesak-hladan-i-na-40\\\/\"},\"author\":{\"name\":\"Radio Ljubu\u0161ki\",\"@id\":\"https:\\\/\\\/radioljubuski.ba\\\/#\\\/schema\\\/person\\\/19fc700381a780f69665d7956c469e3b\"},\"headline\":\"Na ovom otoku postoji pla\u017ea na kojoj je pijesak hladan i na +40!\",\"datePublished\":\"2022-06-28T12:01:11+00:00\",\"dateModified\":\"2022-06-28T12:01:12+00:00\",\"mainEntityOfPage\":{\"@id\":\"https:\\\/\\\/radioljubuski.ba\\\/index.php\\\/2022\\\/06\\\/28\\\/na-ovom-otoku-postoji-plaza-na-kojoj-je-pijesak-hladan-i-na-40\\\/\"},\"wordCount\":352,\"publisher\":{\"@id\":\"https:\\\/\\\/radioljubuski.ba\\\/#organization\"},\"image\":{\"@id\":\"https:\\\/\\\/radioljubuski.ba\\\/index.php\\\/2022\\\/06\\\/28\\\/na-ovom-otoku-postoji-plaza-na-kojoj-je-pijesak-hladan-i-na-40\\\/#primaryimage\"},\"thumbnailUrl\":\"https:\\\/\\\/radioljubuski.ba\\\/wp-content\\\/uploads\\\/2022\\\/06\\\/2-2022-06-28-10-31-44-plaza.png\",\"articleSection\":[\"BIH i regija\"],\"inLanguage\":\"hr\"},{\"@type\":\"WebPage\",\"@id\":\"https:\\\/\\\/radioljubuski.ba\\\/index.php\\\/2022\\\/06\\\/28\\\/na-ovom-otoku-postoji-plaza-na-kojoj-je-pijesak-hladan-i-na-40\\\/\",\"url\":\"https:\\\/\\\/radioljubuski.ba\\\/index.php\\\/2022\\\/06\\\/28\\\/na-ovom-otoku-postoji-plaza-na-kojoj-je-pijesak-hladan-i-na-40\\\/\",\"name\":\"Na ovom otoku postoji pla\u017ea na kojoj je pijesak hladan i na +40! - RADIO LJUBU\u0160KI\",\"isPartOf\":{\"@id\":\"https:\\\/\\\/radioljubuski.ba\\\/#website\"},\"primaryImageOfPage\":{\"@id\":\"https:\\\/\\\/radioljubuski.ba\\\/index.php\\\/2022\\\/06\\\/28\\\/na-ovom-otoku-postoji-plaza-na-kojoj-je-pijesak-hladan-i-na-40\\\/#primaryimage\"},\"image\":{\"@id\":\"https:\\\/\\\/radioljubuski.ba\\\/index.php\\\/2022\\\/06\\\/28\\\/na-ovom-otoku-postoji-plaza-na-kojoj-je-pijesak-hladan-i-na-40\\\/#primaryimage\"},\"thumbnailUrl\":\"https:\\\/\\\/radioljubuski.ba\\\/wp-content\\\/uploads\\\/2022\\\/06\\\/2-2022-06-28-10-31-44-plaza.png\",\"datePublished\":\"2022-06-28T12:01:11+00:00\",\"dateModified\":\"2022-06-28T12:01:12+00:00\",\"breadcrumb\":{\"@id\":\"https:\\\/\\\/radioljubuski.ba\\\/index.php\\\/2022\\\/06\\\/28\\\/na-ovom-otoku-postoji-plaza-na-kojoj-je-pijesak-hladan-i-na-40\\\/#breadcrumb\"},\"inLanguage\":\"hr\",\"potentialAction\":[{\"@type\":\"ReadAction\",\"target\":[\"https:\\\/\\\/radioljubuski.ba\\\/index.php\\\/2022\\\/06\\\/28\\\/na-ovom-otoku-postoji-plaza-na-kojoj-je-pijesak-hladan-i-na-40\\\/\"]}]},{\"@type\":\"ImageObject\",\"inLanguage\":\"hr\",\"@id\":\"https:\\\/\\\/radioljubuski.ba\\\/index.php\\\/2022\\\/06\\\/28\\\/na-ovom-otoku-postoji-plaza-na-kojoj-je-pijesak-hladan-i-na-40\\\/#primaryimage\",\"url\":\"https:\\\/\\\/radioljubuski.ba\\\/wp-content\\\/uploads\\\/2022\\\/06\\\/2-2022-06-28-10-31-44-plaza.png\",\"contentUrl\":\"https:\\\/\\\/radioljubuski.ba\\\/wp-content\\\/uploads\\\/2022\\\/06\\\/2-2022-06-28-10-31-44-plaza.png\",\"width\":1000,\"height\":625},{\"@type\":\"BreadcrumbList\",\"@id\":\"https:\\\/\\\/radioljubuski.ba\\\/index.php\\\/2022\\\/06\\\/28\\\/na-ovom-otoku-postoji-plaza-na-kojoj-je-pijesak-hladan-i-na-40\\\/#breadcrumb\",\"itemListElement\":[{\"@type\":\"ListItem\",\"position\":1,\"name\":\"Po\u010detna stranica\",\"item\":\"https:\\\/\\\/radioljubuski.ba\\\/\"},{\"@type\":\"ListItem\",\"position\":2,\"name\":\"Na ovom otoku postoji pla\u017ea na kojoj je pijesak hladan i na +40!\"}]},{\"@type\":\"WebSite\",\"@id\":\"https:\\\/\\\/radioljubuski.ba\\\/#website\",\"url\":\"https:\\\/\\\/radioljubuski.ba\\\/\",\"name\":\"Radio Ljubu\u0161ki\",\"description\":\"Sun\u010dana frekvencija Hercegovine\",\"publisher\":{\"@id\":\"https:\\\/\\\/radioljubuski.ba\\\/#organization\"},\"potentialAction\":[{\"@type\":\"SearchAction\",\"target\":{\"@type\":\"EntryPoint\",\"urlTemplate\":\"https:\\\/\\\/radioljubuski.ba\\\/?s={search_term_string}\"},\"query-input\":{\"@type\":\"PropertyValueSpecification\",\"valueRequired\":true,\"valueName\":\"search_term_string\"}}],\"inLanguage\":\"hr\"},{\"@type\":\"Organization\",\"@id\":\"https:\\\/\\\/radioljubuski.ba\\\/#organization\",\"name\":\"Radio Ljubu\u0161ki\",\"url\":\"https:\\\/\\\/radioljubuski.ba\\\/\",\"logo\":{\"@type\":\"ImageObject\",\"inLanguage\":\"hr\",\"@id\":\"https:\\\/\\\/radioljubuski.ba\\\/#\\\/schema\\\/logo\\\/image\\\/\",\"url\":\"https:\\\/\\\/radioljubuski.ba\\\/wp-content\\\/uploads\\\/2021\\\/02\\\/cropped-Radio_Ljubuski_logo1.jpg\",\"contentUrl\":\"https:\\\/\\\/radioljubuski.ba\\\/wp-content\\\/uploads\\\/2021\\\/02\\\/cropped-Radio_Ljubuski_logo1.jpg\",\"width\":512,\"height\":512,\"caption\":\"Radio Ljubu\u0161ki\"},\"image\":{\"@id\":\"https:\\\/\\\/radioljubuski.ba\\\/#\\\/schema\\\/logo\\\/image\\\/\"},\"sameAs\":[\"https:\\\/\\\/www.facebook.com\\\/Radiio-Ljubuski-1490835324566332\",\"https:\\\/\\\/x.com\\\/radioljubuski\",\"https:\\\/\\\/hr.linkedin.com\\\/company\\\/radio-ljubuski\",\"https:\\\/\\\/www.youtube.com\\\/channel\\\/UCHYaeO_n0Db3tjNGudGpXyw\"]},{\"@type\":\"Person\",\"@id\":\"https:\\\/\\\/radioljubuski.ba\\\/#\\\/schema\\\/person\\\/19fc700381a780f69665d7956c469e3b\",\"name\":\"Radio Ljubu\u0161ki\"}]}<\/script>\n<!-- \/ Yoast SEO plugin. -->","yoast_head_json":{"title":"Na ovom otoku postoji pla\u017ea na kojoj je pijesak hladan i na +40! - RADIO LJUBU\u0160KI","robots":{"index":"index","follow":"follow","max-snippet":"max-snippet:-1","max-image-preview":"max-image-preview:large","max-video-preview":"max-video-preview:-1"},"canonical":"https:\/\/radioljubuski.ba\/index.php\/2022\/06\/28\/na-ovom-otoku-postoji-plaza-na-kojoj-je-pijesak-hladan-i-na-40\/","og_locale":"hr_HR","og_type":"article","og_title":"Na ovom otoku postoji pla\u017ea na kojoj je pijesak hladan i na +40! - RADIO LJUBU\u0160KI","og_description":"Saliara ili Mramorna pla\u017ea na Thassosu je sigurno jedna od najljep\u0161ih zahvaljuju\u0107i mramornim kamen\u010di\u0107ima koje je voda oblikovala. Toliko su bijeli da imate dojam da hodate po pijesku. Detalj koji je doista fascinantan je taj da je kamenje na ovoj pla\u017ei uvijek hladno, pa je na njoj posebno ugodno kada temperatura zraka dosegne maksimum. Da [&hellip;]","og_url":"https:\/\/radioljubuski.ba\/index.php\/2022\/06\/28\/na-ovom-otoku-postoji-plaza-na-kojoj-je-pijesak-hladan-i-na-40\/","og_site_name":"RADIO LJUBU\u0160KI","article_publisher":"https:\/\/www.facebook.com\/Radiio-Ljubuski-1490835324566332","article_published_time":"2022-06-28T12:01:11+00:00","article_modified_time":"2022-06-28T12:01:12+00:00","og_image":[{"width":1000,"height":625,"url":"https:\/\/radioljubuski.ba\/wp-content\/uploads\/2022\/06\/2-2022-06-28-10-31-44-plaza.png","type":"image\/png"}],"author":"Radio Ljubu\u0161ki","twitter_card":"summary_large_image","twitter_creator":"@radioljubuski","twitter_site":"@radioljubuski","twitter_misc":{"Napisao\/la":"Radio Ljubu\u0161ki","Procijenjeno vrijeme \u010ditanja":"2 minute"},"schema":{"@context":"https:\/\/schema.org","@graph":[{"@type":"Article","@id":"https:\/\/radioljubuski.ba\/index.php\/2022\/06\/28\/na-ovom-otoku-postoji-plaza-na-kojoj-je-pijesak-hladan-i-na-40\/#article","isPartOf":{"@id":"https:\/\/radioljubuski.ba\/index.php\/2022\/06\/28\/na-ovom-otoku-postoji-plaza-na-kojoj-je-pijesak-hladan-i-na-40\/"},"author":{"name":"Radio Ljubu\u0161ki","@id":"https:\/\/radioljubuski.ba\/#\/schema\/person\/19fc700381a780f69665d7956c469e3b"},"headline":"Na ovom otoku postoji pla\u017ea na kojoj je pijesak hladan i na +40!","datePublished":"2022-06-28T12:01:11+00:00","dateModified":"2022-06-28T12:01:12+00:00","mainEntityOfPage":{"@id":"https:\/\/radioljubuski.ba\/index.php\/2022\/06\/28\/na-ovom-otoku-postoji-plaza-na-kojoj-je-pijesak-hladan-i-na-40\/"},"wordCount":352,"publisher":{"@id":"https:\/\/radioljubuski.ba\/#organization"},"image":{"@id":"https:\/\/radioljubuski.ba\/index.php\/2022\/06\/28\/na-ovom-otoku-postoji-plaza-na-kojoj-je-pijesak-hladan-i-na-40\/#primaryimage"},"thumbnailUrl":"https:\/\/radioljubuski.ba\/wp-content\/uploads\/2022\/06\/2-2022-06-28-10-31-44-plaza.png","articleSection":["BIH i regija"],"inLanguage":"hr"},{"@type":"WebPage","@id":"https:\/\/radioljubuski.ba\/index.php\/2022\/06\/28\/na-ovom-otoku-postoji-plaza-na-kojoj-je-pijesak-hladan-i-na-40\/","url":"https:\/\/radioljubuski.ba\/index.php\/2022\/06\/28\/na-ovom-otoku-postoji-plaza-na-kojoj-je-pijesak-hladan-i-na-40\/","name":"Na ovom otoku postoji pla\u017ea na kojoj je pijesak hladan i na +40! - RADIO LJUBU\u0160KI","isPartOf":{"@id":"https:\/\/radioljubuski.ba\/#website"},"primaryImageOfPage":{"@id":"https:\/\/radioljubuski.ba\/index.php\/2022\/06\/28\/na-ovom-otoku-postoji-plaza-na-kojoj-je-pijesak-hladan-i-na-40\/#primaryimage"},"image":{"@id":"https:\/\/radioljubuski.ba\/index.php\/2022\/06\/28\/na-ovom-otoku-postoji-plaza-na-kojoj-je-pijesak-hladan-i-na-40\/#primaryimage"},"thumbnailUrl":"https:\/\/radioljubuski.ba\/wp-content\/uploads\/2022\/06\/2-2022-06-28-10-31-44-plaza.png","datePublished":"2022-06-28T12:01:11+00:00","dateModified":"2022-06-28T12:01:12+00:00","breadcrumb":{"@id":"https:\/\/radioljubuski.ba\/index.php\/2022\/06\/28\/na-ovom-otoku-postoji-plaza-na-kojoj-je-pijesak-hladan-i-na-40\/#breadcrumb"},"inLanguage":"hr","potentialAction":[{"@type":"ReadAction","target":["https:\/\/radioljubuski.ba\/index.php\/2022\/06\/28\/na-ovom-otoku-postoji-plaza-na-kojoj-je-pijesak-hladan-i-na-40\/"]}]},{"@type":"ImageObject","inLanguage":"hr","@id":"https:\/\/radioljubuski.ba\/index.php\/2022\/06\/28\/na-ovom-otoku-postoji-plaza-na-kojoj-je-pijesak-hladan-i-na-40\/#primaryimage","url":"https:\/\/radioljubuski.ba\/wp-content\/uploads\/2022\/06\/2-2022-06-28-10-31-44-plaza.png","contentUrl":"https:\/\/radioljubuski.ba\/wp-content\/uploads\/2022\/06\/2-2022-06-28-10-31-44-plaza.png","width":1000,"height":625},{"@type":"BreadcrumbList","@id":"https:\/\/radioljubuski.ba\/index.php\/2022\/06\/28\/na-ovom-otoku-postoji-plaza-na-kojoj-je-pijesak-hladan-i-na-40\/#breadcrumb","itemListElement":[{"@type":"ListItem","position":1,"name":"Po\u010detna stranica","item":"https:\/\/radioljubuski.ba\/"},{"@type":"ListItem","position":2,"name":"Na ovom otoku postoji pla\u017ea na kojoj je pijesak hladan i na +40!"}]},{"@type":"WebSite","@id":"https:\/\/radioljubuski.ba\/#website","url":"https:\/\/radioljubuski.ba\/","name":"Radio Ljubu\u0161ki","description":"Sun\u010dana frekvencija Hercegovine","publisher":{"@id":"https:\/\/radioljubuski.ba\/#organization"},"potentialAction":[{"@type":"SearchAction","target":{"@type":"EntryPoint","urlTemplate":"https:\/\/radioljubuski.ba\/?s={search_term_string}"},"query-input":{"@type":"PropertyValueSpecification","valueRequired":true,"valueName":"search_term_string"}}],"inLanguage":"hr"},{"@type":"Organization","@id":"https:\/\/radioljubuski.ba\/#organization","name":"Radio Ljubu\u0161ki","url":"https:\/\/radioljubuski.ba\/","logo":{"@type":"ImageObject","inLanguage":"hr","@id":"https:\/\/radioljubuski.ba\/#\/schema\/logo\/image\/","url":"https:\/\/radioljubuski.ba\/wp-content\/uploads\/2021\/02\/cropped-Radio_Ljubuski_logo1.jpg","contentUrl":"https:\/\/radioljubuski.ba\/wp-content\/uploads\/2021\/02\/cropped-Radio_Ljubuski_logo1.jpg","width":512,"height":512,"caption":"Radio Ljubu\u0161ki"},"image":{"@id":"https:\/\/radioljubuski.ba\/#\/schema\/logo\/image\/"},"sameAs":["https:\/\/www.facebook.com\/Radiio-Ljubuski-1490835324566332","https:\/\/x.com\/radioljubuski","https:\/\/hr.linkedin.com\/company\/radio-ljubuski","https:\/\/www.youtube.com\/channel\/UCHYaeO_n0Db3tjNGudGpXyw"]},{"@type":"Person","@id":"https:\/\/radioljubuski.ba\/#\/schema\/person\/19fc700381a780f69665d7956c469e3b","name":"Radio Ljubu\u0161ki"}]}},"_links":{"self":[{"href":"https:\/\/radioljubuski.ba\/index.php\/wp-json\/wp\/v2\/posts\/154476","targetHints":{"allow":["GET"]}}],"collection":[{"href":"https:\/\/radioljubuski.ba\/index.php\/wp-json\/wp\/v2\/posts"}],"about":[{"href":"https:\/\/radioljubuski.ba\/index.php\/wp-json\/wp\/v2\/types\/post"}],"author":[{"embeddable":true,"href":"https:\/\/radioljubuski.ba\/index.php\/wp-json\/wp\/v2\/users\/2"}],"replies":[{"embeddable":true,"href":"https:\/\/radioljubuski.ba\/index.php\/wp-json\/wp\/v2\/comments?post=154476"}],"version-history":[{"count":1,"href":"https:\/\/radioljubuski.ba\/index.php\/wp-json\/wp\/v2\/posts\/154476\/revisions"}],"predecessor-version":[{"id":154478,"href":"https:\/\/radioljubuski.ba\/index.php\/wp-json\/wp\/v2\/posts\/154476\/revisions\/154478"}],"wp:featuredmedia":[{"embeddable":true,"href":"https:\/\/radioljubuski.ba\/index.php\/wp-json\/wp\/v2\/media\/154477"}],"wp:attachment":[{"href":"https:\/\/radioljubuski.ba\/index.php\/wp-json\/wp\/v2\/media?parent=154476"}],"wp:term":[{"taxonomy":"category","embeddable":true,"href":"https:\/\/radioljubuski.ba\/index.php\/wp-json\/wp\/v2\/categories?post=154476"},{"taxonomy":"post_tag","embeddable":true,"href":"https:\/\/radioljubuski.ba\/index.php\/wp-json\/wp\/v2\/tags?post=154476"}],"curies":[{"name":"wp","href":"https:\/\/api.w.org\/{rel}","templated":true}]}}