{"id":154482,"date":"2022-06-28T13:07:20","date_gmt":"2022-06-28T12:07:20","guid":{"rendered":"https:\/\/radioljubuski.ba\/?p=154482"},"modified":"2022-06-28T13:07:21","modified_gmt":"2022-06-28T12:07:21","slug":"jesu-li-hrvati-u-bih-u-opasnosti-od-preglasavanja","status":"publish","type":"post","link":"https:\/\/radioljubuski.ba\/index.php\/2022\/06\/28\/jesu-li-hrvati-u-bih-u-opasnosti-od-preglasavanja\/","title":{"rendered":"Jesu li Hrvati u BiH u opasnosti od preglasavanja?"},"content":{"rendered":"\n<h5 class=\"wp-block-heading\">Op\u0107i izbori u Bosni i Hercegovini odr\u017eat \u0107e se u listopadu, a na tu temu postavljaju se brojna pitanja.<\/h5>\n\n\n\n<p>Ekipa Provjerenog istra\u017eila je&nbsp;jesu li Hrvati kao&nbsp;<strong>najmalobrojniji narod<\/strong>&nbsp;u BiH uistinu u opasnosti od preglasavanja?<\/p>\n\n\n\n<p>Osim toga posljednjih tjedana\u00a0<strong>izborni zakon je top tema<\/strong>, ne samo u Bosni i Hercegovini ve\u0107 i \u0161ire.<\/p>\n\n\n\n<p>U razgovoru sa onima koji kroje\u00a0<strong>politi\u010dku situaciju BiH<\/strong>\u00a0doznali su odgovore na gore navedena pitanja.<\/p>\n\n\n\n<figure class=\"wp-block-video\"><video controls src=\"https:\/\/video-vie1-1.xx.fbcdn.net\/v\/t39.25447-2\/289795722_348959187217261_3145659943011174021_n.mp4?_nc_cat=103&amp;vs=9a8f34fedb1fe461&amp;_nc_vs=HBksFQAYJEdJcnVSUkZ0SzJWa1lEMEJBSVZHV3o4Tm9hY3JibWRqQUFBRhUAAsgBABUAGCRHQU5mVEJFcU1CVGM4SmtCQUwzT19ack85X0VhYnJGcUFBQUYVAgLIAQBLBogScHJvZ3Jlc3NpdmVfcmVjaXBlATENc3Vic2FtcGxlX2ZwcwAQdm1hZl9lbmFibGVfbnN1YgAgbWVhc3VyZV9vcmlnaW5hbF9yZXNvbHV0aW9uX3NzaW0AKGNvbXB1dGVfc3NpbV9vbmx5X2F0X29yaWdpbmFsX3Jlc29sdXRpb24AEWRpc2FibGVfcG9zdF9wdnFzABUAJQAcAAAm2u%2Fcw87P0QIVAigCQzMYC3Z0c19wcmV2aWV3HBdAhuVwo9cKPRggZGFzaF92NF81c2VjZ29wX2hxMV9mcmFnXzJfdmlkZW8SABgYdmlkZW9zLnZ0cy5jYWxsYmFjay5wcm9kOBJWSURFT19WSUVXX1JFUVVFU1QbCogVb2VtX3RhcmdldF9lbmNvZGVfdGFnBm9lcF9zZBNvZW1fcmVxdWVzdF90aW1lX21zATAMb2VtX2NmZ19ydWxlCnNkX3VubXV0ZWQTb2VtX3JvaV9yZWFjaF9jb3VudAY5NzY3ODYRb2VtX2lzX2V4cGVyaW1lbnQADG9lbV92aWRlb19pZA83MjY0MDE2MDg1OTkxNDQSb2VtX3ZpZGVvX2Fzc2V0X2lkEDE5NzIzNzY5MzI5NTAyMzAVb2VtX3ZpZGVvX3Jlc291cmNlX2lkDzc0MjQzODU4Njc4NDc0ORxvZW1fc291cmNlX3ZpZGVvX2VuY29kaW5nX2lkEDIzOTkyMzYwNjM1NTEwMDgOdnRzX3JlcXVlc3RfaWQAJQIcACW%2BARsHiAFzBDUxMzECY2QKMjAyMi0wNi0yMwNyY2IGOTc2NzAwA2FwcAtWaWRlb3phcGlzaQJjdBlDT05UQUlORURfUE9TVF9BVFRBQ0hNRU5UE29yaWdpbmFsX2R1cmF0aW9uX3MKNzMyLjY5MzMzMwJ0cxRwcm9ncmVzc2l2ZV9vcmRlcmluZwA%3D&amp;ccb=1-7&amp;_nc_sid=edb743&amp;efg=eyJ2ZW5jb2RlX3RhZyI6Im9lcF9zZCJ9&amp;_nc_ohc=x-qNo2FudX4AX-AYHy9&amp;_nc_ht=video-vie1-1.xx&amp;edm=AGo2L-IEAAAA&amp;oh=00_AT-xAPjHlalOVng-A8Bjy3vjP2JHWkkFF4Pwln3KuFIkGg&amp;oe=62C0C85D&amp;_nc_rid=747039094106115\"><\/video><\/figure>\n\n\n\n<p><strong>Izvor: Jabuka.tv<\/strong><\/p>\n","protected":false},"excerpt":{"rendered":"<p>Op\u0107i izbori u Bosni i Hercegovini odr\u017eat \u0107e se u listopadu, a na tu temu postavljaju se brojna pitanja. Ekipa Provjerenog istra\u017eila je&nbsp;jesu li Hrvati kao&nbsp;najmalobrojniji narod&nbsp;u BiH uistinu u opasnosti od preglasavanja? Osim toga posljednjih tjedana\u00a0izborni zakon je top tema, ne samo u Bosni i Hercegovini ve\u0107 i \u0161ire. U razgovoru sa onima koji [&hellip;]<\/p>\n","protected":false},"author":2,"featured_media":140285,"comment_status":"closed","ping_status":"closed","sticky":false,"template":"","format":"standard","meta":{"h5ap_radio_sources":[],"footnotes":""},"categories":[1],"tags":[],"class_list":["post-154482","post","type-post","status-publish","format-standard","has-post-thumbnail","hentry","category-bihiregija"],"yoast_head":"<!-- This site is optimized with the Yoast SEO plugin v27.5 - https:\/\/yoast.com\/product\/yoast-seo-wordpress\/ -->\n<title>Jesu li Hrvati u BiH u opasnosti od preglasavanja? - RADIO LJUBU\u0160KI<\/title>\n<meta name=\"robots\" content=\"index, follow, max-snippet:-1, max-image-preview:large, max-video-preview:-1\" \/>\n<link rel=\"canonical\" href=\"https:\/\/radioljubuski.ba\/index.php\/2022\/06\/28\/jesu-li-hrvati-u-bih-u-opasnosti-od-preglasavanja\/\" \/>\n<meta property=\"og:locale\" content=\"hr_HR\" \/>\n<meta property=\"og:type\" content=\"article\" \/>\n<meta property=\"og:title\" content=\"Jesu li Hrvati u BiH u opasnosti od preglasavanja? - RADIO LJUBU\u0160KI\" \/>\n<meta property=\"og:description\" content=\"Op\u0107i izbori u Bosni i Hercegovini odr\u017eat \u0107e se u listopadu, a na tu temu postavljaju se brojna pitanja. Ekipa Provjerenog istra\u017eila je&nbsp;jesu li Hrvati kao&nbsp;najmalobrojniji narod&nbsp;u BiH uistinu u opasnosti od preglasavanja? Osim toga posljednjih tjedana\u00a0izborni zakon je top tema, ne samo u Bosni i Hercegovini ve\u0107 i \u0161ire. U razgovoru sa onima koji [&hellip;]\" \/>\n<meta property=\"og:url\" content=\"https:\/\/radioljubuski.ba\/index.php\/2022\/06\/28\/jesu-li-hrvati-u-bih-u-opasnosti-od-preglasavanja\/\" \/>\n<meta property=\"og:site_name\" content=\"RADIO LJUBU\u0160KI\" \/>\n<meta property=\"article:publisher\" content=\"https:\/\/www.facebook.com\/Radiio-Ljubuski-1490835324566332\" \/>\n<meta property=\"article:published_time\" content=\"2022-06-28T12:07:20+00:00\" \/>\n<meta property=\"article:modified_time\" content=\"2022-06-28T12:07:21+00:00\" \/>\n<meta property=\"og:image\" content=\"https:\/\/radioljubuski.ba\/wp-content\/uploads\/2022\/05\/izbori-u-bih.jpeg\" \/>\n\t<meta property=\"og:image:width\" content=\"612\" \/>\n\t<meta property=\"og:image:height\" content=\"408\" \/>\n\t<meta property=\"og:image:type\" content=\"image\/jpeg\" \/>\n<meta name=\"author\" content=\"Radio Ljubu\u0161ki\" \/>\n<meta name=\"twitter:card\" content=\"summary_large_image\" \/>\n<meta name=\"twitter:creator\" content=\"@radioljubuski\" \/>\n<meta name=\"twitter:site\" content=\"@radioljubuski\" \/>\n<meta name=\"twitter:label1\" content=\"Napisao\/la\" \/>\n\t<meta name=\"twitter:data1\" content=\"Radio Ljubu\u0161ki\" \/>\n\t<meta name=\"twitter:label2\" content=\"Procijenjeno vrijeme \u010ditanja\" \/>\n\t<meta name=\"twitter:data2\" content=\"1 minuta\" \/>\n<script type=\"application\/ld+json\" class=\"yoast-schema-graph\">{\"@context\":\"https:\\\/\\\/schema.org\",\"@graph\":[{\"@type\":\"Article\",\"@id\":\"https:\\\/\\\/radioljubuski.ba\\\/index.php\\\/2022\\\/06\\\/28\\\/jesu-li-hrvati-u-bih-u-opasnosti-od-preglasavanja\\\/#article\",\"isPartOf\":{\"@id\":\"https:\\\/\\\/radioljubuski.ba\\\/index.php\\\/2022\\\/06\\\/28\\\/jesu-li-hrvati-u-bih-u-opasnosti-od-preglasavanja\\\/\"},\"author\":{\"name\":\"Radio Ljubu\u0161ki\",\"@id\":\"https:\\\/\\\/radioljubuski.ba\\\/#\\\/schema\\\/person\\\/19fc700381a780f69665d7956c469e3b\"},\"headline\":\"Jesu li Hrvati u BiH u opasnosti od preglasavanja?\",\"datePublished\":\"2022-06-28T12:07:20+00:00\",\"dateModified\":\"2022-06-28T12:07:21+00:00\",\"mainEntityOfPage\":{\"@id\":\"https:\\\/\\\/radioljubuski.ba\\\/index.php\\\/2022\\\/06\\\/28\\\/jesu-li-hrvati-u-bih-u-opasnosti-od-preglasavanja\\\/\"},\"wordCount\":89,\"publisher\":{\"@id\":\"https:\\\/\\\/radioljubuski.ba\\\/#organization\"},\"image\":{\"@id\":\"https:\\\/\\\/radioljubuski.ba\\\/index.php\\\/2022\\\/06\\\/28\\\/jesu-li-hrvati-u-bih-u-opasnosti-od-preglasavanja\\\/#primaryimage\"},\"thumbnailUrl\":\"https:\\\/\\\/radioljubuski.ba\\\/wp-content\\\/uploads\\\/2022\\\/05\\\/izbori-u-bih.jpeg\",\"articleSection\":[\"BIH i regija\"],\"inLanguage\":\"hr\"},{\"@type\":\"WebPage\",\"@id\":\"https:\\\/\\\/radioljubuski.ba\\\/index.php\\\/2022\\\/06\\\/28\\\/jesu-li-hrvati-u-bih-u-opasnosti-od-preglasavanja\\\/\",\"url\":\"https:\\\/\\\/radioljubuski.ba\\\/index.php\\\/2022\\\/06\\\/28\\\/jesu-li-hrvati-u-bih-u-opasnosti-od-preglasavanja\\\/\",\"name\":\"Jesu li Hrvati u BiH u opasnosti od preglasavanja? - RADIO LJUBU\u0160KI\",\"isPartOf\":{\"@id\":\"https:\\\/\\\/radioljubuski.ba\\\/#website\"},\"primaryImageOfPage\":{\"@id\":\"https:\\\/\\\/radioljubuski.ba\\\/index.php\\\/2022\\\/06\\\/28\\\/jesu-li-hrvati-u-bih-u-opasnosti-od-preglasavanja\\\/#primaryimage\"},\"image\":{\"@id\":\"https:\\\/\\\/radioljubuski.ba\\\/index.php\\\/2022\\\/06\\\/28\\\/jesu-li-hrvati-u-bih-u-opasnosti-od-preglasavanja\\\/#primaryimage\"},\"thumbnailUrl\":\"https:\\\/\\\/radioljubuski.ba\\\/wp-content\\\/uploads\\\/2022\\\/05\\\/izbori-u-bih.jpeg\",\"datePublished\":\"2022-06-28T12:07:20+00:00\",\"dateModified\":\"2022-06-28T12:07:21+00:00\",\"breadcrumb\":{\"@id\":\"https:\\\/\\\/radioljubuski.ba\\\/index.php\\\/2022\\\/06\\\/28\\\/jesu-li-hrvati-u-bih-u-opasnosti-od-preglasavanja\\\/#breadcrumb\"},\"inLanguage\":\"hr\",\"potentialAction\":[{\"@type\":\"ReadAction\",\"target\":[\"https:\\\/\\\/radioljubuski.ba\\\/index.php\\\/2022\\\/06\\\/28\\\/jesu-li-hrvati-u-bih-u-opasnosti-od-preglasavanja\\\/\"]}]},{\"@type\":\"ImageObject\",\"inLanguage\":\"hr\",\"@id\":\"https:\\\/\\\/radioljubuski.ba\\\/index.php\\\/2022\\\/06\\\/28\\\/jesu-li-hrvati-u-bih-u-opasnosti-od-preglasavanja\\\/#primaryimage\",\"url\":\"https:\\\/\\\/radioljubuski.ba\\\/wp-content\\\/uploads\\\/2022\\\/05\\\/izbori-u-bih.jpeg\",\"contentUrl\":\"https:\\\/\\\/radioljubuski.ba\\\/wp-content\\\/uploads\\\/2022\\\/05\\\/izbori-u-bih.jpeg\",\"width\":612,\"height\":408},{\"@type\":\"BreadcrumbList\",\"@id\":\"https:\\\/\\\/radioljubuski.ba\\\/index.php\\\/2022\\\/06\\\/28\\\/jesu-li-hrvati-u-bih-u-opasnosti-od-preglasavanja\\\/#breadcrumb\",\"itemListElement\":[{\"@type\":\"ListItem\",\"position\":1,\"name\":\"Po\u010detna stranica\",\"item\":\"https:\\\/\\\/radioljubuski.ba\\\/\"},{\"@type\":\"ListItem\",\"position\":2,\"name\":\"Jesu li Hrvati u BiH u opasnosti od preglasavanja?\"}]},{\"@type\":\"WebSite\",\"@id\":\"https:\\\/\\\/radioljubuski.ba\\\/#website\",\"url\":\"https:\\\/\\\/radioljubuski.ba\\\/\",\"name\":\"Radio Ljubu\u0161ki\",\"description\":\"Sun\u010dana frekvencija Hercegovine\",\"publisher\":{\"@id\":\"https:\\\/\\\/radioljubuski.ba\\\/#organization\"},\"potentialAction\":[{\"@type\":\"SearchAction\",\"target\":{\"@type\":\"EntryPoint\",\"urlTemplate\":\"https:\\\/\\\/radioljubuski.ba\\\/?s={search_term_string}\"},\"query-input\":{\"@type\":\"PropertyValueSpecification\",\"valueRequired\":true,\"valueName\":\"search_term_string\"}}],\"inLanguage\":\"hr\"},{\"@type\":\"Organization\",\"@id\":\"https:\\\/\\\/radioljubuski.ba\\\/#organization\",\"name\":\"Radio Ljubu\u0161ki\",\"url\":\"https:\\\/\\\/radioljubuski.ba\\\/\",\"logo\":{\"@type\":\"ImageObject\",\"inLanguage\":\"hr\",\"@id\":\"https:\\\/\\\/radioljubuski.ba\\\/#\\\/schema\\\/logo\\\/image\\\/\",\"url\":\"https:\\\/\\\/radioljubuski.ba\\\/wp-content\\\/uploads\\\/2021\\\/02\\\/cropped-Radio_Ljubuski_logo1.jpg\",\"contentUrl\":\"https:\\\/\\\/radioljubuski.ba\\\/wp-content\\\/uploads\\\/2021\\\/02\\\/cropped-Radio_Ljubuski_logo1.jpg\",\"width\":512,\"height\":512,\"caption\":\"Radio Ljubu\u0161ki\"},\"image\":{\"@id\":\"https:\\\/\\\/radioljubuski.ba\\\/#\\\/schema\\\/logo\\\/image\\\/\"},\"sameAs\":[\"https:\\\/\\\/www.facebook.com\\\/Radiio-Ljubuski-1490835324566332\",\"https:\\\/\\\/x.com\\\/radioljubuski\",\"https:\\\/\\\/hr.linkedin.com\\\/company\\\/radio-ljubuski\",\"https:\\\/\\\/www.youtube.com\\\/channel\\\/UCHYaeO_n0Db3tjNGudGpXyw\"]},{\"@type\":\"Person\",\"@id\":\"https:\\\/\\\/radioljubuski.ba\\\/#\\\/schema\\\/person\\\/19fc700381a780f69665d7956c469e3b\",\"name\":\"Radio Ljubu\u0161ki\"}]}<\/script>\n<!-- \/ Yoast SEO plugin. -->","yoast_head_json":{"title":"Jesu li Hrvati u BiH u opasnosti od preglasavanja? - RADIO LJUBU\u0160KI","robots":{"index":"index","follow":"follow","max-snippet":"max-snippet:-1","max-image-preview":"max-image-preview:large","max-video-preview":"max-video-preview:-1"},"canonical":"https:\/\/radioljubuski.ba\/index.php\/2022\/06\/28\/jesu-li-hrvati-u-bih-u-opasnosti-od-preglasavanja\/","og_locale":"hr_HR","og_type":"article","og_title":"Jesu li Hrvati u BiH u opasnosti od preglasavanja? - RADIO LJUBU\u0160KI","og_description":"Op\u0107i izbori u Bosni i Hercegovini odr\u017eat \u0107e se u listopadu, a na tu temu postavljaju se brojna pitanja. Ekipa Provjerenog istra\u017eila je&nbsp;jesu li Hrvati kao&nbsp;najmalobrojniji narod&nbsp;u BiH uistinu u opasnosti od preglasavanja? Osim toga posljednjih tjedana\u00a0izborni zakon je top tema, ne samo u Bosni i Hercegovini ve\u0107 i \u0161ire. U razgovoru sa onima koji [&hellip;]","og_url":"https:\/\/radioljubuski.ba\/index.php\/2022\/06\/28\/jesu-li-hrvati-u-bih-u-opasnosti-od-preglasavanja\/","og_site_name":"RADIO LJUBU\u0160KI","article_publisher":"https:\/\/www.facebook.com\/Radiio-Ljubuski-1490835324566332","article_published_time":"2022-06-28T12:07:20+00:00","article_modified_time":"2022-06-28T12:07:21+00:00","og_image":[{"width":612,"height":408,"url":"https:\/\/radioljubuski.ba\/wp-content\/uploads\/2022\/05\/izbori-u-bih.jpeg","type":"image\/jpeg"}],"author":"Radio Ljubu\u0161ki","twitter_card":"summary_large_image","twitter_creator":"@radioljubuski","twitter_site":"@radioljubuski","twitter_misc":{"Napisao\/la":"Radio Ljubu\u0161ki","Procijenjeno vrijeme \u010ditanja":"1 minuta"},"schema":{"@context":"https:\/\/schema.org","@graph":[{"@type":"Article","@id":"https:\/\/radioljubuski.ba\/index.php\/2022\/06\/28\/jesu-li-hrvati-u-bih-u-opasnosti-od-preglasavanja\/#article","isPartOf":{"@id":"https:\/\/radioljubuski.ba\/index.php\/2022\/06\/28\/jesu-li-hrvati-u-bih-u-opasnosti-od-preglasavanja\/"},"author":{"name":"Radio Ljubu\u0161ki","@id":"https:\/\/radioljubuski.ba\/#\/schema\/person\/19fc700381a780f69665d7956c469e3b"},"headline":"Jesu li Hrvati u BiH u opasnosti od preglasavanja?","datePublished":"2022-06-28T12:07:20+00:00","dateModified":"2022-06-28T12:07:21+00:00","mainEntityOfPage":{"@id":"https:\/\/radioljubuski.ba\/index.php\/2022\/06\/28\/jesu-li-hrvati-u-bih-u-opasnosti-od-preglasavanja\/"},"wordCount":89,"publisher":{"@id":"https:\/\/radioljubuski.ba\/#organization"},"image":{"@id":"https:\/\/radioljubuski.ba\/index.php\/2022\/06\/28\/jesu-li-hrvati-u-bih-u-opasnosti-od-preglasavanja\/#primaryimage"},"thumbnailUrl":"https:\/\/radioljubuski.ba\/wp-content\/uploads\/2022\/05\/izbori-u-bih.jpeg","articleSection":["BIH i regija"],"inLanguage":"hr"},{"@type":"WebPage","@id":"https:\/\/radioljubuski.ba\/index.php\/2022\/06\/28\/jesu-li-hrvati-u-bih-u-opasnosti-od-preglasavanja\/","url":"https:\/\/radioljubuski.ba\/index.php\/2022\/06\/28\/jesu-li-hrvati-u-bih-u-opasnosti-od-preglasavanja\/","name":"Jesu li Hrvati u BiH u opasnosti od preglasavanja? - RADIO LJUBU\u0160KI","isPartOf":{"@id":"https:\/\/radioljubuski.ba\/#website"},"primaryImageOfPage":{"@id":"https:\/\/radioljubuski.ba\/index.php\/2022\/06\/28\/jesu-li-hrvati-u-bih-u-opasnosti-od-preglasavanja\/#primaryimage"},"image":{"@id":"https:\/\/radioljubuski.ba\/index.php\/2022\/06\/28\/jesu-li-hrvati-u-bih-u-opasnosti-od-preglasavanja\/#primaryimage"},"thumbnailUrl":"https:\/\/radioljubuski.ba\/wp-content\/uploads\/2022\/05\/izbori-u-bih.jpeg","datePublished":"2022-06-28T12:07:20+00:00","dateModified":"2022-06-28T12:07:21+00:00","breadcrumb":{"@id":"https:\/\/radioljubuski.ba\/index.php\/2022\/06\/28\/jesu-li-hrvati-u-bih-u-opasnosti-od-preglasavanja\/#breadcrumb"},"inLanguage":"hr","potentialAction":[{"@type":"ReadAction","target":["https:\/\/radioljubuski.ba\/index.php\/2022\/06\/28\/jesu-li-hrvati-u-bih-u-opasnosti-od-preglasavanja\/"]}]},{"@type":"ImageObject","inLanguage":"hr","@id":"https:\/\/radioljubuski.ba\/index.php\/2022\/06\/28\/jesu-li-hrvati-u-bih-u-opasnosti-od-preglasavanja\/#primaryimage","url":"https:\/\/radioljubuski.ba\/wp-content\/uploads\/2022\/05\/izbori-u-bih.jpeg","contentUrl":"https:\/\/radioljubuski.ba\/wp-content\/uploads\/2022\/05\/izbori-u-bih.jpeg","width":612,"height":408},{"@type":"BreadcrumbList","@id":"https:\/\/radioljubuski.ba\/index.php\/2022\/06\/28\/jesu-li-hrvati-u-bih-u-opasnosti-od-preglasavanja\/#breadcrumb","itemListElement":[{"@type":"ListItem","position":1,"name":"Po\u010detna stranica","item":"https:\/\/radioljubuski.ba\/"},{"@type":"ListItem","position":2,"name":"Jesu li Hrvati u BiH u opasnosti od preglasavanja?"}]},{"@type":"WebSite","@id":"https:\/\/radioljubuski.ba\/#website","url":"https:\/\/radioljubuski.ba\/","name":"Radio Ljubu\u0161ki","description":"Sun\u010dana frekvencija Hercegovine","publisher":{"@id":"https:\/\/radioljubuski.ba\/#organization"},"potentialAction":[{"@type":"SearchAction","target":{"@type":"EntryPoint","urlTemplate":"https:\/\/radioljubuski.ba\/?s={search_term_string}"},"query-input":{"@type":"PropertyValueSpecification","valueRequired":true,"valueName":"search_term_string"}}],"inLanguage":"hr"},{"@type":"Organization","@id":"https:\/\/radioljubuski.ba\/#organization","name":"Radio Ljubu\u0161ki","url":"https:\/\/radioljubuski.ba\/","logo":{"@type":"ImageObject","inLanguage":"hr","@id":"https:\/\/radioljubuski.ba\/#\/schema\/logo\/image\/","url":"https:\/\/radioljubuski.ba\/wp-content\/uploads\/2021\/02\/cropped-Radio_Ljubuski_logo1.jpg","contentUrl":"https:\/\/radioljubuski.ba\/wp-content\/uploads\/2021\/02\/cropped-Radio_Ljubuski_logo1.jpg","width":512,"height":512,"caption":"Radio Ljubu\u0161ki"},"image":{"@id":"https:\/\/radioljubuski.ba\/#\/schema\/logo\/image\/"},"sameAs":["https:\/\/www.facebook.com\/Radiio-Ljubuski-1490835324566332","https:\/\/x.com\/radioljubuski","https:\/\/hr.linkedin.com\/company\/radio-ljubuski","https:\/\/www.youtube.com\/channel\/UCHYaeO_n0Db3tjNGudGpXyw"]},{"@type":"Person","@id":"https:\/\/radioljubuski.ba\/#\/schema\/person\/19fc700381a780f69665d7956c469e3b","name":"Radio Ljubu\u0161ki"}]}},"_links":{"self":[{"href":"https:\/\/radioljubuski.ba\/index.php\/wp-json\/wp\/v2\/posts\/154482","targetHints":{"allow":["GET"]}}],"collection":[{"href":"https:\/\/radioljubuski.ba\/index.php\/wp-json\/wp\/v2\/posts"}],"about":[{"href":"https:\/\/radioljubuski.ba\/index.php\/wp-json\/wp\/v2\/types\/post"}],"author":[{"embeddable":true,"href":"https:\/\/radioljubuski.ba\/index.php\/wp-json\/wp\/v2\/users\/2"}],"replies":[{"embeddable":true,"href":"https:\/\/radioljubuski.ba\/index.php\/wp-json\/wp\/v2\/comments?post=154482"}],"version-history":[{"count":1,"href":"https:\/\/radioljubuski.ba\/index.php\/wp-json\/wp\/v2\/posts\/154482\/revisions"}],"predecessor-version":[{"id":154488,"href":"https:\/\/radioljubuski.ba\/index.php\/wp-json\/wp\/v2\/posts\/154482\/revisions\/154488"}],"wp:featuredmedia":[{"embeddable":true,"href":"https:\/\/radioljubuski.ba\/index.php\/wp-json\/wp\/v2\/media\/140285"}],"wp:attachment":[{"href":"https:\/\/radioljubuski.ba\/index.php\/wp-json\/wp\/v2\/media?parent=154482"}],"wp:term":[{"taxonomy":"category","embeddable":true,"href":"https:\/\/radioljubuski.ba\/index.php\/wp-json\/wp\/v2\/categories?post=154482"},{"taxonomy":"post_tag","embeddable":true,"href":"https:\/\/radioljubuski.ba\/index.php\/wp-json\/wp\/v2\/tags?post=154482"}],"curies":[{"name":"wp","href":"https:\/\/api.w.org\/{rel}","templated":true}]}}