{"id":154483,"date":"2022-06-28T13:05:48","date_gmt":"2022-06-28T12:05:48","guid":{"rendered":"https:\/\/radioljubuski.ba\/?p=154483"},"modified":"2022-06-28T13:05:49","modified_gmt":"2022-06-28T12:05:49","slug":"meteoalarm-trajno-upaljen-za-cijelu-bih-zbog-visokih-temperatura","status":"publish","type":"post","link":"https:\/\/radioljubuski.ba\/index.php\/2022\/06\/28\/meteoalarm-trajno-upaljen-za-cijelu-bih-zbog-visokih-temperatura\/","title":{"rendered":"Meteoalarm trajno upaljen za cijelu BiH zbog visokih temperatura"},"content":{"rendered":"\n<p>Zbog visoke dnevne temperature i vrijednosti UV indeksa upaljen je naran\u010dasti meteoalarm za cijelu BiH koje \u0107e biti na znazi do 1. srpnja, podaci su Federalnog hidrometeorolo\u0161kog zavoda.<\/p>\n\n\n\n<p>Na stranici je objavljeno da \u0107e se idu\u0107ih dana dnevna temperatura zraka kretati izme\u0111u 33 i 38 stupnjeva na jugu i lokalno na sjeveru zemlje do 40 stupnjeva.<\/p>\n\n\n\n<p>Iz Zavoda poru\u010duju gra\u0111anima da prate vremensku prognozu i poduzmu sve mjere opreza, jer ovako visoka temperatura mo\u017ee uzrokovati smetnje u obavljanju svakodnevnih poslova.<\/p>\n\n\n\n<p>Posebno nagla\u0161avaju da treba prekinuti sve aktivnosti na otvorenom i da se djeluje u skladu sa savjetima lije\u010dnika.&nbsp;<\/p>\n\n\n\n<p>Izvor:pogled.ba<\/p>\n","protected":false},"excerpt":{"rendered":"<p>Zbog visoke dnevne temperature i vrijednosti UV indeksa upaljen je naran\u010dasti meteoalarm za cijelu BiH koje \u0107e biti na znazi do 1. srpnja, podaci su Federalnog hidrometeorolo\u0161kog zavoda. Na stranici je objavljeno da \u0107e se idu\u0107ih dana dnevna temperatura zraka kretati izme\u0111u 33 i 38 stupnjeva na jugu i lokalno na sjeveru zemlje do 40 [&hellip;]<\/p>\n","protected":false},"author":2,"featured_media":27394,"comment_status":"closed","ping_status":"closed","sticky":false,"template":"","format":"standard","meta":{"h5ap_radio_sources":[],"footnotes":""},"categories":[1],"tags":[],"class_list":["post-154483","post","type-post","status-publish","format-standard","has-post-thumbnail","hentry","category-bihiregija"],"yoast_head":"<!-- This site is optimized with the Yoast SEO plugin v27.5 - https:\/\/yoast.com\/product\/yoast-seo-wordpress\/ -->\n<title>Meteoalarm trajno upaljen za cijelu BiH zbog visokih temperatura - RADIO LJUBU\u0160KI<\/title>\n<meta name=\"robots\" content=\"index, follow, max-snippet:-1, max-image-preview:large, max-video-preview:-1\" \/>\n<link rel=\"canonical\" href=\"https:\/\/radioljubuski.ba\/index.php\/2022\/06\/28\/meteoalarm-trajno-upaljen-za-cijelu-bih-zbog-visokih-temperatura\/\" \/>\n<meta property=\"og:locale\" content=\"hr_HR\" \/>\n<meta property=\"og:type\" content=\"article\" \/>\n<meta property=\"og:title\" content=\"Meteoalarm trajno upaljen za cijelu BiH zbog visokih temperatura - RADIO LJUBU\u0160KI\" \/>\n<meta property=\"og:description\" content=\"Zbog visoke dnevne temperature i vrijednosti UV indeksa upaljen je naran\u010dasti meteoalarm za cijelu BiH koje \u0107e biti na znazi do 1. srpnja, podaci su Federalnog hidrometeorolo\u0161kog zavoda. Na stranici je objavljeno da \u0107e se idu\u0107ih dana dnevna temperatura zraka kretati izme\u0111u 33 i 38 stupnjeva na jugu i lokalno na sjeveru zemlje do 40 [&hellip;]\" \/>\n<meta property=\"og:url\" content=\"https:\/\/radioljubuski.ba\/index.php\/2022\/06\/28\/meteoalarm-trajno-upaljen-za-cijelu-bih-zbog-visokih-temperatura\/\" \/>\n<meta property=\"og:site_name\" content=\"RADIO LJUBU\u0160KI\" \/>\n<meta property=\"article:publisher\" content=\"https:\/\/www.facebook.com\/Radiio-Ljubuski-1490835324566332\" \/>\n<meta property=\"article:published_time\" content=\"2022-06-28T12:05:48+00:00\" \/>\n<meta property=\"article:modified_time\" content=\"2022-06-28T12:05:49+00:00\" \/>\n<meta property=\"og:image\" content=\"https:\/\/radioljubuski.ba\/wp-content\/uploads\/2021\/06\/QY7He6hb_600_1499239353600_1494509780velike_vrucine.jpg\" \/>\n\t<meta property=\"og:image:width\" content=\"1000\" \/>\n\t<meta property=\"og:image:height\" content=\"625\" \/>\n\t<meta property=\"og:image:type\" content=\"image\/jpeg\" \/>\n<meta name=\"author\" content=\"Radio Ljubu\u0161ki\" \/>\n<meta name=\"twitter:card\" content=\"summary_large_image\" \/>\n<meta name=\"twitter:creator\" content=\"@radioljubuski\" \/>\n<meta name=\"twitter:site\" content=\"@radioljubuski\" \/>\n<meta name=\"twitter:label1\" content=\"Napisao\/la\" \/>\n\t<meta name=\"twitter:data1\" content=\"Radio Ljubu\u0161ki\" \/>\n\t<meta name=\"twitter:label2\" content=\"Procijenjeno vrijeme \u010ditanja\" \/>\n\t<meta name=\"twitter:data2\" content=\"1 minuta\" \/>\n<script type=\"application\/ld+json\" class=\"yoast-schema-graph\">{\"@context\":\"https:\\\/\\\/schema.org\",\"@graph\":[{\"@type\":\"Article\",\"@id\":\"https:\\\/\\\/radioljubuski.ba\\\/index.php\\\/2022\\\/06\\\/28\\\/meteoalarm-trajno-upaljen-za-cijelu-bih-zbog-visokih-temperatura\\\/#article\",\"isPartOf\":{\"@id\":\"https:\\\/\\\/radioljubuski.ba\\\/index.php\\\/2022\\\/06\\\/28\\\/meteoalarm-trajno-upaljen-za-cijelu-bih-zbog-visokih-temperatura\\\/\"},\"author\":{\"name\":\"Radio Ljubu\u0161ki\",\"@id\":\"https:\\\/\\\/radioljubuski.ba\\\/#\\\/schema\\\/person\\\/19fc700381a780f69665d7956c469e3b\"},\"headline\":\"Meteoalarm trajno upaljen za cijelu BiH zbog visokih temperatura\",\"datePublished\":\"2022-06-28T12:05:48+00:00\",\"dateModified\":\"2022-06-28T12:05:49+00:00\",\"mainEntityOfPage\":{\"@id\":\"https:\\\/\\\/radioljubuski.ba\\\/index.php\\\/2022\\\/06\\\/28\\\/meteoalarm-trajno-upaljen-za-cijelu-bih-zbog-visokih-temperatura\\\/\"},\"wordCount\":116,\"publisher\":{\"@id\":\"https:\\\/\\\/radioljubuski.ba\\\/#organization\"},\"image\":{\"@id\":\"https:\\\/\\\/radioljubuski.ba\\\/index.php\\\/2022\\\/06\\\/28\\\/meteoalarm-trajno-upaljen-za-cijelu-bih-zbog-visokih-temperatura\\\/#primaryimage\"},\"thumbnailUrl\":\"https:\\\/\\\/radioljubuski.ba\\\/wp-content\\\/uploads\\\/2021\\\/06\\\/QY7He6hb_600_1499239353600_1494509780velike_vrucine.jpg\",\"articleSection\":[\"BIH i regija\"],\"inLanguage\":\"hr\"},{\"@type\":\"WebPage\",\"@id\":\"https:\\\/\\\/radioljubuski.ba\\\/index.php\\\/2022\\\/06\\\/28\\\/meteoalarm-trajno-upaljen-za-cijelu-bih-zbog-visokih-temperatura\\\/\",\"url\":\"https:\\\/\\\/radioljubuski.ba\\\/index.php\\\/2022\\\/06\\\/28\\\/meteoalarm-trajno-upaljen-za-cijelu-bih-zbog-visokih-temperatura\\\/\",\"name\":\"Meteoalarm trajno upaljen za cijelu BiH zbog visokih temperatura - RADIO LJUBU\u0160KI\",\"isPartOf\":{\"@id\":\"https:\\\/\\\/radioljubuski.ba\\\/#website\"},\"primaryImageOfPage\":{\"@id\":\"https:\\\/\\\/radioljubuski.ba\\\/index.php\\\/2022\\\/06\\\/28\\\/meteoalarm-trajno-upaljen-za-cijelu-bih-zbog-visokih-temperatura\\\/#primaryimage\"},\"image\":{\"@id\":\"https:\\\/\\\/radioljubuski.ba\\\/index.php\\\/2022\\\/06\\\/28\\\/meteoalarm-trajno-upaljen-za-cijelu-bih-zbog-visokih-temperatura\\\/#primaryimage\"},\"thumbnailUrl\":\"https:\\\/\\\/radioljubuski.ba\\\/wp-content\\\/uploads\\\/2021\\\/06\\\/QY7He6hb_600_1499239353600_1494509780velike_vrucine.jpg\",\"datePublished\":\"2022-06-28T12:05:48+00:00\",\"dateModified\":\"2022-06-28T12:05:49+00:00\",\"breadcrumb\":{\"@id\":\"https:\\\/\\\/radioljubuski.ba\\\/index.php\\\/2022\\\/06\\\/28\\\/meteoalarm-trajno-upaljen-za-cijelu-bih-zbog-visokih-temperatura\\\/#breadcrumb\"},\"inLanguage\":\"hr\",\"potentialAction\":[{\"@type\":\"ReadAction\",\"target\":[\"https:\\\/\\\/radioljubuski.ba\\\/index.php\\\/2022\\\/06\\\/28\\\/meteoalarm-trajno-upaljen-za-cijelu-bih-zbog-visokih-temperatura\\\/\"]}]},{\"@type\":\"ImageObject\",\"inLanguage\":\"hr\",\"@id\":\"https:\\\/\\\/radioljubuski.ba\\\/index.php\\\/2022\\\/06\\\/28\\\/meteoalarm-trajno-upaljen-za-cijelu-bih-zbog-visokih-temperatura\\\/#primaryimage\",\"url\":\"https:\\\/\\\/radioljubuski.ba\\\/wp-content\\\/uploads\\\/2021\\\/06\\\/QY7He6hb_600_1499239353600_1494509780velike_vrucine.jpg\",\"contentUrl\":\"https:\\\/\\\/radioljubuski.ba\\\/wp-content\\\/uploads\\\/2021\\\/06\\\/QY7He6hb_600_1499239353600_1494509780velike_vrucine.jpg\",\"width\":1000,\"height\":625},{\"@type\":\"BreadcrumbList\",\"@id\":\"https:\\\/\\\/radioljubuski.ba\\\/index.php\\\/2022\\\/06\\\/28\\\/meteoalarm-trajno-upaljen-za-cijelu-bih-zbog-visokih-temperatura\\\/#breadcrumb\",\"itemListElement\":[{\"@type\":\"ListItem\",\"position\":1,\"name\":\"Po\u010detna stranica\",\"item\":\"https:\\\/\\\/radioljubuski.ba\\\/\"},{\"@type\":\"ListItem\",\"position\":2,\"name\":\"Meteoalarm trajno upaljen za cijelu BiH zbog visokih temperatura\"}]},{\"@type\":\"WebSite\",\"@id\":\"https:\\\/\\\/radioljubuski.ba\\\/#website\",\"url\":\"https:\\\/\\\/radioljubuski.ba\\\/\",\"name\":\"Radio Ljubu\u0161ki\",\"description\":\"Sun\u010dana frekvencija Hercegovine\",\"publisher\":{\"@id\":\"https:\\\/\\\/radioljubuski.ba\\\/#organization\"},\"potentialAction\":[{\"@type\":\"SearchAction\",\"target\":{\"@type\":\"EntryPoint\",\"urlTemplate\":\"https:\\\/\\\/radioljubuski.ba\\\/?s={search_term_string}\"},\"query-input\":{\"@type\":\"PropertyValueSpecification\",\"valueRequired\":true,\"valueName\":\"search_term_string\"}}],\"inLanguage\":\"hr\"},{\"@type\":\"Organization\",\"@id\":\"https:\\\/\\\/radioljubuski.ba\\\/#organization\",\"name\":\"Radio Ljubu\u0161ki\",\"url\":\"https:\\\/\\\/radioljubuski.ba\\\/\",\"logo\":{\"@type\":\"ImageObject\",\"inLanguage\":\"hr\",\"@id\":\"https:\\\/\\\/radioljubuski.ba\\\/#\\\/schema\\\/logo\\\/image\\\/\",\"url\":\"https:\\\/\\\/radioljubuski.ba\\\/wp-content\\\/uploads\\\/2021\\\/02\\\/cropped-Radio_Ljubuski_logo1.jpg\",\"contentUrl\":\"https:\\\/\\\/radioljubuski.ba\\\/wp-content\\\/uploads\\\/2021\\\/02\\\/cropped-Radio_Ljubuski_logo1.jpg\",\"width\":512,\"height\":512,\"caption\":\"Radio Ljubu\u0161ki\"},\"image\":{\"@id\":\"https:\\\/\\\/radioljubuski.ba\\\/#\\\/schema\\\/logo\\\/image\\\/\"},\"sameAs\":[\"https:\\\/\\\/www.facebook.com\\\/Radiio-Ljubuski-1490835324566332\",\"https:\\\/\\\/x.com\\\/radioljubuski\",\"https:\\\/\\\/hr.linkedin.com\\\/company\\\/radio-ljubuski\",\"https:\\\/\\\/www.youtube.com\\\/channel\\\/UCHYaeO_n0Db3tjNGudGpXyw\"]},{\"@type\":\"Person\",\"@id\":\"https:\\\/\\\/radioljubuski.ba\\\/#\\\/schema\\\/person\\\/19fc700381a780f69665d7956c469e3b\",\"name\":\"Radio Ljubu\u0161ki\"}]}<\/script>\n<!-- \/ Yoast SEO plugin. -->","yoast_head_json":{"title":"Meteoalarm trajno upaljen za cijelu BiH zbog visokih temperatura - RADIO LJUBU\u0160KI","robots":{"index":"index","follow":"follow","max-snippet":"max-snippet:-1","max-image-preview":"max-image-preview:large","max-video-preview":"max-video-preview:-1"},"canonical":"https:\/\/radioljubuski.ba\/index.php\/2022\/06\/28\/meteoalarm-trajno-upaljen-za-cijelu-bih-zbog-visokih-temperatura\/","og_locale":"hr_HR","og_type":"article","og_title":"Meteoalarm trajno upaljen za cijelu BiH zbog visokih temperatura - RADIO LJUBU\u0160KI","og_description":"Zbog visoke dnevne temperature i vrijednosti UV indeksa upaljen je naran\u010dasti meteoalarm za cijelu BiH koje \u0107e biti na znazi do 1. srpnja, podaci su Federalnog hidrometeorolo\u0161kog zavoda. Na stranici je objavljeno da \u0107e se idu\u0107ih dana dnevna temperatura zraka kretati izme\u0111u 33 i 38 stupnjeva na jugu i lokalno na sjeveru zemlje do 40 [&hellip;]","og_url":"https:\/\/radioljubuski.ba\/index.php\/2022\/06\/28\/meteoalarm-trajno-upaljen-za-cijelu-bih-zbog-visokih-temperatura\/","og_site_name":"RADIO LJUBU\u0160KI","article_publisher":"https:\/\/www.facebook.com\/Radiio-Ljubuski-1490835324566332","article_published_time":"2022-06-28T12:05:48+00:00","article_modified_time":"2022-06-28T12:05:49+00:00","og_image":[{"width":1000,"height":625,"url":"https:\/\/radioljubuski.ba\/wp-content\/uploads\/2021\/06\/QY7He6hb_600_1499239353600_1494509780velike_vrucine.jpg","type":"image\/jpeg"}],"author":"Radio Ljubu\u0161ki","twitter_card":"summary_large_image","twitter_creator":"@radioljubuski","twitter_site":"@radioljubuski","twitter_misc":{"Napisao\/la":"Radio Ljubu\u0161ki","Procijenjeno vrijeme \u010ditanja":"1 minuta"},"schema":{"@context":"https:\/\/schema.org","@graph":[{"@type":"Article","@id":"https:\/\/radioljubuski.ba\/index.php\/2022\/06\/28\/meteoalarm-trajno-upaljen-za-cijelu-bih-zbog-visokih-temperatura\/#article","isPartOf":{"@id":"https:\/\/radioljubuski.ba\/index.php\/2022\/06\/28\/meteoalarm-trajno-upaljen-za-cijelu-bih-zbog-visokih-temperatura\/"},"author":{"name":"Radio Ljubu\u0161ki","@id":"https:\/\/radioljubuski.ba\/#\/schema\/person\/19fc700381a780f69665d7956c469e3b"},"headline":"Meteoalarm trajno upaljen za cijelu BiH zbog visokih temperatura","datePublished":"2022-06-28T12:05:48+00:00","dateModified":"2022-06-28T12:05:49+00:00","mainEntityOfPage":{"@id":"https:\/\/radioljubuski.ba\/index.php\/2022\/06\/28\/meteoalarm-trajno-upaljen-za-cijelu-bih-zbog-visokih-temperatura\/"},"wordCount":116,"publisher":{"@id":"https:\/\/radioljubuski.ba\/#organization"},"image":{"@id":"https:\/\/radioljubuski.ba\/index.php\/2022\/06\/28\/meteoalarm-trajno-upaljen-za-cijelu-bih-zbog-visokih-temperatura\/#primaryimage"},"thumbnailUrl":"https:\/\/radioljubuski.ba\/wp-content\/uploads\/2021\/06\/QY7He6hb_600_1499239353600_1494509780velike_vrucine.jpg","articleSection":["BIH i regija"],"inLanguage":"hr"},{"@type":"WebPage","@id":"https:\/\/radioljubuski.ba\/index.php\/2022\/06\/28\/meteoalarm-trajno-upaljen-za-cijelu-bih-zbog-visokih-temperatura\/","url":"https:\/\/radioljubuski.ba\/index.php\/2022\/06\/28\/meteoalarm-trajno-upaljen-za-cijelu-bih-zbog-visokih-temperatura\/","name":"Meteoalarm trajno upaljen za cijelu BiH zbog visokih temperatura - RADIO LJUBU\u0160KI","isPartOf":{"@id":"https:\/\/radioljubuski.ba\/#website"},"primaryImageOfPage":{"@id":"https:\/\/radioljubuski.ba\/index.php\/2022\/06\/28\/meteoalarm-trajno-upaljen-za-cijelu-bih-zbog-visokih-temperatura\/#primaryimage"},"image":{"@id":"https:\/\/radioljubuski.ba\/index.php\/2022\/06\/28\/meteoalarm-trajno-upaljen-za-cijelu-bih-zbog-visokih-temperatura\/#primaryimage"},"thumbnailUrl":"https:\/\/radioljubuski.ba\/wp-content\/uploads\/2021\/06\/QY7He6hb_600_1499239353600_1494509780velike_vrucine.jpg","datePublished":"2022-06-28T12:05:48+00:00","dateModified":"2022-06-28T12:05:49+00:00","breadcrumb":{"@id":"https:\/\/radioljubuski.ba\/index.php\/2022\/06\/28\/meteoalarm-trajno-upaljen-za-cijelu-bih-zbog-visokih-temperatura\/#breadcrumb"},"inLanguage":"hr","potentialAction":[{"@type":"ReadAction","target":["https:\/\/radioljubuski.ba\/index.php\/2022\/06\/28\/meteoalarm-trajno-upaljen-za-cijelu-bih-zbog-visokih-temperatura\/"]}]},{"@type":"ImageObject","inLanguage":"hr","@id":"https:\/\/radioljubuski.ba\/index.php\/2022\/06\/28\/meteoalarm-trajno-upaljen-za-cijelu-bih-zbog-visokih-temperatura\/#primaryimage","url":"https:\/\/radioljubuski.ba\/wp-content\/uploads\/2021\/06\/QY7He6hb_600_1499239353600_1494509780velike_vrucine.jpg","contentUrl":"https:\/\/radioljubuski.ba\/wp-content\/uploads\/2021\/06\/QY7He6hb_600_1499239353600_1494509780velike_vrucine.jpg","width":1000,"height":625},{"@type":"BreadcrumbList","@id":"https:\/\/radioljubuski.ba\/index.php\/2022\/06\/28\/meteoalarm-trajno-upaljen-za-cijelu-bih-zbog-visokih-temperatura\/#breadcrumb","itemListElement":[{"@type":"ListItem","position":1,"name":"Po\u010detna stranica","item":"https:\/\/radioljubuski.ba\/"},{"@type":"ListItem","position":2,"name":"Meteoalarm trajno upaljen za cijelu BiH zbog visokih temperatura"}]},{"@type":"WebSite","@id":"https:\/\/radioljubuski.ba\/#website","url":"https:\/\/radioljubuski.ba\/","name":"Radio Ljubu\u0161ki","description":"Sun\u010dana frekvencija Hercegovine","publisher":{"@id":"https:\/\/radioljubuski.ba\/#organization"},"potentialAction":[{"@type":"SearchAction","target":{"@type":"EntryPoint","urlTemplate":"https:\/\/radioljubuski.ba\/?s={search_term_string}"},"query-input":{"@type":"PropertyValueSpecification","valueRequired":true,"valueName":"search_term_string"}}],"inLanguage":"hr"},{"@type":"Organization","@id":"https:\/\/radioljubuski.ba\/#organization","name":"Radio Ljubu\u0161ki","url":"https:\/\/radioljubuski.ba\/","logo":{"@type":"ImageObject","inLanguage":"hr","@id":"https:\/\/radioljubuski.ba\/#\/schema\/logo\/image\/","url":"https:\/\/radioljubuski.ba\/wp-content\/uploads\/2021\/02\/cropped-Radio_Ljubuski_logo1.jpg","contentUrl":"https:\/\/radioljubuski.ba\/wp-content\/uploads\/2021\/02\/cropped-Radio_Ljubuski_logo1.jpg","width":512,"height":512,"caption":"Radio Ljubu\u0161ki"},"image":{"@id":"https:\/\/radioljubuski.ba\/#\/schema\/logo\/image\/"},"sameAs":["https:\/\/www.facebook.com\/Radiio-Ljubuski-1490835324566332","https:\/\/x.com\/radioljubuski","https:\/\/hr.linkedin.com\/company\/radio-ljubuski","https:\/\/www.youtube.com\/channel\/UCHYaeO_n0Db3tjNGudGpXyw"]},{"@type":"Person","@id":"https:\/\/radioljubuski.ba\/#\/schema\/person\/19fc700381a780f69665d7956c469e3b","name":"Radio Ljubu\u0161ki"}]}},"_links":{"self":[{"href":"https:\/\/radioljubuski.ba\/index.php\/wp-json\/wp\/v2\/posts\/154483","targetHints":{"allow":["GET"]}}],"collection":[{"href":"https:\/\/radioljubuski.ba\/index.php\/wp-json\/wp\/v2\/posts"}],"about":[{"href":"https:\/\/radioljubuski.ba\/index.php\/wp-json\/wp\/v2\/types\/post"}],"author":[{"embeddable":true,"href":"https:\/\/radioljubuski.ba\/index.php\/wp-json\/wp\/v2\/users\/2"}],"replies":[{"embeddable":true,"href":"https:\/\/radioljubuski.ba\/index.php\/wp-json\/wp\/v2\/comments?post=154483"}],"version-history":[{"count":1,"href":"https:\/\/radioljubuski.ba\/index.php\/wp-json\/wp\/v2\/posts\/154483\/revisions"}],"predecessor-version":[{"id":154484,"href":"https:\/\/radioljubuski.ba\/index.php\/wp-json\/wp\/v2\/posts\/154483\/revisions\/154484"}],"wp:featuredmedia":[{"embeddable":true,"href":"https:\/\/radioljubuski.ba\/index.php\/wp-json\/wp\/v2\/media\/27394"}],"wp:attachment":[{"href":"https:\/\/radioljubuski.ba\/index.php\/wp-json\/wp\/v2\/media?parent=154483"}],"wp:term":[{"taxonomy":"category","embeddable":true,"href":"https:\/\/radioljubuski.ba\/index.php\/wp-json\/wp\/v2\/categories?post=154483"},{"taxonomy":"post_tag","embeddable":true,"href":"https:\/\/radioljubuski.ba\/index.php\/wp-json\/wp\/v2\/tags?post=154483"}],"curies":[{"name":"wp","href":"https:\/\/api.w.org\/{rel}","templated":true}]}}