{"id":154514,"date":"2022-06-28T13:24:07","date_gmt":"2022-06-28T12:24:07","guid":{"rendered":"https:\/\/radioljubuski.ba\/?p=154514"},"modified":"2022-06-28T13:24:07","modified_gmt":"2022-06-28T12:24:07","slug":"nadal-i-dokovic-trenirali-s-pozitivnim-cilicem-i-berrettinijem","status":"publish","type":"post","link":"https:\/\/radioljubuski.ba\/index.php\/2022\/06\/28\/nadal-i-dokovic-trenirali-s-pozitivnim-cilicem-i-berrettinijem\/","title":{"rendered":"Nadal i \u0110okovi\u0107 trenirali s pozitivnim \u010cili\u0107em i Berrettinijem"},"content":{"rendered":"\n<p>U Wimbledonu trenuta\u010dno vlada vrlo napeta atmosfera jer su se po\u010deli pojavljivati pozitivni testovi na koronavirus i glavno je pitanje u svemu &#8211; tko je sljede\u0107i.<\/p>\n\n\n\n<p>U ponedjeljak se s turnira povukao najbolji hrvatski tenisa\u010d Marin \u010cili\u0107, a dan kasnije je tako\u0111er zbog pozitivnog testa na COVID-19 isto morao u\u010diniti pro\u0161logodi\u0161nji finalist ovog Grand Slam turnira, Talijan Matteo Berrettini. Obojica tenisa\u010da bili su \u201efavoriti iz sjene\u201c ove godine u All England Clubu.<\/p>\n\n\n\n<p>No, ove vijesti vezane za \u010cili\u0107a i Berrettinija nikako nisu pozitivne za Novaka \u0110okovi\u0107a i Rafaela Nadala, tenisa\u010de koji su u glavnom fokusu na londonskoj travi. Naime, \u0110okovi\u0107 je 23. lipnja odradio trening s \u010cili\u0107em, a istog dana su zajedno trenirali Nadal i Berrettini. Svi oni su tijekom tog dana bili u bliskom kontaktu te je vrlo upitno \u0161to donose idu\u0107i dani i sati za \u0161panjolskog i srpskog tenisa\u010da.<\/p>\n\n\n\n<p>\u0110okovi\u0107 je, podsjetimo, odradio me\u010d prvog kola te je nakon \u010detiri seta svladao Soonwoo Kwona, dok bi Nadal trebao tijekom utorka odigrati svoj premijerni me\u010d na ovogodi\u0161njem Wimbledonu. Suparnik mu je Argentinac Francisco Cerundolo.<\/p>\n\n\n\n<p>Izvor.pogled.ba<\/p>\n","protected":false},"excerpt":{"rendered":"<p>U Wimbledonu trenuta\u010dno vlada vrlo napeta atmosfera jer su se po\u010deli pojavljivati pozitivni testovi na koronavirus i glavno je pitanje u svemu &#8211; tko je sljede\u0107i. U ponedjeljak se s turnira povukao najbolji hrvatski tenisa\u010d Marin \u010cili\u0107, a dan kasnije je tako\u0111er zbog pozitivnog testa na COVID-19 isto morao u\u010diniti pro\u0161logodi\u0161nji finalist ovog Grand Slam [&hellip;]<\/p>\n","protected":false},"author":2,"featured_media":146361,"comment_status":"closed","ping_status":"closed","sticky":false,"template":"","format":"standard","meta":{"h5ap_radio_sources":[],"footnotes":""},"categories":[7],"tags":[],"class_list":["post-154514","post","type-post","status-publish","format-standard","has-post-thumbnail","hentry","category-sport"],"yoast_head":"<!-- This site is optimized with the Yoast SEO plugin v27.5 - https:\/\/yoast.com\/product\/yoast-seo-wordpress\/ -->\n<title>Nadal i \u0110okovi\u0107 trenirali s pozitivnim \u010cili\u0107em i Berrettinijem - RADIO LJUBU\u0160KI<\/title>\n<meta name=\"robots\" content=\"index, follow, max-snippet:-1, max-image-preview:large, max-video-preview:-1\" \/>\n<link rel=\"canonical\" href=\"https:\/\/radioljubuski.ba\/index.php\/2022\/06\/28\/nadal-i-dokovic-trenirali-s-pozitivnim-cilicem-i-berrettinijem\/\" \/>\n<meta property=\"og:locale\" content=\"hr_HR\" \/>\n<meta property=\"og:type\" content=\"article\" \/>\n<meta property=\"og:title\" content=\"Nadal i \u0110okovi\u0107 trenirali s pozitivnim \u010cili\u0107em i Berrettinijem - RADIO LJUBU\u0160KI\" \/>\n<meta property=\"og:description\" content=\"U Wimbledonu trenuta\u010dno vlada vrlo napeta atmosfera jer su se po\u010deli pojavljivati pozitivni testovi na koronavirus i glavno je pitanje u svemu &#8211; tko je sljede\u0107i. U ponedjeljak se s turnira povukao najbolji hrvatski tenisa\u010d Marin \u010cili\u0107, a dan kasnije je tako\u0111er zbog pozitivnog testa na COVID-19 isto morao u\u010diniti pro\u0161logodi\u0161nji finalist ovog Grand Slam [&hellip;]\" \/>\n<meta property=\"og:url\" content=\"https:\/\/radioljubuski.ba\/index.php\/2022\/06\/28\/nadal-i-dokovic-trenirali-s-pozitivnim-cilicem-i-berrettinijem\/\" \/>\n<meta property=\"og:site_name\" content=\"RADIO LJUBU\u0160KI\" \/>\n<meta property=\"article:publisher\" content=\"https:\/\/www.facebook.com\/Radiio-Ljubuski-1490835324566332\" \/>\n<meta property=\"article:published_time\" content=\"2022-06-28T12:24:07+00:00\" \/>\n<meta property=\"og:image\" content=\"https:\/\/radioljubuski.ba\/wp-content\/uploads\/2022\/06\/Nadal-and-Cilic.jpg\" \/>\n\t<meta property=\"og:image:width\" content=\"1200\" \/>\n\t<meta property=\"og:image:height\" content=\"667\" \/>\n\t<meta property=\"og:image:type\" content=\"image\/jpeg\" \/>\n<meta name=\"author\" content=\"Radio Ljubu\u0161ki\" \/>\n<meta name=\"twitter:card\" content=\"summary_large_image\" \/>\n<meta name=\"twitter:creator\" content=\"@radioljubuski\" \/>\n<meta name=\"twitter:site\" content=\"@radioljubuski\" \/>\n<meta name=\"twitter:label1\" content=\"Napisao\/la\" \/>\n\t<meta name=\"twitter:data1\" content=\"Radio Ljubu\u0161ki\" \/>\n\t<meta name=\"twitter:label2\" content=\"Procijenjeno vrijeme \u010ditanja\" \/>\n\t<meta name=\"twitter:data2\" content=\"1 minuta\" \/>\n<script type=\"application\/ld+json\" class=\"yoast-schema-graph\">{\"@context\":\"https:\\\/\\\/schema.org\",\"@graph\":[{\"@type\":\"Article\",\"@id\":\"https:\\\/\\\/radioljubuski.ba\\\/index.php\\\/2022\\\/06\\\/28\\\/nadal-i-dokovic-trenirali-s-pozitivnim-cilicem-i-berrettinijem\\\/#article\",\"isPartOf\":{\"@id\":\"https:\\\/\\\/radioljubuski.ba\\\/index.php\\\/2022\\\/06\\\/28\\\/nadal-i-dokovic-trenirali-s-pozitivnim-cilicem-i-berrettinijem\\\/\"},\"author\":{\"name\":\"Radio Ljubu\u0161ki\",\"@id\":\"https:\\\/\\\/radioljubuski.ba\\\/#\\\/schema\\\/person\\\/19fc700381a780f69665d7956c469e3b\"},\"headline\":\"Nadal i \u0110okovi\u0107 trenirali s pozitivnim \u010cili\u0107em i Berrettinijem\",\"datePublished\":\"2022-06-28T12:24:07+00:00\",\"mainEntityOfPage\":{\"@id\":\"https:\\\/\\\/radioljubuski.ba\\\/index.php\\\/2022\\\/06\\\/28\\\/nadal-i-dokovic-trenirali-s-pozitivnim-cilicem-i-berrettinijem\\\/\"},\"wordCount\":202,\"publisher\":{\"@id\":\"https:\\\/\\\/radioljubuski.ba\\\/#organization\"},\"image\":{\"@id\":\"https:\\\/\\\/radioljubuski.ba\\\/index.php\\\/2022\\\/06\\\/28\\\/nadal-i-dokovic-trenirali-s-pozitivnim-cilicem-i-berrettinijem\\\/#primaryimage\"},\"thumbnailUrl\":\"https:\\\/\\\/radioljubuski.ba\\\/wp-content\\\/uploads\\\/2022\\\/06\\\/Nadal-and-Cilic.jpg\",\"articleSection\":[\"\u0160port\"],\"inLanguage\":\"hr\"},{\"@type\":\"WebPage\",\"@id\":\"https:\\\/\\\/radioljubuski.ba\\\/index.php\\\/2022\\\/06\\\/28\\\/nadal-i-dokovic-trenirali-s-pozitivnim-cilicem-i-berrettinijem\\\/\",\"url\":\"https:\\\/\\\/radioljubuski.ba\\\/index.php\\\/2022\\\/06\\\/28\\\/nadal-i-dokovic-trenirali-s-pozitivnim-cilicem-i-berrettinijem\\\/\",\"name\":\"Nadal i \u0110okovi\u0107 trenirali s pozitivnim \u010cili\u0107em i Berrettinijem - RADIO LJUBU\u0160KI\",\"isPartOf\":{\"@id\":\"https:\\\/\\\/radioljubuski.ba\\\/#website\"},\"primaryImageOfPage\":{\"@id\":\"https:\\\/\\\/radioljubuski.ba\\\/index.php\\\/2022\\\/06\\\/28\\\/nadal-i-dokovic-trenirali-s-pozitivnim-cilicem-i-berrettinijem\\\/#primaryimage\"},\"image\":{\"@id\":\"https:\\\/\\\/radioljubuski.ba\\\/index.php\\\/2022\\\/06\\\/28\\\/nadal-i-dokovic-trenirali-s-pozitivnim-cilicem-i-berrettinijem\\\/#primaryimage\"},\"thumbnailUrl\":\"https:\\\/\\\/radioljubuski.ba\\\/wp-content\\\/uploads\\\/2022\\\/06\\\/Nadal-and-Cilic.jpg\",\"datePublished\":\"2022-06-28T12:24:07+00:00\",\"breadcrumb\":{\"@id\":\"https:\\\/\\\/radioljubuski.ba\\\/index.php\\\/2022\\\/06\\\/28\\\/nadal-i-dokovic-trenirali-s-pozitivnim-cilicem-i-berrettinijem\\\/#breadcrumb\"},\"inLanguage\":\"hr\",\"potentialAction\":[{\"@type\":\"ReadAction\",\"target\":[\"https:\\\/\\\/radioljubuski.ba\\\/index.php\\\/2022\\\/06\\\/28\\\/nadal-i-dokovic-trenirali-s-pozitivnim-cilicem-i-berrettinijem\\\/\"]}]},{\"@type\":\"ImageObject\",\"inLanguage\":\"hr\",\"@id\":\"https:\\\/\\\/radioljubuski.ba\\\/index.php\\\/2022\\\/06\\\/28\\\/nadal-i-dokovic-trenirali-s-pozitivnim-cilicem-i-berrettinijem\\\/#primaryimage\",\"url\":\"https:\\\/\\\/radioljubuski.ba\\\/wp-content\\\/uploads\\\/2022\\\/06\\\/Nadal-and-Cilic.jpg\",\"contentUrl\":\"https:\\\/\\\/radioljubuski.ba\\\/wp-content\\\/uploads\\\/2022\\\/06\\\/Nadal-and-Cilic.jpg\",\"width\":1200,\"height\":667},{\"@type\":\"BreadcrumbList\",\"@id\":\"https:\\\/\\\/radioljubuski.ba\\\/index.php\\\/2022\\\/06\\\/28\\\/nadal-i-dokovic-trenirali-s-pozitivnim-cilicem-i-berrettinijem\\\/#breadcrumb\",\"itemListElement\":[{\"@type\":\"ListItem\",\"position\":1,\"name\":\"Po\u010detna stranica\",\"item\":\"https:\\\/\\\/radioljubuski.ba\\\/\"},{\"@type\":\"ListItem\",\"position\":2,\"name\":\"Nadal i \u0110okovi\u0107 trenirali s pozitivnim \u010cili\u0107em i Berrettinijem\"}]},{\"@type\":\"WebSite\",\"@id\":\"https:\\\/\\\/radioljubuski.ba\\\/#website\",\"url\":\"https:\\\/\\\/radioljubuski.ba\\\/\",\"name\":\"Radio Ljubu\u0161ki\",\"description\":\"Sun\u010dana frekvencija Hercegovine\",\"publisher\":{\"@id\":\"https:\\\/\\\/radioljubuski.ba\\\/#organization\"},\"potentialAction\":[{\"@type\":\"SearchAction\",\"target\":{\"@type\":\"EntryPoint\",\"urlTemplate\":\"https:\\\/\\\/radioljubuski.ba\\\/?s={search_term_string}\"},\"query-input\":{\"@type\":\"PropertyValueSpecification\",\"valueRequired\":true,\"valueName\":\"search_term_string\"}}],\"inLanguage\":\"hr\"},{\"@type\":\"Organization\",\"@id\":\"https:\\\/\\\/radioljubuski.ba\\\/#organization\",\"name\":\"Radio Ljubu\u0161ki\",\"url\":\"https:\\\/\\\/radioljubuski.ba\\\/\",\"logo\":{\"@type\":\"ImageObject\",\"inLanguage\":\"hr\",\"@id\":\"https:\\\/\\\/radioljubuski.ba\\\/#\\\/schema\\\/logo\\\/image\\\/\",\"url\":\"https:\\\/\\\/radioljubuski.ba\\\/wp-content\\\/uploads\\\/2021\\\/02\\\/cropped-Radio_Ljubuski_logo1.jpg\",\"contentUrl\":\"https:\\\/\\\/radioljubuski.ba\\\/wp-content\\\/uploads\\\/2021\\\/02\\\/cropped-Radio_Ljubuski_logo1.jpg\",\"width\":512,\"height\":512,\"caption\":\"Radio Ljubu\u0161ki\"},\"image\":{\"@id\":\"https:\\\/\\\/radioljubuski.ba\\\/#\\\/schema\\\/logo\\\/image\\\/\"},\"sameAs\":[\"https:\\\/\\\/www.facebook.com\\\/Radiio-Ljubuski-1490835324566332\",\"https:\\\/\\\/x.com\\\/radioljubuski\",\"https:\\\/\\\/hr.linkedin.com\\\/company\\\/radio-ljubuski\",\"https:\\\/\\\/www.youtube.com\\\/channel\\\/UCHYaeO_n0Db3tjNGudGpXyw\"]},{\"@type\":\"Person\",\"@id\":\"https:\\\/\\\/radioljubuski.ba\\\/#\\\/schema\\\/person\\\/19fc700381a780f69665d7956c469e3b\",\"name\":\"Radio Ljubu\u0161ki\"}]}<\/script>\n<!-- \/ Yoast SEO plugin. -->","yoast_head_json":{"title":"Nadal i \u0110okovi\u0107 trenirali s pozitivnim \u010cili\u0107em i Berrettinijem - RADIO LJUBU\u0160KI","robots":{"index":"index","follow":"follow","max-snippet":"max-snippet:-1","max-image-preview":"max-image-preview:large","max-video-preview":"max-video-preview:-1"},"canonical":"https:\/\/radioljubuski.ba\/index.php\/2022\/06\/28\/nadal-i-dokovic-trenirali-s-pozitivnim-cilicem-i-berrettinijem\/","og_locale":"hr_HR","og_type":"article","og_title":"Nadal i \u0110okovi\u0107 trenirali s pozitivnim \u010cili\u0107em i Berrettinijem - RADIO LJUBU\u0160KI","og_description":"U Wimbledonu trenuta\u010dno vlada vrlo napeta atmosfera jer su se po\u010deli pojavljivati pozitivni testovi na koronavirus i glavno je pitanje u svemu &#8211; tko je sljede\u0107i. U ponedjeljak se s turnira povukao najbolji hrvatski tenisa\u010d Marin \u010cili\u0107, a dan kasnije je tako\u0111er zbog pozitivnog testa na COVID-19 isto morao u\u010diniti pro\u0161logodi\u0161nji finalist ovog Grand Slam [&hellip;]","og_url":"https:\/\/radioljubuski.ba\/index.php\/2022\/06\/28\/nadal-i-dokovic-trenirali-s-pozitivnim-cilicem-i-berrettinijem\/","og_site_name":"RADIO LJUBU\u0160KI","article_publisher":"https:\/\/www.facebook.com\/Radiio-Ljubuski-1490835324566332","article_published_time":"2022-06-28T12:24:07+00:00","og_image":[{"width":1200,"height":667,"url":"https:\/\/radioljubuski.ba\/wp-content\/uploads\/2022\/06\/Nadal-and-Cilic.jpg","type":"image\/jpeg"}],"author":"Radio Ljubu\u0161ki","twitter_card":"summary_large_image","twitter_creator":"@radioljubuski","twitter_site":"@radioljubuski","twitter_misc":{"Napisao\/la":"Radio Ljubu\u0161ki","Procijenjeno vrijeme \u010ditanja":"1 minuta"},"schema":{"@context":"https:\/\/schema.org","@graph":[{"@type":"Article","@id":"https:\/\/radioljubuski.ba\/index.php\/2022\/06\/28\/nadal-i-dokovic-trenirali-s-pozitivnim-cilicem-i-berrettinijem\/#article","isPartOf":{"@id":"https:\/\/radioljubuski.ba\/index.php\/2022\/06\/28\/nadal-i-dokovic-trenirali-s-pozitivnim-cilicem-i-berrettinijem\/"},"author":{"name":"Radio Ljubu\u0161ki","@id":"https:\/\/radioljubuski.ba\/#\/schema\/person\/19fc700381a780f69665d7956c469e3b"},"headline":"Nadal i \u0110okovi\u0107 trenirali s pozitivnim \u010cili\u0107em i Berrettinijem","datePublished":"2022-06-28T12:24:07+00:00","mainEntityOfPage":{"@id":"https:\/\/radioljubuski.ba\/index.php\/2022\/06\/28\/nadal-i-dokovic-trenirali-s-pozitivnim-cilicem-i-berrettinijem\/"},"wordCount":202,"publisher":{"@id":"https:\/\/radioljubuski.ba\/#organization"},"image":{"@id":"https:\/\/radioljubuski.ba\/index.php\/2022\/06\/28\/nadal-i-dokovic-trenirali-s-pozitivnim-cilicem-i-berrettinijem\/#primaryimage"},"thumbnailUrl":"https:\/\/radioljubuski.ba\/wp-content\/uploads\/2022\/06\/Nadal-and-Cilic.jpg","articleSection":["\u0160port"],"inLanguage":"hr"},{"@type":"WebPage","@id":"https:\/\/radioljubuski.ba\/index.php\/2022\/06\/28\/nadal-i-dokovic-trenirali-s-pozitivnim-cilicem-i-berrettinijem\/","url":"https:\/\/radioljubuski.ba\/index.php\/2022\/06\/28\/nadal-i-dokovic-trenirali-s-pozitivnim-cilicem-i-berrettinijem\/","name":"Nadal i \u0110okovi\u0107 trenirali s pozitivnim \u010cili\u0107em i Berrettinijem - RADIO LJUBU\u0160KI","isPartOf":{"@id":"https:\/\/radioljubuski.ba\/#website"},"primaryImageOfPage":{"@id":"https:\/\/radioljubuski.ba\/index.php\/2022\/06\/28\/nadal-i-dokovic-trenirali-s-pozitivnim-cilicem-i-berrettinijem\/#primaryimage"},"image":{"@id":"https:\/\/radioljubuski.ba\/index.php\/2022\/06\/28\/nadal-i-dokovic-trenirali-s-pozitivnim-cilicem-i-berrettinijem\/#primaryimage"},"thumbnailUrl":"https:\/\/radioljubuski.ba\/wp-content\/uploads\/2022\/06\/Nadal-and-Cilic.jpg","datePublished":"2022-06-28T12:24:07+00:00","breadcrumb":{"@id":"https:\/\/radioljubuski.ba\/index.php\/2022\/06\/28\/nadal-i-dokovic-trenirali-s-pozitivnim-cilicem-i-berrettinijem\/#breadcrumb"},"inLanguage":"hr","potentialAction":[{"@type":"ReadAction","target":["https:\/\/radioljubuski.ba\/index.php\/2022\/06\/28\/nadal-i-dokovic-trenirali-s-pozitivnim-cilicem-i-berrettinijem\/"]}]},{"@type":"ImageObject","inLanguage":"hr","@id":"https:\/\/radioljubuski.ba\/index.php\/2022\/06\/28\/nadal-i-dokovic-trenirali-s-pozitivnim-cilicem-i-berrettinijem\/#primaryimage","url":"https:\/\/radioljubuski.ba\/wp-content\/uploads\/2022\/06\/Nadal-and-Cilic.jpg","contentUrl":"https:\/\/radioljubuski.ba\/wp-content\/uploads\/2022\/06\/Nadal-and-Cilic.jpg","width":1200,"height":667},{"@type":"BreadcrumbList","@id":"https:\/\/radioljubuski.ba\/index.php\/2022\/06\/28\/nadal-i-dokovic-trenirali-s-pozitivnim-cilicem-i-berrettinijem\/#breadcrumb","itemListElement":[{"@type":"ListItem","position":1,"name":"Po\u010detna stranica","item":"https:\/\/radioljubuski.ba\/"},{"@type":"ListItem","position":2,"name":"Nadal i \u0110okovi\u0107 trenirali s pozitivnim \u010cili\u0107em i Berrettinijem"}]},{"@type":"WebSite","@id":"https:\/\/radioljubuski.ba\/#website","url":"https:\/\/radioljubuski.ba\/","name":"Radio Ljubu\u0161ki","description":"Sun\u010dana frekvencija Hercegovine","publisher":{"@id":"https:\/\/radioljubuski.ba\/#organization"},"potentialAction":[{"@type":"SearchAction","target":{"@type":"EntryPoint","urlTemplate":"https:\/\/radioljubuski.ba\/?s={search_term_string}"},"query-input":{"@type":"PropertyValueSpecification","valueRequired":true,"valueName":"search_term_string"}}],"inLanguage":"hr"},{"@type":"Organization","@id":"https:\/\/radioljubuski.ba\/#organization","name":"Radio Ljubu\u0161ki","url":"https:\/\/radioljubuski.ba\/","logo":{"@type":"ImageObject","inLanguage":"hr","@id":"https:\/\/radioljubuski.ba\/#\/schema\/logo\/image\/","url":"https:\/\/radioljubuski.ba\/wp-content\/uploads\/2021\/02\/cropped-Radio_Ljubuski_logo1.jpg","contentUrl":"https:\/\/radioljubuski.ba\/wp-content\/uploads\/2021\/02\/cropped-Radio_Ljubuski_logo1.jpg","width":512,"height":512,"caption":"Radio Ljubu\u0161ki"},"image":{"@id":"https:\/\/radioljubuski.ba\/#\/schema\/logo\/image\/"},"sameAs":["https:\/\/www.facebook.com\/Radiio-Ljubuski-1490835324566332","https:\/\/x.com\/radioljubuski","https:\/\/hr.linkedin.com\/company\/radio-ljubuski","https:\/\/www.youtube.com\/channel\/UCHYaeO_n0Db3tjNGudGpXyw"]},{"@type":"Person","@id":"https:\/\/radioljubuski.ba\/#\/schema\/person\/19fc700381a780f69665d7956c469e3b","name":"Radio Ljubu\u0161ki"}]}},"_links":{"self":[{"href":"https:\/\/radioljubuski.ba\/index.php\/wp-json\/wp\/v2\/posts\/154514","targetHints":{"allow":["GET"]}}],"collection":[{"href":"https:\/\/radioljubuski.ba\/index.php\/wp-json\/wp\/v2\/posts"}],"about":[{"href":"https:\/\/radioljubuski.ba\/index.php\/wp-json\/wp\/v2\/types\/post"}],"author":[{"embeddable":true,"href":"https:\/\/radioljubuski.ba\/index.php\/wp-json\/wp\/v2\/users\/2"}],"replies":[{"embeddable":true,"href":"https:\/\/radioljubuski.ba\/index.php\/wp-json\/wp\/v2\/comments?post=154514"}],"version-history":[{"count":1,"href":"https:\/\/radioljubuski.ba\/index.php\/wp-json\/wp\/v2\/posts\/154514\/revisions"}],"predecessor-version":[{"id":154515,"href":"https:\/\/radioljubuski.ba\/index.php\/wp-json\/wp\/v2\/posts\/154514\/revisions\/154515"}],"wp:featuredmedia":[{"embeddable":true,"href":"https:\/\/radioljubuski.ba\/index.php\/wp-json\/wp\/v2\/media\/146361"}],"wp:attachment":[{"href":"https:\/\/radioljubuski.ba\/index.php\/wp-json\/wp\/v2\/media?parent=154514"}],"wp:term":[{"taxonomy":"category","embeddable":true,"href":"https:\/\/radioljubuski.ba\/index.php\/wp-json\/wp\/v2\/categories?post=154514"},{"taxonomy":"post_tag","embeddable":true,"href":"https:\/\/radioljubuski.ba\/index.php\/wp-json\/wp\/v2\/tags?post=154514"}],"curies":[{"name":"wp","href":"https:\/\/api.w.org\/{rel}","templated":true}]}}