{"id":154523,"date":"2022-06-28T13:41:27","date_gmt":"2022-06-28T12:41:27","guid":{"rendered":"https:\/\/radioljubuski.ba\/?p=154523"},"modified":"2022-06-28T13:41:29","modified_gmt":"2022-06-28T12:41:29","slug":"covic-bosnjake-ne-mozemo-sprijeciti-da-nametnu-sest-hrvata-u-dom-naroda-fbih-ako-to-ucine-ceka-nas-jos-veca-kriza","status":"publish","type":"post","link":"https:\/\/radioljubuski.ba\/index.php\/2022\/06\/28\/covic-bosnjake-ne-mozemo-sprijeciti-da-nametnu-sest-hrvata-u-dom-naroda-fbih-ako-to-ucine-ceka-nas-jos-veca-kriza\/","title":{"rendered":"\u010covi\u0107: Bo\u0161njake ne mo\u017eemo sprije\u010diti da nametnu \u0161est Hrvata u Dom naroda FBiH, ako to u\u010dine \u010deka nas jo\u0161 ve\u0107a kriza"},"content":{"rendered":"\n<p>Hrvati ne mogu sprije\u010diti Bo\u0161njake da nametnu \u0161est hrvatskih izaslanika u federalni Dom naroda, no ako se to dogodi onda BiH ulazi u jo\u0161 dublju krizu, rekao je danas u Mostaru predsjednik HDZ BiH Dragan \u010covi\u0107.<\/p>\n\n\n\n<p>U stanci pro\u0161irene sjednice Predsjedni\u0161tva HDZ-a BiH, predsjednik ove stranke Dragan \u010covi\u0107 na konferenciji za medije je rekao kako su do sada utvr\u0111ene izborne liste za osam \u017eupanija, a tijekom dana \u0107e se utvrditi i liste za razine BiH i FBiH.<\/p>\n\n\n\n<p>&#8220;\u017delimo da najve\u0107i dio lista popune mla\u0111i ljudi, da ponudimo jedno osvje\u017eenje. U ovom trenutku nije korektno da izlazim s potencijalnim imenima kandidata za hrvatskog \u010dlana Predsjedni\u0161tva. Do kraja sutra\u0161njega dana to \u0107emo objaviti&#8221;, rekao je \u010covi\u0107.<\/p>\n\n\n\n<p>Na pitanje novinara kako HDZ i op\u0107enito hrvatska politika kane sprije\u010diti nametanje bo\u0161nja\u010dkim glasovima \u0161estorice hrvatskih izaslanika u Dom naroda FBiH, \u0161to je strate\u0161ki cilj bo\u0161nja\u010dke politike, \u010covi\u0107 je rekao je to prakti\u010dno nemogu\u0107e zaustaviti.<\/p>\n\n\n\n<p>&#8220;Ako brojniji narod to naumi uraditi, to je za nas nemogu\u0107e sprije\u010diti. Ako netko na liste postavi Hrvate da postavljaju bo\u0161nja\u010dke stranke, mi \u0107emo to te\u0161ko sprije\u010diti na nekim prostorima. \u010cinjenica da 6 izaslanika od 17 mo\u017ee utjecati na procese je uzrok brojnih problema u BiH&#8221;, izjavio je.<\/p>\n\n\n\n<p>Podsje\u0107amo, mjesecima se ve\u0107 u bo\u0161nja\u010dkoj javnosti tra\u017ee modeli nametanja \u0161estorice hrvatskih izaslanika u federalni Dom naroda \u010dime bi se otvorila vrata izbacivanju hrvatskih politi\u010dkih predstavnika iz vlasti na razini FBiH a vjerojatno i razini BiH. O tome je nebrojeno puta govorio i Bakir Izetbegovi\u0107 koriste\u0107i metafore &#8220;razbijanje okova&#8221;, &#8220;diktat manjine&#8221; itd. Ina\u010de, presuda Ustavnoga suda BiH u predmetu Ljubi\u0107 upravo se bavila ovim problemom te je tad utvr\u0111eno kako mora postojati veza izme\u0111u osoba koje sjede u Domu naroda FBiH i konstitutivnih naroda koje trebaju predstavljati. To je ujedno i razlog zbog kojeg je bo\u0161nja\u010dka politika sabotirala izmjene Izbornog zakona u skladu s presudom Ljubi\u0107 jer \u017eeli dalje nastaviti vr\u0161iti politi\u010dko nasilje nad Hrvatima i otimati im resurse.<\/p>\n\n\n\n<p>&#8220;Ovdje se radi o velikim zloupotrebama \u010dinjenice da se iz svake \u017eupanije delegira najmanje po jedan izaslanik svakog konstitutivnog naroda iako u nekim kantonima Hrvata \u017eivi ispod jedan posto. To smo jasno komunicirali i me\u0111unarodnim institucijama. Ova pitanja smo \u010dak bili i usugla\u0161avali s bo\u0161nja\u010dkim strankama. Sve se to pak mo\u017ee prepoznati u odluci Ustavnoga suda u predmetu Ljubi\u0107. Svi ti problemi su jasno prepoznati od vodstva Europske unije. Ovdje se to \u010desto pre\u0161u\u0107uje. O kandidatskom statusu BiH \u0107e se odlu\u010divati iza izbora i to upravo kako bi se vidjelo kolika \u0107e biti zloupotreba instrumenata o kojima ovdje govorimo. Danas imamo dovoljno mehanizama na stolu koji bi trebali biti dovoljni bo\u0161nja\u010dkim politi\u010darima da ne rade ovo o \u010demu se govori&#8221;, rekao je \u010covi\u0107.<\/p>\n\n\n\n<p>Dodao je kako je pro\u0161lo vrijeme nametanja jednom konstitutivnom narodu.&nbsp;<\/p>\n\n\n\n<p>&#8220;Ako se \u017eeli kriza dublja od sada\u0161nje, onda \u0107e se ovo raditi&#8221;, izjavio je predsjednik HDZ-a BiH.<\/p>\n\n\n\n<p>Izrazio je uvjerenje kako \u0107e me\u0111u Hrvatima odaziv biti isti kao i na posljednjim izborima te da \u0107e HDZ ostvariti bolji rezultat nego pro\u0161li put.&nbsp;<\/p>\n\n\n\n<p>Istaknuo je i\u00a0kako su iz EU naglasili potrebu za \u0161to hitnijom izmjenom Izbornog zakona BiH te da je sve to poruka iz Brisela za politi\u010dare iz Sarajeva koji moraju vidjeti kako ne mogu raditi bez hrvatskog naroda. Tako\u0111er, rekao je kako bi se sljede\u0107ega tjedna trebao odr\u017eati jo\u0161 jedan sastanak bh. lidera s povjerenikom za pro\u0161irenje EU u Briselu Oliverom Varhelyijem, ali ovaj put samo sa trojicom predstavnika konstitutivnih naroda.<\/p>\n\n\n\n<p>&#8220;Uvjeren sam kako bi ve\u0107 po\u010detkom sljede\u0107eg tjedna trebali imati jo\u0161 jedan sastanak s povjerenikom za pro\u0161irenje u Briselu, mislim da \u0107e gospodin Varhelyi zakazati jedan takav sastanak. Ovaj put ne sve parlamentarne stranke, nego predstavnici iz tri konstitutivna naroda koji bi trebali dati odgovor i na neka pitanja o implementaciji izbornih rezultata, pro\u0161irenju, kandidatskom statusu, odnosno o politi\u010dkoj atmosfera na kojoj treba raditi sljede\u0107a tri mjeseca&#8221;, rekao je \u010covi\u0107.<\/p>\n\n\n\n<p><strong>Izvor: Dnevnik.ba<\/strong><\/p>\n","protected":false},"excerpt":{"rendered":"<p>Hrvati ne mogu sprije\u010diti Bo\u0161njake da nametnu \u0161est hrvatskih izaslanika u federalni Dom naroda, no ako se to dogodi onda BiH ulazi u jo\u0161 dublju krizu, rekao je danas u Mostaru predsjednik HDZ BiH Dragan \u010covi\u0107. U stanci pro\u0161irene sjednice Predsjedni\u0161tva HDZ-a BiH, predsjednik ove stranke Dragan \u010covi\u0107 na konferenciji za medije je rekao kako [&hellip;]<\/p>\n","protected":false},"author":2,"featured_media":151564,"comment_status":"closed","ping_status":"closed","sticky":false,"template":"","format":"standard","meta":{"h5ap_radio_sources":[],"footnotes":""},"categories":[1],"tags":[],"class_list":["post-154523","post","type-post","status-publish","format-standard","has-post-thumbnail","hentry","category-bihiregija"],"yoast_head":"<!-- This site is optimized with the Yoast SEO plugin v27.5 - https:\/\/yoast.com\/product\/yoast-seo-wordpress\/ -->\n<title>\u010covi\u0107: Bo\u0161njake ne mo\u017eemo sprije\u010diti da nametnu \u0161est Hrvata u Dom naroda FBiH, ako to u\u010dine \u010deka nas jo\u0161 ve\u0107a kriza - RADIO LJUBU\u0160KI<\/title>\n<meta name=\"robots\" content=\"index, follow, max-snippet:-1, max-image-preview:large, max-video-preview:-1\" \/>\n<link rel=\"canonical\" href=\"https:\/\/radioljubuski.ba\/index.php\/2022\/06\/28\/covic-bosnjake-ne-mozemo-sprijeciti-da-nametnu-sest-hrvata-u-dom-naroda-fbih-ako-to-ucine-ceka-nas-jos-veca-kriza\/\" \/>\n<meta property=\"og:locale\" content=\"hr_HR\" \/>\n<meta property=\"og:type\" content=\"article\" \/>\n<meta property=\"og:title\" content=\"\u010covi\u0107: Bo\u0161njake ne mo\u017eemo sprije\u010diti da nametnu \u0161est Hrvata u Dom naroda FBiH, ako to u\u010dine \u010deka nas jo\u0161 ve\u0107a kriza - RADIO LJUBU\u0160KI\" \/>\n<meta property=\"og:description\" content=\"Hrvati ne mogu sprije\u010diti Bo\u0161njake da nametnu \u0161est hrvatskih izaslanika u federalni Dom naroda, no ako se to dogodi onda BiH ulazi u jo\u0161 dublju krizu, rekao je danas u Mostaru predsjednik HDZ BiH Dragan \u010covi\u0107. U stanci pro\u0161irene sjednice Predsjedni\u0161tva HDZ-a BiH, predsjednik ove stranke Dragan \u010covi\u0107 na konferenciji za medije je rekao kako [&hellip;]\" \/>\n<meta property=\"og:url\" content=\"https:\/\/radioljubuski.ba\/index.php\/2022\/06\/28\/covic-bosnjake-ne-mozemo-sprijeciti-da-nametnu-sest-hrvata-u-dom-naroda-fbih-ako-to-ucine-ceka-nas-jos-veca-kriza\/\" \/>\n<meta property=\"og:site_name\" content=\"RADIO LJUBU\u0160KI\" \/>\n<meta property=\"article:publisher\" content=\"https:\/\/www.facebook.com\/Radiio-Ljubuski-1490835324566332\" \/>\n<meta property=\"article:published_time\" content=\"2022-06-28T12:41:27+00:00\" \/>\n<meta property=\"article:modified_time\" content=\"2022-06-28T12:41:29+00:00\" \/>\n<meta property=\"og:image\" content=\"https:\/\/radioljubuski.ba\/wp-content\/uploads\/2022\/06\/covic-hrt.png\" \/>\n\t<meta property=\"og:image:width\" content=\"1024\" \/>\n\t<meta property=\"og:image:height\" content=\"606\" \/>\n\t<meta property=\"og:image:type\" content=\"image\/png\" \/>\n<meta name=\"author\" content=\"Radio Ljubu\u0161ki\" \/>\n<meta name=\"twitter:card\" content=\"summary_large_image\" \/>\n<meta name=\"twitter:creator\" content=\"@radioljubuski\" \/>\n<meta name=\"twitter:site\" content=\"@radioljubuski\" \/>\n<meta name=\"twitter:label1\" content=\"Napisao\/la\" \/>\n\t<meta name=\"twitter:data1\" content=\"Radio Ljubu\u0161ki\" \/>\n\t<meta name=\"twitter:label2\" content=\"Procijenjeno vrijeme \u010ditanja\" \/>\n\t<meta name=\"twitter:data2\" content=\"3 minute\" \/>\n<script type=\"application\/ld+json\" class=\"yoast-schema-graph\">{\"@context\":\"https:\\\/\\\/schema.org\",\"@graph\":[{\"@type\":\"Article\",\"@id\":\"https:\\\/\\\/radioljubuski.ba\\\/index.php\\\/2022\\\/06\\\/28\\\/covic-bosnjake-ne-mozemo-sprijeciti-da-nametnu-sest-hrvata-u-dom-naroda-fbih-ako-to-ucine-ceka-nas-jos-veca-kriza\\\/#article\",\"isPartOf\":{\"@id\":\"https:\\\/\\\/radioljubuski.ba\\\/index.php\\\/2022\\\/06\\\/28\\\/covic-bosnjake-ne-mozemo-sprijeciti-da-nametnu-sest-hrvata-u-dom-naroda-fbih-ako-to-ucine-ceka-nas-jos-veca-kriza\\\/\"},\"author\":{\"name\":\"Radio Ljubu\u0161ki\",\"@id\":\"https:\\\/\\\/radioljubuski.ba\\\/#\\\/schema\\\/person\\\/19fc700381a780f69665d7956c469e3b\"},\"headline\":\"\u010covi\u0107: Bo\u0161njake ne mo\u017eemo sprije\u010diti da nametnu \u0161est Hrvata u Dom naroda FBiH, ako to u\u010dine \u010deka nas jo\u0161 ve\u0107a kriza\",\"datePublished\":\"2022-06-28T12:41:27+00:00\",\"dateModified\":\"2022-06-28T12:41:29+00:00\",\"mainEntityOfPage\":{\"@id\":\"https:\\\/\\\/radioljubuski.ba\\\/index.php\\\/2022\\\/06\\\/28\\\/covic-bosnjake-ne-mozemo-sprijeciti-da-nametnu-sest-hrvata-u-dom-naroda-fbih-ako-to-ucine-ceka-nas-jos-veca-kriza\\\/\"},\"wordCount\":726,\"publisher\":{\"@id\":\"https:\\\/\\\/radioljubuski.ba\\\/#organization\"},\"image\":{\"@id\":\"https:\\\/\\\/radioljubuski.ba\\\/index.php\\\/2022\\\/06\\\/28\\\/covic-bosnjake-ne-mozemo-sprijeciti-da-nametnu-sest-hrvata-u-dom-naroda-fbih-ako-to-ucine-ceka-nas-jos-veca-kriza\\\/#primaryimage\"},\"thumbnailUrl\":\"https:\\\/\\\/radioljubuski.ba\\\/wp-content\\\/uploads\\\/2022\\\/06\\\/covic-hrt.png\",\"articleSection\":[\"BIH i regija\"],\"inLanguage\":\"hr\"},{\"@type\":\"WebPage\",\"@id\":\"https:\\\/\\\/radioljubuski.ba\\\/index.php\\\/2022\\\/06\\\/28\\\/covic-bosnjake-ne-mozemo-sprijeciti-da-nametnu-sest-hrvata-u-dom-naroda-fbih-ako-to-ucine-ceka-nas-jos-veca-kriza\\\/\",\"url\":\"https:\\\/\\\/radioljubuski.ba\\\/index.php\\\/2022\\\/06\\\/28\\\/covic-bosnjake-ne-mozemo-sprijeciti-da-nametnu-sest-hrvata-u-dom-naroda-fbih-ako-to-ucine-ceka-nas-jos-veca-kriza\\\/\",\"name\":\"\u010covi\u0107: Bo\u0161njake ne mo\u017eemo sprije\u010diti da nametnu \u0161est Hrvata u Dom naroda FBiH, ako to u\u010dine \u010deka nas jo\u0161 ve\u0107a kriza - RADIO LJUBU\u0160KI\",\"isPartOf\":{\"@id\":\"https:\\\/\\\/radioljubuski.ba\\\/#website\"},\"primaryImageOfPage\":{\"@id\":\"https:\\\/\\\/radioljubuski.ba\\\/index.php\\\/2022\\\/06\\\/28\\\/covic-bosnjake-ne-mozemo-sprijeciti-da-nametnu-sest-hrvata-u-dom-naroda-fbih-ako-to-ucine-ceka-nas-jos-veca-kriza\\\/#primaryimage\"},\"image\":{\"@id\":\"https:\\\/\\\/radioljubuski.ba\\\/index.php\\\/2022\\\/06\\\/28\\\/covic-bosnjake-ne-mozemo-sprijeciti-da-nametnu-sest-hrvata-u-dom-naroda-fbih-ako-to-ucine-ceka-nas-jos-veca-kriza\\\/#primaryimage\"},\"thumbnailUrl\":\"https:\\\/\\\/radioljubuski.ba\\\/wp-content\\\/uploads\\\/2022\\\/06\\\/covic-hrt.png\",\"datePublished\":\"2022-06-28T12:41:27+00:00\",\"dateModified\":\"2022-06-28T12:41:29+00:00\",\"breadcrumb\":{\"@id\":\"https:\\\/\\\/radioljubuski.ba\\\/index.php\\\/2022\\\/06\\\/28\\\/covic-bosnjake-ne-mozemo-sprijeciti-da-nametnu-sest-hrvata-u-dom-naroda-fbih-ako-to-ucine-ceka-nas-jos-veca-kriza\\\/#breadcrumb\"},\"inLanguage\":\"hr\",\"potentialAction\":[{\"@type\":\"ReadAction\",\"target\":[\"https:\\\/\\\/radioljubuski.ba\\\/index.php\\\/2022\\\/06\\\/28\\\/covic-bosnjake-ne-mozemo-sprijeciti-da-nametnu-sest-hrvata-u-dom-naroda-fbih-ako-to-ucine-ceka-nas-jos-veca-kriza\\\/\"]}]},{\"@type\":\"ImageObject\",\"inLanguage\":\"hr\",\"@id\":\"https:\\\/\\\/radioljubuski.ba\\\/index.php\\\/2022\\\/06\\\/28\\\/covic-bosnjake-ne-mozemo-sprijeciti-da-nametnu-sest-hrvata-u-dom-naroda-fbih-ako-to-ucine-ceka-nas-jos-veca-kriza\\\/#primaryimage\",\"url\":\"https:\\\/\\\/radioljubuski.ba\\\/wp-content\\\/uploads\\\/2022\\\/06\\\/covic-hrt.png\",\"contentUrl\":\"https:\\\/\\\/radioljubuski.ba\\\/wp-content\\\/uploads\\\/2022\\\/06\\\/covic-hrt.png\",\"width\":1024,\"height\":606},{\"@type\":\"BreadcrumbList\",\"@id\":\"https:\\\/\\\/radioljubuski.ba\\\/index.php\\\/2022\\\/06\\\/28\\\/covic-bosnjake-ne-mozemo-sprijeciti-da-nametnu-sest-hrvata-u-dom-naroda-fbih-ako-to-ucine-ceka-nas-jos-veca-kriza\\\/#breadcrumb\",\"itemListElement\":[{\"@type\":\"ListItem\",\"position\":1,\"name\":\"Po\u010detna stranica\",\"item\":\"https:\\\/\\\/radioljubuski.ba\\\/\"},{\"@type\":\"ListItem\",\"position\":2,\"name\":\"\u010covi\u0107: Bo\u0161njake ne mo\u017eemo sprije\u010diti da nametnu \u0161est Hrvata u Dom naroda FBiH, ako to u\u010dine \u010deka nas jo\u0161 ve\u0107a kriza\"}]},{\"@type\":\"WebSite\",\"@id\":\"https:\\\/\\\/radioljubuski.ba\\\/#website\",\"url\":\"https:\\\/\\\/radioljubuski.ba\\\/\",\"name\":\"Radio Ljubu\u0161ki\",\"description\":\"Sun\u010dana frekvencija Hercegovine\",\"publisher\":{\"@id\":\"https:\\\/\\\/radioljubuski.ba\\\/#organization\"},\"potentialAction\":[{\"@type\":\"SearchAction\",\"target\":{\"@type\":\"EntryPoint\",\"urlTemplate\":\"https:\\\/\\\/radioljubuski.ba\\\/?s={search_term_string}\"},\"query-input\":{\"@type\":\"PropertyValueSpecification\",\"valueRequired\":true,\"valueName\":\"search_term_string\"}}],\"inLanguage\":\"hr\"},{\"@type\":\"Organization\",\"@id\":\"https:\\\/\\\/radioljubuski.ba\\\/#organization\",\"name\":\"Radio Ljubu\u0161ki\",\"url\":\"https:\\\/\\\/radioljubuski.ba\\\/\",\"logo\":{\"@type\":\"ImageObject\",\"inLanguage\":\"hr\",\"@id\":\"https:\\\/\\\/radioljubuski.ba\\\/#\\\/schema\\\/logo\\\/image\\\/\",\"url\":\"https:\\\/\\\/radioljubuski.ba\\\/wp-content\\\/uploads\\\/2021\\\/02\\\/cropped-Radio_Ljubuski_logo1.jpg\",\"contentUrl\":\"https:\\\/\\\/radioljubuski.ba\\\/wp-content\\\/uploads\\\/2021\\\/02\\\/cropped-Radio_Ljubuski_logo1.jpg\",\"width\":512,\"height\":512,\"caption\":\"Radio Ljubu\u0161ki\"},\"image\":{\"@id\":\"https:\\\/\\\/radioljubuski.ba\\\/#\\\/schema\\\/logo\\\/image\\\/\"},\"sameAs\":[\"https:\\\/\\\/www.facebook.com\\\/Radiio-Ljubuski-1490835324566332\",\"https:\\\/\\\/x.com\\\/radioljubuski\",\"https:\\\/\\\/hr.linkedin.com\\\/company\\\/radio-ljubuski\",\"https:\\\/\\\/www.youtube.com\\\/channel\\\/UCHYaeO_n0Db3tjNGudGpXyw\"]},{\"@type\":\"Person\",\"@id\":\"https:\\\/\\\/radioljubuski.ba\\\/#\\\/schema\\\/person\\\/19fc700381a780f69665d7956c469e3b\",\"name\":\"Radio Ljubu\u0161ki\"}]}<\/script>\n<!-- \/ Yoast SEO plugin. -->","yoast_head_json":{"title":"\u010covi\u0107: Bo\u0161njake ne mo\u017eemo sprije\u010diti da nametnu \u0161est Hrvata u Dom naroda FBiH, ako to u\u010dine \u010deka nas jo\u0161 ve\u0107a kriza - RADIO LJUBU\u0160KI","robots":{"index":"index","follow":"follow","max-snippet":"max-snippet:-1","max-image-preview":"max-image-preview:large","max-video-preview":"max-video-preview:-1"},"canonical":"https:\/\/radioljubuski.ba\/index.php\/2022\/06\/28\/covic-bosnjake-ne-mozemo-sprijeciti-da-nametnu-sest-hrvata-u-dom-naroda-fbih-ako-to-ucine-ceka-nas-jos-veca-kriza\/","og_locale":"hr_HR","og_type":"article","og_title":"\u010covi\u0107: Bo\u0161njake ne mo\u017eemo sprije\u010diti da nametnu \u0161est Hrvata u Dom naroda FBiH, ako to u\u010dine \u010deka nas jo\u0161 ve\u0107a kriza - RADIO LJUBU\u0160KI","og_description":"Hrvati ne mogu sprije\u010diti Bo\u0161njake da nametnu \u0161est hrvatskih izaslanika u federalni Dom naroda, no ako se to dogodi onda BiH ulazi u jo\u0161 dublju krizu, rekao je danas u Mostaru predsjednik HDZ BiH Dragan \u010covi\u0107. U stanci pro\u0161irene sjednice Predsjedni\u0161tva HDZ-a BiH, predsjednik ove stranke Dragan \u010covi\u0107 na konferenciji za medije je rekao kako [&hellip;]","og_url":"https:\/\/radioljubuski.ba\/index.php\/2022\/06\/28\/covic-bosnjake-ne-mozemo-sprijeciti-da-nametnu-sest-hrvata-u-dom-naroda-fbih-ako-to-ucine-ceka-nas-jos-veca-kriza\/","og_site_name":"RADIO LJUBU\u0160KI","article_publisher":"https:\/\/www.facebook.com\/Radiio-Ljubuski-1490835324566332","article_published_time":"2022-06-28T12:41:27+00:00","article_modified_time":"2022-06-28T12:41:29+00:00","og_image":[{"width":1024,"height":606,"url":"https:\/\/radioljubuski.ba\/wp-content\/uploads\/2022\/06\/covic-hrt.png","type":"image\/png"}],"author":"Radio Ljubu\u0161ki","twitter_card":"summary_large_image","twitter_creator":"@radioljubuski","twitter_site":"@radioljubuski","twitter_misc":{"Napisao\/la":"Radio Ljubu\u0161ki","Procijenjeno vrijeme \u010ditanja":"3 minute"},"schema":{"@context":"https:\/\/schema.org","@graph":[{"@type":"Article","@id":"https:\/\/radioljubuski.ba\/index.php\/2022\/06\/28\/covic-bosnjake-ne-mozemo-sprijeciti-da-nametnu-sest-hrvata-u-dom-naroda-fbih-ako-to-ucine-ceka-nas-jos-veca-kriza\/#article","isPartOf":{"@id":"https:\/\/radioljubuski.ba\/index.php\/2022\/06\/28\/covic-bosnjake-ne-mozemo-sprijeciti-da-nametnu-sest-hrvata-u-dom-naroda-fbih-ako-to-ucine-ceka-nas-jos-veca-kriza\/"},"author":{"name":"Radio Ljubu\u0161ki","@id":"https:\/\/radioljubuski.ba\/#\/schema\/person\/19fc700381a780f69665d7956c469e3b"},"headline":"\u010covi\u0107: Bo\u0161njake ne mo\u017eemo sprije\u010diti da nametnu \u0161est Hrvata u Dom naroda FBiH, ako to u\u010dine \u010deka nas jo\u0161 ve\u0107a kriza","datePublished":"2022-06-28T12:41:27+00:00","dateModified":"2022-06-28T12:41:29+00:00","mainEntityOfPage":{"@id":"https:\/\/radioljubuski.ba\/index.php\/2022\/06\/28\/covic-bosnjake-ne-mozemo-sprijeciti-da-nametnu-sest-hrvata-u-dom-naroda-fbih-ako-to-ucine-ceka-nas-jos-veca-kriza\/"},"wordCount":726,"publisher":{"@id":"https:\/\/radioljubuski.ba\/#organization"},"image":{"@id":"https:\/\/radioljubuski.ba\/index.php\/2022\/06\/28\/covic-bosnjake-ne-mozemo-sprijeciti-da-nametnu-sest-hrvata-u-dom-naroda-fbih-ako-to-ucine-ceka-nas-jos-veca-kriza\/#primaryimage"},"thumbnailUrl":"https:\/\/radioljubuski.ba\/wp-content\/uploads\/2022\/06\/covic-hrt.png","articleSection":["BIH i regija"],"inLanguage":"hr"},{"@type":"WebPage","@id":"https:\/\/radioljubuski.ba\/index.php\/2022\/06\/28\/covic-bosnjake-ne-mozemo-sprijeciti-da-nametnu-sest-hrvata-u-dom-naroda-fbih-ako-to-ucine-ceka-nas-jos-veca-kriza\/","url":"https:\/\/radioljubuski.ba\/index.php\/2022\/06\/28\/covic-bosnjake-ne-mozemo-sprijeciti-da-nametnu-sest-hrvata-u-dom-naroda-fbih-ako-to-ucine-ceka-nas-jos-veca-kriza\/","name":"\u010covi\u0107: Bo\u0161njake ne mo\u017eemo sprije\u010diti da nametnu \u0161est Hrvata u Dom naroda FBiH, ako to u\u010dine \u010deka nas jo\u0161 ve\u0107a kriza - RADIO LJUBU\u0160KI","isPartOf":{"@id":"https:\/\/radioljubuski.ba\/#website"},"primaryImageOfPage":{"@id":"https:\/\/radioljubuski.ba\/index.php\/2022\/06\/28\/covic-bosnjake-ne-mozemo-sprijeciti-da-nametnu-sest-hrvata-u-dom-naroda-fbih-ako-to-ucine-ceka-nas-jos-veca-kriza\/#primaryimage"},"image":{"@id":"https:\/\/radioljubuski.ba\/index.php\/2022\/06\/28\/covic-bosnjake-ne-mozemo-sprijeciti-da-nametnu-sest-hrvata-u-dom-naroda-fbih-ako-to-ucine-ceka-nas-jos-veca-kriza\/#primaryimage"},"thumbnailUrl":"https:\/\/radioljubuski.ba\/wp-content\/uploads\/2022\/06\/covic-hrt.png","datePublished":"2022-06-28T12:41:27+00:00","dateModified":"2022-06-28T12:41:29+00:00","breadcrumb":{"@id":"https:\/\/radioljubuski.ba\/index.php\/2022\/06\/28\/covic-bosnjake-ne-mozemo-sprijeciti-da-nametnu-sest-hrvata-u-dom-naroda-fbih-ako-to-ucine-ceka-nas-jos-veca-kriza\/#breadcrumb"},"inLanguage":"hr","potentialAction":[{"@type":"ReadAction","target":["https:\/\/radioljubuski.ba\/index.php\/2022\/06\/28\/covic-bosnjake-ne-mozemo-sprijeciti-da-nametnu-sest-hrvata-u-dom-naroda-fbih-ako-to-ucine-ceka-nas-jos-veca-kriza\/"]}]},{"@type":"ImageObject","inLanguage":"hr","@id":"https:\/\/radioljubuski.ba\/index.php\/2022\/06\/28\/covic-bosnjake-ne-mozemo-sprijeciti-da-nametnu-sest-hrvata-u-dom-naroda-fbih-ako-to-ucine-ceka-nas-jos-veca-kriza\/#primaryimage","url":"https:\/\/radioljubuski.ba\/wp-content\/uploads\/2022\/06\/covic-hrt.png","contentUrl":"https:\/\/radioljubuski.ba\/wp-content\/uploads\/2022\/06\/covic-hrt.png","width":1024,"height":606},{"@type":"BreadcrumbList","@id":"https:\/\/radioljubuski.ba\/index.php\/2022\/06\/28\/covic-bosnjake-ne-mozemo-sprijeciti-da-nametnu-sest-hrvata-u-dom-naroda-fbih-ako-to-ucine-ceka-nas-jos-veca-kriza\/#breadcrumb","itemListElement":[{"@type":"ListItem","position":1,"name":"Po\u010detna stranica","item":"https:\/\/radioljubuski.ba\/"},{"@type":"ListItem","position":2,"name":"\u010covi\u0107: Bo\u0161njake ne mo\u017eemo sprije\u010diti da nametnu \u0161est Hrvata u Dom naroda FBiH, ako to u\u010dine \u010deka nas jo\u0161 ve\u0107a kriza"}]},{"@type":"WebSite","@id":"https:\/\/radioljubuski.ba\/#website","url":"https:\/\/radioljubuski.ba\/","name":"Radio Ljubu\u0161ki","description":"Sun\u010dana frekvencija Hercegovine","publisher":{"@id":"https:\/\/radioljubuski.ba\/#organization"},"potentialAction":[{"@type":"SearchAction","target":{"@type":"EntryPoint","urlTemplate":"https:\/\/radioljubuski.ba\/?s={search_term_string}"},"query-input":{"@type":"PropertyValueSpecification","valueRequired":true,"valueName":"search_term_string"}}],"inLanguage":"hr"},{"@type":"Organization","@id":"https:\/\/radioljubuski.ba\/#organization","name":"Radio Ljubu\u0161ki","url":"https:\/\/radioljubuski.ba\/","logo":{"@type":"ImageObject","inLanguage":"hr","@id":"https:\/\/radioljubuski.ba\/#\/schema\/logo\/image\/","url":"https:\/\/radioljubuski.ba\/wp-content\/uploads\/2021\/02\/cropped-Radio_Ljubuski_logo1.jpg","contentUrl":"https:\/\/radioljubuski.ba\/wp-content\/uploads\/2021\/02\/cropped-Radio_Ljubuski_logo1.jpg","width":512,"height":512,"caption":"Radio Ljubu\u0161ki"},"image":{"@id":"https:\/\/radioljubuski.ba\/#\/schema\/logo\/image\/"},"sameAs":["https:\/\/www.facebook.com\/Radiio-Ljubuski-1490835324566332","https:\/\/x.com\/radioljubuski","https:\/\/hr.linkedin.com\/company\/radio-ljubuski","https:\/\/www.youtube.com\/channel\/UCHYaeO_n0Db3tjNGudGpXyw"]},{"@type":"Person","@id":"https:\/\/radioljubuski.ba\/#\/schema\/person\/19fc700381a780f69665d7956c469e3b","name":"Radio Ljubu\u0161ki"}]}},"_links":{"self":[{"href":"https:\/\/radioljubuski.ba\/index.php\/wp-json\/wp\/v2\/posts\/154523","targetHints":{"allow":["GET"]}}],"collection":[{"href":"https:\/\/radioljubuski.ba\/index.php\/wp-json\/wp\/v2\/posts"}],"about":[{"href":"https:\/\/radioljubuski.ba\/index.php\/wp-json\/wp\/v2\/types\/post"}],"author":[{"embeddable":true,"href":"https:\/\/radioljubuski.ba\/index.php\/wp-json\/wp\/v2\/users\/2"}],"replies":[{"embeddable":true,"href":"https:\/\/radioljubuski.ba\/index.php\/wp-json\/wp\/v2\/comments?post=154523"}],"version-history":[{"count":1,"href":"https:\/\/radioljubuski.ba\/index.php\/wp-json\/wp\/v2\/posts\/154523\/revisions"}],"predecessor-version":[{"id":154524,"href":"https:\/\/radioljubuski.ba\/index.php\/wp-json\/wp\/v2\/posts\/154523\/revisions\/154524"}],"wp:featuredmedia":[{"embeddable":true,"href":"https:\/\/radioljubuski.ba\/index.php\/wp-json\/wp\/v2\/media\/151564"}],"wp:attachment":[{"href":"https:\/\/radioljubuski.ba\/index.php\/wp-json\/wp\/v2\/media?parent=154523"}],"wp:term":[{"taxonomy":"category","embeddable":true,"href":"https:\/\/radioljubuski.ba\/index.php\/wp-json\/wp\/v2\/categories?post=154523"},{"taxonomy":"post_tag","embeddable":true,"href":"https:\/\/radioljubuski.ba\/index.php\/wp-json\/wp\/v2\/tags?post=154523"}],"curies":[{"name":"wp","href":"https:\/\/api.w.org\/{rel}","templated":true}]}}