{"id":154531,"date":"2022-06-29T07:08:28","date_gmt":"2022-06-29T06:08:28","guid":{"rendered":"https:\/\/radioljubuski.ba\/?p=154531"},"modified":"2022-06-29T07:08:30","modified_gmt":"2022-06-29T06:08:30","slug":"sirokobrijezanin-napravio-prvi-arhivski-inventar-sveucilista-u-zagrebu","status":"publish","type":"post","link":"https:\/\/radioljubuski.ba\/index.php\/2022\/06\/29\/sirokobrijezanin-napravio-prvi-arhivski-inventar-sveucilista-u-zagrebu\/","title":{"rendered":"\u0160irokobrije\u017eanin napravio prvi arhivski inventar Sveu\u010dili\u0161ta u Zagrebu"},"content":{"rendered":"\n<h5 class=\"wp-block-heading\">\u201cZbirka fotografija Sveu\u010dili\u0161ta u Zagrebu 1890.-2020.\u201d naziv je prvoga arhivskoga inventara koji je izra\u0111en u okviru aktivnosti Sredi\u0161njega ureda za arhivsku gra\u0111u Sveu\u010dili\u0161ta u Zagrebu na evidentiranju i obradi arhivskih izvora Sveu\u010dili\u0161ta.<\/h5>\n\n\n\n<p>Zbirka je formirana s ciljem okupljanja fotografskog gradiva, koje se \u010duva u Arhivu i drugim ustrojbenim jedinicama Sveu\u010dili\u0161ta u Zagrebu, u jedinstvenu dokumentacijsku cjelinu koja\u00a0sadr\u017ei preko 9.125 fotografija.<\/p>\n\n\n\n<p>Zbirka se\u00a0tematski odnosi na portrete\u00a0pojedinih rektora Sveu\u010dili\u0161ta u Zagrebu, istaknutih sveu\u010dili\u0161nih profesora i studenata, te obuhva\u0107a sve\u010dane obljetnice utemeljenja Sveu\u010dili\u0161ta u Zagrebu, fotografije iz povijesti sastavnica, kao i fotografije razli\u010dite tematike iz razdoblja od 1890. do 2020.\u00a0Najzna\u010dajniju cjelinu \u010dine\u00a0fotografije po\u010dasnih doktora znanosti koje su uokvirene i izlo\u017eene u Maloj vije\u0107nici Sveu\u010dili\u0161ta u Zagrebu.<\/p>\n\n\n\n<figure class=\"wp-block-image size-large\"><img loading=\"lazy\" decoding=\"async\" width=\"650\" height=\"1017\" src=\"https:\/\/radioljubuski.ba\/wp-content\/uploads\/2022\/06\/arhivski-inventar-sveuciliste-u-zagrebu-8.jpg\" alt=\"\" class=\"wp-image-154534\" srcset=\"https:\/\/radioljubuski.ba\/wp-content\/uploads\/2022\/06\/arhivski-inventar-sveuciliste-u-zagrebu-8.jpg 650w, https:\/\/radioljubuski.ba\/wp-content\/uploads\/2022\/06\/arhivski-inventar-sveuciliste-u-zagrebu-8-192x300.jpg 192w, https:\/\/radioljubuski.ba\/wp-content\/uploads\/2022\/06\/arhivski-inventar-sveuciliste-u-zagrebu-8-8x12.jpg 8w\" sizes=\"auto, (max-width: 650px) 100vw, 650px\" \/><\/figure>\n\n\n\n<p>Drugu cjelinu Zbirke sa\u010dinjavaju reprografije snimljene povodom tristote obljetnice Sveu\u010dili\u0161ta u Zagrebu.\u00a0Najve\u0107i broj fotografija\u00a0snimljen je u razdoblju od 1998. do danas prigodom sve\u010danosti proslave Dana Sveu\u010dili\u0161ta\u00a0(Dies Academicus),\u00a0koja se obilje\u017eava 3. studenoga, te na sve\u010danostima promocija doktora znanosti i umjetnosti. Na Sveu\u010dili\u0161tu se tako\u0111er \u010duvaju fotografije snimljene tijekom\u00a0odr\u017eavanja razli\u010ditih doga\u0111anja\u00a0kao \u0161to su posjete visokih du\u017enosnika iz Republike Hrvatske i inozemstva, Rektorskoga zbora Republike Hrvatske, sve\u010danoga otvaranja sveu\u010dili\u0161nog kampusa Borongaj te sve\u010danih dodjela stipendija studentima Sveu\u010dili\u0161ta u Zagrebu.<\/p>\n\n\n\n<p>Inventar Zbirke izradio je\u00a0doc. dr. sc. Hrvoje Mandi\u0107 iz \u0160irokog Brijega\u00a0kao stru\u010dni rad za polaganje stru\u010dnoga ispita u arhivskoj struci.<\/p>\n\n\n\n<figure class=\"wp-block-image size-large\"><img loading=\"lazy\" decoding=\"async\" width=\"641\" height=\"1024\" src=\"https:\/\/radioljubuski.ba\/wp-content\/uploads\/2022\/06\/arhivski-inventar-sveuciliste-u-zagrebu-9-641x1024.jpg\" alt=\"\" class=\"wp-image-154533\" srcset=\"https:\/\/radioljubuski.ba\/wp-content\/uploads\/2022\/06\/arhivski-inventar-sveuciliste-u-zagrebu-9-641x1024.jpg 641w, https:\/\/radioljubuski.ba\/wp-content\/uploads\/2022\/06\/arhivski-inventar-sveuciliste-u-zagrebu-9-188x300.jpg 188w, https:\/\/radioljubuski.ba\/wp-content\/uploads\/2022\/06\/arhivski-inventar-sveuciliste-u-zagrebu-9-8x12.jpg 8w, https:\/\/radioljubuski.ba\/wp-content\/uploads\/2022\/06\/arhivski-inventar-sveuciliste-u-zagrebu-9.jpg 650w\" sizes=\"auto, (max-width: 641px) 100vw, 641px\" \/><\/figure>\n\n\n\n<p>Na poticaj rektora\u00a0prof. dr. sc. Damira Borasa, prije nekoliko je godina pokrenuta inicijativa za registraciju Arhiva Sveu\u010dili\u0161ta u Zagrebu, u skladu s va\u017ee\u0107im arhivskim propisima, kao specijaliziranoga arhiva koji skrbi o arhivskom i dokumentarnom gradivu sveu\u010dili\u0161ne provenijencije, \u010dime bi se u Hrvatskoj o\u017eivotvorile me\u0111unarodne prakse i tradicije sveu\u010dili\u0161nih arhiva kao sredi\u0161njih informacijskih centara sveu\u010dili\u0161ne, znanstvene i dru\u0161tvene zajednice.<\/p>\n\n\n\n<figure class=\"wp-block-image size-large\"><img loading=\"lazy\" decoding=\"async\" width=\"650\" height=\"900\" src=\"https:\/\/radioljubuski.ba\/wp-content\/uploads\/2022\/06\/arhivski-inventar-sveuciliste-u-zagrebu-7.jpg\" alt=\"\" class=\"wp-image-154532\" srcset=\"https:\/\/radioljubuski.ba\/wp-content\/uploads\/2022\/06\/arhivski-inventar-sveuciliste-u-zagrebu-7.jpg 650w, https:\/\/radioljubuski.ba\/wp-content\/uploads\/2022\/06\/arhivski-inventar-sveuciliste-u-zagrebu-7-217x300.jpg 217w, https:\/\/radioljubuski.ba\/wp-content\/uploads\/2022\/06\/arhivski-inventar-sveuciliste-u-zagrebu-7-9x12.jpg 9w\" sizes=\"auto, (max-width: 650px) 100vw, 650px\" \/><\/figure>\n\n\n\n<p>U sveu\u010dili\u0161nom arhivu\u00a0\u010duva se gradivo iz modernog razdoblja \u017eivota\u00a0Sveu\u010dili\u0161ta, od 1874. godine do danas: administrativna i financijska dokumentacija, spisi sveu\u010dili\u0161nih tijela, dokumentacija o polaznicima sveu\u010dili\u0161nih studijskih programa te \u00a0stru\u010dnoj i znanstveno-istra\u017eiva\u010dkoj djelatnosti, kao i druge raznovrsne zbirke \u2013 zbirke tiskovina, publikacija i fotografija te\u00a0druge dokumentacijske cjeline\u00a0nastale tijekom djelovanja Sveu\u010dili\u0161ta i s njime povezanih institucija.<\/p>\n\n\n\n<p>Izvor: <a href=\"https:\/\/www.jabuka.tv\/sirokobrijezanin-napravio-prvi-arhivski-inventar-sveucilista-u-zagrebu\/\">Jabuka.tv<\/a><\/p>\n","protected":false},"excerpt":{"rendered":"<p>\u201cZbirka fotografija Sveu\u010dili\u0161ta u Zagrebu 1890.-2020.\u201d naziv je prvoga arhivskoga inventara koji je izra\u0111en u okviru aktivnosti Sredi\u0161njega ureda za arhivsku gra\u0111u Sveu\u010dili\u0161ta u Zagrebu na evidentiranju i obradi arhivskih izvora Sveu\u010dili\u0161ta. Zbirka je formirana s ciljem okupljanja fotografskog gradiva, koje se \u010duva u Arhivu i drugim ustrojbenim jedinicama Sveu\u010dili\u0161ta u Zagrebu, u jedinstvenu dokumentacijsku [&hellip;]<\/p>\n","protected":false},"author":2,"featured_media":154535,"comment_status":"closed","ping_status":"closed","sticky":false,"template":"","format":"standard","meta":{"h5ap_radio_sources":[],"footnotes":""},"categories":[1],"tags":[],"class_list":["post-154531","post","type-post","status-publish","format-standard","has-post-thumbnail","hentry","category-bihiregija"],"yoast_head":"<!-- This site is optimized with the Yoast SEO plugin v27.5 - https:\/\/yoast.com\/product\/yoast-seo-wordpress\/ -->\n<title>\u0160irokobrije\u017eanin napravio prvi arhivski inventar Sveu\u010dili\u0161ta u Zagrebu - RADIO LJUBU\u0160KI<\/title>\n<meta name=\"robots\" content=\"index, follow, max-snippet:-1, max-image-preview:large, max-video-preview:-1\" \/>\n<link rel=\"canonical\" href=\"https:\/\/radioljubuski.ba\/index.php\/2022\/06\/29\/sirokobrijezanin-napravio-prvi-arhivski-inventar-sveucilista-u-zagrebu\/\" \/>\n<meta property=\"og:locale\" content=\"hr_HR\" \/>\n<meta property=\"og:type\" content=\"article\" \/>\n<meta property=\"og:title\" content=\"\u0160irokobrije\u017eanin napravio prvi arhivski inventar Sveu\u010dili\u0161ta u Zagrebu - RADIO LJUBU\u0160KI\" \/>\n<meta property=\"og:description\" content=\"\u201cZbirka fotografija Sveu\u010dili\u0161ta u Zagrebu 1890.-2020.\u201d naziv je prvoga arhivskoga inventara koji je izra\u0111en u okviru aktivnosti Sredi\u0161njega ureda za arhivsku gra\u0111u Sveu\u010dili\u0161ta u Zagrebu na evidentiranju i obradi arhivskih izvora Sveu\u010dili\u0161ta. Zbirka je formirana s ciljem okupljanja fotografskog gradiva, koje se \u010duva u Arhivu i drugim ustrojbenim jedinicama Sveu\u010dili\u0161ta u Zagrebu, u jedinstvenu dokumentacijsku [&hellip;]\" \/>\n<meta property=\"og:url\" content=\"https:\/\/radioljubuski.ba\/index.php\/2022\/06\/29\/sirokobrijezanin-napravio-prvi-arhivski-inventar-sveucilista-u-zagrebu\/\" \/>\n<meta property=\"og:site_name\" content=\"RADIO LJUBU\u0160KI\" \/>\n<meta property=\"article:publisher\" content=\"https:\/\/www.facebook.com\/Radiio-Ljubuski-1490835324566332\" \/>\n<meta property=\"article:published_time\" content=\"2022-06-29T06:08:28+00:00\" \/>\n<meta property=\"article:modified_time\" content=\"2022-06-29T06:08:30+00:00\" \/>\n<meta property=\"og:image\" content=\"https:\/\/radioljubuski.ba\/wp-content\/uploads\/2022\/06\/predstavljanje-monografije-fra-dominik-mandic-siroki-hrvoje-mandic-810x541-1.jpg\" \/>\n\t<meta property=\"og:image:width\" content=\"810\" \/>\n\t<meta property=\"og:image:height\" content=\"541\" \/>\n\t<meta property=\"og:image:type\" content=\"image\/jpeg\" \/>\n<meta name=\"author\" content=\"Radio Ljubu\u0161ki\" \/>\n<meta name=\"twitter:card\" content=\"summary_large_image\" \/>\n<meta name=\"twitter:creator\" content=\"@radioljubuski\" \/>\n<meta name=\"twitter:site\" content=\"@radioljubuski\" \/>\n<meta name=\"twitter:label1\" content=\"Napisao\/la\" \/>\n\t<meta name=\"twitter:data1\" content=\"Radio Ljubu\u0161ki\" \/>\n\t<meta name=\"twitter:label2\" content=\"Procijenjeno vrijeme \u010ditanja\" \/>\n\t<meta name=\"twitter:data2\" content=\"3 minute\" \/>\n<script type=\"application\/ld+json\" class=\"yoast-schema-graph\">{\"@context\":\"https:\\\/\\\/schema.org\",\"@graph\":[{\"@type\":\"Article\",\"@id\":\"https:\\\/\\\/radioljubuski.ba\\\/index.php\\\/2022\\\/06\\\/29\\\/sirokobrijezanin-napravio-prvi-arhivski-inventar-sveucilista-u-zagrebu\\\/#article\",\"isPartOf\":{\"@id\":\"https:\\\/\\\/radioljubuski.ba\\\/index.php\\\/2022\\\/06\\\/29\\\/sirokobrijezanin-napravio-prvi-arhivski-inventar-sveucilista-u-zagrebu\\\/\"},\"author\":{\"name\":\"Radio Ljubu\u0161ki\",\"@id\":\"https:\\\/\\\/radioljubuski.ba\\\/#\\\/schema\\\/person\\\/19fc700381a780f69665d7956c469e3b\"},\"headline\":\"\u0160irokobrije\u017eanin napravio prvi arhivski inventar Sveu\u010dili\u0161ta u Zagrebu\",\"datePublished\":\"2022-06-29T06:08:28+00:00\",\"dateModified\":\"2022-06-29T06:08:30+00:00\",\"mainEntityOfPage\":{\"@id\":\"https:\\\/\\\/radioljubuski.ba\\\/index.php\\\/2022\\\/06\\\/29\\\/sirokobrijezanin-napravio-prvi-arhivski-inventar-sveucilista-u-zagrebu\\\/\"},\"wordCount\":424,\"publisher\":{\"@id\":\"https:\\\/\\\/radioljubuski.ba\\\/#organization\"},\"image\":{\"@id\":\"https:\\\/\\\/radioljubuski.ba\\\/index.php\\\/2022\\\/06\\\/29\\\/sirokobrijezanin-napravio-prvi-arhivski-inventar-sveucilista-u-zagrebu\\\/#primaryimage\"},\"thumbnailUrl\":\"https:\\\/\\\/radioljubuski.ba\\\/wp-content\\\/uploads\\\/2022\\\/06\\\/predstavljanje-monografije-fra-dominik-mandic-siroki-hrvoje-mandic-810x541-1.jpg\",\"articleSection\":[\"BIH i regija\"],\"inLanguage\":\"hr\"},{\"@type\":\"WebPage\",\"@id\":\"https:\\\/\\\/radioljubuski.ba\\\/index.php\\\/2022\\\/06\\\/29\\\/sirokobrijezanin-napravio-prvi-arhivski-inventar-sveucilista-u-zagrebu\\\/\",\"url\":\"https:\\\/\\\/radioljubuski.ba\\\/index.php\\\/2022\\\/06\\\/29\\\/sirokobrijezanin-napravio-prvi-arhivski-inventar-sveucilista-u-zagrebu\\\/\",\"name\":\"\u0160irokobrije\u017eanin napravio prvi arhivski inventar Sveu\u010dili\u0161ta u Zagrebu - RADIO LJUBU\u0160KI\",\"isPartOf\":{\"@id\":\"https:\\\/\\\/radioljubuski.ba\\\/#website\"},\"primaryImageOfPage\":{\"@id\":\"https:\\\/\\\/radioljubuski.ba\\\/index.php\\\/2022\\\/06\\\/29\\\/sirokobrijezanin-napravio-prvi-arhivski-inventar-sveucilista-u-zagrebu\\\/#primaryimage\"},\"image\":{\"@id\":\"https:\\\/\\\/radioljubuski.ba\\\/index.php\\\/2022\\\/06\\\/29\\\/sirokobrijezanin-napravio-prvi-arhivski-inventar-sveucilista-u-zagrebu\\\/#primaryimage\"},\"thumbnailUrl\":\"https:\\\/\\\/radioljubuski.ba\\\/wp-content\\\/uploads\\\/2022\\\/06\\\/predstavljanje-monografije-fra-dominik-mandic-siroki-hrvoje-mandic-810x541-1.jpg\",\"datePublished\":\"2022-06-29T06:08:28+00:00\",\"dateModified\":\"2022-06-29T06:08:30+00:00\",\"breadcrumb\":{\"@id\":\"https:\\\/\\\/radioljubuski.ba\\\/index.php\\\/2022\\\/06\\\/29\\\/sirokobrijezanin-napravio-prvi-arhivski-inventar-sveucilista-u-zagrebu\\\/#breadcrumb\"},\"inLanguage\":\"hr\",\"potentialAction\":[{\"@type\":\"ReadAction\",\"target\":[\"https:\\\/\\\/radioljubuski.ba\\\/index.php\\\/2022\\\/06\\\/29\\\/sirokobrijezanin-napravio-prvi-arhivski-inventar-sveucilista-u-zagrebu\\\/\"]}]},{\"@type\":\"ImageObject\",\"inLanguage\":\"hr\",\"@id\":\"https:\\\/\\\/radioljubuski.ba\\\/index.php\\\/2022\\\/06\\\/29\\\/sirokobrijezanin-napravio-prvi-arhivski-inventar-sveucilista-u-zagrebu\\\/#primaryimage\",\"url\":\"https:\\\/\\\/radioljubuski.ba\\\/wp-content\\\/uploads\\\/2022\\\/06\\\/predstavljanje-monografije-fra-dominik-mandic-siroki-hrvoje-mandic-810x541-1.jpg\",\"contentUrl\":\"https:\\\/\\\/radioljubuski.ba\\\/wp-content\\\/uploads\\\/2022\\\/06\\\/predstavljanje-monografije-fra-dominik-mandic-siroki-hrvoje-mandic-810x541-1.jpg\",\"width\":810,\"height\":541},{\"@type\":\"BreadcrumbList\",\"@id\":\"https:\\\/\\\/radioljubuski.ba\\\/index.php\\\/2022\\\/06\\\/29\\\/sirokobrijezanin-napravio-prvi-arhivski-inventar-sveucilista-u-zagrebu\\\/#breadcrumb\",\"itemListElement\":[{\"@type\":\"ListItem\",\"position\":1,\"name\":\"Po\u010detna stranica\",\"item\":\"https:\\\/\\\/radioljubuski.ba\\\/\"},{\"@type\":\"ListItem\",\"position\":2,\"name\":\"\u0160irokobrije\u017eanin napravio prvi arhivski inventar Sveu\u010dili\u0161ta u Zagrebu\"}]},{\"@type\":\"WebSite\",\"@id\":\"https:\\\/\\\/radioljubuski.ba\\\/#website\",\"url\":\"https:\\\/\\\/radioljubuski.ba\\\/\",\"name\":\"Radio Ljubu\u0161ki\",\"description\":\"Sun\u010dana frekvencija Hercegovine\",\"publisher\":{\"@id\":\"https:\\\/\\\/radioljubuski.ba\\\/#organization\"},\"potentialAction\":[{\"@type\":\"SearchAction\",\"target\":{\"@type\":\"EntryPoint\",\"urlTemplate\":\"https:\\\/\\\/radioljubuski.ba\\\/?s={search_term_string}\"},\"query-input\":{\"@type\":\"PropertyValueSpecification\",\"valueRequired\":true,\"valueName\":\"search_term_string\"}}],\"inLanguage\":\"hr\"},{\"@type\":\"Organization\",\"@id\":\"https:\\\/\\\/radioljubuski.ba\\\/#organization\",\"name\":\"Radio Ljubu\u0161ki\",\"url\":\"https:\\\/\\\/radioljubuski.ba\\\/\",\"logo\":{\"@type\":\"ImageObject\",\"inLanguage\":\"hr\",\"@id\":\"https:\\\/\\\/radioljubuski.ba\\\/#\\\/schema\\\/logo\\\/image\\\/\",\"url\":\"https:\\\/\\\/radioljubuski.ba\\\/wp-content\\\/uploads\\\/2021\\\/02\\\/cropped-Radio_Ljubuski_logo1.jpg\",\"contentUrl\":\"https:\\\/\\\/radioljubuski.ba\\\/wp-content\\\/uploads\\\/2021\\\/02\\\/cropped-Radio_Ljubuski_logo1.jpg\",\"width\":512,\"height\":512,\"caption\":\"Radio Ljubu\u0161ki\"},\"image\":{\"@id\":\"https:\\\/\\\/radioljubuski.ba\\\/#\\\/schema\\\/logo\\\/image\\\/\"},\"sameAs\":[\"https:\\\/\\\/www.facebook.com\\\/Radiio-Ljubuski-1490835324566332\",\"https:\\\/\\\/x.com\\\/radioljubuski\",\"https:\\\/\\\/hr.linkedin.com\\\/company\\\/radio-ljubuski\",\"https:\\\/\\\/www.youtube.com\\\/channel\\\/UCHYaeO_n0Db3tjNGudGpXyw\"]},{\"@type\":\"Person\",\"@id\":\"https:\\\/\\\/radioljubuski.ba\\\/#\\\/schema\\\/person\\\/19fc700381a780f69665d7956c469e3b\",\"name\":\"Radio Ljubu\u0161ki\"}]}<\/script>\n<!-- \/ Yoast SEO plugin. -->","yoast_head_json":{"title":"\u0160irokobrije\u017eanin napravio prvi arhivski inventar Sveu\u010dili\u0161ta u Zagrebu - RADIO LJUBU\u0160KI","robots":{"index":"index","follow":"follow","max-snippet":"max-snippet:-1","max-image-preview":"max-image-preview:large","max-video-preview":"max-video-preview:-1"},"canonical":"https:\/\/radioljubuski.ba\/index.php\/2022\/06\/29\/sirokobrijezanin-napravio-prvi-arhivski-inventar-sveucilista-u-zagrebu\/","og_locale":"hr_HR","og_type":"article","og_title":"\u0160irokobrije\u017eanin napravio prvi arhivski inventar Sveu\u010dili\u0161ta u Zagrebu - RADIO LJUBU\u0160KI","og_description":"\u201cZbirka fotografija Sveu\u010dili\u0161ta u Zagrebu 1890.-2020.\u201d naziv je prvoga arhivskoga inventara koji je izra\u0111en u okviru aktivnosti Sredi\u0161njega ureda za arhivsku gra\u0111u Sveu\u010dili\u0161ta u Zagrebu na evidentiranju i obradi arhivskih izvora Sveu\u010dili\u0161ta. Zbirka je formirana s ciljem okupljanja fotografskog gradiva, koje se \u010duva u Arhivu i drugim ustrojbenim jedinicama Sveu\u010dili\u0161ta u Zagrebu, u jedinstvenu dokumentacijsku [&hellip;]","og_url":"https:\/\/radioljubuski.ba\/index.php\/2022\/06\/29\/sirokobrijezanin-napravio-prvi-arhivski-inventar-sveucilista-u-zagrebu\/","og_site_name":"RADIO LJUBU\u0160KI","article_publisher":"https:\/\/www.facebook.com\/Radiio-Ljubuski-1490835324566332","article_published_time":"2022-06-29T06:08:28+00:00","article_modified_time":"2022-06-29T06:08:30+00:00","og_image":[{"width":810,"height":541,"url":"https:\/\/radioljubuski.ba\/wp-content\/uploads\/2022\/06\/predstavljanje-monografije-fra-dominik-mandic-siroki-hrvoje-mandic-810x541-1.jpg","type":"image\/jpeg"}],"author":"Radio Ljubu\u0161ki","twitter_card":"summary_large_image","twitter_creator":"@radioljubuski","twitter_site":"@radioljubuski","twitter_misc":{"Napisao\/la":"Radio Ljubu\u0161ki","Procijenjeno vrijeme \u010ditanja":"3 minute"},"schema":{"@context":"https:\/\/schema.org","@graph":[{"@type":"Article","@id":"https:\/\/radioljubuski.ba\/index.php\/2022\/06\/29\/sirokobrijezanin-napravio-prvi-arhivski-inventar-sveucilista-u-zagrebu\/#article","isPartOf":{"@id":"https:\/\/radioljubuski.ba\/index.php\/2022\/06\/29\/sirokobrijezanin-napravio-prvi-arhivski-inventar-sveucilista-u-zagrebu\/"},"author":{"name":"Radio Ljubu\u0161ki","@id":"https:\/\/radioljubuski.ba\/#\/schema\/person\/19fc700381a780f69665d7956c469e3b"},"headline":"\u0160irokobrije\u017eanin napravio prvi arhivski inventar Sveu\u010dili\u0161ta u Zagrebu","datePublished":"2022-06-29T06:08:28+00:00","dateModified":"2022-06-29T06:08:30+00:00","mainEntityOfPage":{"@id":"https:\/\/radioljubuski.ba\/index.php\/2022\/06\/29\/sirokobrijezanin-napravio-prvi-arhivski-inventar-sveucilista-u-zagrebu\/"},"wordCount":424,"publisher":{"@id":"https:\/\/radioljubuski.ba\/#organization"},"image":{"@id":"https:\/\/radioljubuski.ba\/index.php\/2022\/06\/29\/sirokobrijezanin-napravio-prvi-arhivski-inventar-sveucilista-u-zagrebu\/#primaryimage"},"thumbnailUrl":"https:\/\/radioljubuski.ba\/wp-content\/uploads\/2022\/06\/predstavljanje-monografije-fra-dominik-mandic-siroki-hrvoje-mandic-810x541-1.jpg","articleSection":["BIH i regija"],"inLanguage":"hr"},{"@type":"WebPage","@id":"https:\/\/radioljubuski.ba\/index.php\/2022\/06\/29\/sirokobrijezanin-napravio-prvi-arhivski-inventar-sveucilista-u-zagrebu\/","url":"https:\/\/radioljubuski.ba\/index.php\/2022\/06\/29\/sirokobrijezanin-napravio-prvi-arhivski-inventar-sveucilista-u-zagrebu\/","name":"\u0160irokobrije\u017eanin napravio prvi arhivski inventar Sveu\u010dili\u0161ta u Zagrebu - RADIO LJUBU\u0160KI","isPartOf":{"@id":"https:\/\/radioljubuski.ba\/#website"},"primaryImageOfPage":{"@id":"https:\/\/radioljubuski.ba\/index.php\/2022\/06\/29\/sirokobrijezanin-napravio-prvi-arhivski-inventar-sveucilista-u-zagrebu\/#primaryimage"},"image":{"@id":"https:\/\/radioljubuski.ba\/index.php\/2022\/06\/29\/sirokobrijezanin-napravio-prvi-arhivski-inventar-sveucilista-u-zagrebu\/#primaryimage"},"thumbnailUrl":"https:\/\/radioljubuski.ba\/wp-content\/uploads\/2022\/06\/predstavljanje-monografije-fra-dominik-mandic-siroki-hrvoje-mandic-810x541-1.jpg","datePublished":"2022-06-29T06:08:28+00:00","dateModified":"2022-06-29T06:08:30+00:00","breadcrumb":{"@id":"https:\/\/radioljubuski.ba\/index.php\/2022\/06\/29\/sirokobrijezanin-napravio-prvi-arhivski-inventar-sveucilista-u-zagrebu\/#breadcrumb"},"inLanguage":"hr","potentialAction":[{"@type":"ReadAction","target":["https:\/\/radioljubuski.ba\/index.php\/2022\/06\/29\/sirokobrijezanin-napravio-prvi-arhivski-inventar-sveucilista-u-zagrebu\/"]}]},{"@type":"ImageObject","inLanguage":"hr","@id":"https:\/\/radioljubuski.ba\/index.php\/2022\/06\/29\/sirokobrijezanin-napravio-prvi-arhivski-inventar-sveucilista-u-zagrebu\/#primaryimage","url":"https:\/\/radioljubuski.ba\/wp-content\/uploads\/2022\/06\/predstavljanje-monografije-fra-dominik-mandic-siroki-hrvoje-mandic-810x541-1.jpg","contentUrl":"https:\/\/radioljubuski.ba\/wp-content\/uploads\/2022\/06\/predstavljanje-monografije-fra-dominik-mandic-siroki-hrvoje-mandic-810x541-1.jpg","width":810,"height":541},{"@type":"BreadcrumbList","@id":"https:\/\/radioljubuski.ba\/index.php\/2022\/06\/29\/sirokobrijezanin-napravio-prvi-arhivski-inventar-sveucilista-u-zagrebu\/#breadcrumb","itemListElement":[{"@type":"ListItem","position":1,"name":"Po\u010detna stranica","item":"https:\/\/radioljubuski.ba\/"},{"@type":"ListItem","position":2,"name":"\u0160irokobrije\u017eanin napravio prvi arhivski inventar Sveu\u010dili\u0161ta u Zagrebu"}]},{"@type":"WebSite","@id":"https:\/\/radioljubuski.ba\/#website","url":"https:\/\/radioljubuski.ba\/","name":"Radio Ljubu\u0161ki","description":"Sun\u010dana frekvencija Hercegovine","publisher":{"@id":"https:\/\/radioljubuski.ba\/#organization"},"potentialAction":[{"@type":"SearchAction","target":{"@type":"EntryPoint","urlTemplate":"https:\/\/radioljubuski.ba\/?s={search_term_string}"},"query-input":{"@type":"PropertyValueSpecification","valueRequired":true,"valueName":"search_term_string"}}],"inLanguage":"hr"},{"@type":"Organization","@id":"https:\/\/radioljubuski.ba\/#organization","name":"Radio Ljubu\u0161ki","url":"https:\/\/radioljubuski.ba\/","logo":{"@type":"ImageObject","inLanguage":"hr","@id":"https:\/\/radioljubuski.ba\/#\/schema\/logo\/image\/","url":"https:\/\/radioljubuski.ba\/wp-content\/uploads\/2021\/02\/cropped-Radio_Ljubuski_logo1.jpg","contentUrl":"https:\/\/radioljubuski.ba\/wp-content\/uploads\/2021\/02\/cropped-Radio_Ljubuski_logo1.jpg","width":512,"height":512,"caption":"Radio Ljubu\u0161ki"},"image":{"@id":"https:\/\/radioljubuski.ba\/#\/schema\/logo\/image\/"},"sameAs":["https:\/\/www.facebook.com\/Radiio-Ljubuski-1490835324566332","https:\/\/x.com\/radioljubuski","https:\/\/hr.linkedin.com\/company\/radio-ljubuski","https:\/\/www.youtube.com\/channel\/UCHYaeO_n0Db3tjNGudGpXyw"]},{"@type":"Person","@id":"https:\/\/radioljubuski.ba\/#\/schema\/person\/19fc700381a780f69665d7956c469e3b","name":"Radio Ljubu\u0161ki"}]}},"_links":{"self":[{"href":"https:\/\/radioljubuski.ba\/index.php\/wp-json\/wp\/v2\/posts\/154531","targetHints":{"allow":["GET"]}}],"collection":[{"href":"https:\/\/radioljubuski.ba\/index.php\/wp-json\/wp\/v2\/posts"}],"about":[{"href":"https:\/\/radioljubuski.ba\/index.php\/wp-json\/wp\/v2\/types\/post"}],"author":[{"embeddable":true,"href":"https:\/\/radioljubuski.ba\/index.php\/wp-json\/wp\/v2\/users\/2"}],"replies":[{"embeddable":true,"href":"https:\/\/radioljubuski.ba\/index.php\/wp-json\/wp\/v2\/comments?post=154531"}],"version-history":[{"count":1,"href":"https:\/\/radioljubuski.ba\/index.php\/wp-json\/wp\/v2\/posts\/154531\/revisions"}],"predecessor-version":[{"id":154536,"href":"https:\/\/radioljubuski.ba\/index.php\/wp-json\/wp\/v2\/posts\/154531\/revisions\/154536"}],"wp:featuredmedia":[{"embeddable":true,"href":"https:\/\/radioljubuski.ba\/index.php\/wp-json\/wp\/v2\/media\/154535"}],"wp:attachment":[{"href":"https:\/\/radioljubuski.ba\/index.php\/wp-json\/wp\/v2\/media?parent=154531"}],"wp:term":[{"taxonomy":"category","embeddable":true,"href":"https:\/\/radioljubuski.ba\/index.php\/wp-json\/wp\/v2\/categories?post=154531"},{"taxonomy":"post_tag","embeddable":true,"href":"https:\/\/radioljubuski.ba\/index.php\/wp-json\/wp\/v2\/tags?post=154531"}],"curies":[{"name":"wp","href":"https:\/\/api.w.org\/{rel}","templated":true}]}}