{"id":154537,"date":"2022-06-29T07:11:06","date_gmt":"2022-06-29T06:11:06","guid":{"rendered":"https:\/\/radioljubuski.ba\/?p=154537"},"modified":"2022-06-29T07:11:08","modified_gmt":"2022-06-29T06:11:08","slug":"blagdan-je-svetih-petra-i-pavla","status":"publish","type":"post","link":"https:\/\/radioljubuski.ba\/index.php\/2022\/06\/29\/blagdan-je-svetih-petra-i-pavla\/","title":{"rendered":"Blagdan je svetih Petra i Pavla"},"content":{"rendered":"\n<h5 class=\"wp-block-heading\">Crkva 29. lipnja slavi svete Petra i Pavla, apostolske prvake \u010dija su se dva glasa pretvorila u mo\u0107nu jeku navje\u0161taja Bo\u017eje istine koja je od samih po\u010detaka \u0161irenja Radosne vijesti po\u010dela ispunjati cijeli svijet.<\/h5>\n\n\n\n<p>Ve\u0107 od najstarijih vremena Crkva je na isti dan slavila svetkovinu svetih Petra i Pavla koji su za Neronova progona\u00a0polo\u017eili svoj \u017eivot\u00a0u Rimu za Isusa Krista.<\/p>\n\n\n\n<p>Bla\u017eeni Petar, prvi me\u0111u apostolima, \u017earko je ljubio Krista. Zaslu\u017eio je \u010duti: \u201eA ja ti ka\u017eem: Ti si Petar\u201c (Mt 16,18). On je, naime, bio izjavio: \u201eTi si Krist-Pomazanik, Sin Boga \u017eivoga\u201c (Mt 16,16). A Krist njemu: \u201eA ja tebi ka\u017eem: Ti si Petar-Stijena i na toj stijeni sagradit \u0107u Crkvu svoju\u201c (Mt 16,18). Na toj \u0107u stijeni sagraditi vjeru koju ispovijeda\u0161. Nad tim \u0161to si rekao: \u201eTi si Krist-Pomazanik, Sin \u017eivoga Boga\u201c sagradit \u0107u svoju Crkvu. Ti si, naime, Petar. Ime Petar dolazi od rije\u010di \u2018stijena\u2019 (petra), a ne dolazi od Petra rije\u010d \u2018stijena\u2019. Tako Petar dolazi od rije\u010di \u201estijena\u201c kao \u0161to i rije\u010d kr\u0161\u0107anin dolazi od imena Krist.<\/p>\n\n\n\n<p>Tako je Petar dobio ime po Kristu \u2013\u00a0Stijeni na\u0161ega spasenja, kako bi na njemu bila sagra\u0111ena i uglavljena u jedinstvu vjera svih vjernika. Premda ni Pavlova \u010dvrsto\u0107a navje\u0161taja i svjedo\u010denja nije bila manja od Petrove, ipak je samo Petar dobio povlasticu da predstavlja op\u0107enitost i jedinstvo cijele Crkve, pi\u0161e Katoli\u010dki tjednik.<\/p>\n\n\n\n<p>Kako vidimo Petar je imao posebnu zada\u0107u u Crkvi, ali su obojica tr\u010dali istu trku vjere i primili isti vijenac pravednosti kojim ih je ovjen\u010dao Gospodin. Zato njih obojica ostavljaju jedinstveno svjedo\u010danstvo i poticaj za Crkvu i vjernike svih vremena.<\/p>\n\n\n\n<figure class=\"wp-block-embed is-type-video is-provider-youtube wp-block-embed-youtube wp-embed-aspect-16-9 wp-has-aspect-ratio\"><div class=\"wp-block-embed__wrapper\">\n<iframe loading=\"lazy\" title=\"Katoli\u010dki kalendar 29.6.2016.  - Svetkovina svetog Petra i Pavla\" width=\"640\" height=\"360\" src=\"https:\/\/www.youtube.com\/embed\/9DNOjzGA5_M?feature=oembed\" frameborder=\"0\" allow=\"accelerometer; autoplay; clipboard-write; encrypted-media; gyroscope; picture-in-picture; web-share\" referrerpolicy=\"strict-origin-when-cross-origin\" allowfullscreen><\/iframe>\n<\/div><\/figure>\n\n\n\n<p>Ne trebamo se bojati i\u0107i tragom njihova svjedo\u010danstva, napose putem vjere i ispovijesti bo\u017eanstva Gospodinova, ali isto tako ne smijemo zaboraviti svjedo\u010diti ljubav koja ih je vodila i dala im snage da polo\u017ee svoj \u017eivot i proliju krv kako bismo mi mogli imati \u010dvrste temelje vjere, to jest kako bismo mogli biti utemeljeni na Stijeni koja je Krist.<\/p>\n\n\n\n<p>U tom duhu se ni sv. Augustin nije ustru\u010davao pozivati svoje vjernike da \u0161tovanje ove dvojice velikana vjere ne bude samo ivanjska proslava, nego i prigoda da ih se nasljeduje: Jedan je dan mu\u010deni\u0161tva za oba apostola.<\/p>\n\n\n\n<p>Ali su i njih dvojica bili jedno. Iako su trpjeli u razli\u010dite dane, bili su jedno. Prvi je i\u0161ao Petar, za njim je slijedio\u00a0Pavao. Proslavljajmo sve\u010dani dan koji nam je posvetila krv apostola. Ljubimo vjeru, \u017eivot, napore, patnje, priznavanja, propovijedi.<\/p>\n\n\n\n<p>Izvor: <a href=\"https:\/\/www.jabuka.tv\/blagdan-je-svetih-petra-i-pavla\/\">Jabuka.tv<\/a><\/p>\n","protected":false},"excerpt":{"rendered":"<p>Crkva 29. lipnja slavi svete Petra i Pavla, apostolske prvake \u010dija su se dva glasa pretvorila u mo\u0107nu jeku navje\u0161taja Bo\u017eje istine koja je od samih po\u010detaka \u0161irenja Radosne vijesti po\u010dela ispunjati cijeli svijet. Ve\u0107 od najstarijih vremena Crkva je na isti dan slavila svetkovinu svetih Petra i Pavla koji su za Neronova progona\u00a0polo\u017eili svoj [&hellip;]<\/p>\n","protected":false},"author":2,"featured_media":154538,"comment_status":"closed","ping_status":"closed","sticky":false,"template":"","format":"standard","meta":{"h5ap_radio_sources":[],"footnotes":""},"categories":[1],"tags":[],"class_list":["post-154537","post","type-post","status-publish","format-standard","has-post-thumbnail","hentry","category-bihiregija"],"yoast_head":"<!-- This site is optimized with the Yoast SEO plugin v27.5 - https:\/\/yoast.com\/product\/yoast-seo-wordpress\/ -->\n<title>Blagdan je svetih Petra i Pavla - RADIO LJUBU\u0160KI<\/title>\n<meta name=\"robots\" content=\"index, follow, max-snippet:-1, max-image-preview:large, max-video-preview:-1\" \/>\n<link rel=\"canonical\" href=\"https:\/\/radioljubuski.ba\/index.php\/2022\/06\/29\/blagdan-je-svetih-petra-i-pavla\/\" \/>\n<meta property=\"og:locale\" content=\"hr_HR\" \/>\n<meta property=\"og:type\" content=\"article\" \/>\n<meta property=\"og:title\" content=\"Blagdan je svetih Petra i Pavla - RADIO LJUBU\u0160KI\" \/>\n<meta property=\"og:description\" content=\"Crkva 29. lipnja slavi svete Petra i Pavla, apostolske prvake \u010dija su se dva glasa pretvorila u mo\u0107nu jeku navje\u0161taja Bo\u017eje istine koja je od samih po\u010detaka \u0161irenja Radosne vijesti po\u010dela ispunjati cijeli svijet. Ve\u0107 od najstarijih vremena Crkva je na isti dan slavila svetkovinu svetih Petra i Pavla koji su za Neronova progona\u00a0polo\u017eili svoj [&hellip;]\" \/>\n<meta property=\"og:url\" content=\"https:\/\/radioljubuski.ba\/index.php\/2022\/06\/29\/blagdan-je-svetih-petra-i-pavla\/\" \/>\n<meta property=\"og:site_name\" content=\"RADIO LJUBU\u0160KI\" \/>\n<meta property=\"article:publisher\" content=\"https:\/\/www.facebook.com\/Radiio-Ljubuski-1490835324566332\" \/>\n<meta property=\"article:published_time\" content=\"2022-06-29T06:11:06+00:00\" \/>\n<meta property=\"article:modified_time\" content=\"2022-06-29T06:11:08+00:00\" \/>\n<meta property=\"og:image\" content=\"https:\/\/radioljubuski.ba\/wp-content\/uploads\/2022\/06\/sveti-petar-pavao-1.jpg\" \/>\n\t<meta property=\"og:image:width\" content=\"810\" \/>\n\t<meta property=\"og:image:height\" content=\"640\" \/>\n\t<meta property=\"og:image:type\" content=\"image\/jpeg\" \/>\n<meta name=\"author\" content=\"Radio Ljubu\u0161ki\" \/>\n<meta name=\"twitter:card\" content=\"summary_large_image\" \/>\n<meta name=\"twitter:creator\" content=\"@radioljubuski\" \/>\n<meta name=\"twitter:site\" content=\"@radioljubuski\" \/>\n<meta name=\"twitter:label1\" content=\"Napisao\/la\" \/>\n\t<meta name=\"twitter:data1\" content=\"Radio Ljubu\u0161ki\" \/>\n\t<meta name=\"twitter:label2\" content=\"Procijenjeno vrijeme \u010ditanja\" \/>\n\t<meta name=\"twitter:data2\" content=\"2 minute\" \/>\n<script type=\"application\/ld+json\" class=\"yoast-schema-graph\">{\"@context\":\"https:\\\/\\\/schema.org\",\"@graph\":[{\"@type\":\"Article\",\"@id\":\"https:\\\/\\\/radioljubuski.ba\\\/index.php\\\/2022\\\/06\\\/29\\\/blagdan-je-svetih-petra-i-pavla\\\/#article\",\"isPartOf\":{\"@id\":\"https:\\\/\\\/radioljubuski.ba\\\/index.php\\\/2022\\\/06\\\/29\\\/blagdan-je-svetih-petra-i-pavla\\\/\"},\"author\":{\"name\":\"Radio Ljubu\u0161ki\",\"@id\":\"https:\\\/\\\/radioljubuski.ba\\\/#\\\/schema\\\/person\\\/19fc700381a780f69665d7956c469e3b\"},\"headline\":\"Blagdan je svetih Petra i Pavla\",\"datePublished\":\"2022-06-29T06:11:06+00:00\",\"dateModified\":\"2022-06-29T06:11:08+00:00\",\"mainEntityOfPage\":{\"@id\":\"https:\\\/\\\/radioljubuski.ba\\\/index.php\\\/2022\\\/06\\\/29\\\/blagdan-je-svetih-petra-i-pavla\\\/\"},\"wordCount\":449,\"publisher\":{\"@id\":\"https:\\\/\\\/radioljubuski.ba\\\/#organization\"},\"image\":{\"@id\":\"https:\\\/\\\/radioljubuski.ba\\\/index.php\\\/2022\\\/06\\\/29\\\/blagdan-je-svetih-petra-i-pavla\\\/#primaryimage\"},\"thumbnailUrl\":\"https:\\\/\\\/radioljubuski.ba\\\/wp-content\\\/uploads\\\/2022\\\/06\\\/sveti-petar-pavao-1.jpg\",\"articleSection\":[\"BIH i regija\"],\"inLanguage\":\"hr\"},{\"@type\":\"WebPage\",\"@id\":\"https:\\\/\\\/radioljubuski.ba\\\/index.php\\\/2022\\\/06\\\/29\\\/blagdan-je-svetih-petra-i-pavla\\\/\",\"url\":\"https:\\\/\\\/radioljubuski.ba\\\/index.php\\\/2022\\\/06\\\/29\\\/blagdan-je-svetih-petra-i-pavla\\\/\",\"name\":\"Blagdan je svetih Petra i Pavla - RADIO LJUBU\u0160KI\",\"isPartOf\":{\"@id\":\"https:\\\/\\\/radioljubuski.ba\\\/#website\"},\"primaryImageOfPage\":{\"@id\":\"https:\\\/\\\/radioljubuski.ba\\\/index.php\\\/2022\\\/06\\\/29\\\/blagdan-je-svetih-petra-i-pavla\\\/#primaryimage\"},\"image\":{\"@id\":\"https:\\\/\\\/radioljubuski.ba\\\/index.php\\\/2022\\\/06\\\/29\\\/blagdan-je-svetih-petra-i-pavla\\\/#primaryimage\"},\"thumbnailUrl\":\"https:\\\/\\\/radioljubuski.ba\\\/wp-content\\\/uploads\\\/2022\\\/06\\\/sveti-petar-pavao-1.jpg\",\"datePublished\":\"2022-06-29T06:11:06+00:00\",\"dateModified\":\"2022-06-29T06:11:08+00:00\",\"breadcrumb\":{\"@id\":\"https:\\\/\\\/radioljubuski.ba\\\/index.php\\\/2022\\\/06\\\/29\\\/blagdan-je-svetih-petra-i-pavla\\\/#breadcrumb\"},\"inLanguage\":\"hr\",\"potentialAction\":[{\"@type\":\"ReadAction\",\"target\":[\"https:\\\/\\\/radioljubuski.ba\\\/index.php\\\/2022\\\/06\\\/29\\\/blagdan-je-svetih-petra-i-pavla\\\/\"]}]},{\"@type\":\"ImageObject\",\"inLanguage\":\"hr\",\"@id\":\"https:\\\/\\\/radioljubuski.ba\\\/index.php\\\/2022\\\/06\\\/29\\\/blagdan-je-svetih-petra-i-pavla\\\/#primaryimage\",\"url\":\"https:\\\/\\\/radioljubuski.ba\\\/wp-content\\\/uploads\\\/2022\\\/06\\\/sveti-petar-pavao-1.jpg\",\"contentUrl\":\"https:\\\/\\\/radioljubuski.ba\\\/wp-content\\\/uploads\\\/2022\\\/06\\\/sveti-petar-pavao-1.jpg\",\"width\":810,\"height\":640},{\"@type\":\"BreadcrumbList\",\"@id\":\"https:\\\/\\\/radioljubuski.ba\\\/index.php\\\/2022\\\/06\\\/29\\\/blagdan-je-svetih-petra-i-pavla\\\/#breadcrumb\",\"itemListElement\":[{\"@type\":\"ListItem\",\"position\":1,\"name\":\"Po\u010detna stranica\",\"item\":\"https:\\\/\\\/radioljubuski.ba\\\/\"},{\"@type\":\"ListItem\",\"position\":2,\"name\":\"Blagdan je svetih Petra i Pavla\"}]},{\"@type\":\"WebSite\",\"@id\":\"https:\\\/\\\/radioljubuski.ba\\\/#website\",\"url\":\"https:\\\/\\\/radioljubuski.ba\\\/\",\"name\":\"Radio Ljubu\u0161ki\",\"description\":\"Sun\u010dana frekvencija Hercegovine\",\"publisher\":{\"@id\":\"https:\\\/\\\/radioljubuski.ba\\\/#organization\"},\"potentialAction\":[{\"@type\":\"SearchAction\",\"target\":{\"@type\":\"EntryPoint\",\"urlTemplate\":\"https:\\\/\\\/radioljubuski.ba\\\/?s={search_term_string}\"},\"query-input\":{\"@type\":\"PropertyValueSpecification\",\"valueRequired\":true,\"valueName\":\"search_term_string\"}}],\"inLanguage\":\"hr\"},{\"@type\":\"Organization\",\"@id\":\"https:\\\/\\\/radioljubuski.ba\\\/#organization\",\"name\":\"Radio Ljubu\u0161ki\",\"url\":\"https:\\\/\\\/radioljubuski.ba\\\/\",\"logo\":{\"@type\":\"ImageObject\",\"inLanguage\":\"hr\",\"@id\":\"https:\\\/\\\/radioljubuski.ba\\\/#\\\/schema\\\/logo\\\/image\\\/\",\"url\":\"https:\\\/\\\/radioljubuski.ba\\\/wp-content\\\/uploads\\\/2021\\\/02\\\/cropped-Radio_Ljubuski_logo1.jpg\",\"contentUrl\":\"https:\\\/\\\/radioljubuski.ba\\\/wp-content\\\/uploads\\\/2021\\\/02\\\/cropped-Radio_Ljubuski_logo1.jpg\",\"width\":512,\"height\":512,\"caption\":\"Radio Ljubu\u0161ki\"},\"image\":{\"@id\":\"https:\\\/\\\/radioljubuski.ba\\\/#\\\/schema\\\/logo\\\/image\\\/\"},\"sameAs\":[\"https:\\\/\\\/www.facebook.com\\\/Radiio-Ljubuski-1490835324566332\",\"https:\\\/\\\/x.com\\\/radioljubuski\",\"https:\\\/\\\/hr.linkedin.com\\\/company\\\/radio-ljubuski\",\"https:\\\/\\\/www.youtube.com\\\/channel\\\/UCHYaeO_n0Db3tjNGudGpXyw\"]},{\"@type\":\"Person\",\"@id\":\"https:\\\/\\\/radioljubuski.ba\\\/#\\\/schema\\\/person\\\/19fc700381a780f69665d7956c469e3b\",\"name\":\"Radio Ljubu\u0161ki\"}]}<\/script>\n<!-- \/ Yoast SEO plugin. -->","yoast_head_json":{"title":"Blagdan je svetih Petra i Pavla - RADIO LJUBU\u0160KI","robots":{"index":"index","follow":"follow","max-snippet":"max-snippet:-1","max-image-preview":"max-image-preview:large","max-video-preview":"max-video-preview:-1"},"canonical":"https:\/\/radioljubuski.ba\/index.php\/2022\/06\/29\/blagdan-je-svetih-petra-i-pavla\/","og_locale":"hr_HR","og_type":"article","og_title":"Blagdan je svetih Petra i Pavla - RADIO LJUBU\u0160KI","og_description":"Crkva 29. lipnja slavi svete Petra i Pavla, apostolske prvake \u010dija su se dva glasa pretvorila u mo\u0107nu jeku navje\u0161taja Bo\u017eje istine koja je od samih po\u010detaka \u0161irenja Radosne vijesti po\u010dela ispunjati cijeli svijet. Ve\u0107 od najstarijih vremena Crkva je na isti dan slavila svetkovinu svetih Petra i Pavla koji su za Neronova progona\u00a0polo\u017eili svoj [&hellip;]","og_url":"https:\/\/radioljubuski.ba\/index.php\/2022\/06\/29\/blagdan-je-svetih-petra-i-pavla\/","og_site_name":"RADIO LJUBU\u0160KI","article_publisher":"https:\/\/www.facebook.com\/Radiio-Ljubuski-1490835324566332","article_published_time":"2022-06-29T06:11:06+00:00","article_modified_time":"2022-06-29T06:11:08+00:00","og_image":[{"width":810,"height":640,"url":"https:\/\/radioljubuski.ba\/wp-content\/uploads\/2022\/06\/sveti-petar-pavao-1.jpg","type":"image\/jpeg"}],"author":"Radio Ljubu\u0161ki","twitter_card":"summary_large_image","twitter_creator":"@radioljubuski","twitter_site":"@radioljubuski","twitter_misc":{"Napisao\/la":"Radio Ljubu\u0161ki","Procijenjeno vrijeme \u010ditanja":"2 minute"},"schema":{"@context":"https:\/\/schema.org","@graph":[{"@type":"Article","@id":"https:\/\/radioljubuski.ba\/index.php\/2022\/06\/29\/blagdan-je-svetih-petra-i-pavla\/#article","isPartOf":{"@id":"https:\/\/radioljubuski.ba\/index.php\/2022\/06\/29\/blagdan-je-svetih-petra-i-pavla\/"},"author":{"name":"Radio Ljubu\u0161ki","@id":"https:\/\/radioljubuski.ba\/#\/schema\/person\/19fc700381a780f69665d7956c469e3b"},"headline":"Blagdan je svetih Petra i Pavla","datePublished":"2022-06-29T06:11:06+00:00","dateModified":"2022-06-29T06:11:08+00:00","mainEntityOfPage":{"@id":"https:\/\/radioljubuski.ba\/index.php\/2022\/06\/29\/blagdan-je-svetih-petra-i-pavla\/"},"wordCount":449,"publisher":{"@id":"https:\/\/radioljubuski.ba\/#organization"},"image":{"@id":"https:\/\/radioljubuski.ba\/index.php\/2022\/06\/29\/blagdan-je-svetih-petra-i-pavla\/#primaryimage"},"thumbnailUrl":"https:\/\/radioljubuski.ba\/wp-content\/uploads\/2022\/06\/sveti-petar-pavao-1.jpg","articleSection":["BIH i regija"],"inLanguage":"hr"},{"@type":"WebPage","@id":"https:\/\/radioljubuski.ba\/index.php\/2022\/06\/29\/blagdan-je-svetih-petra-i-pavla\/","url":"https:\/\/radioljubuski.ba\/index.php\/2022\/06\/29\/blagdan-je-svetih-petra-i-pavla\/","name":"Blagdan je svetih Petra i Pavla - RADIO LJUBU\u0160KI","isPartOf":{"@id":"https:\/\/radioljubuski.ba\/#website"},"primaryImageOfPage":{"@id":"https:\/\/radioljubuski.ba\/index.php\/2022\/06\/29\/blagdan-je-svetih-petra-i-pavla\/#primaryimage"},"image":{"@id":"https:\/\/radioljubuski.ba\/index.php\/2022\/06\/29\/blagdan-je-svetih-petra-i-pavla\/#primaryimage"},"thumbnailUrl":"https:\/\/radioljubuski.ba\/wp-content\/uploads\/2022\/06\/sveti-petar-pavao-1.jpg","datePublished":"2022-06-29T06:11:06+00:00","dateModified":"2022-06-29T06:11:08+00:00","breadcrumb":{"@id":"https:\/\/radioljubuski.ba\/index.php\/2022\/06\/29\/blagdan-je-svetih-petra-i-pavla\/#breadcrumb"},"inLanguage":"hr","potentialAction":[{"@type":"ReadAction","target":["https:\/\/radioljubuski.ba\/index.php\/2022\/06\/29\/blagdan-je-svetih-petra-i-pavla\/"]}]},{"@type":"ImageObject","inLanguage":"hr","@id":"https:\/\/radioljubuski.ba\/index.php\/2022\/06\/29\/blagdan-je-svetih-petra-i-pavla\/#primaryimage","url":"https:\/\/radioljubuski.ba\/wp-content\/uploads\/2022\/06\/sveti-petar-pavao-1.jpg","contentUrl":"https:\/\/radioljubuski.ba\/wp-content\/uploads\/2022\/06\/sveti-petar-pavao-1.jpg","width":810,"height":640},{"@type":"BreadcrumbList","@id":"https:\/\/radioljubuski.ba\/index.php\/2022\/06\/29\/blagdan-je-svetih-petra-i-pavla\/#breadcrumb","itemListElement":[{"@type":"ListItem","position":1,"name":"Po\u010detna stranica","item":"https:\/\/radioljubuski.ba\/"},{"@type":"ListItem","position":2,"name":"Blagdan je svetih Petra i Pavla"}]},{"@type":"WebSite","@id":"https:\/\/radioljubuski.ba\/#website","url":"https:\/\/radioljubuski.ba\/","name":"Radio Ljubu\u0161ki","description":"Sun\u010dana frekvencija Hercegovine","publisher":{"@id":"https:\/\/radioljubuski.ba\/#organization"},"potentialAction":[{"@type":"SearchAction","target":{"@type":"EntryPoint","urlTemplate":"https:\/\/radioljubuski.ba\/?s={search_term_string}"},"query-input":{"@type":"PropertyValueSpecification","valueRequired":true,"valueName":"search_term_string"}}],"inLanguage":"hr"},{"@type":"Organization","@id":"https:\/\/radioljubuski.ba\/#organization","name":"Radio Ljubu\u0161ki","url":"https:\/\/radioljubuski.ba\/","logo":{"@type":"ImageObject","inLanguage":"hr","@id":"https:\/\/radioljubuski.ba\/#\/schema\/logo\/image\/","url":"https:\/\/radioljubuski.ba\/wp-content\/uploads\/2021\/02\/cropped-Radio_Ljubuski_logo1.jpg","contentUrl":"https:\/\/radioljubuski.ba\/wp-content\/uploads\/2021\/02\/cropped-Radio_Ljubuski_logo1.jpg","width":512,"height":512,"caption":"Radio Ljubu\u0161ki"},"image":{"@id":"https:\/\/radioljubuski.ba\/#\/schema\/logo\/image\/"},"sameAs":["https:\/\/www.facebook.com\/Radiio-Ljubuski-1490835324566332","https:\/\/x.com\/radioljubuski","https:\/\/hr.linkedin.com\/company\/radio-ljubuski","https:\/\/www.youtube.com\/channel\/UCHYaeO_n0Db3tjNGudGpXyw"]},{"@type":"Person","@id":"https:\/\/radioljubuski.ba\/#\/schema\/person\/19fc700381a780f69665d7956c469e3b","name":"Radio Ljubu\u0161ki"}]}},"_links":{"self":[{"href":"https:\/\/radioljubuski.ba\/index.php\/wp-json\/wp\/v2\/posts\/154537","targetHints":{"allow":["GET"]}}],"collection":[{"href":"https:\/\/radioljubuski.ba\/index.php\/wp-json\/wp\/v2\/posts"}],"about":[{"href":"https:\/\/radioljubuski.ba\/index.php\/wp-json\/wp\/v2\/types\/post"}],"author":[{"embeddable":true,"href":"https:\/\/radioljubuski.ba\/index.php\/wp-json\/wp\/v2\/users\/2"}],"replies":[{"embeddable":true,"href":"https:\/\/radioljubuski.ba\/index.php\/wp-json\/wp\/v2\/comments?post=154537"}],"version-history":[{"count":1,"href":"https:\/\/radioljubuski.ba\/index.php\/wp-json\/wp\/v2\/posts\/154537\/revisions"}],"predecessor-version":[{"id":154539,"href":"https:\/\/radioljubuski.ba\/index.php\/wp-json\/wp\/v2\/posts\/154537\/revisions\/154539"}],"wp:featuredmedia":[{"embeddable":true,"href":"https:\/\/radioljubuski.ba\/index.php\/wp-json\/wp\/v2\/media\/154538"}],"wp:attachment":[{"href":"https:\/\/radioljubuski.ba\/index.php\/wp-json\/wp\/v2\/media?parent=154537"}],"wp:term":[{"taxonomy":"category","embeddable":true,"href":"https:\/\/radioljubuski.ba\/index.php\/wp-json\/wp\/v2\/categories?post=154537"},{"taxonomy":"post_tag","embeddable":true,"href":"https:\/\/radioljubuski.ba\/index.php\/wp-json\/wp\/v2\/tags?post=154537"}],"curies":[{"name":"wp","href":"https:\/\/api.w.org\/{rel}","templated":true}]}}