{"id":154580,"date":"2022-06-29T08:23:59","date_gmt":"2022-06-29T07:23:59","guid":{"rendered":"https:\/\/radioljubuski.ba\/?p=154580"},"modified":"2022-06-29T08:23:59","modified_gmt":"2022-06-29T07:23:59","slug":"prije-30-godina-hrvati-su-oslobodili-najveci-dio-hercegovine-spasili-bih-i-jug-rh","status":"publish","type":"post","link":"https:\/\/radioljubuski.ba\/index.php\/2022\/06\/29\/prije-30-godina-hrvati-su-oslobodili-najveci-dio-hercegovine-spasili-bih-i-jug-rh\/","title":{"rendered":"Prije 30 godina Hrvati su oslobodili najve\u0107i dio Hercegovine, spasili BiH i jug RH"},"content":{"rendered":"\n<p><strong>U devetnaest dana intenzivnih vojnih operacija, iznimnim naporom, po\u017ertvovno\u0161\u0107u i \u017ertvama polo\u017eenim na oltar domovine, pripadnici HVO-a, HV-a i HOS-a,<\/strong><\/p>\n\n\n\n<p>odnosno udru\u017eene hrvatske snage izvojevale su prvu veliku pobjedu u Domovinskom ratu u BiH, odbacile su srpskog agresora u sredi\u0161njoj i ju\u017enoj Hercegovini, o\u010duvali teritorijalni integritet Bosne i Hercegovine, za\u0161titili civilno stanovni\u0161tvo, te u kona\u010dnici, oslobo\u0111enjem doline Neretve, spasili jug Hrvatske, pi\u0161e Ve\u010dernji list BiH.<\/p>\n\n\n\n<p><strong>Izniman zna\u010daj<\/strong><\/p>\n\n\n\n<p>Operacija Lipanjske zore, koju pojedini smatraju i svojevrsnim pandanom Oluje u Republici Hrvatskoj, ali svakako akcijom koja je preokrenula tijek rata u BiH, ovih dana slavi svoj 30. ro\u0111endan. Operacija koja je u izazovnim i povijesno-krucijalnim vremenima za opstanak Hrvata, ali i dr\u017eave BiH u cjelini, imala presudan zna\u010daj, okon\u010dana je, kao \u0161to je poznato, 26. lipnja, izlaskom pripadnika Ka\u017enjeni\u010dke bojne na relej na Vele\u017eu, a \u0161to je bila kruna vi\u0161etjednih akcija, pomno planiranih i besprijekorno vo\u0111enih; od takti\u010dkih razine svakog pojedinog sektora, pa do one strate\u0161ke.<\/p>\n\n\n\n<p>Da bi s povijesnog, ali i stru\u010dnog gledi\u0161ta, Lipanjske zore pozicionirale u svoj svojoj punini, potrebno je podsjetiti kako je bila logi\u010dan nastavak zapo\u010detih operacija deblokade hrvatskoga juga, odnosno prostora Dubrovnika, a u danima prije samoga po\u010detka hrvatske su snage oslobodile Slano i dio zale\u0111a te ostvarile kopnenu vezu sa samim Dubrovnikom. No, nedostajalo je strate\u0161ke dubine, a srpske snage i dalje su predstavljale veliku prijetnju Bosni i Hercegovini, a napose dolini Neretve, kao i gradovima kao \u0161to je Mostar, kojega su svakodnevno granatirali, ubijaju\u0107i pritom veliki broj civila.<\/p>\n\n\n\n<p>U travnju 1992. godine srpske snage poku\u0161ale su preko visoravni Stolovi, ju\u017eno od Stoca, izbiti u dolinu Neretve, ugroziti Metkovi\u0107 te tako izvr\u0161iti presijecanje hrvatskog teritorija.<\/p>\n\n\n\n<p>Nakon \u0161to je ofenziva srpskih postrojbi na prostor Stolova, odnosno podru\u010dje u geografskom trokutu Stolac &#8211; Neum &#8211; \u010capljina, zaustavljena velikom po\u017ertvovno\u0161\u0107u hrvatskih snaga, bilo je jasno kako su sazreli preduvjeti za prvu napadnu operaciju kojom \u0107e se osloboditi veliki dio Hercegovine, a napada\u010d odbaciti do linija koje su uglavnom ostale nepromijenjene do potpisivanja Daytonskog sporazuma. | Autor :<br>Odluka je donesena &#8211; U ranu zoru 7. lipnja bit \u0107e izvr\u0161en napad na nekoliko takti\u010dkih pravaca preko rijeke Neretve u ju\u017enom dijelu Hercegovine, uklju\u010duju\u0107i i prostor \u0160eva\u0161 Njiva, a \u0161to \u0107e se kasnije pokazati iznimno mudrom odlukom kojom su srpske snage uvelike poljuljane.<\/p>\n\n\n\n<p>U ranu zoru, 7. lipnja 1992. godine, pripadnici diverzantskih postrojbi HVO-a koji su upravo prelazili rijeku Neretvu na vi\u0161e pravaca na \u0161irem podru\u010dju \u010capljine, nisu ni slutili kako svojom hrabro\u0161\u0107u i po\u017ertvovno\u0161\u0107u stvaraju povijest te udaraju temelj za kona\u010dnu slobodu hrvatskog naroda Hercegovine.<\/p>\n\n\n\n<p>Akcija je vo\u0111ena pod nazivom &#8220;\u010cagalj&#8221;, a njome su uspje\u0161no odba\u010dene snage srpsko-crnogorske vojske, te su, zauzimanjem velikog prostora, stvoreni uvjeti za daljnje oslobodila\u010dke akcije prema Mostaru i Stocu.<\/p>\n\n\n\n<p>Operacija &#8220;\u010cagalj&#8221;, kako je glasio kodni naziv za akciju oslobo\u0111enja \u0161ireg prostora \u010capljine, bila je uvod u nastavak vojne operacije kojom su oslobo\u0111eni i \u0161iri dijelovi Mostara, kao i isto\u010dna obala rijeke Neretve, a za koju je poznat naziv &#8220;Lipanjske zore&#8221;. Ovladano je \u0160eva\u0161 Njivama, Klepcima, Tasov\u010di\u0107ima i Prebilovcima, a 10. lipnja oslobo\u0111eni su Domanovi\u0107i.<\/p>\n\n\n\n<p>Nastavak operacije uslijedio je 11. lipnja, a u samo jednom danu intenzivnih vojnih operacija, hrvatske su postrojbe uspjele odbaciti srpske snage s cjelokupne desne obale Neretve, deblokirati Mostar te osloboditi strate\u0161ki va\u017enu ju\u017enu industrijsku zonu grada Mostara.<\/p>\n\n\n\n<p>HVO, potpomognut 4. Splitskom brigadom HV-a kre\u0107e iz \u0161est pravaca, a od postrojbi HVO-a u akciji sudjeluju Ka\u017enjeni\u010dka bojna, Poskok bojna, dvije postrojbe HVO-a iz \u010citluka i Ljubu\u0161kog, 5. ili\u0107ka bojna HVO-a Mostar, 4. bojna HVO-a Mostar, satnija 2. bojne rudni\u010dke HVO-a Mostar, vojna policija, civilna policija, dio 2. bojne HVO-a Mostar i Samostalni mostarski bataljun. Prvo je oslobo\u0111eno podru\u010dje Kru\u0161eva i brda Orlovac, a zatim brdo Hum i zapadni dio grada Mostara. Zauzimanjem &#8220;kasarne JNA Heliodrom&#8221;, toga su 11. lipnja \u017ertvu darovanja \u017eivota na oltar slobode polo\u017eili Stanislav Baja Kraljevi\u0107 i Mijo Babi\u0107. Njihova imena uklesana su sa stosedamdesetoricom suboraca u kapelu sv. Ivana Krstitelja. U ovom dijelu operacije hrvatske su snage uspje\u0161no razbile opsadu u kojoj su srpske snage dr\u017eale Mostar i njegove gra\u0111ane &#8211; Hrvate, Bo\u0161njake i Srbe.<\/p>\n\n\n\n<p>Uspje\u0161an dovr\u0161etak ove faze akcije omogu\u0107io je nastavak realizacije ranije zacrtanoga plana, a on je uklju\u010divao i osloba\u0111anje lijeve obale rijeke Neretve, a ono \u0161to se doga\u0111alo tijekom idu\u0107ih nekoliko dana mo\u017ee u\u0107i u neke od najblistavijih trenutaka novije hrvatske povijesti, ali i u ud\u017ebenike modernog ratovanja. Rijeka Neretva i u kasno je prolje\u0107e prili\u010dno zahtjevna prirodna prepeka \u010diji prelazak tra\u017ei neobi\u010dno umije\u0107e, ali i poznavanje svih onih prirodnih zamki koje vrebaju. No, u no\u0107i s 13. na 14. lipnja, kada je po\u010dela operacija prelaska rijeke, trebalo je svladati i one umjetne zamke koje je postavila ljudska ruka, u ovom slu\u010daju ruka koja je \u017eeljela pod svaku cijenu zaustaviti oslobo\u0111enje Hercegovine. Plan hrvatskih snaga bio je na nekoliko pravaca izvr\u0161iti forsiranje rijeke Neretve te pod okriljem no\u0107i neopa\u017eeno se uvu\u0107i u neprijateljske redove, izazvati pomutnju te uspostaviti mostobran za glavninu postrojbi. Karlo D\u017eeba, jedan od junaka Domovinskog rata, tada je izveo podvig koji zaslu\u017euje u\u0107i u kronike &#8211; na iznimno zahtjevnom i nepristupa\u010dnom dijelu, neposredno uz Titov most, koji je ranije sru\u0161ila JNA, D\u017eeba je svojim kajakom pre\u0161ao nabujalu i brzu Neretvu te uspostavio mostobran koji \u0107e se pokazati klju\u010dnim za uvo\u0111enje svje\u017eih snaga na lijevu obalu. Uspjeh je postignut i na ju\u017enom dijelu kod Bune, a hrvatske su snage forsiranjem Neretve na ovom dijelu boji\u0161nice dodatno uzdrmale cjelokupni srpski vojni sustav koji \u0107e se ubrzo po\u010deti ru\u0161iti. No, prije toga trebalo je borbama prsa u prsa na ovom dijelu, ali i diljem isto\u010dnog dijela Mostara, svladati \u017eilav otpor, a o \u017eestini dovoljno govori i podatak kako su samo dan kasnije srpske snage poku\u0161ale napraviti protuudar upravo kod Bune, no bezuspje\u0161no. Istoga dana, nakon \u0161to su se stvorili uvjeti, na lijevu obalu prelazi i drugi dio hrvatskih snaga, i to preko jedine mogu\u0107e veze &#8211; Staroga mosta, a uslijedio je i nastavak operacije u kojoj je oslobo\u0111en cijeli niz naselja i mjesta na lijevoj obali Neretve. Toga 15. lipnja snage HVO-a ovladavaju strate\u0161ki va\u017enim Sjevernim logorom, a istoga dana uspostavljene su i linije na oslobo\u0111enim dijelovima Bune i Blagaja. Idu\u0107a faza oslobodila\u010dke operacije uslijedila je 19. lipnja 1992. godine kada je oslobo\u0111en cijeli prostor od \u200bJasenjana do Vrap\u010di\u0107a, \u010diji ve\u0107i dio zauzima kotlina Bijelo Polje, a dva dana kasnije uhi\u0107eno je nekoliko \u010dasnika Jugoslavenske narodne armije na Merd\u017ean glavi. Operacija Lipanjske zore slu\u017ebeno je zavr\u0161ena 26. lipnja kada je Ka\u017enjeni\u010dka bojna, potpomognuta topni\u0161tvom i ostalim postrojbama Op\u0107inskog sto\u017eera HVO-a Mostar, neprijatelja odgurnula s releja na Vele\u017eu prema Nevesinju. Danas, 30 godina kasnije, vrijeme je prisje\u0107anja na slavne dane u kojima su veliko srce, po\u017ertvovnost i odlu\u010dnost hrvatskog vojnika donijeli slobodu, a u povijesno izazovnim vremenima 1992. godine, zajam\u010dili i opstanak Bosne i Hercegovine kao me\u0111unarodno priznate dr\u017eave. S vremenskim odmakom od 30 godina mnogo je jasnija strate\u0161ka va\u017enost operacije Lipanjske zore, vojni\u010dkog, strate\u0161kog i takti\u010dnog pothvata u kojemu se sa skromnim materijalno-tehni\u010dkim sredstvima uspjelo napraviti mnogo. Na\u017ealost, mnogi od sudionika nisu do\u010dekali trenutak u kojemu je slomljena kralje\u017enica srpskih snaga, a civilnom stanovni\u0161tvu omogu\u0107en koliko-toliko normalan \u017eivot. Tom odlu\u010dnom akcijom dijelom su sprije\u010deni napadi agresora na ju\u017enu Dalmaciju, a u potpunosti na srednju Dalmaciju, a osim \u0161to su Lipanjske zore prvi veliki poraz srpskih snaga u BiH, one su va\u017ene i iz geografskog kuta jer je dolina Neretve svojevrsna kralje\u017enica Hercegovine te najprirodnija putna komunikacija prema sjeveru dr\u017eave. Na podru\u010dju op\u0107ine Mostar u vrijeme operacije Lipanjske zore nije bila ustrojena Armija RBiH, \u0161to je jasno iz svih operativnih dokumenata, upravo je zbog tih razloga i povjerena obrana grada Mostara Hrvatskom vije\u0107u obrane.<\/p>\n\n\n\n<p><strong>Prisje\u0107anje<\/strong><\/p>\n\n\n\n<p>Za devetnaest dana, koliko je trajala operacija, oslobo\u0111ena je cjelokupna dolina Neretve i okupirani gradovi u Hercegovini, a pod kontrolu hrvatskih snaga vra\u0107eno je 1800 \u010detvornih kilometara teritorija. U operaciji Lipanjske zore sudjelovalo je vi\u0161e od 5000 bojovnika, a ve\u0107ina vojnih stru\u010dnjaka smatra kako je ova akcija bila prekretnica u ratu u BiH, ali i da je osloba\u0111anjem doline Neretve spa\u0161ena ju\u017ena Dalmacija. No, Lipanjske zore su i trenutak u kojemu se pokazalo kolika je vrijednost pomnog planiranja i dobre realizacije zacrtanih planova, a \u010dijim je ispunjenjem udaren temelj u opstanak Hrvata kao naroda u BiH, ali i Bosne i Hercegovine kao dr\u017eave u cjelini.<\/p>\n\n\n\n<p>U situaciji sloma sredi\u0161njih institucija BiH, agresiji i napadima na prostore naseljene Hrvatima, vodstvo hrvatskog naroda u BiH imalo je mudrosti, snage i hrabrosti izvesti pothvat koji \u0107e u\u0107i u povijest.<\/p>\n\n\n\n<p>U spomen na dane ponosa i slave, od 7. lipnja, pa sve do ju\u010der, odr\u017eani su brojni doga\u0111aji u kojima su se u lokalnim zajednicama prisje\u0107ali poginulih i \u017ertve koja je neizbrisivo utkana u tkanje hrvatske slobode u Bosni i Hercegovini, a doga\u0111aje su uveli\u010dali predstavnici Koordinacije udruga proisteklih iz Domovinskog rata, izaslanstva Hrvatskog narodnog sabora Bosne i Hercegovine te predstavnici hrvatske komponente Oru\u017eanih snaga Bosne i Hercegovine.<\/p>\n\n\n\n<p>Sredi\u0161nja sve\u010danost odr\u017eana je u Mostaru, prvo svetom misom za poginule branitelje u katedrali Marije Majke Crkve, a zatim mimohodom do Hrvatskog doma hercega Stjepana Kosa\u010de te sve\u010danom akademijom. Operacija Lipanjske zore kojom su postrojbe HVO-a, HV-a i HOS-a u zdru\u017eenoj akciji od Popova polja na jugu, pa do Bijelog Polja i Prenja na sjeveru porazile Vojsku RS-a, osigurale strate\u0161ku dubinu hrvatskom jugu i pridonijele deblokadi Dubrovnika te, u kona\u010dnici, oslobodile sredi\u0161nje i ju\u017ene dijelove Hercegovine briljantno je realizirana zahvaljuju\u0107i dobroj koordinaciji me\u0111u hrvatskim postrojbama i vo\u0111enju. U godinama koje dolaze zna\u010daj ovoga vojnog uspjeha treba biti dodatno valoriziran, a \u0161to je svojevrsna nu\u017enost uzimaju\u0107i u obzir va\u017enost obrazovanja i upoznavanja mla\u0111ih generacija s naslje\u0111em Domovinskog rata i njegovih najblistavijih trenutaka koji su oblikovali noviju hrvatsku povijest u Bosni i Hercegovini.<\/p>\n\n\n\n<p>Izvor:<a href=\"https:\/\/iks-portal.info\/dogadanja\/otrgnuto-od-zaborava\/item\/19792-prije-30-godina-hrvati-su-oslobodili-najveci-dio-hercegovine-spasili-bih-i-jug-rh.html\">Iks portal<\/a><\/p>\n","protected":false},"excerpt":{"rendered":"<p>U devetnaest dana intenzivnih vojnih operacija, iznimnim naporom, po\u017ertvovno\u0161\u0107u i \u017ertvama polo\u017eenim na oltar domovine, pripadnici HVO-a, HV-a i HOS-a, odnosno udru\u017eene hrvatske snage izvojevale su prvu veliku pobjedu u Domovinskom ratu u BiH, odbacile su srpskog agresora u sredi\u0161njoj i ju\u017enoj Hercegovini, o\u010duvali teritorijalni integritet Bosne i Hercegovine, za\u0161titili civilno stanovni\u0161tvo, te u kona\u010dnici, [&hellip;]<\/p>\n","protected":false},"author":2,"featured_media":154583,"comment_status":"closed","ping_status":"closed","sticky":false,"template":"","format":"standard","meta":{"h5ap_radio_sources":[],"footnotes":""},"categories":[1],"tags":[],"class_list":["post-154580","post","type-post","status-publish","format-standard","has-post-thumbnail","hentry","category-bihiregija"],"yoast_head":"<!-- This site is optimized with the Yoast SEO plugin v27.5 - https:\/\/yoast.com\/product\/yoast-seo-wordpress\/ -->\n<title>Prije 30 godina Hrvati su oslobodili najve\u0107i dio Hercegovine, spasili BiH i jug RH - RADIO LJUBU\u0160KI<\/title>\n<meta name=\"robots\" content=\"index, follow, max-snippet:-1, max-image-preview:large, max-video-preview:-1\" \/>\n<link rel=\"canonical\" href=\"https:\/\/radioljubuski.ba\/index.php\/2022\/06\/29\/prije-30-godina-hrvati-su-oslobodili-najveci-dio-hercegovine-spasili-bih-i-jug-rh\/\" \/>\n<meta property=\"og:locale\" content=\"hr_HR\" \/>\n<meta property=\"og:type\" content=\"article\" \/>\n<meta property=\"og:title\" content=\"Prije 30 godina Hrvati su oslobodili najve\u0107i dio Hercegovine, spasili BiH i jug RH - RADIO LJUBU\u0160KI\" \/>\n<meta property=\"og:description\" content=\"U devetnaest dana intenzivnih vojnih operacija, iznimnim naporom, po\u017ertvovno\u0161\u0107u i \u017ertvama polo\u017eenim na oltar domovine, pripadnici HVO-a, HV-a i HOS-a, odnosno udru\u017eene hrvatske snage izvojevale su prvu veliku pobjedu u Domovinskom ratu u BiH, odbacile su srpskog agresora u sredi\u0161njoj i ju\u017enoj Hercegovini, o\u010duvali teritorijalni integritet Bosne i Hercegovine, za\u0161titili civilno stanovni\u0161tvo, te u kona\u010dnici, [&hellip;]\" \/>\n<meta property=\"og:url\" content=\"https:\/\/radioljubuski.ba\/index.php\/2022\/06\/29\/prije-30-godina-hrvati-su-oslobodili-najveci-dio-hercegovine-spasili-bih-i-jug-rh\/\" \/>\n<meta property=\"og:site_name\" content=\"RADIO LJUBU\u0160KI\" \/>\n<meta property=\"article:publisher\" content=\"https:\/\/www.facebook.com\/Radiio-Ljubuski-1490835324566332\" \/>\n<meta property=\"article:published_time\" content=\"2022-06-29T07:23:59+00:00\" \/>\n<meta property=\"og:image\" content=\"https:\/\/radioljubuski.ba\/wp-content\/uploads\/2022\/06\/7009b21c6e6d893a8f8cffbbb72eaff6_XL.jpg\" \/>\n\t<meta property=\"og:image:width\" content=\"1024\" \/>\n\t<meta property=\"og:image:height\" content=\"570\" \/>\n\t<meta property=\"og:image:type\" content=\"image\/jpeg\" \/>\n<meta name=\"author\" content=\"Radio Ljubu\u0161ki\" \/>\n<meta name=\"twitter:card\" content=\"summary_large_image\" \/>\n<meta name=\"twitter:creator\" content=\"@radioljubuski\" \/>\n<meta name=\"twitter:site\" content=\"@radioljubuski\" \/>\n<meta name=\"twitter:label1\" content=\"Napisao\/la\" \/>\n\t<meta name=\"twitter:data1\" content=\"Radio Ljubu\u0161ki\" \/>\n\t<meta name=\"twitter:label2\" content=\"Procijenjeno vrijeme \u010ditanja\" \/>\n\t<meta name=\"twitter:data2\" content=\"7 minuta\" \/>\n<script type=\"application\/ld+json\" class=\"yoast-schema-graph\">{\"@context\":\"https:\\\/\\\/schema.org\",\"@graph\":[{\"@type\":\"Article\",\"@id\":\"https:\\\/\\\/radioljubuski.ba\\\/index.php\\\/2022\\\/06\\\/29\\\/prije-30-godina-hrvati-su-oslobodili-najveci-dio-hercegovine-spasili-bih-i-jug-rh\\\/#article\",\"isPartOf\":{\"@id\":\"https:\\\/\\\/radioljubuski.ba\\\/index.php\\\/2022\\\/06\\\/29\\\/prije-30-godina-hrvati-su-oslobodili-najveci-dio-hercegovine-spasili-bih-i-jug-rh\\\/\"},\"author\":{\"name\":\"Radio Ljubu\u0161ki\",\"@id\":\"https:\\\/\\\/radioljubuski.ba\\\/#\\\/schema\\\/person\\\/19fc700381a780f69665d7956c469e3b\"},\"headline\":\"Prije 30 godina Hrvati su oslobodili najve\u0107i dio Hercegovine, spasili BiH i jug RH\",\"datePublished\":\"2022-06-29T07:23:59+00:00\",\"mainEntityOfPage\":{\"@id\":\"https:\\\/\\\/radioljubuski.ba\\\/index.php\\\/2022\\\/06\\\/29\\\/prije-30-godina-hrvati-su-oslobodili-najveci-dio-hercegovine-spasili-bih-i-jug-rh\\\/\"},\"wordCount\":1777,\"publisher\":{\"@id\":\"https:\\\/\\\/radioljubuski.ba\\\/#organization\"},\"image\":{\"@id\":\"https:\\\/\\\/radioljubuski.ba\\\/index.php\\\/2022\\\/06\\\/29\\\/prije-30-godina-hrvati-su-oslobodili-najveci-dio-hercegovine-spasili-bih-i-jug-rh\\\/#primaryimage\"},\"thumbnailUrl\":\"https:\\\/\\\/radioljubuski.ba\\\/wp-content\\\/uploads\\\/2022\\\/06\\\/7009b21c6e6d893a8f8cffbbb72eaff6_XL.jpg\",\"articleSection\":[\"BIH i regija\"],\"inLanguage\":\"hr\"},{\"@type\":\"WebPage\",\"@id\":\"https:\\\/\\\/radioljubuski.ba\\\/index.php\\\/2022\\\/06\\\/29\\\/prije-30-godina-hrvati-su-oslobodili-najveci-dio-hercegovine-spasili-bih-i-jug-rh\\\/\",\"url\":\"https:\\\/\\\/radioljubuski.ba\\\/index.php\\\/2022\\\/06\\\/29\\\/prije-30-godina-hrvati-su-oslobodili-najveci-dio-hercegovine-spasili-bih-i-jug-rh\\\/\",\"name\":\"Prije 30 godina Hrvati su oslobodili najve\u0107i dio Hercegovine, spasili BiH i jug RH - RADIO LJUBU\u0160KI\",\"isPartOf\":{\"@id\":\"https:\\\/\\\/radioljubuski.ba\\\/#website\"},\"primaryImageOfPage\":{\"@id\":\"https:\\\/\\\/radioljubuski.ba\\\/index.php\\\/2022\\\/06\\\/29\\\/prije-30-godina-hrvati-su-oslobodili-najveci-dio-hercegovine-spasili-bih-i-jug-rh\\\/#primaryimage\"},\"image\":{\"@id\":\"https:\\\/\\\/radioljubuski.ba\\\/index.php\\\/2022\\\/06\\\/29\\\/prije-30-godina-hrvati-su-oslobodili-najveci-dio-hercegovine-spasili-bih-i-jug-rh\\\/#primaryimage\"},\"thumbnailUrl\":\"https:\\\/\\\/radioljubuski.ba\\\/wp-content\\\/uploads\\\/2022\\\/06\\\/7009b21c6e6d893a8f8cffbbb72eaff6_XL.jpg\",\"datePublished\":\"2022-06-29T07:23:59+00:00\",\"breadcrumb\":{\"@id\":\"https:\\\/\\\/radioljubuski.ba\\\/index.php\\\/2022\\\/06\\\/29\\\/prije-30-godina-hrvati-su-oslobodili-najveci-dio-hercegovine-spasili-bih-i-jug-rh\\\/#breadcrumb\"},\"inLanguage\":\"hr\",\"potentialAction\":[{\"@type\":\"ReadAction\",\"target\":[\"https:\\\/\\\/radioljubuski.ba\\\/index.php\\\/2022\\\/06\\\/29\\\/prije-30-godina-hrvati-su-oslobodili-najveci-dio-hercegovine-spasili-bih-i-jug-rh\\\/\"]}]},{\"@type\":\"ImageObject\",\"inLanguage\":\"hr\",\"@id\":\"https:\\\/\\\/radioljubuski.ba\\\/index.php\\\/2022\\\/06\\\/29\\\/prije-30-godina-hrvati-su-oslobodili-najveci-dio-hercegovine-spasili-bih-i-jug-rh\\\/#primaryimage\",\"url\":\"https:\\\/\\\/radioljubuski.ba\\\/wp-content\\\/uploads\\\/2022\\\/06\\\/7009b21c6e6d893a8f8cffbbb72eaff6_XL.jpg\",\"contentUrl\":\"https:\\\/\\\/radioljubuski.ba\\\/wp-content\\\/uploads\\\/2022\\\/06\\\/7009b21c6e6d893a8f8cffbbb72eaff6_XL.jpg\",\"width\":1024,\"height\":570},{\"@type\":\"BreadcrumbList\",\"@id\":\"https:\\\/\\\/radioljubuski.ba\\\/index.php\\\/2022\\\/06\\\/29\\\/prije-30-godina-hrvati-su-oslobodili-najveci-dio-hercegovine-spasili-bih-i-jug-rh\\\/#breadcrumb\",\"itemListElement\":[{\"@type\":\"ListItem\",\"position\":1,\"name\":\"Po\u010detna stranica\",\"item\":\"https:\\\/\\\/radioljubuski.ba\\\/\"},{\"@type\":\"ListItem\",\"position\":2,\"name\":\"Prije 30 godina Hrvati su oslobodili najve\u0107i dio Hercegovine, spasili BiH i jug RH\"}]},{\"@type\":\"WebSite\",\"@id\":\"https:\\\/\\\/radioljubuski.ba\\\/#website\",\"url\":\"https:\\\/\\\/radioljubuski.ba\\\/\",\"name\":\"Radio Ljubu\u0161ki\",\"description\":\"Sun\u010dana frekvencija Hercegovine\",\"publisher\":{\"@id\":\"https:\\\/\\\/radioljubuski.ba\\\/#organization\"},\"potentialAction\":[{\"@type\":\"SearchAction\",\"target\":{\"@type\":\"EntryPoint\",\"urlTemplate\":\"https:\\\/\\\/radioljubuski.ba\\\/?s={search_term_string}\"},\"query-input\":{\"@type\":\"PropertyValueSpecification\",\"valueRequired\":true,\"valueName\":\"search_term_string\"}}],\"inLanguage\":\"hr\"},{\"@type\":\"Organization\",\"@id\":\"https:\\\/\\\/radioljubuski.ba\\\/#organization\",\"name\":\"Radio Ljubu\u0161ki\",\"url\":\"https:\\\/\\\/radioljubuski.ba\\\/\",\"logo\":{\"@type\":\"ImageObject\",\"inLanguage\":\"hr\",\"@id\":\"https:\\\/\\\/radioljubuski.ba\\\/#\\\/schema\\\/logo\\\/image\\\/\",\"url\":\"https:\\\/\\\/radioljubuski.ba\\\/wp-content\\\/uploads\\\/2021\\\/02\\\/cropped-Radio_Ljubuski_logo1.jpg\",\"contentUrl\":\"https:\\\/\\\/radioljubuski.ba\\\/wp-content\\\/uploads\\\/2021\\\/02\\\/cropped-Radio_Ljubuski_logo1.jpg\",\"width\":512,\"height\":512,\"caption\":\"Radio Ljubu\u0161ki\"},\"image\":{\"@id\":\"https:\\\/\\\/radioljubuski.ba\\\/#\\\/schema\\\/logo\\\/image\\\/\"},\"sameAs\":[\"https:\\\/\\\/www.facebook.com\\\/Radiio-Ljubuski-1490835324566332\",\"https:\\\/\\\/x.com\\\/radioljubuski\",\"https:\\\/\\\/hr.linkedin.com\\\/company\\\/radio-ljubuski\",\"https:\\\/\\\/www.youtube.com\\\/channel\\\/UCHYaeO_n0Db3tjNGudGpXyw\"]},{\"@type\":\"Person\",\"@id\":\"https:\\\/\\\/radioljubuski.ba\\\/#\\\/schema\\\/person\\\/19fc700381a780f69665d7956c469e3b\",\"name\":\"Radio Ljubu\u0161ki\"}]}<\/script>\n<!-- \/ Yoast SEO plugin. -->","yoast_head_json":{"title":"Prije 30 godina Hrvati su oslobodili najve\u0107i dio Hercegovine, spasili BiH i jug RH - RADIO LJUBU\u0160KI","robots":{"index":"index","follow":"follow","max-snippet":"max-snippet:-1","max-image-preview":"max-image-preview:large","max-video-preview":"max-video-preview:-1"},"canonical":"https:\/\/radioljubuski.ba\/index.php\/2022\/06\/29\/prije-30-godina-hrvati-su-oslobodili-najveci-dio-hercegovine-spasili-bih-i-jug-rh\/","og_locale":"hr_HR","og_type":"article","og_title":"Prije 30 godina Hrvati su oslobodili najve\u0107i dio Hercegovine, spasili BiH i jug RH - RADIO LJUBU\u0160KI","og_description":"U devetnaest dana intenzivnih vojnih operacija, iznimnim naporom, po\u017ertvovno\u0161\u0107u i \u017ertvama polo\u017eenim na oltar domovine, pripadnici HVO-a, HV-a i HOS-a, odnosno udru\u017eene hrvatske snage izvojevale su prvu veliku pobjedu u Domovinskom ratu u BiH, odbacile su srpskog agresora u sredi\u0161njoj i ju\u017enoj Hercegovini, o\u010duvali teritorijalni integritet Bosne i Hercegovine, za\u0161titili civilno stanovni\u0161tvo, te u kona\u010dnici, [&hellip;]","og_url":"https:\/\/radioljubuski.ba\/index.php\/2022\/06\/29\/prije-30-godina-hrvati-su-oslobodili-najveci-dio-hercegovine-spasili-bih-i-jug-rh\/","og_site_name":"RADIO LJUBU\u0160KI","article_publisher":"https:\/\/www.facebook.com\/Radiio-Ljubuski-1490835324566332","article_published_time":"2022-06-29T07:23:59+00:00","og_image":[{"width":1024,"height":570,"url":"https:\/\/radioljubuski.ba\/wp-content\/uploads\/2022\/06\/7009b21c6e6d893a8f8cffbbb72eaff6_XL.jpg","type":"image\/jpeg"}],"author":"Radio Ljubu\u0161ki","twitter_card":"summary_large_image","twitter_creator":"@radioljubuski","twitter_site":"@radioljubuski","twitter_misc":{"Napisao\/la":"Radio Ljubu\u0161ki","Procijenjeno vrijeme \u010ditanja":"7 minuta"},"schema":{"@context":"https:\/\/schema.org","@graph":[{"@type":"Article","@id":"https:\/\/radioljubuski.ba\/index.php\/2022\/06\/29\/prije-30-godina-hrvati-su-oslobodili-najveci-dio-hercegovine-spasili-bih-i-jug-rh\/#article","isPartOf":{"@id":"https:\/\/radioljubuski.ba\/index.php\/2022\/06\/29\/prije-30-godina-hrvati-su-oslobodili-najveci-dio-hercegovine-spasili-bih-i-jug-rh\/"},"author":{"name":"Radio Ljubu\u0161ki","@id":"https:\/\/radioljubuski.ba\/#\/schema\/person\/19fc700381a780f69665d7956c469e3b"},"headline":"Prije 30 godina Hrvati su oslobodili najve\u0107i dio Hercegovine, spasili BiH i jug RH","datePublished":"2022-06-29T07:23:59+00:00","mainEntityOfPage":{"@id":"https:\/\/radioljubuski.ba\/index.php\/2022\/06\/29\/prije-30-godina-hrvati-su-oslobodili-najveci-dio-hercegovine-spasili-bih-i-jug-rh\/"},"wordCount":1777,"publisher":{"@id":"https:\/\/radioljubuski.ba\/#organization"},"image":{"@id":"https:\/\/radioljubuski.ba\/index.php\/2022\/06\/29\/prije-30-godina-hrvati-su-oslobodili-najveci-dio-hercegovine-spasili-bih-i-jug-rh\/#primaryimage"},"thumbnailUrl":"https:\/\/radioljubuski.ba\/wp-content\/uploads\/2022\/06\/7009b21c6e6d893a8f8cffbbb72eaff6_XL.jpg","articleSection":["BIH i regija"],"inLanguage":"hr"},{"@type":"WebPage","@id":"https:\/\/radioljubuski.ba\/index.php\/2022\/06\/29\/prije-30-godina-hrvati-su-oslobodili-najveci-dio-hercegovine-spasili-bih-i-jug-rh\/","url":"https:\/\/radioljubuski.ba\/index.php\/2022\/06\/29\/prije-30-godina-hrvati-su-oslobodili-najveci-dio-hercegovine-spasili-bih-i-jug-rh\/","name":"Prije 30 godina Hrvati su oslobodili najve\u0107i dio Hercegovine, spasili BiH i jug RH - RADIO LJUBU\u0160KI","isPartOf":{"@id":"https:\/\/radioljubuski.ba\/#website"},"primaryImageOfPage":{"@id":"https:\/\/radioljubuski.ba\/index.php\/2022\/06\/29\/prije-30-godina-hrvati-su-oslobodili-najveci-dio-hercegovine-spasili-bih-i-jug-rh\/#primaryimage"},"image":{"@id":"https:\/\/radioljubuski.ba\/index.php\/2022\/06\/29\/prije-30-godina-hrvati-su-oslobodili-najveci-dio-hercegovine-spasili-bih-i-jug-rh\/#primaryimage"},"thumbnailUrl":"https:\/\/radioljubuski.ba\/wp-content\/uploads\/2022\/06\/7009b21c6e6d893a8f8cffbbb72eaff6_XL.jpg","datePublished":"2022-06-29T07:23:59+00:00","breadcrumb":{"@id":"https:\/\/radioljubuski.ba\/index.php\/2022\/06\/29\/prije-30-godina-hrvati-su-oslobodili-najveci-dio-hercegovine-spasili-bih-i-jug-rh\/#breadcrumb"},"inLanguage":"hr","potentialAction":[{"@type":"ReadAction","target":["https:\/\/radioljubuski.ba\/index.php\/2022\/06\/29\/prije-30-godina-hrvati-su-oslobodili-najveci-dio-hercegovine-spasili-bih-i-jug-rh\/"]}]},{"@type":"ImageObject","inLanguage":"hr","@id":"https:\/\/radioljubuski.ba\/index.php\/2022\/06\/29\/prije-30-godina-hrvati-su-oslobodili-najveci-dio-hercegovine-spasili-bih-i-jug-rh\/#primaryimage","url":"https:\/\/radioljubuski.ba\/wp-content\/uploads\/2022\/06\/7009b21c6e6d893a8f8cffbbb72eaff6_XL.jpg","contentUrl":"https:\/\/radioljubuski.ba\/wp-content\/uploads\/2022\/06\/7009b21c6e6d893a8f8cffbbb72eaff6_XL.jpg","width":1024,"height":570},{"@type":"BreadcrumbList","@id":"https:\/\/radioljubuski.ba\/index.php\/2022\/06\/29\/prije-30-godina-hrvati-su-oslobodili-najveci-dio-hercegovine-spasili-bih-i-jug-rh\/#breadcrumb","itemListElement":[{"@type":"ListItem","position":1,"name":"Po\u010detna stranica","item":"https:\/\/radioljubuski.ba\/"},{"@type":"ListItem","position":2,"name":"Prije 30 godina Hrvati su oslobodili najve\u0107i dio Hercegovine, spasili BiH i jug RH"}]},{"@type":"WebSite","@id":"https:\/\/radioljubuski.ba\/#website","url":"https:\/\/radioljubuski.ba\/","name":"Radio Ljubu\u0161ki","description":"Sun\u010dana frekvencija Hercegovine","publisher":{"@id":"https:\/\/radioljubuski.ba\/#organization"},"potentialAction":[{"@type":"SearchAction","target":{"@type":"EntryPoint","urlTemplate":"https:\/\/radioljubuski.ba\/?s={search_term_string}"},"query-input":{"@type":"PropertyValueSpecification","valueRequired":true,"valueName":"search_term_string"}}],"inLanguage":"hr"},{"@type":"Organization","@id":"https:\/\/radioljubuski.ba\/#organization","name":"Radio Ljubu\u0161ki","url":"https:\/\/radioljubuski.ba\/","logo":{"@type":"ImageObject","inLanguage":"hr","@id":"https:\/\/radioljubuski.ba\/#\/schema\/logo\/image\/","url":"https:\/\/radioljubuski.ba\/wp-content\/uploads\/2021\/02\/cropped-Radio_Ljubuski_logo1.jpg","contentUrl":"https:\/\/radioljubuski.ba\/wp-content\/uploads\/2021\/02\/cropped-Radio_Ljubuski_logo1.jpg","width":512,"height":512,"caption":"Radio Ljubu\u0161ki"},"image":{"@id":"https:\/\/radioljubuski.ba\/#\/schema\/logo\/image\/"},"sameAs":["https:\/\/www.facebook.com\/Radiio-Ljubuski-1490835324566332","https:\/\/x.com\/radioljubuski","https:\/\/hr.linkedin.com\/company\/radio-ljubuski","https:\/\/www.youtube.com\/channel\/UCHYaeO_n0Db3tjNGudGpXyw"]},{"@type":"Person","@id":"https:\/\/radioljubuski.ba\/#\/schema\/person\/19fc700381a780f69665d7956c469e3b","name":"Radio Ljubu\u0161ki"}]}},"_links":{"self":[{"href":"https:\/\/radioljubuski.ba\/index.php\/wp-json\/wp\/v2\/posts\/154580","targetHints":{"allow":["GET"]}}],"collection":[{"href":"https:\/\/radioljubuski.ba\/index.php\/wp-json\/wp\/v2\/posts"}],"about":[{"href":"https:\/\/radioljubuski.ba\/index.php\/wp-json\/wp\/v2\/types\/post"}],"author":[{"embeddable":true,"href":"https:\/\/radioljubuski.ba\/index.php\/wp-json\/wp\/v2\/users\/2"}],"replies":[{"embeddable":true,"href":"https:\/\/radioljubuski.ba\/index.php\/wp-json\/wp\/v2\/comments?post=154580"}],"version-history":[{"count":1,"href":"https:\/\/radioljubuski.ba\/index.php\/wp-json\/wp\/v2\/posts\/154580\/revisions"}],"predecessor-version":[{"id":154584,"href":"https:\/\/radioljubuski.ba\/index.php\/wp-json\/wp\/v2\/posts\/154580\/revisions\/154584"}],"wp:featuredmedia":[{"embeddable":true,"href":"https:\/\/radioljubuski.ba\/index.php\/wp-json\/wp\/v2\/media\/154583"}],"wp:attachment":[{"href":"https:\/\/radioljubuski.ba\/index.php\/wp-json\/wp\/v2\/media?parent=154580"}],"wp:term":[{"taxonomy":"category","embeddable":true,"href":"https:\/\/radioljubuski.ba\/index.php\/wp-json\/wp\/v2\/categories?post=154580"},{"taxonomy":"post_tag","embeddable":true,"href":"https:\/\/radioljubuski.ba\/index.php\/wp-json\/wp\/v2\/tags?post=154580"}],"curies":[{"name":"wp","href":"https:\/\/api.w.org\/{rel}","templated":true}]}}