{"id":15460,"date":"2021-04-22T22:18:15","date_gmt":"2021-04-22T21:18:15","guid":{"rendered":"https:\/\/radioljubuski.ba\/?p=15460"},"modified":"2021-04-22T22:18:15","modified_gmt":"2021-04-22T21:18:15","slug":"hrvatski-gimnasticari-bez-finala-na-ep-u","status":"publish","type":"post","link":"https:\/\/radioljubuski.ba\/index.php\/2021\/04\/22\/hrvatski-gimnasticari-bez-finala-na-ep-u\/","title":{"rendered":"Hrvatski gimnasti\u010dari bez finala na EP-u"},"content":{"rendered":"\n<p><strong>Hrvatska gimnastika ne\u0107e imati predstavnika u finalima po spravama na ovogodi\u0161njem Europskom prvenstvu u Baselu. Nitko od na\u0161ih \u0161est reprezentativaca nije bio uspje\u0161an u kvalifikacijama u \u010detvrtak.<\/strong><\/p>\n\n\n\n<p><a href=\"https:\/\/sport.hrt.hr\/ostali-sportovi\/basel-hrvatske-gimnasticarke-nisu-se-uspjele-kvalificirati-u-finale-1529362\"><br><\/a><\/p>\n\n\n\n<p>Branitelj dvostrukog uzastopnog srebra na pre\u010di, aktualni viceprvak svijeta,&nbsp;<strong>Tin Srbi\u0107<\/strong>, zbog pogre\u0161ke pred kraj vje\u017ebe zauzeo je ukupno 17. mjesto s ocjenom 13.233.<br><br>Hrvatska je u Baselu imala jo\u0161 dvojicu branitelja srebrnih medalja s posljednjeg EP-a u Mersinu, me\u0111utim,&nbsp;<strong>Aurel Benovi\u0107<\/strong>&nbsp;zbog pogre\u0161ke na posljednjoj dijagonali zavr\u0161io je kao 14. (14.133) na parteru, dok je&nbsp;<strong>Filip Ude<\/strong>&nbsp;na konju s hvataljkama pak zbog pada na saskoku bio 56. (12.433).<\/p>\n\n\n\n<p>&#8211; Nije ispalo kako je bilo planirano. Napravio sam gre\u0161ku na elementu prije saskoka. Sve ono do tada je bilo OK. Na\u017ealost, ne\u0107u biti u finalu. Eto, nekad u gimnastici neke stvari ne mo\u017ee\u0161 kontrolirati. Dogodila se gre\u0161ka, zato nisam uspio u\u0107i u finale. Nije bio pad, ali u gimnastici svaka mala gre\u0161ka zna\u010di neulazak u finale. Stvarno sam razo\u010daran jer sam u jako dobroj formi, ali vidim da je jako puno vje\u017eba\u010da pogrije\u0161ilo u kvalifikacijama jer nismo dugo imali natjecanja. Ovo je novo iskustvo. Imamo jo\u0161 dva Svjetska kupa, Varnu i Osijek, a onda Olimpijske igre u Tokiju. To je ionako glavni cilj. Ne\u0107emo sada pasti. Idemo dalje, poru\u010dio je razo\u010darani Srbi\u0107.<\/p>\n\n\n\n<p>Najbolji hrvatski plasman na ovom EP-u je 14. mjesto Aurela Benovi\u0107a na parteru.<br><br>&#8211; Sretan sam i zadovoljan sa svojom vje\u017ebom. Od po\u010detka pa gotovo do kraja bila je na visokoj razini, ali na kraju se dogodila tehni\u010dka pogre\u0161ka i veliki iskorak pri doskoku koji me stajao ulaska u finale. Moja vje\u017eba je bila konkurentna, po\u010detna ocjena od 6.3 je visok start, bez problema s njom mogu u\u0107i u finale i konkurirati svima ovdje. I s tom velikom gre\u0161kom je ocjena bila 14.133, \u0161to je visoka ocjena. Bez te gre\u0161ke ulazak u finale ne bi bio upitan. Jedna stvar koja je mo\u017eda ote\u017eala sve ovo je \u010dinjenica da od Mersina kada sam osvojio srebrnu medalju, nije bilo nikakvih me\u0111unarodnih natjecanja na kojima bih probao odraditi ovu vje\u017ebu. Nisam imao tremu ovdje, sve je bilo fantasti\u010dno, ali eto, dogodila se tehni\u010dka pogre\u0161ka. Ni\u0161ta, idemo nastaviti raditi. O\u010dekuju me Svjetski kupovi u Varni i Osijeku, na jesen Svjetsko prvenstvo u Japanu. Ovo je jednostavno \u017eivot, sport, gimnastika. Treba ostati skroman i u porazu i u pobjedi. Nastavit \u0107u se truditi i raditi, poja\u010davati startnu ocjenu da mogu konkurirati na nekim drugim natjecanjima, u nekim drugim, nadam se boljim okolnostima, komentirao je Aurel Benovi\u0107.<\/p>\n\n\n\n<p>Filip Ude na svom \u010dak 16. seniorskom Europskom prvenstvu u karijeri nije odradio onako kako on zna.<br><br>&#8211; Nisam napravio vje\u017ebu. Dobro sam se osje\u0107ao, dobro sam krenuo, prva tri elementa super, ali jednostavno, ja jako rijetko \u0161irim noge, a sada sam to napravio na &#8216;ruskim kolima&#8217;. Tu je sve krenulo krivo. Nekoliko puta sam se izvukao, napravio sam dosta vi\u0161e kola nego ina\u010de, a to mi je oduzelo puno snage i na kraju, na saskoku, napravio sam tehni\u010dku gre\u0161ku. Ali dobro, glavu gore, svima je te\u0161ko, dosta njih je brljalo, ovo je prvo natjecanje ove godine i svima nam treba natjecanja da uhvatimo formu. Svi smo u istom ko\u0161u. Nadam se da \u0107e dalje sve i\u0107i po planu, rekao je Filip Ude nakon kvalifikacija.<\/p>\n\n\n\n<p>Od ostalih hrvatskih predstavnika u Baselu,&nbsp;<strong>Marko Sambolec<\/strong>&nbsp;je 67. na konju s hvataljkama (12.033), na istoj spravi&nbsp;<strong>Jakov Vlahek<\/strong>&nbsp;je 79. (11.466), a&nbsp;<strong>Filip Boro\u0161a<\/strong>&nbsp;78. na parteru (12.566).<\/p>\n\n\n\n<p>Izvor:hrt.hr<\/p>\n","protected":false},"excerpt":{"rendered":"<p>Hrvatska gimnastika ne\u0107e imati predstavnika u finalima po spravama na ovogodi\u0161njem Europskom prvenstvu u Baselu. Nitko od na\u0161ih \u0161est reprezentativaca nije bio uspje\u0161an u kvalifikacijama u \u010detvrtak. Branitelj dvostrukog uzastopnog srebra na pre\u010di, aktualni viceprvak svijeta,&nbsp;Tin Srbi\u0107, zbog pogre\u0161ke pred kraj vje\u017ebe zauzeo je ukupno 17. mjesto s ocjenom 13.233. Hrvatska je u Baselu imala [&hellip;]<\/p>\n","protected":false},"author":2,"featured_media":15461,"comment_status":"closed","ping_status":"closed","sticky":false,"template":"","format":"standard","meta":{"h5ap_radio_sources":[],"footnotes":""},"categories":[1],"tags":[],"class_list":["post-15460","post","type-post","status-publish","format-standard","has-post-thumbnail","hentry","category-bihiregija"],"yoast_head":"<!-- This site is optimized with the Yoast SEO plugin v27.5 - https:\/\/yoast.com\/product\/yoast-seo-wordpress\/ -->\n<title>Hrvatski gimnasti\u010dari bez finala na EP-u - RADIO LJUBU\u0160KI<\/title>\n<meta name=\"robots\" content=\"index, follow, max-snippet:-1, max-image-preview:large, max-video-preview:-1\" \/>\n<link rel=\"canonical\" href=\"https:\/\/radioljubuski.ba\/index.php\/2021\/04\/22\/hrvatski-gimnasticari-bez-finala-na-ep-u\/\" \/>\n<meta property=\"og:locale\" content=\"hr_HR\" \/>\n<meta property=\"og:type\" content=\"article\" \/>\n<meta property=\"og:title\" content=\"Hrvatski gimnasti\u010dari bez finala na EP-u - RADIO LJUBU\u0160KI\" \/>\n<meta property=\"og:description\" content=\"Hrvatska gimnastika ne\u0107e imati predstavnika u finalima po spravama na ovogodi\u0161njem Europskom prvenstvu u Baselu. Nitko od na\u0161ih \u0161est reprezentativaca nije bio uspje\u0161an u kvalifikacijama u \u010detvrtak. Branitelj dvostrukog uzastopnog srebra na pre\u010di, aktualni viceprvak svijeta,&nbsp;Tin Srbi\u0107, zbog pogre\u0161ke pred kraj vje\u017ebe zauzeo je ukupno 17. mjesto s ocjenom 13.233. Hrvatska je u Baselu imala [&hellip;]\" \/>\n<meta property=\"og:url\" content=\"https:\/\/radioljubuski.ba\/index.php\/2021\/04\/22\/hrvatski-gimnasticari-bez-finala-na-ep-u\/\" \/>\n<meta property=\"og:site_name\" content=\"RADIO LJUBU\u0160KI\" \/>\n<meta property=\"article:publisher\" content=\"https:\/\/www.facebook.com\/Radiio-Ljubuski-1490835324566332\" \/>\n<meta property=\"article:published_time\" content=\"2021-04-22T21:18:15+00:00\" \/>\n<meta property=\"og:image\" content=\"https:\/\/radioljubuski.ba\/wp-content\/uploads\/2021\/04\/4380a3d7250a979c0eaa.jpeg\" \/>\n\t<meta property=\"og:image:width\" content=\"612\" \/>\n\t<meta property=\"og:image:height\" content=\"408\" \/>\n\t<meta property=\"og:image:type\" content=\"image\/jpeg\" \/>\n<meta name=\"author\" content=\"Radio Ljubu\u0161ki\" \/>\n<meta name=\"twitter:card\" content=\"summary_large_image\" \/>\n<meta name=\"twitter:creator\" content=\"@radioljubuski\" \/>\n<meta name=\"twitter:site\" content=\"@radioljubuski\" \/>\n<meta name=\"twitter:label1\" content=\"Napisao\/la\" \/>\n\t<meta name=\"twitter:data1\" content=\"Radio Ljubu\u0161ki\" \/>\n\t<meta name=\"twitter:label2\" content=\"Procijenjeno vrijeme \u010ditanja\" \/>\n\t<meta name=\"twitter:data2\" content=\"3 minute\" \/>\n<script type=\"application\/ld+json\" class=\"yoast-schema-graph\">{\"@context\":\"https:\\\/\\\/schema.org\",\"@graph\":[{\"@type\":\"Article\",\"@id\":\"https:\\\/\\\/radioljubuski.ba\\\/index.php\\\/2021\\\/04\\\/22\\\/hrvatski-gimnasticari-bez-finala-na-ep-u\\\/#article\",\"isPartOf\":{\"@id\":\"https:\\\/\\\/radioljubuski.ba\\\/index.php\\\/2021\\\/04\\\/22\\\/hrvatski-gimnasticari-bez-finala-na-ep-u\\\/\"},\"author\":{\"name\":\"Radio Ljubu\u0161ki\",\"@id\":\"https:\\\/\\\/radioljubuski.ba\\\/#\\\/schema\\\/person\\\/19fc700381a780f69665d7956c469e3b\"},\"headline\":\"Hrvatski gimnasti\u010dari bez finala na EP-u\",\"datePublished\":\"2021-04-22T21:18:15+00:00\",\"mainEntityOfPage\":{\"@id\":\"https:\\\/\\\/radioljubuski.ba\\\/index.php\\\/2021\\\/04\\\/22\\\/hrvatski-gimnasticari-bez-finala-na-ep-u\\\/\"},\"wordCount\":626,\"publisher\":{\"@id\":\"https:\\\/\\\/radioljubuski.ba\\\/#organization\"},\"image\":{\"@id\":\"https:\\\/\\\/radioljubuski.ba\\\/index.php\\\/2021\\\/04\\\/22\\\/hrvatski-gimnasticari-bez-finala-na-ep-u\\\/#primaryimage\"},\"thumbnailUrl\":\"https:\\\/\\\/radioljubuski.ba\\\/wp-content\\\/uploads\\\/2021\\\/04\\\/4380a3d7250a979c0eaa.jpeg\",\"articleSection\":[\"BIH i regija\"],\"inLanguage\":\"hr\"},{\"@type\":\"WebPage\",\"@id\":\"https:\\\/\\\/radioljubuski.ba\\\/index.php\\\/2021\\\/04\\\/22\\\/hrvatski-gimnasticari-bez-finala-na-ep-u\\\/\",\"url\":\"https:\\\/\\\/radioljubuski.ba\\\/index.php\\\/2021\\\/04\\\/22\\\/hrvatski-gimnasticari-bez-finala-na-ep-u\\\/\",\"name\":\"Hrvatski gimnasti\u010dari bez finala na EP-u - RADIO LJUBU\u0160KI\",\"isPartOf\":{\"@id\":\"https:\\\/\\\/radioljubuski.ba\\\/#website\"},\"primaryImageOfPage\":{\"@id\":\"https:\\\/\\\/radioljubuski.ba\\\/index.php\\\/2021\\\/04\\\/22\\\/hrvatski-gimnasticari-bez-finala-na-ep-u\\\/#primaryimage\"},\"image\":{\"@id\":\"https:\\\/\\\/radioljubuski.ba\\\/index.php\\\/2021\\\/04\\\/22\\\/hrvatski-gimnasticari-bez-finala-na-ep-u\\\/#primaryimage\"},\"thumbnailUrl\":\"https:\\\/\\\/radioljubuski.ba\\\/wp-content\\\/uploads\\\/2021\\\/04\\\/4380a3d7250a979c0eaa.jpeg\",\"datePublished\":\"2021-04-22T21:18:15+00:00\",\"breadcrumb\":{\"@id\":\"https:\\\/\\\/radioljubuski.ba\\\/index.php\\\/2021\\\/04\\\/22\\\/hrvatski-gimnasticari-bez-finala-na-ep-u\\\/#breadcrumb\"},\"inLanguage\":\"hr\",\"potentialAction\":[{\"@type\":\"ReadAction\",\"target\":[\"https:\\\/\\\/radioljubuski.ba\\\/index.php\\\/2021\\\/04\\\/22\\\/hrvatski-gimnasticari-bez-finala-na-ep-u\\\/\"]}]},{\"@type\":\"ImageObject\",\"inLanguage\":\"hr\",\"@id\":\"https:\\\/\\\/radioljubuski.ba\\\/index.php\\\/2021\\\/04\\\/22\\\/hrvatski-gimnasticari-bez-finala-na-ep-u\\\/#primaryimage\",\"url\":\"https:\\\/\\\/radioljubuski.ba\\\/wp-content\\\/uploads\\\/2021\\\/04\\\/4380a3d7250a979c0eaa.jpeg\",\"contentUrl\":\"https:\\\/\\\/radioljubuski.ba\\\/wp-content\\\/uploads\\\/2021\\\/04\\\/4380a3d7250a979c0eaa.jpeg\",\"width\":612,\"height\":408},{\"@type\":\"BreadcrumbList\",\"@id\":\"https:\\\/\\\/radioljubuski.ba\\\/index.php\\\/2021\\\/04\\\/22\\\/hrvatski-gimnasticari-bez-finala-na-ep-u\\\/#breadcrumb\",\"itemListElement\":[{\"@type\":\"ListItem\",\"position\":1,\"name\":\"Po\u010detna stranica\",\"item\":\"https:\\\/\\\/radioljubuski.ba\\\/\"},{\"@type\":\"ListItem\",\"position\":2,\"name\":\"Hrvatski gimnasti\u010dari bez finala na EP-u\"}]},{\"@type\":\"WebSite\",\"@id\":\"https:\\\/\\\/radioljubuski.ba\\\/#website\",\"url\":\"https:\\\/\\\/radioljubuski.ba\\\/\",\"name\":\"Radio Ljubu\u0161ki\",\"description\":\"Sun\u010dana frekvencija Hercegovine\",\"publisher\":{\"@id\":\"https:\\\/\\\/radioljubuski.ba\\\/#organization\"},\"potentialAction\":[{\"@type\":\"SearchAction\",\"target\":{\"@type\":\"EntryPoint\",\"urlTemplate\":\"https:\\\/\\\/radioljubuski.ba\\\/?s={search_term_string}\"},\"query-input\":{\"@type\":\"PropertyValueSpecification\",\"valueRequired\":true,\"valueName\":\"search_term_string\"}}],\"inLanguage\":\"hr\"},{\"@type\":\"Organization\",\"@id\":\"https:\\\/\\\/radioljubuski.ba\\\/#organization\",\"name\":\"Radio Ljubu\u0161ki\",\"url\":\"https:\\\/\\\/radioljubuski.ba\\\/\",\"logo\":{\"@type\":\"ImageObject\",\"inLanguage\":\"hr\",\"@id\":\"https:\\\/\\\/radioljubuski.ba\\\/#\\\/schema\\\/logo\\\/image\\\/\",\"url\":\"https:\\\/\\\/radioljubuski.ba\\\/wp-content\\\/uploads\\\/2021\\\/02\\\/cropped-Radio_Ljubuski_logo1.jpg\",\"contentUrl\":\"https:\\\/\\\/radioljubuski.ba\\\/wp-content\\\/uploads\\\/2021\\\/02\\\/cropped-Radio_Ljubuski_logo1.jpg\",\"width\":512,\"height\":512,\"caption\":\"Radio Ljubu\u0161ki\"},\"image\":{\"@id\":\"https:\\\/\\\/radioljubuski.ba\\\/#\\\/schema\\\/logo\\\/image\\\/\"},\"sameAs\":[\"https:\\\/\\\/www.facebook.com\\\/Radiio-Ljubuski-1490835324566332\",\"https:\\\/\\\/x.com\\\/radioljubuski\",\"https:\\\/\\\/hr.linkedin.com\\\/company\\\/radio-ljubuski\",\"https:\\\/\\\/www.youtube.com\\\/channel\\\/UCHYaeO_n0Db3tjNGudGpXyw\"]},{\"@type\":\"Person\",\"@id\":\"https:\\\/\\\/radioljubuski.ba\\\/#\\\/schema\\\/person\\\/19fc700381a780f69665d7956c469e3b\",\"name\":\"Radio Ljubu\u0161ki\"}]}<\/script>\n<!-- \/ Yoast SEO plugin. -->","yoast_head_json":{"title":"Hrvatski gimnasti\u010dari bez finala na EP-u - RADIO LJUBU\u0160KI","robots":{"index":"index","follow":"follow","max-snippet":"max-snippet:-1","max-image-preview":"max-image-preview:large","max-video-preview":"max-video-preview:-1"},"canonical":"https:\/\/radioljubuski.ba\/index.php\/2021\/04\/22\/hrvatski-gimnasticari-bez-finala-na-ep-u\/","og_locale":"hr_HR","og_type":"article","og_title":"Hrvatski gimnasti\u010dari bez finala na EP-u - RADIO LJUBU\u0160KI","og_description":"Hrvatska gimnastika ne\u0107e imati predstavnika u finalima po spravama na ovogodi\u0161njem Europskom prvenstvu u Baselu. Nitko od na\u0161ih \u0161est reprezentativaca nije bio uspje\u0161an u kvalifikacijama u \u010detvrtak. Branitelj dvostrukog uzastopnog srebra na pre\u010di, aktualni viceprvak svijeta,&nbsp;Tin Srbi\u0107, zbog pogre\u0161ke pred kraj vje\u017ebe zauzeo je ukupno 17. mjesto s ocjenom 13.233. Hrvatska je u Baselu imala [&hellip;]","og_url":"https:\/\/radioljubuski.ba\/index.php\/2021\/04\/22\/hrvatski-gimnasticari-bez-finala-na-ep-u\/","og_site_name":"RADIO LJUBU\u0160KI","article_publisher":"https:\/\/www.facebook.com\/Radiio-Ljubuski-1490835324566332","article_published_time":"2021-04-22T21:18:15+00:00","og_image":[{"width":612,"height":408,"url":"https:\/\/radioljubuski.ba\/wp-content\/uploads\/2021\/04\/4380a3d7250a979c0eaa.jpeg","type":"image\/jpeg"}],"author":"Radio Ljubu\u0161ki","twitter_card":"summary_large_image","twitter_creator":"@radioljubuski","twitter_site":"@radioljubuski","twitter_misc":{"Napisao\/la":"Radio Ljubu\u0161ki","Procijenjeno vrijeme \u010ditanja":"3 minute"},"schema":{"@context":"https:\/\/schema.org","@graph":[{"@type":"Article","@id":"https:\/\/radioljubuski.ba\/index.php\/2021\/04\/22\/hrvatski-gimnasticari-bez-finala-na-ep-u\/#article","isPartOf":{"@id":"https:\/\/radioljubuski.ba\/index.php\/2021\/04\/22\/hrvatski-gimnasticari-bez-finala-na-ep-u\/"},"author":{"name":"Radio Ljubu\u0161ki","@id":"https:\/\/radioljubuski.ba\/#\/schema\/person\/19fc700381a780f69665d7956c469e3b"},"headline":"Hrvatski gimnasti\u010dari bez finala na EP-u","datePublished":"2021-04-22T21:18:15+00:00","mainEntityOfPage":{"@id":"https:\/\/radioljubuski.ba\/index.php\/2021\/04\/22\/hrvatski-gimnasticari-bez-finala-na-ep-u\/"},"wordCount":626,"publisher":{"@id":"https:\/\/radioljubuski.ba\/#organization"},"image":{"@id":"https:\/\/radioljubuski.ba\/index.php\/2021\/04\/22\/hrvatski-gimnasticari-bez-finala-na-ep-u\/#primaryimage"},"thumbnailUrl":"https:\/\/radioljubuski.ba\/wp-content\/uploads\/2021\/04\/4380a3d7250a979c0eaa.jpeg","articleSection":["BIH i regija"],"inLanguage":"hr"},{"@type":"WebPage","@id":"https:\/\/radioljubuski.ba\/index.php\/2021\/04\/22\/hrvatski-gimnasticari-bez-finala-na-ep-u\/","url":"https:\/\/radioljubuski.ba\/index.php\/2021\/04\/22\/hrvatski-gimnasticari-bez-finala-na-ep-u\/","name":"Hrvatski gimnasti\u010dari bez finala na EP-u - RADIO LJUBU\u0160KI","isPartOf":{"@id":"https:\/\/radioljubuski.ba\/#website"},"primaryImageOfPage":{"@id":"https:\/\/radioljubuski.ba\/index.php\/2021\/04\/22\/hrvatski-gimnasticari-bez-finala-na-ep-u\/#primaryimage"},"image":{"@id":"https:\/\/radioljubuski.ba\/index.php\/2021\/04\/22\/hrvatski-gimnasticari-bez-finala-na-ep-u\/#primaryimage"},"thumbnailUrl":"https:\/\/radioljubuski.ba\/wp-content\/uploads\/2021\/04\/4380a3d7250a979c0eaa.jpeg","datePublished":"2021-04-22T21:18:15+00:00","breadcrumb":{"@id":"https:\/\/radioljubuski.ba\/index.php\/2021\/04\/22\/hrvatski-gimnasticari-bez-finala-na-ep-u\/#breadcrumb"},"inLanguage":"hr","potentialAction":[{"@type":"ReadAction","target":["https:\/\/radioljubuski.ba\/index.php\/2021\/04\/22\/hrvatski-gimnasticari-bez-finala-na-ep-u\/"]}]},{"@type":"ImageObject","inLanguage":"hr","@id":"https:\/\/radioljubuski.ba\/index.php\/2021\/04\/22\/hrvatski-gimnasticari-bez-finala-na-ep-u\/#primaryimage","url":"https:\/\/radioljubuski.ba\/wp-content\/uploads\/2021\/04\/4380a3d7250a979c0eaa.jpeg","contentUrl":"https:\/\/radioljubuski.ba\/wp-content\/uploads\/2021\/04\/4380a3d7250a979c0eaa.jpeg","width":612,"height":408},{"@type":"BreadcrumbList","@id":"https:\/\/radioljubuski.ba\/index.php\/2021\/04\/22\/hrvatski-gimnasticari-bez-finala-na-ep-u\/#breadcrumb","itemListElement":[{"@type":"ListItem","position":1,"name":"Po\u010detna stranica","item":"https:\/\/radioljubuski.ba\/"},{"@type":"ListItem","position":2,"name":"Hrvatski gimnasti\u010dari bez finala na EP-u"}]},{"@type":"WebSite","@id":"https:\/\/radioljubuski.ba\/#website","url":"https:\/\/radioljubuski.ba\/","name":"Radio Ljubu\u0161ki","description":"Sun\u010dana frekvencija Hercegovine","publisher":{"@id":"https:\/\/radioljubuski.ba\/#organization"},"potentialAction":[{"@type":"SearchAction","target":{"@type":"EntryPoint","urlTemplate":"https:\/\/radioljubuski.ba\/?s={search_term_string}"},"query-input":{"@type":"PropertyValueSpecification","valueRequired":true,"valueName":"search_term_string"}}],"inLanguage":"hr"},{"@type":"Organization","@id":"https:\/\/radioljubuski.ba\/#organization","name":"Radio Ljubu\u0161ki","url":"https:\/\/radioljubuski.ba\/","logo":{"@type":"ImageObject","inLanguage":"hr","@id":"https:\/\/radioljubuski.ba\/#\/schema\/logo\/image\/","url":"https:\/\/radioljubuski.ba\/wp-content\/uploads\/2021\/02\/cropped-Radio_Ljubuski_logo1.jpg","contentUrl":"https:\/\/radioljubuski.ba\/wp-content\/uploads\/2021\/02\/cropped-Radio_Ljubuski_logo1.jpg","width":512,"height":512,"caption":"Radio Ljubu\u0161ki"},"image":{"@id":"https:\/\/radioljubuski.ba\/#\/schema\/logo\/image\/"},"sameAs":["https:\/\/www.facebook.com\/Radiio-Ljubuski-1490835324566332","https:\/\/x.com\/radioljubuski","https:\/\/hr.linkedin.com\/company\/radio-ljubuski","https:\/\/www.youtube.com\/channel\/UCHYaeO_n0Db3tjNGudGpXyw"]},{"@type":"Person","@id":"https:\/\/radioljubuski.ba\/#\/schema\/person\/19fc700381a780f69665d7956c469e3b","name":"Radio Ljubu\u0161ki"}]}},"_links":{"self":[{"href":"https:\/\/radioljubuski.ba\/index.php\/wp-json\/wp\/v2\/posts\/15460","targetHints":{"allow":["GET"]}}],"collection":[{"href":"https:\/\/radioljubuski.ba\/index.php\/wp-json\/wp\/v2\/posts"}],"about":[{"href":"https:\/\/radioljubuski.ba\/index.php\/wp-json\/wp\/v2\/types\/post"}],"author":[{"embeddable":true,"href":"https:\/\/radioljubuski.ba\/index.php\/wp-json\/wp\/v2\/users\/2"}],"replies":[{"embeddable":true,"href":"https:\/\/radioljubuski.ba\/index.php\/wp-json\/wp\/v2\/comments?post=15460"}],"version-history":[{"count":1,"href":"https:\/\/radioljubuski.ba\/index.php\/wp-json\/wp\/v2\/posts\/15460\/revisions"}],"predecessor-version":[{"id":15462,"href":"https:\/\/radioljubuski.ba\/index.php\/wp-json\/wp\/v2\/posts\/15460\/revisions\/15462"}],"wp:featuredmedia":[{"embeddable":true,"href":"https:\/\/radioljubuski.ba\/index.php\/wp-json\/wp\/v2\/media\/15461"}],"wp:attachment":[{"href":"https:\/\/radioljubuski.ba\/index.php\/wp-json\/wp\/v2\/media?parent=15460"}],"wp:term":[{"taxonomy":"category","embeddable":true,"href":"https:\/\/radioljubuski.ba\/index.php\/wp-json\/wp\/v2\/categories?post=15460"},{"taxonomy":"post_tag","embeddable":true,"href":"https:\/\/radioljubuski.ba\/index.php\/wp-json\/wp\/v2\/tags?post=15460"}],"curies":[{"name":"wp","href":"https:\/\/api.w.org\/{rel}","templated":true}]}}