{"id":154618,"date":"2022-06-29T10:22:54","date_gmt":"2022-06-29T09:22:54","guid":{"rendered":"https:\/\/radioljubuski.ba\/?p=154618"},"modified":"2022-06-29T10:22:56","modified_gmt":"2022-06-29T09:22:56","slug":"obnavlja-se-most-50-godina-stariji-od-starog","status":"publish","type":"post","link":"https:\/\/radioljubuski.ba\/index.php\/2022\/06\/29\/obnavlja-se-most-50-godina-stariji-od-starog\/","title":{"rendered":"Obnavlja se most 50 godina stariji od Starog"},"content":{"rendered":"\n<p>Da most na Bregavi nije djelo bez korijena, svjedo\u010de tvrdnje da je bio inspiracija \u010duvenom mimaru &#8211; graditelju Hajrudinu kao prototip mostarskom Starom mostu. <\/p>\n\n\n\n<p>Most na Bregavi po svom graditelju Mustafa-begu ponovno dobiva kamenu ogradu. Time se jednom od najstarijih mostova u BiH uop\u0107e vra\u0107a nekada\u0161nji sjaj. <\/p>\n\n\n\n<p>Da most na Bregavi nije djelo bez korijena, svjedo\u010de tvrdnje da je bio inspiracija \u010duvenom mimaru &#8211; graditelju Hajrudinu kao prototip mostarskom Starom mostu. Sagra\u0111en je 50-ak godina prije mostarskog &#8211; 1517., pi\u0161e Ve\u010dernji list. <\/p>\n\n\n\n<p>Restauratorski radovi Op\u0107ina \u010capljina 2017. pokrenula je projekt \u017eurnih konzervatorsko-restauratorskih radova. Iz konstrukcije mosta uklonjena su stabla smokve, o\u010di\u0161\u0107en je okoli\u0161 i zavr\u0161eno prije rata zapo\u010deto poplo\u010davanje mosta. &#8221;Trenuta\u010dno postavljamo kamenu ogradu preko mosta i \u010distimo prostor oko mosta i korita rijeke.<\/p>\n\n\n\n<p>Posao je slo\u017een, kamene blokove povezujemo \u017eeljeznim klamfama, a plo\u010de \u0107emo vezati taljenim olovom. Jako su te\u0161ki kameni blokovi, 500-550 kilograma, gradnja je zahtjevna i slo\u017eena&#8221;, kazao je za Ve\u010dernji list majstor Ahmet Kara\u010di\u0107, zaposlenik tvrtke &#8221;neimar&#8221; iz Sarajeva koja obnavlja most na Bregavi.<\/p>\n\n\n\n<figure class=\"wp-block-image size-large\"><img loading=\"lazy\" decoding=\"async\" width=\"800\" height=\"550\" src=\"https:\/\/radioljubuski.ba\/wp-content\/uploads\/2022\/06\/most3.jpg\" alt=\"\" class=\"wp-image-154619\" srcset=\"https:\/\/radioljubuski.ba\/wp-content\/uploads\/2022\/06\/most3.jpg 800w, https:\/\/radioljubuski.ba\/wp-content\/uploads\/2022\/06\/most3-300x206.jpg 300w, https:\/\/radioljubuski.ba\/wp-content\/uploads\/2022\/06\/most3-768x528.jpg 768w, https:\/\/radioljubuski.ba\/wp-content\/uploads\/2022\/06\/most3-18x12.jpg 18w\" sizes=\"auto, (max-width: 800px) 100vw, 800px\" \/><\/figure>\n\n\n\n<p>S obzirom na to da se radi o tonama materijala, postavlja se pitanje mo\u017ee li to konstrukcija mosta izdr\u017eati. Ahmet tvrdi da mo\u017ee &#8211; &#8221;Teren je pregledan, a konstrukcija ispitana. Na osnovi nekoliko plo\u010da koje se vide u vodi radili smo uzorke i pravili nove kamen blokove&#8221;. <\/p>\n\n\n\n<figure class=\"wp-block-image size-large\"><img loading=\"lazy\" decoding=\"async\" width=\"800\" height=\"550\" src=\"https:\/\/radioljubuski.ba\/wp-content\/uploads\/2022\/06\/most2.jpg\" alt=\"\" class=\"wp-image-154620\" srcset=\"https:\/\/radioljubuski.ba\/wp-content\/uploads\/2022\/06\/most2.jpg 800w, https:\/\/radioljubuski.ba\/wp-content\/uploads\/2022\/06\/most2-300x206.jpg 300w, https:\/\/radioljubuski.ba\/wp-content\/uploads\/2022\/06\/most2-768x528.jpg 768w, https:\/\/radioljubuski.ba\/wp-content\/uploads\/2022\/06\/most2-18x12.jpg 18w\" sizes=\"auto, (max-width: 800px) 100vw, 800px\" \/><\/figure>\n\n\n\n<p>&#8221;Kamen je &#8216;\u0161tokan&#8217;, najprije obra\u0111en u radionici, sada ga montiramo. S vremenom \u0107e ovaj, sada bijeli kamen, uhvatiti patina i po boji \u0107e se ujedna\u010diti s nosivim dijelom konstrukcije&#8221;, poja\u0161njava Ahmet te dodaje da se dio plo\u010da koje se nalaze u vodi ipak ne\u0107e ugra\u0111ivati u konstrukciju. <\/p>\n\n\n\n<p>&#8221;One su uslijed pada sigurno o\u0161te\u0107ene pa bi bio rizik sada ponovno ugra\u0111ivati&#8221;, kazao je Kara\u010di\u0107, te dodao kako se ne smije ponovno dopustiti nikakvo raslinje, posebice smokva, koja jednostavno izbacuje kamen iz konstrukcije. Kako pi\u0161e Ve\u010dernji listi, tvrtka bi posao trebala zavr\u0161iti do po\u010detka srpnja, no kako tvrde, oko mosta treba jo\u0161 dosta toga urediti. <\/p>\n\n\n\n<figure class=\"wp-block-image size-large\"><img loading=\"lazy\" decoding=\"async\" width=\"800\" height=\"550\" src=\"https:\/\/radioljubuski.ba\/wp-content\/uploads\/2022\/06\/most.jpg\" alt=\"\" class=\"wp-image-154621\" srcset=\"https:\/\/radioljubuski.ba\/wp-content\/uploads\/2022\/06\/most.jpg 800w, https:\/\/radioljubuski.ba\/wp-content\/uploads\/2022\/06\/most-300x206.jpg 300w, https:\/\/radioljubuski.ba\/wp-content\/uploads\/2022\/06\/most-768x528.jpg 768w, https:\/\/radioljubuski.ba\/wp-content\/uploads\/2022\/06\/most-18x12.jpg 18w\" sizes=\"auto, (max-width: 800px) 100vw, 800px\" \/><\/figure>\n\n\n\n<p>Ina\u010de, kao i austrougarske secesijske gra\u0111evine, srednjovjekovne tvr\u0111ave poput kule hercega Stjepana i most na Bregavi djelo je ovda\u0161njih ljudi. Most je dao sagraditi Mustafa-beg, ali je manje-vi\u0161e jasno da su klesari i radna snaga bili Hercegovci i mogu\u0107e Dubrov\u010dani iz tog razdoblja na\u0161e povijesti. Postavlja se konstrukcija Zanimljivo, u ljeto 2022. ukradena je golema kamena plo\u010da koja je bila dio biv\u0161eg korkaluka &#8211; kamene ograde mosta. <\/p>\n\n\n\n<p>U me\u0111uvremenu iz Ve\u010dernjaka su od nadle\u017enih u Gradskom poglavarstvu \u010capljine prije godinu dana doznali da je plo\u010da na\u0111ena na mjestu gdje je bila, umotana u papir i najlon.<\/p>\n\n\n\n<figure class=\"wp-block-image size-large\"><img loading=\"lazy\" decoding=\"async\" width=\"800\" height=\"550\" src=\"https:\/\/radioljubuski.ba\/wp-content\/uploads\/2022\/06\/most1.jpg\" alt=\"\" class=\"wp-image-154622\" srcset=\"https:\/\/radioljubuski.ba\/wp-content\/uploads\/2022\/06\/most1.jpg 800w, https:\/\/radioljubuski.ba\/wp-content\/uploads\/2022\/06\/most1-300x206.jpg 300w, https:\/\/radioljubuski.ba\/wp-content\/uploads\/2022\/06\/most1-768x528.jpg 768w, https:\/\/radioljubuski.ba\/wp-content\/uploads\/2022\/06\/most1-18x12.jpg 18w\" sizes=\"auto, (max-width: 800px) 100vw, 800px\" \/><\/figure>\n\n\n\n<p>Upravo po toj plo\u010di stru\u010dnjaci tvrtke &#8221;Neimar&#8221; radili su konstrukciju koja se ovih dana postavlja. <\/p>\n\n\n\n<p>Izvor:<a href=\"https:\/\/bljesak.info\/gospodarstvo\/ulaganja\/obnavlja-se-most-50-godina-stariji-od-starog\/386974\">Bljesak.info<\/a><\/p>\n","protected":false},"excerpt":{"rendered":"<p>Da most na Bregavi nije djelo bez korijena, svjedo\u010de tvrdnje da je bio inspiracija \u010duvenom mimaru &#8211; graditelju Hajrudinu kao prototip mostarskom Starom mostu. Most na Bregavi po svom graditelju Mustafa-begu ponovno dobiva kamenu ogradu. Time se jednom od najstarijih mostova u BiH uop\u0107e vra\u0107a nekada\u0161nji sjaj. Da most na Bregavi nije djelo bez korijena, [&hellip;]<\/p>\n","protected":false},"author":2,"featured_media":154624,"comment_status":"closed","ping_status":"closed","sticky":false,"template":"","format":"standard","meta":{"h5ap_radio_sources":[],"footnotes":""},"categories":[1],"tags":[],"class_list":["post-154618","post","type-post","status-publish","format-standard","has-post-thumbnail","hentry","category-bihiregija"],"yoast_head":"<!-- This site is optimized with the Yoast SEO plugin v27.5 - https:\/\/yoast.com\/product\/yoast-seo-wordpress\/ -->\n<title>Obnavlja se most 50 godina stariji od Starog - RADIO LJUBU\u0160KI<\/title>\n<meta name=\"robots\" content=\"index, follow, max-snippet:-1, max-image-preview:large, max-video-preview:-1\" \/>\n<link rel=\"canonical\" href=\"https:\/\/radioljubuski.ba\/index.php\/2022\/06\/29\/obnavlja-se-most-50-godina-stariji-od-starog\/\" \/>\n<meta property=\"og:locale\" content=\"hr_HR\" \/>\n<meta property=\"og:type\" content=\"article\" \/>\n<meta property=\"og:title\" content=\"Obnavlja se most 50 godina stariji od Starog - RADIO LJUBU\u0160KI\" \/>\n<meta property=\"og:description\" content=\"Da most na Bregavi nije djelo bez korijena, svjedo\u010de tvrdnje da je bio inspiracija \u010duvenom mimaru &#8211; graditelju Hajrudinu kao prototip mostarskom Starom mostu. Most na Bregavi po svom graditelju Mustafa-begu ponovno dobiva kamenu ogradu. Time se jednom od najstarijih mostova u BiH uop\u0107e vra\u0107a nekada\u0161nji sjaj. Da most na Bregavi nije djelo bez korijena, [&hellip;]\" \/>\n<meta property=\"og:url\" content=\"https:\/\/radioljubuski.ba\/index.php\/2022\/06\/29\/obnavlja-se-most-50-godina-stariji-od-starog\/\" \/>\n<meta property=\"og:site_name\" content=\"RADIO LJUBU\u0160KI\" \/>\n<meta property=\"article:publisher\" content=\"https:\/\/www.facebook.com\/Radiio-Ljubuski-1490835324566332\" \/>\n<meta property=\"article:published_time\" content=\"2022-06-29T09:22:54+00:00\" \/>\n<meta property=\"article:modified_time\" content=\"2022-06-29T09:22:56+00:00\" \/>\n<meta property=\"og:image\" content=\"https:\/\/radioljubuski.ba\/wp-content\/uploads\/2022\/06\/most4-1.jpg\" \/>\n\t<meta property=\"og:image:width\" content=\"800\" \/>\n\t<meta property=\"og:image:height\" content=\"550\" \/>\n\t<meta property=\"og:image:type\" content=\"image\/jpeg\" \/>\n<meta name=\"author\" content=\"Radio Ljubu\u0161ki\" \/>\n<meta name=\"twitter:card\" content=\"summary_large_image\" \/>\n<meta name=\"twitter:creator\" content=\"@radioljubuski\" \/>\n<meta name=\"twitter:site\" content=\"@radioljubuski\" \/>\n<meta name=\"twitter:label1\" content=\"Napisao\/la\" \/>\n\t<meta name=\"twitter:data1\" content=\"Radio Ljubu\u0161ki\" \/>\n\t<meta name=\"twitter:label2\" content=\"Procijenjeno vrijeme \u010ditanja\" \/>\n\t<meta name=\"twitter:data2\" content=\"3 minute\" \/>\n<script type=\"application\/ld+json\" class=\"yoast-schema-graph\">{\"@context\":\"https:\\\/\\\/schema.org\",\"@graph\":[{\"@type\":\"Article\",\"@id\":\"https:\\\/\\\/radioljubuski.ba\\\/index.php\\\/2022\\\/06\\\/29\\\/obnavlja-se-most-50-godina-stariji-od-starog\\\/#article\",\"isPartOf\":{\"@id\":\"https:\\\/\\\/radioljubuski.ba\\\/index.php\\\/2022\\\/06\\\/29\\\/obnavlja-se-most-50-godina-stariji-od-starog\\\/\"},\"author\":{\"name\":\"Radio Ljubu\u0161ki\",\"@id\":\"https:\\\/\\\/radioljubuski.ba\\\/#\\\/schema\\\/person\\\/19fc700381a780f69665d7956c469e3b\"},\"headline\":\"Obnavlja se most 50 godina stariji od Starog\",\"datePublished\":\"2022-06-29T09:22:54+00:00\",\"dateModified\":\"2022-06-29T09:22:56+00:00\",\"mainEntityOfPage\":{\"@id\":\"https:\\\/\\\/radioljubuski.ba\\\/index.php\\\/2022\\\/06\\\/29\\\/obnavlja-se-most-50-godina-stariji-od-starog\\\/\"},\"wordCount\":492,\"publisher\":{\"@id\":\"https:\\\/\\\/radioljubuski.ba\\\/#organization\"},\"image\":{\"@id\":\"https:\\\/\\\/radioljubuski.ba\\\/index.php\\\/2022\\\/06\\\/29\\\/obnavlja-se-most-50-godina-stariji-od-starog\\\/#primaryimage\"},\"thumbnailUrl\":\"https:\\\/\\\/radioljubuski.ba\\\/wp-content\\\/uploads\\\/2022\\\/06\\\/most4-1.jpg\",\"articleSection\":[\"BIH i regija\"],\"inLanguage\":\"hr\"},{\"@type\":\"WebPage\",\"@id\":\"https:\\\/\\\/radioljubuski.ba\\\/index.php\\\/2022\\\/06\\\/29\\\/obnavlja-se-most-50-godina-stariji-od-starog\\\/\",\"url\":\"https:\\\/\\\/radioljubuski.ba\\\/index.php\\\/2022\\\/06\\\/29\\\/obnavlja-se-most-50-godina-stariji-od-starog\\\/\",\"name\":\"Obnavlja se most 50 godina stariji od Starog - RADIO LJUBU\u0160KI\",\"isPartOf\":{\"@id\":\"https:\\\/\\\/radioljubuski.ba\\\/#website\"},\"primaryImageOfPage\":{\"@id\":\"https:\\\/\\\/radioljubuski.ba\\\/index.php\\\/2022\\\/06\\\/29\\\/obnavlja-se-most-50-godina-stariji-od-starog\\\/#primaryimage\"},\"image\":{\"@id\":\"https:\\\/\\\/radioljubuski.ba\\\/index.php\\\/2022\\\/06\\\/29\\\/obnavlja-se-most-50-godina-stariji-od-starog\\\/#primaryimage\"},\"thumbnailUrl\":\"https:\\\/\\\/radioljubuski.ba\\\/wp-content\\\/uploads\\\/2022\\\/06\\\/most4-1.jpg\",\"datePublished\":\"2022-06-29T09:22:54+00:00\",\"dateModified\":\"2022-06-29T09:22:56+00:00\",\"breadcrumb\":{\"@id\":\"https:\\\/\\\/radioljubuski.ba\\\/index.php\\\/2022\\\/06\\\/29\\\/obnavlja-se-most-50-godina-stariji-od-starog\\\/#breadcrumb\"},\"inLanguage\":\"hr\",\"potentialAction\":[{\"@type\":\"ReadAction\",\"target\":[\"https:\\\/\\\/radioljubuski.ba\\\/index.php\\\/2022\\\/06\\\/29\\\/obnavlja-se-most-50-godina-stariji-od-starog\\\/\"]}]},{\"@type\":\"ImageObject\",\"inLanguage\":\"hr\",\"@id\":\"https:\\\/\\\/radioljubuski.ba\\\/index.php\\\/2022\\\/06\\\/29\\\/obnavlja-se-most-50-godina-stariji-od-starog\\\/#primaryimage\",\"url\":\"https:\\\/\\\/radioljubuski.ba\\\/wp-content\\\/uploads\\\/2022\\\/06\\\/most4-1.jpg\",\"contentUrl\":\"https:\\\/\\\/radioljubuski.ba\\\/wp-content\\\/uploads\\\/2022\\\/06\\\/most4-1.jpg\",\"width\":800,\"height\":550},{\"@type\":\"BreadcrumbList\",\"@id\":\"https:\\\/\\\/radioljubuski.ba\\\/index.php\\\/2022\\\/06\\\/29\\\/obnavlja-se-most-50-godina-stariji-od-starog\\\/#breadcrumb\",\"itemListElement\":[{\"@type\":\"ListItem\",\"position\":1,\"name\":\"Po\u010detna stranica\",\"item\":\"https:\\\/\\\/radioljubuski.ba\\\/\"},{\"@type\":\"ListItem\",\"position\":2,\"name\":\"Obnavlja se most 50 godina stariji od Starog\"}]},{\"@type\":\"WebSite\",\"@id\":\"https:\\\/\\\/radioljubuski.ba\\\/#website\",\"url\":\"https:\\\/\\\/radioljubuski.ba\\\/\",\"name\":\"Radio Ljubu\u0161ki\",\"description\":\"Sun\u010dana frekvencija Hercegovine\",\"publisher\":{\"@id\":\"https:\\\/\\\/radioljubuski.ba\\\/#organization\"},\"potentialAction\":[{\"@type\":\"SearchAction\",\"target\":{\"@type\":\"EntryPoint\",\"urlTemplate\":\"https:\\\/\\\/radioljubuski.ba\\\/?s={search_term_string}\"},\"query-input\":{\"@type\":\"PropertyValueSpecification\",\"valueRequired\":true,\"valueName\":\"search_term_string\"}}],\"inLanguage\":\"hr\"},{\"@type\":\"Organization\",\"@id\":\"https:\\\/\\\/radioljubuski.ba\\\/#organization\",\"name\":\"Radio Ljubu\u0161ki\",\"url\":\"https:\\\/\\\/radioljubuski.ba\\\/\",\"logo\":{\"@type\":\"ImageObject\",\"inLanguage\":\"hr\",\"@id\":\"https:\\\/\\\/radioljubuski.ba\\\/#\\\/schema\\\/logo\\\/image\\\/\",\"url\":\"https:\\\/\\\/radioljubuski.ba\\\/wp-content\\\/uploads\\\/2021\\\/02\\\/cropped-Radio_Ljubuski_logo1.jpg\",\"contentUrl\":\"https:\\\/\\\/radioljubuski.ba\\\/wp-content\\\/uploads\\\/2021\\\/02\\\/cropped-Radio_Ljubuski_logo1.jpg\",\"width\":512,\"height\":512,\"caption\":\"Radio Ljubu\u0161ki\"},\"image\":{\"@id\":\"https:\\\/\\\/radioljubuski.ba\\\/#\\\/schema\\\/logo\\\/image\\\/\"},\"sameAs\":[\"https:\\\/\\\/www.facebook.com\\\/Radiio-Ljubuski-1490835324566332\",\"https:\\\/\\\/x.com\\\/radioljubuski\",\"https:\\\/\\\/hr.linkedin.com\\\/company\\\/radio-ljubuski\",\"https:\\\/\\\/www.youtube.com\\\/channel\\\/UCHYaeO_n0Db3tjNGudGpXyw\"]},{\"@type\":\"Person\",\"@id\":\"https:\\\/\\\/radioljubuski.ba\\\/#\\\/schema\\\/person\\\/19fc700381a780f69665d7956c469e3b\",\"name\":\"Radio Ljubu\u0161ki\"}]}<\/script>\n<!-- \/ Yoast SEO plugin. -->","yoast_head_json":{"title":"Obnavlja se most 50 godina stariji od Starog - RADIO LJUBU\u0160KI","robots":{"index":"index","follow":"follow","max-snippet":"max-snippet:-1","max-image-preview":"max-image-preview:large","max-video-preview":"max-video-preview:-1"},"canonical":"https:\/\/radioljubuski.ba\/index.php\/2022\/06\/29\/obnavlja-se-most-50-godina-stariji-od-starog\/","og_locale":"hr_HR","og_type":"article","og_title":"Obnavlja se most 50 godina stariji od Starog - RADIO LJUBU\u0160KI","og_description":"Da most na Bregavi nije djelo bez korijena, svjedo\u010de tvrdnje da je bio inspiracija \u010duvenom mimaru &#8211; graditelju Hajrudinu kao prototip mostarskom Starom mostu. Most na Bregavi po svom graditelju Mustafa-begu ponovno dobiva kamenu ogradu. Time se jednom od najstarijih mostova u BiH uop\u0107e vra\u0107a nekada\u0161nji sjaj. Da most na Bregavi nije djelo bez korijena, [&hellip;]","og_url":"https:\/\/radioljubuski.ba\/index.php\/2022\/06\/29\/obnavlja-se-most-50-godina-stariji-od-starog\/","og_site_name":"RADIO LJUBU\u0160KI","article_publisher":"https:\/\/www.facebook.com\/Radiio-Ljubuski-1490835324566332","article_published_time":"2022-06-29T09:22:54+00:00","article_modified_time":"2022-06-29T09:22:56+00:00","og_image":[{"width":800,"height":550,"url":"https:\/\/radioljubuski.ba\/wp-content\/uploads\/2022\/06\/most4-1.jpg","type":"image\/jpeg"}],"author":"Radio Ljubu\u0161ki","twitter_card":"summary_large_image","twitter_creator":"@radioljubuski","twitter_site":"@radioljubuski","twitter_misc":{"Napisao\/la":"Radio Ljubu\u0161ki","Procijenjeno vrijeme \u010ditanja":"3 minute"},"schema":{"@context":"https:\/\/schema.org","@graph":[{"@type":"Article","@id":"https:\/\/radioljubuski.ba\/index.php\/2022\/06\/29\/obnavlja-se-most-50-godina-stariji-od-starog\/#article","isPartOf":{"@id":"https:\/\/radioljubuski.ba\/index.php\/2022\/06\/29\/obnavlja-se-most-50-godina-stariji-od-starog\/"},"author":{"name":"Radio Ljubu\u0161ki","@id":"https:\/\/radioljubuski.ba\/#\/schema\/person\/19fc700381a780f69665d7956c469e3b"},"headline":"Obnavlja se most 50 godina stariji od Starog","datePublished":"2022-06-29T09:22:54+00:00","dateModified":"2022-06-29T09:22:56+00:00","mainEntityOfPage":{"@id":"https:\/\/radioljubuski.ba\/index.php\/2022\/06\/29\/obnavlja-se-most-50-godina-stariji-od-starog\/"},"wordCount":492,"publisher":{"@id":"https:\/\/radioljubuski.ba\/#organization"},"image":{"@id":"https:\/\/radioljubuski.ba\/index.php\/2022\/06\/29\/obnavlja-se-most-50-godina-stariji-od-starog\/#primaryimage"},"thumbnailUrl":"https:\/\/radioljubuski.ba\/wp-content\/uploads\/2022\/06\/most4-1.jpg","articleSection":["BIH i regija"],"inLanguage":"hr"},{"@type":"WebPage","@id":"https:\/\/radioljubuski.ba\/index.php\/2022\/06\/29\/obnavlja-se-most-50-godina-stariji-od-starog\/","url":"https:\/\/radioljubuski.ba\/index.php\/2022\/06\/29\/obnavlja-se-most-50-godina-stariji-od-starog\/","name":"Obnavlja se most 50 godina stariji od Starog - RADIO LJUBU\u0160KI","isPartOf":{"@id":"https:\/\/radioljubuski.ba\/#website"},"primaryImageOfPage":{"@id":"https:\/\/radioljubuski.ba\/index.php\/2022\/06\/29\/obnavlja-se-most-50-godina-stariji-od-starog\/#primaryimage"},"image":{"@id":"https:\/\/radioljubuski.ba\/index.php\/2022\/06\/29\/obnavlja-se-most-50-godina-stariji-od-starog\/#primaryimage"},"thumbnailUrl":"https:\/\/radioljubuski.ba\/wp-content\/uploads\/2022\/06\/most4-1.jpg","datePublished":"2022-06-29T09:22:54+00:00","dateModified":"2022-06-29T09:22:56+00:00","breadcrumb":{"@id":"https:\/\/radioljubuski.ba\/index.php\/2022\/06\/29\/obnavlja-se-most-50-godina-stariji-od-starog\/#breadcrumb"},"inLanguage":"hr","potentialAction":[{"@type":"ReadAction","target":["https:\/\/radioljubuski.ba\/index.php\/2022\/06\/29\/obnavlja-se-most-50-godina-stariji-od-starog\/"]}]},{"@type":"ImageObject","inLanguage":"hr","@id":"https:\/\/radioljubuski.ba\/index.php\/2022\/06\/29\/obnavlja-se-most-50-godina-stariji-od-starog\/#primaryimage","url":"https:\/\/radioljubuski.ba\/wp-content\/uploads\/2022\/06\/most4-1.jpg","contentUrl":"https:\/\/radioljubuski.ba\/wp-content\/uploads\/2022\/06\/most4-1.jpg","width":800,"height":550},{"@type":"BreadcrumbList","@id":"https:\/\/radioljubuski.ba\/index.php\/2022\/06\/29\/obnavlja-se-most-50-godina-stariji-od-starog\/#breadcrumb","itemListElement":[{"@type":"ListItem","position":1,"name":"Po\u010detna stranica","item":"https:\/\/radioljubuski.ba\/"},{"@type":"ListItem","position":2,"name":"Obnavlja se most 50 godina stariji od Starog"}]},{"@type":"WebSite","@id":"https:\/\/radioljubuski.ba\/#website","url":"https:\/\/radioljubuski.ba\/","name":"Radio Ljubu\u0161ki","description":"Sun\u010dana frekvencija Hercegovine","publisher":{"@id":"https:\/\/radioljubuski.ba\/#organization"},"potentialAction":[{"@type":"SearchAction","target":{"@type":"EntryPoint","urlTemplate":"https:\/\/radioljubuski.ba\/?s={search_term_string}"},"query-input":{"@type":"PropertyValueSpecification","valueRequired":true,"valueName":"search_term_string"}}],"inLanguage":"hr"},{"@type":"Organization","@id":"https:\/\/radioljubuski.ba\/#organization","name":"Radio Ljubu\u0161ki","url":"https:\/\/radioljubuski.ba\/","logo":{"@type":"ImageObject","inLanguage":"hr","@id":"https:\/\/radioljubuski.ba\/#\/schema\/logo\/image\/","url":"https:\/\/radioljubuski.ba\/wp-content\/uploads\/2021\/02\/cropped-Radio_Ljubuski_logo1.jpg","contentUrl":"https:\/\/radioljubuski.ba\/wp-content\/uploads\/2021\/02\/cropped-Radio_Ljubuski_logo1.jpg","width":512,"height":512,"caption":"Radio Ljubu\u0161ki"},"image":{"@id":"https:\/\/radioljubuski.ba\/#\/schema\/logo\/image\/"},"sameAs":["https:\/\/www.facebook.com\/Radiio-Ljubuski-1490835324566332","https:\/\/x.com\/radioljubuski","https:\/\/hr.linkedin.com\/company\/radio-ljubuski","https:\/\/www.youtube.com\/channel\/UCHYaeO_n0Db3tjNGudGpXyw"]},{"@type":"Person","@id":"https:\/\/radioljubuski.ba\/#\/schema\/person\/19fc700381a780f69665d7956c469e3b","name":"Radio Ljubu\u0161ki"}]}},"_links":{"self":[{"href":"https:\/\/radioljubuski.ba\/index.php\/wp-json\/wp\/v2\/posts\/154618","targetHints":{"allow":["GET"]}}],"collection":[{"href":"https:\/\/radioljubuski.ba\/index.php\/wp-json\/wp\/v2\/posts"}],"about":[{"href":"https:\/\/radioljubuski.ba\/index.php\/wp-json\/wp\/v2\/types\/post"}],"author":[{"embeddable":true,"href":"https:\/\/radioljubuski.ba\/index.php\/wp-json\/wp\/v2\/users\/2"}],"replies":[{"embeddable":true,"href":"https:\/\/radioljubuski.ba\/index.php\/wp-json\/wp\/v2\/comments?post=154618"}],"version-history":[{"count":1,"href":"https:\/\/radioljubuski.ba\/index.php\/wp-json\/wp\/v2\/posts\/154618\/revisions"}],"predecessor-version":[{"id":154625,"href":"https:\/\/radioljubuski.ba\/index.php\/wp-json\/wp\/v2\/posts\/154618\/revisions\/154625"}],"wp:featuredmedia":[{"embeddable":true,"href":"https:\/\/radioljubuski.ba\/index.php\/wp-json\/wp\/v2\/media\/154624"}],"wp:attachment":[{"href":"https:\/\/radioljubuski.ba\/index.php\/wp-json\/wp\/v2\/media?parent=154618"}],"wp:term":[{"taxonomy":"category","embeddable":true,"href":"https:\/\/radioljubuski.ba\/index.php\/wp-json\/wp\/v2\/categories?post=154618"},{"taxonomy":"post_tag","embeddable":true,"href":"https:\/\/radioljubuski.ba\/index.php\/wp-json\/wp\/v2\/tags?post=154618"}],"curies":[{"name":"wp","href":"https:\/\/api.w.org\/{rel}","templated":true}]}}