{"id":15463,"date":"2021-04-22T22:22:21","date_gmt":"2021-04-22T21:22:21","guid":{"rendered":"https:\/\/radioljubuski.ba\/?p=15463"},"modified":"2021-04-22T22:22:21","modified_gmt":"2021-04-22T21:22:21","slug":"svecani-start-najveceg-automobilistickog-spektakla-u-hrvatskoj","status":"publish","type":"post","link":"https:\/\/radioljubuski.ba\/index.php\/2021\/04\/22\/svecani-start-najveceg-automobilistickog-spektakla-u-hrvatskoj\/","title":{"rendered":"Sve\u010dani start najve\u0107eg automobilisti\u010dkog spektakla u Hrvatskoj"},"content":{"rendered":"\n<p><strong>Uz spektakularnu scenografiju koju pru\u017eaju Nacionalna sveu\u010dili\u0161na knji\u017enica i zagreba\u010dke fontane te uz pridr\u017eavanje protuepidemijskih mjera u Zagrebu je u \u010detvrtak odr\u017ean ceremonijalni start WRC Croatia Rallyja, najve\u0107eg i najzna\u010dajnijeg automobilisti\u010dkog natjecanja ikad odr\u017eanog na tlu Hrvatske.<\/strong><\/p>\n\n\n\n<p>Na tre\u0107oj postaji Svjetskog prvenstva ukupno \u0107e nastupiti 68 posada, me\u0111u kojima je \u0161est hrvatskih predstavnika. Posade su na Medvednici odradile i posljednji trening koji im je poslu\u017eio za fino pode\u0161avanje automobila. Najbr\u017ei je bio Britanac&nbsp;<strong>Evans&nbsp;<\/strong>u Toyoti, a iza njega bili su Belgijac&nbsp;<strong>Neuville&nbsp;<\/strong>te Finac&nbsp;<strong>Rovanper\u00e4<\/strong>, koji je trenuta\u010dno vode\u0107i u Svjetskom prvenstvu.<\/p>\n\n\n\n<p>&#8211; Na\u0161 hod je bio duga\u010dak, izmjenjivali su se osje\u0107aji euforije i poraza, ali eto nas &#8211; tu smo. Uspjeli smo unato\u010d brojnim pote\u0161ko\u0107ama. Nitko ne mo\u017ee sam, samo uz pomo\u0107 ozbiljnih ljudi se posti\u017ee cilj i tako pobje\u0111uje, ne samo materijalne probleme nego i pesimizam onih koji se ne drznu sanjati, poru\u010dio je<strong>\u00a0Daniel \u0160a\u0161kin<\/strong>, predsjednik Organizacijskog odbora WRC Croatia Rallyja.<\/p>\n\n\n\n<iframe loading=\"lazy\" src=\"https:\/\/www.facebook.com\/plugins\/video.php?height=476&#038;href=https%3A%2F%2Fwww.facebook.com%2FHRTsport%2Fvideos%2F1632311243635075%2F&#038;show_text=false&#038;width=476\" width=\"476\" height=\"476\" style=\"border:none;overflow:hidden\" scrolling=\"no\" frameborder=\"0\" allowfullscreen=\"true\" allow=\"autoplay; clipboard-write; encrypted-media; picture-in-picture; web-share\" allowFullScreen=\"true\"><\/iframe>\n\n\n\n<p>Natjecanje najboljih voza\u010da relija svijeta, koji \u0107e u tri dana na 20 brzinskih ispita pro\u0107i 300 km po lokalnim cestama Zagreba\u010dke, Karlova\u010dke i Krapinsko-zagorske \u017eupanije te Grada Zagreba, vrhunac je obilje\u017eavanja 115 godina od osnutka prvog automobilisti\u010dkog kluba u Hrvatskoj.<br><br>Ve\u0107 prema tradiciji, svakom automobilu koji se pojavio na startnoj rampi, sve\u010dano je ozna\u010den start podizanjem nacionalne zastave, hrvatske trobojnice.<\/p>\n\n\n\n<figure class=\"wp-block-image\"><img decoding=\"async\" src=\"https:\/\/api.hrt.hr\/media\/5f\/57\/740x438-pxl-220421-32620510-20210422205847.jpg\" alt=\"\"\/><\/figure>\n\n\n\n<p><br><br>Me\u0111u prvima se na startnoj rampi pojavilo i \u0161est hrvatskih posada koje \u0107e se natjecati na ovom reliju, a za \u010dijim \u0107e upravlja\u010dima sjediti\u00a0<strong>Viliam Prodan, Martin Raven\u0161\u010dak, Kre\u0161imir Raven\u0161\u010dak, Ivica Siladi\u0107, Mateo Butorac\u00a0<\/strong>i\u00a0<strong>\u017deljko Magli\u010di\u0107<\/strong>.<\/p>\n\n\n\n<figure class=\"wp-block-image\"><img decoding=\"async\" src=\"https:\/\/api.hrt.hr\/media\/ec\/f8\/740x438-pxl-220421-32620461-20210422205742.jpg\" alt=\"\"\/><\/figure>\n\n\n\n<p>Viliam Prodan sa suvoza\u010dem&nbsp;<strong>Zoranom Ra\u0161tegorcem<\/strong>&nbsp;ve\u0107 je imao iskustvo nastupa na WRC natjecanju u Monte Carlu, ali vo\u017enja hrvatskim cestama bit \u0107e i za njega ne\u0161to posebno.<br><br>&#8211; Monte Carlo je najte\u017ei reli na svijetu, nadamo se da \u0107e hrvatski biti lak\u0161i. Mi se borimo s najboljim juniorima svijeta. \u0160togod napravili, dobro smo napravili. Poznavanje terena je na\u0161a mala prednost, ali sve ostalo je na njihovoj strani, najavio je svoj nastup Viliam Prodan i sa startne rampe poru\u010dio: &#8211; Spektakl je do\u0161ao u Hrvatsku, hajdemo svi skupa u\u017eivati u njemu!<br><br>Kad se nad Zagreb ve\u0107 po\u010dela spu\u0161tati ve\u010der, na red za predstavljanje do\u0161le su i one najbolje svjetske posade, a me\u0111u posljednjima se na startnu rampu sa svojom Toyotom popeo aktualni i sedmerostruki svjetski prvak Francuz&nbsp;<strong>Sebastien Ogier<\/strong>.<br><br>&#8211; Svi smo uzbu\u0111eni \u0161to smo ovdje, veliki je izazov pred nama s puno ispita. Svi sastojci su tu za dobar \u0161ou i zanimljivu utrku. O\u010dekujemo zahtjevne uvjete u petak ujutro, zbog mogu\u0107e ki\u0161e. No, do\u0161li smo boriti se za pobjedu, poru\u010dio je jedan od najve\u0107ih reli voza\u010da svih vremena koji u svojoj kolekciji ima 50 pobjeda u WRC-u.<\/p>\n\n\n\n<p>Ogierov niz od \u0161est uzastopnih naslova svjetskog prvaka 2019. je prekinuo Estonac&nbsp;<strong>Ott Tanak<\/strong>, koji \u0107e u Hyundaiju poku\u0161ati do\u0107i do druge pobjede u ovoj sezoni, nakon \u0161to je slavio na Arkti\u010dkom reliju u Finskoj, a uo\u010di starta je opisao ono \u0161to je vidio na pregledu trase.<br><br>&#8211; Ovaj je dosta razli\u010dit reli s lijepim stazama. Priroda je doista lijepa i bit \u0107e vrlo zahtjevno za voza\u010de.<br><br>Ispred dvojice ovosezonskih pobjednika, Ogiera i Tanaka, u ukupnom redoslijedu se, pomalo i iznena\u0111uju\u0107e, nalazi mladi Finac&nbsp;<strong>Kalle Rovanper\u00e4<\/strong>.<br><br>&#8211; Osje\u0107am se jako dobro i lijepo je ponovno biti za upravlja\u010dem. Novi reliji su uvijek zanimljivi i intrigantni. Pomije\u0161ani su mi osje\u0107aji, ali bit \u0107e to jo\u0161 jedan dobar vikend za u\u010denje. Treba voziti s osje\u0107ajem, ali i biti brz u po\u010detku. Vidjet \u0107emo \u0161to mo\u017eemo u\u010diniti, poru\u010dio je 20-godi\u0161nji finski voza\u010d kojem svi stru\u010dnjaci prori\u010du sjajnu budu\u0107nost.<br><br>Osim zaljubljenika u reli, koji su do\u0161li pozdraviti najbolje svjetske voza\u010de koji su u obrnutom redu prema startnim brojevima dolazili na startnu rampu, sve\u010danom startu nazo\u010dila je i nekolicina uzvanika, koji su u protokolarnom dijelu pozdravili natjecatelje i po\u017eeljeli im uspje\u0161ne nastupe i ugodan boravak u Hrvatskoj.<br><br>Croatia Rally \u0107e u petak ujutro, u 8.39 sati, krenuti iz mjesta Rude u okolici Samobora, a prvi brzinski ispit du\u017eine 6,94 km \u0107e voza\u010de voditi po obroncima Samoborskog gorja do Ple\u0161ivice. U prijepodnevnom dijelu programa na rasporedu su \u010detiri brzinska ispita te jo\u0161 \u010detiri u poslijepodnevnom dijelu, kad \u0107e voza\u010di po drugi put pro\u0107i istim cestama. Prvog dana relija pred voza\u010dima je ukupno 99,82 km koje \u0107e pro\u0107i na osam brzinaca.<\/p>\n\n\n\n<p>Izvor:hrt.hr<\/p>\n","protected":false},"excerpt":{"rendered":"<p>Uz spektakularnu scenografiju koju pru\u017eaju Nacionalna sveu\u010dili\u0161na knji\u017enica i zagreba\u010dke fontane te uz pridr\u017eavanje protuepidemijskih mjera u Zagrebu je u \u010detvrtak odr\u017ean ceremonijalni start WRC Croatia Rallyja, najve\u0107eg i najzna\u010dajnijeg automobilisti\u010dkog natjecanja ikad odr\u017eanog na tlu Hrvatske. Na tre\u0107oj postaji Svjetskog prvenstva ukupno \u0107e nastupiti 68 posada, me\u0111u kojima je \u0161est hrvatskih predstavnika. Posade su [&hellip;]<\/p>\n","protected":false},"author":2,"featured_media":15464,"comment_status":"closed","ping_status":"closed","sticky":false,"template":"","format":"standard","meta":{"h5ap_radio_sources":[],"footnotes":""},"categories":[1],"tags":[],"class_list":["post-15463","post","type-post","status-publish","format-standard","has-post-thumbnail","hentry","category-bihiregija"],"yoast_head":"<!-- This site is optimized with the Yoast SEO plugin v27.5 - https:\/\/yoast.com\/product\/yoast-seo-wordpress\/ -->\n<title>Sve\u010dani start najve\u0107eg automobilisti\u010dkog spektakla u Hrvatskoj - RADIO LJUBU\u0160KI<\/title>\n<meta name=\"robots\" content=\"index, follow, max-snippet:-1, max-image-preview:large, max-video-preview:-1\" \/>\n<link rel=\"canonical\" href=\"https:\/\/radioljubuski.ba\/index.php\/2021\/04\/22\/svecani-start-najveceg-automobilistickog-spektakla-u-hrvatskoj\/\" \/>\n<meta property=\"og:locale\" content=\"hr_HR\" \/>\n<meta property=\"og:type\" content=\"article\" \/>\n<meta property=\"og:title\" content=\"Sve\u010dani start najve\u0107eg automobilisti\u010dkog spektakla u Hrvatskoj - RADIO LJUBU\u0160KI\" \/>\n<meta property=\"og:description\" content=\"Uz spektakularnu scenografiju koju pru\u017eaju Nacionalna sveu\u010dili\u0161na knji\u017enica i zagreba\u010dke fontane te uz pridr\u017eavanje protuepidemijskih mjera u Zagrebu je u \u010detvrtak odr\u017ean ceremonijalni start WRC Croatia Rallyja, najve\u0107eg i najzna\u010dajnijeg automobilisti\u010dkog natjecanja ikad odr\u017eanog na tlu Hrvatske. Na tre\u0107oj postaji Svjetskog prvenstva ukupno \u0107e nastupiti 68 posada, me\u0111u kojima je \u0161est hrvatskih predstavnika. Posade su [&hellip;]\" \/>\n<meta property=\"og:url\" content=\"https:\/\/radioljubuski.ba\/index.php\/2021\/04\/22\/svecani-start-najveceg-automobilistickog-spektakla-u-hrvatskoj\/\" \/>\n<meta property=\"og:site_name\" content=\"RADIO LJUBU\u0160KI\" \/>\n<meta property=\"article:publisher\" content=\"https:\/\/www.facebook.com\/Radiio-Ljubuski-1490835324566332\" \/>\n<meta property=\"article:published_time\" content=\"2021-04-22T21:22:21+00:00\" \/>\n<meta property=\"og:image\" content=\"https:\/\/radioljubuski.ba\/wp-content\/uploads\/2021\/04\/preuzmi-9.jpg\" \/>\n\t<meta property=\"og:image:width\" content=\"300\" \/>\n\t<meta property=\"og:image:height\" content=\"168\" \/>\n\t<meta property=\"og:image:type\" content=\"image\/jpeg\" \/>\n<meta name=\"author\" content=\"Radio Ljubu\u0161ki\" \/>\n<meta name=\"twitter:card\" content=\"summary_large_image\" \/>\n<meta name=\"twitter:creator\" content=\"@radioljubuski\" \/>\n<meta name=\"twitter:site\" content=\"@radioljubuski\" \/>\n<meta name=\"twitter:label1\" content=\"Napisao\/la\" \/>\n\t<meta name=\"twitter:data1\" content=\"Radio Ljubu\u0161ki\" \/>\n\t<meta name=\"twitter:label2\" content=\"Procijenjeno vrijeme \u010ditanja\" \/>\n\t<meta name=\"twitter:data2\" content=\"4 minute\" \/>\n<script type=\"application\/ld+json\" class=\"yoast-schema-graph\">{\"@context\":\"https:\\\/\\\/schema.org\",\"@graph\":[{\"@type\":\"Article\",\"@id\":\"https:\\\/\\\/radioljubuski.ba\\\/index.php\\\/2021\\\/04\\\/22\\\/svecani-start-najveceg-automobilistickog-spektakla-u-hrvatskoj\\\/#article\",\"isPartOf\":{\"@id\":\"https:\\\/\\\/radioljubuski.ba\\\/index.php\\\/2021\\\/04\\\/22\\\/svecani-start-najveceg-automobilistickog-spektakla-u-hrvatskoj\\\/\"},\"author\":{\"name\":\"Radio Ljubu\u0161ki\",\"@id\":\"https:\\\/\\\/radioljubuski.ba\\\/#\\\/schema\\\/person\\\/19fc700381a780f69665d7956c469e3b\"},\"headline\":\"Sve\u010dani start najve\u0107eg automobilisti\u010dkog spektakla u Hrvatskoj\",\"datePublished\":\"2021-04-22T21:22:21+00:00\",\"mainEntityOfPage\":{\"@id\":\"https:\\\/\\\/radioljubuski.ba\\\/index.php\\\/2021\\\/04\\\/22\\\/svecani-start-najveceg-automobilistickog-spektakla-u-hrvatskoj\\\/\"},\"wordCount\":817,\"publisher\":{\"@id\":\"https:\\\/\\\/radioljubuski.ba\\\/#organization\"},\"image\":{\"@id\":\"https:\\\/\\\/radioljubuski.ba\\\/index.php\\\/2021\\\/04\\\/22\\\/svecani-start-najveceg-automobilistickog-spektakla-u-hrvatskoj\\\/#primaryimage\"},\"thumbnailUrl\":\"https:\\\/\\\/radioljubuski.ba\\\/wp-content\\\/uploads\\\/2021\\\/04\\\/preuzmi-9.jpg\",\"articleSection\":[\"BIH i regija\"],\"inLanguage\":\"hr\"},{\"@type\":\"WebPage\",\"@id\":\"https:\\\/\\\/radioljubuski.ba\\\/index.php\\\/2021\\\/04\\\/22\\\/svecani-start-najveceg-automobilistickog-spektakla-u-hrvatskoj\\\/\",\"url\":\"https:\\\/\\\/radioljubuski.ba\\\/index.php\\\/2021\\\/04\\\/22\\\/svecani-start-najveceg-automobilistickog-spektakla-u-hrvatskoj\\\/\",\"name\":\"Sve\u010dani start najve\u0107eg automobilisti\u010dkog spektakla u Hrvatskoj - RADIO LJUBU\u0160KI\",\"isPartOf\":{\"@id\":\"https:\\\/\\\/radioljubuski.ba\\\/#website\"},\"primaryImageOfPage\":{\"@id\":\"https:\\\/\\\/radioljubuski.ba\\\/index.php\\\/2021\\\/04\\\/22\\\/svecani-start-najveceg-automobilistickog-spektakla-u-hrvatskoj\\\/#primaryimage\"},\"image\":{\"@id\":\"https:\\\/\\\/radioljubuski.ba\\\/index.php\\\/2021\\\/04\\\/22\\\/svecani-start-najveceg-automobilistickog-spektakla-u-hrvatskoj\\\/#primaryimage\"},\"thumbnailUrl\":\"https:\\\/\\\/radioljubuski.ba\\\/wp-content\\\/uploads\\\/2021\\\/04\\\/preuzmi-9.jpg\",\"datePublished\":\"2021-04-22T21:22:21+00:00\",\"breadcrumb\":{\"@id\":\"https:\\\/\\\/radioljubuski.ba\\\/index.php\\\/2021\\\/04\\\/22\\\/svecani-start-najveceg-automobilistickog-spektakla-u-hrvatskoj\\\/#breadcrumb\"},\"inLanguage\":\"hr\",\"potentialAction\":[{\"@type\":\"ReadAction\",\"target\":[\"https:\\\/\\\/radioljubuski.ba\\\/index.php\\\/2021\\\/04\\\/22\\\/svecani-start-najveceg-automobilistickog-spektakla-u-hrvatskoj\\\/\"]}]},{\"@type\":\"ImageObject\",\"inLanguage\":\"hr\",\"@id\":\"https:\\\/\\\/radioljubuski.ba\\\/index.php\\\/2021\\\/04\\\/22\\\/svecani-start-najveceg-automobilistickog-spektakla-u-hrvatskoj\\\/#primaryimage\",\"url\":\"https:\\\/\\\/radioljubuski.ba\\\/wp-content\\\/uploads\\\/2021\\\/04\\\/preuzmi-9.jpg\",\"contentUrl\":\"https:\\\/\\\/radioljubuski.ba\\\/wp-content\\\/uploads\\\/2021\\\/04\\\/preuzmi-9.jpg\",\"width\":300,\"height\":168},{\"@type\":\"BreadcrumbList\",\"@id\":\"https:\\\/\\\/radioljubuski.ba\\\/index.php\\\/2021\\\/04\\\/22\\\/svecani-start-najveceg-automobilistickog-spektakla-u-hrvatskoj\\\/#breadcrumb\",\"itemListElement\":[{\"@type\":\"ListItem\",\"position\":1,\"name\":\"Po\u010detna stranica\",\"item\":\"https:\\\/\\\/radioljubuski.ba\\\/\"},{\"@type\":\"ListItem\",\"position\":2,\"name\":\"Sve\u010dani start najve\u0107eg automobilisti\u010dkog spektakla u Hrvatskoj\"}]},{\"@type\":\"WebSite\",\"@id\":\"https:\\\/\\\/radioljubuski.ba\\\/#website\",\"url\":\"https:\\\/\\\/radioljubuski.ba\\\/\",\"name\":\"Radio Ljubu\u0161ki\",\"description\":\"Sun\u010dana frekvencija Hercegovine\",\"publisher\":{\"@id\":\"https:\\\/\\\/radioljubuski.ba\\\/#organization\"},\"potentialAction\":[{\"@type\":\"SearchAction\",\"target\":{\"@type\":\"EntryPoint\",\"urlTemplate\":\"https:\\\/\\\/radioljubuski.ba\\\/?s={search_term_string}\"},\"query-input\":{\"@type\":\"PropertyValueSpecification\",\"valueRequired\":true,\"valueName\":\"search_term_string\"}}],\"inLanguage\":\"hr\"},{\"@type\":\"Organization\",\"@id\":\"https:\\\/\\\/radioljubuski.ba\\\/#organization\",\"name\":\"Radio Ljubu\u0161ki\",\"url\":\"https:\\\/\\\/radioljubuski.ba\\\/\",\"logo\":{\"@type\":\"ImageObject\",\"inLanguage\":\"hr\",\"@id\":\"https:\\\/\\\/radioljubuski.ba\\\/#\\\/schema\\\/logo\\\/image\\\/\",\"url\":\"https:\\\/\\\/radioljubuski.ba\\\/wp-content\\\/uploads\\\/2021\\\/02\\\/cropped-Radio_Ljubuski_logo1.jpg\",\"contentUrl\":\"https:\\\/\\\/radioljubuski.ba\\\/wp-content\\\/uploads\\\/2021\\\/02\\\/cropped-Radio_Ljubuski_logo1.jpg\",\"width\":512,\"height\":512,\"caption\":\"Radio Ljubu\u0161ki\"},\"image\":{\"@id\":\"https:\\\/\\\/radioljubuski.ba\\\/#\\\/schema\\\/logo\\\/image\\\/\"},\"sameAs\":[\"https:\\\/\\\/www.facebook.com\\\/Radiio-Ljubuski-1490835324566332\",\"https:\\\/\\\/x.com\\\/radioljubuski\",\"https:\\\/\\\/hr.linkedin.com\\\/company\\\/radio-ljubuski\",\"https:\\\/\\\/www.youtube.com\\\/channel\\\/UCHYaeO_n0Db3tjNGudGpXyw\"]},{\"@type\":\"Person\",\"@id\":\"https:\\\/\\\/radioljubuski.ba\\\/#\\\/schema\\\/person\\\/19fc700381a780f69665d7956c469e3b\",\"name\":\"Radio Ljubu\u0161ki\"}]}<\/script>\n<!-- \/ Yoast SEO plugin. -->","yoast_head_json":{"title":"Sve\u010dani start najve\u0107eg automobilisti\u010dkog spektakla u Hrvatskoj - RADIO LJUBU\u0160KI","robots":{"index":"index","follow":"follow","max-snippet":"max-snippet:-1","max-image-preview":"max-image-preview:large","max-video-preview":"max-video-preview:-1"},"canonical":"https:\/\/radioljubuski.ba\/index.php\/2021\/04\/22\/svecani-start-najveceg-automobilistickog-spektakla-u-hrvatskoj\/","og_locale":"hr_HR","og_type":"article","og_title":"Sve\u010dani start najve\u0107eg automobilisti\u010dkog spektakla u Hrvatskoj - RADIO LJUBU\u0160KI","og_description":"Uz spektakularnu scenografiju koju pru\u017eaju Nacionalna sveu\u010dili\u0161na knji\u017enica i zagreba\u010dke fontane te uz pridr\u017eavanje protuepidemijskih mjera u Zagrebu je u \u010detvrtak odr\u017ean ceremonijalni start WRC Croatia Rallyja, najve\u0107eg i najzna\u010dajnijeg automobilisti\u010dkog natjecanja ikad odr\u017eanog na tlu Hrvatske. Na tre\u0107oj postaji Svjetskog prvenstva ukupno \u0107e nastupiti 68 posada, me\u0111u kojima je \u0161est hrvatskih predstavnika. Posade su [&hellip;]","og_url":"https:\/\/radioljubuski.ba\/index.php\/2021\/04\/22\/svecani-start-najveceg-automobilistickog-spektakla-u-hrvatskoj\/","og_site_name":"RADIO LJUBU\u0160KI","article_publisher":"https:\/\/www.facebook.com\/Radiio-Ljubuski-1490835324566332","article_published_time":"2021-04-22T21:22:21+00:00","og_image":[{"width":300,"height":168,"url":"https:\/\/radioljubuski.ba\/wp-content\/uploads\/2021\/04\/preuzmi-9.jpg","type":"image\/jpeg"}],"author":"Radio Ljubu\u0161ki","twitter_card":"summary_large_image","twitter_creator":"@radioljubuski","twitter_site":"@radioljubuski","twitter_misc":{"Napisao\/la":"Radio Ljubu\u0161ki","Procijenjeno vrijeme \u010ditanja":"4 minute"},"schema":{"@context":"https:\/\/schema.org","@graph":[{"@type":"Article","@id":"https:\/\/radioljubuski.ba\/index.php\/2021\/04\/22\/svecani-start-najveceg-automobilistickog-spektakla-u-hrvatskoj\/#article","isPartOf":{"@id":"https:\/\/radioljubuski.ba\/index.php\/2021\/04\/22\/svecani-start-najveceg-automobilistickog-spektakla-u-hrvatskoj\/"},"author":{"name":"Radio Ljubu\u0161ki","@id":"https:\/\/radioljubuski.ba\/#\/schema\/person\/19fc700381a780f69665d7956c469e3b"},"headline":"Sve\u010dani start najve\u0107eg automobilisti\u010dkog spektakla u Hrvatskoj","datePublished":"2021-04-22T21:22:21+00:00","mainEntityOfPage":{"@id":"https:\/\/radioljubuski.ba\/index.php\/2021\/04\/22\/svecani-start-najveceg-automobilistickog-spektakla-u-hrvatskoj\/"},"wordCount":817,"publisher":{"@id":"https:\/\/radioljubuski.ba\/#organization"},"image":{"@id":"https:\/\/radioljubuski.ba\/index.php\/2021\/04\/22\/svecani-start-najveceg-automobilistickog-spektakla-u-hrvatskoj\/#primaryimage"},"thumbnailUrl":"https:\/\/radioljubuski.ba\/wp-content\/uploads\/2021\/04\/preuzmi-9.jpg","articleSection":["BIH i regija"],"inLanguage":"hr"},{"@type":"WebPage","@id":"https:\/\/radioljubuski.ba\/index.php\/2021\/04\/22\/svecani-start-najveceg-automobilistickog-spektakla-u-hrvatskoj\/","url":"https:\/\/radioljubuski.ba\/index.php\/2021\/04\/22\/svecani-start-najveceg-automobilistickog-spektakla-u-hrvatskoj\/","name":"Sve\u010dani start najve\u0107eg automobilisti\u010dkog spektakla u Hrvatskoj - RADIO LJUBU\u0160KI","isPartOf":{"@id":"https:\/\/radioljubuski.ba\/#website"},"primaryImageOfPage":{"@id":"https:\/\/radioljubuski.ba\/index.php\/2021\/04\/22\/svecani-start-najveceg-automobilistickog-spektakla-u-hrvatskoj\/#primaryimage"},"image":{"@id":"https:\/\/radioljubuski.ba\/index.php\/2021\/04\/22\/svecani-start-najveceg-automobilistickog-spektakla-u-hrvatskoj\/#primaryimage"},"thumbnailUrl":"https:\/\/radioljubuski.ba\/wp-content\/uploads\/2021\/04\/preuzmi-9.jpg","datePublished":"2021-04-22T21:22:21+00:00","breadcrumb":{"@id":"https:\/\/radioljubuski.ba\/index.php\/2021\/04\/22\/svecani-start-najveceg-automobilistickog-spektakla-u-hrvatskoj\/#breadcrumb"},"inLanguage":"hr","potentialAction":[{"@type":"ReadAction","target":["https:\/\/radioljubuski.ba\/index.php\/2021\/04\/22\/svecani-start-najveceg-automobilistickog-spektakla-u-hrvatskoj\/"]}]},{"@type":"ImageObject","inLanguage":"hr","@id":"https:\/\/radioljubuski.ba\/index.php\/2021\/04\/22\/svecani-start-najveceg-automobilistickog-spektakla-u-hrvatskoj\/#primaryimage","url":"https:\/\/radioljubuski.ba\/wp-content\/uploads\/2021\/04\/preuzmi-9.jpg","contentUrl":"https:\/\/radioljubuski.ba\/wp-content\/uploads\/2021\/04\/preuzmi-9.jpg","width":300,"height":168},{"@type":"BreadcrumbList","@id":"https:\/\/radioljubuski.ba\/index.php\/2021\/04\/22\/svecani-start-najveceg-automobilistickog-spektakla-u-hrvatskoj\/#breadcrumb","itemListElement":[{"@type":"ListItem","position":1,"name":"Po\u010detna stranica","item":"https:\/\/radioljubuski.ba\/"},{"@type":"ListItem","position":2,"name":"Sve\u010dani start najve\u0107eg automobilisti\u010dkog spektakla u Hrvatskoj"}]},{"@type":"WebSite","@id":"https:\/\/radioljubuski.ba\/#website","url":"https:\/\/radioljubuski.ba\/","name":"Radio Ljubu\u0161ki","description":"Sun\u010dana frekvencija Hercegovine","publisher":{"@id":"https:\/\/radioljubuski.ba\/#organization"},"potentialAction":[{"@type":"SearchAction","target":{"@type":"EntryPoint","urlTemplate":"https:\/\/radioljubuski.ba\/?s={search_term_string}"},"query-input":{"@type":"PropertyValueSpecification","valueRequired":true,"valueName":"search_term_string"}}],"inLanguage":"hr"},{"@type":"Organization","@id":"https:\/\/radioljubuski.ba\/#organization","name":"Radio Ljubu\u0161ki","url":"https:\/\/radioljubuski.ba\/","logo":{"@type":"ImageObject","inLanguage":"hr","@id":"https:\/\/radioljubuski.ba\/#\/schema\/logo\/image\/","url":"https:\/\/radioljubuski.ba\/wp-content\/uploads\/2021\/02\/cropped-Radio_Ljubuski_logo1.jpg","contentUrl":"https:\/\/radioljubuski.ba\/wp-content\/uploads\/2021\/02\/cropped-Radio_Ljubuski_logo1.jpg","width":512,"height":512,"caption":"Radio Ljubu\u0161ki"},"image":{"@id":"https:\/\/radioljubuski.ba\/#\/schema\/logo\/image\/"},"sameAs":["https:\/\/www.facebook.com\/Radiio-Ljubuski-1490835324566332","https:\/\/x.com\/radioljubuski","https:\/\/hr.linkedin.com\/company\/radio-ljubuski","https:\/\/www.youtube.com\/channel\/UCHYaeO_n0Db3tjNGudGpXyw"]},{"@type":"Person","@id":"https:\/\/radioljubuski.ba\/#\/schema\/person\/19fc700381a780f69665d7956c469e3b","name":"Radio Ljubu\u0161ki"}]}},"_links":{"self":[{"href":"https:\/\/radioljubuski.ba\/index.php\/wp-json\/wp\/v2\/posts\/15463","targetHints":{"allow":["GET"]}}],"collection":[{"href":"https:\/\/radioljubuski.ba\/index.php\/wp-json\/wp\/v2\/posts"}],"about":[{"href":"https:\/\/radioljubuski.ba\/index.php\/wp-json\/wp\/v2\/types\/post"}],"author":[{"embeddable":true,"href":"https:\/\/radioljubuski.ba\/index.php\/wp-json\/wp\/v2\/users\/2"}],"replies":[{"embeddable":true,"href":"https:\/\/radioljubuski.ba\/index.php\/wp-json\/wp\/v2\/comments?post=15463"}],"version-history":[{"count":1,"href":"https:\/\/radioljubuski.ba\/index.php\/wp-json\/wp\/v2\/posts\/15463\/revisions"}],"predecessor-version":[{"id":15465,"href":"https:\/\/radioljubuski.ba\/index.php\/wp-json\/wp\/v2\/posts\/15463\/revisions\/15465"}],"wp:featuredmedia":[{"embeddable":true,"href":"https:\/\/radioljubuski.ba\/index.php\/wp-json\/wp\/v2\/media\/15464"}],"wp:attachment":[{"href":"https:\/\/radioljubuski.ba\/index.php\/wp-json\/wp\/v2\/media?parent=15463"}],"wp:term":[{"taxonomy":"category","embeddable":true,"href":"https:\/\/radioljubuski.ba\/index.php\/wp-json\/wp\/v2\/categories?post=15463"},{"taxonomy":"post_tag","embeddable":true,"href":"https:\/\/radioljubuski.ba\/index.php\/wp-json\/wp\/v2\/tags?post=15463"}],"curies":[{"name":"wp","href":"https:\/\/api.w.org\/{rel}","templated":true}]}}