{"id":154632,"date":"2022-06-29T10:30:13","date_gmt":"2022-06-29T09:30:13","guid":{"rendered":"https:\/\/radioljubuski.ba\/?p=154632"},"modified":"2022-06-29T10:30:15","modified_gmt":"2022-06-29T09:30:15","slug":"grlic-radman-milanovic-je-nepredvidljiv-ne-znamo-sto-ce-biti-u-madridu","status":"publish","type":"post","link":"https:\/\/radioljubuski.ba\/index.php\/2022\/06\/29\/grlic-radman-milanovic-je-nepredvidljiv-ne-znamo-sto-ce-biti-u-madridu\/","title":{"rendered":"Grli\u0107 Radman: Milanovi\u0107 je nepredvidljiv, ne znamo \u0161to \u0107e biti u Madridu"},"content":{"rendered":"\n<p><strong>\u0160ef hrvatske diplomacije Gordan Grli\u0107 Radman upozorio je u utorak da su izjave predsjednika RH Zorana Milanovi\u0107a nepredvidljive i da ne zna \u0161to bi se moglo dogoditi u Madridu na summitu NATO-a koji \u0107e, izme\u0111u ostalog, biti posve\u0107en te\u017enjama Finske i \u0160vedske za \u010dlanstvo u vojnom savezu.<\/strong><\/p>\n\n\n\n<p>Milanovi\u0107 u srijedu i \u010detvrtak sudjeluje na summitu \u0161efova dr\u017eava i vlada NATO-a u Madridu koji se odr\u017eava u jeku velike sigurnosne krize u euroatlantskom podru\u010dju koja je uzrokovana ruskom agresijom na Ukrajinu.<\/p>\n\n\n\n<p>Ministar vanjskih poslova RH upozorio je da ne zna \u0161to se mo\u017ee o\u010dekivati od predsjednika.<\/p>\n\n\n\n<p>\u201cRadi se o tome da imamo nepredvidive izjave predsjednika i mi zapravo uop\u0107e ne znamo \u0161to \u0107e se dogoditi u Madridu\u201d, rekao je Grli\u0107 Radman, ponoviv\u0161i da hrvatska vlada pozitivno gleda na te\u017enje \u0160vedske i Finske za \u010dlanstvom u NATO-u.<\/p>\n\n\n\n<p>\u201cNastupio je kao netko tko ima monopol nad politikom, monopol nad vanjskom politikom i koji govori u ime Hrvatske\u201d, rekao je Grli\u0107 Radman novinarima u utorak, komentiraju\u0107i postupak Milanovi\u0107a kad se u travnju usprotivio \u010dlanstvu Finske i \u0160vedske u NATO-u. Tada je pozvao da se ulazak nordijskih zemalja u vojni savez uvjetuje izmjenom izbornog zakona u Bosni i Hercegovini.<\/p>\n\n\n\n<p>\u201cBili smo jako za\u010du\u0111eni tom izjavom i to je kasnije jako na\u0161tetilo na\u0161oj reputaciji jer smo sve te izjave morali tuma\u010diti i govoriti o tome koliko je Hrvatska zapravo predana \u0161irenju NATO saveza na one zemlje koje ispunjavaju uvjete i koje to \u017eele\u201d, dodao je ministar vanjskih poslova RH.<\/p>\n\n\n\n<p>Milanovi\u0107 bi se trebao bilateralno sastati s finskim predsjednikom i \u0161vedskom premijerkom u Madridu.<\/p>\n\n\n\n<p>Hrvatski predsjednik je pro\u0161li tjedan finskoj premijerki Sanni Marin rekao da se na\u010delno ne protivi prijemu Finske u NATO, ali joj je istodobno ukazao na te\u017eak polo\u017eaj Hrvata u BiH te na sigurnosne probleme s kojima je suo\u010dena Hrvatska zbog nestabilne situacije u toj zemlji.<\/p>\n\n\n\n<p>U nedavnom telefonskom razgovoru s finskim kolegom, Milanovi\u0107 je tako\u0111er rekao da se ne protivi ulasku Finske u NATO, ali da od te zemlje o\u010dekuje razumijevanje za za\u0161titu prava bosanskohercegova\u010dkih Hrvata.<\/p>\n\n\n\n<p>Na summitu NATO-a o\u010dekuje se dono\u0161enje odluke o novom Strate\u0161kom konceptu Saveza koji \u0107e postaviti na\u010dela i zada\u0107e NATO-a i koji bi trebao pripremiti vojni savez za nadolaze\u0107e razdoblje.<\/p>\n\n\n\n<p>Grli\u0107 Radman ka\u017ee da je hrvatska diplomacija pripremila predsjedniku \u201csve materijale i pozadinske informacije\u201d. Dodao je da su se \u201cizborili\u201d da se u Strate\u0161ki koncept ubace reference o sigurnosti zapadnog Balkana te nu\u017enosti jednakopravnosti svih konstitutivnih naroda u BiH.<\/p>\n\n\n\n<p>\u201cPredsjednik ima sve pripremljeno. (\u2026) Predsjedniku dr\u017eave ne preostaje ni\u0161ta drugo nego pro\u010ditati intervencije, papire koje smo mu pripremili, odnosno govore jer \u0107e biti tih nekoliko susreta na kojima \u0107e trebati govoriti\u201d, rekao je Grli\u0107 Radman.<\/p>\n\n\n\n<p>\/HMS\/<\/p>\n","protected":false},"excerpt":{"rendered":"<p>\u0160ef hrvatske diplomacije Gordan Grli\u0107 Radman upozorio je u utorak da su izjave predsjednika RH Zorana Milanovi\u0107a nepredvidljive i da ne zna \u0161to bi se moglo dogoditi u Madridu na summitu NATO-a koji \u0107e, izme\u0111u ostalog, biti posve\u0107en te\u017enjama Finske i \u0160vedske za \u010dlanstvo u vojnom savezu. Milanovi\u0107 u srijedu i \u010detvrtak sudjeluje na summitu [&hellip;]<\/p>\n","protected":false},"author":2,"featured_media":4761,"comment_status":"closed","ping_status":"closed","sticky":false,"template":"","format":"standard","meta":{"h5ap_radio_sources":[],"footnotes":""},"categories":[1],"tags":[],"class_list":["post-154632","post","type-post","status-publish","format-standard","has-post-thumbnail","hentry","category-bihiregija"],"yoast_head":"<!-- This site is optimized with the Yoast SEO plugin v27.5 - https:\/\/yoast.com\/product\/yoast-seo-wordpress\/ -->\n<title>Grli\u0107 Radman: Milanovi\u0107 je nepredvidljiv, ne znamo \u0161to \u0107e biti u Madridu - RADIO LJUBU\u0160KI<\/title>\n<meta name=\"robots\" content=\"index, follow, max-snippet:-1, max-image-preview:large, max-video-preview:-1\" \/>\n<link rel=\"canonical\" href=\"https:\/\/radioljubuski.ba\/index.php\/2022\/06\/29\/grlic-radman-milanovic-je-nepredvidljiv-ne-znamo-sto-ce-biti-u-madridu\/\" \/>\n<meta property=\"og:locale\" content=\"hr_HR\" \/>\n<meta property=\"og:type\" content=\"article\" \/>\n<meta property=\"og:title\" content=\"Grli\u0107 Radman: Milanovi\u0107 je nepredvidljiv, ne znamo \u0161to \u0107e biti u Madridu - RADIO LJUBU\u0160KI\" \/>\n<meta property=\"og:description\" content=\"\u0160ef hrvatske diplomacije Gordan Grli\u0107 Radman upozorio je u utorak da su izjave predsjednika RH Zorana Milanovi\u0107a nepredvidljive i da ne zna \u0161to bi se moglo dogoditi u Madridu na summitu NATO-a koji \u0107e, izme\u0111u ostalog, biti posve\u0107en te\u017enjama Finske i \u0160vedske za \u010dlanstvo u vojnom savezu. Milanovi\u0107 u srijedu i \u010detvrtak sudjeluje na summitu [&hellip;]\" \/>\n<meta property=\"og:url\" content=\"https:\/\/radioljubuski.ba\/index.php\/2022\/06\/29\/grlic-radman-milanovic-je-nepredvidljiv-ne-znamo-sto-ce-biti-u-madridu\/\" \/>\n<meta property=\"og:site_name\" content=\"RADIO LJUBU\u0160KI\" \/>\n<meta property=\"article:publisher\" content=\"https:\/\/www.facebook.com\/Radiio-Ljubuski-1490835324566332\" \/>\n<meta property=\"article:published_time\" content=\"2022-06-29T09:30:13+00:00\" \/>\n<meta property=\"article:modified_time\" content=\"2022-06-29T09:30:15+00:00\" \/>\n<meta property=\"og:image\" content=\"https:\/\/radioljubuski.ba\/wp-content\/uploads\/2021\/03\/E0ZtqJS1_Ministar_Gordan_Grlic_Radman_660x330.jpg\" \/>\n\t<meta property=\"og:image:width\" content=\"1000\" \/>\n\t<meta property=\"og:image:height\" content=\"625\" \/>\n\t<meta property=\"og:image:type\" content=\"image\/jpeg\" \/>\n<meta name=\"author\" content=\"Radio Ljubu\u0161ki\" \/>\n<meta name=\"twitter:card\" content=\"summary_large_image\" \/>\n<meta name=\"twitter:creator\" content=\"@radioljubuski\" \/>\n<meta name=\"twitter:site\" content=\"@radioljubuski\" \/>\n<meta name=\"twitter:label1\" content=\"Napisao\/la\" \/>\n\t<meta name=\"twitter:data1\" content=\"Radio Ljubu\u0161ki\" \/>\n\t<meta name=\"twitter:label2\" content=\"Procijenjeno vrijeme \u010ditanja\" \/>\n\t<meta name=\"twitter:data2\" content=\"2 minute\" \/>\n<script type=\"application\/ld+json\" class=\"yoast-schema-graph\">{\"@context\":\"https:\\\/\\\/schema.org\",\"@graph\":[{\"@type\":\"Article\",\"@id\":\"https:\\\/\\\/radioljubuski.ba\\\/index.php\\\/2022\\\/06\\\/29\\\/grlic-radman-milanovic-je-nepredvidljiv-ne-znamo-sto-ce-biti-u-madridu\\\/#article\",\"isPartOf\":{\"@id\":\"https:\\\/\\\/radioljubuski.ba\\\/index.php\\\/2022\\\/06\\\/29\\\/grlic-radman-milanovic-je-nepredvidljiv-ne-znamo-sto-ce-biti-u-madridu\\\/\"},\"author\":{\"name\":\"Radio Ljubu\u0161ki\",\"@id\":\"https:\\\/\\\/radioljubuski.ba\\\/#\\\/schema\\\/person\\\/19fc700381a780f69665d7956c469e3b\"},\"headline\":\"Grli\u0107 Radman: Milanovi\u0107 je nepredvidljiv, ne znamo \u0161to \u0107e biti u Madridu\",\"datePublished\":\"2022-06-29T09:30:13+00:00\",\"dateModified\":\"2022-06-29T09:30:15+00:00\",\"mainEntityOfPage\":{\"@id\":\"https:\\\/\\\/radioljubuski.ba\\\/index.php\\\/2022\\\/06\\\/29\\\/grlic-radman-milanovic-je-nepredvidljiv-ne-znamo-sto-ce-biti-u-madridu\\\/\"},\"wordCount\":489,\"publisher\":{\"@id\":\"https:\\\/\\\/radioljubuski.ba\\\/#organization\"},\"image\":{\"@id\":\"https:\\\/\\\/radioljubuski.ba\\\/index.php\\\/2022\\\/06\\\/29\\\/grlic-radman-milanovic-je-nepredvidljiv-ne-znamo-sto-ce-biti-u-madridu\\\/#primaryimage\"},\"thumbnailUrl\":\"https:\\\/\\\/radioljubuski.ba\\\/wp-content\\\/uploads\\\/2021\\\/03\\\/E0ZtqJS1_Ministar_Gordan_Grlic_Radman_660x330.jpg\",\"articleSection\":[\"BIH i regija\"],\"inLanguage\":\"hr\"},{\"@type\":\"WebPage\",\"@id\":\"https:\\\/\\\/radioljubuski.ba\\\/index.php\\\/2022\\\/06\\\/29\\\/grlic-radman-milanovic-je-nepredvidljiv-ne-znamo-sto-ce-biti-u-madridu\\\/\",\"url\":\"https:\\\/\\\/radioljubuski.ba\\\/index.php\\\/2022\\\/06\\\/29\\\/grlic-radman-milanovic-je-nepredvidljiv-ne-znamo-sto-ce-biti-u-madridu\\\/\",\"name\":\"Grli\u0107 Radman: Milanovi\u0107 je nepredvidljiv, ne znamo \u0161to \u0107e biti u Madridu - RADIO LJUBU\u0160KI\",\"isPartOf\":{\"@id\":\"https:\\\/\\\/radioljubuski.ba\\\/#website\"},\"primaryImageOfPage\":{\"@id\":\"https:\\\/\\\/radioljubuski.ba\\\/index.php\\\/2022\\\/06\\\/29\\\/grlic-radman-milanovic-je-nepredvidljiv-ne-znamo-sto-ce-biti-u-madridu\\\/#primaryimage\"},\"image\":{\"@id\":\"https:\\\/\\\/radioljubuski.ba\\\/index.php\\\/2022\\\/06\\\/29\\\/grlic-radman-milanovic-je-nepredvidljiv-ne-znamo-sto-ce-biti-u-madridu\\\/#primaryimage\"},\"thumbnailUrl\":\"https:\\\/\\\/radioljubuski.ba\\\/wp-content\\\/uploads\\\/2021\\\/03\\\/E0ZtqJS1_Ministar_Gordan_Grlic_Radman_660x330.jpg\",\"datePublished\":\"2022-06-29T09:30:13+00:00\",\"dateModified\":\"2022-06-29T09:30:15+00:00\",\"breadcrumb\":{\"@id\":\"https:\\\/\\\/radioljubuski.ba\\\/index.php\\\/2022\\\/06\\\/29\\\/grlic-radman-milanovic-je-nepredvidljiv-ne-znamo-sto-ce-biti-u-madridu\\\/#breadcrumb\"},\"inLanguage\":\"hr\",\"potentialAction\":[{\"@type\":\"ReadAction\",\"target\":[\"https:\\\/\\\/radioljubuski.ba\\\/index.php\\\/2022\\\/06\\\/29\\\/grlic-radman-milanovic-je-nepredvidljiv-ne-znamo-sto-ce-biti-u-madridu\\\/\"]}]},{\"@type\":\"ImageObject\",\"inLanguage\":\"hr\",\"@id\":\"https:\\\/\\\/radioljubuski.ba\\\/index.php\\\/2022\\\/06\\\/29\\\/grlic-radman-milanovic-je-nepredvidljiv-ne-znamo-sto-ce-biti-u-madridu\\\/#primaryimage\",\"url\":\"https:\\\/\\\/radioljubuski.ba\\\/wp-content\\\/uploads\\\/2021\\\/03\\\/E0ZtqJS1_Ministar_Gordan_Grlic_Radman_660x330.jpg\",\"contentUrl\":\"https:\\\/\\\/radioljubuski.ba\\\/wp-content\\\/uploads\\\/2021\\\/03\\\/E0ZtqJS1_Ministar_Gordan_Grlic_Radman_660x330.jpg\",\"width\":1000,\"height\":625},{\"@type\":\"BreadcrumbList\",\"@id\":\"https:\\\/\\\/radioljubuski.ba\\\/index.php\\\/2022\\\/06\\\/29\\\/grlic-radman-milanovic-je-nepredvidljiv-ne-znamo-sto-ce-biti-u-madridu\\\/#breadcrumb\",\"itemListElement\":[{\"@type\":\"ListItem\",\"position\":1,\"name\":\"Po\u010detna stranica\",\"item\":\"https:\\\/\\\/radioljubuski.ba\\\/\"},{\"@type\":\"ListItem\",\"position\":2,\"name\":\"Grli\u0107 Radman: Milanovi\u0107 je nepredvidljiv, ne znamo \u0161to \u0107e biti u Madridu\"}]},{\"@type\":\"WebSite\",\"@id\":\"https:\\\/\\\/radioljubuski.ba\\\/#website\",\"url\":\"https:\\\/\\\/radioljubuski.ba\\\/\",\"name\":\"Radio Ljubu\u0161ki\",\"description\":\"Sun\u010dana frekvencija Hercegovine\",\"publisher\":{\"@id\":\"https:\\\/\\\/radioljubuski.ba\\\/#organization\"},\"potentialAction\":[{\"@type\":\"SearchAction\",\"target\":{\"@type\":\"EntryPoint\",\"urlTemplate\":\"https:\\\/\\\/radioljubuski.ba\\\/?s={search_term_string}\"},\"query-input\":{\"@type\":\"PropertyValueSpecification\",\"valueRequired\":true,\"valueName\":\"search_term_string\"}}],\"inLanguage\":\"hr\"},{\"@type\":\"Organization\",\"@id\":\"https:\\\/\\\/radioljubuski.ba\\\/#organization\",\"name\":\"Radio Ljubu\u0161ki\",\"url\":\"https:\\\/\\\/radioljubuski.ba\\\/\",\"logo\":{\"@type\":\"ImageObject\",\"inLanguage\":\"hr\",\"@id\":\"https:\\\/\\\/radioljubuski.ba\\\/#\\\/schema\\\/logo\\\/image\\\/\",\"url\":\"https:\\\/\\\/radioljubuski.ba\\\/wp-content\\\/uploads\\\/2021\\\/02\\\/cropped-Radio_Ljubuski_logo1.jpg\",\"contentUrl\":\"https:\\\/\\\/radioljubuski.ba\\\/wp-content\\\/uploads\\\/2021\\\/02\\\/cropped-Radio_Ljubuski_logo1.jpg\",\"width\":512,\"height\":512,\"caption\":\"Radio Ljubu\u0161ki\"},\"image\":{\"@id\":\"https:\\\/\\\/radioljubuski.ba\\\/#\\\/schema\\\/logo\\\/image\\\/\"},\"sameAs\":[\"https:\\\/\\\/www.facebook.com\\\/Radiio-Ljubuski-1490835324566332\",\"https:\\\/\\\/x.com\\\/radioljubuski\",\"https:\\\/\\\/hr.linkedin.com\\\/company\\\/radio-ljubuski\",\"https:\\\/\\\/www.youtube.com\\\/channel\\\/UCHYaeO_n0Db3tjNGudGpXyw\"]},{\"@type\":\"Person\",\"@id\":\"https:\\\/\\\/radioljubuski.ba\\\/#\\\/schema\\\/person\\\/19fc700381a780f69665d7956c469e3b\",\"name\":\"Radio Ljubu\u0161ki\"}]}<\/script>\n<!-- \/ Yoast SEO plugin. -->","yoast_head_json":{"title":"Grli\u0107 Radman: Milanovi\u0107 je nepredvidljiv, ne znamo \u0161to \u0107e biti u Madridu - RADIO LJUBU\u0160KI","robots":{"index":"index","follow":"follow","max-snippet":"max-snippet:-1","max-image-preview":"max-image-preview:large","max-video-preview":"max-video-preview:-1"},"canonical":"https:\/\/radioljubuski.ba\/index.php\/2022\/06\/29\/grlic-radman-milanovic-je-nepredvidljiv-ne-znamo-sto-ce-biti-u-madridu\/","og_locale":"hr_HR","og_type":"article","og_title":"Grli\u0107 Radman: Milanovi\u0107 je nepredvidljiv, ne znamo \u0161to \u0107e biti u Madridu - RADIO LJUBU\u0160KI","og_description":"\u0160ef hrvatske diplomacije Gordan Grli\u0107 Radman upozorio je u utorak da su izjave predsjednika RH Zorana Milanovi\u0107a nepredvidljive i da ne zna \u0161to bi se moglo dogoditi u Madridu na summitu NATO-a koji \u0107e, izme\u0111u ostalog, biti posve\u0107en te\u017enjama Finske i \u0160vedske za \u010dlanstvo u vojnom savezu. Milanovi\u0107 u srijedu i \u010detvrtak sudjeluje na summitu [&hellip;]","og_url":"https:\/\/radioljubuski.ba\/index.php\/2022\/06\/29\/grlic-radman-milanovic-je-nepredvidljiv-ne-znamo-sto-ce-biti-u-madridu\/","og_site_name":"RADIO LJUBU\u0160KI","article_publisher":"https:\/\/www.facebook.com\/Radiio-Ljubuski-1490835324566332","article_published_time":"2022-06-29T09:30:13+00:00","article_modified_time":"2022-06-29T09:30:15+00:00","og_image":[{"width":1000,"height":625,"url":"https:\/\/radioljubuski.ba\/wp-content\/uploads\/2021\/03\/E0ZtqJS1_Ministar_Gordan_Grlic_Radman_660x330.jpg","type":"image\/jpeg"}],"author":"Radio Ljubu\u0161ki","twitter_card":"summary_large_image","twitter_creator":"@radioljubuski","twitter_site":"@radioljubuski","twitter_misc":{"Napisao\/la":"Radio Ljubu\u0161ki","Procijenjeno vrijeme \u010ditanja":"2 minute"},"schema":{"@context":"https:\/\/schema.org","@graph":[{"@type":"Article","@id":"https:\/\/radioljubuski.ba\/index.php\/2022\/06\/29\/grlic-radman-milanovic-je-nepredvidljiv-ne-znamo-sto-ce-biti-u-madridu\/#article","isPartOf":{"@id":"https:\/\/radioljubuski.ba\/index.php\/2022\/06\/29\/grlic-radman-milanovic-je-nepredvidljiv-ne-znamo-sto-ce-biti-u-madridu\/"},"author":{"name":"Radio Ljubu\u0161ki","@id":"https:\/\/radioljubuski.ba\/#\/schema\/person\/19fc700381a780f69665d7956c469e3b"},"headline":"Grli\u0107 Radman: Milanovi\u0107 je nepredvidljiv, ne znamo \u0161to \u0107e biti u Madridu","datePublished":"2022-06-29T09:30:13+00:00","dateModified":"2022-06-29T09:30:15+00:00","mainEntityOfPage":{"@id":"https:\/\/radioljubuski.ba\/index.php\/2022\/06\/29\/grlic-radman-milanovic-je-nepredvidljiv-ne-znamo-sto-ce-biti-u-madridu\/"},"wordCount":489,"publisher":{"@id":"https:\/\/radioljubuski.ba\/#organization"},"image":{"@id":"https:\/\/radioljubuski.ba\/index.php\/2022\/06\/29\/grlic-radman-milanovic-je-nepredvidljiv-ne-znamo-sto-ce-biti-u-madridu\/#primaryimage"},"thumbnailUrl":"https:\/\/radioljubuski.ba\/wp-content\/uploads\/2021\/03\/E0ZtqJS1_Ministar_Gordan_Grlic_Radman_660x330.jpg","articleSection":["BIH i regija"],"inLanguage":"hr"},{"@type":"WebPage","@id":"https:\/\/radioljubuski.ba\/index.php\/2022\/06\/29\/grlic-radman-milanovic-je-nepredvidljiv-ne-znamo-sto-ce-biti-u-madridu\/","url":"https:\/\/radioljubuski.ba\/index.php\/2022\/06\/29\/grlic-radman-milanovic-je-nepredvidljiv-ne-znamo-sto-ce-biti-u-madridu\/","name":"Grli\u0107 Radman: Milanovi\u0107 je nepredvidljiv, ne znamo \u0161to \u0107e biti u Madridu - RADIO LJUBU\u0160KI","isPartOf":{"@id":"https:\/\/radioljubuski.ba\/#website"},"primaryImageOfPage":{"@id":"https:\/\/radioljubuski.ba\/index.php\/2022\/06\/29\/grlic-radman-milanovic-je-nepredvidljiv-ne-znamo-sto-ce-biti-u-madridu\/#primaryimage"},"image":{"@id":"https:\/\/radioljubuski.ba\/index.php\/2022\/06\/29\/grlic-radman-milanovic-je-nepredvidljiv-ne-znamo-sto-ce-biti-u-madridu\/#primaryimage"},"thumbnailUrl":"https:\/\/radioljubuski.ba\/wp-content\/uploads\/2021\/03\/E0ZtqJS1_Ministar_Gordan_Grlic_Radman_660x330.jpg","datePublished":"2022-06-29T09:30:13+00:00","dateModified":"2022-06-29T09:30:15+00:00","breadcrumb":{"@id":"https:\/\/radioljubuski.ba\/index.php\/2022\/06\/29\/grlic-radman-milanovic-je-nepredvidljiv-ne-znamo-sto-ce-biti-u-madridu\/#breadcrumb"},"inLanguage":"hr","potentialAction":[{"@type":"ReadAction","target":["https:\/\/radioljubuski.ba\/index.php\/2022\/06\/29\/grlic-radman-milanovic-je-nepredvidljiv-ne-znamo-sto-ce-biti-u-madridu\/"]}]},{"@type":"ImageObject","inLanguage":"hr","@id":"https:\/\/radioljubuski.ba\/index.php\/2022\/06\/29\/grlic-radman-milanovic-je-nepredvidljiv-ne-znamo-sto-ce-biti-u-madridu\/#primaryimage","url":"https:\/\/radioljubuski.ba\/wp-content\/uploads\/2021\/03\/E0ZtqJS1_Ministar_Gordan_Grlic_Radman_660x330.jpg","contentUrl":"https:\/\/radioljubuski.ba\/wp-content\/uploads\/2021\/03\/E0ZtqJS1_Ministar_Gordan_Grlic_Radman_660x330.jpg","width":1000,"height":625},{"@type":"BreadcrumbList","@id":"https:\/\/radioljubuski.ba\/index.php\/2022\/06\/29\/grlic-radman-milanovic-je-nepredvidljiv-ne-znamo-sto-ce-biti-u-madridu\/#breadcrumb","itemListElement":[{"@type":"ListItem","position":1,"name":"Po\u010detna stranica","item":"https:\/\/radioljubuski.ba\/"},{"@type":"ListItem","position":2,"name":"Grli\u0107 Radman: Milanovi\u0107 je nepredvidljiv, ne znamo \u0161to \u0107e biti u Madridu"}]},{"@type":"WebSite","@id":"https:\/\/radioljubuski.ba\/#website","url":"https:\/\/radioljubuski.ba\/","name":"Radio Ljubu\u0161ki","description":"Sun\u010dana frekvencija Hercegovine","publisher":{"@id":"https:\/\/radioljubuski.ba\/#organization"},"potentialAction":[{"@type":"SearchAction","target":{"@type":"EntryPoint","urlTemplate":"https:\/\/radioljubuski.ba\/?s={search_term_string}"},"query-input":{"@type":"PropertyValueSpecification","valueRequired":true,"valueName":"search_term_string"}}],"inLanguage":"hr"},{"@type":"Organization","@id":"https:\/\/radioljubuski.ba\/#organization","name":"Radio Ljubu\u0161ki","url":"https:\/\/radioljubuski.ba\/","logo":{"@type":"ImageObject","inLanguage":"hr","@id":"https:\/\/radioljubuski.ba\/#\/schema\/logo\/image\/","url":"https:\/\/radioljubuski.ba\/wp-content\/uploads\/2021\/02\/cropped-Radio_Ljubuski_logo1.jpg","contentUrl":"https:\/\/radioljubuski.ba\/wp-content\/uploads\/2021\/02\/cropped-Radio_Ljubuski_logo1.jpg","width":512,"height":512,"caption":"Radio Ljubu\u0161ki"},"image":{"@id":"https:\/\/radioljubuski.ba\/#\/schema\/logo\/image\/"},"sameAs":["https:\/\/www.facebook.com\/Radiio-Ljubuski-1490835324566332","https:\/\/x.com\/radioljubuski","https:\/\/hr.linkedin.com\/company\/radio-ljubuski","https:\/\/www.youtube.com\/channel\/UCHYaeO_n0Db3tjNGudGpXyw"]},{"@type":"Person","@id":"https:\/\/radioljubuski.ba\/#\/schema\/person\/19fc700381a780f69665d7956c469e3b","name":"Radio Ljubu\u0161ki"}]}},"_links":{"self":[{"href":"https:\/\/radioljubuski.ba\/index.php\/wp-json\/wp\/v2\/posts\/154632","targetHints":{"allow":["GET"]}}],"collection":[{"href":"https:\/\/radioljubuski.ba\/index.php\/wp-json\/wp\/v2\/posts"}],"about":[{"href":"https:\/\/radioljubuski.ba\/index.php\/wp-json\/wp\/v2\/types\/post"}],"author":[{"embeddable":true,"href":"https:\/\/radioljubuski.ba\/index.php\/wp-json\/wp\/v2\/users\/2"}],"replies":[{"embeddable":true,"href":"https:\/\/radioljubuski.ba\/index.php\/wp-json\/wp\/v2\/comments?post=154632"}],"version-history":[{"count":1,"href":"https:\/\/radioljubuski.ba\/index.php\/wp-json\/wp\/v2\/posts\/154632\/revisions"}],"predecessor-version":[{"id":154634,"href":"https:\/\/radioljubuski.ba\/index.php\/wp-json\/wp\/v2\/posts\/154632\/revisions\/154634"}],"wp:featuredmedia":[{"embeddable":true,"href":"https:\/\/radioljubuski.ba\/index.php\/wp-json\/wp\/v2\/media\/4761"}],"wp:attachment":[{"href":"https:\/\/radioljubuski.ba\/index.php\/wp-json\/wp\/v2\/media?parent=154632"}],"wp:term":[{"taxonomy":"category","embeddable":true,"href":"https:\/\/radioljubuski.ba\/index.php\/wp-json\/wp\/v2\/categories?post=154632"},{"taxonomy":"post_tag","embeddable":true,"href":"https:\/\/radioljubuski.ba\/index.php\/wp-json\/wp\/v2\/tags?post=154632"}],"curies":[{"name":"wp","href":"https:\/\/api.w.org\/{rel}","templated":true}]}}