{"id":154638,"date":"2022-06-29T10:32:44","date_gmt":"2022-06-29T09:32:44","guid":{"rendered":"https:\/\/radioljubuski.ba\/?p=154638"},"modified":"2022-06-29T10:32:45","modified_gmt":"2022-06-29T09:32:45","slug":"izetbegovic-odbio-poziv-bruxellesa-kaze-da-on-nije-predstavnik-bosnjakog-naroda","status":"publish","type":"post","link":"https:\/\/radioljubuski.ba\/index.php\/2022\/06\/29\/izetbegovic-odbio-poziv-bruxellesa-kaze-da-on-nije-predstavnik-bosnjakog-naroda\/","title":{"rendered":"Izetbegovi\u0107 odbio poziv Bruxellesa, ka\u017ee da on nije predstavnik bo\u0161njakog naroda"},"content":{"rendered":"\n<p><strong>Glavni tajnik SDA Halid Genjac uputio je pismo \u0161efu Delegacije Europske unije u BiH Johannu Sattleru u kojem iznosi poziciju predsjednika SDA Bakira Izetbegovi\u0107a vezano za usmeni poziv europskog povjerenika za pro\u0161irenje Olivera Varhelyija da 6. srpnja 2002. godine u Bruxellesu prisustvuje zajedni\u010dkom sastanku s predsjednicima SNSD-a i HDZ-a BiH, Miloradom Dodikom i Draganom \u010covi\u0107em.<\/strong><\/p>\n\n\n\n<p>\u201cTijekom pozivnog razgovora nisu predo\u010dene teme i dnevni rad spomenutih sastanaka, te vas ovim putem molim da nam ih dostavite u pisanoj formi.<\/p>\n\n\n\n<p>Napominjem da predsjednik Izetbegovi\u0107 ne mo\u017ee pristati na format razgovora ukoliko on podrazumijeva tzv. \u201epredstavnike konstitutivnih naroda\u201c, jer takav format ne po\u0161tuje institucije i ustavnu strukturu Bosne i Hercegovine. Bosna i Hercegovina nije prosti zbir tri \u201ekonstitutivna naroda\u201c i ovako reducirani format ne mo\u017ee donijeti nikakav rezultat, naro\u010dito nakon koordniranog djelovanja SNSD-a i HDZ-a u Domu naroda PSBiH na ru\u0161enju zakona koji su uvjet za ispunjavanje prioriteta iz Mi\u0161ljenje Europske komisije, i dodjeljivanje kandidatskog statusa Bosni i Hercegovini\u201d, navedeno je u pismu.<\/p>\n\n\n\n<p>Podsje\u0107a se dalje kako se \u201cIzetbegovi\u0107 uvijek odazivao pozivima na sve razgovore koji su u interesu Bosne i Hercegovine, koji mogu doprinijeti pobolj\u0161anju njene funkcionalnosti i ubrzanju europskog puta\u201d.<\/p>\n\n\n\n<p>\u201cMe\u0111utim, format u kojem se takvi razgovori vode mora uklju\u010divati institucije BiH: Predsjedni\u0161tvo BiH, pro\u0161ireni Kolegij Parlamentrane skup\u0161tine BiH ili predstavnike svih parlamentranih stranaka. Ukoliko se, pak, razgovori vode na razini politi\u010dkih stranaka koje trenutno \u010dine vladaju\u0107i ve\u0107inu na razini dr\u017eave, onda bi razgovorima morao prisustvovati i \u017deljko Kom\u0161i\u0107, s obzirom da je Demokratska fronta dio koalicije\u201d, poru\u010deno je.<\/p>\n\n\n\n<p>\u201cTako\u0111er, \u017eelim naglasiti da je Milorad Dodik, predsjednik SNSD-a, ju\u010der ponovo najavio secesionisti\u010dke poteze, za \u2018koje \u0107e \u010dekati pogodan povijesni trenutak\u2019, potvr\u0111uju\u0107i da ne odustaje od plana otcjepljenja entiteta RS od Bosne i Hercegovine. Takav politi\u010dar ne zaslu\u017euje sastanke u Bruxellesu, jer se time relativiziraju i amortiziraju njegove jasne i opasne prijetnje. Umjesto sastanaka u Bruxellesu s \u010delnim ljudima Europske komisije, predsjednik SNSD-a zaslu\u017euje hitne i efikasne sankcije od Europske unije\u201d, naveo je Genjac u pismu veleposlaniku Sattleru.<\/p>\n\n\n\n<p>\/HMS\/<\/p>\n","protected":false},"excerpt":{"rendered":"<p>Glavni tajnik SDA Halid Genjac uputio je pismo \u0161efu Delegacije Europske unije u BiH Johannu Sattleru u kojem iznosi poziciju predsjednika SDA Bakira Izetbegovi\u0107a vezano za usmeni poziv europskog povjerenika za pro\u0161irenje Olivera Varhelyija da 6. srpnja 2002. godine u Bruxellesu prisustvuje zajedni\u010dkom sastanku s predsjednicima SNSD-a i HDZ-a BiH, Miloradom Dodikom i Draganom \u010covi\u0107em. [&hellip;]<\/p>\n","protected":false},"author":2,"featured_media":0,"comment_status":"closed","ping_status":"closed","sticky":false,"template":"","format":"standard","meta":{"h5ap_radio_sources":[],"footnotes":""},"categories":[1],"tags":[],"class_list":["post-154638","post","type-post","status-publish","format-standard","hentry","category-bihiregija"],"yoast_head":"<!-- This site is optimized with the Yoast SEO plugin v27.5 - https:\/\/yoast.com\/product\/yoast-seo-wordpress\/ -->\n<title>Izetbegovi\u0107 odbio poziv Bruxellesa, ka\u017ee da on nije predstavnik bo\u0161njakog naroda - RADIO LJUBU\u0160KI<\/title>\n<meta name=\"robots\" content=\"index, follow, max-snippet:-1, max-image-preview:large, max-video-preview:-1\" \/>\n<link rel=\"canonical\" href=\"https:\/\/radioljubuski.ba\/index.php\/2022\/06\/29\/izetbegovic-odbio-poziv-bruxellesa-kaze-da-on-nije-predstavnik-bosnjakog-naroda\/\" \/>\n<meta property=\"og:locale\" content=\"hr_HR\" \/>\n<meta property=\"og:type\" content=\"article\" \/>\n<meta property=\"og:title\" content=\"Izetbegovi\u0107 odbio poziv Bruxellesa, ka\u017ee da on nije predstavnik bo\u0161njakog naroda - RADIO LJUBU\u0160KI\" \/>\n<meta property=\"og:description\" content=\"Glavni tajnik SDA Halid Genjac uputio je pismo \u0161efu Delegacije Europske unije u BiH Johannu Sattleru u kojem iznosi poziciju predsjednika SDA Bakira Izetbegovi\u0107a vezano za usmeni poziv europskog povjerenika za pro\u0161irenje Olivera Varhelyija da 6. srpnja 2002. godine u Bruxellesu prisustvuje zajedni\u010dkom sastanku s predsjednicima SNSD-a i HDZ-a BiH, Miloradom Dodikom i Draganom \u010covi\u0107em. [&hellip;]\" \/>\n<meta property=\"og:url\" content=\"https:\/\/radioljubuski.ba\/index.php\/2022\/06\/29\/izetbegovic-odbio-poziv-bruxellesa-kaze-da-on-nije-predstavnik-bosnjakog-naroda\/\" \/>\n<meta property=\"og:site_name\" content=\"RADIO LJUBU\u0160KI\" \/>\n<meta property=\"article:publisher\" content=\"https:\/\/www.facebook.com\/Radiio-Ljubuski-1490835324566332\" \/>\n<meta property=\"article:published_time\" content=\"2022-06-29T09:32:44+00:00\" \/>\n<meta property=\"article:modified_time\" content=\"2022-06-29T09:32:45+00:00\" \/>\n<meta property=\"og:image\" content=\"https:\/\/radioljubuski.ba\/wp-content\/uploads\/2021\/06\/tMKaB0Lr_BAKIRS.jpg\" \/>\n\t<meta property=\"og:image:width\" content=\"1000\" \/>\n\t<meta property=\"og:image:height\" content=\"625\" \/>\n\t<meta property=\"og:image:type\" content=\"image\/jpeg\" \/>\n<meta name=\"author\" content=\"Radio Ljubu\u0161ki\" \/>\n<meta name=\"twitter:card\" content=\"summary_large_image\" \/>\n<meta name=\"twitter:creator\" content=\"@radioljubuski\" \/>\n<meta name=\"twitter:site\" content=\"@radioljubuski\" \/>\n<meta name=\"twitter:label1\" content=\"Napisao\/la\" \/>\n\t<meta name=\"twitter:data1\" content=\"Radio Ljubu\u0161ki\" \/>\n\t<meta name=\"twitter:label2\" content=\"Procijenjeno vrijeme \u010ditanja\" \/>\n\t<meta name=\"twitter:data2\" content=\"2 minute\" \/>\n<script type=\"application\/ld+json\" class=\"yoast-schema-graph\">{\"@context\":\"https:\\\/\\\/schema.org\",\"@graph\":[{\"@type\":\"Article\",\"@id\":\"https:\\\/\\\/radioljubuski.ba\\\/index.php\\\/2022\\\/06\\\/29\\\/izetbegovic-odbio-poziv-bruxellesa-kaze-da-on-nije-predstavnik-bosnjakog-naroda\\\/#article\",\"isPartOf\":{\"@id\":\"https:\\\/\\\/radioljubuski.ba\\\/index.php\\\/2022\\\/06\\\/29\\\/izetbegovic-odbio-poziv-bruxellesa-kaze-da-on-nije-predstavnik-bosnjakog-naroda\\\/\"},\"author\":{\"name\":\"Radio Ljubu\u0161ki\",\"@id\":\"https:\\\/\\\/radioljubuski.ba\\\/#\\\/schema\\\/person\\\/19fc700381a780f69665d7956c469e3b\"},\"headline\":\"Izetbegovi\u0107 odbio poziv Bruxellesa, ka\u017ee da on nije predstavnik bo\u0161njakog naroda\",\"datePublished\":\"2022-06-29T09:32:44+00:00\",\"dateModified\":\"2022-06-29T09:32:45+00:00\",\"mainEntityOfPage\":{\"@id\":\"https:\\\/\\\/radioljubuski.ba\\\/index.php\\\/2022\\\/06\\\/29\\\/izetbegovic-odbio-poziv-bruxellesa-kaze-da-on-nije-predstavnik-bosnjakog-naroda\\\/\"},\"wordCount\":370,\"publisher\":{\"@id\":\"https:\\\/\\\/radioljubuski.ba\\\/#organization\"},\"articleSection\":[\"BIH i regija\"],\"inLanguage\":\"hr\"},{\"@type\":\"WebPage\",\"@id\":\"https:\\\/\\\/radioljubuski.ba\\\/index.php\\\/2022\\\/06\\\/29\\\/izetbegovic-odbio-poziv-bruxellesa-kaze-da-on-nije-predstavnik-bosnjakog-naroda\\\/\",\"url\":\"https:\\\/\\\/radioljubuski.ba\\\/index.php\\\/2022\\\/06\\\/29\\\/izetbegovic-odbio-poziv-bruxellesa-kaze-da-on-nije-predstavnik-bosnjakog-naroda\\\/\",\"name\":\"Izetbegovi\u0107 odbio poziv Bruxellesa, ka\u017ee da on nije predstavnik bo\u0161njakog naroda - RADIO LJUBU\u0160KI\",\"isPartOf\":{\"@id\":\"https:\\\/\\\/radioljubuski.ba\\\/#website\"},\"datePublished\":\"2022-06-29T09:32:44+00:00\",\"dateModified\":\"2022-06-29T09:32:45+00:00\",\"breadcrumb\":{\"@id\":\"https:\\\/\\\/radioljubuski.ba\\\/index.php\\\/2022\\\/06\\\/29\\\/izetbegovic-odbio-poziv-bruxellesa-kaze-da-on-nije-predstavnik-bosnjakog-naroda\\\/#breadcrumb\"},\"inLanguage\":\"hr\",\"potentialAction\":[{\"@type\":\"ReadAction\",\"target\":[\"https:\\\/\\\/radioljubuski.ba\\\/index.php\\\/2022\\\/06\\\/29\\\/izetbegovic-odbio-poziv-bruxellesa-kaze-da-on-nije-predstavnik-bosnjakog-naroda\\\/\"]}]},{\"@type\":\"BreadcrumbList\",\"@id\":\"https:\\\/\\\/radioljubuski.ba\\\/index.php\\\/2022\\\/06\\\/29\\\/izetbegovic-odbio-poziv-bruxellesa-kaze-da-on-nije-predstavnik-bosnjakog-naroda\\\/#breadcrumb\",\"itemListElement\":[{\"@type\":\"ListItem\",\"position\":1,\"name\":\"Po\u010detna stranica\",\"item\":\"https:\\\/\\\/radioljubuski.ba\\\/\"},{\"@type\":\"ListItem\",\"position\":2,\"name\":\"Izetbegovi\u0107 odbio poziv Bruxellesa, ka\u017ee da on nije predstavnik bo\u0161njakog naroda\"}]},{\"@type\":\"WebSite\",\"@id\":\"https:\\\/\\\/radioljubuski.ba\\\/#website\",\"url\":\"https:\\\/\\\/radioljubuski.ba\\\/\",\"name\":\"Radio Ljubu\u0161ki\",\"description\":\"Sun\u010dana frekvencija Hercegovine\",\"publisher\":{\"@id\":\"https:\\\/\\\/radioljubuski.ba\\\/#organization\"},\"potentialAction\":[{\"@type\":\"SearchAction\",\"target\":{\"@type\":\"EntryPoint\",\"urlTemplate\":\"https:\\\/\\\/radioljubuski.ba\\\/?s={search_term_string}\"},\"query-input\":{\"@type\":\"PropertyValueSpecification\",\"valueRequired\":true,\"valueName\":\"search_term_string\"}}],\"inLanguage\":\"hr\"},{\"@type\":\"Organization\",\"@id\":\"https:\\\/\\\/radioljubuski.ba\\\/#organization\",\"name\":\"Radio Ljubu\u0161ki\",\"url\":\"https:\\\/\\\/radioljubuski.ba\\\/\",\"logo\":{\"@type\":\"ImageObject\",\"inLanguage\":\"hr\",\"@id\":\"https:\\\/\\\/radioljubuski.ba\\\/#\\\/schema\\\/logo\\\/image\\\/\",\"url\":\"https:\\\/\\\/radioljubuski.ba\\\/wp-content\\\/uploads\\\/2021\\\/02\\\/cropped-Radio_Ljubuski_logo1.jpg\",\"contentUrl\":\"https:\\\/\\\/radioljubuski.ba\\\/wp-content\\\/uploads\\\/2021\\\/02\\\/cropped-Radio_Ljubuski_logo1.jpg\",\"width\":512,\"height\":512,\"caption\":\"Radio Ljubu\u0161ki\"},\"image\":{\"@id\":\"https:\\\/\\\/radioljubuski.ba\\\/#\\\/schema\\\/logo\\\/image\\\/\"},\"sameAs\":[\"https:\\\/\\\/www.facebook.com\\\/Radiio-Ljubuski-1490835324566332\",\"https:\\\/\\\/x.com\\\/radioljubuski\",\"https:\\\/\\\/hr.linkedin.com\\\/company\\\/radio-ljubuski\",\"https:\\\/\\\/www.youtube.com\\\/channel\\\/UCHYaeO_n0Db3tjNGudGpXyw\"]},{\"@type\":\"Person\",\"@id\":\"https:\\\/\\\/radioljubuski.ba\\\/#\\\/schema\\\/person\\\/19fc700381a780f69665d7956c469e3b\",\"name\":\"Radio Ljubu\u0161ki\"}]}<\/script>\n<!-- \/ Yoast SEO plugin. -->","yoast_head_json":{"title":"Izetbegovi\u0107 odbio poziv Bruxellesa, ka\u017ee da on nije predstavnik bo\u0161njakog naroda - RADIO LJUBU\u0160KI","robots":{"index":"index","follow":"follow","max-snippet":"max-snippet:-1","max-image-preview":"max-image-preview:large","max-video-preview":"max-video-preview:-1"},"canonical":"https:\/\/radioljubuski.ba\/index.php\/2022\/06\/29\/izetbegovic-odbio-poziv-bruxellesa-kaze-da-on-nije-predstavnik-bosnjakog-naroda\/","og_locale":"hr_HR","og_type":"article","og_title":"Izetbegovi\u0107 odbio poziv Bruxellesa, ka\u017ee da on nije predstavnik bo\u0161njakog naroda - RADIO LJUBU\u0160KI","og_description":"Glavni tajnik SDA Halid Genjac uputio je pismo \u0161efu Delegacije Europske unije u BiH Johannu Sattleru u kojem iznosi poziciju predsjednika SDA Bakira Izetbegovi\u0107a vezano za usmeni poziv europskog povjerenika za pro\u0161irenje Olivera Varhelyija da 6. srpnja 2002. godine u Bruxellesu prisustvuje zajedni\u010dkom sastanku s predsjednicima SNSD-a i HDZ-a BiH, Miloradom Dodikom i Draganom \u010covi\u0107em. [&hellip;]","og_url":"https:\/\/radioljubuski.ba\/index.php\/2022\/06\/29\/izetbegovic-odbio-poziv-bruxellesa-kaze-da-on-nije-predstavnik-bosnjakog-naroda\/","og_site_name":"RADIO LJUBU\u0160KI","article_publisher":"https:\/\/www.facebook.com\/Radiio-Ljubuski-1490835324566332","article_published_time":"2022-06-29T09:32:44+00:00","article_modified_time":"2022-06-29T09:32:45+00:00","og_image":[{"width":1000,"height":625,"url":"https:\/\/radioljubuski.ba\/wp-content\/uploads\/2021\/06\/tMKaB0Lr_BAKIRS.jpg","type":"image\/jpeg"}],"author":"Radio Ljubu\u0161ki","twitter_card":"summary_large_image","twitter_creator":"@radioljubuski","twitter_site":"@radioljubuski","twitter_misc":{"Napisao\/la":"Radio Ljubu\u0161ki","Procijenjeno vrijeme \u010ditanja":"2 minute"},"schema":{"@context":"https:\/\/schema.org","@graph":[{"@type":"Article","@id":"https:\/\/radioljubuski.ba\/index.php\/2022\/06\/29\/izetbegovic-odbio-poziv-bruxellesa-kaze-da-on-nije-predstavnik-bosnjakog-naroda\/#article","isPartOf":{"@id":"https:\/\/radioljubuski.ba\/index.php\/2022\/06\/29\/izetbegovic-odbio-poziv-bruxellesa-kaze-da-on-nije-predstavnik-bosnjakog-naroda\/"},"author":{"name":"Radio Ljubu\u0161ki","@id":"https:\/\/radioljubuski.ba\/#\/schema\/person\/19fc700381a780f69665d7956c469e3b"},"headline":"Izetbegovi\u0107 odbio poziv Bruxellesa, ka\u017ee da on nije predstavnik bo\u0161njakog naroda","datePublished":"2022-06-29T09:32:44+00:00","dateModified":"2022-06-29T09:32:45+00:00","mainEntityOfPage":{"@id":"https:\/\/radioljubuski.ba\/index.php\/2022\/06\/29\/izetbegovic-odbio-poziv-bruxellesa-kaze-da-on-nije-predstavnik-bosnjakog-naroda\/"},"wordCount":370,"publisher":{"@id":"https:\/\/radioljubuski.ba\/#organization"},"articleSection":["BIH i regija"],"inLanguage":"hr"},{"@type":"WebPage","@id":"https:\/\/radioljubuski.ba\/index.php\/2022\/06\/29\/izetbegovic-odbio-poziv-bruxellesa-kaze-da-on-nije-predstavnik-bosnjakog-naroda\/","url":"https:\/\/radioljubuski.ba\/index.php\/2022\/06\/29\/izetbegovic-odbio-poziv-bruxellesa-kaze-da-on-nije-predstavnik-bosnjakog-naroda\/","name":"Izetbegovi\u0107 odbio poziv Bruxellesa, ka\u017ee da on nije predstavnik bo\u0161njakog naroda - RADIO LJUBU\u0160KI","isPartOf":{"@id":"https:\/\/radioljubuski.ba\/#website"},"datePublished":"2022-06-29T09:32:44+00:00","dateModified":"2022-06-29T09:32:45+00:00","breadcrumb":{"@id":"https:\/\/radioljubuski.ba\/index.php\/2022\/06\/29\/izetbegovic-odbio-poziv-bruxellesa-kaze-da-on-nije-predstavnik-bosnjakog-naroda\/#breadcrumb"},"inLanguage":"hr","potentialAction":[{"@type":"ReadAction","target":["https:\/\/radioljubuski.ba\/index.php\/2022\/06\/29\/izetbegovic-odbio-poziv-bruxellesa-kaze-da-on-nije-predstavnik-bosnjakog-naroda\/"]}]},{"@type":"BreadcrumbList","@id":"https:\/\/radioljubuski.ba\/index.php\/2022\/06\/29\/izetbegovic-odbio-poziv-bruxellesa-kaze-da-on-nije-predstavnik-bosnjakog-naroda\/#breadcrumb","itemListElement":[{"@type":"ListItem","position":1,"name":"Po\u010detna stranica","item":"https:\/\/radioljubuski.ba\/"},{"@type":"ListItem","position":2,"name":"Izetbegovi\u0107 odbio poziv Bruxellesa, ka\u017ee da on nije predstavnik bo\u0161njakog naroda"}]},{"@type":"WebSite","@id":"https:\/\/radioljubuski.ba\/#website","url":"https:\/\/radioljubuski.ba\/","name":"Radio Ljubu\u0161ki","description":"Sun\u010dana frekvencija Hercegovine","publisher":{"@id":"https:\/\/radioljubuski.ba\/#organization"},"potentialAction":[{"@type":"SearchAction","target":{"@type":"EntryPoint","urlTemplate":"https:\/\/radioljubuski.ba\/?s={search_term_string}"},"query-input":{"@type":"PropertyValueSpecification","valueRequired":true,"valueName":"search_term_string"}}],"inLanguage":"hr"},{"@type":"Organization","@id":"https:\/\/radioljubuski.ba\/#organization","name":"Radio Ljubu\u0161ki","url":"https:\/\/radioljubuski.ba\/","logo":{"@type":"ImageObject","inLanguage":"hr","@id":"https:\/\/radioljubuski.ba\/#\/schema\/logo\/image\/","url":"https:\/\/radioljubuski.ba\/wp-content\/uploads\/2021\/02\/cropped-Radio_Ljubuski_logo1.jpg","contentUrl":"https:\/\/radioljubuski.ba\/wp-content\/uploads\/2021\/02\/cropped-Radio_Ljubuski_logo1.jpg","width":512,"height":512,"caption":"Radio Ljubu\u0161ki"},"image":{"@id":"https:\/\/radioljubuski.ba\/#\/schema\/logo\/image\/"},"sameAs":["https:\/\/www.facebook.com\/Radiio-Ljubuski-1490835324566332","https:\/\/x.com\/radioljubuski","https:\/\/hr.linkedin.com\/company\/radio-ljubuski","https:\/\/www.youtube.com\/channel\/UCHYaeO_n0Db3tjNGudGpXyw"]},{"@type":"Person","@id":"https:\/\/radioljubuski.ba\/#\/schema\/person\/19fc700381a780f69665d7956c469e3b","name":"Radio Ljubu\u0161ki"}]}},"_links":{"self":[{"href":"https:\/\/radioljubuski.ba\/index.php\/wp-json\/wp\/v2\/posts\/154638","targetHints":{"allow":["GET"]}}],"collection":[{"href":"https:\/\/radioljubuski.ba\/index.php\/wp-json\/wp\/v2\/posts"}],"about":[{"href":"https:\/\/radioljubuski.ba\/index.php\/wp-json\/wp\/v2\/types\/post"}],"author":[{"embeddable":true,"href":"https:\/\/radioljubuski.ba\/index.php\/wp-json\/wp\/v2\/users\/2"}],"replies":[{"embeddable":true,"href":"https:\/\/radioljubuski.ba\/index.php\/wp-json\/wp\/v2\/comments?post=154638"}],"version-history":[{"count":1,"href":"https:\/\/radioljubuski.ba\/index.php\/wp-json\/wp\/v2\/posts\/154638\/revisions"}],"predecessor-version":[{"id":154639,"href":"https:\/\/radioljubuski.ba\/index.php\/wp-json\/wp\/v2\/posts\/154638\/revisions\/154639"}],"wp:attachment":[{"href":"https:\/\/radioljubuski.ba\/index.php\/wp-json\/wp\/v2\/media?parent=154638"}],"wp:term":[{"taxonomy":"category","embeddable":true,"href":"https:\/\/radioljubuski.ba\/index.php\/wp-json\/wp\/v2\/categories?post=154638"},{"taxonomy":"post_tag","embeddable":true,"href":"https:\/\/radioljubuski.ba\/index.php\/wp-json\/wp\/v2\/tags?post=154638"}],"curies":[{"name":"wp","href":"https:\/\/api.w.org\/{rel}","templated":true}]}}