{"id":154742,"date":"2022-06-29T11:34:28","date_gmt":"2022-06-29T10:34:28","guid":{"rendered":"https:\/\/radioljubuski.ba\/?p=154742"},"modified":"2022-06-29T11:34:30","modified_gmt":"2022-06-29T10:34:30","slug":"marijana-soldo-od-svih-mojih-slika-najdraza-mi-je-ona-koju-sam-radila-prema-svjedocanstvu","status":"publish","type":"post","link":"https:\/\/radioljubuski.ba\/index.php\/2022\/06\/29\/marijana-soldo-od-svih-mojih-slika-najdraza-mi-je-ona-koju-sam-radila-prema-svjedocanstvu\/","title":{"rendered":"Marijana Soldo: Od svih mojih slika najdra\u017ea mi je ona koju sam radila prema svjedo\u010danstvu"},"content":{"rendered":"\n<p>Marijana Soldo mlada je \u0160irokobrije\u0161ka akademska slikarica. Izra\u0111uje slike i portrete, a osim slikanja bavi se i pjevanjem. Na\u0161a sugovornica je pored svih svojih aktivnosti na\u0161la vremena i odgovorila na nekoliko na\u0161ih pitanja<\/p>\n\n\n\n<p><strong><em>RAZGOVARALA: ZORICA \u0106AVAR<\/em><\/strong><\/p>\n\n\n\n<p><strong><em>Od kud ljubav prema slikarstvu?<\/em><\/strong><\/p>\n\n\n\n<p>Jo\u0161 odmalena sam voljela crtati i slikati.Tako jo\u0161 u sedmom razredu na drugoj Me\u0111unarodnoj izlo\u017ebi dje\u010djih radova u Trstu, na temu \u201e Moja slika o Bo\u017ei\u0107u\u201c Progla\u0161en je najboljim u kategoriji do 14 godina. To mi je bio jedan od prvih poticaja Kako bih se mogla dalje u tom smijeru razvijati i usavr\u0161avati.<\/p>\n\n\n\n<p><strong><em>Koliko godina se bavite slikarstvom?<\/em><\/strong><\/p>\n\n\n\n<p>Konkretno slikarstvom se bavim 9 godina to jest od upisa na akademiju.<\/p>\n\n\n\n<p><strong><em>Radite li u struci kao profesorica ili ste samostalna umjetnica?<\/em><\/strong><\/p>\n\n\n\n<p>Trenutno radim kao asistent u nastavi i kao samostalna urednica.<\/p>\n\n\n\n<p><strong><em>\u0160to Vam je dra\u017ee slikati portrete ili motive po svom izboru?<\/em><\/strong><\/p>\n\n\n\n<p>U\u017eivam u slikanju svih motiva ali kad bih morala birati naravno da je svakome dra\u017ee po svom izboru.<\/p>\n\n\n\n<p><strong><em>Koje je Va\u0161e najdra\u017ee umjetni\u010dko djelo?<\/em><\/strong><\/p>\n\n\n\n<p>Te\u0161ko je izdvojiti jer su mi sve slike posebne na svoj na\u010din ali evo nedavno sam radila jednu sliku prema svjedo\u010danstvu i tu bih sliku izvojila.<\/p>\n\n\n\n<p><strong><em>Iz kojih mjesta imate najvi\u0161e narud\u017ebi?<\/em><\/strong><\/p>\n\n\n\n<p>Narud\u017ebe pristi\u017eu iz svih zemalja regije pa i \u0161ire iz Hrvatske, Crne Gore, Njema\u010dke, \u0160vicarske, Poljske, Austrije.<\/p>\n\n\n\n<figure class=\"wp-block-image\"><img decoding=\"async\" src=\"https:\/\/storage.pogled.ba\/images\/6492\/cd8e\/230221\/original\/2-2022-06-29-12-26-31-0_FB_IMG_1655835212494.jpg\" alt=\"2-2022-06-29-12-26-31-0_FB_IMG_1655835212494.jpg\"\/><\/figure>\n\n\n\n<p>&nbsp; &nbsp; &nbsp; &nbsp; &nbsp; &nbsp; &nbsp; &nbsp; &nbsp; &nbsp; &nbsp; &nbsp; &nbsp; &nbsp; &nbsp; &nbsp; &nbsp; &nbsp; &nbsp; &nbsp; &nbsp; &nbsp; Slike na\u0161e sugovornice nikoga ne ostavljaju ravnodu\u0161nim&nbsp;<\/p>\n\n\n\n<p><strong><em>Kada ste otkrili da imate telent za pjevanje?<\/em><\/strong><\/p>\n\n\n\n<p>Odmalena sam otkrila talent za pjevanje jer su svi u obitelji glezbenici ali ga nisam previ\u0161e isticala jer sam bila zaokupljena slikanjem. Po\u0161to mi je mu\u017e glazbenik on me je potaknuo da poka\u017eem i vokalne sposobnosti.<\/p>\n\n\n\n<p><strong><em>Koliko vremena je potrebno ulo\u017eiti za jednu sliku?<\/em><\/strong><\/p>\n\n\n\n<p>Nekad je potrebno ulo\u017eiti 3 dana, a nekad 10. Zavisi od motiva, veli\u010dine slike i naravno moje koncentracije da to naslikam.<\/p>\n\n\n\n<p><strong><em>Imate li u planu u budu\u0107nosti imati izlo\u017ebu svojih radova?<\/em><\/strong><\/p>\n\n\n\n<p>Izlo\u017ebu imam u planu u skorijoj budu\u0107nosti ali trenutno zbog puno narud\u017ebi ne sti\u017eem se posvetiti radovima za izlo\u017ebu.<\/p>\n\n\n\n<p><strong><em>Mo\u017ee li se od umjetnosti \u017eivjeti?<\/em><\/strong><\/p>\n\n\n\n<p>Od umjetnosti se mo\u017ee \u017eivjeti. Ako \u010dovjek shvati ozbiljno bilo koji posao i unese sebe 100%, rezultat ne\u0107e izostati.<\/p>\n\n\n\n<p> Izvor: <a href=\"https:\/\/pogled.ba\/interview\/marijana-soldo-od-svih-mojih-slika-najdraza-mi-je-ona-koju-sam-radila-prema-svjedocanstvu\/249393\">Pogled.ba<\/a><\/p>\n","protected":false},"excerpt":{"rendered":"<p>Marijana Soldo mlada je \u0160irokobrije\u0161ka akademska slikarica. Izra\u0111uje slike i portrete, a osim slikanja bavi se i pjevanjem. Na\u0161a sugovornica je pored svih svojih aktivnosti na\u0161la vremena i odgovorila na nekoliko na\u0161ih pitanja RAZGOVARALA: ZORICA \u0106AVAR Od kud ljubav prema slikarstvu? Jo\u0161 odmalena sam voljela crtati i slikati.Tako jo\u0161 u sedmom razredu na drugoj Me\u0111unarodnoj [&hellip;]<\/p>\n","protected":false},"author":2,"featured_media":154743,"comment_status":"closed","ping_status":"closed","sticky":false,"template":"","format":"standard","meta":{"h5ap_radio_sources":[],"footnotes":""},"categories":[1],"tags":[],"class_list":["post-154742","post","type-post","status-publish","format-standard","has-post-thumbnail","hentry","category-bihiregija"],"yoast_head":"<!-- This site is optimized with the Yoast SEO plugin v27.5 - https:\/\/yoast.com\/product\/yoast-seo-wordpress\/ -->\n<title>Marijana Soldo: Od svih mojih slika najdra\u017ea mi je ona koju sam radila prema svjedo\u010danstvu - RADIO LJUBU\u0160KI<\/title>\n<meta name=\"robots\" content=\"index, follow, max-snippet:-1, max-image-preview:large, max-video-preview:-1\" \/>\n<link rel=\"canonical\" href=\"https:\/\/radioljubuski.ba\/index.php\/2022\/06\/29\/marijana-soldo-od-svih-mojih-slika-najdraza-mi-je-ona-koju-sam-radila-prema-svjedocanstvu\/\" \/>\n<meta property=\"og:locale\" content=\"hr_HR\" \/>\n<meta property=\"og:type\" content=\"article\" \/>\n<meta property=\"og:title\" content=\"Marijana Soldo: Od svih mojih slika najdra\u017ea mi je ona koju sam radila prema svjedo\u010danstvu - RADIO LJUBU\u0160KI\" \/>\n<meta property=\"og:description\" content=\"Marijana Soldo mlada je \u0160irokobrije\u0161ka akademska slikarica. Izra\u0111uje slike i portrete, a osim slikanja bavi se i pjevanjem. Na\u0161a sugovornica je pored svih svojih aktivnosti na\u0161la vremena i odgovorila na nekoliko na\u0161ih pitanja RAZGOVARALA: ZORICA \u0106AVAR Od kud ljubav prema slikarstvu? Jo\u0161 odmalena sam voljela crtati i slikati.Tako jo\u0161 u sedmom razredu na drugoj Me\u0111unarodnoj [&hellip;]\" \/>\n<meta property=\"og:url\" content=\"https:\/\/radioljubuski.ba\/index.php\/2022\/06\/29\/marijana-soldo-od-svih-mojih-slika-najdraza-mi-je-ona-koju-sam-radila-prema-svjedocanstvu\/\" \/>\n<meta property=\"og:site_name\" content=\"RADIO LJUBU\u0160KI\" \/>\n<meta property=\"article:publisher\" content=\"https:\/\/www.facebook.com\/Radiio-Ljubuski-1490835324566332\" \/>\n<meta property=\"article:published_time\" content=\"2022-06-29T10:34:28+00:00\" \/>\n<meta property=\"article:modified_time\" content=\"2022-06-29T10:34:30+00:00\" \/>\n<meta property=\"og:image\" content=\"https:\/\/radioljubuski.ba\/wp-content\/uploads\/2022\/06\/2-2022-06-29-12-26-39-marijana.jpg\" \/>\n\t<meta property=\"og:image:width\" content=\"1000\" \/>\n\t<meta property=\"og:image:height\" content=\"625\" \/>\n\t<meta property=\"og:image:type\" content=\"image\/jpeg\" \/>\n<meta name=\"author\" content=\"Radio Ljubu\u0161ki\" \/>\n<meta name=\"twitter:card\" content=\"summary_large_image\" \/>\n<meta name=\"twitter:creator\" content=\"@radioljubuski\" \/>\n<meta name=\"twitter:site\" content=\"@radioljubuski\" \/>\n<meta name=\"twitter:label1\" content=\"Napisao\/la\" \/>\n\t<meta name=\"twitter:data1\" content=\"Radio Ljubu\u0161ki\" \/>\n\t<meta name=\"twitter:label2\" content=\"Procijenjeno vrijeme \u010ditanja\" \/>\n\t<meta name=\"twitter:data2\" content=\"2 minute\" \/>\n<script type=\"application\/ld+json\" class=\"yoast-schema-graph\">{\"@context\":\"https:\\\/\\\/schema.org\",\"@graph\":[{\"@type\":\"Article\",\"@id\":\"https:\\\/\\\/radioljubuski.ba\\\/index.php\\\/2022\\\/06\\\/29\\\/marijana-soldo-od-svih-mojih-slika-najdraza-mi-je-ona-koju-sam-radila-prema-svjedocanstvu\\\/#article\",\"isPartOf\":{\"@id\":\"https:\\\/\\\/radioljubuski.ba\\\/index.php\\\/2022\\\/06\\\/29\\\/marijana-soldo-od-svih-mojih-slika-najdraza-mi-je-ona-koju-sam-radila-prema-svjedocanstvu\\\/\"},\"author\":{\"name\":\"Radio Ljubu\u0161ki\",\"@id\":\"https:\\\/\\\/radioljubuski.ba\\\/#\\\/schema\\\/person\\\/19fc700381a780f69665d7956c469e3b\"},\"headline\":\"Marijana Soldo: Od svih mojih slika najdra\u017ea mi je ona koju sam radila prema svjedo\u010danstvu\",\"datePublished\":\"2022-06-29T10:34:28+00:00\",\"dateModified\":\"2022-06-29T10:34:30+00:00\",\"mainEntityOfPage\":{\"@id\":\"https:\\\/\\\/radioljubuski.ba\\\/index.php\\\/2022\\\/06\\\/29\\\/marijana-soldo-od-svih-mojih-slika-najdraza-mi-je-ona-koju-sam-radila-prema-svjedocanstvu\\\/\"},\"wordCount\":431,\"publisher\":{\"@id\":\"https:\\\/\\\/radioljubuski.ba\\\/#organization\"},\"image\":{\"@id\":\"https:\\\/\\\/radioljubuski.ba\\\/index.php\\\/2022\\\/06\\\/29\\\/marijana-soldo-od-svih-mojih-slika-najdraza-mi-je-ona-koju-sam-radila-prema-svjedocanstvu\\\/#primaryimage\"},\"thumbnailUrl\":\"https:\\\/\\\/radioljubuski.ba\\\/wp-content\\\/uploads\\\/2022\\\/06\\\/2-2022-06-29-12-26-39-marijana.jpg\",\"articleSection\":[\"BIH i regija\"],\"inLanguage\":\"hr\"},{\"@type\":\"WebPage\",\"@id\":\"https:\\\/\\\/radioljubuski.ba\\\/index.php\\\/2022\\\/06\\\/29\\\/marijana-soldo-od-svih-mojih-slika-najdraza-mi-je-ona-koju-sam-radila-prema-svjedocanstvu\\\/\",\"url\":\"https:\\\/\\\/radioljubuski.ba\\\/index.php\\\/2022\\\/06\\\/29\\\/marijana-soldo-od-svih-mojih-slika-najdraza-mi-je-ona-koju-sam-radila-prema-svjedocanstvu\\\/\",\"name\":\"Marijana Soldo: Od svih mojih slika najdra\u017ea mi je ona koju sam radila prema svjedo\u010danstvu - RADIO LJUBU\u0160KI\",\"isPartOf\":{\"@id\":\"https:\\\/\\\/radioljubuski.ba\\\/#website\"},\"primaryImageOfPage\":{\"@id\":\"https:\\\/\\\/radioljubuski.ba\\\/index.php\\\/2022\\\/06\\\/29\\\/marijana-soldo-od-svih-mojih-slika-najdraza-mi-je-ona-koju-sam-radila-prema-svjedocanstvu\\\/#primaryimage\"},\"image\":{\"@id\":\"https:\\\/\\\/radioljubuski.ba\\\/index.php\\\/2022\\\/06\\\/29\\\/marijana-soldo-od-svih-mojih-slika-najdraza-mi-je-ona-koju-sam-radila-prema-svjedocanstvu\\\/#primaryimage\"},\"thumbnailUrl\":\"https:\\\/\\\/radioljubuski.ba\\\/wp-content\\\/uploads\\\/2022\\\/06\\\/2-2022-06-29-12-26-39-marijana.jpg\",\"datePublished\":\"2022-06-29T10:34:28+00:00\",\"dateModified\":\"2022-06-29T10:34:30+00:00\",\"breadcrumb\":{\"@id\":\"https:\\\/\\\/radioljubuski.ba\\\/index.php\\\/2022\\\/06\\\/29\\\/marijana-soldo-od-svih-mojih-slika-najdraza-mi-je-ona-koju-sam-radila-prema-svjedocanstvu\\\/#breadcrumb\"},\"inLanguage\":\"hr\",\"potentialAction\":[{\"@type\":\"ReadAction\",\"target\":[\"https:\\\/\\\/radioljubuski.ba\\\/index.php\\\/2022\\\/06\\\/29\\\/marijana-soldo-od-svih-mojih-slika-najdraza-mi-je-ona-koju-sam-radila-prema-svjedocanstvu\\\/\"]}]},{\"@type\":\"ImageObject\",\"inLanguage\":\"hr\",\"@id\":\"https:\\\/\\\/radioljubuski.ba\\\/index.php\\\/2022\\\/06\\\/29\\\/marijana-soldo-od-svih-mojih-slika-najdraza-mi-je-ona-koju-sam-radila-prema-svjedocanstvu\\\/#primaryimage\",\"url\":\"https:\\\/\\\/radioljubuski.ba\\\/wp-content\\\/uploads\\\/2022\\\/06\\\/2-2022-06-29-12-26-39-marijana.jpg\",\"contentUrl\":\"https:\\\/\\\/radioljubuski.ba\\\/wp-content\\\/uploads\\\/2022\\\/06\\\/2-2022-06-29-12-26-39-marijana.jpg\",\"width\":1000,\"height\":625},{\"@type\":\"BreadcrumbList\",\"@id\":\"https:\\\/\\\/radioljubuski.ba\\\/index.php\\\/2022\\\/06\\\/29\\\/marijana-soldo-od-svih-mojih-slika-najdraza-mi-je-ona-koju-sam-radila-prema-svjedocanstvu\\\/#breadcrumb\",\"itemListElement\":[{\"@type\":\"ListItem\",\"position\":1,\"name\":\"Po\u010detna stranica\",\"item\":\"https:\\\/\\\/radioljubuski.ba\\\/\"},{\"@type\":\"ListItem\",\"position\":2,\"name\":\"Marijana Soldo: Od svih mojih slika najdra\u017ea mi je ona koju sam radila prema svjedo\u010danstvu\"}]},{\"@type\":\"WebSite\",\"@id\":\"https:\\\/\\\/radioljubuski.ba\\\/#website\",\"url\":\"https:\\\/\\\/radioljubuski.ba\\\/\",\"name\":\"Radio Ljubu\u0161ki\",\"description\":\"Sun\u010dana frekvencija Hercegovine\",\"publisher\":{\"@id\":\"https:\\\/\\\/radioljubuski.ba\\\/#organization\"},\"potentialAction\":[{\"@type\":\"SearchAction\",\"target\":{\"@type\":\"EntryPoint\",\"urlTemplate\":\"https:\\\/\\\/radioljubuski.ba\\\/?s={search_term_string}\"},\"query-input\":{\"@type\":\"PropertyValueSpecification\",\"valueRequired\":true,\"valueName\":\"search_term_string\"}}],\"inLanguage\":\"hr\"},{\"@type\":\"Organization\",\"@id\":\"https:\\\/\\\/radioljubuski.ba\\\/#organization\",\"name\":\"Radio Ljubu\u0161ki\",\"url\":\"https:\\\/\\\/radioljubuski.ba\\\/\",\"logo\":{\"@type\":\"ImageObject\",\"inLanguage\":\"hr\",\"@id\":\"https:\\\/\\\/radioljubuski.ba\\\/#\\\/schema\\\/logo\\\/image\\\/\",\"url\":\"https:\\\/\\\/radioljubuski.ba\\\/wp-content\\\/uploads\\\/2021\\\/02\\\/cropped-Radio_Ljubuski_logo1.jpg\",\"contentUrl\":\"https:\\\/\\\/radioljubuski.ba\\\/wp-content\\\/uploads\\\/2021\\\/02\\\/cropped-Radio_Ljubuski_logo1.jpg\",\"width\":512,\"height\":512,\"caption\":\"Radio Ljubu\u0161ki\"},\"image\":{\"@id\":\"https:\\\/\\\/radioljubuski.ba\\\/#\\\/schema\\\/logo\\\/image\\\/\"},\"sameAs\":[\"https:\\\/\\\/www.facebook.com\\\/Radiio-Ljubuski-1490835324566332\",\"https:\\\/\\\/x.com\\\/radioljubuski\",\"https:\\\/\\\/hr.linkedin.com\\\/company\\\/radio-ljubuski\",\"https:\\\/\\\/www.youtube.com\\\/channel\\\/UCHYaeO_n0Db3tjNGudGpXyw\"]},{\"@type\":\"Person\",\"@id\":\"https:\\\/\\\/radioljubuski.ba\\\/#\\\/schema\\\/person\\\/19fc700381a780f69665d7956c469e3b\",\"name\":\"Radio Ljubu\u0161ki\"}]}<\/script>\n<!-- \/ Yoast SEO plugin. -->","yoast_head_json":{"title":"Marijana Soldo: Od svih mojih slika najdra\u017ea mi je ona koju sam radila prema svjedo\u010danstvu - RADIO LJUBU\u0160KI","robots":{"index":"index","follow":"follow","max-snippet":"max-snippet:-1","max-image-preview":"max-image-preview:large","max-video-preview":"max-video-preview:-1"},"canonical":"https:\/\/radioljubuski.ba\/index.php\/2022\/06\/29\/marijana-soldo-od-svih-mojih-slika-najdraza-mi-je-ona-koju-sam-radila-prema-svjedocanstvu\/","og_locale":"hr_HR","og_type":"article","og_title":"Marijana Soldo: Od svih mojih slika najdra\u017ea mi je ona koju sam radila prema svjedo\u010danstvu - RADIO LJUBU\u0160KI","og_description":"Marijana Soldo mlada je \u0160irokobrije\u0161ka akademska slikarica. Izra\u0111uje slike i portrete, a osim slikanja bavi se i pjevanjem. Na\u0161a sugovornica je pored svih svojih aktivnosti na\u0161la vremena i odgovorila na nekoliko na\u0161ih pitanja RAZGOVARALA: ZORICA \u0106AVAR Od kud ljubav prema slikarstvu? Jo\u0161 odmalena sam voljela crtati i slikati.Tako jo\u0161 u sedmom razredu na drugoj Me\u0111unarodnoj [&hellip;]","og_url":"https:\/\/radioljubuski.ba\/index.php\/2022\/06\/29\/marijana-soldo-od-svih-mojih-slika-najdraza-mi-je-ona-koju-sam-radila-prema-svjedocanstvu\/","og_site_name":"RADIO LJUBU\u0160KI","article_publisher":"https:\/\/www.facebook.com\/Radiio-Ljubuski-1490835324566332","article_published_time":"2022-06-29T10:34:28+00:00","article_modified_time":"2022-06-29T10:34:30+00:00","og_image":[{"width":1000,"height":625,"url":"https:\/\/radioljubuski.ba\/wp-content\/uploads\/2022\/06\/2-2022-06-29-12-26-39-marijana.jpg","type":"image\/jpeg"}],"author":"Radio Ljubu\u0161ki","twitter_card":"summary_large_image","twitter_creator":"@radioljubuski","twitter_site":"@radioljubuski","twitter_misc":{"Napisao\/la":"Radio Ljubu\u0161ki","Procijenjeno vrijeme \u010ditanja":"2 minute"},"schema":{"@context":"https:\/\/schema.org","@graph":[{"@type":"Article","@id":"https:\/\/radioljubuski.ba\/index.php\/2022\/06\/29\/marijana-soldo-od-svih-mojih-slika-najdraza-mi-je-ona-koju-sam-radila-prema-svjedocanstvu\/#article","isPartOf":{"@id":"https:\/\/radioljubuski.ba\/index.php\/2022\/06\/29\/marijana-soldo-od-svih-mojih-slika-najdraza-mi-je-ona-koju-sam-radila-prema-svjedocanstvu\/"},"author":{"name":"Radio Ljubu\u0161ki","@id":"https:\/\/radioljubuski.ba\/#\/schema\/person\/19fc700381a780f69665d7956c469e3b"},"headline":"Marijana Soldo: Od svih mojih slika najdra\u017ea mi je ona koju sam radila prema svjedo\u010danstvu","datePublished":"2022-06-29T10:34:28+00:00","dateModified":"2022-06-29T10:34:30+00:00","mainEntityOfPage":{"@id":"https:\/\/radioljubuski.ba\/index.php\/2022\/06\/29\/marijana-soldo-od-svih-mojih-slika-najdraza-mi-je-ona-koju-sam-radila-prema-svjedocanstvu\/"},"wordCount":431,"publisher":{"@id":"https:\/\/radioljubuski.ba\/#organization"},"image":{"@id":"https:\/\/radioljubuski.ba\/index.php\/2022\/06\/29\/marijana-soldo-od-svih-mojih-slika-najdraza-mi-je-ona-koju-sam-radila-prema-svjedocanstvu\/#primaryimage"},"thumbnailUrl":"https:\/\/radioljubuski.ba\/wp-content\/uploads\/2022\/06\/2-2022-06-29-12-26-39-marijana.jpg","articleSection":["BIH i regija"],"inLanguage":"hr"},{"@type":"WebPage","@id":"https:\/\/radioljubuski.ba\/index.php\/2022\/06\/29\/marijana-soldo-od-svih-mojih-slika-najdraza-mi-je-ona-koju-sam-radila-prema-svjedocanstvu\/","url":"https:\/\/radioljubuski.ba\/index.php\/2022\/06\/29\/marijana-soldo-od-svih-mojih-slika-najdraza-mi-je-ona-koju-sam-radila-prema-svjedocanstvu\/","name":"Marijana Soldo: Od svih mojih slika najdra\u017ea mi je ona koju sam radila prema svjedo\u010danstvu - RADIO LJUBU\u0160KI","isPartOf":{"@id":"https:\/\/radioljubuski.ba\/#website"},"primaryImageOfPage":{"@id":"https:\/\/radioljubuski.ba\/index.php\/2022\/06\/29\/marijana-soldo-od-svih-mojih-slika-najdraza-mi-je-ona-koju-sam-radila-prema-svjedocanstvu\/#primaryimage"},"image":{"@id":"https:\/\/radioljubuski.ba\/index.php\/2022\/06\/29\/marijana-soldo-od-svih-mojih-slika-najdraza-mi-je-ona-koju-sam-radila-prema-svjedocanstvu\/#primaryimage"},"thumbnailUrl":"https:\/\/radioljubuski.ba\/wp-content\/uploads\/2022\/06\/2-2022-06-29-12-26-39-marijana.jpg","datePublished":"2022-06-29T10:34:28+00:00","dateModified":"2022-06-29T10:34:30+00:00","breadcrumb":{"@id":"https:\/\/radioljubuski.ba\/index.php\/2022\/06\/29\/marijana-soldo-od-svih-mojih-slika-najdraza-mi-je-ona-koju-sam-radila-prema-svjedocanstvu\/#breadcrumb"},"inLanguage":"hr","potentialAction":[{"@type":"ReadAction","target":["https:\/\/radioljubuski.ba\/index.php\/2022\/06\/29\/marijana-soldo-od-svih-mojih-slika-najdraza-mi-je-ona-koju-sam-radila-prema-svjedocanstvu\/"]}]},{"@type":"ImageObject","inLanguage":"hr","@id":"https:\/\/radioljubuski.ba\/index.php\/2022\/06\/29\/marijana-soldo-od-svih-mojih-slika-najdraza-mi-je-ona-koju-sam-radila-prema-svjedocanstvu\/#primaryimage","url":"https:\/\/radioljubuski.ba\/wp-content\/uploads\/2022\/06\/2-2022-06-29-12-26-39-marijana.jpg","contentUrl":"https:\/\/radioljubuski.ba\/wp-content\/uploads\/2022\/06\/2-2022-06-29-12-26-39-marijana.jpg","width":1000,"height":625},{"@type":"BreadcrumbList","@id":"https:\/\/radioljubuski.ba\/index.php\/2022\/06\/29\/marijana-soldo-od-svih-mojih-slika-najdraza-mi-je-ona-koju-sam-radila-prema-svjedocanstvu\/#breadcrumb","itemListElement":[{"@type":"ListItem","position":1,"name":"Po\u010detna stranica","item":"https:\/\/radioljubuski.ba\/"},{"@type":"ListItem","position":2,"name":"Marijana Soldo: Od svih mojih slika najdra\u017ea mi je ona koju sam radila prema svjedo\u010danstvu"}]},{"@type":"WebSite","@id":"https:\/\/radioljubuski.ba\/#website","url":"https:\/\/radioljubuski.ba\/","name":"Radio Ljubu\u0161ki","description":"Sun\u010dana frekvencija Hercegovine","publisher":{"@id":"https:\/\/radioljubuski.ba\/#organization"},"potentialAction":[{"@type":"SearchAction","target":{"@type":"EntryPoint","urlTemplate":"https:\/\/radioljubuski.ba\/?s={search_term_string}"},"query-input":{"@type":"PropertyValueSpecification","valueRequired":true,"valueName":"search_term_string"}}],"inLanguage":"hr"},{"@type":"Organization","@id":"https:\/\/radioljubuski.ba\/#organization","name":"Radio Ljubu\u0161ki","url":"https:\/\/radioljubuski.ba\/","logo":{"@type":"ImageObject","inLanguage":"hr","@id":"https:\/\/radioljubuski.ba\/#\/schema\/logo\/image\/","url":"https:\/\/radioljubuski.ba\/wp-content\/uploads\/2021\/02\/cropped-Radio_Ljubuski_logo1.jpg","contentUrl":"https:\/\/radioljubuski.ba\/wp-content\/uploads\/2021\/02\/cropped-Radio_Ljubuski_logo1.jpg","width":512,"height":512,"caption":"Radio Ljubu\u0161ki"},"image":{"@id":"https:\/\/radioljubuski.ba\/#\/schema\/logo\/image\/"},"sameAs":["https:\/\/www.facebook.com\/Radiio-Ljubuski-1490835324566332","https:\/\/x.com\/radioljubuski","https:\/\/hr.linkedin.com\/company\/radio-ljubuski","https:\/\/www.youtube.com\/channel\/UCHYaeO_n0Db3tjNGudGpXyw"]},{"@type":"Person","@id":"https:\/\/radioljubuski.ba\/#\/schema\/person\/19fc700381a780f69665d7956c469e3b","name":"Radio Ljubu\u0161ki"}]}},"_links":{"self":[{"href":"https:\/\/radioljubuski.ba\/index.php\/wp-json\/wp\/v2\/posts\/154742","targetHints":{"allow":["GET"]}}],"collection":[{"href":"https:\/\/radioljubuski.ba\/index.php\/wp-json\/wp\/v2\/posts"}],"about":[{"href":"https:\/\/radioljubuski.ba\/index.php\/wp-json\/wp\/v2\/types\/post"}],"author":[{"embeddable":true,"href":"https:\/\/radioljubuski.ba\/index.php\/wp-json\/wp\/v2\/users\/2"}],"replies":[{"embeddable":true,"href":"https:\/\/radioljubuski.ba\/index.php\/wp-json\/wp\/v2\/comments?post=154742"}],"version-history":[{"count":1,"href":"https:\/\/radioljubuski.ba\/index.php\/wp-json\/wp\/v2\/posts\/154742\/revisions"}],"predecessor-version":[{"id":154744,"href":"https:\/\/radioljubuski.ba\/index.php\/wp-json\/wp\/v2\/posts\/154742\/revisions\/154744"}],"wp:featuredmedia":[{"embeddable":true,"href":"https:\/\/radioljubuski.ba\/index.php\/wp-json\/wp\/v2\/media\/154743"}],"wp:attachment":[{"href":"https:\/\/radioljubuski.ba\/index.php\/wp-json\/wp\/v2\/media?parent=154742"}],"wp:term":[{"taxonomy":"category","embeddable":true,"href":"https:\/\/radioljubuski.ba\/index.php\/wp-json\/wp\/v2\/categories?post=154742"},{"taxonomy":"post_tag","embeddable":true,"href":"https:\/\/radioljubuski.ba\/index.php\/wp-json\/wp\/v2\/tags?post=154742"}],"curies":[{"name":"wp","href":"https:\/\/api.w.org\/{rel}","templated":true}]}}