{"id":154780,"date":"2022-06-29T12:37:21","date_gmt":"2022-06-29T11:37:21","guid":{"rendered":"https:\/\/radioljubuski.ba\/?p=154780"},"modified":"2022-06-29T12:37:23","modified_gmt":"2022-06-29T11:37:23","slug":"doncic-uvijek-se-iznenadim-kad-igram-protiv-bogdanovica","status":"publish","type":"post","link":"https:\/\/radioljubuski.ba\/index.php\/2022\/06\/29\/doncic-uvijek-se-iznenadim-kad-igram-protiv-bogdanovica\/","title":{"rendered":"Don\u010di\u0107: Uvijek se iznenadim kad igram protiv Bogdanovi\u0107a"},"content":{"rendered":"\n<p>Hrvatski ko\u0161arka\u0161i u \u010detvrtak od 20:15 u Ljubljani protiv Slovenije igraju susret petog gola skupine C kvalifikacija za Svjetsko prvenstvo 2023. Najve\u0107a zvijezda slovenske reprezentacije je Luka Don\u010di\u0107, koji je sa suigra\u010dem Goranom Dragi\u0107em na konferenciji za medije najavio utakmicu.<\/p>\n\n\n\n<p>Zvijezda Dallas Mavericksa na pitanje novinara odgovorila je kako ne osje\u0107a pritisak igranja pred punom dvoranom. Na pitanje o fizi\u010dkoj pripremljenosti, Don\u010di\u0107 je \u0161ale\u0107i se odgovorio kako je ostario: &#8220;Ljutio bih se kada bih reagirao na kritike. Ne slu\u0161am ih i ne zanimaju me&#8221;, istaknuo je.<\/p>\n\n\n\n<p>Slovenija je 2017. godine osvojila Eurobasket. &#8220;Svi na Sloveniju gledaju kao reprezentaciju koja je sposobna pobje\u0111ivati. Svaku utakmicu moramo pokazati da smo europski prvaci. Svaka utakmica \u010dini pritisak, to nas motivira&#8221;, tvrdi Don\u010di\u0107. &#8220;Vi\u0161e nema podcjenjivanja, svi nas \u017eele pobijediti. Znamo svoje kvalitete&#8221;, dodao je Dragi\u0107.<\/p>\n\n\n\n<p>&#8220;Bogdanovi\u0107 je vo\u0111a&#8221;<\/p>\n\n\n\n<p>&#8220;Sretan sam \u0161to ljudi \u017eele moj autogram i \u0161to kupuju dresove&#8221;, potvrdio je Don\u010di\u0107. Dragi\u0107 je opisao kako je Don\u010di\u0107 i prije pet godina pokazao \u0161to mo\u017ee. Uvjeren je da naslov iz 2017. ne bi osvojili bez njega, iako je imao samo 18 godina.<\/p>\n\n\n\n<p>&#8220;Obje \u0107e ekipe tra\u017eiti pobjedu. Hrvatska s Hezonjom, Zupcem, Bogdanovi\u0107em i ostalima ima dobru reprezentaciju. Me\u0111utim, pobje\u0111uje mom\u010dad, ne pojedinci. Ne\u0107emo podcijeniti Hrvatsku. Igramo kod ku\u0107e i napravit \u0107emo sve kako bismo bili pravi&#8221;, poru\u010dio je Dragi\u0107.<\/p>\n\n\n\n<p>&#8220;Hrvatska ima dobre igra\u010de, njih trojica su stvarno opasni, posebno Bogdanovi\u0107 kao vo\u0111a. Uvijek se iznenadim kada u NBA-u igram protiv Bogdanovi\u0107a \u0161to nije&nbsp;vi\u0161e kori\u0161ten. Morat \u0107emo se fokusirati na njega&#8221;, vjeruje Don\u010di\u0107.<\/p>\n\n\n\n<p>Izvor:pogled.ba<\/p>\n","protected":false},"excerpt":{"rendered":"<p>Hrvatski ko\u0161arka\u0161i u \u010detvrtak od 20:15 u Ljubljani protiv Slovenije igraju susret petog gola skupine C kvalifikacija za Svjetsko prvenstvo 2023. Najve\u0107a zvijezda slovenske reprezentacije je Luka Don\u010di\u0107, koji je sa suigra\u010dem Goranom Dragi\u0107em na konferenciji za medije najavio utakmicu. Zvijezda Dallas Mavericksa na pitanje novinara odgovorila je kako ne osje\u0107a pritisak igranja pred punom [&hellip;]<\/p>\n","protected":false},"author":2,"featured_media":154781,"comment_status":"closed","ping_status":"closed","sticky":false,"template":"","format":"standard","meta":{"h5ap_radio_sources":[],"footnotes":""},"categories":[7],"tags":[],"class_list":["post-154780","post","type-post","status-publish","format-standard","has-post-thumbnail","hentry","category-sport"],"yoast_head":"<!-- This site is optimized with the Yoast SEO plugin v27.5 - https:\/\/yoast.com\/product\/yoast-seo-wordpress\/ -->\n<title>Don\u010di\u0107: Uvijek se iznenadim kad igram protiv Bogdanovi\u0107a - RADIO LJUBU\u0160KI<\/title>\n<meta name=\"robots\" content=\"index, follow, max-snippet:-1, max-image-preview:large, max-video-preview:-1\" \/>\n<link rel=\"canonical\" href=\"https:\/\/radioljubuski.ba\/index.php\/2022\/06\/29\/doncic-uvijek-se-iznenadim-kad-igram-protiv-bogdanovica\/\" \/>\n<meta property=\"og:locale\" content=\"hr_HR\" \/>\n<meta property=\"og:type\" content=\"article\" \/>\n<meta property=\"og:title\" content=\"Don\u010di\u0107: Uvijek se iznenadim kad igram protiv Bogdanovi\u0107a - RADIO LJUBU\u0160KI\" \/>\n<meta property=\"og:description\" content=\"Hrvatski ko\u0161arka\u0161i u \u010detvrtak od 20:15 u Ljubljani protiv Slovenije igraju susret petog gola skupine C kvalifikacija za Svjetsko prvenstvo 2023. Najve\u0107a zvijezda slovenske reprezentacije je Luka Don\u010di\u0107, koji je sa suigra\u010dem Goranom Dragi\u0107em na konferenciji za medije najavio utakmicu. Zvijezda Dallas Mavericksa na pitanje novinara odgovorila je kako ne osje\u0107a pritisak igranja pred punom [&hellip;]\" \/>\n<meta property=\"og:url\" content=\"https:\/\/radioljubuski.ba\/index.php\/2022\/06\/29\/doncic-uvijek-se-iznenadim-kad-igram-protiv-bogdanovica\/\" \/>\n<meta property=\"og:site_name\" content=\"RADIO LJUBU\u0160KI\" \/>\n<meta property=\"article:publisher\" content=\"https:\/\/www.facebook.com\/Radiio-Ljubuski-1490835324566332\" \/>\n<meta property=\"article:published_time\" content=\"2022-06-29T11:37:21+00:00\" \/>\n<meta property=\"article:modified_time\" content=\"2022-06-29T11:37:23+00:00\" \/>\n<meta property=\"og:image\" content=\"https:\/\/radioljubuski.ba\/wp-content\/uploads\/2022\/06\/10-2022-06-28-19-14-15-Snimka-zaslona-2022-06-28-191236.jpg\" \/>\n\t<meta property=\"og:image:width\" content=\"1000\" \/>\n\t<meta property=\"og:image:height\" content=\"625\" \/>\n\t<meta property=\"og:image:type\" content=\"image\/jpeg\" \/>\n<meta name=\"author\" content=\"Radio Ljubu\u0161ki\" \/>\n<meta name=\"twitter:card\" content=\"summary_large_image\" \/>\n<meta name=\"twitter:creator\" content=\"@radioljubuski\" \/>\n<meta name=\"twitter:site\" content=\"@radioljubuski\" \/>\n<meta name=\"twitter:label1\" content=\"Napisao\/la\" \/>\n\t<meta name=\"twitter:data1\" content=\"Radio Ljubu\u0161ki\" \/>\n\t<meta name=\"twitter:label2\" content=\"Procijenjeno vrijeme \u010ditanja\" \/>\n\t<meta name=\"twitter:data2\" content=\"2 minute\" \/>\n<script type=\"application\/ld+json\" class=\"yoast-schema-graph\">{\"@context\":\"https:\\\/\\\/schema.org\",\"@graph\":[{\"@type\":\"Article\",\"@id\":\"https:\\\/\\\/radioljubuski.ba\\\/index.php\\\/2022\\\/06\\\/29\\\/doncic-uvijek-se-iznenadim-kad-igram-protiv-bogdanovica\\\/#article\",\"isPartOf\":{\"@id\":\"https:\\\/\\\/radioljubuski.ba\\\/index.php\\\/2022\\\/06\\\/29\\\/doncic-uvijek-se-iznenadim-kad-igram-protiv-bogdanovica\\\/\"},\"author\":{\"name\":\"Radio Ljubu\u0161ki\",\"@id\":\"https:\\\/\\\/radioljubuski.ba\\\/#\\\/schema\\\/person\\\/19fc700381a780f69665d7956c469e3b\"},\"headline\":\"Don\u010di\u0107: Uvijek se iznenadim kad igram protiv Bogdanovi\u0107a\",\"datePublished\":\"2022-06-29T11:37:21+00:00\",\"dateModified\":\"2022-06-29T11:37:23+00:00\",\"mainEntityOfPage\":{\"@id\":\"https:\\\/\\\/radioljubuski.ba\\\/index.php\\\/2022\\\/06\\\/29\\\/doncic-uvijek-se-iznenadim-kad-igram-protiv-bogdanovica\\\/\"},\"wordCount\":291,\"publisher\":{\"@id\":\"https:\\\/\\\/radioljubuski.ba\\\/#organization\"},\"image\":{\"@id\":\"https:\\\/\\\/radioljubuski.ba\\\/index.php\\\/2022\\\/06\\\/29\\\/doncic-uvijek-se-iznenadim-kad-igram-protiv-bogdanovica\\\/#primaryimage\"},\"thumbnailUrl\":\"https:\\\/\\\/radioljubuski.ba\\\/wp-content\\\/uploads\\\/2022\\\/06\\\/10-2022-06-28-19-14-15-Snimka-zaslona-2022-06-28-191236.jpg\",\"articleSection\":[\"\u0160port\"],\"inLanguage\":\"hr\"},{\"@type\":\"WebPage\",\"@id\":\"https:\\\/\\\/radioljubuski.ba\\\/index.php\\\/2022\\\/06\\\/29\\\/doncic-uvijek-se-iznenadim-kad-igram-protiv-bogdanovica\\\/\",\"url\":\"https:\\\/\\\/radioljubuski.ba\\\/index.php\\\/2022\\\/06\\\/29\\\/doncic-uvijek-se-iznenadim-kad-igram-protiv-bogdanovica\\\/\",\"name\":\"Don\u010di\u0107: Uvijek se iznenadim kad igram protiv Bogdanovi\u0107a - RADIO LJUBU\u0160KI\",\"isPartOf\":{\"@id\":\"https:\\\/\\\/radioljubuski.ba\\\/#website\"},\"primaryImageOfPage\":{\"@id\":\"https:\\\/\\\/radioljubuski.ba\\\/index.php\\\/2022\\\/06\\\/29\\\/doncic-uvijek-se-iznenadim-kad-igram-protiv-bogdanovica\\\/#primaryimage\"},\"image\":{\"@id\":\"https:\\\/\\\/radioljubuski.ba\\\/index.php\\\/2022\\\/06\\\/29\\\/doncic-uvijek-se-iznenadim-kad-igram-protiv-bogdanovica\\\/#primaryimage\"},\"thumbnailUrl\":\"https:\\\/\\\/radioljubuski.ba\\\/wp-content\\\/uploads\\\/2022\\\/06\\\/10-2022-06-28-19-14-15-Snimka-zaslona-2022-06-28-191236.jpg\",\"datePublished\":\"2022-06-29T11:37:21+00:00\",\"dateModified\":\"2022-06-29T11:37:23+00:00\",\"breadcrumb\":{\"@id\":\"https:\\\/\\\/radioljubuski.ba\\\/index.php\\\/2022\\\/06\\\/29\\\/doncic-uvijek-se-iznenadim-kad-igram-protiv-bogdanovica\\\/#breadcrumb\"},\"inLanguage\":\"hr\",\"potentialAction\":[{\"@type\":\"ReadAction\",\"target\":[\"https:\\\/\\\/radioljubuski.ba\\\/index.php\\\/2022\\\/06\\\/29\\\/doncic-uvijek-se-iznenadim-kad-igram-protiv-bogdanovica\\\/\"]}]},{\"@type\":\"ImageObject\",\"inLanguage\":\"hr\",\"@id\":\"https:\\\/\\\/radioljubuski.ba\\\/index.php\\\/2022\\\/06\\\/29\\\/doncic-uvijek-se-iznenadim-kad-igram-protiv-bogdanovica\\\/#primaryimage\",\"url\":\"https:\\\/\\\/radioljubuski.ba\\\/wp-content\\\/uploads\\\/2022\\\/06\\\/10-2022-06-28-19-14-15-Snimka-zaslona-2022-06-28-191236.jpg\",\"contentUrl\":\"https:\\\/\\\/radioljubuski.ba\\\/wp-content\\\/uploads\\\/2022\\\/06\\\/10-2022-06-28-19-14-15-Snimka-zaslona-2022-06-28-191236.jpg\",\"width\":1000,\"height\":625},{\"@type\":\"BreadcrumbList\",\"@id\":\"https:\\\/\\\/radioljubuski.ba\\\/index.php\\\/2022\\\/06\\\/29\\\/doncic-uvijek-se-iznenadim-kad-igram-protiv-bogdanovica\\\/#breadcrumb\",\"itemListElement\":[{\"@type\":\"ListItem\",\"position\":1,\"name\":\"Po\u010detna stranica\",\"item\":\"https:\\\/\\\/radioljubuski.ba\\\/\"},{\"@type\":\"ListItem\",\"position\":2,\"name\":\"Don\u010di\u0107: Uvijek se iznenadim kad igram protiv Bogdanovi\u0107a\"}]},{\"@type\":\"WebSite\",\"@id\":\"https:\\\/\\\/radioljubuski.ba\\\/#website\",\"url\":\"https:\\\/\\\/radioljubuski.ba\\\/\",\"name\":\"Radio Ljubu\u0161ki\",\"description\":\"Sun\u010dana frekvencija Hercegovine\",\"publisher\":{\"@id\":\"https:\\\/\\\/radioljubuski.ba\\\/#organization\"},\"potentialAction\":[{\"@type\":\"SearchAction\",\"target\":{\"@type\":\"EntryPoint\",\"urlTemplate\":\"https:\\\/\\\/radioljubuski.ba\\\/?s={search_term_string}\"},\"query-input\":{\"@type\":\"PropertyValueSpecification\",\"valueRequired\":true,\"valueName\":\"search_term_string\"}}],\"inLanguage\":\"hr\"},{\"@type\":\"Organization\",\"@id\":\"https:\\\/\\\/radioljubuski.ba\\\/#organization\",\"name\":\"Radio Ljubu\u0161ki\",\"url\":\"https:\\\/\\\/radioljubuski.ba\\\/\",\"logo\":{\"@type\":\"ImageObject\",\"inLanguage\":\"hr\",\"@id\":\"https:\\\/\\\/radioljubuski.ba\\\/#\\\/schema\\\/logo\\\/image\\\/\",\"url\":\"https:\\\/\\\/radioljubuski.ba\\\/wp-content\\\/uploads\\\/2021\\\/02\\\/cropped-Radio_Ljubuski_logo1.jpg\",\"contentUrl\":\"https:\\\/\\\/radioljubuski.ba\\\/wp-content\\\/uploads\\\/2021\\\/02\\\/cropped-Radio_Ljubuski_logo1.jpg\",\"width\":512,\"height\":512,\"caption\":\"Radio Ljubu\u0161ki\"},\"image\":{\"@id\":\"https:\\\/\\\/radioljubuski.ba\\\/#\\\/schema\\\/logo\\\/image\\\/\"},\"sameAs\":[\"https:\\\/\\\/www.facebook.com\\\/Radiio-Ljubuski-1490835324566332\",\"https:\\\/\\\/x.com\\\/radioljubuski\",\"https:\\\/\\\/hr.linkedin.com\\\/company\\\/radio-ljubuski\",\"https:\\\/\\\/www.youtube.com\\\/channel\\\/UCHYaeO_n0Db3tjNGudGpXyw\"]},{\"@type\":\"Person\",\"@id\":\"https:\\\/\\\/radioljubuski.ba\\\/#\\\/schema\\\/person\\\/19fc700381a780f69665d7956c469e3b\",\"name\":\"Radio Ljubu\u0161ki\"}]}<\/script>\n<!-- \/ Yoast SEO plugin. -->","yoast_head_json":{"title":"Don\u010di\u0107: Uvijek se iznenadim kad igram protiv Bogdanovi\u0107a - RADIO LJUBU\u0160KI","robots":{"index":"index","follow":"follow","max-snippet":"max-snippet:-1","max-image-preview":"max-image-preview:large","max-video-preview":"max-video-preview:-1"},"canonical":"https:\/\/radioljubuski.ba\/index.php\/2022\/06\/29\/doncic-uvijek-se-iznenadim-kad-igram-protiv-bogdanovica\/","og_locale":"hr_HR","og_type":"article","og_title":"Don\u010di\u0107: Uvijek se iznenadim kad igram protiv Bogdanovi\u0107a - RADIO LJUBU\u0160KI","og_description":"Hrvatski ko\u0161arka\u0161i u \u010detvrtak od 20:15 u Ljubljani protiv Slovenije igraju susret petog gola skupine C kvalifikacija za Svjetsko prvenstvo 2023. Najve\u0107a zvijezda slovenske reprezentacije je Luka Don\u010di\u0107, koji je sa suigra\u010dem Goranom Dragi\u0107em na konferenciji za medije najavio utakmicu. Zvijezda Dallas Mavericksa na pitanje novinara odgovorila je kako ne osje\u0107a pritisak igranja pred punom [&hellip;]","og_url":"https:\/\/radioljubuski.ba\/index.php\/2022\/06\/29\/doncic-uvijek-se-iznenadim-kad-igram-protiv-bogdanovica\/","og_site_name":"RADIO LJUBU\u0160KI","article_publisher":"https:\/\/www.facebook.com\/Radiio-Ljubuski-1490835324566332","article_published_time":"2022-06-29T11:37:21+00:00","article_modified_time":"2022-06-29T11:37:23+00:00","og_image":[{"width":1000,"height":625,"url":"https:\/\/radioljubuski.ba\/wp-content\/uploads\/2022\/06\/10-2022-06-28-19-14-15-Snimka-zaslona-2022-06-28-191236.jpg","type":"image\/jpeg"}],"author":"Radio Ljubu\u0161ki","twitter_card":"summary_large_image","twitter_creator":"@radioljubuski","twitter_site":"@radioljubuski","twitter_misc":{"Napisao\/la":"Radio Ljubu\u0161ki","Procijenjeno vrijeme \u010ditanja":"2 minute"},"schema":{"@context":"https:\/\/schema.org","@graph":[{"@type":"Article","@id":"https:\/\/radioljubuski.ba\/index.php\/2022\/06\/29\/doncic-uvijek-se-iznenadim-kad-igram-protiv-bogdanovica\/#article","isPartOf":{"@id":"https:\/\/radioljubuski.ba\/index.php\/2022\/06\/29\/doncic-uvijek-se-iznenadim-kad-igram-protiv-bogdanovica\/"},"author":{"name":"Radio Ljubu\u0161ki","@id":"https:\/\/radioljubuski.ba\/#\/schema\/person\/19fc700381a780f69665d7956c469e3b"},"headline":"Don\u010di\u0107: Uvijek se iznenadim kad igram protiv Bogdanovi\u0107a","datePublished":"2022-06-29T11:37:21+00:00","dateModified":"2022-06-29T11:37:23+00:00","mainEntityOfPage":{"@id":"https:\/\/radioljubuski.ba\/index.php\/2022\/06\/29\/doncic-uvijek-se-iznenadim-kad-igram-protiv-bogdanovica\/"},"wordCount":291,"publisher":{"@id":"https:\/\/radioljubuski.ba\/#organization"},"image":{"@id":"https:\/\/radioljubuski.ba\/index.php\/2022\/06\/29\/doncic-uvijek-se-iznenadim-kad-igram-protiv-bogdanovica\/#primaryimage"},"thumbnailUrl":"https:\/\/radioljubuski.ba\/wp-content\/uploads\/2022\/06\/10-2022-06-28-19-14-15-Snimka-zaslona-2022-06-28-191236.jpg","articleSection":["\u0160port"],"inLanguage":"hr"},{"@type":"WebPage","@id":"https:\/\/radioljubuski.ba\/index.php\/2022\/06\/29\/doncic-uvijek-se-iznenadim-kad-igram-protiv-bogdanovica\/","url":"https:\/\/radioljubuski.ba\/index.php\/2022\/06\/29\/doncic-uvijek-se-iznenadim-kad-igram-protiv-bogdanovica\/","name":"Don\u010di\u0107: Uvijek se iznenadim kad igram protiv Bogdanovi\u0107a - RADIO LJUBU\u0160KI","isPartOf":{"@id":"https:\/\/radioljubuski.ba\/#website"},"primaryImageOfPage":{"@id":"https:\/\/radioljubuski.ba\/index.php\/2022\/06\/29\/doncic-uvijek-se-iznenadim-kad-igram-protiv-bogdanovica\/#primaryimage"},"image":{"@id":"https:\/\/radioljubuski.ba\/index.php\/2022\/06\/29\/doncic-uvijek-se-iznenadim-kad-igram-protiv-bogdanovica\/#primaryimage"},"thumbnailUrl":"https:\/\/radioljubuski.ba\/wp-content\/uploads\/2022\/06\/10-2022-06-28-19-14-15-Snimka-zaslona-2022-06-28-191236.jpg","datePublished":"2022-06-29T11:37:21+00:00","dateModified":"2022-06-29T11:37:23+00:00","breadcrumb":{"@id":"https:\/\/radioljubuski.ba\/index.php\/2022\/06\/29\/doncic-uvijek-se-iznenadim-kad-igram-protiv-bogdanovica\/#breadcrumb"},"inLanguage":"hr","potentialAction":[{"@type":"ReadAction","target":["https:\/\/radioljubuski.ba\/index.php\/2022\/06\/29\/doncic-uvijek-se-iznenadim-kad-igram-protiv-bogdanovica\/"]}]},{"@type":"ImageObject","inLanguage":"hr","@id":"https:\/\/radioljubuski.ba\/index.php\/2022\/06\/29\/doncic-uvijek-se-iznenadim-kad-igram-protiv-bogdanovica\/#primaryimage","url":"https:\/\/radioljubuski.ba\/wp-content\/uploads\/2022\/06\/10-2022-06-28-19-14-15-Snimka-zaslona-2022-06-28-191236.jpg","contentUrl":"https:\/\/radioljubuski.ba\/wp-content\/uploads\/2022\/06\/10-2022-06-28-19-14-15-Snimka-zaslona-2022-06-28-191236.jpg","width":1000,"height":625},{"@type":"BreadcrumbList","@id":"https:\/\/radioljubuski.ba\/index.php\/2022\/06\/29\/doncic-uvijek-se-iznenadim-kad-igram-protiv-bogdanovica\/#breadcrumb","itemListElement":[{"@type":"ListItem","position":1,"name":"Po\u010detna stranica","item":"https:\/\/radioljubuski.ba\/"},{"@type":"ListItem","position":2,"name":"Don\u010di\u0107: Uvijek se iznenadim kad igram protiv Bogdanovi\u0107a"}]},{"@type":"WebSite","@id":"https:\/\/radioljubuski.ba\/#website","url":"https:\/\/radioljubuski.ba\/","name":"Radio Ljubu\u0161ki","description":"Sun\u010dana frekvencija Hercegovine","publisher":{"@id":"https:\/\/radioljubuski.ba\/#organization"},"potentialAction":[{"@type":"SearchAction","target":{"@type":"EntryPoint","urlTemplate":"https:\/\/radioljubuski.ba\/?s={search_term_string}"},"query-input":{"@type":"PropertyValueSpecification","valueRequired":true,"valueName":"search_term_string"}}],"inLanguage":"hr"},{"@type":"Organization","@id":"https:\/\/radioljubuski.ba\/#organization","name":"Radio Ljubu\u0161ki","url":"https:\/\/radioljubuski.ba\/","logo":{"@type":"ImageObject","inLanguage":"hr","@id":"https:\/\/radioljubuski.ba\/#\/schema\/logo\/image\/","url":"https:\/\/radioljubuski.ba\/wp-content\/uploads\/2021\/02\/cropped-Radio_Ljubuski_logo1.jpg","contentUrl":"https:\/\/radioljubuski.ba\/wp-content\/uploads\/2021\/02\/cropped-Radio_Ljubuski_logo1.jpg","width":512,"height":512,"caption":"Radio Ljubu\u0161ki"},"image":{"@id":"https:\/\/radioljubuski.ba\/#\/schema\/logo\/image\/"},"sameAs":["https:\/\/www.facebook.com\/Radiio-Ljubuski-1490835324566332","https:\/\/x.com\/radioljubuski","https:\/\/hr.linkedin.com\/company\/radio-ljubuski","https:\/\/www.youtube.com\/channel\/UCHYaeO_n0Db3tjNGudGpXyw"]},{"@type":"Person","@id":"https:\/\/radioljubuski.ba\/#\/schema\/person\/19fc700381a780f69665d7956c469e3b","name":"Radio Ljubu\u0161ki"}]}},"_links":{"self":[{"href":"https:\/\/radioljubuski.ba\/index.php\/wp-json\/wp\/v2\/posts\/154780","targetHints":{"allow":["GET"]}}],"collection":[{"href":"https:\/\/radioljubuski.ba\/index.php\/wp-json\/wp\/v2\/posts"}],"about":[{"href":"https:\/\/radioljubuski.ba\/index.php\/wp-json\/wp\/v2\/types\/post"}],"author":[{"embeddable":true,"href":"https:\/\/radioljubuski.ba\/index.php\/wp-json\/wp\/v2\/users\/2"}],"replies":[{"embeddable":true,"href":"https:\/\/radioljubuski.ba\/index.php\/wp-json\/wp\/v2\/comments?post=154780"}],"version-history":[{"count":1,"href":"https:\/\/radioljubuski.ba\/index.php\/wp-json\/wp\/v2\/posts\/154780\/revisions"}],"predecessor-version":[{"id":154782,"href":"https:\/\/radioljubuski.ba\/index.php\/wp-json\/wp\/v2\/posts\/154780\/revisions\/154782"}],"wp:featuredmedia":[{"embeddable":true,"href":"https:\/\/radioljubuski.ba\/index.php\/wp-json\/wp\/v2\/media\/154781"}],"wp:attachment":[{"href":"https:\/\/radioljubuski.ba\/index.php\/wp-json\/wp\/v2\/media?parent=154780"}],"wp:term":[{"taxonomy":"category","embeddable":true,"href":"https:\/\/radioljubuski.ba\/index.php\/wp-json\/wp\/v2\/categories?post=154780"},{"taxonomy":"post_tag","embeddable":true,"href":"https:\/\/radioljubuski.ba\/index.php\/wp-json\/wp\/v2\/tags?post=154780"}],"curies":[{"name":"wp","href":"https:\/\/api.w.org\/{rel}","templated":true}]}}