{"id":154809,"date":"2022-06-29T12:55:49","date_gmt":"2022-06-29T11:55:49","guid":{"rendered":"https:\/\/radioljubuski.ba\/?p=154809"},"modified":"2022-06-29T12:55:51","modified_gmt":"2022-06-29T11:55:51","slug":"toplotni-val-u-bih-prilagoditi-hranu-i-dnevne-aktivnosti-video","status":"publish","type":"post","link":"https:\/\/radioljubuski.ba\/index.php\/2022\/06\/29\/toplotni-val-u-bih-prilagoditi-hranu-i-dnevne-aktivnosti-video\/","title":{"rendered":"Toplotni val u BiH, prilagoditi hranu i dnevne aktivnosti &#8211; video"},"content":{"rendered":"\n<p>\u041c\u0435teorolozi su objavili da \u0107e se narednih dana dnevna temperatura kretati izme\u0111u 33 i 38 stupnjeva na jugu, te na sjeveru zemlje ponegdje do 40 stupnjeva.Iz hidrometeorolo\u0161kih zavoda gra\u0111anima poru\u010duju da prate uputstva stru\u010dnjaka i preduzmu mjere opreza, jer ovako visoka temperatura mo\u017ee usloviti smetnje u obavljanju svakodnevnih poslova.Posebno nagla\u0161avaju da treba prekinuti sve aktivnosti na otvorenom.<\/p>\n\n\n\n<p>Zbog visoke dnevne temperature i vrijednosti UV indeksa izdato je naran\u010dasto upozorenje za cijelu BiH koje \u0107e va\u017eiti do 1. srpnja. Stru\u010dnjaci nagla\u0161avaju da smo u\u0161li u period godine koji zahtjeva promjene na\u010dina \u017eivota, od prehrane i odijevanja do druga\u010dijeg rasporeda aktivnosti. Ovo se posebno odnosi na malu djecu, starije osobe, trudnice, osobe sa prekomjernom tjelesnom te\u017einom, osobe oboljele od kardiovaskularnih i respiratornih bolesti, dijabeti\u010dare i kroni\u010dne bolesnike.Jedno pravilo za sve je isto, bilo da smo ku\u0107i, na poslu, u vo\u017enji, na odmoru \u2013unositi \u0161to vi\u0161e te\u010dnosti u organizam.<\/p>\n\n\n\n<iframe loading=\"lazy\" title=\"Vru\u0107ine, odmori i putovanja\" width=\"640\" height=\"360\" src=\"https:\/\/www.youtube.com\/embed\/I_FB53KH3LE?start=1&#038;feature=oembed\" frameborder=\"0\" allow=\"accelerometer; autoplay; clipboard-write; encrypted-media; gyroscope; picture-in-picture; web-share\" referrerpolicy=\"strict-origin-when-cross-origin\" allowfullscreen><\/iframe>\n\n\n\n<p>dr. ELMA KUDUZOVI\u0106, Institut za zdravlje i sigurnost hrane Zenica<\/p>\n\n\n\n<p>&#8220;Unositi te\u010dnost polako, \u010desto, u malim gutljajima najmanje dva litra te\u010dnosti vode. Obzirom na radnike koji rade na otvorenom, sporta\u0161i i osobe koje imaju nizak krvni pritisak uz vodu potrebno je unositi mineralna ne gazirana pi\u0107a putem kojih \u0107e nadoknaditi minerale koji se gube putem znojenja&#8221;.<\/p>\n\n\n\n<p>Osim o dovoljnoj hidrataciji organizma, tijekom vru\u0107ih ljetnih dana treba voditi ra\u010duna i o tome da prehrana bude laganija, hrana lak\u0161e probavljiva, bogata vlaknima. Upravo ljeti, organizam prirodno tra\u017ei lako probavljivu prehranu,bogatu vitaminima, mineralima i vodom, a s manjom koli\u010dinom masno\u0107a,nagla\u0161avju stru\u010dnjaci.<\/p>\n\n\n\n<p>MAJA JONJI\u0106-TRIFKOVI\u0106, nutricionist<\/p>\n\n\n\n<p>&#8220;Pripremajte dovoljno raznoraznih povrtnih salata kao prilog glavnom jelu, ili salatu kao glavno jelo uz dodatak recimo integralnih \u017eitarica, mahunarki ili nemasnog bijelog mesa ili ribe tako \u0107ete dobiti jedan lagan obrok, glavni obrok, a unijet \u0107ete sve potrebne nutrijente.&#8221;<\/p>\n\n\n\n<p>Za one koji se odlu\u010de u vrelim ljetnim danima putovati, osim provjere putnih isprava i ispravnosti automobila \u0161to je u domenu drugih profesionalaca,zdravstveni profesionalci savjetuju da svako vozilo treba da ima i putnu apoteku.<\/p>\n\n\n\n<p>Ono \u0161to \u010dini sadr\u017eaj svake putne apoteke predstavljaju analgetici, toplomjer kao i lijekovi koji se koriste za ubla\u017eavanje bolova i povi\u0161ene tjelesne temperature. Zbog \u010destih prehlada koje se javljaju i u ljetnom periodu kapi za nos kao i pastile za grlo neizostavni su dio putne apoteke. Pored navedenih lijekova, ono \u0161to bi uvijek trebalo da se na\u0111e u putnoj apoteci su i probiotici.Crijevne infekcije su \u010deste na putovanjima, te je po\u017eeljno na put ponijeti I probiotike, preporuka je zdravstvenih profesionalaca, pi\u0161e BHRT.<\/p>\n\n\n\n<p>Izvor.BHRT<\/p>\n","protected":false},"excerpt":{"rendered":"<p>\u041c\u0435teorolozi su objavili da \u0107e se narednih dana dnevna temperatura kretati izme\u0111u 33 i 38 stupnjeva na jugu, te na sjeveru zemlje ponegdje do 40 stupnjeva.Iz hidrometeorolo\u0161kih zavoda gra\u0111anima poru\u010duju da prate uputstva stru\u010dnjaka i preduzmu mjere opreza, jer ovako visoka temperatura mo\u017ee usloviti smetnje u obavljanju svakodnevnih poslova.Posebno nagla\u0161avaju da treba prekinuti sve aktivnosti [&hellip;]<\/p>\n","protected":false},"author":2,"featured_media":154810,"comment_status":"closed","ping_status":"closed","sticky":false,"template":"","format":"standard","meta":{"h5ap_radio_sources":[],"footnotes":""},"categories":[1],"tags":[],"class_list":["post-154809","post","type-post","status-publish","format-standard","has-post-thumbnail","hentry","category-bihiregija"],"yoast_head":"<!-- This site is optimized with the Yoast SEO plugin v27.5 - https:\/\/yoast.com\/product\/yoast-seo-wordpress\/ -->\n<title>Toplotni val u BiH, prilagoditi hranu i dnevne aktivnosti - video - RADIO LJUBU\u0160KI<\/title>\n<meta name=\"robots\" content=\"index, follow, max-snippet:-1, max-image-preview:large, max-video-preview:-1\" \/>\n<link rel=\"canonical\" href=\"https:\/\/radioljubuski.ba\/index.php\/2022\/06\/29\/toplotni-val-u-bih-prilagoditi-hranu-i-dnevne-aktivnosti-video\/\" \/>\n<meta property=\"og:locale\" content=\"hr_HR\" \/>\n<meta property=\"og:type\" content=\"article\" \/>\n<meta property=\"og:title\" content=\"Toplotni val u BiH, prilagoditi hranu i dnevne aktivnosti - video - RADIO LJUBU\u0160KI\" \/>\n<meta property=\"og:description\" content=\"\u041c\u0435teorolozi su objavili da \u0107e se narednih dana dnevna temperatura kretati izme\u0111u 33 i 38 stupnjeva na jugu, te na sjeveru zemlje ponegdje do 40 stupnjeva.Iz hidrometeorolo\u0161kih zavoda gra\u0111anima poru\u010duju da prate uputstva stru\u010dnjaka i preduzmu mjere opreza, jer ovako visoka temperatura mo\u017ee usloviti smetnje u obavljanju svakodnevnih poslova.Posebno nagla\u0161avaju da treba prekinuti sve aktivnosti [&hellip;]\" \/>\n<meta property=\"og:url\" content=\"https:\/\/radioljubuski.ba\/index.php\/2022\/06\/29\/toplotni-val-u-bih-prilagoditi-hranu-i-dnevne-aktivnosti-video\/\" \/>\n<meta property=\"og:site_name\" content=\"RADIO LJUBU\u0160KI\" \/>\n<meta property=\"article:publisher\" content=\"https:\/\/www.facebook.com\/Radiio-Ljubuski-1490835324566332\" \/>\n<meta property=\"article:published_time\" content=\"2022-06-29T11:55:49+00:00\" \/>\n<meta property=\"article:modified_time\" content=\"2022-06-29T11:55:51+00:00\" \/>\n<meta property=\"og:image\" content=\"https:\/\/radioljubuski.ba\/wp-content\/uploads\/2022\/06\/2-2022-06-29-07-22-39-tv.png\" \/>\n\t<meta property=\"og:image:width\" content=\"1000\" \/>\n\t<meta property=\"og:image:height\" content=\"625\" \/>\n\t<meta property=\"og:image:type\" content=\"image\/png\" \/>\n<meta name=\"author\" content=\"Radio Ljubu\u0161ki\" \/>\n<meta name=\"twitter:card\" content=\"summary_large_image\" \/>\n<meta name=\"twitter:creator\" content=\"@radioljubuski\" \/>\n<meta name=\"twitter:site\" content=\"@radioljubuski\" \/>\n<meta name=\"twitter:label1\" content=\"Napisao\/la\" \/>\n\t<meta name=\"twitter:data1\" content=\"Radio Ljubu\u0161ki\" \/>\n\t<meta name=\"twitter:label2\" content=\"Procijenjeno vrijeme \u010ditanja\" \/>\n\t<meta name=\"twitter:data2\" content=\"2 minute\" \/>\n<script type=\"application\/ld+json\" class=\"yoast-schema-graph\">{\"@context\":\"https:\\\/\\\/schema.org\",\"@graph\":[{\"@type\":\"Article\",\"@id\":\"https:\\\/\\\/radioljubuski.ba\\\/index.php\\\/2022\\\/06\\\/29\\\/toplotni-val-u-bih-prilagoditi-hranu-i-dnevne-aktivnosti-video\\\/#article\",\"isPartOf\":{\"@id\":\"https:\\\/\\\/radioljubuski.ba\\\/index.php\\\/2022\\\/06\\\/29\\\/toplotni-val-u-bih-prilagoditi-hranu-i-dnevne-aktivnosti-video\\\/\"},\"author\":{\"name\":\"Radio Ljubu\u0161ki\",\"@id\":\"https:\\\/\\\/radioljubuski.ba\\\/#\\\/schema\\\/person\\\/19fc700381a780f69665d7956c469e3b\"},\"headline\":\"Toplotni val u BiH, prilagoditi hranu i dnevne aktivnosti &#8211; video\",\"datePublished\":\"2022-06-29T11:55:49+00:00\",\"dateModified\":\"2022-06-29T11:55:51+00:00\",\"mainEntityOfPage\":{\"@id\":\"https:\\\/\\\/radioljubuski.ba\\\/index.php\\\/2022\\\/06\\\/29\\\/toplotni-val-u-bih-prilagoditi-hranu-i-dnevne-aktivnosti-video\\\/\"},\"wordCount\":474,\"publisher\":{\"@id\":\"https:\\\/\\\/radioljubuski.ba\\\/#organization\"},\"image\":{\"@id\":\"https:\\\/\\\/radioljubuski.ba\\\/index.php\\\/2022\\\/06\\\/29\\\/toplotni-val-u-bih-prilagoditi-hranu-i-dnevne-aktivnosti-video\\\/#primaryimage\"},\"thumbnailUrl\":\"https:\\\/\\\/radioljubuski.ba\\\/wp-content\\\/uploads\\\/2022\\\/06\\\/2-2022-06-29-07-22-39-tv.png\",\"articleSection\":[\"BIH i regija\"],\"inLanguage\":\"hr\"},{\"@type\":\"WebPage\",\"@id\":\"https:\\\/\\\/radioljubuski.ba\\\/index.php\\\/2022\\\/06\\\/29\\\/toplotni-val-u-bih-prilagoditi-hranu-i-dnevne-aktivnosti-video\\\/\",\"url\":\"https:\\\/\\\/radioljubuski.ba\\\/index.php\\\/2022\\\/06\\\/29\\\/toplotni-val-u-bih-prilagoditi-hranu-i-dnevne-aktivnosti-video\\\/\",\"name\":\"Toplotni val u BiH, prilagoditi hranu i dnevne aktivnosti - video - RADIO LJUBU\u0160KI\",\"isPartOf\":{\"@id\":\"https:\\\/\\\/radioljubuski.ba\\\/#website\"},\"primaryImageOfPage\":{\"@id\":\"https:\\\/\\\/radioljubuski.ba\\\/index.php\\\/2022\\\/06\\\/29\\\/toplotni-val-u-bih-prilagoditi-hranu-i-dnevne-aktivnosti-video\\\/#primaryimage\"},\"image\":{\"@id\":\"https:\\\/\\\/radioljubuski.ba\\\/index.php\\\/2022\\\/06\\\/29\\\/toplotni-val-u-bih-prilagoditi-hranu-i-dnevne-aktivnosti-video\\\/#primaryimage\"},\"thumbnailUrl\":\"https:\\\/\\\/radioljubuski.ba\\\/wp-content\\\/uploads\\\/2022\\\/06\\\/2-2022-06-29-07-22-39-tv.png\",\"datePublished\":\"2022-06-29T11:55:49+00:00\",\"dateModified\":\"2022-06-29T11:55:51+00:00\",\"breadcrumb\":{\"@id\":\"https:\\\/\\\/radioljubuski.ba\\\/index.php\\\/2022\\\/06\\\/29\\\/toplotni-val-u-bih-prilagoditi-hranu-i-dnevne-aktivnosti-video\\\/#breadcrumb\"},\"inLanguage\":\"hr\",\"potentialAction\":[{\"@type\":\"ReadAction\",\"target\":[\"https:\\\/\\\/radioljubuski.ba\\\/index.php\\\/2022\\\/06\\\/29\\\/toplotni-val-u-bih-prilagoditi-hranu-i-dnevne-aktivnosti-video\\\/\"]}]},{\"@type\":\"ImageObject\",\"inLanguage\":\"hr\",\"@id\":\"https:\\\/\\\/radioljubuski.ba\\\/index.php\\\/2022\\\/06\\\/29\\\/toplotni-val-u-bih-prilagoditi-hranu-i-dnevne-aktivnosti-video\\\/#primaryimage\",\"url\":\"https:\\\/\\\/radioljubuski.ba\\\/wp-content\\\/uploads\\\/2022\\\/06\\\/2-2022-06-29-07-22-39-tv.png\",\"contentUrl\":\"https:\\\/\\\/radioljubuski.ba\\\/wp-content\\\/uploads\\\/2022\\\/06\\\/2-2022-06-29-07-22-39-tv.png\",\"width\":1000,\"height\":625},{\"@type\":\"BreadcrumbList\",\"@id\":\"https:\\\/\\\/radioljubuski.ba\\\/index.php\\\/2022\\\/06\\\/29\\\/toplotni-val-u-bih-prilagoditi-hranu-i-dnevne-aktivnosti-video\\\/#breadcrumb\",\"itemListElement\":[{\"@type\":\"ListItem\",\"position\":1,\"name\":\"Po\u010detna stranica\",\"item\":\"https:\\\/\\\/radioljubuski.ba\\\/\"},{\"@type\":\"ListItem\",\"position\":2,\"name\":\"Toplotni val u BiH, prilagoditi hranu i dnevne aktivnosti &#8211; video\"}]},{\"@type\":\"WebSite\",\"@id\":\"https:\\\/\\\/radioljubuski.ba\\\/#website\",\"url\":\"https:\\\/\\\/radioljubuski.ba\\\/\",\"name\":\"Radio Ljubu\u0161ki\",\"description\":\"Sun\u010dana frekvencija Hercegovine\",\"publisher\":{\"@id\":\"https:\\\/\\\/radioljubuski.ba\\\/#organization\"},\"potentialAction\":[{\"@type\":\"SearchAction\",\"target\":{\"@type\":\"EntryPoint\",\"urlTemplate\":\"https:\\\/\\\/radioljubuski.ba\\\/?s={search_term_string}\"},\"query-input\":{\"@type\":\"PropertyValueSpecification\",\"valueRequired\":true,\"valueName\":\"search_term_string\"}}],\"inLanguage\":\"hr\"},{\"@type\":\"Organization\",\"@id\":\"https:\\\/\\\/radioljubuski.ba\\\/#organization\",\"name\":\"Radio Ljubu\u0161ki\",\"url\":\"https:\\\/\\\/radioljubuski.ba\\\/\",\"logo\":{\"@type\":\"ImageObject\",\"inLanguage\":\"hr\",\"@id\":\"https:\\\/\\\/radioljubuski.ba\\\/#\\\/schema\\\/logo\\\/image\\\/\",\"url\":\"https:\\\/\\\/radioljubuski.ba\\\/wp-content\\\/uploads\\\/2021\\\/02\\\/cropped-Radio_Ljubuski_logo1.jpg\",\"contentUrl\":\"https:\\\/\\\/radioljubuski.ba\\\/wp-content\\\/uploads\\\/2021\\\/02\\\/cropped-Radio_Ljubuski_logo1.jpg\",\"width\":512,\"height\":512,\"caption\":\"Radio Ljubu\u0161ki\"},\"image\":{\"@id\":\"https:\\\/\\\/radioljubuski.ba\\\/#\\\/schema\\\/logo\\\/image\\\/\"},\"sameAs\":[\"https:\\\/\\\/www.facebook.com\\\/Radiio-Ljubuski-1490835324566332\",\"https:\\\/\\\/x.com\\\/radioljubuski\",\"https:\\\/\\\/hr.linkedin.com\\\/company\\\/radio-ljubuski\",\"https:\\\/\\\/www.youtube.com\\\/channel\\\/UCHYaeO_n0Db3tjNGudGpXyw\"]},{\"@type\":\"Person\",\"@id\":\"https:\\\/\\\/radioljubuski.ba\\\/#\\\/schema\\\/person\\\/19fc700381a780f69665d7956c469e3b\",\"name\":\"Radio Ljubu\u0161ki\"}]}<\/script>\n<!-- \/ Yoast SEO plugin. -->","yoast_head_json":{"title":"Toplotni val u BiH, prilagoditi hranu i dnevne aktivnosti - video - RADIO LJUBU\u0160KI","robots":{"index":"index","follow":"follow","max-snippet":"max-snippet:-1","max-image-preview":"max-image-preview:large","max-video-preview":"max-video-preview:-1"},"canonical":"https:\/\/radioljubuski.ba\/index.php\/2022\/06\/29\/toplotni-val-u-bih-prilagoditi-hranu-i-dnevne-aktivnosti-video\/","og_locale":"hr_HR","og_type":"article","og_title":"Toplotni val u BiH, prilagoditi hranu i dnevne aktivnosti - video - RADIO LJUBU\u0160KI","og_description":"\u041c\u0435teorolozi su objavili da \u0107e se narednih dana dnevna temperatura kretati izme\u0111u 33 i 38 stupnjeva na jugu, te na sjeveru zemlje ponegdje do 40 stupnjeva.Iz hidrometeorolo\u0161kih zavoda gra\u0111anima poru\u010duju da prate uputstva stru\u010dnjaka i preduzmu mjere opreza, jer ovako visoka temperatura mo\u017ee usloviti smetnje u obavljanju svakodnevnih poslova.Posebno nagla\u0161avaju da treba prekinuti sve aktivnosti [&hellip;]","og_url":"https:\/\/radioljubuski.ba\/index.php\/2022\/06\/29\/toplotni-val-u-bih-prilagoditi-hranu-i-dnevne-aktivnosti-video\/","og_site_name":"RADIO LJUBU\u0160KI","article_publisher":"https:\/\/www.facebook.com\/Radiio-Ljubuski-1490835324566332","article_published_time":"2022-06-29T11:55:49+00:00","article_modified_time":"2022-06-29T11:55:51+00:00","og_image":[{"width":1000,"height":625,"url":"https:\/\/radioljubuski.ba\/wp-content\/uploads\/2022\/06\/2-2022-06-29-07-22-39-tv.png","type":"image\/png"}],"author":"Radio Ljubu\u0161ki","twitter_card":"summary_large_image","twitter_creator":"@radioljubuski","twitter_site":"@radioljubuski","twitter_misc":{"Napisao\/la":"Radio Ljubu\u0161ki","Procijenjeno vrijeme \u010ditanja":"2 minute"},"schema":{"@context":"https:\/\/schema.org","@graph":[{"@type":"Article","@id":"https:\/\/radioljubuski.ba\/index.php\/2022\/06\/29\/toplotni-val-u-bih-prilagoditi-hranu-i-dnevne-aktivnosti-video\/#article","isPartOf":{"@id":"https:\/\/radioljubuski.ba\/index.php\/2022\/06\/29\/toplotni-val-u-bih-prilagoditi-hranu-i-dnevne-aktivnosti-video\/"},"author":{"name":"Radio Ljubu\u0161ki","@id":"https:\/\/radioljubuski.ba\/#\/schema\/person\/19fc700381a780f69665d7956c469e3b"},"headline":"Toplotni val u BiH, prilagoditi hranu i dnevne aktivnosti &#8211; video","datePublished":"2022-06-29T11:55:49+00:00","dateModified":"2022-06-29T11:55:51+00:00","mainEntityOfPage":{"@id":"https:\/\/radioljubuski.ba\/index.php\/2022\/06\/29\/toplotni-val-u-bih-prilagoditi-hranu-i-dnevne-aktivnosti-video\/"},"wordCount":474,"publisher":{"@id":"https:\/\/radioljubuski.ba\/#organization"},"image":{"@id":"https:\/\/radioljubuski.ba\/index.php\/2022\/06\/29\/toplotni-val-u-bih-prilagoditi-hranu-i-dnevne-aktivnosti-video\/#primaryimage"},"thumbnailUrl":"https:\/\/radioljubuski.ba\/wp-content\/uploads\/2022\/06\/2-2022-06-29-07-22-39-tv.png","articleSection":["BIH i regija"],"inLanguage":"hr"},{"@type":"WebPage","@id":"https:\/\/radioljubuski.ba\/index.php\/2022\/06\/29\/toplotni-val-u-bih-prilagoditi-hranu-i-dnevne-aktivnosti-video\/","url":"https:\/\/radioljubuski.ba\/index.php\/2022\/06\/29\/toplotni-val-u-bih-prilagoditi-hranu-i-dnevne-aktivnosti-video\/","name":"Toplotni val u BiH, prilagoditi hranu i dnevne aktivnosti - video - RADIO LJUBU\u0160KI","isPartOf":{"@id":"https:\/\/radioljubuski.ba\/#website"},"primaryImageOfPage":{"@id":"https:\/\/radioljubuski.ba\/index.php\/2022\/06\/29\/toplotni-val-u-bih-prilagoditi-hranu-i-dnevne-aktivnosti-video\/#primaryimage"},"image":{"@id":"https:\/\/radioljubuski.ba\/index.php\/2022\/06\/29\/toplotni-val-u-bih-prilagoditi-hranu-i-dnevne-aktivnosti-video\/#primaryimage"},"thumbnailUrl":"https:\/\/radioljubuski.ba\/wp-content\/uploads\/2022\/06\/2-2022-06-29-07-22-39-tv.png","datePublished":"2022-06-29T11:55:49+00:00","dateModified":"2022-06-29T11:55:51+00:00","breadcrumb":{"@id":"https:\/\/radioljubuski.ba\/index.php\/2022\/06\/29\/toplotni-val-u-bih-prilagoditi-hranu-i-dnevne-aktivnosti-video\/#breadcrumb"},"inLanguage":"hr","potentialAction":[{"@type":"ReadAction","target":["https:\/\/radioljubuski.ba\/index.php\/2022\/06\/29\/toplotni-val-u-bih-prilagoditi-hranu-i-dnevne-aktivnosti-video\/"]}]},{"@type":"ImageObject","inLanguage":"hr","@id":"https:\/\/radioljubuski.ba\/index.php\/2022\/06\/29\/toplotni-val-u-bih-prilagoditi-hranu-i-dnevne-aktivnosti-video\/#primaryimage","url":"https:\/\/radioljubuski.ba\/wp-content\/uploads\/2022\/06\/2-2022-06-29-07-22-39-tv.png","contentUrl":"https:\/\/radioljubuski.ba\/wp-content\/uploads\/2022\/06\/2-2022-06-29-07-22-39-tv.png","width":1000,"height":625},{"@type":"BreadcrumbList","@id":"https:\/\/radioljubuski.ba\/index.php\/2022\/06\/29\/toplotni-val-u-bih-prilagoditi-hranu-i-dnevne-aktivnosti-video\/#breadcrumb","itemListElement":[{"@type":"ListItem","position":1,"name":"Po\u010detna stranica","item":"https:\/\/radioljubuski.ba\/"},{"@type":"ListItem","position":2,"name":"Toplotni val u BiH, prilagoditi hranu i dnevne aktivnosti &#8211; video"}]},{"@type":"WebSite","@id":"https:\/\/radioljubuski.ba\/#website","url":"https:\/\/radioljubuski.ba\/","name":"Radio Ljubu\u0161ki","description":"Sun\u010dana frekvencija Hercegovine","publisher":{"@id":"https:\/\/radioljubuski.ba\/#organization"},"potentialAction":[{"@type":"SearchAction","target":{"@type":"EntryPoint","urlTemplate":"https:\/\/radioljubuski.ba\/?s={search_term_string}"},"query-input":{"@type":"PropertyValueSpecification","valueRequired":true,"valueName":"search_term_string"}}],"inLanguage":"hr"},{"@type":"Organization","@id":"https:\/\/radioljubuski.ba\/#organization","name":"Radio Ljubu\u0161ki","url":"https:\/\/radioljubuski.ba\/","logo":{"@type":"ImageObject","inLanguage":"hr","@id":"https:\/\/radioljubuski.ba\/#\/schema\/logo\/image\/","url":"https:\/\/radioljubuski.ba\/wp-content\/uploads\/2021\/02\/cropped-Radio_Ljubuski_logo1.jpg","contentUrl":"https:\/\/radioljubuski.ba\/wp-content\/uploads\/2021\/02\/cropped-Radio_Ljubuski_logo1.jpg","width":512,"height":512,"caption":"Radio Ljubu\u0161ki"},"image":{"@id":"https:\/\/radioljubuski.ba\/#\/schema\/logo\/image\/"},"sameAs":["https:\/\/www.facebook.com\/Radiio-Ljubuski-1490835324566332","https:\/\/x.com\/radioljubuski","https:\/\/hr.linkedin.com\/company\/radio-ljubuski","https:\/\/www.youtube.com\/channel\/UCHYaeO_n0Db3tjNGudGpXyw"]},{"@type":"Person","@id":"https:\/\/radioljubuski.ba\/#\/schema\/person\/19fc700381a780f69665d7956c469e3b","name":"Radio Ljubu\u0161ki"}]}},"_links":{"self":[{"href":"https:\/\/radioljubuski.ba\/index.php\/wp-json\/wp\/v2\/posts\/154809","targetHints":{"allow":["GET"]}}],"collection":[{"href":"https:\/\/radioljubuski.ba\/index.php\/wp-json\/wp\/v2\/posts"}],"about":[{"href":"https:\/\/radioljubuski.ba\/index.php\/wp-json\/wp\/v2\/types\/post"}],"author":[{"embeddable":true,"href":"https:\/\/radioljubuski.ba\/index.php\/wp-json\/wp\/v2\/users\/2"}],"replies":[{"embeddable":true,"href":"https:\/\/radioljubuski.ba\/index.php\/wp-json\/wp\/v2\/comments?post=154809"}],"version-history":[{"count":1,"href":"https:\/\/radioljubuski.ba\/index.php\/wp-json\/wp\/v2\/posts\/154809\/revisions"}],"predecessor-version":[{"id":154811,"href":"https:\/\/radioljubuski.ba\/index.php\/wp-json\/wp\/v2\/posts\/154809\/revisions\/154811"}],"wp:featuredmedia":[{"embeddable":true,"href":"https:\/\/radioljubuski.ba\/index.php\/wp-json\/wp\/v2\/media\/154810"}],"wp:attachment":[{"href":"https:\/\/radioljubuski.ba\/index.php\/wp-json\/wp\/v2\/media?parent=154809"}],"wp:term":[{"taxonomy":"category","embeddable":true,"href":"https:\/\/radioljubuski.ba\/index.php\/wp-json\/wp\/v2\/categories?post=154809"},{"taxonomy":"post_tag","embeddable":true,"href":"https:\/\/radioljubuski.ba\/index.php\/wp-json\/wp\/v2\/tags?post=154809"}],"curies":[{"name":"wp","href":"https:\/\/api.w.org\/{rel}","templated":true}]}}