{"id":154853,"date":"2022-06-29T13:24:53","date_gmt":"2022-06-29T12:24:53","guid":{"rendered":"https:\/\/radioljubuski.ba\/?p=154853"},"modified":"2022-06-29T13:24:54","modified_gmt":"2022-06-29T12:24:54","slug":"stop-izgradnji-mhe-na-buni-vijecnici-napravili-prvi-korak-ka-trajnoj-zastiti-bunskih-kanala","status":"publish","type":"post","link":"https:\/\/radioljubuski.ba\/index.php\/2022\/06\/29\/stop-izgradnji-mhe-na-buni-vijecnici-napravili-prvi-korak-ka-trajnoj-zastiti-bunskih-kanala\/","title":{"rendered":"Stop izgradnji mHE na Buni: Vije\u0107nici napravili prvi korak ka trajnoj za\u0161titi bunskih kanala"},"content":{"rendered":"\n<p>U povodu Odluke o pristupanju izradi izmjena i dopuna Prostornog plana op\u0107ine Mostar kojim je predvi\u0111eno i brisanje malih hidroelektrana Buna 1 i 2 iz postoje\u0107eg Prostornog plana Grada Mostara, a koju su ju\u010der usvojili vije\u0107nici mostarskoga Gradskoga vije\u0107a, priop\u0107enjem za javnost u srijedu se oglasila i neformalna grupa gra\u0111ana &#8220;Stop izgradnji mHE na Buni&#8221; na \u010diju inicijativu je ona i usvojena.<\/p>\n\n\n\n<p><br>Kako su naveli u priop\u0107enju, prema spomenutoj odluci, rok za izradu izmjena i dopuna Plana je tri mjeseca od dana stupanja na snagu ove Odluke te su njome tek na pola puta ka za\u0161titi Bunskih kanala.<\/p>\n\n\n\n<p>&#8220;Usvajanjem ove odluke tek smo na pola puta ka trajnoj za\u0161titi Bunskih kanala, spomenika prirode. Pred nama su duga tri mjeseca tijekom kojih \u0107e se raditi na izmjeni Prostornog plana Grada Mostara, a na\u0161e o\u010di \u0107e biti uprte i na Agencija za vode Jadranskog sliva koja jo\u0161 nije donijela odluku o izdavanju prethodne vodne suglasnosti za izgradnju mHE na Buni. Sve dok se ne usvoji izmijenjeni Prostorni plan Grada Mostara, na snazi je trenutni u kojem su ucrtane 2 mHE na Bunskim kanalima, na osnovu kojeg bi investitor imao zakonsku mogu\u0107nost da ishoduje potrebne dozvole&#8221;, istaknuli su iz neformalne grupe gra\u0111ana &#8220;Stop izgradnji mHE na Buni&#8221;.<\/p>\n\n\n\n<p>Predstavnik te grupe Miroslav Bari\u0161i\u0107 dodao je kako ni nakon ove odluke ne\u0107e odustati dok se trajno ne za\u0161tite Bunski kanali te napominje da \u0107e se to dogoditi kada se raskine koncesioni ugovor.<\/p>\n\n\n\n<p>Iz spomenute grupe gra\u0111ana podsje\u0107aju da je Gradsko vije\u0107e grada Mostara jo\u0161 u prosincu 2021. godine donijelo zaklju\u010dak kojim se iz prostornog plana bri\u0161u lokaliteti za izgradnju MHE Buna 1 i Buna 2, budu\u0107i da je tok rijeke Neretve kroz Grad Mostar progla\u0161en prirodnim spomenikom i kao takvog ga je potrebno za\u0161tititi.<\/p>\n\n\n\n<p>Tako\u0111er, jo\u0161 su jednom pozvali sve odgovorne osobe koje odlu\u010duju u cijelom ovom procesu da za\u0161tite interese gra\u0111ana i da u okviru svojih nadle\u017enosti trajno za\u0161tite lokalitet Bunskih kanala od izgradnje mHE.<\/p>\n\n\n\n<p>Izvor:pogled.ba<\/p>\n","protected":false},"excerpt":{"rendered":"<p>U povodu Odluke o pristupanju izradi izmjena i dopuna Prostornog plana op\u0107ine Mostar kojim je predvi\u0111eno i brisanje malih hidroelektrana Buna 1 i 2 iz postoje\u0107eg Prostornog plana Grada Mostara, a koju su ju\u010der usvojili vije\u0107nici mostarskoga Gradskoga vije\u0107a, priop\u0107enjem za javnost u srijedu se oglasila i neformalna grupa gra\u0111ana &#8220;Stop izgradnji mHE na Buni&#8221; [&hellip;]<\/p>\n","protected":false},"author":2,"featured_media":154854,"comment_status":"closed","ping_status":"closed","sticky":false,"template":"","format":"standard","meta":{"h5ap_radio_sources":[],"footnotes":""},"categories":[1],"tags":[],"class_list":["post-154853","post","type-post","status-publish","format-standard","has-post-thumbnail","hentry","category-bihiregija"],"yoast_head":"<!-- This site is optimized with the Yoast SEO plugin v27.5 - https:\/\/yoast.com\/product\/yoast-seo-wordpress\/ -->\n<title>Stop izgradnji mHE na Buni: Vije\u0107nici napravili prvi korak ka trajnoj za\u0161titi bunskih kanala - RADIO LJUBU\u0160KI<\/title>\n<meta name=\"robots\" content=\"index, follow, max-snippet:-1, max-image-preview:large, max-video-preview:-1\" \/>\n<link rel=\"canonical\" href=\"https:\/\/radioljubuski.ba\/index.php\/2022\/06\/29\/stop-izgradnji-mhe-na-buni-vijecnici-napravili-prvi-korak-ka-trajnoj-zastiti-bunskih-kanala\/\" \/>\n<meta property=\"og:locale\" content=\"hr_HR\" \/>\n<meta property=\"og:type\" content=\"article\" \/>\n<meta property=\"og:title\" content=\"Stop izgradnji mHE na Buni: Vije\u0107nici napravili prvi korak ka trajnoj za\u0161titi bunskih kanala - RADIO LJUBU\u0160KI\" \/>\n<meta property=\"og:description\" content=\"U povodu Odluke o pristupanju izradi izmjena i dopuna Prostornog plana op\u0107ine Mostar kojim je predvi\u0111eno i brisanje malih hidroelektrana Buna 1 i 2 iz postoje\u0107eg Prostornog plana Grada Mostara, a koju su ju\u010der usvojili vije\u0107nici mostarskoga Gradskoga vije\u0107a, priop\u0107enjem za javnost u srijedu se oglasila i neformalna grupa gra\u0111ana &#8220;Stop izgradnji mHE na Buni&#8221; [&hellip;]\" \/>\n<meta property=\"og:url\" content=\"https:\/\/radioljubuski.ba\/index.php\/2022\/06\/29\/stop-izgradnji-mhe-na-buni-vijecnici-napravili-prvi-korak-ka-trajnoj-zastiti-bunskih-kanala\/\" \/>\n<meta property=\"og:site_name\" content=\"RADIO LJUBU\u0160KI\" \/>\n<meta property=\"article:publisher\" content=\"https:\/\/www.facebook.com\/Radiio-Ljubuski-1490835324566332\" \/>\n<meta property=\"article:published_time\" content=\"2022-06-29T12:24:53+00:00\" \/>\n<meta property=\"article:modified_time\" content=\"2022-06-29T12:24:54+00:00\" \/>\n<meta property=\"og:image\" content=\"https:\/\/radioljubuski.ba\/wp-content\/uploads\/2022\/06\/2-2022-06-29-11-07-47-l_c2b178ba33aa9b669e4067e989df8eda.jpg\" \/>\n\t<meta property=\"og:image:width\" content=\"1000\" \/>\n\t<meta property=\"og:image:height\" content=\"625\" \/>\n\t<meta property=\"og:image:type\" content=\"image\/jpeg\" \/>\n<meta name=\"author\" content=\"Radio Ljubu\u0161ki\" \/>\n<meta name=\"twitter:card\" content=\"summary_large_image\" \/>\n<meta name=\"twitter:creator\" content=\"@radioljubuski\" \/>\n<meta name=\"twitter:site\" content=\"@radioljubuski\" \/>\n<meta name=\"twitter:label1\" content=\"Napisao\/la\" \/>\n\t<meta name=\"twitter:data1\" content=\"Radio Ljubu\u0161ki\" \/>\n\t<meta name=\"twitter:label2\" content=\"Procijenjeno vrijeme \u010ditanja\" \/>\n\t<meta name=\"twitter:data2\" content=\"2 minute\" \/>\n<script type=\"application\/ld+json\" class=\"yoast-schema-graph\">{\"@context\":\"https:\\\/\\\/schema.org\",\"@graph\":[{\"@type\":\"Article\",\"@id\":\"https:\\\/\\\/radioljubuski.ba\\\/index.php\\\/2022\\\/06\\\/29\\\/stop-izgradnji-mhe-na-buni-vijecnici-napravili-prvi-korak-ka-trajnoj-zastiti-bunskih-kanala\\\/#article\",\"isPartOf\":{\"@id\":\"https:\\\/\\\/radioljubuski.ba\\\/index.php\\\/2022\\\/06\\\/29\\\/stop-izgradnji-mhe-na-buni-vijecnici-napravili-prvi-korak-ka-trajnoj-zastiti-bunskih-kanala\\\/\"},\"author\":{\"name\":\"Radio Ljubu\u0161ki\",\"@id\":\"https:\\\/\\\/radioljubuski.ba\\\/#\\\/schema\\\/person\\\/19fc700381a780f69665d7956c469e3b\"},\"headline\":\"Stop izgradnji mHE na Buni: Vije\u0107nici napravili prvi korak ka trajnoj za\u0161titi bunskih kanala\",\"datePublished\":\"2022-06-29T12:24:53+00:00\",\"dateModified\":\"2022-06-29T12:24:54+00:00\",\"mainEntityOfPage\":{\"@id\":\"https:\\\/\\\/radioljubuski.ba\\\/index.php\\\/2022\\\/06\\\/29\\\/stop-izgradnji-mhe-na-buni-vijecnici-napravili-prvi-korak-ka-trajnoj-zastiti-bunskih-kanala\\\/\"},\"wordCount\":366,\"publisher\":{\"@id\":\"https:\\\/\\\/radioljubuski.ba\\\/#organization\"},\"image\":{\"@id\":\"https:\\\/\\\/radioljubuski.ba\\\/index.php\\\/2022\\\/06\\\/29\\\/stop-izgradnji-mhe-na-buni-vijecnici-napravili-prvi-korak-ka-trajnoj-zastiti-bunskih-kanala\\\/#primaryimage\"},\"thumbnailUrl\":\"https:\\\/\\\/radioljubuski.ba\\\/wp-content\\\/uploads\\\/2022\\\/06\\\/2-2022-06-29-11-07-47-l_c2b178ba33aa9b669e4067e989df8eda.jpg\",\"articleSection\":[\"BIH i regija\"],\"inLanguage\":\"hr\"},{\"@type\":\"WebPage\",\"@id\":\"https:\\\/\\\/radioljubuski.ba\\\/index.php\\\/2022\\\/06\\\/29\\\/stop-izgradnji-mhe-na-buni-vijecnici-napravili-prvi-korak-ka-trajnoj-zastiti-bunskih-kanala\\\/\",\"url\":\"https:\\\/\\\/radioljubuski.ba\\\/index.php\\\/2022\\\/06\\\/29\\\/stop-izgradnji-mhe-na-buni-vijecnici-napravili-prvi-korak-ka-trajnoj-zastiti-bunskih-kanala\\\/\",\"name\":\"Stop izgradnji mHE na Buni: Vije\u0107nici napravili prvi korak ka trajnoj za\u0161titi bunskih kanala - RADIO LJUBU\u0160KI\",\"isPartOf\":{\"@id\":\"https:\\\/\\\/radioljubuski.ba\\\/#website\"},\"primaryImageOfPage\":{\"@id\":\"https:\\\/\\\/radioljubuski.ba\\\/index.php\\\/2022\\\/06\\\/29\\\/stop-izgradnji-mhe-na-buni-vijecnici-napravili-prvi-korak-ka-trajnoj-zastiti-bunskih-kanala\\\/#primaryimage\"},\"image\":{\"@id\":\"https:\\\/\\\/radioljubuski.ba\\\/index.php\\\/2022\\\/06\\\/29\\\/stop-izgradnji-mhe-na-buni-vijecnici-napravili-prvi-korak-ka-trajnoj-zastiti-bunskih-kanala\\\/#primaryimage\"},\"thumbnailUrl\":\"https:\\\/\\\/radioljubuski.ba\\\/wp-content\\\/uploads\\\/2022\\\/06\\\/2-2022-06-29-11-07-47-l_c2b178ba33aa9b669e4067e989df8eda.jpg\",\"datePublished\":\"2022-06-29T12:24:53+00:00\",\"dateModified\":\"2022-06-29T12:24:54+00:00\",\"breadcrumb\":{\"@id\":\"https:\\\/\\\/radioljubuski.ba\\\/index.php\\\/2022\\\/06\\\/29\\\/stop-izgradnji-mhe-na-buni-vijecnici-napravili-prvi-korak-ka-trajnoj-zastiti-bunskih-kanala\\\/#breadcrumb\"},\"inLanguage\":\"hr\",\"potentialAction\":[{\"@type\":\"ReadAction\",\"target\":[\"https:\\\/\\\/radioljubuski.ba\\\/index.php\\\/2022\\\/06\\\/29\\\/stop-izgradnji-mhe-na-buni-vijecnici-napravili-prvi-korak-ka-trajnoj-zastiti-bunskih-kanala\\\/\"]}]},{\"@type\":\"ImageObject\",\"inLanguage\":\"hr\",\"@id\":\"https:\\\/\\\/radioljubuski.ba\\\/index.php\\\/2022\\\/06\\\/29\\\/stop-izgradnji-mhe-na-buni-vijecnici-napravili-prvi-korak-ka-trajnoj-zastiti-bunskih-kanala\\\/#primaryimage\",\"url\":\"https:\\\/\\\/radioljubuski.ba\\\/wp-content\\\/uploads\\\/2022\\\/06\\\/2-2022-06-29-11-07-47-l_c2b178ba33aa9b669e4067e989df8eda.jpg\",\"contentUrl\":\"https:\\\/\\\/radioljubuski.ba\\\/wp-content\\\/uploads\\\/2022\\\/06\\\/2-2022-06-29-11-07-47-l_c2b178ba33aa9b669e4067e989df8eda.jpg\",\"width\":1000,\"height\":625},{\"@type\":\"BreadcrumbList\",\"@id\":\"https:\\\/\\\/radioljubuski.ba\\\/index.php\\\/2022\\\/06\\\/29\\\/stop-izgradnji-mhe-na-buni-vijecnici-napravili-prvi-korak-ka-trajnoj-zastiti-bunskih-kanala\\\/#breadcrumb\",\"itemListElement\":[{\"@type\":\"ListItem\",\"position\":1,\"name\":\"Po\u010detna stranica\",\"item\":\"https:\\\/\\\/radioljubuski.ba\\\/\"},{\"@type\":\"ListItem\",\"position\":2,\"name\":\"Stop izgradnji mHE na Buni: Vije\u0107nici napravili prvi korak ka trajnoj za\u0161titi bunskih kanala\"}]},{\"@type\":\"WebSite\",\"@id\":\"https:\\\/\\\/radioljubuski.ba\\\/#website\",\"url\":\"https:\\\/\\\/radioljubuski.ba\\\/\",\"name\":\"Radio Ljubu\u0161ki\",\"description\":\"Sun\u010dana frekvencija Hercegovine\",\"publisher\":{\"@id\":\"https:\\\/\\\/radioljubuski.ba\\\/#organization\"},\"potentialAction\":[{\"@type\":\"SearchAction\",\"target\":{\"@type\":\"EntryPoint\",\"urlTemplate\":\"https:\\\/\\\/radioljubuski.ba\\\/?s={search_term_string}\"},\"query-input\":{\"@type\":\"PropertyValueSpecification\",\"valueRequired\":true,\"valueName\":\"search_term_string\"}}],\"inLanguage\":\"hr\"},{\"@type\":\"Organization\",\"@id\":\"https:\\\/\\\/radioljubuski.ba\\\/#organization\",\"name\":\"Radio Ljubu\u0161ki\",\"url\":\"https:\\\/\\\/radioljubuski.ba\\\/\",\"logo\":{\"@type\":\"ImageObject\",\"inLanguage\":\"hr\",\"@id\":\"https:\\\/\\\/radioljubuski.ba\\\/#\\\/schema\\\/logo\\\/image\\\/\",\"url\":\"https:\\\/\\\/radioljubuski.ba\\\/wp-content\\\/uploads\\\/2021\\\/02\\\/cropped-Radio_Ljubuski_logo1.jpg\",\"contentUrl\":\"https:\\\/\\\/radioljubuski.ba\\\/wp-content\\\/uploads\\\/2021\\\/02\\\/cropped-Radio_Ljubuski_logo1.jpg\",\"width\":512,\"height\":512,\"caption\":\"Radio Ljubu\u0161ki\"},\"image\":{\"@id\":\"https:\\\/\\\/radioljubuski.ba\\\/#\\\/schema\\\/logo\\\/image\\\/\"},\"sameAs\":[\"https:\\\/\\\/www.facebook.com\\\/Radiio-Ljubuski-1490835324566332\",\"https:\\\/\\\/x.com\\\/radioljubuski\",\"https:\\\/\\\/hr.linkedin.com\\\/company\\\/radio-ljubuski\",\"https:\\\/\\\/www.youtube.com\\\/channel\\\/UCHYaeO_n0Db3tjNGudGpXyw\"]},{\"@type\":\"Person\",\"@id\":\"https:\\\/\\\/radioljubuski.ba\\\/#\\\/schema\\\/person\\\/19fc700381a780f69665d7956c469e3b\",\"name\":\"Radio Ljubu\u0161ki\"}]}<\/script>\n<!-- \/ Yoast SEO plugin. -->","yoast_head_json":{"title":"Stop izgradnji mHE na Buni: Vije\u0107nici napravili prvi korak ka trajnoj za\u0161titi bunskih kanala - RADIO LJUBU\u0160KI","robots":{"index":"index","follow":"follow","max-snippet":"max-snippet:-1","max-image-preview":"max-image-preview:large","max-video-preview":"max-video-preview:-1"},"canonical":"https:\/\/radioljubuski.ba\/index.php\/2022\/06\/29\/stop-izgradnji-mhe-na-buni-vijecnici-napravili-prvi-korak-ka-trajnoj-zastiti-bunskih-kanala\/","og_locale":"hr_HR","og_type":"article","og_title":"Stop izgradnji mHE na Buni: Vije\u0107nici napravili prvi korak ka trajnoj za\u0161titi bunskih kanala - RADIO LJUBU\u0160KI","og_description":"U povodu Odluke o pristupanju izradi izmjena i dopuna Prostornog plana op\u0107ine Mostar kojim je predvi\u0111eno i brisanje malih hidroelektrana Buna 1 i 2 iz postoje\u0107eg Prostornog plana Grada Mostara, a koju su ju\u010der usvojili vije\u0107nici mostarskoga Gradskoga vije\u0107a, priop\u0107enjem za javnost u srijedu se oglasila i neformalna grupa gra\u0111ana &#8220;Stop izgradnji mHE na Buni&#8221; [&hellip;]","og_url":"https:\/\/radioljubuski.ba\/index.php\/2022\/06\/29\/stop-izgradnji-mhe-na-buni-vijecnici-napravili-prvi-korak-ka-trajnoj-zastiti-bunskih-kanala\/","og_site_name":"RADIO LJUBU\u0160KI","article_publisher":"https:\/\/www.facebook.com\/Radiio-Ljubuski-1490835324566332","article_published_time":"2022-06-29T12:24:53+00:00","article_modified_time":"2022-06-29T12:24:54+00:00","og_image":[{"width":1000,"height":625,"url":"https:\/\/radioljubuski.ba\/wp-content\/uploads\/2022\/06\/2-2022-06-29-11-07-47-l_c2b178ba33aa9b669e4067e989df8eda.jpg","type":"image\/jpeg"}],"author":"Radio Ljubu\u0161ki","twitter_card":"summary_large_image","twitter_creator":"@radioljubuski","twitter_site":"@radioljubuski","twitter_misc":{"Napisao\/la":"Radio Ljubu\u0161ki","Procijenjeno vrijeme \u010ditanja":"2 minute"},"schema":{"@context":"https:\/\/schema.org","@graph":[{"@type":"Article","@id":"https:\/\/radioljubuski.ba\/index.php\/2022\/06\/29\/stop-izgradnji-mhe-na-buni-vijecnici-napravili-prvi-korak-ka-trajnoj-zastiti-bunskih-kanala\/#article","isPartOf":{"@id":"https:\/\/radioljubuski.ba\/index.php\/2022\/06\/29\/stop-izgradnji-mhe-na-buni-vijecnici-napravili-prvi-korak-ka-trajnoj-zastiti-bunskih-kanala\/"},"author":{"name":"Radio Ljubu\u0161ki","@id":"https:\/\/radioljubuski.ba\/#\/schema\/person\/19fc700381a780f69665d7956c469e3b"},"headline":"Stop izgradnji mHE na Buni: Vije\u0107nici napravili prvi korak ka trajnoj za\u0161titi bunskih kanala","datePublished":"2022-06-29T12:24:53+00:00","dateModified":"2022-06-29T12:24:54+00:00","mainEntityOfPage":{"@id":"https:\/\/radioljubuski.ba\/index.php\/2022\/06\/29\/stop-izgradnji-mhe-na-buni-vijecnici-napravili-prvi-korak-ka-trajnoj-zastiti-bunskih-kanala\/"},"wordCount":366,"publisher":{"@id":"https:\/\/radioljubuski.ba\/#organization"},"image":{"@id":"https:\/\/radioljubuski.ba\/index.php\/2022\/06\/29\/stop-izgradnji-mhe-na-buni-vijecnici-napravili-prvi-korak-ka-trajnoj-zastiti-bunskih-kanala\/#primaryimage"},"thumbnailUrl":"https:\/\/radioljubuski.ba\/wp-content\/uploads\/2022\/06\/2-2022-06-29-11-07-47-l_c2b178ba33aa9b669e4067e989df8eda.jpg","articleSection":["BIH i regija"],"inLanguage":"hr"},{"@type":"WebPage","@id":"https:\/\/radioljubuski.ba\/index.php\/2022\/06\/29\/stop-izgradnji-mhe-na-buni-vijecnici-napravili-prvi-korak-ka-trajnoj-zastiti-bunskih-kanala\/","url":"https:\/\/radioljubuski.ba\/index.php\/2022\/06\/29\/stop-izgradnji-mhe-na-buni-vijecnici-napravili-prvi-korak-ka-trajnoj-zastiti-bunskih-kanala\/","name":"Stop izgradnji mHE na Buni: Vije\u0107nici napravili prvi korak ka trajnoj za\u0161titi bunskih kanala - RADIO LJUBU\u0160KI","isPartOf":{"@id":"https:\/\/radioljubuski.ba\/#website"},"primaryImageOfPage":{"@id":"https:\/\/radioljubuski.ba\/index.php\/2022\/06\/29\/stop-izgradnji-mhe-na-buni-vijecnici-napravili-prvi-korak-ka-trajnoj-zastiti-bunskih-kanala\/#primaryimage"},"image":{"@id":"https:\/\/radioljubuski.ba\/index.php\/2022\/06\/29\/stop-izgradnji-mhe-na-buni-vijecnici-napravili-prvi-korak-ka-trajnoj-zastiti-bunskih-kanala\/#primaryimage"},"thumbnailUrl":"https:\/\/radioljubuski.ba\/wp-content\/uploads\/2022\/06\/2-2022-06-29-11-07-47-l_c2b178ba33aa9b669e4067e989df8eda.jpg","datePublished":"2022-06-29T12:24:53+00:00","dateModified":"2022-06-29T12:24:54+00:00","breadcrumb":{"@id":"https:\/\/radioljubuski.ba\/index.php\/2022\/06\/29\/stop-izgradnji-mhe-na-buni-vijecnici-napravili-prvi-korak-ka-trajnoj-zastiti-bunskih-kanala\/#breadcrumb"},"inLanguage":"hr","potentialAction":[{"@type":"ReadAction","target":["https:\/\/radioljubuski.ba\/index.php\/2022\/06\/29\/stop-izgradnji-mhe-na-buni-vijecnici-napravili-prvi-korak-ka-trajnoj-zastiti-bunskih-kanala\/"]}]},{"@type":"ImageObject","inLanguage":"hr","@id":"https:\/\/radioljubuski.ba\/index.php\/2022\/06\/29\/stop-izgradnji-mhe-na-buni-vijecnici-napravili-prvi-korak-ka-trajnoj-zastiti-bunskih-kanala\/#primaryimage","url":"https:\/\/radioljubuski.ba\/wp-content\/uploads\/2022\/06\/2-2022-06-29-11-07-47-l_c2b178ba33aa9b669e4067e989df8eda.jpg","contentUrl":"https:\/\/radioljubuski.ba\/wp-content\/uploads\/2022\/06\/2-2022-06-29-11-07-47-l_c2b178ba33aa9b669e4067e989df8eda.jpg","width":1000,"height":625},{"@type":"BreadcrumbList","@id":"https:\/\/radioljubuski.ba\/index.php\/2022\/06\/29\/stop-izgradnji-mhe-na-buni-vijecnici-napravili-prvi-korak-ka-trajnoj-zastiti-bunskih-kanala\/#breadcrumb","itemListElement":[{"@type":"ListItem","position":1,"name":"Po\u010detna stranica","item":"https:\/\/radioljubuski.ba\/"},{"@type":"ListItem","position":2,"name":"Stop izgradnji mHE na Buni: Vije\u0107nici napravili prvi korak ka trajnoj za\u0161titi bunskih kanala"}]},{"@type":"WebSite","@id":"https:\/\/radioljubuski.ba\/#website","url":"https:\/\/radioljubuski.ba\/","name":"Radio Ljubu\u0161ki","description":"Sun\u010dana frekvencija Hercegovine","publisher":{"@id":"https:\/\/radioljubuski.ba\/#organization"},"potentialAction":[{"@type":"SearchAction","target":{"@type":"EntryPoint","urlTemplate":"https:\/\/radioljubuski.ba\/?s={search_term_string}"},"query-input":{"@type":"PropertyValueSpecification","valueRequired":true,"valueName":"search_term_string"}}],"inLanguage":"hr"},{"@type":"Organization","@id":"https:\/\/radioljubuski.ba\/#organization","name":"Radio Ljubu\u0161ki","url":"https:\/\/radioljubuski.ba\/","logo":{"@type":"ImageObject","inLanguage":"hr","@id":"https:\/\/radioljubuski.ba\/#\/schema\/logo\/image\/","url":"https:\/\/radioljubuski.ba\/wp-content\/uploads\/2021\/02\/cropped-Radio_Ljubuski_logo1.jpg","contentUrl":"https:\/\/radioljubuski.ba\/wp-content\/uploads\/2021\/02\/cropped-Radio_Ljubuski_logo1.jpg","width":512,"height":512,"caption":"Radio Ljubu\u0161ki"},"image":{"@id":"https:\/\/radioljubuski.ba\/#\/schema\/logo\/image\/"},"sameAs":["https:\/\/www.facebook.com\/Radiio-Ljubuski-1490835324566332","https:\/\/x.com\/radioljubuski","https:\/\/hr.linkedin.com\/company\/radio-ljubuski","https:\/\/www.youtube.com\/channel\/UCHYaeO_n0Db3tjNGudGpXyw"]},{"@type":"Person","@id":"https:\/\/radioljubuski.ba\/#\/schema\/person\/19fc700381a780f69665d7956c469e3b","name":"Radio Ljubu\u0161ki"}]}},"_links":{"self":[{"href":"https:\/\/radioljubuski.ba\/index.php\/wp-json\/wp\/v2\/posts\/154853","targetHints":{"allow":["GET"]}}],"collection":[{"href":"https:\/\/radioljubuski.ba\/index.php\/wp-json\/wp\/v2\/posts"}],"about":[{"href":"https:\/\/radioljubuski.ba\/index.php\/wp-json\/wp\/v2\/types\/post"}],"author":[{"embeddable":true,"href":"https:\/\/radioljubuski.ba\/index.php\/wp-json\/wp\/v2\/users\/2"}],"replies":[{"embeddable":true,"href":"https:\/\/radioljubuski.ba\/index.php\/wp-json\/wp\/v2\/comments?post=154853"}],"version-history":[{"count":1,"href":"https:\/\/radioljubuski.ba\/index.php\/wp-json\/wp\/v2\/posts\/154853\/revisions"}],"predecessor-version":[{"id":154855,"href":"https:\/\/radioljubuski.ba\/index.php\/wp-json\/wp\/v2\/posts\/154853\/revisions\/154855"}],"wp:featuredmedia":[{"embeddable":true,"href":"https:\/\/radioljubuski.ba\/index.php\/wp-json\/wp\/v2\/media\/154854"}],"wp:attachment":[{"href":"https:\/\/radioljubuski.ba\/index.php\/wp-json\/wp\/v2\/media?parent=154853"}],"wp:term":[{"taxonomy":"category","embeddable":true,"href":"https:\/\/radioljubuski.ba\/index.php\/wp-json\/wp\/v2\/categories?post=154853"},{"taxonomy":"post_tag","embeddable":true,"href":"https:\/\/radioljubuski.ba\/index.php\/wp-json\/wp\/v2\/tags?post=154853"}],"curies":[{"name":"wp","href":"https:\/\/api.w.org\/{rel}","templated":true}]}}