{"id":154859,"date":"2022-06-29T13:28:35","date_gmt":"2022-06-29T12:28:35","guid":{"rendered":"https:\/\/radioljubuski.ba\/?p=154859"},"modified":"2022-06-29T13:28:36","modified_gmt":"2022-06-29T12:28:36","slug":"afera-respiratori-fadilu-novalicu-nema-presude-prije-izbora-u-listopadu","status":"publish","type":"post","link":"https:\/\/radioljubuski.ba\/index.php\/2022\/06\/29\/afera-respiratori-fadilu-novalicu-nema-presude-prije-izbora-u-listopadu\/","title":{"rendered":"Afera &#8220;Respiratori&#8221;: Fadilu Novali\u0107u nema presude prije izbora u listopadu"},"content":{"rendered":"\n<p>U Sudu BiH danas je odr\u017ean nastavak su\u0111enja federalnom premijeru Fadilu Novali\u0107u i ostalima u vezi sa nabavkom 100 kineskih respiratora u vrijednosti od 10.530.000 KM.<\/p>\n\n\n\n<p>Osim premijera FBiH Fadila Novali\u0107a, za spornu nabavku respiratora optu\u017eeni su suspendirani direktor Federalne uprave civilne za\u0161tite Fahrudin Solak, ministrica financija FBiH Jelka Mili\u0107evi\u0107 i vlasnik poduze\u0107a &#8220;Srebrena malina&#8221; Fikret Hod\u017ei\u0107.<\/p>\n\n\n\n<p>Poznato je da je nakon odlaska sutkinje D\u017eemile Begovi\u0107 u mirovinu, predsjedavaju\u0107i vije\u0107a u ovom predmetu sada sudac Branko Peri\u0107, dok je novi \u010dlan vije\u0107a sudija Goran Radevi\u0107.<\/p>\n\n\n\n<p>Na dana\u0161njem pretresu dr\u017eavni tu\u017eitelj Mirza Hukelji\u0107 i obrane optu\u017eenih bili su suglasni da se preuzmu ranije izvedeni dokazi te da se pretres nastavi bez ponovnog izvo\u0111enja dokaza.<\/p>\n\n\n\n<p>Odgovaraju\u0107i na pitanje sudca Branka Peri\u0107a, tu\u017eitelj Hukelji\u0107 je potvrdio da je vje\u0161tak tu\u017eiteljstva koji \u017eivi i radi van BiH spreman do\u0107i u Sarajevo radi izvo\u0111enja svog nalaza.<\/p>\n\n\n\n<p>&#8211; U najkra\u0107em vje\u0161tak \u0107e govoriti o tome da respiratori koji su nabavljeni nisu podobni za lije\u010denje pacijenata s COVID 19- kazao je tu\u017eitelj Hukelji\u0107.<\/p>\n\n\n\n<p>Odvjetnica Fahrudina Solaka,&nbsp; Marsela Bajramovi\u0107 ukazala je da su njihovi sljede\u0107i svjedoci u vezi s nalazom pomenutog vje\u0161taka, odnosno da \u0107e pobijati njegov nalaz.<\/p>\n\n\n\n<p>Dogovoreno je da je sljede\u0107i nastavak su\u0111enja bide 6. srpnja te da \u0107e tada obrana Solaka nastaviti sa ulaganjem materijalnih dokaza, a za pretres zakazan 13. srpnja \u0107e se naknadno utvrditi dinamika izvo\u0111enja dokaza.<\/p>\n\n\n\n<p>Sudija Peri\u0107 je potom ukazao da \u0107e usklijediti ve\u0107a pauza, \u0161to zbog predmeta sudije Radovi\u0107a, zatim godi\u0161njih odmora te privatnih razloga odvjetnice Fikreta Hod\u017ei\u0107a Mirne Avdibegovi\u0107. Su\u0111enje \u0107e prema rije\u010dima Peri\u0107a biti nastavljeno nekad u listopadu , a o \u0107emu \u0107e strane biti obavije\u0161tene.<\/p>\n\n\n\n<p>Dakle, prema ovoj dinamici, presuda Novali\u0107u i ostalima ne\u0107e biti izre\u010dena prije&nbsp; izbora, a kako se \u010dini ni dugo poslije.<\/p>\n\n\n\n<p>Izvor:avaz.ba<\/p>\n","protected":false},"excerpt":{"rendered":"<p>U Sudu BiH danas je odr\u017ean nastavak su\u0111enja federalnom premijeru Fadilu Novali\u0107u i ostalima u vezi sa nabavkom 100 kineskih respiratora u vrijednosti od 10.530.000 KM. Osim premijera FBiH Fadila Novali\u0107a, za spornu nabavku respiratora optu\u017eeni su suspendirani direktor Federalne uprave civilne za\u0161tite Fahrudin Solak, ministrica financija FBiH Jelka Mili\u0107evi\u0107 i vlasnik poduze\u0107a &#8220;Srebrena malina&#8221; [&hellip;]<\/p>\n","protected":false},"author":2,"featured_media":154860,"comment_status":"closed","ping_status":"closed","sticky":false,"template":"","format":"standard","meta":{"h5ap_radio_sources":[],"footnotes":""},"categories":[1],"tags":[],"class_list":["post-154859","post","type-post","status-publish","format-standard","has-post-thumbnail","hentry","category-bihiregija"],"yoast_head":"<!-- This site is optimized with the Yoast SEO plugin v27.5 - https:\/\/yoast.com\/product\/yoast-seo-wordpress\/ -->\n<title>Afera &quot;Respiratori&quot;: Fadilu Novali\u0107u nema presude prije izbora u listopadu - RADIO LJUBU\u0160KI<\/title>\n<meta name=\"robots\" content=\"index, follow, max-snippet:-1, max-image-preview:large, max-video-preview:-1\" \/>\n<link rel=\"canonical\" href=\"https:\/\/radioljubuski.ba\/index.php\/2022\/06\/29\/afera-respiratori-fadilu-novalicu-nema-presude-prije-izbora-u-listopadu\/\" \/>\n<meta property=\"og:locale\" content=\"hr_HR\" \/>\n<meta property=\"og:type\" content=\"article\" \/>\n<meta property=\"og:title\" content=\"Afera &quot;Respiratori&quot;: Fadilu Novali\u0107u nema presude prije izbora u listopadu - RADIO LJUBU\u0160KI\" \/>\n<meta property=\"og:description\" content=\"U Sudu BiH danas je odr\u017ean nastavak su\u0111enja federalnom premijeru Fadilu Novali\u0107u i ostalima u vezi sa nabavkom 100 kineskih respiratora u vrijednosti od 10.530.000 KM. Osim premijera FBiH Fadila Novali\u0107a, za spornu nabavku respiratora optu\u017eeni su suspendirani direktor Federalne uprave civilne za\u0161tite Fahrudin Solak, ministrica financija FBiH Jelka Mili\u0107evi\u0107 i vlasnik poduze\u0107a &#8220;Srebrena malina&#8221; [&hellip;]\" \/>\n<meta property=\"og:url\" content=\"https:\/\/radioljubuski.ba\/index.php\/2022\/06\/29\/afera-respiratori-fadilu-novalicu-nema-presude-prije-izbora-u-listopadu\/\" \/>\n<meta property=\"og:site_name\" content=\"RADIO LJUBU\u0160KI\" \/>\n<meta property=\"article:publisher\" content=\"https:\/\/www.facebook.com\/Radiio-Ljubuski-1490835324566332\" \/>\n<meta property=\"article:published_time\" content=\"2022-06-29T12:28:35+00:00\" \/>\n<meta property=\"article:modified_time\" content=\"2022-06-29T12:28:36+00:00\" \/>\n<meta property=\"og:image\" content=\"https:\/\/radioljubuski.ba\/wp-content\/uploads\/2022\/06\/TLR0sljJ_ekonomski_forum_2020_fadil_novalic_RSA.jpg\" \/>\n\t<meta property=\"og:image:width\" content=\"1000\" \/>\n\t<meta property=\"og:image:height\" content=\"625\" \/>\n\t<meta property=\"og:image:type\" content=\"image\/jpeg\" \/>\n<meta name=\"author\" content=\"Radio Ljubu\u0161ki\" \/>\n<meta name=\"twitter:card\" content=\"summary_large_image\" \/>\n<meta name=\"twitter:creator\" content=\"@radioljubuski\" \/>\n<meta name=\"twitter:site\" content=\"@radioljubuski\" \/>\n<meta name=\"twitter:label1\" content=\"Napisao\/la\" \/>\n\t<meta name=\"twitter:data1\" content=\"Radio Ljubu\u0161ki\" \/>\n\t<meta name=\"twitter:label2\" content=\"Procijenjeno vrijeme \u010ditanja\" \/>\n\t<meta name=\"twitter:data2\" content=\"2 minute\" \/>\n<script type=\"application\/ld+json\" class=\"yoast-schema-graph\">{\"@context\":\"https:\\\/\\\/schema.org\",\"@graph\":[{\"@type\":\"Article\",\"@id\":\"https:\\\/\\\/radioljubuski.ba\\\/index.php\\\/2022\\\/06\\\/29\\\/afera-respiratori-fadilu-novalicu-nema-presude-prije-izbora-u-listopadu\\\/#article\",\"isPartOf\":{\"@id\":\"https:\\\/\\\/radioljubuski.ba\\\/index.php\\\/2022\\\/06\\\/29\\\/afera-respiratori-fadilu-novalicu-nema-presude-prije-izbora-u-listopadu\\\/\"},\"author\":{\"name\":\"Radio Ljubu\u0161ki\",\"@id\":\"https:\\\/\\\/radioljubuski.ba\\\/#\\\/schema\\\/person\\\/19fc700381a780f69665d7956c469e3b\"},\"headline\":\"Afera &#8220;Respiratori&#8221;: Fadilu Novali\u0107u nema presude prije izbora u listopadu\",\"datePublished\":\"2022-06-29T12:28:35+00:00\",\"dateModified\":\"2022-06-29T12:28:36+00:00\",\"mainEntityOfPage\":{\"@id\":\"https:\\\/\\\/radioljubuski.ba\\\/index.php\\\/2022\\\/06\\\/29\\\/afera-respiratori-fadilu-novalicu-nema-presude-prije-izbora-u-listopadu\\\/\"},\"wordCount\":345,\"publisher\":{\"@id\":\"https:\\\/\\\/radioljubuski.ba\\\/#organization\"},\"image\":{\"@id\":\"https:\\\/\\\/radioljubuski.ba\\\/index.php\\\/2022\\\/06\\\/29\\\/afera-respiratori-fadilu-novalicu-nema-presude-prije-izbora-u-listopadu\\\/#primaryimage\"},\"thumbnailUrl\":\"https:\\\/\\\/radioljubuski.ba\\\/wp-content\\\/uploads\\\/2022\\\/06\\\/TLR0sljJ_ekonomski_forum_2020_fadil_novalic_RSA.jpg\",\"articleSection\":[\"BIH i regija\"],\"inLanguage\":\"hr\"},{\"@type\":\"WebPage\",\"@id\":\"https:\\\/\\\/radioljubuski.ba\\\/index.php\\\/2022\\\/06\\\/29\\\/afera-respiratori-fadilu-novalicu-nema-presude-prije-izbora-u-listopadu\\\/\",\"url\":\"https:\\\/\\\/radioljubuski.ba\\\/index.php\\\/2022\\\/06\\\/29\\\/afera-respiratori-fadilu-novalicu-nema-presude-prije-izbora-u-listopadu\\\/\",\"name\":\"Afera \\\"Respiratori\\\": Fadilu Novali\u0107u nema presude prije izbora u listopadu - RADIO LJUBU\u0160KI\",\"isPartOf\":{\"@id\":\"https:\\\/\\\/radioljubuski.ba\\\/#website\"},\"primaryImageOfPage\":{\"@id\":\"https:\\\/\\\/radioljubuski.ba\\\/index.php\\\/2022\\\/06\\\/29\\\/afera-respiratori-fadilu-novalicu-nema-presude-prije-izbora-u-listopadu\\\/#primaryimage\"},\"image\":{\"@id\":\"https:\\\/\\\/radioljubuski.ba\\\/index.php\\\/2022\\\/06\\\/29\\\/afera-respiratori-fadilu-novalicu-nema-presude-prije-izbora-u-listopadu\\\/#primaryimage\"},\"thumbnailUrl\":\"https:\\\/\\\/radioljubuski.ba\\\/wp-content\\\/uploads\\\/2022\\\/06\\\/TLR0sljJ_ekonomski_forum_2020_fadil_novalic_RSA.jpg\",\"datePublished\":\"2022-06-29T12:28:35+00:00\",\"dateModified\":\"2022-06-29T12:28:36+00:00\",\"breadcrumb\":{\"@id\":\"https:\\\/\\\/radioljubuski.ba\\\/index.php\\\/2022\\\/06\\\/29\\\/afera-respiratori-fadilu-novalicu-nema-presude-prije-izbora-u-listopadu\\\/#breadcrumb\"},\"inLanguage\":\"hr\",\"potentialAction\":[{\"@type\":\"ReadAction\",\"target\":[\"https:\\\/\\\/radioljubuski.ba\\\/index.php\\\/2022\\\/06\\\/29\\\/afera-respiratori-fadilu-novalicu-nema-presude-prije-izbora-u-listopadu\\\/\"]}]},{\"@type\":\"ImageObject\",\"inLanguage\":\"hr\",\"@id\":\"https:\\\/\\\/radioljubuski.ba\\\/index.php\\\/2022\\\/06\\\/29\\\/afera-respiratori-fadilu-novalicu-nema-presude-prije-izbora-u-listopadu\\\/#primaryimage\",\"url\":\"https:\\\/\\\/radioljubuski.ba\\\/wp-content\\\/uploads\\\/2022\\\/06\\\/TLR0sljJ_ekonomski_forum_2020_fadil_novalic_RSA.jpg\",\"contentUrl\":\"https:\\\/\\\/radioljubuski.ba\\\/wp-content\\\/uploads\\\/2022\\\/06\\\/TLR0sljJ_ekonomski_forum_2020_fadil_novalic_RSA.jpg\",\"width\":1000,\"height\":625},{\"@type\":\"BreadcrumbList\",\"@id\":\"https:\\\/\\\/radioljubuski.ba\\\/index.php\\\/2022\\\/06\\\/29\\\/afera-respiratori-fadilu-novalicu-nema-presude-prije-izbora-u-listopadu\\\/#breadcrumb\",\"itemListElement\":[{\"@type\":\"ListItem\",\"position\":1,\"name\":\"Po\u010detna stranica\",\"item\":\"https:\\\/\\\/radioljubuski.ba\\\/\"},{\"@type\":\"ListItem\",\"position\":2,\"name\":\"Afera &#8220;Respiratori&#8221;: Fadilu Novali\u0107u nema presude prije izbora u listopadu\"}]},{\"@type\":\"WebSite\",\"@id\":\"https:\\\/\\\/radioljubuski.ba\\\/#website\",\"url\":\"https:\\\/\\\/radioljubuski.ba\\\/\",\"name\":\"Radio Ljubu\u0161ki\",\"description\":\"Sun\u010dana frekvencija Hercegovine\",\"publisher\":{\"@id\":\"https:\\\/\\\/radioljubuski.ba\\\/#organization\"},\"potentialAction\":[{\"@type\":\"SearchAction\",\"target\":{\"@type\":\"EntryPoint\",\"urlTemplate\":\"https:\\\/\\\/radioljubuski.ba\\\/?s={search_term_string}\"},\"query-input\":{\"@type\":\"PropertyValueSpecification\",\"valueRequired\":true,\"valueName\":\"search_term_string\"}}],\"inLanguage\":\"hr\"},{\"@type\":\"Organization\",\"@id\":\"https:\\\/\\\/radioljubuski.ba\\\/#organization\",\"name\":\"Radio Ljubu\u0161ki\",\"url\":\"https:\\\/\\\/radioljubuski.ba\\\/\",\"logo\":{\"@type\":\"ImageObject\",\"inLanguage\":\"hr\",\"@id\":\"https:\\\/\\\/radioljubuski.ba\\\/#\\\/schema\\\/logo\\\/image\\\/\",\"url\":\"https:\\\/\\\/radioljubuski.ba\\\/wp-content\\\/uploads\\\/2021\\\/02\\\/cropped-Radio_Ljubuski_logo1.jpg\",\"contentUrl\":\"https:\\\/\\\/radioljubuski.ba\\\/wp-content\\\/uploads\\\/2021\\\/02\\\/cropped-Radio_Ljubuski_logo1.jpg\",\"width\":512,\"height\":512,\"caption\":\"Radio Ljubu\u0161ki\"},\"image\":{\"@id\":\"https:\\\/\\\/radioljubuski.ba\\\/#\\\/schema\\\/logo\\\/image\\\/\"},\"sameAs\":[\"https:\\\/\\\/www.facebook.com\\\/Radiio-Ljubuski-1490835324566332\",\"https:\\\/\\\/x.com\\\/radioljubuski\",\"https:\\\/\\\/hr.linkedin.com\\\/company\\\/radio-ljubuski\",\"https:\\\/\\\/www.youtube.com\\\/channel\\\/UCHYaeO_n0Db3tjNGudGpXyw\"]},{\"@type\":\"Person\",\"@id\":\"https:\\\/\\\/radioljubuski.ba\\\/#\\\/schema\\\/person\\\/19fc700381a780f69665d7956c469e3b\",\"name\":\"Radio Ljubu\u0161ki\"}]}<\/script>\n<!-- \/ Yoast SEO plugin. -->","yoast_head_json":{"title":"Afera \"Respiratori\": Fadilu Novali\u0107u nema presude prije izbora u listopadu - RADIO LJUBU\u0160KI","robots":{"index":"index","follow":"follow","max-snippet":"max-snippet:-1","max-image-preview":"max-image-preview:large","max-video-preview":"max-video-preview:-1"},"canonical":"https:\/\/radioljubuski.ba\/index.php\/2022\/06\/29\/afera-respiratori-fadilu-novalicu-nema-presude-prije-izbora-u-listopadu\/","og_locale":"hr_HR","og_type":"article","og_title":"Afera \"Respiratori\": Fadilu Novali\u0107u nema presude prije izbora u listopadu - RADIO LJUBU\u0160KI","og_description":"U Sudu BiH danas je odr\u017ean nastavak su\u0111enja federalnom premijeru Fadilu Novali\u0107u i ostalima u vezi sa nabavkom 100 kineskih respiratora u vrijednosti od 10.530.000 KM. Osim premijera FBiH Fadila Novali\u0107a, za spornu nabavku respiratora optu\u017eeni su suspendirani direktor Federalne uprave civilne za\u0161tite Fahrudin Solak, ministrica financija FBiH Jelka Mili\u0107evi\u0107 i vlasnik poduze\u0107a &#8220;Srebrena malina&#8221; [&hellip;]","og_url":"https:\/\/radioljubuski.ba\/index.php\/2022\/06\/29\/afera-respiratori-fadilu-novalicu-nema-presude-prije-izbora-u-listopadu\/","og_site_name":"RADIO LJUBU\u0160KI","article_publisher":"https:\/\/www.facebook.com\/Radiio-Ljubuski-1490835324566332","article_published_time":"2022-06-29T12:28:35+00:00","article_modified_time":"2022-06-29T12:28:36+00:00","og_image":[{"width":1000,"height":625,"url":"https:\/\/radioljubuski.ba\/wp-content\/uploads\/2022\/06\/TLR0sljJ_ekonomski_forum_2020_fadil_novalic_RSA.jpg","type":"image\/jpeg"}],"author":"Radio Ljubu\u0161ki","twitter_card":"summary_large_image","twitter_creator":"@radioljubuski","twitter_site":"@radioljubuski","twitter_misc":{"Napisao\/la":"Radio Ljubu\u0161ki","Procijenjeno vrijeme \u010ditanja":"2 minute"},"schema":{"@context":"https:\/\/schema.org","@graph":[{"@type":"Article","@id":"https:\/\/radioljubuski.ba\/index.php\/2022\/06\/29\/afera-respiratori-fadilu-novalicu-nema-presude-prije-izbora-u-listopadu\/#article","isPartOf":{"@id":"https:\/\/radioljubuski.ba\/index.php\/2022\/06\/29\/afera-respiratori-fadilu-novalicu-nema-presude-prije-izbora-u-listopadu\/"},"author":{"name":"Radio Ljubu\u0161ki","@id":"https:\/\/radioljubuski.ba\/#\/schema\/person\/19fc700381a780f69665d7956c469e3b"},"headline":"Afera &#8220;Respiratori&#8221;: Fadilu Novali\u0107u nema presude prije izbora u listopadu","datePublished":"2022-06-29T12:28:35+00:00","dateModified":"2022-06-29T12:28:36+00:00","mainEntityOfPage":{"@id":"https:\/\/radioljubuski.ba\/index.php\/2022\/06\/29\/afera-respiratori-fadilu-novalicu-nema-presude-prije-izbora-u-listopadu\/"},"wordCount":345,"publisher":{"@id":"https:\/\/radioljubuski.ba\/#organization"},"image":{"@id":"https:\/\/radioljubuski.ba\/index.php\/2022\/06\/29\/afera-respiratori-fadilu-novalicu-nema-presude-prije-izbora-u-listopadu\/#primaryimage"},"thumbnailUrl":"https:\/\/radioljubuski.ba\/wp-content\/uploads\/2022\/06\/TLR0sljJ_ekonomski_forum_2020_fadil_novalic_RSA.jpg","articleSection":["BIH i regija"],"inLanguage":"hr"},{"@type":"WebPage","@id":"https:\/\/radioljubuski.ba\/index.php\/2022\/06\/29\/afera-respiratori-fadilu-novalicu-nema-presude-prije-izbora-u-listopadu\/","url":"https:\/\/radioljubuski.ba\/index.php\/2022\/06\/29\/afera-respiratori-fadilu-novalicu-nema-presude-prije-izbora-u-listopadu\/","name":"Afera \"Respiratori\": Fadilu Novali\u0107u nema presude prije izbora u listopadu - RADIO LJUBU\u0160KI","isPartOf":{"@id":"https:\/\/radioljubuski.ba\/#website"},"primaryImageOfPage":{"@id":"https:\/\/radioljubuski.ba\/index.php\/2022\/06\/29\/afera-respiratori-fadilu-novalicu-nema-presude-prije-izbora-u-listopadu\/#primaryimage"},"image":{"@id":"https:\/\/radioljubuski.ba\/index.php\/2022\/06\/29\/afera-respiratori-fadilu-novalicu-nema-presude-prije-izbora-u-listopadu\/#primaryimage"},"thumbnailUrl":"https:\/\/radioljubuski.ba\/wp-content\/uploads\/2022\/06\/TLR0sljJ_ekonomski_forum_2020_fadil_novalic_RSA.jpg","datePublished":"2022-06-29T12:28:35+00:00","dateModified":"2022-06-29T12:28:36+00:00","breadcrumb":{"@id":"https:\/\/radioljubuski.ba\/index.php\/2022\/06\/29\/afera-respiratori-fadilu-novalicu-nema-presude-prije-izbora-u-listopadu\/#breadcrumb"},"inLanguage":"hr","potentialAction":[{"@type":"ReadAction","target":["https:\/\/radioljubuski.ba\/index.php\/2022\/06\/29\/afera-respiratori-fadilu-novalicu-nema-presude-prije-izbora-u-listopadu\/"]}]},{"@type":"ImageObject","inLanguage":"hr","@id":"https:\/\/radioljubuski.ba\/index.php\/2022\/06\/29\/afera-respiratori-fadilu-novalicu-nema-presude-prije-izbora-u-listopadu\/#primaryimage","url":"https:\/\/radioljubuski.ba\/wp-content\/uploads\/2022\/06\/TLR0sljJ_ekonomski_forum_2020_fadil_novalic_RSA.jpg","contentUrl":"https:\/\/radioljubuski.ba\/wp-content\/uploads\/2022\/06\/TLR0sljJ_ekonomski_forum_2020_fadil_novalic_RSA.jpg","width":1000,"height":625},{"@type":"BreadcrumbList","@id":"https:\/\/radioljubuski.ba\/index.php\/2022\/06\/29\/afera-respiratori-fadilu-novalicu-nema-presude-prije-izbora-u-listopadu\/#breadcrumb","itemListElement":[{"@type":"ListItem","position":1,"name":"Po\u010detna stranica","item":"https:\/\/radioljubuski.ba\/"},{"@type":"ListItem","position":2,"name":"Afera &#8220;Respiratori&#8221;: Fadilu Novali\u0107u nema presude prije izbora u listopadu"}]},{"@type":"WebSite","@id":"https:\/\/radioljubuski.ba\/#website","url":"https:\/\/radioljubuski.ba\/","name":"Radio Ljubu\u0161ki","description":"Sun\u010dana frekvencija Hercegovine","publisher":{"@id":"https:\/\/radioljubuski.ba\/#organization"},"potentialAction":[{"@type":"SearchAction","target":{"@type":"EntryPoint","urlTemplate":"https:\/\/radioljubuski.ba\/?s={search_term_string}"},"query-input":{"@type":"PropertyValueSpecification","valueRequired":true,"valueName":"search_term_string"}}],"inLanguage":"hr"},{"@type":"Organization","@id":"https:\/\/radioljubuski.ba\/#organization","name":"Radio Ljubu\u0161ki","url":"https:\/\/radioljubuski.ba\/","logo":{"@type":"ImageObject","inLanguage":"hr","@id":"https:\/\/radioljubuski.ba\/#\/schema\/logo\/image\/","url":"https:\/\/radioljubuski.ba\/wp-content\/uploads\/2021\/02\/cropped-Radio_Ljubuski_logo1.jpg","contentUrl":"https:\/\/radioljubuski.ba\/wp-content\/uploads\/2021\/02\/cropped-Radio_Ljubuski_logo1.jpg","width":512,"height":512,"caption":"Radio Ljubu\u0161ki"},"image":{"@id":"https:\/\/radioljubuski.ba\/#\/schema\/logo\/image\/"},"sameAs":["https:\/\/www.facebook.com\/Radiio-Ljubuski-1490835324566332","https:\/\/x.com\/radioljubuski","https:\/\/hr.linkedin.com\/company\/radio-ljubuski","https:\/\/www.youtube.com\/channel\/UCHYaeO_n0Db3tjNGudGpXyw"]},{"@type":"Person","@id":"https:\/\/radioljubuski.ba\/#\/schema\/person\/19fc700381a780f69665d7956c469e3b","name":"Radio Ljubu\u0161ki"}]}},"_links":{"self":[{"href":"https:\/\/radioljubuski.ba\/index.php\/wp-json\/wp\/v2\/posts\/154859","targetHints":{"allow":["GET"]}}],"collection":[{"href":"https:\/\/radioljubuski.ba\/index.php\/wp-json\/wp\/v2\/posts"}],"about":[{"href":"https:\/\/radioljubuski.ba\/index.php\/wp-json\/wp\/v2\/types\/post"}],"author":[{"embeddable":true,"href":"https:\/\/radioljubuski.ba\/index.php\/wp-json\/wp\/v2\/users\/2"}],"replies":[{"embeddable":true,"href":"https:\/\/radioljubuski.ba\/index.php\/wp-json\/wp\/v2\/comments?post=154859"}],"version-history":[{"count":1,"href":"https:\/\/radioljubuski.ba\/index.php\/wp-json\/wp\/v2\/posts\/154859\/revisions"}],"predecessor-version":[{"id":154861,"href":"https:\/\/radioljubuski.ba\/index.php\/wp-json\/wp\/v2\/posts\/154859\/revisions\/154861"}],"wp:featuredmedia":[{"embeddable":true,"href":"https:\/\/radioljubuski.ba\/index.php\/wp-json\/wp\/v2\/media\/154860"}],"wp:attachment":[{"href":"https:\/\/radioljubuski.ba\/index.php\/wp-json\/wp\/v2\/media?parent=154859"}],"wp:term":[{"taxonomy":"category","embeddable":true,"href":"https:\/\/radioljubuski.ba\/index.php\/wp-json\/wp\/v2\/categories?post=154859"},{"taxonomy":"post_tag","embeddable":true,"href":"https:\/\/radioljubuski.ba\/index.php\/wp-json\/wp\/v2\/tags?post=154859"}],"curies":[{"name":"wp","href":"https:\/\/api.w.org\/{rel}","templated":true}]}}