{"id":15486,"date":"2021-04-22T22:42:20","date_gmt":"2021-04-22T21:42:20","guid":{"rendered":"https:\/\/radioljubuski.ba\/?p=15486"},"modified":"2021-04-22T22:42:21","modified_gmt":"2021-04-22T21:42:21","slug":"cak-15-godina-nije-se-pojavljivao-na-poslu-a-uredno-dobivao-placu","status":"publish","type":"post","link":"https:\/\/radioljubuski.ba\/index.php\/2021\/04\/22\/cak-15-godina-nije-se-pojavljivao-na-poslu-a-uredno-dobivao-placu\/","title":{"rendered":"\u010cak 15 godina nije se pojavljivao na poslu, a uredno dobivao pla\u0107u"},"content":{"rendered":"\n<p>Policija ga u ovom trenutku istra\u017euje zbog sumnje za prijevaru, iznudu i zlouporabu polo\u017eaja.<\/p>\n\n\n\n<p>Salvatore Scumace (66) zaposlen u bolni\u010dkoj tvrtki Pugliese-Ciaccio dobivao je pla\u0107u premda nije odlazio na posao i nije radio ni jedan sat. Tu\u017eiteljstvo u Catanzaru provelo je istragu o njemu i njegovim nadle\u017enima koji su podr\u017eavali njegovo pona\u0161anje dobrooljno ili pod pritiskom, pi\u0161e&nbsp;<a href=\"https:\/\/www.vecernji.hr\/vijesti\/talijan-se-15-godina-nije-pojavljivao-na-poslu-uredno-dobivao-placu-1486465%20-%20www.vecernji.hr\" target=\"_blank\" rel=\"noreferrer noopener\">Ve\u010dernji.hr<\/a>.<\/p>\n\n\n\n<p>Osim Scumacea pod istragom je bilo jo\u0161 sedam du\u017enosnika bolnice pod optu\u017ebom da su izjavljivali neistinu i da su iznu\u0111ivali. Kasnije se istraga pro\u0161irila na 57 osoba. Scumace je bio zaposlen u bolni\u010dkom poduze\u0107u od 2005. i trebao je raditi u operativnom centru za hitne intervencije kod eventualnih po\u017eara u tvrtki.<\/p>\n\n\n\n<p>Prema nalazima istrage koja je pregledala sve dokumente o prisutnosti zaposlenika, kao i na osnovu nekih svjedo\u010denja njegovih kolega i nadle\u017enih, Scumace se tijekom 15 godina nikada nije pojavio na radnom mjestu. U tih 15 godina dobio je ukupno 538.000 eura, koje \u0107e sada trebati vratiti.<\/p>\n\n\n\n<p>Koristio je utjecajne osobe koje su jo\u0161 od 2005. uz prijetnje tra\u017eile da se protiv njega ne pokre\u0107e nikakva istraga. Prijetilo se osobama i \u010dlanovima njihovih obitelji. Tako nitko nije prijavljivao pona\u0161anje Scumacea.<\/p>\n\n\n\n<p>Me\u0111u onima koju su trebali, a nisu, prijavili Scumaceov nedolazak na posao su du\u017enosnici ureda za ljudske resurse Prejan\u00f2 i De Vito.<\/p>\n\n\n\n<p>Prijetnje su se nastavile godinama, ali 2020. ipak je bolnica pokrenula prvi disciplinski postupak protiv Scumacea. Ustanovljena je posebna komisija na \u010delu s Caninom i \u010dlanovima Mol\u00e8om i Fondacarom koja je utvrdila njegovo stalno izostajanje s radnog mjesta. Odre\u0111eno je kako mora vratiti nepravedno dobiven novac i odmah je otpu\u0161ten bez prethodnog upozorenja.<\/p>\n\n\n\n<p>Sud u Catanzaru je poslalo na proces jo\u0161 57 zaposlenika bolnice Pugliese-Ciaccio tako\u0111er zbog izostajanje s radnog mjesta.<\/p>\n\n\n\n<p>Videokemere za nadzor postavila je u uredima bonice financijska stra\u017ea, koja je sudjelovala u istrazi, i dokumentirala da osoblje nije dolazilo na posao, premda je netko u njihovo ime ili oni sami potvr\u0111ivali ulazak u tvrtku, a onda su odlazili. U i\u0161\u010dekivanju procesa 15 osoba dobilo je otkaz.<\/p>\n\n\n\n<p>Dnevnik.ba<\/p>\n","protected":false},"excerpt":{"rendered":"<p>Policija ga u ovom trenutku istra\u017euje zbog sumnje za prijevaru, iznudu i zlouporabu polo\u017eaja. Salvatore Scumace (66) zaposlen u bolni\u010dkoj tvrtki Pugliese-Ciaccio dobivao je pla\u0107u premda nije odlazio na posao i nije radio ni jedan sat. Tu\u017eiteljstvo u Catanzaru provelo je istragu o njemu i njegovim nadle\u017enima koji su podr\u017eavali njegovo pona\u0161anje dobrooljno ili pod [&hellip;]<\/p>\n","protected":false},"author":2,"featured_media":15487,"comment_status":"closed","ping_status":"closed","sticky":false,"template":"","format":"standard","meta":{"h5ap_radio_sources":[],"footnotes":""},"categories":[1],"tags":[],"class_list":["post-15486","post","type-post","status-publish","format-standard","has-post-thumbnail","hentry","category-bihiregija"],"yoast_head":"<!-- This site is optimized with the Yoast SEO plugin v27.5 - https:\/\/yoast.com\/product\/yoast-seo-wordpress\/ -->\n<title>\u010cak 15 godina nije se pojavljivao na poslu, a uredno dobivao pla\u0107u - RADIO LJUBU\u0160KI<\/title>\n<meta name=\"robots\" content=\"index, follow, max-snippet:-1, max-image-preview:large, max-video-preview:-1\" \/>\n<link rel=\"canonical\" href=\"https:\/\/radioljubuski.ba\/index.php\/2021\/04\/22\/cak-15-godina-nije-se-pojavljivao-na-poslu-a-uredno-dobivao-placu\/\" \/>\n<meta property=\"og:locale\" content=\"hr_HR\" \/>\n<meta property=\"og:type\" content=\"article\" \/>\n<meta property=\"og:title\" content=\"\u010cak 15 godina nije se pojavljivao na poslu, a uredno dobivao pla\u0107u - RADIO LJUBU\u0160KI\" \/>\n<meta property=\"og:description\" content=\"Policija ga u ovom trenutku istra\u017euje zbog sumnje za prijevaru, iznudu i zlouporabu polo\u017eaja. Salvatore Scumace (66) zaposlen u bolni\u010dkoj tvrtki Pugliese-Ciaccio dobivao je pla\u0107u premda nije odlazio na posao i nije radio ni jedan sat. Tu\u017eiteljstvo u Catanzaru provelo je istragu o njemu i njegovim nadle\u017enima koji su podr\u017eavali njegovo pona\u0161anje dobrooljno ili pod [&hellip;]\" \/>\n<meta property=\"og:url\" content=\"https:\/\/radioljubuski.ba\/index.php\/2021\/04\/22\/cak-15-godina-nije-se-pojavljivao-na-poslu-a-uredno-dobivao-placu\/\" \/>\n<meta property=\"og:site_name\" content=\"RADIO LJUBU\u0160KI\" \/>\n<meta property=\"article:publisher\" content=\"https:\/\/www.facebook.com\/Radiio-Ljubuski-1490835324566332\" \/>\n<meta property=\"article:published_time\" content=\"2021-04-22T21:42:20+00:00\" \/>\n<meta property=\"article:modified_time\" content=\"2021-04-22T21:42:21+00:00\" \/>\n<meta property=\"og:image\" content=\"https:\/\/radioljubuski.ba\/wp-content\/uploads\/2021\/04\/ita.jpg\" \/>\n\t<meta property=\"og:image:width\" content=\"840\" \/>\n\t<meta property=\"og:image:height\" content=\"470\" \/>\n\t<meta property=\"og:image:type\" content=\"image\/jpeg\" \/>\n<meta name=\"author\" content=\"Radio Ljubu\u0161ki\" \/>\n<meta name=\"twitter:card\" content=\"summary_large_image\" \/>\n<meta name=\"twitter:creator\" content=\"@radioljubuski\" \/>\n<meta name=\"twitter:site\" content=\"@radioljubuski\" \/>\n<meta name=\"twitter:label1\" content=\"Napisao\/la\" \/>\n\t<meta name=\"twitter:data1\" content=\"Radio Ljubu\u0161ki\" \/>\n\t<meta name=\"twitter:label2\" content=\"Procijenjeno vrijeme \u010ditanja\" \/>\n\t<meta name=\"twitter:data2\" content=\"2 minute\" \/>\n<script type=\"application\/ld+json\" class=\"yoast-schema-graph\">{\"@context\":\"https:\\\/\\\/schema.org\",\"@graph\":[{\"@type\":\"Article\",\"@id\":\"https:\\\/\\\/radioljubuski.ba\\\/index.php\\\/2021\\\/04\\\/22\\\/cak-15-godina-nije-se-pojavljivao-na-poslu-a-uredno-dobivao-placu\\\/#article\",\"isPartOf\":{\"@id\":\"https:\\\/\\\/radioljubuski.ba\\\/index.php\\\/2021\\\/04\\\/22\\\/cak-15-godina-nije-se-pojavljivao-na-poslu-a-uredno-dobivao-placu\\\/\"},\"author\":{\"name\":\"Radio Ljubu\u0161ki\",\"@id\":\"https:\\\/\\\/radioljubuski.ba\\\/#\\\/schema\\\/person\\\/19fc700381a780f69665d7956c469e3b\"},\"headline\":\"\u010cak 15 godina nije se pojavljivao na poslu, a uredno dobivao pla\u0107u\",\"datePublished\":\"2021-04-22T21:42:20+00:00\",\"dateModified\":\"2021-04-22T21:42:21+00:00\",\"mainEntityOfPage\":{\"@id\":\"https:\\\/\\\/radioljubuski.ba\\\/index.php\\\/2021\\\/04\\\/22\\\/cak-15-godina-nije-se-pojavljivao-na-poslu-a-uredno-dobivao-placu\\\/\"},\"wordCount\":366,\"publisher\":{\"@id\":\"https:\\\/\\\/radioljubuski.ba\\\/#organization\"},\"image\":{\"@id\":\"https:\\\/\\\/radioljubuski.ba\\\/index.php\\\/2021\\\/04\\\/22\\\/cak-15-godina-nije-se-pojavljivao-na-poslu-a-uredno-dobivao-placu\\\/#primaryimage\"},\"thumbnailUrl\":\"https:\\\/\\\/radioljubuski.ba\\\/wp-content\\\/uploads\\\/2021\\\/04\\\/ita.jpg\",\"articleSection\":[\"BIH i regija\"],\"inLanguage\":\"hr\"},{\"@type\":\"WebPage\",\"@id\":\"https:\\\/\\\/radioljubuski.ba\\\/index.php\\\/2021\\\/04\\\/22\\\/cak-15-godina-nije-se-pojavljivao-na-poslu-a-uredno-dobivao-placu\\\/\",\"url\":\"https:\\\/\\\/radioljubuski.ba\\\/index.php\\\/2021\\\/04\\\/22\\\/cak-15-godina-nije-se-pojavljivao-na-poslu-a-uredno-dobivao-placu\\\/\",\"name\":\"\u010cak 15 godina nije se pojavljivao na poslu, a uredno dobivao pla\u0107u - RADIO LJUBU\u0160KI\",\"isPartOf\":{\"@id\":\"https:\\\/\\\/radioljubuski.ba\\\/#website\"},\"primaryImageOfPage\":{\"@id\":\"https:\\\/\\\/radioljubuski.ba\\\/index.php\\\/2021\\\/04\\\/22\\\/cak-15-godina-nije-se-pojavljivao-na-poslu-a-uredno-dobivao-placu\\\/#primaryimage\"},\"image\":{\"@id\":\"https:\\\/\\\/radioljubuski.ba\\\/index.php\\\/2021\\\/04\\\/22\\\/cak-15-godina-nije-se-pojavljivao-na-poslu-a-uredno-dobivao-placu\\\/#primaryimage\"},\"thumbnailUrl\":\"https:\\\/\\\/radioljubuski.ba\\\/wp-content\\\/uploads\\\/2021\\\/04\\\/ita.jpg\",\"datePublished\":\"2021-04-22T21:42:20+00:00\",\"dateModified\":\"2021-04-22T21:42:21+00:00\",\"breadcrumb\":{\"@id\":\"https:\\\/\\\/radioljubuski.ba\\\/index.php\\\/2021\\\/04\\\/22\\\/cak-15-godina-nije-se-pojavljivao-na-poslu-a-uredno-dobivao-placu\\\/#breadcrumb\"},\"inLanguage\":\"hr\",\"potentialAction\":[{\"@type\":\"ReadAction\",\"target\":[\"https:\\\/\\\/radioljubuski.ba\\\/index.php\\\/2021\\\/04\\\/22\\\/cak-15-godina-nije-se-pojavljivao-na-poslu-a-uredno-dobivao-placu\\\/\"]}]},{\"@type\":\"ImageObject\",\"inLanguage\":\"hr\",\"@id\":\"https:\\\/\\\/radioljubuski.ba\\\/index.php\\\/2021\\\/04\\\/22\\\/cak-15-godina-nije-se-pojavljivao-na-poslu-a-uredno-dobivao-placu\\\/#primaryimage\",\"url\":\"https:\\\/\\\/radioljubuski.ba\\\/wp-content\\\/uploads\\\/2021\\\/04\\\/ita.jpg\",\"contentUrl\":\"https:\\\/\\\/radioljubuski.ba\\\/wp-content\\\/uploads\\\/2021\\\/04\\\/ita.jpg\",\"width\":840,\"height\":470},{\"@type\":\"BreadcrumbList\",\"@id\":\"https:\\\/\\\/radioljubuski.ba\\\/index.php\\\/2021\\\/04\\\/22\\\/cak-15-godina-nije-se-pojavljivao-na-poslu-a-uredno-dobivao-placu\\\/#breadcrumb\",\"itemListElement\":[{\"@type\":\"ListItem\",\"position\":1,\"name\":\"Po\u010detna stranica\",\"item\":\"https:\\\/\\\/radioljubuski.ba\\\/\"},{\"@type\":\"ListItem\",\"position\":2,\"name\":\"\u010cak 15 godina nije se pojavljivao na poslu, a uredno dobivao pla\u0107u\"}]},{\"@type\":\"WebSite\",\"@id\":\"https:\\\/\\\/radioljubuski.ba\\\/#website\",\"url\":\"https:\\\/\\\/radioljubuski.ba\\\/\",\"name\":\"Radio Ljubu\u0161ki\",\"description\":\"Sun\u010dana frekvencija Hercegovine\",\"publisher\":{\"@id\":\"https:\\\/\\\/radioljubuski.ba\\\/#organization\"},\"potentialAction\":[{\"@type\":\"SearchAction\",\"target\":{\"@type\":\"EntryPoint\",\"urlTemplate\":\"https:\\\/\\\/radioljubuski.ba\\\/?s={search_term_string}\"},\"query-input\":{\"@type\":\"PropertyValueSpecification\",\"valueRequired\":true,\"valueName\":\"search_term_string\"}}],\"inLanguage\":\"hr\"},{\"@type\":\"Organization\",\"@id\":\"https:\\\/\\\/radioljubuski.ba\\\/#organization\",\"name\":\"Radio Ljubu\u0161ki\",\"url\":\"https:\\\/\\\/radioljubuski.ba\\\/\",\"logo\":{\"@type\":\"ImageObject\",\"inLanguage\":\"hr\",\"@id\":\"https:\\\/\\\/radioljubuski.ba\\\/#\\\/schema\\\/logo\\\/image\\\/\",\"url\":\"https:\\\/\\\/radioljubuski.ba\\\/wp-content\\\/uploads\\\/2021\\\/02\\\/cropped-Radio_Ljubuski_logo1.jpg\",\"contentUrl\":\"https:\\\/\\\/radioljubuski.ba\\\/wp-content\\\/uploads\\\/2021\\\/02\\\/cropped-Radio_Ljubuski_logo1.jpg\",\"width\":512,\"height\":512,\"caption\":\"Radio Ljubu\u0161ki\"},\"image\":{\"@id\":\"https:\\\/\\\/radioljubuski.ba\\\/#\\\/schema\\\/logo\\\/image\\\/\"},\"sameAs\":[\"https:\\\/\\\/www.facebook.com\\\/Radiio-Ljubuski-1490835324566332\",\"https:\\\/\\\/x.com\\\/radioljubuski\",\"https:\\\/\\\/hr.linkedin.com\\\/company\\\/radio-ljubuski\",\"https:\\\/\\\/www.youtube.com\\\/channel\\\/UCHYaeO_n0Db3tjNGudGpXyw\"]},{\"@type\":\"Person\",\"@id\":\"https:\\\/\\\/radioljubuski.ba\\\/#\\\/schema\\\/person\\\/19fc700381a780f69665d7956c469e3b\",\"name\":\"Radio Ljubu\u0161ki\"}]}<\/script>\n<!-- \/ Yoast SEO plugin. -->","yoast_head_json":{"title":"\u010cak 15 godina nije se pojavljivao na poslu, a uredno dobivao pla\u0107u - RADIO LJUBU\u0160KI","robots":{"index":"index","follow":"follow","max-snippet":"max-snippet:-1","max-image-preview":"max-image-preview:large","max-video-preview":"max-video-preview:-1"},"canonical":"https:\/\/radioljubuski.ba\/index.php\/2021\/04\/22\/cak-15-godina-nije-se-pojavljivao-na-poslu-a-uredno-dobivao-placu\/","og_locale":"hr_HR","og_type":"article","og_title":"\u010cak 15 godina nije se pojavljivao na poslu, a uredno dobivao pla\u0107u - RADIO LJUBU\u0160KI","og_description":"Policija ga u ovom trenutku istra\u017euje zbog sumnje za prijevaru, iznudu i zlouporabu polo\u017eaja. Salvatore Scumace (66) zaposlen u bolni\u010dkoj tvrtki Pugliese-Ciaccio dobivao je pla\u0107u premda nije odlazio na posao i nije radio ni jedan sat. Tu\u017eiteljstvo u Catanzaru provelo je istragu o njemu i njegovim nadle\u017enima koji su podr\u017eavali njegovo pona\u0161anje dobrooljno ili pod [&hellip;]","og_url":"https:\/\/radioljubuski.ba\/index.php\/2021\/04\/22\/cak-15-godina-nije-se-pojavljivao-na-poslu-a-uredno-dobivao-placu\/","og_site_name":"RADIO LJUBU\u0160KI","article_publisher":"https:\/\/www.facebook.com\/Radiio-Ljubuski-1490835324566332","article_published_time":"2021-04-22T21:42:20+00:00","article_modified_time":"2021-04-22T21:42:21+00:00","og_image":[{"width":840,"height":470,"url":"https:\/\/radioljubuski.ba\/wp-content\/uploads\/2021\/04\/ita.jpg","type":"image\/jpeg"}],"author":"Radio Ljubu\u0161ki","twitter_card":"summary_large_image","twitter_creator":"@radioljubuski","twitter_site":"@radioljubuski","twitter_misc":{"Napisao\/la":"Radio Ljubu\u0161ki","Procijenjeno vrijeme \u010ditanja":"2 minute"},"schema":{"@context":"https:\/\/schema.org","@graph":[{"@type":"Article","@id":"https:\/\/radioljubuski.ba\/index.php\/2021\/04\/22\/cak-15-godina-nije-se-pojavljivao-na-poslu-a-uredno-dobivao-placu\/#article","isPartOf":{"@id":"https:\/\/radioljubuski.ba\/index.php\/2021\/04\/22\/cak-15-godina-nije-se-pojavljivao-na-poslu-a-uredno-dobivao-placu\/"},"author":{"name":"Radio Ljubu\u0161ki","@id":"https:\/\/radioljubuski.ba\/#\/schema\/person\/19fc700381a780f69665d7956c469e3b"},"headline":"\u010cak 15 godina nije se pojavljivao na poslu, a uredno dobivao pla\u0107u","datePublished":"2021-04-22T21:42:20+00:00","dateModified":"2021-04-22T21:42:21+00:00","mainEntityOfPage":{"@id":"https:\/\/radioljubuski.ba\/index.php\/2021\/04\/22\/cak-15-godina-nije-se-pojavljivao-na-poslu-a-uredno-dobivao-placu\/"},"wordCount":366,"publisher":{"@id":"https:\/\/radioljubuski.ba\/#organization"},"image":{"@id":"https:\/\/radioljubuski.ba\/index.php\/2021\/04\/22\/cak-15-godina-nije-se-pojavljivao-na-poslu-a-uredno-dobivao-placu\/#primaryimage"},"thumbnailUrl":"https:\/\/radioljubuski.ba\/wp-content\/uploads\/2021\/04\/ita.jpg","articleSection":["BIH i regija"],"inLanguage":"hr"},{"@type":"WebPage","@id":"https:\/\/radioljubuski.ba\/index.php\/2021\/04\/22\/cak-15-godina-nije-se-pojavljivao-na-poslu-a-uredno-dobivao-placu\/","url":"https:\/\/radioljubuski.ba\/index.php\/2021\/04\/22\/cak-15-godina-nije-se-pojavljivao-na-poslu-a-uredno-dobivao-placu\/","name":"\u010cak 15 godina nije se pojavljivao na poslu, a uredno dobivao pla\u0107u - RADIO LJUBU\u0160KI","isPartOf":{"@id":"https:\/\/radioljubuski.ba\/#website"},"primaryImageOfPage":{"@id":"https:\/\/radioljubuski.ba\/index.php\/2021\/04\/22\/cak-15-godina-nije-se-pojavljivao-na-poslu-a-uredno-dobivao-placu\/#primaryimage"},"image":{"@id":"https:\/\/radioljubuski.ba\/index.php\/2021\/04\/22\/cak-15-godina-nije-se-pojavljivao-na-poslu-a-uredno-dobivao-placu\/#primaryimage"},"thumbnailUrl":"https:\/\/radioljubuski.ba\/wp-content\/uploads\/2021\/04\/ita.jpg","datePublished":"2021-04-22T21:42:20+00:00","dateModified":"2021-04-22T21:42:21+00:00","breadcrumb":{"@id":"https:\/\/radioljubuski.ba\/index.php\/2021\/04\/22\/cak-15-godina-nije-se-pojavljivao-na-poslu-a-uredno-dobivao-placu\/#breadcrumb"},"inLanguage":"hr","potentialAction":[{"@type":"ReadAction","target":["https:\/\/radioljubuski.ba\/index.php\/2021\/04\/22\/cak-15-godina-nije-se-pojavljivao-na-poslu-a-uredno-dobivao-placu\/"]}]},{"@type":"ImageObject","inLanguage":"hr","@id":"https:\/\/radioljubuski.ba\/index.php\/2021\/04\/22\/cak-15-godina-nije-se-pojavljivao-na-poslu-a-uredno-dobivao-placu\/#primaryimage","url":"https:\/\/radioljubuski.ba\/wp-content\/uploads\/2021\/04\/ita.jpg","contentUrl":"https:\/\/radioljubuski.ba\/wp-content\/uploads\/2021\/04\/ita.jpg","width":840,"height":470},{"@type":"BreadcrumbList","@id":"https:\/\/radioljubuski.ba\/index.php\/2021\/04\/22\/cak-15-godina-nije-se-pojavljivao-na-poslu-a-uredno-dobivao-placu\/#breadcrumb","itemListElement":[{"@type":"ListItem","position":1,"name":"Po\u010detna stranica","item":"https:\/\/radioljubuski.ba\/"},{"@type":"ListItem","position":2,"name":"\u010cak 15 godina nije se pojavljivao na poslu, a uredno dobivao pla\u0107u"}]},{"@type":"WebSite","@id":"https:\/\/radioljubuski.ba\/#website","url":"https:\/\/radioljubuski.ba\/","name":"Radio Ljubu\u0161ki","description":"Sun\u010dana frekvencija Hercegovine","publisher":{"@id":"https:\/\/radioljubuski.ba\/#organization"},"potentialAction":[{"@type":"SearchAction","target":{"@type":"EntryPoint","urlTemplate":"https:\/\/radioljubuski.ba\/?s={search_term_string}"},"query-input":{"@type":"PropertyValueSpecification","valueRequired":true,"valueName":"search_term_string"}}],"inLanguage":"hr"},{"@type":"Organization","@id":"https:\/\/radioljubuski.ba\/#organization","name":"Radio Ljubu\u0161ki","url":"https:\/\/radioljubuski.ba\/","logo":{"@type":"ImageObject","inLanguage":"hr","@id":"https:\/\/radioljubuski.ba\/#\/schema\/logo\/image\/","url":"https:\/\/radioljubuski.ba\/wp-content\/uploads\/2021\/02\/cropped-Radio_Ljubuski_logo1.jpg","contentUrl":"https:\/\/radioljubuski.ba\/wp-content\/uploads\/2021\/02\/cropped-Radio_Ljubuski_logo1.jpg","width":512,"height":512,"caption":"Radio Ljubu\u0161ki"},"image":{"@id":"https:\/\/radioljubuski.ba\/#\/schema\/logo\/image\/"},"sameAs":["https:\/\/www.facebook.com\/Radiio-Ljubuski-1490835324566332","https:\/\/x.com\/radioljubuski","https:\/\/hr.linkedin.com\/company\/radio-ljubuski","https:\/\/www.youtube.com\/channel\/UCHYaeO_n0Db3tjNGudGpXyw"]},{"@type":"Person","@id":"https:\/\/radioljubuski.ba\/#\/schema\/person\/19fc700381a780f69665d7956c469e3b","name":"Radio Ljubu\u0161ki"}]}},"_links":{"self":[{"href":"https:\/\/radioljubuski.ba\/index.php\/wp-json\/wp\/v2\/posts\/15486","targetHints":{"allow":["GET"]}}],"collection":[{"href":"https:\/\/radioljubuski.ba\/index.php\/wp-json\/wp\/v2\/posts"}],"about":[{"href":"https:\/\/radioljubuski.ba\/index.php\/wp-json\/wp\/v2\/types\/post"}],"author":[{"embeddable":true,"href":"https:\/\/radioljubuski.ba\/index.php\/wp-json\/wp\/v2\/users\/2"}],"replies":[{"embeddable":true,"href":"https:\/\/radioljubuski.ba\/index.php\/wp-json\/wp\/v2\/comments?post=15486"}],"version-history":[{"count":1,"href":"https:\/\/radioljubuski.ba\/index.php\/wp-json\/wp\/v2\/posts\/15486\/revisions"}],"predecessor-version":[{"id":15488,"href":"https:\/\/radioljubuski.ba\/index.php\/wp-json\/wp\/v2\/posts\/15486\/revisions\/15488"}],"wp:featuredmedia":[{"embeddable":true,"href":"https:\/\/radioljubuski.ba\/index.php\/wp-json\/wp\/v2\/media\/15487"}],"wp:attachment":[{"href":"https:\/\/radioljubuski.ba\/index.php\/wp-json\/wp\/v2\/media?parent=15486"}],"wp:term":[{"taxonomy":"category","embeddable":true,"href":"https:\/\/radioljubuski.ba\/index.php\/wp-json\/wp\/v2\/categories?post=15486"},{"taxonomy":"post_tag","embeddable":true,"href":"https:\/\/radioljubuski.ba\/index.php\/wp-json\/wp\/v2\/tags?post=15486"}],"curies":[{"name":"wp","href":"https:\/\/api.w.org\/{rel}","templated":true}]}}