{"id":154898,"date":"2022-06-29T13:49:23","date_gmt":"2022-06-29T12:49:23","guid":{"rendered":"https:\/\/radioljubuski.ba\/?p=154898"},"modified":"2022-06-29T13:49:24","modified_gmt":"2022-06-29T12:49:24","slug":"na-sahrani-biljane-koja-je-zabetonirala-muza-preminuo-njen-rodak","status":"publish","type":"post","link":"https:\/\/radioljubuski.ba\/index.php\/2022\/06\/29\/na-sahrani-biljane-koja-je-zabetonirala-muza-preminuo-njen-rodak\/","title":{"rendered":"Na sahrani Biljane koja je zabetonirala mu\u017ea preminuo njen ro\u0111ak"},"content":{"rendered":"\n<p>Mje\u0161tani sela Veliko Trnjane kod Leskovca ka\u017eu da je ju\u010der na sahrani Biljane S, koja je prije tri godine, kako se sumnja, ubila pa zabetonirala supruga Ivana S. i izvr\u0161ila samoubojstvo, preminuo njen ro\u0111ak, javlja Telegraf.<\/p>\n\n\n\n<p>-Cijelo selo do\u0161lo je ju\u010der na sahranu i svi su bili vidno tu\u017eni i potreseni, pa je tako jedan Biljanin ro\u0111ak koji ima preko 70 godina umro. Njemu je pozlilo na ispra\u0107aju i pao je na zemlju nasred pogreba &#8211; ka\u017ee mje\u0161tanin i dodaje:<\/p>\n\n\n\n<p>-Svi su sko\u010dili da mu pomognu, zvali su i Hitnu pomo\u0107. Lije\u010dnici Hitne pomo\u0107i poku\u0161ali su da o\u017eive nesretnog \u010dovjeka, ali na\u017ealost nisu uspjeli. \u010culi smo da je do\u017eivio infarkt.<\/p>\n\n\n\n<p>Sugovornik Kurira ka\u017ee da je \u010djovek od tuge preminuo.<\/p>\n\n\n\n<p>-Bilo mu je izuzetno te\u0161ko i cijelo vrijeme na sahrani je plakao. U jednom trenutku je samo pao i svi su pritr\u010dali, ali ve\u0107 je bilo kasno. Sahrana tog \u010dovjeka je danas &#8211; ka\u017ee.<\/p>\n\n\n\n<p>Mje\u0161tanin podsje\u0107a da je poslije sahrane uslijedio drugi \u0161ok, jer je u ku\u0107u do\u0161la policija i otkrila tijelo Biljaninog supruga Ivana kojeg nitko nije video tri godine.<\/p>\n\n\n\n<p>Podsjetimo, Biljana S. je navodno ubila, a zatim zabetonirala supruga Ivana S. u \u0161upi u svojoj obiteljskoj ku\u0107i u selu kod Leskovca. Prije nekoliko dana izvr\u0161ila je samoubojstvo, a ju\u010der je sahranjena. Nakon sahrane je otkrivena jeziva istina.<\/p>\n\n\n\n<figure class=\"wp-block-embed is-type-wp-embed is-provider-radio-ljubuski wp-block-embed-radio-ljubuski\"><div class=\"wp-block-embed__wrapper\">\n<blockquote class=\"wp-embedded-content\" data-secret=\"eZCMWhgNTN\"><a href=\"https:\/\/radioljubuski.ba\/index.php\/2022\/06\/29\/pronadeno-tijelo-muskarca-zaliveno-u-beton-sumnja-se-da-ga-je-ubila-zena-koja-je-pronadena-mrtva-u-kuci\/\">Prona\u0111eno tijelo mu\u0161karca zaliveno u beton, sumnja se da ga je ubila \u017eena koja je prona\u0111ena mrtva u ku\u0107i<\/a><\/blockquote><iframe loading=\"lazy\" class=\"wp-embedded-content\" sandbox=\"allow-scripts\" security=\"restricted\" style=\"position: absolute; clip: rect(1px, 1px, 1px, 1px);\" title=\"&#8220;Prona\u0111eno tijelo mu\u0161karca zaliveno u beton, sumnja se da ga je ubila \u017eena koja je prona\u0111ena mrtva u ku\u0107i&#8221; &#8212;   RADIO LJUBU\u0160KI\" src=\"https:\/\/radioljubuski.ba\/index.php\/2022\/06\/29\/pronadeno-tijelo-muskarca-zaliveno-u-beton-sumnja-se-da-ga-je-ubila-zena-koja-je-pronadena-mrtva-u-kuci\/embed\/#?secret=cMn07pd4Y7#?secret=eZCMWhgNTN\" data-secret=\"eZCMWhgNTN\" width=\"600\" height=\"338\" frameborder=\"0\" marginwidth=\"0\" marginheight=\"0\" scrolling=\"no\"><\/iframe>\n<\/div><\/figure>\n\n\n\n<p>Izvor:pogled.ba<\/p>\n","protected":false},"excerpt":{"rendered":"<p>Mje\u0161tani sela Veliko Trnjane kod Leskovca ka\u017eu da je ju\u010der na sahrani Biljane S, koja je prije tri godine, kako se sumnja, ubila pa zabetonirala supruga Ivana S. i izvr\u0161ila samoubojstvo, preminuo njen ro\u0111ak, javlja Telegraf. -Cijelo selo do\u0161lo je ju\u010der na sahranu i svi su bili vidno tu\u017eni i potreseni, pa je tako jedan [&hellip;]<\/p>\n","protected":false},"author":2,"featured_media":19016,"comment_status":"closed","ping_status":"closed","sticky":false,"template":"","format":"standard","meta":{"h5ap_radio_sources":[],"footnotes":""},"categories":[1],"tags":[],"class_list":["post-154898","post","type-post","status-publish","format-standard","has-post-thumbnail","hentry","category-bihiregija"],"yoast_head":"<!-- This site is optimized with the Yoast SEO plugin v27.5 - https:\/\/yoast.com\/product\/yoast-seo-wordpress\/ -->\n<title>Na sahrani Biljane koja je zabetonirala mu\u017ea preminuo njen ro\u0111ak - RADIO LJUBU\u0160KI<\/title>\n<meta name=\"robots\" content=\"index, follow, max-snippet:-1, max-image-preview:large, max-video-preview:-1\" \/>\n<link rel=\"canonical\" href=\"https:\/\/radioljubuski.ba\/index.php\/2022\/06\/29\/na-sahrani-biljane-koja-je-zabetonirala-muza-preminuo-njen-rodak\/\" \/>\n<meta property=\"og:locale\" content=\"hr_HR\" \/>\n<meta property=\"og:type\" content=\"article\" \/>\n<meta property=\"og:title\" content=\"Na sahrani Biljane koja je zabetonirala mu\u017ea preminuo njen ro\u0111ak - RADIO LJUBU\u0160KI\" \/>\n<meta property=\"og:description\" content=\"Mje\u0161tani sela Veliko Trnjane kod Leskovca ka\u017eu da je ju\u010der na sahrani Biljane S, koja je prije tri godine, kako se sumnja, ubila pa zabetonirala supruga Ivana S. i izvr\u0161ila samoubojstvo, preminuo njen ro\u0111ak, javlja Telegraf. -Cijelo selo do\u0161lo je ju\u010der na sahranu i svi su bili vidno tu\u017eni i potreseni, pa je tako jedan [&hellip;]\" \/>\n<meta property=\"og:url\" content=\"https:\/\/radioljubuski.ba\/index.php\/2022\/06\/29\/na-sahrani-biljane-koja-je-zabetonirala-muza-preminuo-njen-rodak\/\" \/>\n<meta property=\"og:site_name\" content=\"RADIO LJUBU\u0160KI\" \/>\n<meta property=\"article:publisher\" content=\"https:\/\/www.facebook.com\/Radiio-Ljubuski-1490835324566332\" \/>\n<meta property=\"article:published_time\" content=\"2022-06-29T12:49:23+00:00\" \/>\n<meta property=\"article:modified_time\" content=\"2022-06-29T12:49:24+00:00\" \/>\n<meta property=\"og:image\" content=\"https:\/\/radioljubuski.ba\/wp-content\/uploads\/2021\/05\/2-2021-05-03-08-20-18-srbija-hitna.jpg\" \/>\n\t<meta property=\"og:image:width\" content=\"1000\" \/>\n\t<meta property=\"og:image:height\" content=\"625\" \/>\n\t<meta property=\"og:image:type\" content=\"image\/jpeg\" \/>\n<meta name=\"author\" content=\"Radio Ljubu\u0161ki\" \/>\n<meta name=\"twitter:card\" content=\"summary_large_image\" \/>\n<meta name=\"twitter:creator\" content=\"@radioljubuski\" \/>\n<meta name=\"twitter:site\" content=\"@radioljubuski\" \/>\n<meta name=\"twitter:label1\" content=\"Napisao\/la\" \/>\n\t<meta name=\"twitter:data1\" content=\"Radio Ljubu\u0161ki\" \/>\n\t<meta name=\"twitter:label2\" content=\"Procijenjeno vrijeme \u010ditanja\" \/>\n\t<meta name=\"twitter:data2\" content=\"1 minuta\" \/>\n<script type=\"application\/ld+json\" class=\"yoast-schema-graph\">{\"@context\":\"https:\\\/\\\/schema.org\",\"@graph\":[{\"@type\":\"Article\",\"@id\":\"https:\\\/\\\/radioljubuski.ba\\\/index.php\\\/2022\\\/06\\\/29\\\/na-sahrani-biljane-koja-je-zabetonirala-muza-preminuo-njen-rodak\\\/#article\",\"isPartOf\":{\"@id\":\"https:\\\/\\\/radioljubuski.ba\\\/index.php\\\/2022\\\/06\\\/29\\\/na-sahrani-biljane-koja-je-zabetonirala-muza-preminuo-njen-rodak\\\/\"},\"author\":{\"name\":\"Radio Ljubu\u0161ki\",\"@id\":\"https:\\\/\\\/radioljubuski.ba\\\/#\\\/schema\\\/person\\\/19fc700381a780f69665d7956c469e3b\"},\"headline\":\"Na sahrani Biljane koja je zabetonirala mu\u017ea preminuo njen ro\u0111ak\",\"datePublished\":\"2022-06-29T12:49:23+00:00\",\"dateModified\":\"2022-06-29T12:49:24+00:00\",\"mainEntityOfPage\":{\"@id\":\"https:\\\/\\\/radioljubuski.ba\\\/index.php\\\/2022\\\/06\\\/29\\\/na-sahrani-biljane-koja-je-zabetonirala-muza-preminuo-njen-rodak\\\/\"},\"wordCount\":268,\"publisher\":{\"@id\":\"https:\\\/\\\/radioljubuski.ba\\\/#organization\"},\"image\":{\"@id\":\"https:\\\/\\\/radioljubuski.ba\\\/index.php\\\/2022\\\/06\\\/29\\\/na-sahrani-biljane-koja-je-zabetonirala-muza-preminuo-njen-rodak\\\/#primaryimage\"},\"thumbnailUrl\":\"https:\\\/\\\/radioljubuski.ba\\\/wp-content\\\/uploads\\\/2021\\\/05\\\/2-2021-05-03-08-20-18-srbija-hitna.jpg\",\"articleSection\":[\"BIH i regija\"],\"inLanguage\":\"hr\"},{\"@type\":\"WebPage\",\"@id\":\"https:\\\/\\\/radioljubuski.ba\\\/index.php\\\/2022\\\/06\\\/29\\\/na-sahrani-biljane-koja-je-zabetonirala-muza-preminuo-njen-rodak\\\/\",\"url\":\"https:\\\/\\\/radioljubuski.ba\\\/index.php\\\/2022\\\/06\\\/29\\\/na-sahrani-biljane-koja-je-zabetonirala-muza-preminuo-njen-rodak\\\/\",\"name\":\"Na sahrani Biljane koja je zabetonirala mu\u017ea preminuo njen ro\u0111ak - RADIO LJUBU\u0160KI\",\"isPartOf\":{\"@id\":\"https:\\\/\\\/radioljubuski.ba\\\/#website\"},\"primaryImageOfPage\":{\"@id\":\"https:\\\/\\\/radioljubuski.ba\\\/index.php\\\/2022\\\/06\\\/29\\\/na-sahrani-biljane-koja-je-zabetonirala-muza-preminuo-njen-rodak\\\/#primaryimage\"},\"image\":{\"@id\":\"https:\\\/\\\/radioljubuski.ba\\\/index.php\\\/2022\\\/06\\\/29\\\/na-sahrani-biljane-koja-je-zabetonirala-muza-preminuo-njen-rodak\\\/#primaryimage\"},\"thumbnailUrl\":\"https:\\\/\\\/radioljubuski.ba\\\/wp-content\\\/uploads\\\/2021\\\/05\\\/2-2021-05-03-08-20-18-srbija-hitna.jpg\",\"datePublished\":\"2022-06-29T12:49:23+00:00\",\"dateModified\":\"2022-06-29T12:49:24+00:00\",\"breadcrumb\":{\"@id\":\"https:\\\/\\\/radioljubuski.ba\\\/index.php\\\/2022\\\/06\\\/29\\\/na-sahrani-biljane-koja-je-zabetonirala-muza-preminuo-njen-rodak\\\/#breadcrumb\"},\"inLanguage\":\"hr\",\"potentialAction\":[{\"@type\":\"ReadAction\",\"target\":[\"https:\\\/\\\/radioljubuski.ba\\\/index.php\\\/2022\\\/06\\\/29\\\/na-sahrani-biljane-koja-je-zabetonirala-muza-preminuo-njen-rodak\\\/\"]}]},{\"@type\":\"ImageObject\",\"inLanguage\":\"hr\",\"@id\":\"https:\\\/\\\/radioljubuski.ba\\\/index.php\\\/2022\\\/06\\\/29\\\/na-sahrani-biljane-koja-je-zabetonirala-muza-preminuo-njen-rodak\\\/#primaryimage\",\"url\":\"https:\\\/\\\/radioljubuski.ba\\\/wp-content\\\/uploads\\\/2021\\\/05\\\/2-2021-05-03-08-20-18-srbija-hitna.jpg\",\"contentUrl\":\"https:\\\/\\\/radioljubuski.ba\\\/wp-content\\\/uploads\\\/2021\\\/05\\\/2-2021-05-03-08-20-18-srbija-hitna.jpg\",\"width\":1000,\"height\":625},{\"@type\":\"BreadcrumbList\",\"@id\":\"https:\\\/\\\/radioljubuski.ba\\\/index.php\\\/2022\\\/06\\\/29\\\/na-sahrani-biljane-koja-je-zabetonirala-muza-preminuo-njen-rodak\\\/#breadcrumb\",\"itemListElement\":[{\"@type\":\"ListItem\",\"position\":1,\"name\":\"Po\u010detna stranica\",\"item\":\"https:\\\/\\\/radioljubuski.ba\\\/\"},{\"@type\":\"ListItem\",\"position\":2,\"name\":\"Na sahrani Biljane koja je zabetonirala mu\u017ea preminuo njen ro\u0111ak\"}]},{\"@type\":\"WebSite\",\"@id\":\"https:\\\/\\\/radioljubuski.ba\\\/#website\",\"url\":\"https:\\\/\\\/radioljubuski.ba\\\/\",\"name\":\"Radio Ljubu\u0161ki\",\"description\":\"Sun\u010dana frekvencija Hercegovine\",\"publisher\":{\"@id\":\"https:\\\/\\\/radioljubuski.ba\\\/#organization\"},\"potentialAction\":[{\"@type\":\"SearchAction\",\"target\":{\"@type\":\"EntryPoint\",\"urlTemplate\":\"https:\\\/\\\/radioljubuski.ba\\\/?s={search_term_string}\"},\"query-input\":{\"@type\":\"PropertyValueSpecification\",\"valueRequired\":true,\"valueName\":\"search_term_string\"}}],\"inLanguage\":\"hr\"},{\"@type\":\"Organization\",\"@id\":\"https:\\\/\\\/radioljubuski.ba\\\/#organization\",\"name\":\"Radio Ljubu\u0161ki\",\"url\":\"https:\\\/\\\/radioljubuski.ba\\\/\",\"logo\":{\"@type\":\"ImageObject\",\"inLanguage\":\"hr\",\"@id\":\"https:\\\/\\\/radioljubuski.ba\\\/#\\\/schema\\\/logo\\\/image\\\/\",\"url\":\"https:\\\/\\\/radioljubuski.ba\\\/wp-content\\\/uploads\\\/2021\\\/02\\\/cropped-Radio_Ljubuski_logo1.jpg\",\"contentUrl\":\"https:\\\/\\\/radioljubuski.ba\\\/wp-content\\\/uploads\\\/2021\\\/02\\\/cropped-Radio_Ljubuski_logo1.jpg\",\"width\":512,\"height\":512,\"caption\":\"Radio Ljubu\u0161ki\"},\"image\":{\"@id\":\"https:\\\/\\\/radioljubuski.ba\\\/#\\\/schema\\\/logo\\\/image\\\/\"},\"sameAs\":[\"https:\\\/\\\/www.facebook.com\\\/Radiio-Ljubuski-1490835324566332\",\"https:\\\/\\\/x.com\\\/radioljubuski\",\"https:\\\/\\\/hr.linkedin.com\\\/company\\\/radio-ljubuski\",\"https:\\\/\\\/www.youtube.com\\\/channel\\\/UCHYaeO_n0Db3tjNGudGpXyw\"]},{\"@type\":\"Person\",\"@id\":\"https:\\\/\\\/radioljubuski.ba\\\/#\\\/schema\\\/person\\\/19fc700381a780f69665d7956c469e3b\",\"name\":\"Radio Ljubu\u0161ki\"}]}<\/script>\n<!-- \/ Yoast SEO plugin. -->","yoast_head_json":{"title":"Na sahrani Biljane koja je zabetonirala mu\u017ea preminuo njen ro\u0111ak - RADIO LJUBU\u0160KI","robots":{"index":"index","follow":"follow","max-snippet":"max-snippet:-1","max-image-preview":"max-image-preview:large","max-video-preview":"max-video-preview:-1"},"canonical":"https:\/\/radioljubuski.ba\/index.php\/2022\/06\/29\/na-sahrani-biljane-koja-je-zabetonirala-muza-preminuo-njen-rodak\/","og_locale":"hr_HR","og_type":"article","og_title":"Na sahrani Biljane koja je zabetonirala mu\u017ea preminuo njen ro\u0111ak - RADIO LJUBU\u0160KI","og_description":"Mje\u0161tani sela Veliko Trnjane kod Leskovca ka\u017eu da je ju\u010der na sahrani Biljane S, koja je prije tri godine, kako se sumnja, ubila pa zabetonirala supruga Ivana S. i izvr\u0161ila samoubojstvo, preminuo njen ro\u0111ak, javlja Telegraf. -Cijelo selo do\u0161lo je ju\u010der na sahranu i svi su bili vidno tu\u017eni i potreseni, pa je tako jedan [&hellip;]","og_url":"https:\/\/radioljubuski.ba\/index.php\/2022\/06\/29\/na-sahrani-biljane-koja-je-zabetonirala-muza-preminuo-njen-rodak\/","og_site_name":"RADIO LJUBU\u0160KI","article_publisher":"https:\/\/www.facebook.com\/Radiio-Ljubuski-1490835324566332","article_published_time":"2022-06-29T12:49:23+00:00","article_modified_time":"2022-06-29T12:49:24+00:00","og_image":[{"width":1000,"height":625,"url":"https:\/\/radioljubuski.ba\/wp-content\/uploads\/2021\/05\/2-2021-05-03-08-20-18-srbija-hitna.jpg","type":"image\/jpeg"}],"author":"Radio Ljubu\u0161ki","twitter_card":"summary_large_image","twitter_creator":"@radioljubuski","twitter_site":"@radioljubuski","twitter_misc":{"Napisao\/la":"Radio Ljubu\u0161ki","Procijenjeno vrijeme \u010ditanja":"1 minuta"},"schema":{"@context":"https:\/\/schema.org","@graph":[{"@type":"Article","@id":"https:\/\/radioljubuski.ba\/index.php\/2022\/06\/29\/na-sahrani-biljane-koja-je-zabetonirala-muza-preminuo-njen-rodak\/#article","isPartOf":{"@id":"https:\/\/radioljubuski.ba\/index.php\/2022\/06\/29\/na-sahrani-biljane-koja-je-zabetonirala-muza-preminuo-njen-rodak\/"},"author":{"name":"Radio Ljubu\u0161ki","@id":"https:\/\/radioljubuski.ba\/#\/schema\/person\/19fc700381a780f69665d7956c469e3b"},"headline":"Na sahrani Biljane koja je zabetonirala mu\u017ea preminuo njen ro\u0111ak","datePublished":"2022-06-29T12:49:23+00:00","dateModified":"2022-06-29T12:49:24+00:00","mainEntityOfPage":{"@id":"https:\/\/radioljubuski.ba\/index.php\/2022\/06\/29\/na-sahrani-biljane-koja-je-zabetonirala-muza-preminuo-njen-rodak\/"},"wordCount":268,"publisher":{"@id":"https:\/\/radioljubuski.ba\/#organization"},"image":{"@id":"https:\/\/radioljubuski.ba\/index.php\/2022\/06\/29\/na-sahrani-biljane-koja-je-zabetonirala-muza-preminuo-njen-rodak\/#primaryimage"},"thumbnailUrl":"https:\/\/radioljubuski.ba\/wp-content\/uploads\/2021\/05\/2-2021-05-03-08-20-18-srbija-hitna.jpg","articleSection":["BIH i regija"],"inLanguage":"hr"},{"@type":"WebPage","@id":"https:\/\/radioljubuski.ba\/index.php\/2022\/06\/29\/na-sahrani-biljane-koja-je-zabetonirala-muza-preminuo-njen-rodak\/","url":"https:\/\/radioljubuski.ba\/index.php\/2022\/06\/29\/na-sahrani-biljane-koja-je-zabetonirala-muza-preminuo-njen-rodak\/","name":"Na sahrani Biljane koja je zabetonirala mu\u017ea preminuo njen ro\u0111ak - RADIO LJUBU\u0160KI","isPartOf":{"@id":"https:\/\/radioljubuski.ba\/#website"},"primaryImageOfPage":{"@id":"https:\/\/radioljubuski.ba\/index.php\/2022\/06\/29\/na-sahrani-biljane-koja-je-zabetonirala-muza-preminuo-njen-rodak\/#primaryimage"},"image":{"@id":"https:\/\/radioljubuski.ba\/index.php\/2022\/06\/29\/na-sahrani-biljane-koja-je-zabetonirala-muza-preminuo-njen-rodak\/#primaryimage"},"thumbnailUrl":"https:\/\/radioljubuski.ba\/wp-content\/uploads\/2021\/05\/2-2021-05-03-08-20-18-srbija-hitna.jpg","datePublished":"2022-06-29T12:49:23+00:00","dateModified":"2022-06-29T12:49:24+00:00","breadcrumb":{"@id":"https:\/\/radioljubuski.ba\/index.php\/2022\/06\/29\/na-sahrani-biljane-koja-je-zabetonirala-muza-preminuo-njen-rodak\/#breadcrumb"},"inLanguage":"hr","potentialAction":[{"@type":"ReadAction","target":["https:\/\/radioljubuski.ba\/index.php\/2022\/06\/29\/na-sahrani-biljane-koja-je-zabetonirala-muza-preminuo-njen-rodak\/"]}]},{"@type":"ImageObject","inLanguage":"hr","@id":"https:\/\/radioljubuski.ba\/index.php\/2022\/06\/29\/na-sahrani-biljane-koja-je-zabetonirala-muza-preminuo-njen-rodak\/#primaryimage","url":"https:\/\/radioljubuski.ba\/wp-content\/uploads\/2021\/05\/2-2021-05-03-08-20-18-srbija-hitna.jpg","contentUrl":"https:\/\/radioljubuski.ba\/wp-content\/uploads\/2021\/05\/2-2021-05-03-08-20-18-srbija-hitna.jpg","width":1000,"height":625},{"@type":"BreadcrumbList","@id":"https:\/\/radioljubuski.ba\/index.php\/2022\/06\/29\/na-sahrani-biljane-koja-je-zabetonirala-muza-preminuo-njen-rodak\/#breadcrumb","itemListElement":[{"@type":"ListItem","position":1,"name":"Po\u010detna stranica","item":"https:\/\/radioljubuski.ba\/"},{"@type":"ListItem","position":2,"name":"Na sahrani Biljane koja je zabetonirala mu\u017ea preminuo njen ro\u0111ak"}]},{"@type":"WebSite","@id":"https:\/\/radioljubuski.ba\/#website","url":"https:\/\/radioljubuski.ba\/","name":"Radio Ljubu\u0161ki","description":"Sun\u010dana frekvencija Hercegovine","publisher":{"@id":"https:\/\/radioljubuski.ba\/#organization"},"potentialAction":[{"@type":"SearchAction","target":{"@type":"EntryPoint","urlTemplate":"https:\/\/radioljubuski.ba\/?s={search_term_string}"},"query-input":{"@type":"PropertyValueSpecification","valueRequired":true,"valueName":"search_term_string"}}],"inLanguage":"hr"},{"@type":"Organization","@id":"https:\/\/radioljubuski.ba\/#organization","name":"Radio Ljubu\u0161ki","url":"https:\/\/radioljubuski.ba\/","logo":{"@type":"ImageObject","inLanguage":"hr","@id":"https:\/\/radioljubuski.ba\/#\/schema\/logo\/image\/","url":"https:\/\/radioljubuski.ba\/wp-content\/uploads\/2021\/02\/cropped-Radio_Ljubuski_logo1.jpg","contentUrl":"https:\/\/radioljubuski.ba\/wp-content\/uploads\/2021\/02\/cropped-Radio_Ljubuski_logo1.jpg","width":512,"height":512,"caption":"Radio Ljubu\u0161ki"},"image":{"@id":"https:\/\/radioljubuski.ba\/#\/schema\/logo\/image\/"},"sameAs":["https:\/\/www.facebook.com\/Radiio-Ljubuski-1490835324566332","https:\/\/x.com\/radioljubuski","https:\/\/hr.linkedin.com\/company\/radio-ljubuski","https:\/\/www.youtube.com\/channel\/UCHYaeO_n0Db3tjNGudGpXyw"]},{"@type":"Person","@id":"https:\/\/radioljubuski.ba\/#\/schema\/person\/19fc700381a780f69665d7956c469e3b","name":"Radio Ljubu\u0161ki"}]}},"_links":{"self":[{"href":"https:\/\/radioljubuski.ba\/index.php\/wp-json\/wp\/v2\/posts\/154898","targetHints":{"allow":["GET"]}}],"collection":[{"href":"https:\/\/radioljubuski.ba\/index.php\/wp-json\/wp\/v2\/posts"}],"about":[{"href":"https:\/\/radioljubuski.ba\/index.php\/wp-json\/wp\/v2\/types\/post"}],"author":[{"embeddable":true,"href":"https:\/\/radioljubuski.ba\/index.php\/wp-json\/wp\/v2\/users\/2"}],"replies":[{"embeddable":true,"href":"https:\/\/radioljubuski.ba\/index.php\/wp-json\/wp\/v2\/comments?post=154898"}],"version-history":[{"count":1,"href":"https:\/\/radioljubuski.ba\/index.php\/wp-json\/wp\/v2\/posts\/154898\/revisions"}],"predecessor-version":[{"id":154899,"href":"https:\/\/radioljubuski.ba\/index.php\/wp-json\/wp\/v2\/posts\/154898\/revisions\/154899"}],"wp:featuredmedia":[{"embeddable":true,"href":"https:\/\/radioljubuski.ba\/index.php\/wp-json\/wp\/v2\/media\/19016"}],"wp:attachment":[{"href":"https:\/\/radioljubuski.ba\/index.php\/wp-json\/wp\/v2\/media?parent=154898"}],"wp:term":[{"taxonomy":"category","embeddable":true,"href":"https:\/\/radioljubuski.ba\/index.php\/wp-json\/wp\/v2\/categories?post=154898"},{"taxonomy":"post_tag","embeddable":true,"href":"https:\/\/radioljubuski.ba\/index.php\/wp-json\/wp\/v2\/tags?post=154898"}],"curies":[{"name":"wp","href":"https:\/\/api.w.org\/{rel}","templated":true}]}}