{"id":154914,"date":"2022-06-30T07:28:06","date_gmt":"2022-06-30T06:28:06","guid":{"rendered":"https:\/\/radioljubuski.ba\/?p=154914"},"modified":"2022-06-30T07:28:08","modified_gmt":"2022-06-30T06:28:08","slug":"kupres-i-ove-godine-domacin-viteskog-natjecanja-kosaca","status":"publish","type":"post","link":"https:\/\/radioljubuski.ba\/index.php\/2022\/06\/30\/kupres-i-ove-godine-domacin-viteskog-natjecanja-kosaca\/","title":{"rendered":"Kupres i ove godine doma\u0107in vite\u0161kog natjecanja kosaca"},"content":{"rendered":"\n<p>&nbsp;U organizaciji op\u0107ine Kupres od 30. lipnja do 3. srpnja odr\u017eat \u0107e se tradicionalna manifestacija \u201eDani kosidbe na Kupresu &#8211; Strljanica 2022\u201d.<\/p>\n\n\n\n<p>Organizatori o\u010dekuju da \u0107e kao i ranijih godina Strljanica privu\u0107i desetak tisu\u0107a posjetitelja na Kupre\u0161ko polje.<\/p>\n\n\n\n<p>&#8211; Protekle dvije godine pandemija koronavirusa sprije\u010dila je odr\u017eavanje ove manifestacije tako da smo ove godine u\u010dinili program bogatijim, a \u017eelja nam je i dalje razvijati i unapre\u0111ivati ovu tradicionalnu manifestaciju te sa\u010duvati njezin duh i vrijednosti &#8211; za Fenu je kazao na\u010delnik op\u0107ine Kupres Zdravko Mio\u010d.<\/p>\n\n\n\n<p>Manifestacija po\u010dinje u \u010detvrtak, 30. lipnja, u 20 sati projekcijom dokumentarnog filma o Stepincu \u201eRazgovor\u201d u Hrvatskom domu Kupres.<\/p>\n\n\n\n<p>Kazali\u0161na predstava \u201eRodijaci\u201d, koja je trebala biti izvedena u petak, 1. srpnja, otkazana je zbog sprije\u010denosti glumaca, a program se nastavlja u subotu, 2. srpnja, Sajmom rukotvorina, suvenira i doma\u0107ih proizvoda, koji \u0107e se odr\u017eati od 9 do 22 sata u Hrvatskom domu Kupres.<\/p>\n\n\n\n<p>Istoga dana u 20 sati odr\u017eat \u0107e se etno festival \u201eMoj Ivane &#8211; Kupres 2022\u201d uz nastupe folklornih dru\u0161tava i vokalnih skupina iz BiH i Hrvatske.<\/p>\n\n\n\n<p>Sredi\u0161nji doga\u0111aj \u2013 natjecanja u kosidbi na programu je u nedjelju, 3. srpnja, od 14 sati. Prije toga odr\u017eat \u0107e se i natjecanja u tradicionalnim sportovima: kamena s ramena, skok u dalj, potezanje konopa, pje\u0161a\u010dka utrka.<\/p>\n\n\n\n<p>U nedjelju, s po\u010detkom u 10 sati, odr\u017eat \u0107e se i \u017eupanijska sto\u010darska izlo\u017eba.<\/p>\n\n\n\n<p>Galopsku utrku konja startat \u0107e u 16 sati, a nakon tog doga\u0111aja slijedi progla\u0161enje pobjednika vite\u0161kog natjecanja kosaca.<\/p>\n\n\n\n<p>Izvor:<a href=\"https:\/\/pogled.ba\/vijesti\/kupres-i-ove-godine-domacin-viteskog-natjecanja-kosaca\/249440\">Pogled.ba<\/a><\/p>\n","protected":false},"excerpt":{"rendered":"<p>&nbsp;U organizaciji op\u0107ine Kupres od 30. lipnja do 3. srpnja odr\u017eat \u0107e se tradicionalna manifestacija \u201eDani kosidbe na Kupresu &#8211; Strljanica 2022\u201d. Organizatori o\u010dekuju da \u0107e kao i ranijih godina Strljanica privu\u0107i desetak tisu\u0107a posjetitelja na Kupre\u0161ko polje. &#8211; Protekle dvije godine pandemija koronavirusa sprije\u010dila je odr\u017eavanje ove manifestacije tako da smo ove godine u\u010dinili [&hellip;]<\/p>\n","protected":false},"author":2,"featured_media":154915,"comment_status":"closed","ping_status":"closed","sticky":false,"template":"","format":"standard","meta":{"h5ap_radio_sources":[],"footnotes":""},"categories":[1],"tags":[],"class_list":["post-154914","post","type-post","status-publish","format-standard","has-post-thumbnail","hentry","category-bihiregija"],"yoast_head":"<!-- This site is optimized with the Yoast SEO plugin v27.5 - https:\/\/yoast.com\/product\/yoast-seo-wordpress\/ -->\n<title>Kupres i ove godine doma\u0107in vite\u0161kog natjecanja kosaca - RADIO LJUBU\u0160KI<\/title>\n<meta name=\"robots\" content=\"index, follow, max-snippet:-1, max-image-preview:large, max-video-preview:-1\" \/>\n<link rel=\"canonical\" href=\"https:\/\/radioljubuski.ba\/index.php\/2022\/06\/30\/kupres-i-ove-godine-domacin-viteskog-natjecanja-kosaca\/\" \/>\n<meta property=\"og:locale\" content=\"hr_HR\" \/>\n<meta property=\"og:type\" content=\"article\" \/>\n<meta property=\"og:title\" content=\"Kupres i ove godine doma\u0107in vite\u0161kog natjecanja kosaca - RADIO LJUBU\u0160KI\" \/>\n<meta property=\"og:description\" content=\"&nbsp;U organizaciji op\u0107ine Kupres od 30. lipnja do 3. srpnja odr\u017eat \u0107e se tradicionalna manifestacija \u201eDani kosidbe na Kupresu &#8211; Strljanica 2022\u201d. Organizatori o\u010dekuju da \u0107e kao i ranijih godina Strljanica privu\u0107i desetak tisu\u0107a posjetitelja na Kupre\u0161ko polje. &#8211; Protekle dvije godine pandemija koronavirusa sprije\u010dila je odr\u017eavanje ove manifestacije tako da smo ove godine u\u010dinili [&hellip;]\" \/>\n<meta property=\"og:url\" content=\"https:\/\/radioljubuski.ba\/index.php\/2022\/06\/30\/kupres-i-ove-godine-domacin-viteskog-natjecanja-kosaca\/\" \/>\n<meta property=\"og:site_name\" content=\"RADIO LJUBU\u0160KI\" \/>\n<meta property=\"article:publisher\" content=\"https:\/\/www.facebook.com\/Radiio-Ljubuski-1490835324566332\" \/>\n<meta property=\"article:published_time\" content=\"2022-06-30T06:28:06+00:00\" \/>\n<meta property=\"article:modified_time\" content=\"2022-06-30T06:28:08+00:00\" \/>\n<meta property=\"og:image\" content=\"https:\/\/radioljubuski.ba\/wp-content\/uploads\/2022\/06\/10-2022-06-29-20-52-36-l_53995a8ffb84c9fdaf8118e53924e95f-1.jpeg\" \/>\n\t<meta property=\"og:image:width\" content=\"1000\" \/>\n\t<meta property=\"og:image:height\" content=\"625\" \/>\n\t<meta property=\"og:image:type\" content=\"image\/jpeg\" \/>\n<meta name=\"author\" content=\"Radio Ljubu\u0161ki\" \/>\n<meta name=\"twitter:card\" content=\"summary_large_image\" \/>\n<meta name=\"twitter:creator\" content=\"@radioljubuski\" \/>\n<meta name=\"twitter:site\" content=\"@radioljubuski\" \/>\n<meta name=\"twitter:label1\" content=\"Napisao\/la\" \/>\n\t<meta name=\"twitter:data1\" content=\"Radio Ljubu\u0161ki\" \/>\n\t<meta name=\"twitter:label2\" content=\"Procijenjeno vrijeme \u010ditanja\" \/>\n\t<meta name=\"twitter:data2\" content=\"2 minute\" \/>\n<script type=\"application\/ld+json\" class=\"yoast-schema-graph\">{\"@context\":\"https:\\\/\\\/schema.org\",\"@graph\":[{\"@type\":\"Article\",\"@id\":\"https:\\\/\\\/radioljubuski.ba\\\/index.php\\\/2022\\\/06\\\/30\\\/kupres-i-ove-godine-domacin-viteskog-natjecanja-kosaca\\\/#article\",\"isPartOf\":{\"@id\":\"https:\\\/\\\/radioljubuski.ba\\\/index.php\\\/2022\\\/06\\\/30\\\/kupres-i-ove-godine-domacin-viteskog-natjecanja-kosaca\\\/\"},\"author\":{\"name\":\"Radio Ljubu\u0161ki\",\"@id\":\"https:\\\/\\\/radioljubuski.ba\\\/#\\\/schema\\\/person\\\/19fc700381a780f69665d7956c469e3b\"},\"headline\":\"Kupres i ove godine doma\u0107in vite\u0161kog natjecanja kosaca\",\"datePublished\":\"2022-06-30T06:28:06+00:00\",\"dateModified\":\"2022-06-30T06:28:08+00:00\",\"mainEntityOfPage\":{\"@id\":\"https:\\\/\\\/radioljubuski.ba\\\/index.php\\\/2022\\\/06\\\/30\\\/kupres-i-ove-godine-domacin-viteskog-natjecanja-kosaca\\\/\"},\"wordCount\":272,\"publisher\":{\"@id\":\"https:\\\/\\\/radioljubuski.ba\\\/#organization\"},\"image\":{\"@id\":\"https:\\\/\\\/radioljubuski.ba\\\/index.php\\\/2022\\\/06\\\/30\\\/kupres-i-ove-godine-domacin-viteskog-natjecanja-kosaca\\\/#primaryimage\"},\"thumbnailUrl\":\"https:\\\/\\\/radioljubuski.ba\\\/wp-content\\\/uploads\\\/2022\\\/06\\\/10-2022-06-29-20-52-36-l_53995a8ffb84c9fdaf8118e53924e95f-1.jpeg\",\"articleSection\":[\"BIH i regija\"],\"inLanguage\":\"hr\"},{\"@type\":\"WebPage\",\"@id\":\"https:\\\/\\\/radioljubuski.ba\\\/index.php\\\/2022\\\/06\\\/30\\\/kupres-i-ove-godine-domacin-viteskog-natjecanja-kosaca\\\/\",\"url\":\"https:\\\/\\\/radioljubuski.ba\\\/index.php\\\/2022\\\/06\\\/30\\\/kupres-i-ove-godine-domacin-viteskog-natjecanja-kosaca\\\/\",\"name\":\"Kupres i ove godine doma\u0107in vite\u0161kog natjecanja kosaca - RADIO LJUBU\u0160KI\",\"isPartOf\":{\"@id\":\"https:\\\/\\\/radioljubuski.ba\\\/#website\"},\"primaryImageOfPage\":{\"@id\":\"https:\\\/\\\/radioljubuski.ba\\\/index.php\\\/2022\\\/06\\\/30\\\/kupres-i-ove-godine-domacin-viteskog-natjecanja-kosaca\\\/#primaryimage\"},\"image\":{\"@id\":\"https:\\\/\\\/radioljubuski.ba\\\/index.php\\\/2022\\\/06\\\/30\\\/kupres-i-ove-godine-domacin-viteskog-natjecanja-kosaca\\\/#primaryimage\"},\"thumbnailUrl\":\"https:\\\/\\\/radioljubuski.ba\\\/wp-content\\\/uploads\\\/2022\\\/06\\\/10-2022-06-29-20-52-36-l_53995a8ffb84c9fdaf8118e53924e95f-1.jpeg\",\"datePublished\":\"2022-06-30T06:28:06+00:00\",\"dateModified\":\"2022-06-30T06:28:08+00:00\",\"breadcrumb\":{\"@id\":\"https:\\\/\\\/radioljubuski.ba\\\/index.php\\\/2022\\\/06\\\/30\\\/kupres-i-ove-godine-domacin-viteskog-natjecanja-kosaca\\\/#breadcrumb\"},\"inLanguage\":\"hr\",\"potentialAction\":[{\"@type\":\"ReadAction\",\"target\":[\"https:\\\/\\\/radioljubuski.ba\\\/index.php\\\/2022\\\/06\\\/30\\\/kupres-i-ove-godine-domacin-viteskog-natjecanja-kosaca\\\/\"]}]},{\"@type\":\"ImageObject\",\"inLanguage\":\"hr\",\"@id\":\"https:\\\/\\\/radioljubuski.ba\\\/index.php\\\/2022\\\/06\\\/30\\\/kupres-i-ove-godine-domacin-viteskog-natjecanja-kosaca\\\/#primaryimage\",\"url\":\"https:\\\/\\\/radioljubuski.ba\\\/wp-content\\\/uploads\\\/2022\\\/06\\\/10-2022-06-29-20-52-36-l_53995a8ffb84c9fdaf8118e53924e95f-1.jpeg\",\"contentUrl\":\"https:\\\/\\\/radioljubuski.ba\\\/wp-content\\\/uploads\\\/2022\\\/06\\\/10-2022-06-29-20-52-36-l_53995a8ffb84c9fdaf8118e53924e95f-1.jpeg\",\"width\":1000,\"height\":625},{\"@type\":\"BreadcrumbList\",\"@id\":\"https:\\\/\\\/radioljubuski.ba\\\/index.php\\\/2022\\\/06\\\/30\\\/kupres-i-ove-godine-domacin-viteskog-natjecanja-kosaca\\\/#breadcrumb\",\"itemListElement\":[{\"@type\":\"ListItem\",\"position\":1,\"name\":\"Po\u010detna stranica\",\"item\":\"https:\\\/\\\/radioljubuski.ba\\\/\"},{\"@type\":\"ListItem\",\"position\":2,\"name\":\"Kupres i ove godine doma\u0107in vite\u0161kog natjecanja kosaca\"}]},{\"@type\":\"WebSite\",\"@id\":\"https:\\\/\\\/radioljubuski.ba\\\/#website\",\"url\":\"https:\\\/\\\/radioljubuski.ba\\\/\",\"name\":\"Radio Ljubu\u0161ki\",\"description\":\"Sun\u010dana frekvencija Hercegovine\",\"publisher\":{\"@id\":\"https:\\\/\\\/radioljubuski.ba\\\/#organization\"},\"potentialAction\":[{\"@type\":\"SearchAction\",\"target\":{\"@type\":\"EntryPoint\",\"urlTemplate\":\"https:\\\/\\\/radioljubuski.ba\\\/?s={search_term_string}\"},\"query-input\":{\"@type\":\"PropertyValueSpecification\",\"valueRequired\":true,\"valueName\":\"search_term_string\"}}],\"inLanguage\":\"hr\"},{\"@type\":\"Organization\",\"@id\":\"https:\\\/\\\/radioljubuski.ba\\\/#organization\",\"name\":\"Radio Ljubu\u0161ki\",\"url\":\"https:\\\/\\\/radioljubuski.ba\\\/\",\"logo\":{\"@type\":\"ImageObject\",\"inLanguage\":\"hr\",\"@id\":\"https:\\\/\\\/radioljubuski.ba\\\/#\\\/schema\\\/logo\\\/image\\\/\",\"url\":\"https:\\\/\\\/radioljubuski.ba\\\/wp-content\\\/uploads\\\/2021\\\/02\\\/cropped-Radio_Ljubuski_logo1.jpg\",\"contentUrl\":\"https:\\\/\\\/radioljubuski.ba\\\/wp-content\\\/uploads\\\/2021\\\/02\\\/cropped-Radio_Ljubuski_logo1.jpg\",\"width\":512,\"height\":512,\"caption\":\"Radio Ljubu\u0161ki\"},\"image\":{\"@id\":\"https:\\\/\\\/radioljubuski.ba\\\/#\\\/schema\\\/logo\\\/image\\\/\"},\"sameAs\":[\"https:\\\/\\\/www.facebook.com\\\/Radiio-Ljubuski-1490835324566332\",\"https:\\\/\\\/x.com\\\/radioljubuski\",\"https:\\\/\\\/hr.linkedin.com\\\/company\\\/radio-ljubuski\",\"https:\\\/\\\/www.youtube.com\\\/channel\\\/UCHYaeO_n0Db3tjNGudGpXyw\"]},{\"@type\":\"Person\",\"@id\":\"https:\\\/\\\/radioljubuski.ba\\\/#\\\/schema\\\/person\\\/19fc700381a780f69665d7956c469e3b\",\"name\":\"Radio Ljubu\u0161ki\"}]}<\/script>\n<!-- \/ Yoast SEO plugin. -->","yoast_head_json":{"title":"Kupres i ove godine doma\u0107in vite\u0161kog natjecanja kosaca - RADIO LJUBU\u0160KI","robots":{"index":"index","follow":"follow","max-snippet":"max-snippet:-1","max-image-preview":"max-image-preview:large","max-video-preview":"max-video-preview:-1"},"canonical":"https:\/\/radioljubuski.ba\/index.php\/2022\/06\/30\/kupres-i-ove-godine-domacin-viteskog-natjecanja-kosaca\/","og_locale":"hr_HR","og_type":"article","og_title":"Kupres i ove godine doma\u0107in vite\u0161kog natjecanja kosaca - RADIO LJUBU\u0160KI","og_description":"&nbsp;U organizaciji op\u0107ine Kupres od 30. lipnja do 3. srpnja odr\u017eat \u0107e se tradicionalna manifestacija \u201eDani kosidbe na Kupresu &#8211; Strljanica 2022\u201d. Organizatori o\u010dekuju da \u0107e kao i ranijih godina Strljanica privu\u0107i desetak tisu\u0107a posjetitelja na Kupre\u0161ko polje. &#8211; Protekle dvije godine pandemija koronavirusa sprije\u010dila je odr\u017eavanje ove manifestacije tako da smo ove godine u\u010dinili [&hellip;]","og_url":"https:\/\/radioljubuski.ba\/index.php\/2022\/06\/30\/kupres-i-ove-godine-domacin-viteskog-natjecanja-kosaca\/","og_site_name":"RADIO LJUBU\u0160KI","article_publisher":"https:\/\/www.facebook.com\/Radiio-Ljubuski-1490835324566332","article_published_time":"2022-06-30T06:28:06+00:00","article_modified_time":"2022-06-30T06:28:08+00:00","og_image":[{"width":1000,"height":625,"url":"https:\/\/radioljubuski.ba\/wp-content\/uploads\/2022\/06\/10-2022-06-29-20-52-36-l_53995a8ffb84c9fdaf8118e53924e95f-1.jpeg","type":"image\/jpeg"}],"author":"Radio Ljubu\u0161ki","twitter_card":"summary_large_image","twitter_creator":"@radioljubuski","twitter_site":"@radioljubuski","twitter_misc":{"Napisao\/la":"Radio Ljubu\u0161ki","Procijenjeno vrijeme \u010ditanja":"2 minute"},"schema":{"@context":"https:\/\/schema.org","@graph":[{"@type":"Article","@id":"https:\/\/radioljubuski.ba\/index.php\/2022\/06\/30\/kupres-i-ove-godine-domacin-viteskog-natjecanja-kosaca\/#article","isPartOf":{"@id":"https:\/\/radioljubuski.ba\/index.php\/2022\/06\/30\/kupres-i-ove-godine-domacin-viteskog-natjecanja-kosaca\/"},"author":{"name":"Radio Ljubu\u0161ki","@id":"https:\/\/radioljubuski.ba\/#\/schema\/person\/19fc700381a780f69665d7956c469e3b"},"headline":"Kupres i ove godine doma\u0107in vite\u0161kog natjecanja kosaca","datePublished":"2022-06-30T06:28:06+00:00","dateModified":"2022-06-30T06:28:08+00:00","mainEntityOfPage":{"@id":"https:\/\/radioljubuski.ba\/index.php\/2022\/06\/30\/kupres-i-ove-godine-domacin-viteskog-natjecanja-kosaca\/"},"wordCount":272,"publisher":{"@id":"https:\/\/radioljubuski.ba\/#organization"},"image":{"@id":"https:\/\/radioljubuski.ba\/index.php\/2022\/06\/30\/kupres-i-ove-godine-domacin-viteskog-natjecanja-kosaca\/#primaryimage"},"thumbnailUrl":"https:\/\/radioljubuski.ba\/wp-content\/uploads\/2022\/06\/10-2022-06-29-20-52-36-l_53995a8ffb84c9fdaf8118e53924e95f-1.jpeg","articleSection":["BIH i regija"],"inLanguage":"hr"},{"@type":"WebPage","@id":"https:\/\/radioljubuski.ba\/index.php\/2022\/06\/30\/kupres-i-ove-godine-domacin-viteskog-natjecanja-kosaca\/","url":"https:\/\/radioljubuski.ba\/index.php\/2022\/06\/30\/kupres-i-ove-godine-domacin-viteskog-natjecanja-kosaca\/","name":"Kupres i ove godine doma\u0107in vite\u0161kog natjecanja kosaca - RADIO LJUBU\u0160KI","isPartOf":{"@id":"https:\/\/radioljubuski.ba\/#website"},"primaryImageOfPage":{"@id":"https:\/\/radioljubuski.ba\/index.php\/2022\/06\/30\/kupres-i-ove-godine-domacin-viteskog-natjecanja-kosaca\/#primaryimage"},"image":{"@id":"https:\/\/radioljubuski.ba\/index.php\/2022\/06\/30\/kupres-i-ove-godine-domacin-viteskog-natjecanja-kosaca\/#primaryimage"},"thumbnailUrl":"https:\/\/radioljubuski.ba\/wp-content\/uploads\/2022\/06\/10-2022-06-29-20-52-36-l_53995a8ffb84c9fdaf8118e53924e95f-1.jpeg","datePublished":"2022-06-30T06:28:06+00:00","dateModified":"2022-06-30T06:28:08+00:00","breadcrumb":{"@id":"https:\/\/radioljubuski.ba\/index.php\/2022\/06\/30\/kupres-i-ove-godine-domacin-viteskog-natjecanja-kosaca\/#breadcrumb"},"inLanguage":"hr","potentialAction":[{"@type":"ReadAction","target":["https:\/\/radioljubuski.ba\/index.php\/2022\/06\/30\/kupres-i-ove-godine-domacin-viteskog-natjecanja-kosaca\/"]}]},{"@type":"ImageObject","inLanguage":"hr","@id":"https:\/\/radioljubuski.ba\/index.php\/2022\/06\/30\/kupres-i-ove-godine-domacin-viteskog-natjecanja-kosaca\/#primaryimage","url":"https:\/\/radioljubuski.ba\/wp-content\/uploads\/2022\/06\/10-2022-06-29-20-52-36-l_53995a8ffb84c9fdaf8118e53924e95f-1.jpeg","contentUrl":"https:\/\/radioljubuski.ba\/wp-content\/uploads\/2022\/06\/10-2022-06-29-20-52-36-l_53995a8ffb84c9fdaf8118e53924e95f-1.jpeg","width":1000,"height":625},{"@type":"BreadcrumbList","@id":"https:\/\/radioljubuski.ba\/index.php\/2022\/06\/30\/kupres-i-ove-godine-domacin-viteskog-natjecanja-kosaca\/#breadcrumb","itemListElement":[{"@type":"ListItem","position":1,"name":"Po\u010detna stranica","item":"https:\/\/radioljubuski.ba\/"},{"@type":"ListItem","position":2,"name":"Kupres i ove godine doma\u0107in vite\u0161kog natjecanja kosaca"}]},{"@type":"WebSite","@id":"https:\/\/radioljubuski.ba\/#website","url":"https:\/\/radioljubuski.ba\/","name":"Radio Ljubu\u0161ki","description":"Sun\u010dana frekvencija Hercegovine","publisher":{"@id":"https:\/\/radioljubuski.ba\/#organization"},"potentialAction":[{"@type":"SearchAction","target":{"@type":"EntryPoint","urlTemplate":"https:\/\/radioljubuski.ba\/?s={search_term_string}"},"query-input":{"@type":"PropertyValueSpecification","valueRequired":true,"valueName":"search_term_string"}}],"inLanguage":"hr"},{"@type":"Organization","@id":"https:\/\/radioljubuski.ba\/#organization","name":"Radio Ljubu\u0161ki","url":"https:\/\/radioljubuski.ba\/","logo":{"@type":"ImageObject","inLanguage":"hr","@id":"https:\/\/radioljubuski.ba\/#\/schema\/logo\/image\/","url":"https:\/\/radioljubuski.ba\/wp-content\/uploads\/2021\/02\/cropped-Radio_Ljubuski_logo1.jpg","contentUrl":"https:\/\/radioljubuski.ba\/wp-content\/uploads\/2021\/02\/cropped-Radio_Ljubuski_logo1.jpg","width":512,"height":512,"caption":"Radio Ljubu\u0161ki"},"image":{"@id":"https:\/\/radioljubuski.ba\/#\/schema\/logo\/image\/"},"sameAs":["https:\/\/www.facebook.com\/Radiio-Ljubuski-1490835324566332","https:\/\/x.com\/radioljubuski","https:\/\/hr.linkedin.com\/company\/radio-ljubuski","https:\/\/www.youtube.com\/channel\/UCHYaeO_n0Db3tjNGudGpXyw"]},{"@type":"Person","@id":"https:\/\/radioljubuski.ba\/#\/schema\/person\/19fc700381a780f69665d7956c469e3b","name":"Radio Ljubu\u0161ki"}]}},"_links":{"self":[{"href":"https:\/\/radioljubuski.ba\/index.php\/wp-json\/wp\/v2\/posts\/154914","targetHints":{"allow":["GET"]}}],"collection":[{"href":"https:\/\/radioljubuski.ba\/index.php\/wp-json\/wp\/v2\/posts"}],"about":[{"href":"https:\/\/radioljubuski.ba\/index.php\/wp-json\/wp\/v2\/types\/post"}],"author":[{"embeddable":true,"href":"https:\/\/radioljubuski.ba\/index.php\/wp-json\/wp\/v2\/users\/2"}],"replies":[{"embeddable":true,"href":"https:\/\/radioljubuski.ba\/index.php\/wp-json\/wp\/v2\/comments?post=154914"}],"version-history":[{"count":1,"href":"https:\/\/radioljubuski.ba\/index.php\/wp-json\/wp\/v2\/posts\/154914\/revisions"}],"predecessor-version":[{"id":154916,"href":"https:\/\/radioljubuski.ba\/index.php\/wp-json\/wp\/v2\/posts\/154914\/revisions\/154916"}],"wp:featuredmedia":[{"embeddable":true,"href":"https:\/\/radioljubuski.ba\/index.php\/wp-json\/wp\/v2\/media\/154915"}],"wp:attachment":[{"href":"https:\/\/radioljubuski.ba\/index.php\/wp-json\/wp\/v2\/media?parent=154914"}],"wp:term":[{"taxonomy":"category","embeddable":true,"href":"https:\/\/radioljubuski.ba\/index.php\/wp-json\/wp\/v2\/categories?post=154914"},{"taxonomy":"post_tag","embeddable":true,"href":"https:\/\/radioljubuski.ba\/index.php\/wp-json\/wp\/v2\/tags?post=154914"}],"curies":[{"name":"wp","href":"https:\/\/api.w.org\/{rel}","templated":true}]}}