{"id":154985,"date":"2022-06-30T10:12:00","date_gmt":"2022-06-30T09:12:00","guid":{"rendered":"https:\/\/radioljubuski.ba\/?p=154985"},"modified":"2022-06-30T10:12:01","modified_gmt":"2022-06-30T09:12:01","slug":"mostarac-platio-parking-i-dobio-kaznu-jer-je-pomijesao-o-i-0-pa-onda-morao-platiti-i-kaznu","status":"publish","type":"post","link":"https:\/\/radioljubuski.ba\/index.php\/2022\/06\/30\/mostarac-platio-parking-i-dobio-kaznu-jer-je-pomijesao-o-i-0-pa-onda-morao-platiti-i-kaznu\/","title":{"rendered":"Mostarac platio parking i dobio kaznu jer je pomije\u0161ao O i 0, pa onda morao platiti i kaznu"},"content":{"rendered":"\n<p>\u010citatelj Ivan Boban obratio se portalu Hercegovina.info zbog problema, ali i neugodnog iskustva koje je do\u017eivio s MO Parkingom prilikom pla\u0107anja parkinga. <\/p>\n\n\n\n<p>Tvrdi da je dobio kaznu zbog benignog mije\u0161anja jednog broja, odnosno slova i da na njegovu reklamaciju nitko nije imao sluha.<br><br>&#8220;Prije dvadesetak dana uredno smo platili kartu za vozilo u Ulici gdje je Muzi\u010dki centar Pavarotti i putem SMS-a smo produ\u017eili istu u trajanju koliko smo bili na parking mjestu.\u00a0<strong>Prilikom dolaska do svog vozila na vjetrobranskom staklu zatekli smo kaznu za parkiranje. U tom trenutku smo uo\u010dili da smo prilikom unosa registarskih oznaka pogre\u0161no unijeli slovo O umjesto broja 0 i obratno (jer na registarskim oznakama imamo i slovo O i broj 0).<\/strong>\u00a0Po\u010detkom novog radnog dana posjetili smo prostorije Mo Parkinga kako bismo vidjeli imamo li priliku da napravimo reklamaciju, jer parking smo uredno platili, a predo\u010dili smo i SMS poruke, kaznu dobili, jer nam se dogodila gre\u0161ka prilikom unosa.<br><br>U prostorijama MO Parkinga susreli smo djevojku na \u0161alteru koja nije educirana, od koje smo dobili odgovor da formular za reklamacije stoji tek tako, da mo\u017eemo isti popuniti i kako nam isti nitko ne\u0107e uva\u017eiti. Na upit da razgovaramo s nekim osobama koje su mo\u017eda educiranije dobili smo odgovor da je &#8216;\u0161ef na sastanku&#8217; (iz druge prostorije \u010dulo se &#8216;reci da sam na sastanku&#8217;), a tko je bila ta osoba ne znamo. Uredno smo platili kaznu istoga dana.\u00a0<br><br>Iz ovog poduze\u0107a za\u00a0<a href=\"http:\/\/www.hercegovina.info\/\"><strong>hercegovina.info<\/strong><\/a>\u00a0naveli su da od reklamacije nema ni\u0161ta te da je svatko odgovoran za unos podataka.<br><br>&#8220;Korisnik je odgovoran za to\u010dan unos svojih tablica.\u00a0Na\u0161 kontrolor prilikom opa\u017eaja vozila &#8216;skenira registracijske oznake&#8217; i sustav mu izbaci ima li valjanu parking kartu, a ako se unesu pogre\u0161ne registracijske oznake (u slu\u010daju Va\u0161eg upita slovo O ili broj 0) sustav ne mo\u017ee prepoznati ni\u0161ta osim tablica koje su na vozilu, te mu se izdaje dnevna parking karta. Mogu\u0107nost reklamacije imaju svi bez obzira na situaciju, a na\u0161a pravna slu\u017eba odlu\u010duje ho\u0107e li ista biti uva\u017eena ili ne&#8221;, kazali su nam u odgovoru.<br><br><strong>Osim ove kazne koju su morali platiti, Boban isti\u010de da je nai\u0161ao na veliki problem kvartovskog parkinga.<\/strong><br><br>&#8220;Po\u010dinje naplata parkinga u naseljima i ponovo kontaktiramo MO Parking da provjerimo \u0161to nam je potrebno kako bi izvadili godi\u0161nje karte.<br>Jasno na stranici MO Parkinga stoji sljede\u0107e kao i u Slu\u017ebenom glasniku Grada Mostara 26\/21 u Odluci (3) Fizi\u010dka lica \u2013 stanar u smislu ove Odluke ozna\u010dava korisnika koji ima prebivali\u0161te na podru\u010dju Grada Mostara u zoni naplate parkinga. Na stranici je jasno postavljen cjenik, obrasci i \u010desta pitanja.<br><br><strong>Mi se nalazimo u situaciji da \u017eivimo u Mostaru cijeli \u017eivot i trenutno vozilo koje posjedujemo je u vlasni\u0161tvu roditelja koji ne \u017eivi u Mostaru. Iz osobnih razloga vozilo je na jednom od roditelja i ne \u017eelimo mijenjati taj status.<\/strong>\u00a0Iz MO Parkinga dobili smo odgovor kako stanar koji \u017eeli platiti godi\u0161nju kartu treba biti vlasnik vozila, bez obzira \u0161to je navedeno da je bitno samo prebivali\u0161te (informirani sa stranice i podataka koji su javno dostupni gra\u0111anima da &#8220;Posebne grupe&#8221; trebaju imati prebivali\u0161te i vozilo na istom imenu, za sve ostale ne stoji ta ista uputa)<br><br>Kada smo pitali da razgovaramo s nekim od nadre\u0111enih, dobili smo odgovor do\u0111ite u prostorije MO Parkinga i proslijedit \u0107emo Vas nekom. Pitali smo tko je taj &#8220;netko&#8221;, rekli su pa netko \u0107e Vas primiti. Vjerojatno taj &#8220;netko&#8221; bi trebao imati ime i prezime, nije tajna agencija da ne mo\u017eemo dobiti odgovor na postavljeno pitanje i nismo mi e-mail po\u0161ta da nas netko proslje\u0111uje kod tzv. ,&#8221;nekoga&#8221;.<br><br><strong>MO Parking je bio kratak i jasan po ovome pitanju.<\/strong><br><br>&#8220;Osobe koje \u017eive u podru\u010dju naplate parkinga mogu kupiti povla\u0161tene parking karte ukoliko je vozilo na njima&#8221;, komentirali su.<\/p>\n\n\n\n<p>\u010citatelj Boban ka\u017ee da je sve negativne komentare u gradu ignorirao te se radovao ure\u0111enosti parking sustava kao i naplate jer je znao \u0161to to zna\u010di za Mostar, no da je imao potrebu medijski se obratiti jer ne \u017eeli da i drugi gra\u0111ani do\u0111u u nejasne situacije i odgovore u kojoj se na\u0161la njegova obitelj.<\/p>\n\n\n\n<p><strong>Izvor: Hercegovina.info<\/strong><\/p>\n","protected":false},"excerpt":{"rendered":"<p>\u010citatelj Ivan Boban obratio se portalu Hercegovina.info zbog problema, ali i neugodnog iskustva koje je do\u017eivio s MO Parkingom prilikom pla\u0107anja parkinga. Tvrdi da je dobio kaznu zbog benignog mije\u0161anja jednog broja, odnosno slova i da na njegovu reklamaciju nitko nije imao sluha. &#8220;Prije dvadesetak dana uredno smo platili kartu za vozilo u Ulici gdje [&hellip;]<\/p>\n","protected":false},"author":2,"featured_media":65792,"comment_status":"closed","ping_status":"closed","sticky":false,"template":"","format":"standard","meta":{"h5ap_radio_sources":[],"footnotes":""},"categories":[1],"tags":[],"class_list":["post-154985","post","type-post","status-publish","format-standard","has-post-thumbnail","hentry","category-bihiregija"],"yoast_head":"<!-- This site is optimized with the Yoast SEO plugin v27.5 - https:\/\/yoast.com\/product\/yoast-seo-wordpress\/ -->\n<title>Mostarac platio parking i dobio kaznu jer je pomije\u0161ao O i 0, pa onda morao platiti i kaznu - RADIO LJUBU\u0160KI<\/title>\n<meta name=\"robots\" content=\"index, follow, max-snippet:-1, max-image-preview:large, max-video-preview:-1\" \/>\n<link rel=\"canonical\" href=\"https:\/\/radioljubuski.ba\/index.php\/2022\/06\/30\/mostarac-platio-parking-i-dobio-kaznu-jer-je-pomijesao-o-i-0-pa-onda-morao-platiti-i-kaznu\/\" \/>\n<meta property=\"og:locale\" content=\"hr_HR\" \/>\n<meta property=\"og:type\" content=\"article\" \/>\n<meta property=\"og:title\" content=\"Mostarac platio parking i dobio kaznu jer je pomije\u0161ao O i 0, pa onda morao platiti i kaznu - RADIO LJUBU\u0160KI\" \/>\n<meta property=\"og:description\" content=\"\u010citatelj Ivan Boban obratio se portalu Hercegovina.info zbog problema, ali i neugodnog iskustva koje je do\u017eivio s MO Parkingom prilikom pla\u0107anja parkinga. Tvrdi da je dobio kaznu zbog benignog mije\u0161anja jednog broja, odnosno slova i da na njegovu reklamaciju nitko nije imao sluha. &#8220;Prije dvadesetak dana uredno smo platili kartu za vozilo u Ulici gdje [&hellip;]\" \/>\n<meta property=\"og:url\" content=\"https:\/\/radioljubuski.ba\/index.php\/2022\/06\/30\/mostarac-platio-parking-i-dobio-kaznu-jer-je-pomijesao-o-i-0-pa-onda-morao-platiti-i-kaznu\/\" \/>\n<meta property=\"og:site_name\" content=\"RADIO LJUBU\u0160KI\" \/>\n<meta property=\"article:publisher\" content=\"https:\/\/www.facebook.com\/Radiio-Ljubuski-1490835324566332\" \/>\n<meta property=\"article:published_time\" content=\"2022-06-30T09:12:00+00:00\" \/>\n<meta property=\"article:modified_time\" content=\"2022-06-30T09:12:01+00:00\" \/>\n<meta property=\"og:image\" content=\"https:\/\/radioljubuski.ba\/wp-content\/uploads\/2021\/09\/2-2021-06-18-09-04-04-PARKING-MOSTARR.jpg\" \/>\n\t<meta property=\"og:image:width\" content=\"1000\" \/>\n\t<meta property=\"og:image:height\" content=\"625\" \/>\n\t<meta property=\"og:image:type\" content=\"image\/jpeg\" \/>\n<meta name=\"author\" content=\"Radio Ljubu\u0161ki\" \/>\n<meta name=\"twitter:card\" content=\"summary_large_image\" \/>\n<meta name=\"twitter:creator\" content=\"@radioljubuski\" \/>\n<meta name=\"twitter:site\" content=\"@radioljubuski\" \/>\n<meta name=\"twitter:label1\" content=\"Napisao\/la\" \/>\n\t<meta name=\"twitter:data1\" content=\"Radio Ljubu\u0161ki\" \/>\n\t<meta name=\"twitter:label2\" content=\"Procijenjeno vrijeme \u010ditanja\" \/>\n\t<meta name=\"twitter:data2\" content=\"3 minute\" \/>\n<script type=\"application\/ld+json\" class=\"yoast-schema-graph\">{\"@context\":\"https:\\\/\\\/schema.org\",\"@graph\":[{\"@type\":\"Article\",\"@id\":\"https:\\\/\\\/radioljubuski.ba\\\/index.php\\\/2022\\\/06\\\/30\\\/mostarac-platio-parking-i-dobio-kaznu-jer-je-pomijesao-o-i-0-pa-onda-morao-platiti-i-kaznu\\\/#article\",\"isPartOf\":{\"@id\":\"https:\\\/\\\/radioljubuski.ba\\\/index.php\\\/2022\\\/06\\\/30\\\/mostarac-platio-parking-i-dobio-kaznu-jer-je-pomijesao-o-i-0-pa-onda-morao-platiti-i-kaznu\\\/\"},\"author\":{\"name\":\"Radio Ljubu\u0161ki\",\"@id\":\"https:\\\/\\\/radioljubuski.ba\\\/#\\\/schema\\\/person\\\/19fc700381a780f69665d7956c469e3b\"},\"headline\":\"Mostarac platio parking i dobio kaznu jer je pomije\u0161ao O i 0, pa onda morao platiti i kaznu\",\"datePublished\":\"2022-06-30T09:12:00+00:00\",\"dateModified\":\"2022-06-30T09:12:01+00:00\",\"mainEntityOfPage\":{\"@id\":\"https:\\\/\\\/radioljubuski.ba\\\/index.php\\\/2022\\\/06\\\/30\\\/mostarac-platio-parking-i-dobio-kaznu-jer-je-pomijesao-o-i-0-pa-onda-morao-platiti-i-kaznu\\\/\"},\"wordCount\":745,\"publisher\":{\"@id\":\"https:\\\/\\\/radioljubuski.ba\\\/#organization\"},\"image\":{\"@id\":\"https:\\\/\\\/radioljubuski.ba\\\/index.php\\\/2022\\\/06\\\/30\\\/mostarac-platio-parking-i-dobio-kaznu-jer-je-pomijesao-o-i-0-pa-onda-morao-platiti-i-kaznu\\\/#primaryimage\"},\"thumbnailUrl\":\"https:\\\/\\\/radioljubuski.ba\\\/wp-content\\\/uploads\\\/2021\\\/09\\\/2-2021-06-18-09-04-04-PARKING-MOSTARR.jpg\",\"articleSection\":[\"BIH i regija\"],\"inLanguage\":\"hr\"},{\"@type\":\"WebPage\",\"@id\":\"https:\\\/\\\/radioljubuski.ba\\\/index.php\\\/2022\\\/06\\\/30\\\/mostarac-platio-parking-i-dobio-kaznu-jer-je-pomijesao-o-i-0-pa-onda-morao-platiti-i-kaznu\\\/\",\"url\":\"https:\\\/\\\/radioljubuski.ba\\\/index.php\\\/2022\\\/06\\\/30\\\/mostarac-platio-parking-i-dobio-kaznu-jer-je-pomijesao-o-i-0-pa-onda-morao-platiti-i-kaznu\\\/\",\"name\":\"Mostarac platio parking i dobio kaznu jer je pomije\u0161ao O i 0, pa onda morao platiti i kaznu - RADIO LJUBU\u0160KI\",\"isPartOf\":{\"@id\":\"https:\\\/\\\/radioljubuski.ba\\\/#website\"},\"primaryImageOfPage\":{\"@id\":\"https:\\\/\\\/radioljubuski.ba\\\/index.php\\\/2022\\\/06\\\/30\\\/mostarac-platio-parking-i-dobio-kaznu-jer-je-pomijesao-o-i-0-pa-onda-morao-platiti-i-kaznu\\\/#primaryimage\"},\"image\":{\"@id\":\"https:\\\/\\\/radioljubuski.ba\\\/index.php\\\/2022\\\/06\\\/30\\\/mostarac-platio-parking-i-dobio-kaznu-jer-je-pomijesao-o-i-0-pa-onda-morao-platiti-i-kaznu\\\/#primaryimage\"},\"thumbnailUrl\":\"https:\\\/\\\/radioljubuski.ba\\\/wp-content\\\/uploads\\\/2021\\\/09\\\/2-2021-06-18-09-04-04-PARKING-MOSTARR.jpg\",\"datePublished\":\"2022-06-30T09:12:00+00:00\",\"dateModified\":\"2022-06-30T09:12:01+00:00\",\"breadcrumb\":{\"@id\":\"https:\\\/\\\/radioljubuski.ba\\\/index.php\\\/2022\\\/06\\\/30\\\/mostarac-platio-parking-i-dobio-kaznu-jer-je-pomijesao-o-i-0-pa-onda-morao-platiti-i-kaznu\\\/#breadcrumb\"},\"inLanguage\":\"hr\",\"potentialAction\":[{\"@type\":\"ReadAction\",\"target\":[\"https:\\\/\\\/radioljubuski.ba\\\/index.php\\\/2022\\\/06\\\/30\\\/mostarac-platio-parking-i-dobio-kaznu-jer-je-pomijesao-o-i-0-pa-onda-morao-platiti-i-kaznu\\\/\"]}]},{\"@type\":\"ImageObject\",\"inLanguage\":\"hr\",\"@id\":\"https:\\\/\\\/radioljubuski.ba\\\/index.php\\\/2022\\\/06\\\/30\\\/mostarac-platio-parking-i-dobio-kaznu-jer-je-pomijesao-o-i-0-pa-onda-morao-platiti-i-kaznu\\\/#primaryimage\",\"url\":\"https:\\\/\\\/radioljubuski.ba\\\/wp-content\\\/uploads\\\/2021\\\/09\\\/2-2021-06-18-09-04-04-PARKING-MOSTARR.jpg\",\"contentUrl\":\"https:\\\/\\\/radioljubuski.ba\\\/wp-content\\\/uploads\\\/2021\\\/09\\\/2-2021-06-18-09-04-04-PARKING-MOSTARR.jpg\",\"width\":1000,\"height\":625},{\"@type\":\"BreadcrumbList\",\"@id\":\"https:\\\/\\\/radioljubuski.ba\\\/index.php\\\/2022\\\/06\\\/30\\\/mostarac-platio-parking-i-dobio-kaznu-jer-je-pomijesao-o-i-0-pa-onda-morao-platiti-i-kaznu\\\/#breadcrumb\",\"itemListElement\":[{\"@type\":\"ListItem\",\"position\":1,\"name\":\"Po\u010detna stranica\",\"item\":\"https:\\\/\\\/radioljubuski.ba\\\/\"},{\"@type\":\"ListItem\",\"position\":2,\"name\":\"Mostarac platio parking i dobio kaznu jer je pomije\u0161ao O i 0, pa onda morao platiti i kaznu\"}]},{\"@type\":\"WebSite\",\"@id\":\"https:\\\/\\\/radioljubuski.ba\\\/#website\",\"url\":\"https:\\\/\\\/radioljubuski.ba\\\/\",\"name\":\"Radio Ljubu\u0161ki\",\"description\":\"Sun\u010dana frekvencija Hercegovine\",\"publisher\":{\"@id\":\"https:\\\/\\\/radioljubuski.ba\\\/#organization\"},\"potentialAction\":[{\"@type\":\"SearchAction\",\"target\":{\"@type\":\"EntryPoint\",\"urlTemplate\":\"https:\\\/\\\/radioljubuski.ba\\\/?s={search_term_string}\"},\"query-input\":{\"@type\":\"PropertyValueSpecification\",\"valueRequired\":true,\"valueName\":\"search_term_string\"}}],\"inLanguage\":\"hr\"},{\"@type\":\"Organization\",\"@id\":\"https:\\\/\\\/radioljubuski.ba\\\/#organization\",\"name\":\"Radio Ljubu\u0161ki\",\"url\":\"https:\\\/\\\/radioljubuski.ba\\\/\",\"logo\":{\"@type\":\"ImageObject\",\"inLanguage\":\"hr\",\"@id\":\"https:\\\/\\\/radioljubuski.ba\\\/#\\\/schema\\\/logo\\\/image\\\/\",\"url\":\"https:\\\/\\\/radioljubuski.ba\\\/wp-content\\\/uploads\\\/2021\\\/02\\\/cropped-Radio_Ljubuski_logo1.jpg\",\"contentUrl\":\"https:\\\/\\\/radioljubuski.ba\\\/wp-content\\\/uploads\\\/2021\\\/02\\\/cropped-Radio_Ljubuski_logo1.jpg\",\"width\":512,\"height\":512,\"caption\":\"Radio Ljubu\u0161ki\"},\"image\":{\"@id\":\"https:\\\/\\\/radioljubuski.ba\\\/#\\\/schema\\\/logo\\\/image\\\/\"},\"sameAs\":[\"https:\\\/\\\/www.facebook.com\\\/Radiio-Ljubuski-1490835324566332\",\"https:\\\/\\\/x.com\\\/radioljubuski\",\"https:\\\/\\\/hr.linkedin.com\\\/company\\\/radio-ljubuski\",\"https:\\\/\\\/www.youtube.com\\\/channel\\\/UCHYaeO_n0Db3tjNGudGpXyw\"]},{\"@type\":\"Person\",\"@id\":\"https:\\\/\\\/radioljubuski.ba\\\/#\\\/schema\\\/person\\\/19fc700381a780f69665d7956c469e3b\",\"name\":\"Radio Ljubu\u0161ki\"}]}<\/script>\n<!-- \/ Yoast SEO plugin. -->","yoast_head_json":{"title":"Mostarac platio parking i dobio kaznu jer je pomije\u0161ao O i 0, pa onda morao platiti i kaznu - RADIO LJUBU\u0160KI","robots":{"index":"index","follow":"follow","max-snippet":"max-snippet:-1","max-image-preview":"max-image-preview:large","max-video-preview":"max-video-preview:-1"},"canonical":"https:\/\/radioljubuski.ba\/index.php\/2022\/06\/30\/mostarac-platio-parking-i-dobio-kaznu-jer-je-pomijesao-o-i-0-pa-onda-morao-platiti-i-kaznu\/","og_locale":"hr_HR","og_type":"article","og_title":"Mostarac platio parking i dobio kaznu jer je pomije\u0161ao O i 0, pa onda morao platiti i kaznu - RADIO LJUBU\u0160KI","og_description":"\u010citatelj Ivan Boban obratio se portalu Hercegovina.info zbog problema, ali i neugodnog iskustva koje je do\u017eivio s MO Parkingom prilikom pla\u0107anja parkinga. Tvrdi da je dobio kaznu zbog benignog mije\u0161anja jednog broja, odnosno slova i da na njegovu reklamaciju nitko nije imao sluha. &#8220;Prije dvadesetak dana uredno smo platili kartu za vozilo u Ulici gdje [&hellip;]","og_url":"https:\/\/radioljubuski.ba\/index.php\/2022\/06\/30\/mostarac-platio-parking-i-dobio-kaznu-jer-je-pomijesao-o-i-0-pa-onda-morao-platiti-i-kaznu\/","og_site_name":"RADIO LJUBU\u0160KI","article_publisher":"https:\/\/www.facebook.com\/Radiio-Ljubuski-1490835324566332","article_published_time":"2022-06-30T09:12:00+00:00","article_modified_time":"2022-06-30T09:12:01+00:00","og_image":[{"width":1000,"height":625,"url":"https:\/\/radioljubuski.ba\/wp-content\/uploads\/2021\/09\/2-2021-06-18-09-04-04-PARKING-MOSTARR.jpg","type":"image\/jpeg"}],"author":"Radio Ljubu\u0161ki","twitter_card":"summary_large_image","twitter_creator":"@radioljubuski","twitter_site":"@radioljubuski","twitter_misc":{"Napisao\/la":"Radio Ljubu\u0161ki","Procijenjeno vrijeme \u010ditanja":"3 minute"},"schema":{"@context":"https:\/\/schema.org","@graph":[{"@type":"Article","@id":"https:\/\/radioljubuski.ba\/index.php\/2022\/06\/30\/mostarac-platio-parking-i-dobio-kaznu-jer-je-pomijesao-o-i-0-pa-onda-morao-platiti-i-kaznu\/#article","isPartOf":{"@id":"https:\/\/radioljubuski.ba\/index.php\/2022\/06\/30\/mostarac-platio-parking-i-dobio-kaznu-jer-je-pomijesao-o-i-0-pa-onda-morao-platiti-i-kaznu\/"},"author":{"name":"Radio Ljubu\u0161ki","@id":"https:\/\/radioljubuski.ba\/#\/schema\/person\/19fc700381a780f69665d7956c469e3b"},"headline":"Mostarac platio parking i dobio kaznu jer je pomije\u0161ao O i 0, pa onda morao platiti i kaznu","datePublished":"2022-06-30T09:12:00+00:00","dateModified":"2022-06-30T09:12:01+00:00","mainEntityOfPage":{"@id":"https:\/\/radioljubuski.ba\/index.php\/2022\/06\/30\/mostarac-platio-parking-i-dobio-kaznu-jer-je-pomijesao-o-i-0-pa-onda-morao-platiti-i-kaznu\/"},"wordCount":745,"publisher":{"@id":"https:\/\/radioljubuski.ba\/#organization"},"image":{"@id":"https:\/\/radioljubuski.ba\/index.php\/2022\/06\/30\/mostarac-platio-parking-i-dobio-kaznu-jer-je-pomijesao-o-i-0-pa-onda-morao-platiti-i-kaznu\/#primaryimage"},"thumbnailUrl":"https:\/\/radioljubuski.ba\/wp-content\/uploads\/2021\/09\/2-2021-06-18-09-04-04-PARKING-MOSTARR.jpg","articleSection":["BIH i regija"],"inLanguage":"hr"},{"@type":"WebPage","@id":"https:\/\/radioljubuski.ba\/index.php\/2022\/06\/30\/mostarac-platio-parking-i-dobio-kaznu-jer-je-pomijesao-o-i-0-pa-onda-morao-platiti-i-kaznu\/","url":"https:\/\/radioljubuski.ba\/index.php\/2022\/06\/30\/mostarac-platio-parking-i-dobio-kaznu-jer-je-pomijesao-o-i-0-pa-onda-morao-platiti-i-kaznu\/","name":"Mostarac platio parking i dobio kaznu jer je pomije\u0161ao O i 0, pa onda morao platiti i kaznu - RADIO LJUBU\u0160KI","isPartOf":{"@id":"https:\/\/radioljubuski.ba\/#website"},"primaryImageOfPage":{"@id":"https:\/\/radioljubuski.ba\/index.php\/2022\/06\/30\/mostarac-platio-parking-i-dobio-kaznu-jer-je-pomijesao-o-i-0-pa-onda-morao-platiti-i-kaznu\/#primaryimage"},"image":{"@id":"https:\/\/radioljubuski.ba\/index.php\/2022\/06\/30\/mostarac-platio-parking-i-dobio-kaznu-jer-je-pomijesao-o-i-0-pa-onda-morao-platiti-i-kaznu\/#primaryimage"},"thumbnailUrl":"https:\/\/radioljubuski.ba\/wp-content\/uploads\/2021\/09\/2-2021-06-18-09-04-04-PARKING-MOSTARR.jpg","datePublished":"2022-06-30T09:12:00+00:00","dateModified":"2022-06-30T09:12:01+00:00","breadcrumb":{"@id":"https:\/\/radioljubuski.ba\/index.php\/2022\/06\/30\/mostarac-platio-parking-i-dobio-kaznu-jer-je-pomijesao-o-i-0-pa-onda-morao-platiti-i-kaznu\/#breadcrumb"},"inLanguage":"hr","potentialAction":[{"@type":"ReadAction","target":["https:\/\/radioljubuski.ba\/index.php\/2022\/06\/30\/mostarac-platio-parking-i-dobio-kaznu-jer-je-pomijesao-o-i-0-pa-onda-morao-platiti-i-kaznu\/"]}]},{"@type":"ImageObject","inLanguage":"hr","@id":"https:\/\/radioljubuski.ba\/index.php\/2022\/06\/30\/mostarac-platio-parking-i-dobio-kaznu-jer-je-pomijesao-o-i-0-pa-onda-morao-platiti-i-kaznu\/#primaryimage","url":"https:\/\/radioljubuski.ba\/wp-content\/uploads\/2021\/09\/2-2021-06-18-09-04-04-PARKING-MOSTARR.jpg","contentUrl":"https:\/\/radioljubuski.ba\/wp-content\/uploads\/2021\/09\/2-2021-06-18-09-04-04-PARKING-MOSTARR.jpg","width":1000,"height":625},{"@type":"BreadcrumbList","@id":"https:\/\/radioljubuski.ba\/index.php\/2022\/06\/30\/mostarac-platio-parking-i-dobio-kaznu-jer-je-pomijesao-o-i-0-pa-onda-morao-platiti-i-kaznu\/#breadcrumb","itemListElement":[{"@type":"ListItem","position":1,"name":"Po\u010detna stranica","item":"https:\/\/radioljubuski.ba\/"},{"@type":"ListItem","position":2,"name":"Mostarac platio parking i dobio kaznu jer je pomije\u0161ao O i 0, pa onda morao platiti i kaznu"}]},{"@type":"WebSite","@id":"https:\/\/radioljubuski.ba\/#website","url":"https:\/\/radioljubuski.ba\/","name":"Radio Ljubu\u0161ki","description":"Sun\u010dana frekvencija Hercegovine","publisher":{"@id":"https:\/\/radioljubuski.ba\/#organization"},"potentialAction":[{"@type":"SearchAction","target":{"@type":"EntryPoint","urlTemplate":"https:\/\/radioljubuski.ba\/?s={search_term_string}"},"query-input":{"@type":"PropertyValueSpecification","valueRequired":true,"valueName":"search_term_string"}}],"inLanguage":"hr"},{"@type":"Organization","@id":"https:\/\/radioljubuski.ba\/#organization","name":"Radio Ljubu\u0161ki","url":"https:\/\/radioljubuski.ba\/","logo":{"@type":"ImageObject","inLanguage":"hr","@id":"https:\/\/radioljubuski.ba\/#\/schema\/logo\/image\/","url":"https:\/\/radioljubuski.ba\/wp-content\/uploads\/2021\/02\/cropped-Radio_Ljubuski_logo1.jpg","contentUrl":"https:\/\/radioljubuski.ba\/wp-content\/uploads\/2021\/02\/cropped-Radio_Ljubuski_logo1.jpg","width":512,"height":512,"caption":"Radio Ljubu\u0161ki"},"image":{"@id":"https:\/\/radioljubuski.ba\/#\/schema\/logo\/image\/"},"sameAs":["https:\/\/www.facebook.com\/Radiio-Ljubuski-1490835324566332","https:\/\/x.com\/radioljubuski","https:\/\/hr.linkedin.com\/company\/radio-ljubuski","https:\/\/www.youtube.com\/channel\/UCHYaeO_n0Db3tjNGudGpXyw"]},{"@type":"Person","@id":"https:\/\/radioljubuski.ba\/#\/schema\/person\/19fc700381a780f69665d7956c469e3b","name":"Radio Ljubu\u0161ki"}]}},"_links":{"self":[{"href":"https:\/\/radioljubuski.ba\/index.php\/wp-json\/wp\/v2\/posts\/154985","targetHints":{"allow":["GET"]}}],"collection":[{"href":"https:\/\/radioljubuski.ba\/index.php\/wp-json\/wp\/v2\/posts"}],"about":[{"href":"https:\/\/radioljubuski.ba\/index.php\/wp-json\/wp\/v2\/types\/post"}],"author":[{"embeddable":true,"href":"https:\/\/radioljubuski.ba\/index.php\/wp-json\/wp\/v2\/users\/2"}],"replies":[{"embeddable":true,"href":"https:\/\/radioljubuski.ba\/index.php\/wp-json\/wp\/v2\/comments?post=154985"}],"version-history":[{"count":1,"href":"https:\/\/radioljubuski.ba\/index.php\/wp-json\/wp\/v2\/posts\/154985\/revisions"}],"predecessor-version":[{"id":154986,"href":"https:\/\/radioljubuski.ba\/index.php\/wp-json\/wp\/v2\/posts\/154985\/revisions\/154986"}],"wp:featuredmedia":[{"embeddable":true,"href":"https:\/\/radioljubuski.ba\/index.php\/wp-json\/wp\/v2\/media\/65792"}],"wp:attachment":[{"href":"https:\/\/radioljubuski.ba\/index.php\/wp-json\/wp\/v2\/media?parent=154985"}],"wp:term":[{"taxonomy":"category","embeddable":true,"href":"https:\/\/radioljubuski.ba\/index.php\/wp-json\/wp\/v2\/categories?post=154985"},{"taxonomy":"post_tag","embeddable":true,"href":"https:\/\/radioljubuski.ba\/index.php\/wp-json\/wp\/v2\/tags?post=154985"}],"curies":[{"name":"wp","href":"https:\/\/api.w.org\/{rel}","templated":true}]}}