{"id":15501,"date":"2021-04-22T22:55:36","date_gmt":"2021-04-22T21:55:36","guid":{"rendered":"https:\/\/radioljubuski.ba\/?p=15501"},"modified":"2021-04-22T22:55:36","modified_gmt":"2021-04-22T21:55:36","slug":"kovacevic-dejtonska-bih-je-jedina-bih-na-koju-smo-svi-pristali","status":"publish","type":"post","link":"https:\/\/radioljubuski.ba\/index.php\/2021\/04\/22\/kovacevic-dejtonska-bih-je-jedina-bih-na-koju-smo-svi-pristali\/","title":{"rendered":"Kova\u010devi\u0107: Dejtonska BiH je jedina BiH na koju smo svi pristali"},"content":{"rendered":"\n<p>Prema njegovim rije\u010dima, govoriti o ratu u BiH, 25 godina nakon krvavog gra\u0111anskog rata, zaslu\u017euje svaku mogu\u0107u osudu.<\/p>\n\n\n\n<p>Savjetnik srpskog \u010dlana i predsjedavaju\u0107eg Predsjedni\u0161tva BiH Radovan Kova\u010devi\u0107 rekao je da tko god govori o ratu u BiH taj ga i priziva, a da narod Republike Srpske \u017eeli samo uva\u017eavanje konstitutivnosti, te da je platforma Srpske izvorni Dejtonski sporazum.<\/p>\n\n\n\n<p>&#8211; Mi nismo za rat ni u kakvoj opciji i nismo nikakvi avanturisti. Sve \u0161to tra\u017eimo, 25 godina od potpisivanja Dejtonskog mirovnog sporazuma, jeste uva\u017eavanje Republike Srpske &#8211; naglasio je Kova\u010devi\u0107, prenosi Srna.<\/p>\n\n\n\n<p>On je rekao da je najve\u0107i problem to \u0161to je neko gra\u0111ane Republike Srpske nazvao &#8220;genocida\u0161ima&#8221;, ocijeniv\u0161i da je to ne\u0161to najstra\u0161nije \u0161to mo\u017ee da se \u010duje.<\/p>\n\n\n\n<p>&#8211; Moje mi\u0161ljenje je da bilo kome tko koristi takav izraz i termine treba zabraniti dolazak na teritoriju Republike Srpske &#8211; rekao je Kova\u010devi\u0107 za BHRT.<\/p>\n\n\n\n<p>Prema njegovim rije\u010dima, govoriti o ratu u BiH, 25 godina nakon krvavog gra\u0111anskog rata, zaslu\u017euje svaku mogu\u0107u osudu.<\/p>\n\n\n\n<p>Kova\u010devi\u0107 je poziv koji je SDA uputila Vije\u0107u za implementaciju mira \/PIK\/ da uvedu sankcije srpskom \u010dlanu i predsjedavaju\u0107em Predsjedni\u0161tva BiH Miloradu Dodiku, nazvao sramotnim.<\/p>\n\n\n\n<p>&#8211; Oni tra\u017ee sankcioniranje \u010dovjeka koji govori o miru, a oni govore o ratu. Tra\u017ee da se sankcionira \u010dovjek koji sve vrijeme govori da bilo kakav rat ne dolazi u obzir &#8211; rekao je Kova\u010devi\u0107.<\/p>\n\n\n\n<p>On ukazuje da sve i jedna opcija o kojoj govori Dodik i predstavnici Republike Srpske uvijek sadr\u017ei klju\u010dnu rije\u010d, a to je mir.<\/p>\n\n\n\n<p>&#8211; Mi smo navikli da politi\u010dki predstavnici bo\u0161nja\u010dkog naroda uvijek pozivaju me\u0111unarodnu zajednicu i uvijek o\u010dekuju da me\u0111unarodna zajednica u BiH djeluje na na\u010din da sve procese vodi isklju\u010divo u interesu bo\u0161nja\u010dkog naroda, a da u potpunosti ignorira interese, \u017eelju i volju druga dva konstitutivna naroda u BiH &#8211; rekao je Kova\u010devi\u0107 i dodao da je to nedopustivo.<\/p>\n\n\n\n<p>On je istakao da BiH ne prihvata niko, te da je Republika Srpska i srpski konstitutivni narod frustriran \u010dinjenicom da se nalazi u BiH, koja je nefunkcionalna i neodr\u017eiva.<\/p>\n\n\n\n<p>&#8211; Mi duboko vjerujemo da nas ovakva BiH usporava. Usporava razvoj, napredak, ekonomski rast Republike Srpske, usporava \u017eivot Srpske. S druge strane, imamo hrvatski konstitutivni narod koji je, tako\u0111e, izuzetno frustriran i stalno upozorava da su im ugro\u017eena sva prava, te da ne mogu da izaberu ni svoje politi\u010dke predstavnike onako kako je predvi\u0111eno Ustavom BiH &#8211; naveo je Kova\u010devi\u0107.<\/p>\n\n\n\n<p>On je rekao da su i Bo\u0161njaci, koji svim silama poku\u0161avaju da majoriziraju i hrvatski i srpski konstitutivni narod, duboko frustrirani i nezadovoljni u BiH.<\/p>\n\n\n\n<p>&#8211; Onog trenutka kada se pojavila informacija da su u EU svjesni toga i kada su rekli da je mo\u017eda jedno od rje\u0161enja da se krene u dalju disoluciju biv\u0161e Jugoslavije, da se omogu\u0107i Republici Srpskoj pravo na samoopredjeljenje, dobili smo ovakve reakcije iz Sarajeva. Dobili smo stalno zveckanje oru\u017ejem i prijetnje nasiljem &#8211; istakao je Kova\u010devi\u0107.<\/p>\n\n\n\n<p>On je podsjetio i da je ministar inozemnih poslova u Vije\u0107u ministara Bisera Turkovi\u0107 srpski narod usporedila sa nacisti\u010dkim re\u017eimom, a Milorada Dodika sa Adolfom Hitlerom.<\/p>\n\n\n\n<p>Kova\u010devi\u0107 je dodao da ne mo\u017ee re\u0107i ho\u0107e li biti mirnog razlaza ili ne, te da \u0107e to pokazati vrijeme, ali da Republika Srpska poziva na dijalog o budu\u0107nosti BiH.<\/p>\n\n\n\n<p>&#8211; Dejtonska BiH je jedina BiH na koju smo svi pristali &#8211; naglasio je Kova\u010devi\u0107.<\/p>\n\n\n\n<p>Govore\u0107i o dana\u0161njoj posjeti delegacije Srbije, predvo\u0111ene predsjednikom Aleksandrom Vu\u010di\u0107em, Republici Srpskoj, Kova\u010devi\u0107 je naveo da je to potvrda odli\u010dnih odnosa.<\/p>\n\n\n\n<p>On je naveo da je na sjednici Vije\u0107a za suradnju Republike Srpske i Srbije razgovarano o vrlo zna\u010dajnim projektima, te da se o\u010dekuje da uskoro po\u010dne izgradnja hidroelektrane &#8220;Buk Bijela&#8221;, kao i izgradnja zra\u010dne luke u Trebinju.<\/p>\n\n\n\n<p>Kova\u010devi\u0107 je naglasi da je oblast energetike isklju\u010divo u nadle\u017enosti Republike Srpske i da nitko drugi nema pravo da se mije\u0161a ili osporava.<\/p>\n\n\n\n<p>&#8211; Na\u017ealost, mi \u017eivimo u takvoj BiH u kojoj se za zna\u010dajne infrastrukturne i razvojne projekte, od kojih bi svi imali koristi, uvijek na\u0111e na\u010din da se takve stvari osporavaju &#8211; ocijenio je Kova\u010devi\u0107.<\/p>\n\n\n\n<p>On je naglasio da takvi postupci uvijek dolaze isklju\u010divo iz Sarajeva.<\/p>\n\n\n\n<p>&#8211; Banja Luka nikad nije osporila bilo kakav projekt od kojeg bi bilo ko imao korist, pa \u010dak kada bi tu korist imali isklju\u010divo gra\u0111ani Federacije BiH \/FBiH\/ &#8211; dodao je Kova\u010devi\u0107.<\/p>\n\n\n\n<p>On je podsjetio na hidroenergetsku suradnju izme\u0111u elektroprivreda Republike Srpske i Srbije, te da je projekti iz te oblasti isklju\u010divo budu osporavani zbog suradnje Srpske i Srbije.<\/p>\n\n\n\n<p>&#8211; Ranije je postojao dogovor Elektroprivrede Republike Srpske sa jednom kompanijom iz Njema\u010dke. Nitko iz Sarajeva tada nije osporavao &#8211; podsjetio je Kova\u010devi\u0107.<\/p>\n\n\n\n<p>Dnevnik.ba<\/p>\n","protected":false},"excerpt":{"rendered":"<p>Prema njegovim rije\u010dima, govoriti o ratu u BiH, 25 godina nakon krvavog gra\u0111anskog rata, zaslu\u017euje svaku mogu\u0107u osudu. Savjetnik srpskog \u010dlana i predsjedavaju\u0107eg Predsjedni\u0161tva BiH Radovan Kova\u010devi\u0107 rekao je da tko god govori o ratu u BiH taj ga i priziva, a da narod Republike Srpske \u017eeli samo uva\u017eavanje konstitutivnosti, te da je platforma Srpske [&hellip;]<\/p>\n","protected":false},"author":2,"featured_media":15502,"comment_status":"closed","ping_status":"closed","sticky":false,"template":"","format":"standard","meta":{"h5ap_radio_sources":[],"footnotes":""},"categories":[1],"tags":[],"class_list":["post-15501","post","type-post","status-publish","format-standard","has-post-thumbnail","hentry","category-bihiregija"],"yoast_head":"<!-- This site is optimized with the Yoast SEO plugin v27.5 - https:\/\/yoast.com\/product\/yoast-seo-wordpress\/ -->\n<title>Kova\u010devi\u0107: Dejtonska BiH je jedina BiH na koju smo svi pristali - RADIO LJUBU\u0160KI<\/title>\n<meta name=\"robots\" content=\"index, follow, max-snippet:-1, max-image-preview:large, max-video-preview:-1\" \/>\n<link rel=\"canonical\" href=\"https:\/\/radioljubuski.ba\/index.php\/2021\/04\/22\/kovacevic-dejtonska-bih-je-jedina-bih-na-koju-smo-svi-pristali\/\" \/>\n<meta property=\"og:locale\" content=\"hr_HR\" \/>\n<meta property=\"og:type\" content=\"article\" \/>\n<meta property=\"og:title\" content=\"Kova\u010devi\u0107: Dejtonska BiH je jedina BiH na koju smo svi pristali - RADIO LJUBU\u0160KI\" \/>\n<meta property=\"og:description\" content=\"Prema njegovim rije\u010dima, govoriti o ratu u BiH, 25 godina nakon krvavog gra\u0111anskog rata, zaslu\u017euje svaku mogu\u0107u osudu. Savjetnik srpskog \u010dlana i predsjedavaju\u0107eg Predsjedni\u0161tva BiH Radovan Kova\u010devi\u0107 rekao je da tko god govori o ratu u BiH taj ga i priziva, a da narod Republike Srpske \u017eeli samo uva\u017eavanje konstitutivnosti, te da je platforma Srpske [&hellip;]\" \/>\n<meta property=\"og:url\" content=\"https:\/\/radioljubuski.ba\/index.php\/2021\/04\/22\/kovacevic-dejtonska-bih-je-jedina-bih-na-koju-smo-svi-pristali\/\" \/>\n<meta property=\"og:site_name\" content=\"RADIO LJUBU\u0160KI\" \/>\n<meta property=\"article:publisher\" content=\"https:\/\/www.facebook.com\/Radiio-Ljubuski-1490835324566332\" \/>\n<meta property=\"article:published_time\" content=\"2021-04-22T21:55:36+00:00\" \/>\n<meta property=\"og:image\" content=\"https:\/\/radioljubuski.ba\/wp-content\/uploads\/2021\/04\/kovacevic_1.png\" \/>\n\t<meta property=\"og:image:width\" content=\"840\" \/>\n\t<meta property=\"og:image:height\" content=\"470\" \/>\n\t<meta property=\"og:image:type\" content=\"image\/png\" \/>\n<meta name=\"author\" content=\"Radio Ljubu\u0161ki\" \/>\n<meta name=\"twitter:card\" content=\"summary_large_image\" \/>\n<meta name=\"twitter:creator\" content=\"@radioljubuski\" \/>\n<meta name=\"twitter:site\" content=\"@radioljubuski\" \/>\n<meta name=\"twitter:label1\" content=\"Napisao\/la\" \/>\n\t<meta name=\"twitter:data1\" content=\"Radio Ljubu\u0161ki\" \/>\n\t<meta name=\"twitter:label2\" content=\"Procijenjeno vrijeme \u010ditanja\" \/>\n\t<meta name=\"twitter:data2\" content=\"4 minute\" \/>\n<script type=\"application\/ld+json\" class=\"yoast-schema-graph\">{\"@context\":\"https:\\\/\\\/schema.org\",\"@graph\":[{\"@type\":\"Article\",\"@id\":\"https:\\\/\\\/radioljubuski.ba\\\/index.php\\\/2021\\\/04\\\/22\\\/kovacevic-dejtonska-bih-je-jedina-bih-na-koju-smo-svi-pristali\\\/#article\",\"isPartOf\":{\"@id\":\"https:\\\/\\\/radioljubuski.ba\\\/index.php\\\/2021\\\/04\\\/22\\\/kovacevic-dejtonska-bih-je-jedina-bih-na-koju-smo-svi-pristali\\\/\"},\"author\":{\"name\":\"Radio Ljubu\u0161ki\",\"@id\":\"https:\\\/\\\/radioljubuski.ba\\\/#\\\/schema\\\/person\\\/19fc700381a780f69665d7956c469e3b\"},\"headline\":\"Kova\u010devi\u0107: Dejtonska BiH je jedina BiH na koju smo svi pristali\",\"datePublished\":\"2021-04-22T21:55:36+00:00\",\"mainEntityOfPage\":{\"@id\":\"https:\\\/\\\/radioljubuski.ba\\\/index.php\\\/2021\\\/04\\\/22\\\/kovacevic-dejtonska-bih-je-jedina-bih-na-koju-smo-svi-pristali\\\/\"},\"wordCount\":860,\"publisher\":{\"@id\":\"https:\\\/\\\/radioljubuski.ba\\\/#organization\"},\"image\":{\"@id\":\"https:\\\/\\\/radioljubuski.ba\\\/index.php\\\/2021\\\/04\\\/22\\\/kovacevic-dejtonska-bih-je-jedina-bih-na-koju-smo-svi-pristali\\\/#primaryimage\"},\"thumbnailUrl\":\"https:\\\/\\\/radioljubuski.ba\\\/wp-content\\\/uploads\\\/2021\\\/04\\\/kovacevic_1.png\",\"articleSection\":[\"BIH i regija\"],\"inLanguage\":\"hr\"},{\"@type\":\"WebPage\",\"@id\":\"https:\\\/\\\/radioljubuski.ba\\\/index.php\\\/2021\\\/04\\\/22\\\/kovacevic-dejtonska-bih-je-jedina-bih-na-koju-smo-svi-pristali\\\/\",\"url\":\"https:\\\/\\\/radioljubuski.ba\\\/index.php\\\/2021\\\/04\\\/22\\\/kovacevic-dejtonska-bih-je-jedina-bih-na-koju-smo-svi-pristali\\\/\",\"name\":\"Kova\u010devi\u0107: Dejtonska BiH je jedina BiH na koju smo svi pristali - RADIO LJUBU\u0160KI\",\"isPartOf\":{\"@id\":\"https:\\\/\\\/radioljubuski.ba\\\/#website\"},\"primaryImageOfPage\":{\"@id\":\"https:\\\/\\\/radioljubuski.ba\\\/index.php\\\/2021\\\/04\\\/22\\\/kovacevic-dejtonska-bih-je-jedina-bih-na-koju-smo-svi-pristali\\\/#primaryimage\"},\"image\":{\"@id\":\"https:\\\/\\\/radioljubuski.ba\\\/index.php\\\/2021\\\/04\\\/22\\\/kovacevic-dejtonska-bih-je-jedina-bih-na-koju-smo-svi-pristali\\\/#primaryimage\"},\"thumbnailUrl\":\"https:\\\/\\\/radioljubuski.ba\\\/wp-content\\\/uploads\\\/2021\\\/04\\\/kovacevic_1.png\",\"datePublished\":\"2021-04-22T21:55:36+00:00\",\"breadcrumb\":{\"@id\":\"https:\\\/\\\/radioljubuski.ba\\\/index.php\\\/2021\\\/04\\\/22\\\/kovacevic-dejtonska-bih-je-jedina-bih-na-koju-smo-svi-pristali\\\/#breadcrumb\"},\"inLanguage\":\"hr\",\"potentialAction\":[{\"@type\":\"ReadAction\",\"target\":[\"https:\\\/\\\/radioljubuski.ba\\\/index.php\\\/2021\\\/04\\\/22\\\/kovacevic-dejtonska-bih-je-jedina-bih-na-koju-smo-svi-pristali\\\/\"]}]},{\"@type\":\"ImageObject\",\"inLanguage\":\"hr\",\"@id\":\"https:\\\/\\\/radioljubuski.ba\\\/index.php\\\/2021\\\/04\\\/22\\\/kovacevic-dejtonska-bih-je-jedina-bih-na-koju-smo-svi-pristali\\\/#primaryimage\",\"url\":\"https:\\\/\\\/radioljubuski.ba\\\/wp-content\\\/uploads\\\/2021\\\/04\\\/kovacevic_1.png\",\"contentUrl\":\"https:\\\/\\\/radioljubuski.ba\\\/wp-content\\\/uploads\\\/2021\\\/04\\\/kovacevic_1.png\",\"width\":840,\"height\":470},{\"@type\":\"BreadcrumbList\",\"@id\":\"https:\\\/\\\/radioljubuski.ba\\\/index.php\\\/2021\\\/04\\\/22\\\/kovacevic-dejtonska-bih-je-jedina-bih-na-koju-smo-svi-pristali\\\/#breadcrumb\",\"itemListElement\":[{\"@type\":\"ListItem\",\"position\":1,\"name\":\"Po\u010detna stranica\",\"item\":\"https:\\\/\\\/radioljubuski.ba\\\/\"},{\"@type\":\"ListItem\",\"position\":2,\"name\":\"Kova\u010devi\u0107: Dejtonska BiH je jedina BiH na koju smo svi pristali\"}]},{\"@type\":\"WebSite\",\"@id\":\"https:\\\/\\\/radioljubuski.ba\\\/#website\",\"url\":\"https:\\\/\\\/radioljubuski.ba\\\/\",\"name\":\"Radio Ljubu\u0161ki\",\"description\":\"Sun\u010dana frekvencija Hercegovine\",\"publisher\":{\"@id\":\"https:\\\/\\\/radioljubuski.ba\\\/#organization\"},\"potentialAction\":[{\"@type\":\"SearchAction\",\"target\":{\"@type\":\"EntryPoint\",\"urlTemplate\":\"https:\\\/\\\/radioljubuski.ba\\\/?s={search_term_string}\"},\"query-input\":{\"@type\":\"PropertyValueSpecification\",\"valueRequired\":true,\"valueName\":\"search_term_string\"}}],\"inLanguage\":\"hr\"},{\"@type\":\"Organization\",\"@id\":\"https:\\\/\\\/radioljubuski.ba\\\/#organization\",\"name\":\"Radio Ljubu\u0161ki\",\"url\":\"https:\\\/\\\/radioljubuski.ba\\\/\",\"logo\":{\"@type\":\"ImageObject\",\"inLanguage\":\"hr\",\"@id\":\"https:\\\/\\\/radioljubuski.ba\\\/#\\\/schema\\\/logo\\\/image\\\/\",\"url\":\"https:\\\/\\\/radioljubuski.ba\\\/wp-content\\\/uploads\\\/2021\\\/02\\\/cropped-Radio_Ljubuski_logo1.jpg\",\"contentUrl\":\"https:\\\/\\\/radioljubuski.ba\\\/wp-content\\\/uploads\\\/2021\\\/02\\\/cropped-Radio_Ljubuski_logo1.jpg\",\"width\":512,\"height\":512,\"caption\":\"Radio Ljubu\u0161ki\"},\"image\":{\"@id\":\"https:\\\/\\\/radioljubuski.ba\\\/#\\\/schema\\\/logo\\\/image\\\/\"},\"sameAs\":[\"https:\\\/\\\/www.facebook.com\\\/Radiio-Ljubuski-1490835324566332\",\"https:\\\/\\\/x.com\\\/radioljubuski\",\"https:\\\/\\\/hr.linkedin.com\\\/company\\\/radio-ljubuski\",\"https:\\\/\\\/www.youtube.com\\\/channel\\\/UCHYaeO_n0Db3tjNGudGpXyw\"]},{\"@type\":\"Person\",\"@id\":\"https:\\\/\\\/radioljubuski.ba\\\/#\\\/schema\\\/person\\\/19fc700381a780f69665d7956c469e3b\",\"name\":\"Radio Ljubu\u0161ki\"}]}<\/script>\n<!-- \/ Yoast SEO plugin. -->","yoast_head_json":{"title":"Kova\u010devi\u0107: Dejtonska BiH je jedina BiH na koju smo svi pristali - RADIO LJUBU\u0160KI","robots":{"index":"index","follow":"follow","max-snippet":"max-snippet:-1","max-image-preview":"max-image-preview:large","max-video-preview":"max-video-preview:-1"},"canonical":"https:\/\/radioljubuski.ba\/index.php\/2021\/04\/22\/kovacevic-dejtonska-bih-je-jedina-bih-na-koju-smo-svi-pristali\/","og_locale":"hr_HR","og_type":"article","og_title":"Kova\u010devi\u0107: Dejtonska BiH je jedina BiH na koju smo svi pristali - RADIO LJUBU\u0160KI","og_description":"Prema njegovim rije\u010dima, govoriti o ratu u BiH, 25 godina nakon krvavog gra\u0111anskog rata, zaslu\u017euje svaku mogu\u0107u osudu. Savjetnik srpskog \u010dlana i predsjedavaju\u0107eg Predsjedni\u0161tva BiH Radovan Kova\u010devi\u0107 rekao je da tko god govori o ratu u BiH taj ga i priziva, a da narod Republike Srpske \u017eeli samo uva\u017eavanje konstitutivnosti, te da je platforma Srpske [&hellip;]","og_url":"https:\/\/radioljubuski.ba\/index.php\/2021\/04\/22\/kovacevic-dejtonska-bih-je-jedina-bih-na-koju-smo-svi-pristali\/","og_site_name":"RADIO LJUBU\u0160KI","article_publisher":"https:\/\/www.facebook.com\/Radiio-Ljubuski-1490835324566332","article_published_time":"2021-04-22T21:55:36+00:00","og_image":[{"width":840,"height":470,"url":"https:\/\/radioljubuski.ba\/wp-content\/uploads\/2021\/04\/kovacevic_1.png","type":"image\/png"}],"author":"Radio Ljubu\u0161ki","twitter_card":"summary_large_image","twitter_creator":"@radioljubuski","twitter_site":"@radioljubuski","twitter_misc":{"Napisao\/la":"Radio Ljubu\u0161ki","Procijenjeno vrijeme \u010ditanja":"4 minute"},"schema":{"@context":"https:\/\/schema.org","@graph":[{"@type":"Article","@id":"https:\/\/radioljubuski.ba\/index.php\/2021\/04\/22\/kovacevic-dejtonska-bih-je-jedina-bih-na-koju-smo-svi-pristali\/#article","isPartOf":{"@id":"https:\/\/radioljubuski.ba\/index.php\/2021\/04\/22\/kovacevic-dejtonska-bih-je-jedina-bih-na-koju-smo-svi-pristali\/"},"author":{"name":"Radio Ljubu\u0161ki","@id":"https:\/\/radioljubuski.ba\/#\/schema\/person\/19fc700381a780f69665d7956c469e3b"},"headline":"Kova\u010devi\u0107: Dejtonska BiH je jedina BiH na koju smo svi pristali","datePublished":"2021-04-22T21:55:36+00:00","mainEntityOfPage":{"@id":"https:\/\/radioljubuski.ba\/index.php\/2021\/04\/22\/kovacevic-dejtonska-bih-je-jedina-bih-na-koju-smo-svi-pristali\/"},"wordCount":860,"publisher":{"@id":"https:\/\/radioljubuski.ba\/#organization"},"image":{"@id":"https:\/\/radioljubuski.ba\/index.php\/2021\/04\/22\/kovacevic-dejtonska-bih-je-jedina-bih-na-koju-smo-svi-pristali\/#primaryimage"},"thumbnailUrl":"https:\/\/radioljubuski.ba\/wp-content\/uploads\/2021\/04\/kovacevic_1.png","articleSection":["BIH i regija"],"inLanguage":"hr"},{"@type":"WebPage","@id":"https:\/\/radioljubuski.ba\/index.php\/2021\/04\/22\/kovacevic-dejtonska-bih-je-jedina-bih-na-koju-smo-svi-pristali\/","url":"https:\/\/radioljubuski.ba\/index.php\/2021\/04\/22\/kovacevic-dejtonska-bih-je-jedina-bih-na-koju-smo-svi-pristali\/","name":"Kova\u010devi\u0107: Dejtonska BiH je jedina BiH na koju smo svi pristali - RADIO LJUBU\u0160KI","isPartOf":{"@id":"https:\/\/radioljubuski.ba\/#website"},"primaryImageOfPage":{"@id":"https:\/\/radioljubuski.ba\/index.php\/2021\/04\/22\/kovacevic-dejtonska-bih-je-jedina-bih-na-koju-smo-svi-pristali\/#primaryimage"},"image":{"@id":"https:\/\/radioljubuski.ba\/index.php\/2021\/04\/22\/kovacevic-dejtonska-bih-je-jedina-bih-na-koju-smo-svi-pristali\/#primaryimage"},"thumbnailUrl":"https:\/\/radioljubuski.ba\/wp-content\/uploads\/2021\/04\/kovacevic_1.png","datePublished":"2021-04-22T21:55:36+00:00","breadcrumb":{"@id":"https:\/\/radioljubuski.ba\/index.php\/2021\/04\/22\/kovacevic-dejtonska-bih-je-jedina-bih-na-koju-smo-svi-pristali\/#breadcrumb"},"inLanguage":"hr","potentialAction":[{"@type":"ReadAction","target":["https:\/\/radioljubuski.ba\/index.php\/2021\/04\/22\/kovacevic-dejtonska-bih-je-jedina-bih-na-koju-smo-svi-pristali\/"]}]},{"@type":"ImageObject","inLanguage":"hr","@id":"https:\/\/radioljubuski.ba\/index.php\/2021\/04\/22\/kovacevic-dejtonska-bih-je-jedina-bih-na-koju-smo-svi-pristali\/#primaryimage","url":"https:\/\/radioljubuski.ba\/wp-content\/uploads\/2021\/04\/kovacevic_1.png","contentUrl":"https:\/\/radioljubuski.ba\/wp-content\/uploads\/2021\/04\/kovacevic_1.png","width":840,"height":470},{"@type":"BreadcrumbList","@id":"https:\/\/radioljubuski.ba\/index.php\/2021\/04\/22\/kovacevic-dejtonska-bih-je-jedina-bih-na-koju-smo-svi-pristali\/#breadcrumb","itemListElement":[{"@type":"ListItem","position":1,"name":"Po\u010detna stranica","item":"https:\/\/radioljubuski.ba\/"},{"@type":"ListItem","position":2,"name":"Kova\u010devi\u0107: Dejtonska BiH je jedina BiH na koju smo svi pristali"}]},{"@type":"WebSite","@id":"https:\/\/radioljubuski.ba\/#website","url":"https:\/\/radioljubuski.ba\/","name":"Radio Ljubu\u0161ki","description":"Sun\u010dana frekvencija Hercegovine","publisher":{"@id":"https:\/\/radioljubuski.ba\/#organization"},"potentialAction":[{"@type":"SearchAction","target":{"@type":"EntryPoint","urlTemplate":"https:\/\/radioljubuski.ba\/?s={search_term_string}"},"query-input":{"@type":"PropertyValueSpecification","valueRequired":true,"valueName":"search_term_string"}}],"inLanguage":"hr"},{"@type":"Organization","@id":"https:\/\/radioljubuski.ba\/#organization","name":"Radio Ljubu\u0161ki","url":"https:\/\/radioljubuski.ba\/","logo":{"@type":"ImageObject","inLanguage":"hr","@id":"https:\/\/radioljubuski.ba\/#\/schema\/logo\/image\/","url":"https:\/\/radioljubuski.ba\/wp-content\/uploads\/2021\/02\/cropped-Radio_Ljubuski_logo1.jpg","contentUrl":"https:\/\/radioljubuski.ba\/wp-content\/uploads\/2021\/02\/cropped-Radio_Ljubuski_logo1.jpg","width":512,"height":512,"caption":"Radio Ljubu\u0161ki"},"image":{"@id":"https:\/\/radioljubuski.ba\/#\/schema\/logo\/image\/"},"sameAs":["https:\/\/www.facebook.com\/Radiio-Ljubuski-1490835324566332","https:\/\/x.com\/radioljubuski","https:\/\/hr.linkedin.com\/company\/radio-ljubuski","https:\/\/www.youtube.com\/channel\/UCHYaeO_n0Db3tjNGudGpXyw"]},{"@type":"Person","@id":"https:\/\/radioljubuski.ba\/#\/schema\/person\/19fc700381a780f69665d7956c469e3b","name":"Radio Ljubu\u0161ki"}]}},"_links":{"self":[{"href":"https:\/\/radioljubuski.ba\/index.php\/wp-json\/wp\/v2\/posts\/15501","targetHints":{"allow":["GET"]}}],"collection":[{"href":"https:\/\/radioljubuski.ba\/index.php\/wp-json\/wp\/v2\/posts"}],"about":[{"href":"https:\/\/radioljubuski.ba\/index.php\/wp-json\/wp\/v2\/types\/post"}],"author":[{"embeddable":true,"href":"https:\/\/radioljubuski.ba\/index.php\/wp-json\/wp\/v2\/users\/2"}],"replies":[{"embeddable":true,"href":"https:\/\/radioljubuski.ba\/index.php\/wp-json\/wp\/v2\/comments?post=15501"}],"version-history":[{"count":1,"href":"https:\/\/radioljubuski.ba\/index.php\/wp-json\/wp\/v2\/posts\/15501\/revisions"}],"predecessor-version":[{"id":15503,"href":"https:\/\/radioljubuski.ba\/index.php\/wp-json\/wp\/v2\/posts\/15501\/revisions\/15503"}],"wp:featuredmedia":[{"embeddable":true,"href":"https:\/\/radioljubuski.ba\/index.php\/wp-json\/wp\/v2\/media\/15502"}],"wp:attachment":[{"href":"https:\/\/radioljubuski.ba\/index.php\/wp-json\/wp\/v2\/media?parent=15501"}],"wp:term":[{"taxonomy":"category","embeddable":true,"href":"https:\/\/radioljubuski.ba\/index.php\/wp-json\/wp\/v2\/categories?post=15501"},{"taxonomy":"post_tag","embeddable":true,"href":"https:\/\/radioljubuski.ba\/index.php\/wp-json\/wp\/v2\/tags?post=15501"}],"curies":[{"name":"wp","href":"https:\/\/api.w.org\/{rel}","templated":true}]}}