{"id":155011,"date":"2022-06-30T11:06:22","date_gmt":"2022-06-30T10:06:22","guid":{"rendered":"https:\/\/radioljubuski.ba\/?p=155011"},"modified":"2022-06-30T11:06:24","modified_gmt":"2022-06-30T10:06:24","slug":"ljubusak-izgubio-utrku-za-sefa-tz-a-makarske","status":"publish","type":"post","link":"https:\/\/radioljubuski.ba\/index.php\/2022\/06\/30\/ljubusak-izgubio-utrku-za-sefa-tz-a-makarske\/","title":{"rendered":"Ljubu\u0161ak izgubio utrku za \u0161efa TZ-a Makarske"},"content":{"rendered":"\n<p><strong>Turisti\u010dka zajednica grada Makarske (TZ) je nakon gotovo godinu dana napokon dobila nasljednika direktorice Hloverke Novak Srzi\u0107, jer je Turisti\u010dko vije\u0107e potvrdilo izbor Makaranina Vedrana Valid\u017ei\u0107a.<\/strong><\/p>\n\n\n\n<p>Na natje\u010daj su se bili prijavili i&nbsp;<strong>Ton\u010di Lali\u0107<\/strong>&nbsp;i&nbsp;<strong>Marinko Brki\u0107<\/strong>&nbsp;iz Ljubu\u0161kog (BiH) koji, kako doznajemo, nije prilo\u017eio potrebni program.&nbsp;<strong>Valid\u017ei\u0107&nbsp;<\/strong>ima 46 godina i nova je nada turizma pod Biokovom u kojem ima iskustva jer je ve\u0107 10 godina turisti\u010dki vodi\u010d.<\/p>\n\n\n\n<p>Novi TZ-ov \u010delnik zavr\u0161io je financijski smjer na Ekonomskom fakultetu u Zagrebu, a radio je \u0161est godina kao profesor informatike u Osnovnoj \u0161koli oca Petra Perice i kao nastavnik matematike u istoj osmoljetki, te u \u0161kolama u Podgori, Brelima i Ba\u0161koj Vodi, dok je u Srednjoj \u0161koli fra Andrije Ka\u010di\u0107a Mio\u0161i\u0107a bio profesor ekonomske grupe predmeta.<\/p>\n\n\n\n<p>Sljede\u0107ih \u0161est godina proveo je u ra\u010dunovodstvu gra\u0111evinske tvrtke &#8220;Georad&#8221;, a nakon toga je po\u010deo s radom kao turisti\u010dki vodi\u010d jer je u me\u0111uvremenu polo\u017eio licencije za taj posao na podru\u010dju Splitsko-dalmatinske, \u0160ibensko-kninske i Dubrova\u010dko- neretvanske. Kako je kazao, pobornik je cjelo\u017eivotnog u\u010denja i izvrsno govori engleski jezik, te talijanski i poljski.<\/p>\n\n\n\n<p>&#8211; Iz Zagreba sam se u Makarsku vratio jer mi je draga, ali tu ve\u0107 godinama gledam puno stvari koje se nikako ne mijenjaju. Smeta mi vrlo slaba informiranost gostiju koji zbog toga ne mogu do\u017eivjeti bolji ugo\u0111aj u na\u0161em gradu. Naime, o bilo kakvim ljetnim doga\u0111anjima, u gradu nema gotovo nikakvih informacija pa \u0107u se kao direktor pozabaviti time kroz ostvarivanje svakodnevnog kontakta s hotelima i liderima velikih turoperatora.<\/p>\n\n\n\n<p>Makarskoj je potreban i ozbiljniji repertoar kulturnih doga\u0111anja, pa bi trebalo uvesti kazali\u0161ne predstave i na engleskom jeziku kako bismo animirali na\u0161e goste &#8211; najavljuje Valid\u017ei\u0107 i dodaje da bi u ljetna kulturna doga\u0111anja trebalo anga\u017eirati doma\u0107e snage, primjerice, djecu iz Glazbene \u0161kole koja bi koncerte barem jednom tjedno odr\u017eavala u crkvi sv. Marka.<\/p>\n\n\n\n<p>Novi TZ-ov direktor isti\u010de kako je u Makarskoj potrebno postaviti nove informacijske punktove, knji\u017enicu na gradskoj pla\u017ei s knjigama na engleskom, poljskom, \u010de\u0161kom i hrvatskom jeziku, a trebalo bi obnoviti i &#8220;\u0160umoteku&#8221; u Parku fra Jure Radi\u0107a.<\/p>\n\n\n\n<p>&#8211; Imam volje za sve nove projekte pa bih u suradnji s Gradom i Franjeva\u010dkim samostanom, osim Malakolo\u0161kog muzeja, poku\u0161ao javnosti pribli\u017eiti veliku samostansku zbirku slika i knji\u017enicu. Osim toga, arheolo\u0161kom parku na Svetom Petru bi trebalo podi\u0107i atraktivnost kao i Gradskom muzeju &#8211; tvrdi Valid\u017ei\u0107 koji je za prijavu na nadmetanje za aktualnu du\u017enost napisao program na 34 stranice, a koji uklju\u010duje i zdravstveni turizam.<\/p>\n\n\n\n<p>&#8211; Ve\u0107 sam popri\u010dao s doma\u0107im lije\u010dnicima, stomatolozima i plasti\u010dnim kirurzima kako bismo u Makarskoj po\u010deli provoditi zdravstveni turizam. Moramo unaprijediti i cikloturizam kao i zabavu i no\u0107ni \u017eivot za mlade koji bi mogli imati i ljetni i zimski klub.<\/p>\n\n\n\n<p>Pje\u0161a\u010dke staze trebalo bi bolje reklamirati, i to posebno prema Koti\u0161ini i Botani\u010dkom vrtu, a morali bismo bolje promovirati i Biokovo i ostvariti bolju suradnju s Parkom prirode Biokovo &#8211; dodaje na\u0161 sugovornik koji tvrdi da nije \u010dlan nijedne politi\u010dke stranke nego da je simpatizer SDP-a.<\/p>\n\n\n\n<p>&#8211; Sada sam \u010dlan Vije\u0107a Mjesnog odbora Pla\u017ea kao nezavisni na SDP-ovoj listi, a \u010dlan sam i Nadzornog odbora &#8220;Komunalca&#8221;, ali nisam \u010dlan SDP-a. Na novoj funkciji \u0107u raditi maksimalno po\u0161teno i ni\u0161ta ispod stola, jer su me tako odgojili moji roditelji. Sve \u0107u raditi transparentno i poslove nitko ne\u0107e mo\u0107i dobiti preko poznanstva &#8211; kazao je Valid\u017ei\u0107.<\/p>\n\n\n\n<p><strong>Hloverka: Samo da ne bude gradona\u010delnikov fikus<\/strong><\/p>\n\n\n\n<p>Sve pohvale za novog TZ-ova direktora ima gradona\u010delnik Zoran Paunovi\u0107 (SDP) koji je do njegova izbora obna\u0161ao funkciju vr\u0161itelja du\u017enosti prvog \u010dovjeka TZ-a, a ujedno je i predsjednik TZ-a.<\/p>\n\n\n\n<p>&#8211; Valid\u017ei\u0107ev program je savr\u0161en i smatram da \u0107u s njim izvrsno funkcionirati. On je pobornik zaokreta od masovnog turizma prema elitnom, \u0161to je bolno, ali \u0107e biti dobro za Makarsku za nekoliko godina. Vrlo sam zadovoljan izborom novog direktora kao i njegovim programom &#8211; ka\u017ee Paunovi\u0107.<\/p>\n\n\n\n<p>Sre\u0107u na novom poslu Valid\u017ei\u0107u je po\u017eeljela i njegova prethodnica Hloverka Novak Srzi\u0107:<\/p>\n\n\n\n<p>&#8211; Vedranu \u017eelim sve najbolje i nadam se da ne\u0107e biti fikus Zorana Paunovi\u0107a koji je TZ zamislio kao gradski odjel, \u0161to je mimo svih zakona. Ina\u010de, Paunovi\u0107 je srozao TZ kao instituciju do dna i slobodno kao k\u0107i biv\u0161eg gradona\u010delnika Ante Novaka, mogu re\u0107i da \u0107e Paunovi\u0107 biti zabilje\u017een kao najgori gradona\u010delnik Makarske i stoga Vedranu i \u017eelim puno uspjeha i hrabrosti jer \u0107e mu zbilja trebati.<\/p>\n\n\n\n<p><strong>Izvor: iks-portal.info<\/strong><\/p>\n","protected":false},"excerpt":{"rendered":"<p>Turisti\u010dka zajednica grada Makarske (TZ) je nakon gotovo godinu dana napokon dobila nasljednika direktorice Hloverke Novak Srzi\u0107, jer je Turisti\u010dko vije\u0107e potvrdilo izbor Makaranina Vedrana Valid\u017ei\u0107a. Na natje\u010daj su se bili prijavili i&nbsp;Ton\u010di Lali\u0107&nbsp;i&nbsp;Marinko Brki\u0107&nbsp;iz Ljubu\u0161kog (BiH) koji, kako doznajemo, nije prilo\u017eio potrebni program.&nbsp;Valid\u017ei\u0107&nbsp;ima 46 godina i nova je nada turizma pod Biokovom u kojem [&hellip;]<\/p>\n","protected":false},"author":2,"featured_media":32710,"comment_status":"closed","ping_status":"closed","sticky":false,"template":"","format":"standard","meta":{"h5ap_radio_sources":[],"footnotes":""},"categories":[1],"tags":[],"class_list":["post-155011","post","type-post","status-publish","format-standard","has-post-thumbnail","hentry","category-bihiregija"],"yoast_head":"<!-- This site is optimized with the Yoast SEO plugin v27.5 - https:\/\/yoast.com\/product\/yoast-seo-wordpress\/ -->\n<title>Ljubu\u0161ak izgubio utrku za \u0161efa TZ-a Makarske - RADIO LJUBU\u0160KI<\/title>\n<meta name=\"robots\" content=\"index, follow, max-snippet:-1, max-image-preview:large, max-video-preview:-1\" \/>\n<link rel=\"canonical\" href=\"https:\/\/radioljubuski.ba\/index.php\/2022\/06\/30\/ljubusak-izgubio-utrku-za-sefa-tz-a-makarske\/\" \/>\n<meta property=\"og:locale\" content=\"hr_HR\" \/>\n<meta property=\"og:type\" content=\"article\" \/>\n<meta property=\"og:title\" content=\"Ljubu\u0161ak izgubio utrku za \u0161efa TZ-a Makarske - RADIO LJUBU\u0160KI\" \/>\n<meta property=\"og:description\" content=\"Turisti\u010dka zajednica grada Makarske (TZ) je nakon gotovo godinu dana napokon dobila nasljednika direktorice Hloverke Novak Srzi\u0107, jer je Turisti\u010dko vije\u0107e potvrdilo izbor Makaranina Vedrana Valid\u017ei\u0107a. Na natje\u010daj su se bili prijavili i&nbsp;Ton\u010di Lali\u0107&nbsp;i&nbsp;Marinko Brki\u0107&nbsp;iz Ljubu\u0161kog (BiH) koji, kako doznajemo, nije prilo\u017eio potrebni program.&nbsp;Valid\u017ei\u0107&nbsp;ima 46 godina i nova je nada turizma pod Biokovom u kojem [&hellip;]\" \/>\n<meta property=\"og:url\" content=\"https:\/\/radioljubuski.ba\/index.php\/2022\/06\/30\/ljubusak-izgubio-utrku-za-sefa-tz-a-makarske\/\" \/>\n<meta property=\"og:site_name\" content=\"RADIO LJUBU\u0160KI\" \/>\n<meta property=\"article:publisher\" content=\"https:\/\/www.facebook.com\/Radiio-Ljubuski-1490835324566332\" \/>\n<meta property=\"article:published_time\" content=\"2022-06-30T10:06:22+00:00\" \/>\n<meta property=\"article:modified_time\" content=\"2022-06-30T10:06:24+00:00\" \/>\n<meta property=\"og:image\" content=\"https:\/\/radioljubuski.ba\/wp-content\/uploads\/2021\/06\/5yFowvsT_makarska.jpg\" \/>\n\t<meta property=\"og:image:width\" content=\"1000\" \/>\n\t<meta property=\"og:image:height\" content=\"625\" \/>\n\t<meta property=\"og:image:type\" content=\"image\/jpeg\" \/>\n<meta name=\"author\" content=\"Radio Ljubu\u0161ki\" \/>\n<meta name=\"twitter:card\" content=\"summary_large_image\" \/>\n<meta name=\"twitter:creator\" content=\"@radioljubuski\" \/>\n<meta name=\"twitter:site\" content=\"@radioljubuski\" \/>\n<meta name=\"twitter:label1\" content=\"Napisao\/la\" \/>\n\t<meta name=\"twitter:data1\" content=\"Radio Ljubu\u0161ki\" \/>\n\t<meta name=\"twitter:label2\" content=\"Procijenjeno vrijeme \u010ditanja\" \/>\n\t<meta name=\"twitter:data2\" content=\"4 minute\" \/>\n<script type=\"application\/ld+json\" class=\"yoast-schema-graph\">{\"@context\":\"https:\\\/\\\/schema.org\",\"@graph\":[{\"@type\":\"Article\",\"@id\":\"https:\\\/\\\/radioljubuski.ba\\\/index.php\\\/2022\\\/06\\\/30\\\/ljubusak-izgubio-utrku-za-sefa-tz-a-makarske\\\/#article\",\"isPartOf\":{\"@id\":\"https:\\\/\\\/radioljubuski.ba\\\/index.php\\\/2022\\\/06\\\/30\\\/ljubusak-izgubio-utrku-za-sefa-tz-a-makarske\\\/\"},\"author\":{\"name\":\"Radio Ljubu\u0161ki\",\"@id\":\"https:\\\/\\\/radioljubuski.ba\\\/#\\\/schema\\\/person\\\/19fc700381a780f69665d7956c469e3b\"},\"headline\":\"Ljubu\u0161ak izgubio utrku za \u0161efa TZ-a Makarske\",\"datePublished\":\"2022-06-30T10:06:22+00:00\",\"dateModified\":\"2022-06-30T10:06:24+00:00\",\"mainEntityOfPage\":{\"@id\":\"https:\\\/\\\/radioljubuski.ba\\\/index.php\\\/2022\\\/06\\\/30\\\/ljubusak-izgubio-utrku-za-sefa-tz-a-makarske\\\/\"},\"wordCount\":822,\"publisher\":{\"@id\":\"https:\\\/\\\/radioljubuski.ba\\\/#organization\"},\"image\":{\"@id\":\"https:\\\/\\\/radioljubuski.ba\\\/index.php\\\/2022\\\/06\\\/30\\\/ljubusak-izgubio-utrku-za-sefa-tz-a-makarske\\\/#primaryimage\"},\"thumbnailUrl\":\"https:\\\/\\\/radioljubuski.ba\\\/wp-content\\\/uploads\\\/2021\\\/06\\\/5yFowvsT_makarska.jpg\",\"articleSection\":[\"BIH i regija\"],\"inLanguage\":\"hr\"},{\"@type\":\"WebPage\",\"@id\":\"https:\\\/\\\/radioljubuski.ba\\\/index.php\\\/2022\\\/06\\\/30\\\/ljubusak-izgubio-utrku-za-sefa-tz-a-makarske\\\/\",\"url\":\"https:\\\/\\\/radioljubuski.ba\\\/index.php\\\/2022\\\/06\\\/30\\\/ljubusak-izgubio-utrku-za-sefa-tz-a-makarske\\\/\",\"name\":\"Ljubu\u0161ak izgubio utrku za \u0161efa TZ-a Makarske - RADIO LJUBU\u0160KI\",\"isPartOf\":{\"@id\":\"https:\\\/\\\/radioljubuski.ba\\\/#website\"},\"primaryImageOfPage\":{\"@id\":\"https:\\\/\\\/radioljubuski.ba\\\/index.php\\\/2022\\\/06\\\/30\\\/ljubusak-izgubio-utrku-za-sefa-tz-a-makarske\\\/#primaryimage\"},\"image\":{\"@id\":\"https:\\\/\\\/radioljubuski.ba\\\/index.php\\\/2022\\\/06\\\/30\\\/ljubusak-izgubio-utrku-za-sefa-tz-a-makarske\\\/#primaryimage\"},\"thumbnailUrl\":\"https:\\\/\\\/radioljubuski.ba\\\/wp-content\\\/uploads\\\/2021\\\/06\\\/5yFowvsT_makarska.jpg\",\"datePublished\":\"2022-06-30T10:06:22+00:00\",\"dateModified\":\"2022-06-30T10:06:24+00:00\",\"breadcrumb\":{\"@id\":\"https:\\\/\\\/radioljubuski.ba\\\/index.php\\\/2022\\\/06\\\/30\\\/ljubusak-izgubio-utrku-za-sefa-tz-a-makarske\\\/#breadcrumb\"},\"inLanguage\":\"hr\",\"potentialAction\":[{\"@type\":\"ReadAction\",\"target\":[\"https:\\\/\\\/radioljubuski.ba\\\/index.php\\\/2022\\\/06\\\/30\\\/ljubusak-izgubio-utrku-za-sefa-tz-a-makarske\\\/\"]}]},{\"@type\":\"ImageObject\",\"inLanguage\":\"hr\",\"@id\":\"https:\\\/\\\/radioljubuski.ba\\\/index.php\\\/2022\\\/06\\\/30\\\/ljubusak-izgubio-utrku-za-sefa-tz-a-makarske\\\/#primaryimage\",\"url\":\"https:\\\/\\\/radioljubuski.ba\\\/wp-content\\\/uploads\\\/2021\\\/06\\\/5yFowvsT_makarska.jpg\",\"contentUrl\":\"https:\\\/\\\/radioljubuski.ba\\\/wp-content\\\/uploads\\\/2021\\\/06\\\/5yFowvsT_makarska.jpg\",\"width\":1000,\"height\":625},{\"@type\":\"BreadcrumbList\",\"@id\":\"https:\\\/\\\/radioljubuski.ba\\\/index.php\\\/2022\\\/06\\\/30\\\/ljubusak-izgubio-utrku-za-sefa-tz-a-makarske\\\/#breadcrumb\",\"itemListElement\":[{\"@type\":\"ListItem\",\"position\":1,\"name\":\"Po\u010detna stranica\",\"item\":\"https:\\\/\\\/radioljubuski.ba\\\/\"},{\"@type\":\"ListItem\",\"position\":2,\"name\":\"Ljubu\u0161ak izgubio utrku za \u0161efa TZ-a Makarske\"}]},{\"@type\":\"WebSite\",\"@id\":\"https:\\\/\\\/radioljubuski.ba\\\/#website\",\"url\":\"https:\\\/\\\/radioljubuski.ba\\\/\",\"name\":\"Radio Ljubu\u0161ki\",\"description\":\"Sun\u010dana frekvencija Hercegovine\",\"publisher\":{\"@id\":\"https:\\\/\\\/radioljubuski.ba\\\/#organization\"},\"potentialAction\":[{\"@type\":\"SearchAction\",\"target\":{\"@type\":\"EntryPoint\",\"urlTemplate\":\"https:\\\/\\\/radioljubuski.ba\\\/?s={search_term_string}\"},\"query-input\":{\"@type\":\"PropertyValueSpecification\",\"valueRequired\":true,\"valueName\":\"search_term_string\"}}],\"inLanguage\":\"hr\"},{\"@type\":\"Organization\",\"@id\":\"https:\\\/\\\/radioljubuski.ba\\\/#organization\",\"name\":\"Radio Ljubu\u0161ki\",\"url\":\"https:\\\/\\\/radioljubuski.ba\\\/\",\"logo\":{\"@type\":\"ImageObject\",\"inLanguage\":\"hr\",\"@id\":\"https:\\\/\\\/radioljubuski.ba\\\/#\\\/schema\\\/logo\\\/image\\\/\",\"url\":\"https:\\\/\\\/radioljubuski.ba\\\/wp-content\\\/uploads\\\/2021\\\/02\\\/cropped-Radio_Ljubuski_logo1.jpg\",\"contentUrl\":\"https:\\\/\\\/radioljubuski.ba\\\/wp-content\\\/uploads\\\/2021\\\/02\\\/cropped-Radio_Ljubuski_logo1.jpg\",\"width\":512,\"height\":512,\"caption\":\"Radio Ljubu\u0161ki\"},\"image\":{\"@id\":\"https:\\\/\\\/radioljubuski.ba\\\/#\\\/schema\\\/logo\\\/image\\\/\"},\"sameAs\":[\"https:\\\/\\\/www.facebook.com\\\/Radiio-Ljubuski-1490835324566332\",\"https:\\\/\\\/x.com\\\/radioljubuski\",\"https:\\\/\\\/hr.linkedin.com\\\/company\\\/radio-ljubuski\",\"https:\\\/\\\/www.youtube.com\\\/channel\\\/UCHYaeO_n0Db3tjNGudGpXyw\"]},{\"@type\":\"Person\",\"@id\":\"https:\\\/\\\/radioljubuski.ba\\\/#\\\/schema\\\/person\\\/19fc700381a780f69665d7956c469e3b\",\"name\":\"Radio Ljubu\u0161ki\"}]}<\/script>\n<!-- \/ Yoast SEO plugin. -->","yoast_head_json":{"title":"Ljubu\u0161ak izgubio utrku za \u0161efa TZ-a Makarske - RADIO LJUBU\u0160KI","robots":{"index":"index","follow":"follow","max-snippet":"max-snippet:-1","max-image-preview":"max-image-preview:large","max-video-preview":"max-video-preview:-1"},"canonical":"https:\/\/radioljubuski.ba\/index.php\/2022\/06\/30\/ljubusak-izgubio-utrku-za-sefa-tz-a-makarske\/","og_locale":"hr_HR","og_type":"article","og_title":"Ljubu\u0161ak izgubio utrku za \u0161efa TZ-a Makarske - RADIO LJUBU\u0160KI","og_description":"Turisti\u010dka zajednica grada Makarske (TZ) je nakon gotovo godinu dana napokon dobila nasljednika direktorice Hloverke Novak Srzi\u0107, jer je Turisti\u010dko vije\u0107e potvrdilo izbor Makaranina Vedrana Valid\u017ei\u0107a. Na natje\u010daj su se bili prijavili i&nbsp;Ton\u010di Lali\u0107&nbsp;i&nbsp;Marinko Brki\u0107&nbsp;iz Ljubu\u0161kog (BiH) koji, kako doznajemo, nije prilo\u017eio potrebni program.&nbsp;Valid\u017ei\u0107&nbsp;ima 46 godina i nova je nada turizma pod Biokovom u kojem [&hellip;]","og_url":"https:\/\/radioljubuski.ba\/index.php\/2022\/06\/30\/ljubusak-izgubio-utrku-za-sefa-tz-a-makarske\/","og_site_name":"RADIO LJUBU\u0160KI","article_publisher":"https:\/\/www.facebook.com\/Radiio-Ljubuski-1490835324566332","article_published_time":"2022-06-30T10:06:22+00:00","article_modified_time":"2022-06-30T10:06:24+00:00","og_image":[{"width":1000,"height":625,"url":"https:\/\/radioljubuski.ba\/wp-content\/uploads\/2021\/06\/5yFowvsT_makarska.jpg","type":"image\/jpeg"}],"author":"Radio Ljubu\u0161ki","twitter_card":"summary_large_image","twitter_creator":"@radioljubuski","twitter_site":"@radioljubuski","twitter_misc":{"Napisao\/la":"Radio Ljubu\u0161ki","Procijenjeno vrijeme \u010ditanja":"4 minute"},"schema":{"@context":"https:\/\/schema.org","@graph":[{"@type":"Article","@id":"https:\/\/radioljubuski.ba\/index.php\/2022\/06\/30\/ljubusak-izgubio-utrku-za-sefa-tz-a-makarske\/#article","isPartOf":{"@id":"https:\/\/radioljubuski.ba\/index.php\/2022\/06\/30\/ljubusak-izgubio-utrku-za-sefa-tz-a-makarske\/"},"author":{"name":"Radio Ljubu\u0161ki","@id":"https:\/\/radioljubuski.ba\/#\/schema\/person\/19fc700381a780f69665d7956c469e3b"},"headline":"Ljubu\u0161ak izgubio utrku za \u0161efa TZ-a Makarske","datePublished":"2022-06-30T10:06:22+00:00","dateModified":"2022-06-30T10:06:24+00:00","mainEntityOfPage":{"@id":"https:\/\/radioljubuski.ba\/index.php\/2022\/06\/30\/ljubusak-izgubio-utrku-za-sefa-tz-a-makarske\/"},"wordCount":822,"publisher":{"@id":"https:\/\/radioljubuski.ba\/#organization"},"image":{"@id":"https:\/\/radioljubuski.ba\/index.php\/2022\/06\/30\/ljubusak-izgubio-utrku-za-sefa-tz-a-makarske\/#primaryimage"},"thumbnailUrl":"https:\/\/radioljubuski.ba\/wp-content\/uploads\/2021\/06\/5yFowvsT_makarska.jpg","articleSection":["BIH i regija"],"inLanguage":"hr"},{"@type":"WebPage","@id":"https:\/\/radioljubuski.ba\/index.php\/2022\/06\/30\/ljubusak-izgubio-utrku-za-sefa-tz-a-makarske\/","url":"https:\/\/radioljubuski.ba\/index.php\/2022\/06\/30\/ljubusak-izgubio-utrku-za-sefa-tz-a-makarske\/","name":"Ljubu\u0161ak izgubio utrku za \u0161efa TZ-a Makarske - RADIO LJUBU\u0160KI","isPartOf":{"@id":"https:\/\/radioljubuski.ba\/#website"},"primaryImageOfPage":{"@id":"https:\/\/radioljubuski.ba\/index.php\/2022\/06\/30\/ljubusak-izgubio-utrku-za-sefa-tz-a-makarske\/#primaryimage"},"image":{"@id":"https:\/\/radioljubuski.ba\/index.php\/2022\/06\/30\/ljubusak-izgubio-utrku-za-sefa-tz-a-makarske\/#primaryimage"},"thumbnailUrl":"https:\/\/radioljubuski.ba\/wp-content\/uploads\/2021\/06\/5yFowvsT_makarska.jpg","datePublished":"2022-06-30T10:06:22+00:00","dateModified":"2022-06-30T10:06:24+00:00","breadcrumb":{"@id":"https:\/\/radioljubuski.ba\/index.php\/2022\/06\/30\/ljubusak-izgubio-utrku-za-sefa-tz-a-makarske\/#breadcrumb"},"inLanguage":"hr","potentialAction":[{"@type":"ReadAction","target":["https:\/\/radioljubuski.ba\/index.php\/2022\/06\/30\/ljubusak-izgubio-utrku-za-sefa-tz-a-makarske\/"]}]},{"@type":"ImageObject","inLanguage":"hr","@id":"https:\/\/radioljubuski.ba\/index.php\/2022\/06\/30\/ljubusak-izgubio-utrku-za-sefa-tz-a-makarske\/#primaryimage","url":"https:\/\/radioljubuski.ba\/wp-content\/uploads\/2021\/06\/5yFowvsT_makarska.jpg","contentUrl":"https:\/\/radioljubuski.ba\/wp-content\/uploads\/2021\/06\/5yFowvsT_makarska.jpg","width":1000,"height":625},{"@type":"BreadcrumbList","@id":"https:\/\/radioljubuski.ba\/index.php\/2022\/06\/30\/ljubusak-izgubio-utrku-za-sefa-tz-a-makarske\/#breadcrumb","itemListElement":[{"@type":"ListItem","position":1,"name":"Po\u010detna stranica","item":"https:\/\/radioljubuski.ba\/"},{"@type":"ListItem","position":2,"name":"Ljubu\u0161ak izgubio utrku za \u0161efa TZ-a Makarske"}]},{"@type":"WebSite","@id":"https:\/\/radioljubuski.ba\/#website","url":"https:\/\/radioljubuski.ba\/","name":"Radio Ljubu\u0161ki","description":"Sun\u010dana frekvencija Hercegovine","publisher":{"@id":"https:\/\/radioljubuski.ba\/#organization"},"potentialAction":[{"@type":"SearchAction","target":{"@type":"EntryPoint","urlTemplate":"https:\/\/radioljubuski.ba\/?s={search_term_string}"},"query-input":{"@type":"PropertyValueSpecification","valueRequired":true,"valueName":"search_term_string"}}],"inLanguage":"hr"},{"@type":"Organization","@id":"https:\/\/radioljubuski.ba\/#organization","name":"Radio Ljubu\u0161ki","url":"https:\/\/radioljubuski.ba\/","logo":{"@type":"ImageObject","inLanguage":"hr","@id":"https:\/\/radioljubuski.ba\/#\/schema\/logo\/image\/","url":"https:\/\/radioljubuski.ba\/wp-content\/uploads\/2021\/02\/cropped-Radio_Ljubuski_logo1.jpg","contentUrl":"https:\/\/radioljubuski.ba\/wp-content\/uploads\/2021\/02\/cropped-Radio_Ljubuski_logo1.jpg","width":512,"height":512,"caption":"Radio Ljubu\u0161ki"},"image":{"@id":"https:\/\/radioljubuski.ba\/#\/schema\/logo\/image\/"},"sameAs":["https:\/\/www.facebook.com\/Radiio-Ljubuski-1490835324566332","https:\/\/x.com\/radioljubuski","https:\/\/hr.linkedin.com\/company\/radio-ljubuski","https:\/\/www.youtube.com\/channel\/UCHYaeO_n0Db3tjNGudGpXyw"]},{"@type":"Person","@id":"https:\/\/radioljubuski.ba\/#\/schema\/person\/19fc700381a780f69665d7956c469e3b","name":"Radio Ljubu\u0161ki"}]}},"_links":{"self":[{"href":"https:\/\/radioljubuski.ba\/index.php\/wp-json\/wp\/v2\/posts\/155011","targetHints":{"allow":["GET"]}}],"collection":[{"href":"https:\/\/radioljubuski.ba\/index.php\/wp-json\/wp\/v2\/posts"}],"about":[{"href":"https:\/\/radioljubuski.ba\/index.php\/wp-json\/wp\/v2\/types\/post"}],"author":[{"embeddable":true,"href":"https:\/\/radioljubuski.ba\/index.php\/wp-json\/wp\/v2\/users\/2"}],"replies":[{"embeddable":true,"href":"https:\/\/radioljubuski.ba\/index.php\/wp-json\/wp\/v2\/comments?post=155011"}],"version-history":[{"count":1,"href":"https:\/\/radioljubuski.ba\/index.php\/wp-json\/wp\/v2\/posts\/155011\/revisions"}],"predecessor-version":[{"id":155012,"href":"https:\/\/radioljubuski.ba\/index.php\/wp-json\/wp\/v2\/posts\/155011\/revisions\/155012"}],"wp:featuredmedia":[{"embeddable":true,"href":"https:\/\/radioljubuski.ba\/index.php\/wp-json\/wp\/v2\/media\/32710"}],"wp:attachment":[{"href":"https:\/\/radioljubuski.ba\/index.php\/wp-json\/wp\/v2\/media?parent=155011"}],"wp:term":[{"taxonomy":"category","embeddable":true,"href":"https:\/\/radioljubuski.ba\/index.php\/wp-json\/wp\/v2\/categories?post=155011"},{"taxonomy":"post_tag","embeddable":true,"href":"https:\/\/radioljubuski.ba\/index.php\/wp-json\/wp\/v2\/tags?post=155011"}],"curies":[{"name":"wp","href":"https:\/\/api.w.org\/{rel}","templated":true}]}}