{"id":155013,"date":"2022-06-30T11:09:37","date_gmt":"2022-06-30T10:09:37","guid":{"rendered":"https:\/\/radioljubuski.ba\/?p=155013"},"modified":"2022-06-30T11:09:37","modified_gmt":"2022-06-30T10:09:37","slug":"svecano-otvorena-magistralna-cesta-stolac-neum","status":"publish","type":"post","link":"https:\/\/radioljubuski.ba\/index.php\/2022\/06\/30\/svecano-otvorena-magistralna-cesta-stolac-neum\/","title":{"rendered":"Sve\u010dano otvorena magistralna cesta Stolac \u2013 Neum"},"content":{"rendered":"\n<h5 class=\"wp-block-heading\">Nova magistralna cesta M-17.3 Stolac \u2013 Neum sve\u010dano je otvorena u \u010detvrtak.<\/h5>\n\n\n\n<p>Ceremonija pu\u0161tanja u promet izuzetno va\u017ene ceste odr\u017eana je na lokalitetu raskri\u017eja\u00a0Babin Do\u00a0kod Neuma.<\/p>\n\n\n\n<figure class=\"wp-block-image size-large\"><img loading=\"lazy\" decoding=\"async\" width=\"1000\" height=\"638\" src=\"https:\/\/radioljubuski.ba\/wp-content\/uploads\/2022\/06\/svecano-otvaranje-cesta-stolac-neum-5.jpg\" alt=\"\" class=\"wp-image-155017\" srcset=\"https:\/\/radioljubuski.ba\/wp-content\/uploads\/2022\/06\/svecano-otvaranje-cesta-stolac-neum-5.jpg 1000w, https:\/\/radioljubuski.ba\/wp-content\/uploads\/2022\/06\/svecano-otvaranje-cesta-stolac-neum-5-300x191.jpg 300w, https:\/\/radioljubuski.ba\/wp-content\/uploads\/2022\/06\/svecano-otvaranje-cesta-stolac-neum-5-768x490.jpg 768w, https:\/\/radioljubuski.ba\/wp-content\/uploads\/2022\/06\/svecano-otvaranje-cesta-stolac-neum-5-18x12.jpg 18w\" sizes=\"auto, (max-width: 1000px) 100vw, 1000px\" \/><\/figure>\n\n\n\n<p>Nama ova cesta zna\u010di\u00a0povratak iz zone izoliranosti\u00a0i zatvorenosti.\u00a040-ak godina smo \u010dekali ovu cestu\u00a0i napokon smo je dobili \u2013 nama zna\u010di puno.\u00a0Otvaramo se prema unutra\u0161njosti\u00a0i dobivamo produ\u017eenje turisti\u010dke sezone. Uz ovu cestu planiramo otvoriti i\u00a0dvije poslovne zone\u00a0te \u0107emo time pokrenuti i gospodarski razvoj i da imamo proizvodne kapacitete osim turizma koji je okosnica razvoja Neuma.<\/p>\n\n\n\n<figure class=\"wp-block-image size-large\"><img loading=\"lazy\" decoding=\"async\" width=\"1000\" height=\"676\" src=\"https:\/\/radioljubuski.ba\/wp-content\/uploads\/2022\/06\/svecano-otvaranje-cesta-stolac-neum-4.jpg\" alt=\"\" class=\"wp-image-155014\" srcset=\"https:\/\/radioljubuski.ba\/wp-content\/uploads\/2022\/06\/svecano-otvaranje-cesta-stolac-neum-4.jpg 1000w, https:\/\/radioljubuski.ba\/wp-content\/uploads\/2022\/06\/svecano-otvaranje-cesta-stolac-neum-4-300x203.jpg 300w, https:\/\/radioljubuski.ba\/wp-content\/uploads\/2022\/06\/svecano-otvaranje-cesta-stolac-neum-4-768x519.jpg 768w, https:\/\/radioljubuski.ba\/wp-content\/uploads\/2022\/06\/svecano-otvaranje-cesta-stolac-neum-4-18x12.jpg 18w\" sizes=\"auto, (max-width: 1000px) 100vw, 1000px\" \/><\/figure>\n\n\n\n<p>Jedna gospodarska zona je\u00a0Dubrava\u00a0koju planiramo pro\u0161iriti, a druga gospodarska zona je\u00a0Cerovica\u00a0na kri\u017eanju ceste prema \u010capljini tako da na tom dijelu planiramo imati oko\u00a0200-250.000 \u010detvornih metara za investitore. Investitora imamo i nadamo se da \u0107e sve to uskladiti, izjavio je za portal\u00a0Jabuka.tv\u00a0na\u010delnik Op\u0107ine Neum\u00a0Dragan Jurkovi\u0107.<\/p>\n\n\n\n<p>Otvaranju ceste nazo\u010dili su premijer Federacije BiH\u00a0Fadil Novali\u0107, zamjenici premijera\u00a0Jelka Mili\u0107evi\u0107\u00a0i\u00a0Vesko Drlja\u010da, kao i ministri u Vladi Federacije BiH.<\/p>\n\n\n\n<figure class=\"wp-block-image size-large\"><img loading=\"lazy\" decoding=\"async\" width=\"1000\" height=\"667\" src=\"https:\/\/radioljubuski.ba\/wp-content\/uploads\/2022\/06\/svecano-otvaranje-cesta-stolac-neum-2.jpg\" alt=\"\" class=\"wp-image-155016\" srcset=\"https:\/\/radioljubuski.ba\/wp-content\/uploads\/2022\/06\/svecano-otvaranje-cesta-stolac-neum-2.jpg 1000w, https:\/\/radioljubuski.ba\/wp-content\/uploads\/2022\/06\/svecano-otvaranje-cesta-stolac-neum-2-300x200.jpg 300w, https:\/\/radioljubuski.ba\/wp-content\/uploads\/2022\/06\/svecano-otvaranje-cesta-stolac-neum-2-768x512.jpg 768w, https:\/\/radioljubuski.ba\/wp-content\/uploads\/2022\/06\/svecano-otvaranje-cesta-stolac-neum-2-18x12.jpg 18w\" sizes=\"auto, (max-width: 1000px) 100vw, 1000px\" \/><\/figure>\n\n\n\n<p>Ukupna vrijednost projekta je\u00a096.523.354,33 KM, a sredstva je osigurala Vlada Federacije BiH i to\u00a020.180.376 KM\u00a0iz vlastitih sredstava (prora\u010duna FBiH i sredstava JP Ceste FBiH), te kreditnih aran\u017emana s me\u0111unarodnim financijskim institucijama (kreditna sredstva Svjetske banke i Europske investicijske banke u iznosu od\u00a075.463.246 KM, te EBRD-a u iznosu od\u00a0879.732,33\u00a0 KM).<\/p>\n\n\n\n<p>Ukupna du\u017eina izgra\u0111ene dionice je\u00a036,47 km.<\/p>\n\n\n\n<p>Izvor: <a href=\"https:\/\/www.jabuka.tv\/svecano-otvorena-magistralna-cesta-stolac-neum\/\">Jabuka.tv<\/a><\/p>\n","protected":false},"excerpt":{"rendered":"<p>Nova magistralna cesta M-17.3 Stolac \u2013 Neum sve\u010dano je otvorena u \u010detvrtak. Ceremonija pu\u0161tanja u promet izuzetno va\u017ene ceste odr\u017eana je na lokalitetu raskri\u017eja\u00a0Babin Do\u00a0kod Neuma. Nama ova cesta zna\u010di\u00a0povratak iz zone izoliranosti\u00a0i zatvorenosti.\u00a040-ak godina smo \u010dekali ovu cestu\u00a0i napokon smo je dobili \u2013 nama zna\u010di puno.\u00a0Otvaramo se prema unutra\u0161njosti\u00a0i dobivamo produ\u017eenje turisti\u010dke sezone. Uz [&hellip;]<\/p>\n","protected":false},"author":2,"featured_media":155018,"comment_status":"closed","ping_status":"closed","sticky":false,"template":"","format":"standard","meta":{"h5ap_radio_sources":[],"footnotes":""},"categories":[1],"tags":[],"class_list":["post-155013","post","type-post","status-publish","format-standard","has-post-thumbnail","hentry","category-bihiregija"],"yoast_head":"<!-- This site is optimized with the Yoast SEO plugin v27.5 - https:\/\/yoast.com\/product\/yoast-seo-wordpress\/ -->\n<title>Sve\u010dano otvorena magistralna cesta Stolac \u2013 Neum - RADIO LJUBU\u0160KI<\/title>\n<meta name=\"robots\" content=\"index, follow, max-snippet:-1, max-image-preview:large, max-video-preview:-1\" \/>\n<link rel=\"canonical\" href=\"https:\/\/radioljubuski.ba\/index.php\/2022\/06\/30\/svecano-otvorena-magistralna-cesta-stolac-neum\/\" \/>\n<meta property=\"og:locale\" content=\"hr_HR\" \/>\n<meta property=\"og:type\" content=\"article\" \/>\n<meta property=\"og:title\" content=\"Sve\u010dano otvorena magistralna cesta Stolac \u2013 Neum - RADIO LJUBU\u0160KI\" \/>\n<meta property=\"og:description\" content=\"Nova magistralna cesta M-17.3 Stolac \u2013 Neum sve\u010dano je otvorena u \u010detvrtak. Ceremonija pu\u0161tanja u promet izuzetno va\u017ene ceste odr\u017eana je na lokalitetu raskri\u017eja\u00a0Babin Do\u00a0kod Neuma. Nama ova cesta zna\u010di\u00a0povratak iz zone izoliranosti\u00a0i zatvorenosti.\u00a040-ak godina smo \u010dekali ovu cestu\u00a0i napokon smo je dobili \u2013 nama zna\u010di puno.\u00a0Otvaramo se prema unutra\u0161njosti\u00a0i dobivamo produ\u017eenje turisti\u010dke sezone. Uz [&hellip;]\" \/>\n<meta property=\"og:url\" content=\"https:\/\/radioljubuski.ba\/index.php\/2022\/06\/30\/svecano-otvorena-magistralna-cesta-stolac-neum\/\" \/>\n<meta property=\"og:site_name\" content=\"RADIO LJUBU\u0160KI\" \/>\n<meta property=\"article:publisher\" content=\"https:\/\/www.facebook.com\/Radiio-Ljubuski-1490835324566332\" \/>\n<meta property=\"article:published_time\" content=\"2022-06-30T10:09:37+00:00\" \/>\n<meta property=\"og:image\" content=\"https:\/\/radioljubuski.ba\/wp-content\/uploads\/2022\/06\/svecano-otvaranje-cesta-stolac-neum-1.jpg\" \/>\n\t<meta property=\"og:image:width\" content=\"1000\" \/>\n\t<meta property=\"og:image:height\" content=\"690\" \/>\n\t<meta property=\"og:image:type\" content=\"image\/jpeg\" \/>\n<meta name=\"author\" content=\"Radio Ljubu\u0161ki\" \/>\n<meta name=\"twitter:card\" content=\"summary_large_image\" \/>\n<meta name=\"twitter:creator\" content=\"@radioljubuski\" \/>\n<meta name=\"twitter:site\" content=\"@radioljubuski\" \/>\n<meta name=\"twitter:label1\" content=\"Napisao\/la\" \/>\n\t<meta name=\"twitter:data1\" content=\"Radio Ljubu\u0161ki\" \/>\n\t<meta name=\"twitter:label2\" content=\"Procijenjeno vrijeme \u010ditanja\" \/>\n\t<meta name=\"twitter:data2\" content=\"2 minute\" \/>\n<script type=\"application\/ld+json\" class=\"yoast-schema-graph\">{\"@context\":\"https:\\\/\\\/schema.org\",\"@graph\":[{\"@type\":\"Article\",\"@id\":\"https:\\\/\\\/radioljubuski.ba\\\/index.php\\\/2022\\\/06\\\/30\\\/svecano-otvorena-magistralna-cesta-stolac-neum\\\/#article\",\"isPartOf\":{\"@id\":\"https:\\\/\\\/radioljubuski.ba\\\/index.php\\\/2022\\\/06\\\/30\\\/svecano-otvorena-magistralna-cesta-stolac-neum\\\/\"},\"author\":{\"name\":\"Radio Ljubu\u0161ki\",\"@id\":\"https:\\\/\\\/radioljubuski.ba\\\/#\\\/schema\\\/person\\\/19fc700381a780f69665d7956c469e3b\"},\"headline\":\"Sve\u010dano otvorena magistralna cesta Stolac \u2013 Neum\",\"datePublished\":\"2022-06-30T10:09:37+00:00\",\"mainEntityOfPage\":{\"@id\":\"https:\\\/\\\/radioljubuski.ba\\\/index.php\\\/2022\\\/06\\\/30\\\/svecano-otvorena-magistralna-cesta-stolac-neum\\\/\"},\"wordCount\":252,\"publisher\":{\"@id\":\"https:\\\/\\\/radioljubuski.ba\\\/#organization\"},\"image\":{\"@id\":\"https:\\\/\\\/radioljubuski.ba\\\/index.php\\\/2022\\\/06\\\/30\\\/svecano-otvorena-magistralna-cesta-stolac-neum\\\/#primaryimage\"},\"thumbnailUrl\":\"https:\\\/\\\/radioljubuski.ba\\\/wp-content\\\/uploads\\\/2022\\\/06\\\/svecano-otvaranje-cesta-stolac-neum-1.jpg\",\"articleSection\":[\"BIH i regija\"],\"inLanguage\":\"hr\"},{\"@type\":\"WebPage\",\"@id\":\"https:\\\/\\\/radioljubuski.ba\\\/index.php\\\/2022\\\/06\\\/30\\\/svecano-otvorena-magistralna-cesta-stolac-neum\\\/\",\"url\":\"https:\\\/\\\/radioljubuski.ba\\\/index.php\\\/2022\\\/06\\\/30\\\/svecano-otvorena-magistralna-cesta-stolac-neum\\\/\",\"name\":\"Sve\u010dano otvorena magistralna cesta Stolac \u2013 Neum - RADIO LJUBU\u0160KI\",\"isPartOf\":{\"@id\":\"https:\\\/\\\/radioljubuski.ba\\\/#website\"},\"primaryImageOfPage\":{\"@id\":\"https:\\\/\\\/radioljubuski.ba\\\/index.php\\\/2022\\\/06\\\/30\\\/svecano-otvorena-magistralna-cesta-stolac-neum\\\/#primaryimage\"},\"image\":{\"@id\":\"https:\\\/\\\/radioljubuski.ba\\\/index.php\\\/2022\\\/06\\\/30\\\/svecano-otvorena-magistralna-cesta-stolac-neum\\\/#primaryimage\"},\"thumbnailUrl\":\"https:\\\/\\\/radioljubuski.ba\\\/wp-content\\\/uploads\\\/2022\\\/06\\\/svecano-otvaranje-cesta-stolac-neum-1.jpg\",\"datePublished\":\"2022-06-30T10:09:37+00:00\",\"breadcrumb\":{\"@id\":\"https:\\\/\\\/radioljubuski.ba\\\/index.php\\\/2022\\\/06\\\/30\\\/svecano-otvorena-magistralna-cesta-stolac-neum\\\/#breadcrumb\"},\"inLanguage\":\"hr\",\"potentialAction\":[{\"@type\":\"ReadAction\",\"target\":[\"https:\\\/\\\/radioljubuski.ba\\\/index.php\\\/2022\\\/06\\\/30\\\/svecano-otvorena-magistralna-cesta-stolac-neum\\\/\"]}]},{\"@type\":\"ImageObject\",\"inLanguage\":\"hr\",\"@id\":\"https:\\\/\\\/radioljubuski.ba\\\/index.php\\\/2022\\\/06\\\/30\\\/svecano-otvorena-magistralna-cesta-stolac-neum\\\/#primaryimage\",\"url\":\"https:\\\/\\\/radioljubuski.ba\\\/wp-content\\\/uploads\\\/2022\\\/06\\\/svecano-otvaranje-cesta-stolac-neum-1.jpg\",\"contentUrl\":\"https:\\\/\\\/radioljubuski.ba\\\/wp-content\\\/uploads\\\/2022\\\/06\\\/svecano-otvaranje-cesta-stolac-neum-1.jpg\",\"width\":1000,\"height\":690},{\"@type\":\"BreadcrumbList\",\"@id\":\"https:\\\/\\\/radioljubuski.ba\\\/index.php\\\/2022\\\/06\\\/30\\\/svecano-otvorena-magistralna-cesta-stolac-neum\\\/#breadcrumb\",\"itemListElement\":[{\"@type\":\"ListItem\",\"position\":1,\"name\":\"Po\u010detna stranica\",\"item\":\"https:\\\/\\\/radioljubuski.ba\\\/\"},{\"@type\":\"ListItem\",\"position\":2,\"name\":\"Sve\u010dano otvorena magistralna cesta Stolac \u2013 Neum\"}]},{\"@type\":\"WebSite\",\"@id\":\"https:\\\/\\\/radioljubuski.ba\\\/#website\",\"url\":\"https:\\\/\\\/radioljubuski.ba\\\/\",\"name\":\"Radio Ljubu\u0161ki\",\"description\":\"Sun\u010dana frekvencija Hercegovine\",\"publisher\":{\"@id\":\"https:\\\/\\\/radioljubuski.ba\\\/#organization\"},\"potentialAction\":[{\"@type\":\"SearchAction\",\"target\":{\"@type\":\"EntryPoint\",\"urlTemplate\":\"https:\\\/\\\/radioljubuski.ba\\\/?s={search_term_string}\"},\"query-input\":{\"@type\":\"PropertyValueSpecification\",\"valueRequired\":true,\"valueName\":\"search_term_string\"}}],\"inLanguage\":\"hr\"},{\"@type\":\"Organization\",\"@id\":\"https:\\\/\\\/radioljubuski.ba\\\/#organization\",\"name\":\"Radio Ljubu\u0161ki\",\"url\":\"https:\\\/\\\/radioljubuski.ba\\\/\",\"logo\":{\"@type\":\"ImageObject\",\"inLanguage\":\"hr\",\"@id\":\"https:\\\/\\\/radioljubuski.ba\\\/#\\\/schema\\\/logo\\\/image\\\/\",\"url\":\"https:\\\/\\\/radioljubuski.ba\\\/wp-content\\\/uploads\\\/2021\\\/02\\\/cropped-Radio_Ljubuski_logo1.jpg\",\"contentUrl\":\"https:\\\/\\\/radioljubuski.ba\\\/wp-content\\\/uploads\\\/2021\\\/02\\\/cropped-Radio_Ljubuski_logo1.jpg\",\"width\":512,\"height\":512,\"caption\":\"Radio Ljubu\u0161ki\"},\"image\":{\"@id\":\"https:\\\/\\\/radioljubuski.ba\\\/#\\\/schema\\\/logo\\\/image\\\/\"},\"sameAs\":[\"https:\\\/\\\/www.facebook.com\\\/Radiio-Ljubuski-1490835324566332\",\"https:\\\/\\\/x.com\\\/radioljubuski\",\"https:\\\/\\\/hr.linkedin.com\\\/company\\\/radio-ljubuski\",\"https:\\\/\\\/www.youtube.com\\\/channel\\\/UCHYaeO_n0Db3tjNGudGpXyw\"]},{\"@type\":\"Person\",\"@id\":\"https:\\\/\\\/radioljubuski.ba\\\/#\\\/schema\\\/person\\\/19fc700381a780f69665d7956c469e3b\",\"name\":\"Radio Ljubu\u0161ki\"}]}<\/script>\n<!-- \/ Yoast SEO plugin. -->","yoast_head_json":{"title":"Sve\u010dano otvorena magistralna cesta Stolac \u2013 Neum - RADIO LJUBU\u0160KI","robots":{"index":"index","follow":"follow","max-snippet":"max-snippet:-1","max-image-preview":"max-image-preview:large","max-video-preview":"max-video-preview:-1"},"canonical":"https:\/\/radioljubuski.ba\/index.php\/2022\/06\/30\/svecano-otvorena-magistralna-cesta-stolac-neum\/","og_locale":"hr_HR","og_type":"article","og_title":"Sve\u010dano otvorena magistralna cesta Stolac \u2013 Neum - RADIO LJUBU\u0160KI","og_description":"Nova magistralna cesta M-17.3 Stolac \u2013 Neum sve\u010dano je otvorena u \u010detvrtak. Ceremonija pu\u0161tanja u promet izuzetno va\u017ene ceste odr\u017eana je na lokalitetu raskri\u017eja\u00a0Babin Do\u00a0kod Neuma. Nama ova cesta zna\u010di\u00a0povratak iz zone izoliranosti\u00a0i zatvorenosti.\u00a040-ak godina smo \u010dekali ovu cestu\u00a0i napokon smo je dobili \u2013 nama zna\u010di puno.\u00a0Otvaramo se prema unutra\u0161njosti\u00a0i dobivamo produ\u017eenje turisti\u010dke sezone. Uz [&hellip;]","og_url":"https:\/\/radioljubuski.ba\/index.php\/2022\/06\/30\/svecano-otvorena-magistralna-cesta-stolac-neum\/","og_site_name":"RADIO LJUBU\u0160KI","article_publisher":"https:\/\/www.facebook.com\/Radiio-Ljubuski-1490835324566332","article_published_time":"2022-06-30T10:09:37+00:00","og_image":[{"width":1000,"height":690,"url":"https:\/\/radioljubuski.ba\/wp-content\/uploads\/2022\/06\/svecano-otvaranje-cesta-stolac-neum-1.jpg","type":"image\/jpeg"}],"author":"Radio Ljubu\u0161ki","twitter_card":"summary_large_image","twitter_creator":"@radioljubuski","twitter_site":"@radioljubuski","twitter_misc":{"Napisao\/la":"Radio Ljubu\u0161ki","Procijenjeno vrijeme \u010ditanja":"2 minute"},"schema":{"@context":"https:\/\/schema.org","@graph":[{"@type":"Article","@id":"https:\/\/radioljubuski.ba\/index.php\/2022\/06\/30\/svecano-otvorena-magistralna-cesta-stolac-neum\/#article","isPartOf":{"@id":"https:\/\/radioljubuski.ba\/index.php\/2022\/06\/30\/svecano-otvorena-magistralna-cesta-stolac-neum\/"},"author":{"name":"Radio Ljubu\u0161ki","@id":"https:\/\/radioljubuski.ba\/#\/schema\/person\/19fc700381a780f69665d7956c469e3b"},"headline":"Sve\u010dano otvorena magistralna cesta Stolac \u2013 Neum","datePublished":"2022-06-30T10:09:37+00:00","mainEntityOfPage":{"@id":"https:\/\/radioljubuski.ba\/index.php\/2022\/06\/30\/svecano-otvorena-magistralna-cesta-stolac-neum\/"},"wordCount":252,"publisher":{"@id":"https:\/\/radioljubuski.ba\/#organization"},"image":{"@id":"https:\/\/radioljubuski.ba\/index.php\/2022\/06\/30\/svecano-otvorena-magistralna-cesta-stolac-neum\/#primaryimage"},"thumbnailUrl":"https:\/\/radioljubuski.ba\/wp-content\/uploads\/2022\/06\/svecano-otvaranje-cesta-stolac-neum-1.jpg","articleSection":["BIH i regija"],"inLanguage":"hr"},{"@type":"WebPage","@id":"https:\/\/radioljubuski.ba\/index.php\/2022\/06\/30\/svecano-otvorena-magistralna-cesta-stolac-neum\/","url":"https:\/\/radioljubuski.ba\/index.php\/2022\/06\/30\/svecano-otvorena-magistralna-cesta-stolac-neum\/","name":"Sve\u010dano otvorena magistralna cesta Stolac \u2013 Neum - RADIO LJUBU\u0160KI","isPartOf":{"@id":"https:\/\/radioljubuski.ba\/#website"},"primaryImageOfPage":{"@id":"https:\/\/radioljubuski.ba\/index.php\/2022\/06\/30\/svecano-otvorena-magistralna-cesta-stolac-neum\/#primaryimage"},"image":{"@id":"https:\/\/radioljubuski.ba\/index.php\/2022\/06\/30\/svecano-otvorena-magistralna-cesta-stolac-neum\/#primaryimage"},"thumbnailUrl":"https:\/\/radioljubuski.ba\/wp-content\/uploads\/2022\/06\/svecano-otvaranje-cesta-stolac-neum-1.jpg","datePublished":"2022-06-30T10:09:37+00:00","breadcrumb":{"@id":"https:\/\/radioljubuski.ba\/index.php\/2022\/06\/30\/svecano-otvorena-magistralna-cesta-stolac-neum\/#breadcrumb"},"inLanguage":"hr","potentialAction":[{"@type":"ReadAction","target":["https:\/\/radioljubuski.ba\/index.php\/2022\/06\/30\/svecano-otvorena-magistralna-cesta-stolac-neum\/"]}]},{"@type":"ImageObject","inLanguage":"hr","@id":"https:\/\/radioljubuski.ba\/index.php\/2022\/06\/30\/svecano-otvorena-magistralna-cesta-stolac-neum\/#primaryimage","url":"https:\/\/radioljubuski.ba\/wp-content\/uploads\/2022\/06\/svecano-otvaranje-cesta-stolac-neum-1.jpg","contentUrl":"https:\/\/radioljubuski.ba\/wp-content\/uploads\/2022\/06\/svecano-otvaranje-cesta-stolac-neum-1.jpg","width":1000,"height":690},{"@type":"BreadcrumbList","@id":"https:\/\/radioljubuski.ba\/index.php\/2022\/06\/30\/svecano-otvorena-magistralna-cesta-stolac-neum\/#breadcrumb","itemListElement":[{"@type":"ListItem","position":1,"name":"Po\u010detna stranica","item":"https:\/\/radioljubuski.ba\/"},{"@type":"ListItem","position":2,"name":"Sve\u010dano otvorena magistralna cesta Stolac \u2013 Neum"}]},{"@type":"WebSite","@id":"https:\/\/radioljubuski.ba\/#website","url":"https:\/\/radioljubuski.ba\/","name":"Radio Ljubu\u0161ki","description":"Sun\u010dana frekvencija Hercegovine","publisher":{"@id":"https:\/\/radioljubuski.ba\/#organization"},"potentialAction":[{"@type":"SearchAction","target":{"@type":"EntryPoint","urlTemplate":"https:\/\/radioljubuski.ba\/?s={search_term_string}"},"query-input":{"@type":"PropertyValueSpecification","valueRequired":true,"valueName":"search_term_string"}}],"inLanguage":"hr"},{"@type":"Organization","@id":"https:\/\/radioljubuski.ba\/#organization","name":"Radio Ljubu\u0161ki","url":"https:\/\/radioljubuski.ba\/","logo":{"@type":"ImageObject","inLanguage":"hr","@id":"https:\/\/radioljubuski.ba\/#\/schema\/logo\/image\/","url":"https:\/\/radioljubuski.ba\/wp-content\/uploads\/2021\/02\/cropped-Radio_Ljubuski_logo1.jpg","contentUrl":"https:\/\/radioljubuski.ba\/wp-content\/uploads\/2021\/02\/cropped-Radio_Ljubuski_logo1.jpg","width":512,"height":512,"caption":"Radio Ljubu\u0161ki"},"image":{"@id":"https:\/\/radioljubuski.ba\/#\/schema\/logo\/image\/"},"sameAs":["https:\/\/www.facebook.com\/Radiio-Ljubuski-1490835324566332","https:\/\/x.com\/radioljubuski","https:\/\/hr.linkedin.com\/company\/radio-ljubuski","https:\/\/www.youtube.com\/channel\/UCHYaeO_n0Db3tjNGudGpXyw"]},{"@type":"Person","@id":"https:\/\/radioljubuski.ba\/#\/schema\/person\/19fc700381a780f69665d7956c469e3b","name":"Radio Ljubu\u0161ki"}]}},"_links":{"self":[{"href":"https:\/\/radioljubuski.ba\/index.php\/wp-json\/wp\/v2\/posts\/155013","targetHints":{"allow":["GET"]}}],"collection":[{"href":"https:\/\/radioljubuski.ba\/index.php\/wp-json\/wp\/v2\/posts"}],"about":[{"href":"https:\/\/radioljubuski.ba\/index.php\/wp-json\/wp\/v2\/types\/post"}],"author":[{"embeddable":true,"href":"https:\/\/radioljubuski.ba\/index.php\/wp-json\/wp\/v2\/users\/2"}],"replies":[{"embeddable":true,"href":"https:\/\/radioljubuski.ba\/index.php\/wp-json\/wp\/v2\/comments?post=155013"}],"version-history":[{"count":1,"href":"https:\/\/radioljubuski.ba\/index.php\/wp-json\/wp\/v2\/posts\/155013\/revisions"}],"predecessor-version":[{"id":155019,"href":"https:\/\/radioljubuski.ba\/index.php\/wp-json\/wp\/v2\/posts\/155013\/revisions\/155019"}],"wp:featuredmedia":[{"embeddable":true,"href":"https:\/\/radioljubuski.ba\/index.php\/wp-json\/wp\/v2\/media\/155018"}],"wp:attachment":[{"href":"https:\/\/radioljubuski.ba\/index.php\/wp-json\/wp\/v2\/media?parent=155013"}],"wp:term":[{"taxonomy":"category","embeddable":true,"href":"https:\/\/radioljubuski.ba\/index.php\/wp-json\/wp\/v2\/categories?post=155013"},{"taxonomy":"post_tag","embeddable":true,"href":"https:\/\/radioljubuski.ba\/index.php\/wp-json\/wp\/v2\/tags?post=155013"}],"curies":[{"name":"wp","href":"https:\/\/api.w.org\/{rel}","templated":true}]}}