{"id":155082,"date":"2022-07-01T07:36:25","date_gmt":"2022-07-01T06:36:25","guid":{"rendered":"https:\/\/radioljubuski.ba\/?p=155082"},"modified":"2022-07-01T07:54:48","modified_gmt":"2022-07-01T06:54:48","slug":"predstava-zenski-razgovori-prikazana-u-posusju","status":"publish","type":"post","link":"https:\/\/radioljubuski.ba\/index.php\/2022\/07\/01\/predstava-zenski-razgovori-prikazana-u-posusju\/","title":{"rendered":"Predstava \u201e\u017denski razgovori \u00b11\u201c prikazana u Posu\u0161ju"},"content":{"rendered":"\n<p>Predstava \u201e\u017denski razgovori \u00b11\u201c\u00a0 Hrvatskog narodnog kazali\u0161ta u \u010detvrtak ve\u010der je izvedena u Posu\u0161ju. <\/p>\n\n\n\n<p>Predstava je to o nekoliko generacija \u017eena i pripadaju\u0107ih im \u0161to prisutnih, \u0161to odsutnih mu\u0161karaca, te vje\u010dnim problemima poput zaljubljivanja, braka, prevare, karijere, bolesti, smrti. <\/p>\n\n\n\n<p>Sve je to prikazano, mo\u017eda na prvi pogled stereotipno, no itekako stvarno svakodnevnom \u017eivotu. <\/p>\n\n\n\n<p>\u201eNije ovo daleko od stvarnosti. Kad smo dobili tekst Du\u0161ka Radovi\u0107a koji je pisan sedamdesetih godina pro\u0161loga stolje\u0107a, onda nam se \u010dinilo neuvjerljivim kakvi su tada bili mu\u0161ko \u2013 \u017eenski odnosi u odnosu na dana\u0161nje, jer smo danas u nekom digitalnom dobu s dru\u0161tvenim mre\u017eama i onda smo postavili na dana\u0161nje doba i te neke mogu\u0107e situacije u odnosima mu\u0161karca i \u017eene, tako da smo imali vi\u0161eslojne momente. Tu su tri \u2013 \u010detiri obitelji koje su prikazane i mislim da se mogu prepoznati situacije iz svakodnevnog \u017eivota \u201c, kazao je za na\u0161 radio Miro Barnjak. <\/p>\n\n\n\n<p>Dodao je da se puno tijekom desetlje\u0107a nije promjenilo u mu\u0161ko \u2013 \u017eenskim odnosima jer bez obzira na materijalne uvjete, svi opet tra\u017eimo ljubav i razumjevanje.<\/p>\n\n\n\n<figure class=\"wp-block-image size-large\"><img loading=\"lazy\" decoding=\"async\" width=\"720\" height=\"480\" src=\"https:\/\/radioljubuski.ba\/wp-content\/uploads\/2022\/07\/enski-razgovori-2.jpg\" alt=\"\" class=\"wp-image-155085\" srcset=\"https:\/\/radioljubuski.ba\/wp-content\/uploads\/2022\/07\/enski-razgovori-2.jpg 720w, https:\/\/radioljubuski.ba\/wp-content\/uploads\/2022\/07\/enski-razgovori-2-300x200.jpg 300w, https:\/\/radioljubuski.ba\/wp-content\/uploads\/2022\/07\/enski-razgovori-2-18x12.jpg 18w\" sizes=\"auto, (max-width: 720px) 100vw, 720px\" \/><\/figure>\n\n\n\n<p>\u201eMi nismo htjeli napraviti neku pretencioznu predstavu, nego ne\u0161to \u0161to je pitko i jednostvano u \u010demu se svi manje \u2013 vi\u0161e mogu prepoznati. Tekst je nastao tako \u0161to smo radili improvizacije, pa je tekst nastao iz nas pa se valjda ljudi mogu i poistovjetiti toliko s ovom pri\u010dom\u201c, kazala je Ana Franji\u010devi\u0107. Slo\u017eila se da se puno toga u mu\u0161ko \u2013 \u017eenskim odnosima nije promijenilo. \u201eBaza je ostala ista, samo druga\u010dije doba, druga\u010dije zakonitosti. Na kraju, su\u0161tina je ostala ista&#8230;\u201c, kazala je Ana Franji\u010devi\u0107.<\/p>\n\n\n\n<figure class=\"wp-block-image size-large\"><img loading=\"lazy\" decoding=\"async\" width=\"720\" height=\"480\" src=\"https:\/\/radioljubuski.ba\/wp-content\/uploads\/2022\/07\/enski-razgovori-3.jpg\" alt=\"\" class=\"wp-image-155084\" srcset=\"https:\/\/radioljubuski.ba\/wp-content\/uploads\/2022\/07\/enski-razgovori-3.jpg 720w, https:\/\/radioljubuski.ba\/wp-content\/uploads\/2022\/07\/enski-razgovori-3-300x200.jpg 300w, https:\/\/radioljubuski.ba\/wp-content\/uploads\/2022\/07\/enski-razgovori-3-18x12.jpg 18w\" sizes=\"auto, (max-width: 720px) 100vw, 720px\" \/><\/figure>\n\n\n\n<p>Predstava prati tri \u017eenska lika od kojih su dva u braku, a jedan tr\u017ei brak&#8230; Ova scena nas kroz komi\u010dne razgovore vodi za stalom kafi\u0107a koji je tako \u010desto mjesto susreta dana\u0161njih svih generacija. <\/p>\n\n\n\n<p>Drugo mjesto predstave je pak groblje koje prati pri\u010du \u010detiri \u017eene u poodmakloj dobi koja pak svaka a sobom ili \u017eivi ili je pro\u017eivjela svoj odnos s mu\u0161karcem&#8230; Sve ove scene provu\u010dene su kroz komi\u010dan pristup \u017eivotu, ali opet tako istinit.<\/p>\n\n\n\n<p>Predstava \u201e\u017denski razgovori \u00b11\u201c autorski je projekt Dragana Komadine, Biljane \u010caki\u0107 i ansambla predstave prema motivima zbirke eseja \u201e\u017denski razgovori\u201c&nbsp;Du\u0161ana Radovi\u0107a.<\/p>\n\n\n\n<p>&nbsp;U predstavi glume&nbsp;Nikolina Mari\u0107,&nbsp;Ana Franj\u010devi\u0107,&nbsp;Mirela Mija\u010dank Kordi\u0107,&nbsp;Miro Barnjak&nbsp;i&nbsp;Ivan Prskalo.&nbsp;<\/p>\n\n\n\n<p> Izvor:<a href=\"https:\/\/www.radioposusje.ba\/content\/predstava-%E2%80%9E%C5%BEenski-razgovori-%C2%B11%E2%80%9C-prikazana-u-posu%C5%A1ju\">Radioposusje.ba (Z. Pi\u0161kovi\u0107)<\/a><\/p>\n","protected":false},"excerpt":{"rendered":"<p>Predstava \u201e\u017denski razgovori \u00b11\u201c\u00a0 Hrvatskog narodnog kazali\u0161ta u \u010detvrtak ve\u010der je izvedena u Posu\u0161ju. Predstava je to o nekoliko generacija \u017eena i pripadaju\u0107ih im \u0161to prisutnih, \u0161to odsutnih mu\u0161karaca, te vje\u010dnim problemima poput zaljubljivanja, braka, prevare, karijere, bolesti, smrti. Sve je to prikazano, mo\u017eda na prvi pogled stereotipno, no itekako stvarno svakodnevnom \u017eivotu. \u201eNije ovo [&hellip;]<\/p>\n","protected":false},"author":2,"featured_media":155083,"comment_status":"closed","ping_status":"closed","sticky":false,"template":"","format":"standard","meta":{"h5ap_radio_sources":[],"footnotes":""},"categories":[1],"tags":[],"class_list":["post-155082","post","type-post","status-publish","format-standard","has-post-thumbnail","hentry","category-bihiregija"],"yoast_head":"<!-- This site is optimized with the Yoast SEO plugin v27.5 - https:\/\/yoast.com\/product\/yoast-seo-wordpress\/ -->\n<title>Predstava \u201e\u017denski razgovori \u00b11\u201c prikazana u Posu\u0161ju - RADIO LJUBU\u0160KI<\/title>\n<meta name=\"robots\" content=\"index, follow, max-snippet:-1, max-image-preview:large, max-video-preview:-1\" \/>\n<link rel=\"canonical\" href=\"https:\/\/radioljubuski.ba\/index.php\/2022\/07\/01\/predstava-zenski-razgovori-prikazana-u-posusju\/\" \/>\n<meta property=\"og:locale\" content=\"hr_HR\" \/>\n<meta property=\"og:type\" content=\"article\" \/>\n<meta property=\"og:title\" content=\"Predstava \u201e\u017denski razgovori \u00b11\u201c prikazana u Posu\u0161ju - RADIO LJUBU\u0160KI\" \/>\n<meta property=\"og:description\" content=\"Predstava \u201e\u017denski razgovori \u00b11\u201c\u00a0 Hrvatskog narodnog kazali\u0161ta u \u010detvrtak ve\u010der je izvedena u Posu\u0161ju. Predstava je to o nekoliko generacija \u017eena i pripadaju\u0107ih im \u0161to prisutnih, \u0161to odsutnih mu\u0161karaca, te vje\u010dnim problemima poput zaljubljivanja, braka, prevare, karijere, bolesti, smrti. Sve je to prikazano, mo\u017eda na prvi pogled stereotipno, no itekako stvarno svakodnevnom \u017eivotu. \u201eNije ovo [&hellip;]\" \/>\n<meta property=\"og:url\" content=\"https:\/\/radioljubuski.ba\/index.php\/2022\/07\/01\/predstava-zenski-razgovori-prikazana-u-posusju\/\" \/>\n<meta property=\"og:site_name\" content=\"RADIO LJUBU\u0160KI\" \/>\n<meta property=\"article:publisher\" content=\"https:\/\/www.facebook.com\/Radiio-Ljubuski-1490835324566332\" \/>\n<meta property=\"article:published_time\" content=\"2022-07-01T06:36:25+00:00\" \/>\n<meta property=\"article:modified_time\" content=\"2022-07-01T06:54:48+00:00\" \/>\n<meta property=\"og:image\" content=\"https:\/\/radioljubuski.ba\/wp-content\/uploads\/2022\/07\/Zenski-razgovori-1.jpg\" \/>\n\t<meta property=\"og:image:width\" content=\"720\" \/>\n\t<meta property=\"og:image:height\" content=\"480\" \/>\n\t<meta property=\"og:image:type\" content=\"image\/jpeg\" \/>\n<meta name=\"author\" content=\"Radio Ljubu\u0161ki\" \/>\n<meta name=\"twitter:card\" content=\"summary_large_image\" \/>\n<meta name=\"twitter:creator\" content=\"@radioljubuski\" \/>\n<meta name=\"twitter:site\" content=\"@radioljubuski\" \/>\n<meta name=\"twitter:label1\" content=\"Napisao\/la\" \/>\n\t<meta name=\"twitter:data1\" content=\"Radio Ljubu\u0161ki\" \/>\n\t<meta name=\"twitter:label2\" content=\"Procijenjeno vrijeme \u010ditanja\" \/>\n\t<meta name=\"twitter:data2\" content=\"2 minute\" \/>\n<script type=\"application\/ld+json\" class=\"yoast-schema-graph\">{\"@context\":\"https:\\\/\\\/schema.org\",\"@graph\":[{\"@type\":\"Article\",\"@id\":\"https:\\\/\\\/radioljubuski.ba\\\/index.php\\\/2022\\\/07\\\/01\\\/predstava-zenski-razgovori-prikazana-u-posusju\\\/#article\",\"isPartOf\":{\"@id\":\"https:\\\/\\\/radioljubuski.ba\\\/index.php\\\/2022\\\/07\\\/01\\\/predstava-zenski-razgovori-prikazana-u-posusju\\\/\"},\"author\":{\"name\":\"Radio Ljubu\u0161ki\",\"@id\":\"https:\\\/\\\/radioljubuski.ba\\\/#\\\/schema\\\/person\\\/19fc700381a780f69665d7956c469e3b\"},\"headline\":\"Predstava \u201e\u017denski razgovori \u00b11\u201c prikazana u Posu\u0161ju\",\"datePublished\":\"2022-07-01T06:36:25+00:00\",\"dateModified\":\"2022-07-01T06:54:48+00:00\",\"mainEntityOfPage\":{\"@id\":\"https:\\\/\\\/radioljubuski.ba\\\/index.php\\\/2022\\\/07\\\/01\\\/predstava-zenski-razgovori-prikazana-u-posusju\\\/\"},\"wordCount\":429,\"publisher\":{\"@id\":\"https:\\\/\\\/radioljubuski.ba\\\/#organization\"},\"image\":{\"@id\":\"https:\\\/\\\/radioljubuski.ba\\\/index.php\\\/2022\\\/07\\\/01\\\/predstava-zenski-razgovori-prikazana-u-posusju\\\/#primaryimage\"},\"thumbnailUrl\":\"https:\\\/\\\/radioljubuski.ba\\\/wp-content\\\/uploads\\\/2022\\\/07\\\/Zenski-razgovori-1.jpg\",\"articleSection\":[\"BIH i regija\"],\"inLanguage\":\"hr\"},{\"@type\":\"WebPage\",\"@id\":\"https:\\\/\\\/radioljubuski.ba\\\/index.php\\\/2022\\\/07\\\/01\\\/predstava-zenski-razgovori-prikazana-u-posusju\\\/\",\"url\":\"https:\\\/\\\/radioljubuski.ba\\\/index.php\\\/2022\\\/07\\\/01\\\/predstava-zenski-razgovori-prikazana-u-posusju\\\/\",\"name\":\"Predstava \u201e\u017denski razgovori \u00b11\u201c prikazana u Posu\u0161ju - RADIO LJUBU\u0160KI\",\"isPartOf\":{\"@id\":\"https:\\\/\\\/radioljubuski.ba\\\/#website\"},\"primaryImageOfPage\":{\"@id\":\"https:\\\/\\\/radioljubuski.ba\\\/index.php\\\/2022\\\/07\\\/01\\\/predstava-zenski-razgovori-prikazana-u-posusju\\\/#primaryimage\"},\"image\":{\"@id\":\"https:\\\/\\\/radioljubuski.ba\\\/index.php\\\/2022\\\/07\\\/01\\\/predstava-zenski-razgovori-prikazana-u-posusju\\\/#primaryimage\"},\"thumbnailUrl\":\"https:\\\/\\\/radioljubuski.ba\\\/wp-content\\\/uploads\\\/2022\\\/07\\\/Zenski-razgovori-1.jpg\",\"datePublished\":\"2022-07-01T06:36:25+00:00\",\"dateModified\":\"2022-07-01T06:54:48+00:00\",\"breadcrumb\":{\"@id\":\"https:\\\/\\\/radioljubuski.ba\\\/index.php\\\/2022\\\/07\\\/01\\\/predstava-zenski-razgovori-prikazana-u-posusju\\\/#breadcrumb\"},\"inLanguage\":\"hr\",\"potentialAction\":[{\"@type\":\"ReadAction\",\"target\":[\"https:\\\/\\\/radioljubuski.ba\\\/index.php\\\/2022\\\/07\\\/01\\\/predstava-zenski-razgovori-prikazana-u-posusju\\\/\"]}]},{\"@type\":\"ImageObject\",\"inLanguage\":\"hr\",\"@id\":\"https:\\\/\\\/radioljubuski.ba\\\/index.php\\\/2022\\\/07\\\/01\\\/predstava-zenski-razgovori-prikazana-u-posusju\\\/#primaryimage\",\"url\":\"https:\\\/\\\/radioljubuski.ba\\\/wp-content\\\/uploads\\\/2022\\\/07\\\/Zenski-razgovori-1.jpg\",\"contentUrl\":\"https:\\\/\\\/radioljubuski.ba\\\/wp-content\\\/uploads\\\/2022\\\/07\\\/Zenski-razgovori-1.jpg\",\"width\":720,\"height\":480},{\"@type\":\"BreadcrumbList\",\"@id\":\"https:\\\/\\\/radioljubuski.ba\\\/index.php\\\/2022\\\/07\\\/01\\\/predstava-zenski-razgovori-prikazana-u-posusju\\\/#breadcrumb\",\"itemListElement\":[{\"@type\":\"ListItem\",\"position\":1,\"name\":\"Po\u010detna stranica\",\"item\":\"https:\\\/\\\/radioljubuski.ba\\\/\"},{\"@type\":\"ListItem\",\"position\":2,\"name\":\"Predstava \u201e\u017denski razgovori \u00b11\u201c prikazana u Posu\u0161ju\"}]},{\"@type\":\"WebSite\",\"@id\":\"https:\\\/\\\/radioljubuski.ba\\\/#website\",\"url\":\"https:\\\/\\\/radioljubuski.ba\\\/\",\"name\":\"Radio Ljubu\u0161ki\",\"description\":\"Sun\u010dana frekvencija Hercegovine\",\"publisher\":{\"@id\":\"https:\\\/\\\/radioljubuski.ba\\\/#organization\"},\"potentialAction\":[{\"@type\":\"SearchAction\",\"target\":{\"@type\":\"EntryPoint\",\"urlTemplate\":\"https:\\\/\\\/radioljubuski.ba\\\/?s={search_term_string}\"},\"query-input\":{\"@type\":\"PropertyValueSpecification\",\"valueRequired\":true,\"valueName\":\"search_term_string\"}}],\"inLanguage\":\"hr\"},{\"@type\":\"Organization\",\"@id\":\"https:\\\/\\\/radioljubuski.ba\\\/#organization\",\"name\":\"Radio Ljubu\u0161ki\",\"url\":\"https:\\\/\\\/radioljubuski.ba\\\/\",\"logo\":{\"@type\":\"ImageObject\",\"inLanguage\":\"hr\",\"@id\":\"https:\\\/\\\/radioljubuski.ba\\\/#\\\/schema\\\/logo\\\/image\\\/\",\"url\":\"https:\\\/\\\/radioljubuski.ba\\\/wp-content\\\/uploads\\\/2021\\\/02\\\/cropped-Radio_Ljubuski_logo1.jpg\",\"contentUrl\":\"https:\\\/\\\/radioljubuski.ba\\\/wp-content\\\/uploads\\\/2021\\\/02\\\/cropped-Radio_Ljubuski_logo1.jpg\",\"width\":512,\"height\":512,\"caption\":\"Radio Ljubu\u0161ki\"},\"image\":{\"@id\":\"https:\\\/\\\/radioljubuski.ba\\\/#\\\/schema\\\/logo\\\/image\\\/\"},\"sameAs\":[\"https:\\\/\\\/www.facebook.com\\\/Radiio-Ljubuski-1490835324566332\",\"https:\\\/\\\/x.com\\\/radioljubuski\",\"https:\\\/\\\/hr.linkedin.com\\\/company\\\/radio-ljubuski\",\"https:\\\/\\\/www.youtube.com\\\/channel\\\/UCHYaeO_n0Db3tjNGudGpXyw\"]},{\"@type\":\"Person\",\"@id\":\"https:\\\/\\\/radioljubuski.ba\\\/#\\\/schema\\\/person\\\/19fc700381a780f69665d7956c469e3b\",\"name\":\"Radio Ljubu\u0161ki\"}]}<\/script>\n<!-- \/ Yoast SEO plugin. -->","yoast_head_json":{"title":"Predstava \u201e\u017denski razgovori \u00b11\u201c prikazana u Posu\u0161ju - RADIO LJUBU\u0160KI","robots":{"index":"index","follow":"follow","max-snippet":"max-snippet:-1","max-image-preview":"max-image-preview:large","max-video-preview":"max-video-preview:-1"},"canonical":"https:\/\/radioljubuski.ba\/index.php\/2022\/07\/01\/predstava-zenski-razgovori-prikazana-u-posusju\/","og_locale":"hr_HR","og_type":"article","og_title":"Predstava \u201e\u017denski razgovori \u00b11\u201c prikazana u Posu\u0161ju - RADIO LJUBU\u0160KI","og_description":"Predstava \u201e\u017denski razgovori \u00b11\u201c\u00a0 Hrvatskog narodnog kazali\u0161ta u \u010detvrtak ve\u010der je izvedena u Posu\u0161ju. Predstava je to o nekoliko generacija \u017eena i pripadaju\u0107ih im \u0161to prisutnih, \u0161to odsutnih mu\u0161karaca, te vje\u010dnim problemima poput zaljubljivanja, braka, prevare, karijere, bolesti, smrti. Sve je to prikazano, mo\u017eda na prvi pogled stereotipno, no itekako stvarno svakodnevnom \u017eivotu. \u201eNije ovo [&hellip;]","og_url":"https:\/\/radioljubuski.ba\/index.php\/2022\/07\/01\/predstava-zenski-razgovori-prikazana-u-posusju\/","og_site_name":"RADIO LJUBU\u0160KI","article_publisher":"https:\/\/www.facebook.com\/Radiio-Ljubuski-1490835324566332","article_published_time":"2022-07-01T06:36:25+00:00","article_modified_time":"2022-07-01T06:54:48+00:00","og_image":[{"width":720,"height":480,"url":"https:\/\/radioljubuski.ba\/wp-content\/uploads\/2022\/07\/Zenski-razgovori-1.jpg","type":"image\/jpeg"}],"author":"Radio Ljubu\u0161ki","twitter_card":"summary_large_image","twitter_creator":"@radioljubuski","twitter_site":"@radioljubuski","twitter_misc":{"Napisao\/la":"Radio Ljubu\u0161ki","Procijenjeno vrijeme \u010ditanja":"2 minute"},"schema":{"@context":"https:\/\/schema.org","@graph":[{"@type":"Article","@id":"https:\/\/radioljubuski.ba\/index.php\/2022\/07\/01\/predstava-zenski-razgovori-prikazana-u-posusju\/#article","isPartOf":{"@id":"https:\/\/radioljubuski.ba\/index.php\/2022\/07\/01\/predstava-zenski-razgovori-prikazana-u-posusju\/"},"author":{"name":"Radio Ljubu\u0161ki","@id":"https:\/\/radioljubuski.ba\/#\/schema\/person\/19fc700381a780f69665d7956c469e3b"},"headline":"Predstava \u201e\u017denski razgovori \u00b11\u201c prikazana u Posu\u0161ju","datePublished":"2022-07-01T06:36:25+00:00","dateModified":"2022-07-01T06:54:48+00:00","mainEntityOfPage":{"@id":"https:\/\/radioljubuski.ba\/index.php\/2022\/07\/01\/predstava-zenski-razgovori-prikazana-u-posusju\/"},"wordCount":429,"publisher":{"@id":"https:\/\/radioljubuski.ba\/#organization"},"image":{"@id":"https:\/\/radioljubuski.ba\/index.php\/2022\/07\/01\/predstava-zenski-razgovori-prikazana-u-posusju\/#primaryimage"},"thumbnailUrl":"https:\/\/radioljubuski.ba\/wp-content\/uploads\/2022\/07\/Zenski-razgovori-1.jpg","articleSection":["BIH i regija"],"inLanguage":"hr"},{"@type":"WebPage","@id":"https:\/\/radioljubuski.ba\/index.php\/2022\/07\/01\/predstava-zenski-razgovori-prikazana-u-posusju\/","url":"https:\/\/radioljubuski.ba\/index.php\/2022\/07\/01\/predstava-zenski-razgovori-prikazana-u-posusju\/","name":"Predstava \u201e\u017denski razgovori \u00b11\u201c prikazana u Posu\u0161ju - RADIO LJUBU\u0160KI","isPartOf":{"@id":"https:\/\/radioljubuski.ba\/#website"},"primaryImageOfPage":{"@id":"https:\/\/radioljubuski.ba\/index.php\/2022\/07\/01\/predstava-zenski-razgovori-prikazana-u-posusju\/#primaryimage"},"image":{"@id":"https:\/\/radioljubuski.ba\/index.php\/2022\/07\/01\/predstava-zenski-razgovori-prikazana-u-posusju\/#primaryimage"},"thumbnailUrl":"https:\/\/radioljubuski.ba\/wp-content\/uploads\/2022\/07\/Zenski-razgovori-1.jpg","datePublished":"2022-07-01T06:36:25+00:00","dateModified":"2022-07-01T06:54:48+00:00","breadcrumb":{"@id":"https:\/\/radioljubuski.ba\/index.php\/2022\/07\/01\/predstava-zenski-razgovori-prikazana-u-posusju\/#breadcrumb"},"inLanguage":"hr","potentialAction":[{"@type":"ReadAction","target":["https:\/\/radioljubuski.ba\/index.php\/2022\/07\/01\/predstava-zenski-razgovori-prikazana-u-posusju\/"]}]},{"@type":"ImageObject","inLanguage":"hr","@id":"https:\/\/radioljubuski.ba\/index.php\/2022\/07\/01\/predstava-zenski-razgovori-prikazana-u-posusju\/#primaryimage","url":"https:\/\/radioljubuski.ba\/wp-content\/uploads\/2022\/07\/Zenski-razgovori-1.jpg","contentUrl":"https:\/\/radioljubuski.ba\/wp-content\/uploads\/2022\/07\/Zenski-razgovori-1.jpg","width":720,"height":480},{"@type":"BreadcrumbList","@id":"https:\/\/radioljubuski.ba\/index.php\/2022\/07\/01\/predstava-zenski-razgovori-prikazana-u-posusju\/#breadcrumb","itemListElement":[{"@type":"ListItem","position":1,"name":"Po\u010detna stranica","item":"https:\/\/radioljubuski.ba\/"},{"@type":"ListItem","position":2,"name":"Predstava \u201e\u017denski razgovori \u00b11\u201c prikazana u Posu\u0161ju"}]},{"@type":"WebSite","@id":"https:\/\/radioljubuski.ba\/#website","url":"https:\/\/radioljubuski.ba\/","name":"Radio Ljubu\u0161ki","description":"Sun\u010dana frekvencija Hercegovine","publisher":{"@id":"https:\/\/radioljubuski.ba\/#organization"},"potentialAction":[{"@type":"SearchAction","target":{"@type":"EntryPoint","urlTemplate":"https:\/\/radioljubuski.ba\/?s={search_term_string}"},"query-input":{"@type":"PropertyValueSpecification","valueRequired":true,"valueName":"search_term_string"}}],"inLanguage":"hr"},{"@type":"Organization","@id":"https:\/\/radioljubuski.ba\/#organization","name":"Radio Ljubu\u0161ki","url":"https:\/\/radioljubuski.ba\/","logo":{"@type":"ImageObject","inLanguage":"hr","@id":"https:\/\/radioljubuski.ba\/#\/schema\/logo\/image\/","url":"https:\/\/radioljubuski.ba\/wp-content\/uploads\/2021\/02\/cropped-Radio_Ljubuski_logo1.jpg","contentUrl":"https:\/\/radioljubuski.ba\/wp-content\/uploads\/2021\/02\/cropped-Radio_Ljubuski_logo1.jpg","width":512,"height":512,"caption":"Radio Ljubu\u0161ki"},"image":{"@id":"https:\/\/radioljubuski.ba\/#\/schema\/logo\/image\/"},"sameAs":["https:\/\/www.facebook.com\/Radiio-Ljubuski-1490835324566332","https:\/\/x.com\/radioljubuski","https:\/\/hr.linkedin.com\/company\/radio-ljubuski","https:\/\/www.youtube.com\/channel\/UCHYaeO_n0Db3tjNGudGpXyw"]},{"@type":"Person","@id":"https:\/\/radioljubuski.ba\/#\/schema\/person\/19fc700381a780f69665d7956c469e3b","name":"Radio Ljubu\u0161ki"}]}},"_links":{"self":[{"href":"https:\/\/radioljubuski.ba\/index.php\/wp-json\/wp\/v2\/posts\/155082","targetHints":{"allow":["GET"]}}],"collection":[{"href":"https:\/\/radioljubuski.ba\/index.php\/wp-json\/wp\/v2\/posts"}],"about":[{"href":"https:\/\/radioljubuski.ba\/index.php\/wp-json\/wp\/v2\/types\/post"}],"author":[{"embeddable":true,"href":"https:\/\/radioljubuski.ba\/index.php\/wp-json\/wp\/v2\/users\/2"}],"replies":[{"embeddable":true,"href":"https:\/\/radioljubuski.ba\/index.php\/wp-json\/wp\/v2\/comments?post=155082"}],"version-history":[{"count":2,"href":"https:\/\/radioljubuski.ba\/index.php\/wp-json\/wp\/v2\/posts\/155082\/revisions"}],"predecessor-version":[{"id":155090,"href":"https:\/\/radioljubuski.ba\/index.php\/wp-json\/wp\/v2\/posts\/155082\/revisions\/155090"}],"wp:featuredmedia":[{"embeddable":true,"href":"https:\/\/radioljubuski.ba\/index.php\/wp-json\/wp\/v2\/media\/155083"}],"wp:attachment":[{"href":"https:\/\/radioljubuski.ba\/index.php\/wp-json\/wp\/v2\/media?parent=155082"}],"wp:term":[{"taxonomy":"category","embeddable":true,"href":"https:\/\/radioljubuski.ba\/index.php\/wp-json\/wp\/v2\/categories?post=155082"},{"taxonomy":"post_tag","embeddable":true,"href":"https:\/\/radioljubuski.ba\/index.php\/wp-json\/wp\/v2\/tags?post=155082"}],"curies":[{"name":"wp","href":"https:\/\/api.w.org\/{rel}","templated":true}]}}