{"id":155096,"date":"2022-07-01T08:00:11","date_gmt":"2022-07-01T07:00:11","guid":{"rendered":"https:\/\/radioljubuski.ba\/?p=155096"},"modified":"2022-07-01T08:00:12","modified_gmt":"2022-07-01T07:00:12","slug":"mulaomerovic-moramo-ovo-zaboraviti-sto-prije","status":"publish","type":"post","link":"https:\/\/radioljubuski.ba\/index.php\/2022\/07\/01\/mulaomerovic-moramo-ovo-zaboraviti-sto-prije\/","title":{"rendered":"Mulaomerovi\u0107: Moramo ovo zaboraviti \u0161to prije"},"content":{"rendered":"\n<p>Hrvatska ko\u0161arka\u0161ka reprezentacija do\u017eivjela je potpuni debakl u Sloveniji, na\u0161i susjedi su nas nadigrali sa 97:69, a nakon te\u0161kog poraza medijima su se obratili izbornik\u00a0<strong>Damir\u00a0Mulaomerovi\u0107\u00a0<\/strong>i\u00a0<strong>Mario\u00a0Hezonja<\/strong>.\u00a0\u00a0<\/p>\n\n\n\n<p>&#8211; Prvo da \u010destitam Sloveniji, ovo je bila odli\u010dna predstava i prava ko\u0161arka\u0161ka atmosfera. Nismo se uspjeli nositi s pritiskom. Utakmica je bila gotova u prvoj \u010detvrtini. Oni imaju&nbsp;<strong>Don\u010di\u0107a&nbsp;<\/strong>i&nbsp;<strong>Dragi\u0107a<\/strong>, ali i ostale igra\u010de, nismo mogli braniti sve. Nismo uspjeli uhvatiti neki na\u0161 ritam. Uvijek su nas vra\u0107ali nazad. Bili smo dosta tromi. Defenzivno nismo bili dobri. Moramo ovo zaboraviti ovo \u0161to prije.&nbsp;<\/p>\n\n\n\n<p>Okre\u0107emo se Finskoj, isti\u010de izbornik:&nbsp;<\/p>\n\n\n\n<p>&#8211; Jedina dobra stvar je ta \u0161to ako dobijemo Finsku da idemo dalje, prolazimo ovu prvu rundu, jer je Finska dobila \u0160vedsku. To je jedino bilo dobro. Moramo se dignuti, igrat \u0107emo pred svojom publikom i moramo pobijediti.<\/p>\n\n\n\n<p>&#8211; Poku\u0161avali smo, \u010destitam im jo\u0161 jednom. Moram posebno \u010destitati Don\u010di\u0107u koji je sve svoje suigra\u010de \u010dinio boljim. Istakao bih jo\u0161 i Dragi\u0107a, on je pravi lider. Bili su br\u017ei i bolji od nas, nahvalio je Mulaomerovi\u0107 Slovence.<\/p>\n\n\n\n<p>Hezonja je bio na\u0161 najbolji pojedinac, s 22 poena nosio je koliko toliko Hrvatsku u napadu, a sla\u017ee se s izbornikom da ve\u010deras jednostavno nismo bili na razini:&nbsp;<\/p>\n\n\n\n<p>&#8211; Nakon ovakvih utakmica mo\u017ee\u0161 napisati cijelu knjigu ili jednostavno ne komentirati. \u017delim \u010destitati Sloveniji, nismo bili na razini da ih pobijedimo, ali bit \u0107emo uskoro. Nastavit \u0107emo raditi i nadam se da \u0107emo dosegnuti taj nivo. \u017delim tako\u0111er \u010destitati Goranu Dragi\u0107u za fantasti\u010dnu karijeru, za sve ono \u0161to je napravio za svoju Sloveniju, ali i za sve nas Europljane u NBA-u.\u00a0<\/p>\n\n\n\n<p>izvor: hrt.hr<\/p>\n","protected":false},"excerpt":{"rendered":"<p>Hrvatska ko\u0161arka\u0161ka reprezentacija do\u017eivjela je potpuni debakl u Sloveniji, na\u0161i susjedi su nas nadigrali sa 97:69, a nakon te\u0161kog poraza medijima su se obratili izbornik\u00a0Damir\u00a0Mulaomerovi\u0107\u00a0i\u00a0Mario\u00a0Hezonja.\u00a0\u00a0 &#8211; Prvo da \u010destitam Sloveniji, ovo je bila odli\u010dna predstava i prava ko\u0161arka\u0161ka atmosfera. Nismo se uspjeli nositi s pritiskom. Utakmica je bila gotova u prvoj \u010detvrtini. Oni imaju&nbsp;Don\u010di\u0107a&nbsp;i&nbsp;Dragi\u0107a, ali [&hellip;]<\/p>\n","protected":false},"author":2,"featured_media":155099,"comment_status":"closed","ping_status":"closed","sticky":false,"template":"","format":"standard","meta":{"h5ap_radio_sources":[],"footnotes":""},"categories":[7],"tags":[],"class_list":["post-155096","post","type-post","status-publish","format-standard","has-post-thumbnail","hentry","category-sport"],"yoast_head":"<!-- This site is optimized with the Yoast SEO plugin v27.5 - https:\/\/yoast.com\/product\/yoast-seo-wordpress\/ -->\n<title>Mulaomerovi\u0107: Moramo ovo zaboraviti \u0161to prije - RADIO LJUBU\u0160KI<\/title>\n<meta name=\"robots\" content=\"index, follow, max-snippet:-1, max-image-preview:large, max-video-preview:-1\" \/>\n<link rel=\"canonical\" href=\"https:\/\/radioljubuski.ba\/index.php\/2022\/07\/01\/mulaomerovic-moramo-ovo-zaboraviti-sto-prije\/\" \/>\n<meta property=\"og:locale\" content=\"hr_HR\" \/>\n<meta property=\"og:type\" content=\"article\" \/>\n<meta property=\"og:title\" content=\"Mulaomerovi\u0107: Moramo ovo zaboraviti \u0161to prije - RADIO LJUBU\u0160KI\" \/>\n<meta property=\"og:description\" content=\"Hrvatska ko\u0161arka\u0161ka reprezentacija do\u017eivjela je potpuni debakl u Sloveniji, na\u0161i susjedi su nas nadigrali sa 97:69, a nakon te\u0161kog poraza medijima su se obratili izbornik\u00a0Damir\u00a0Mulaomerovi\u0107\u00a0i\u00a0Mario\u00a0Hezonja.\u00a0\u00a0 &#8211; Prvo da \u010destitam Sloveniji, ovo je bila odli\u010dna predstava i prava ko\u0161arka\u0161ka atmosfera. Nismo se uspjeli nositi s pritiskom. Utakmica je bila gotova u prvoj \u010detvrtini. Oni imaju&nbsp;Don\u010di\u0107a&nbsp;i&nbsp;Dragi\u0107a, ali [&hellip;]\" \/>\n<meta property=\"og:url\" content=\"https:\/\/radioljubuski.ba\/index.php\/2022\/07\/01\/mulaomerovic-moramo-ovo-zaboraviti-sto-prije\/\" \/>\n<meta property=\"og:site_name\" content=\"RADIO LJUBU\u0160KI\" \/>\n<meta property=\"article:publisher\" content=\"https:\/\/www.facebook.com\/Radiio-Ljubuski-1490835324566332\" \/>\n<meta property=\"article:published_time\" content=\"2022-07-01T07:00:11+00:00\" \/>\n<meta property=\"article:modified_time\" content=\"2022-07-01T07:00:12+00:00\" \/>\n<meta property=\"og:image\" content=\"https:\/\/radioljubuski.ba\/wp-content\/uploads\/2022\/07\/mulaom.jpg\" \/>\n\t<meta property=\"og:image:width\" content=\"312\" \/>\n\t<meta property=\"og:image:height\" content=\"162\" \/>\n\t<meta property=\"og:image:type\" content=\"image\/jpeg\" \/>\n<meta name=\"author\" content=\"Radio Ljubu\u0161ki\" \/>\n<meta name=\"twitter:card\" content=\"summary_large_image\" \/>\n<meta name=\"twitter:creator\" content=\"@radioljubuski\" \/>\n<meta name=\"twitter:site\" content=\"@radioljubuski\" \/>\n<meta name=\"twitter:label1\" content=\"Napisao\/la\" \/>\n\t<meta name=\"twitter:data1\" content=\"Radio Ljubu\u0161ki\" \/>\n\t<meta name=\"twitter:label2\" content=\"Procijenjeno vrijeme \u010ditanja\" \/>\n\t<meta name=\"twitter:data2\" content=\"2 minute\" \/>\n<script type=\"application\/ld+json\" class=\"yoast-schema-graph\">{\"@context\":\"https:\\\/\\\/schema.org\",\"@graph\":[{\"@type\":\"Article\",\"@id\":\"https:\\\/\\\/radioljubuski.ba\\\/index.php\\\/2022\\\/07\\\/01\\\/mulaomerovic-moramo-ovo-zaboraviti-sto-prije\\\/#article\",\"isPartOf\":{\"@id\":\"https:\\\/\\\/radioljubuski.ba\\\/index.php\\\/2022\\\/07\\\/01\\\/mulaomerovic-moramo-ovo-zaboraviti-sto-prije\\\/\"},\"author\":{\"name\":\"Radio Ljubu\u0161ki\",\"@id\":\"https:\\\/\\\/radioljubuski.ba\\\/#\\\/schema\\\/person\\\/19fc700381a780f69665d7956c469e3b\"},\"headline\":\"Mulaomerovi\u0107: Moramo ovo zaboraviti \u0161to prije\",\"datePublished\":\"2022-07-01T07:00:11+00:00\",\"dateModified\":\"2022-07-01T07:00:12+00:00\",\"mainEntityOfPage\":{\"@id\":\"https:\\\/\\\/radioljubuski.ba\\\/index.php\\\/2022\\\/07\\\/01\\\/mulaomerovic-moramo-ovo-zaboraviti-sto-prije\\\/\"},\"wordCount\":306,\"publisher\":{\"@id\":\"https:\\\/\\\/radioljubuski.ba\\\/#organization\"},\"image\":{\"@id\":\"https:\\\/\\\/radioljubuski.ba\\\/index.php\\\/2022\\\/07\\\/01\\\/mulaomerovic-moramo-ovo-zaboraviti-sto-prije\\\/#primaryimage\"},\"thumbnailUrl\":\"https:\\\/\\\/radioljubuski.ba\\\/wp-content\\\/uploads\\\/2022\\\/07\\\/mulaom.jpg\",\"articleSection\":[\"\u0160port\"],\"inLanguage\":\"hr\"},{\"@type\":\"WebPage\",\"@id\":\"https:\\\/\\\/radioljubuski.ba\\\/index.php\\\/2022\\\/07\\\/01\\\/mulaomerovic-moramo-ovo-zaboraviti-sto-prije\\\/\",\"url\":\"https:\\\/\\\/radioljubuski.ba\\\/index.php\\\/2022\\\/07\\\/01\\\/mulaomerovic-moramo-ovo-zaboraviti-sto-prije\\\/\",\"name\":\"Mulaomerovi\u0107: Moramo ovo zaboraviti \u0161to prije - RADIO LJUBU\u0160KI\",\"isPartOf\":{\"@id\":\"https:\\\/\\\/radioljubuski.ba\\\/#website\"},\"primaryImageOfPage\":{\"@id\":\"https:\\\/\\\/radioljubuski.ba\\\/index.php\\\/2022\\\/07\\\/01\\\/mulaomerovic-moramo-ovo-zaboraviti-sto-prije\\\/#primaryimage\"},\"image\":{\"@id\":\"https:\\\/\\\/radioljubuski.ba\\\/index.php\\\/2022\\\/07\\\/01\\\/mulaomerovic-moramo-ovo-zaboraviti-sto-prije\\\/#primaryimage\"},\"thumbnailUrl\":\"https:\\\/\\\/radioljubuski.ba\\\/wp-content\\\/uploads\\\/2022\\\/07\\\/mulaom.jpg\",\"datePublished\":\"2022-07-01T07:00:11+00:00\",\"dateModified\":\"2022-07-01T07:00:12+00:00\",\"breadcrumb\":{\"@id\":\"https:\\\/\\\/radioljubuski.ba\\\/index.php\\\/2022\\\/07\\\/01\\\/mulaomerovic-moramo-ovo-zaboraviti-sto-prije\\\/#breadcrumb\"},\"inLanguage\":\"hr\",\"potentialAction\":[{\"@type\":\"ReadAction\",\"target\":[\"https:\\\/\\\/radioljubuski.ba\\\/index.php\\\/2022\\\/07\\\/01\\\/mulaomerovic-moramo-ovo-zaboraviti-sto-prije\\\/\"]}]},{\"@type\":\"ImageObject\",\"inLanguage\":\"hr\",\"@id\":\"https:\\\/\\\/radioljubuski.ba\\\/index.php\\\/2022\\\/07\\\/01\\\/mulaomerovic-moramo-ovo-zaboraviti-sto-prije\\\/#primaryimage\",\"url\":\"https:\\\/\\\/radioljubuski.ba\\\/wp-content\\\/uploads\\\/2022\\\/07\\\/mulaom.jpg\",\"contentUrl\":\"https:\\\/\\\/radioljubuski.ba\\\/wp-content\\\/uploads\\\/2022\\\/07\\\/mulaom.jpg\",\"width\":312,\"height\":162},{\"@type\":\"BreadcrumbList\",\"@id\":\"https:\\\/\\\/radioljubuski.ba\\\/index.php\\\/2022\\\/07\\\/01\\\/mulaomerovic-moramo-ovo-zaboraviti-sto-prije\\\/#breadcrumb\",\"itemListElement\":[{\"@type\":\"ListItem\",\"position\":1,\"name\":\"Po\u010detna stranica\",\"item\":\"https:\\\/\\\/radioljubuski.ba\\\/\"},{\"@type\":\"ListItem\",\"position\":2,\"name\":\"Mulaomerovi\u0107: Moramo ovo zaboraviti \u0161to prije\"}]},{\"@type\":\"WebSite\",\"@id\":\"https:\\\/\\\/radioljubuski.ba\\\/#website\",\"url\":\"https:\\\/\\\/radioljubuski.ba\\\/\",\"name\":\"Radio Ljubu\u0161ki\",\"description\":\"Sun\u010dana frekvencija Hercegovine\",\"publisher\":{\"@id\":\"https:\\\/\\\/radioljubuski.ba\\\/#organization\"},\"potentialAction\":[{\"@type\":\"SearchAction\",\"target\":{\"@type\":\"EntryPoint\",\"urlTemplate\":\"https:\\\/\\\/radioljubuski.ba\\\/?s={search_term_string}\"},\"query-input\":{\"@type\":\"PropertyValueSpecification\",\"valueRequired\":true,\"valueName\":\"search_term_string\"}}],\"inLanguage\":\"hr\"},{\"@type\":\"Organization\",\"@id\":\"https:\\\/\\\/radioljubuski.ba\\\/#organization\",\"name\":\"Radio Ljubu\u0161ki\",\"url\":\"https:\\\/\\\/radioljubuski.ba\\\/\",\"logo\":{\"@type\":\"ImageObject\",\"inLanguage\":\"hr\",\"@id\":\"https:\\\/\\\/radioljubuski.ba\\\/#\\\/schema\\\/logo\\\/image\\\/\",\"url\":\"https:\\\/\\\/radioljubuski.ba\\\/wp-content\\\/uploads\\\/2021\\\/02\\\/cropped-Radio_Ljubuski_logo1.jpg\",\"contentUrl\":\"https:\\\/\\\/radioljubuski.ba\\\/wp-content\\\/uploads\\\/2021\\\/02\\\/cropped-Radio_Ljubuski_logo1.jpg\",\"width\":512,\"height\":512,\"caption\":\"Radio Ljubu\u0161ki\"},\"image\":{\"@id\":\"https:\\\/\\\/radioljubuski.ba\\\/#\\\/schema\\\/logo\\\/image\\\/\"},\"sameAs\":[\"https:\\\/\\\/www.facebook.com\\\/Radiio-Ljubuski-1490835324566332\",\"https:\\\/\\\/x.com\\\/radioljubuski\",\"https:\\\/\\\/hr.linkedin.com\\\/company\\\/radio-ljubuski\",\"https:\\\/\\\/www.youtube.com\\\/channel\\\/UCHYaeO_n0Db3tjNGudGpXyw\"]},{\"@type\":\"Person\",\"@id\":\"https:\\\/\\\/radioljubuski.ba\\\/#\\\/schema\\\/person\\\/19fc700381a780f69665d7956c469e3b\",\"name\":\"Radio Ljubu\u0161ki\"}]}<\/script>\n<!-- \/ Yoast SEO plugin. -->","yoast_head_json":{"title":"Mulaomerovi\u0107: Moramo ovo zaboraviti \u0161to prije - RADIO LJUBU\u0160KI","robots":{"index":"index","follow":"follow","max-snippet":"max-snippet:-1","max-image-preview":"max-image-preview:large","max-video-preview":"max-video-preview:-1"},"canonical":"https:\/\/radioljubuski.ba\/index.php\/2022\/07\/01\/mulaomerovic-moramo-ovo-zaboraviti-sto-prije\/","og_locale":"hr_HR","og_type":"article","og_title":"Mulaomerovi\u0107: Moramo ovo zaboraviti \u0161to prije - RADIO LJUBU\u0160KI","og_description":"Hrvatska ko\u0161arka\u0161ka reprezentacija do\u017eivjela je potpuni debakl u Sloveniji, na\u0161i susjedi su nas nadigrali sa 97:69, a nakon te\u0161kog poraza medijima su se obratili izbornik\u00a0Damir\u00a0Mulaomerovi\u0107\u00a0i\u00a0Mario\u00a0Hezonja.\u00a0\u00a0 &#8211; Prvo da \u010destitam Sloveniji, ovo je bila odli\u010dna predstava i prava ko\u0161arka\u0161ka atmosfera. Nismo se uspjeli nositi s pritiskom. Utakmica je bila gotova u prvoj \u010detvrtini. Oni imaju&nbsp;Don\u010di\u0107a&nbsp;i&nbsp;Dragi\u0107a, ali [&hellip;]","og_url":"https:\/\/radioljubuski.ba\/index.php\/2022\/07\/01\/mulaomerovic-moramo-ovo-zaboraviti-sto-prije\/","og_site_name":"RADIO LJUBU\u0160KI","article_publisher":"https:\/\/www.facebook.com\/Radiio-Ljubuski-1490835324566332","article_published_time":"2022-07-01T07:00:11+00:00","article_modified_time":"2022-07-01T07:00:12+00:00","og_image":[{"width":312,"height":162,"url":"https:\/\/radioljubuski.ba\/wp-content\/uploads\/2022\/07\/mulaom.jpg","type":"image\/jpeg"}],"author":"Radio Ljubu\u0161ki","twitter_card":"summary_large_image","twitter_creator":"@radioljubuski","twitter_site":"@radioljubuski","twitter_misc":{"Napisao\/la":"Radio Ljubu\u0161ki","Procijenjeno vrijeme \u010ditanja":"2 minute"},"schema":{"@context":"https:\/\/schema.org","@graph":[{"@type":"Article","@id":"https:\/\/radioljubuski.ba\/index.php\/2022\/07\/01\/mulaomerovic-moramo-ovo-zaboraviti-sto-prije\/#article","isPartOf":{"@id":"https:\/\/radioljubuski.ba\/index.php\/2022\/07\/01\/mulaomerovic-moramo-ovo-zaboraviti-sto-prije\/"},"author":{"name":"Radio Ljubu\u0161ki","@id":"https:\/\/radioljubuski.ba\/#\/schema\/person\/19fc700381a780f69665d7956c469e3b"},"headline":"Mulaomerovi\u0107: Moramo ovo zaboraviti \u0161to prije","datePublished":"2022-07-01T07:00:11+00:00","dateModified":"2022-07-01T07:00:12+00:00","mainEntityOfPage":{"@id":"https:\/\/radioljubuski.ba\/index.php\/2022\/07\/01\/mulaomerovic-moramo-ovo-zaboraviti-sto-prije\/"},"wordCount":306,"publisher":{"@id":"https:\/\/radioljubuski.ba\/#organization"},"image":{"@id":"https:\/\/radioljubuski.ba\/index.php\/2022\/07\/01\/mulaomerovic-moramo-ovo-zaboraviti-sto-prije\/#primaryimage"},"thumbnailUrl":"https:\/\/radioljubuski.ba\/wp-content\/uploads\/2022\/07\/mulaom.jpg","articleSection":["\u0160port"],"inLanguage":"hr"},{"@type":"WebPage","@id":"https:\/\/radioljubuski.ba\/index.php\/2022\/07\/01\/mulaomerovic-moramo-ovo-zaboraviti-sto-prije\/","url":"https:\/\/radioljubuski.ba\/index.php\/2022\/07\/01\/mulaomerovic-moramo-ovo-zaboraviti-sto-prije\/","name":"Mulaomerovi\u0107: Moramo ovo zaboraviti \u0161to prije - RADIO LJUBU\u0160KI","isPartOf":{"@id":"https:\/\/radioljubuski.ba\/#website"},"primaryImageOfPage":{"@id":"https:\/\/radioljubuski.ba\/index.php\/2022\/07\/01\/mulaomerovic-moramo-ovo-zaboraviti-sto-prije\/#primaryimage"},"image":{"@id":"https:\/\/radioljubuski.ba\/index.php\/2022\/07\/01\/mulaomerovic-moramo-ovo-zaboraviti-sto-prije\/#primaryimage"},"thumbnailUrl":"https:\/\/radioljubuski.ba\/wp-content\/uploads\/2022\/07\/mulaom.jpg","datePublished":"2022-07-01T07:00:11+00:00","dateModified":"2022-07-01T07:00:12+00:00","breadcrumb":{"@id":"https:\/\/radioljubuski.ba\/index.php\/2022\/07\/01\/mulaomerovic-moramo-ovo-zaboraviti-sto-prije\/#breadcrumb"},"inLanguage":"hr","potentialAction":[{"@type":"ReadAction","target":["https:\/\/radioljubuski.ba\/index.php\/2022\/07\/01\/mulaomerovic-moramo-ovo-zaboraviti-sto-prije\/"]}]},{"@type":"ImageObject","inLanguage":"hr","@id":"https:\/\/radioljubuski.ba\/index.php\/2022\/07\/01\/mulaomerovic-moramo-ovo-zaboraviti-sto-prije\/#primaryimage","url":"https:\/\/radioljubuski.ba\/wp-content\/uploads\/2022\/07\/mulaom.jpg","contentUrl":"https:\/\/radioljubuski.ba\/wp-content\/uploads\/2022\/07\/mulaom.jpg","width":312,"height":162},{"@type":"BreadcrumbList","@id":"https:\/\/radioljubuski.ba\/index.php\/2022\/07\/01\/mulaomerovic-moramo-ovo-zaboraviti-sto-prije\/#breadcrumb","itemListElement":[{"@type":"ListItem","position":1,"name":"Po\u010detna stranica","item":"https:\/\/radioljubuski.ba\/"},{"@type":"ListItem","position":2,"name":"Mulaomerovi\u0107: Moramo ovo zaboraviti \u0161to prije"}]},{"@type":"WebSite","@id":"https:\/\/radioljubuski.ba\/#website","url":"https:\/\/radioljubuski.ba\/","name":"Radio Ljubu\u0161ki","description":"Sun\u010dana frekvencija Hercegovine","publisher":{"@id":"https:\/\/radioljubuski.ba\/#organization"},"potentialAction":[{"@type":"SearchAction","target":{"@type":"EntryPoint","urlTemplate":"https:\/\/radioljubuski.ba\/?s={search_term_string}"},"query-input":{"@type":"PropertyValueSpecification","valueRequired":true,"valueName":"search_term_string"}}],"inLanguage":"hr"},{"@type":"Organization","@id":"https:\/\/radioljubuski.ba\/#organization","name":"Radio Ljubu\u0161ki","url":"https:\/\/radioljubuski.ba\/","logo":{"@type":"ImageObject","inLanguage":"hr","@id":"https:\/\/radioljubuski.ba\/#\/schema\/logo\/image\/","url":"https:\/\/radioljubuski.ba\/wp-content\/uploads\/2021\/02\/cropped-Radio_Ljubuski_logo1.jpg","contentUrl":"https:\/\/radioljubuski.ba\/wp-content\/uploads\/2021\/02\/cropped-Radio_Ljubuski_logo1.jpg","width":512,"height":512,"caption":"Radio Ljubu\u0161ki"},"image":{"@id":"https:\/\/radioljubuski.ba\/#\/schema\/logo\/image\/"},"sameAs":["https:\/\/www.facebook.com\/Radiio-Ljubuski-1490835324566332","https:\/\/x.com\/radioljubuski","https:\/\/hr.linkedin.com\/company\/radio-ljubuski","https:\/\/www.youtube.com\/channel\/UCHYaeO_n0Db3tjNGudGpXyw"]},{"@type":"Person","@id":"https:\/\/radioljubuski.ba\/#\/schema\/person\/19fc700381a780f69665d7956c469e3b","name":"Radio Ljubu\u0161ki"}]}},"_links":{"self":[{"href":"https:\/\/radioljubuski.ba\/index.php\/wp-json\/wp\/v2\/posts\/155096","targetHints":{"allow":["GET"]}}],"collection":[{"href":"https:\/\/radioljubuski.ba\/index.php\/wp-json\/wp\/v2\/posts"}],"about":[{"href":"https:\/\/radioljubuski.ba\/index.php\/wp-json\/wp\/v2\/types\/post"}],"author":[{"embeddable":true,"href":"https:\/\/radioljubuski.ba\/index.php\/wp-json\/wp\/v2\/users\/2"}],"replies":[{"embeddable":true,"href":"https:\/\/radioljubuski.ba\/index.php\/wp-json\/wp\/v2\/comments?post=155096"}],"version-history":[{"count":1,"href":"https:\/\/radioljubuski.ba\/index.php\/wp-json\/wp\/v2\/posts\/155096\/revisions"}],"predecessor-version":[{"id":155100,"href":"https:\/\/radioljubuski.ba\/index.php\/wp-json\/wp\/v2\/posts\/155096\/revisions\/155100"}],"wp:featuredmedia":[{"embeddable":true,"href":"https:\/\/radioljubuski.ba\/index.php\/wp-json\/wp\/v2\/media\/155099"}],"wp:attachment":[{"href":"https:\/\/radioljubuski.ba\/index.php\/wp-json\/wp\/v2\/media?parent=155096"}],"wp:term":[{"taxonomy":"category","embeddable":true,"href":"https:\/\/radioljubuski.ba\/index.php\/wp-json\/wp\/v2\/categories?post=155096"},{"taxonomy":"post_tag","embeddable":true,"href":"https:\/\/radioljubuski.ba\/index.php\/wp-json\/wp\/v2\/tags?post=155096"}],"curies":[{"name":"wp","href":"https:\/\/api.w.org\/{rel}","templated":true}]}}