{"id":155113,"date":"2022-07-01T08:07:31","date_gmt":"2022-07-01T07:07:31","guid":{"rendered":"https:\/\/radioljubuski.ba\/?p=155113"},"modified":"2022-07-01T08:07:32","modified_gmt":"2022-07-01T07:07:32","slug":"hrvatska-ulazi-u-schengen-donosimo-sto-to-predstavlja-za-drzavljane-bih","status":"publish","type":"post","link":"https:\/\/radioljubuski.ba\/index.php\/2022\/07\/01\/hrvatska-ulazi-u-schengen-donosimo-sto-to-predstavlja-za-drzavljane-bih\/","title":{"rendered":"Hrvatska ulazi u Schengen, donosimo \u0161to to predstavlja za dr\u017eavljane BiH"},"content":{"rendered":"\n<p><strong>U nacrtu odluke Vije\u0107a Europske unije o punoj primjeni schengena u Republici Hrvatskoj u Europski parlament, predvi\u0111a se ukidanje svih ograni\u010denja za kori\u0161tenje Schengenskog informacijskog sustava (SIS) od 1. sije\u010dnja 2023.<\/strong><\/p>\n\n\n\n<p>Ulaskom Hrvatske u Schengenski prostor, granica s BiH postaje vanjska schengenska granica. \u0160to \u0107e to zna\u010diti u praksi te ho\u0107e li \u010dlanstvo Hrvatske u Schengenu promijeniti pravila ulaska u tu zemlju, za Raport govori direktor Grani\u010dne policije BiH Zoran Gali\u0107.<\/p>\n\n\n\n<p>Gali\u0107 ka\u017ee da sigurno mo\u017ee potvrditi da se va\u017ee\u0107i propisi BiH koji propisuju uvjete izlaska dr\u017eavljana BiH u smjeru Republike Hrvatske, ne\u0107e mijenjati isklju\u010divo zbog pristupanja RH schengenskom prostoru.<\/p>\n\n\n\n<p><em>Kada je rije\u010d o pristupanju Republike Hrvatske schengenskom prostoru, eventualne izmjene na grani\u010dnim prijelazima u nadle\u017enosti su tijela Republike Hrvatske, odnosno MUP-a ove zemlje. Iz dosada\u0161njeg iskustva, kada govorimo o schengenskom prostoru gdje putuju dr\u017eavljani BiH, to je svakodnevica (Slovenija, Ma\u0111arska, itd.) i sama \u010dinjenica da sada ispunjavaju uvjete ulaska u navedene zemlje ukazuje da \u0107e pod istim uvjetima mo\u0107i putovati i u Hrvatsku nakon njenog pristupanja Schengenu, pri \u010demu svakako treba imati u vidu mogu\u0107nost naknadnih izmjena re\u017eima i uvjeta ulaska u zemlje Schengena<\/em>, ka\u017ee Gali\u0107.<\/p>\n\n\n\n<p>Za razliku od zajedni\u010dkih granica Republike Hrvatske s drugim zemljama schengenskog prostora na kojima bi ulaskom Hrvatske u schengenski prostor bile ukinute grani\u010dne kontrole, Gali\u0107 ka\u017ee kako o\u010dekuje da \u0107e pristupanje Hrvatske Schengenu doprinijeti ve\u0107em stupnju za\u0161tite vanjskih granica schengenskog prostora u navedenoj zemlji pa samim tim i na\u0161e zajedni\u010dke dr\u017eavne granice.<\/p>\n\n\n\n<p>Posljednjih mjeseci puno se govorilo o za\u0161titi vanjskih granica schengenskog prostora, a tu \u0107e ulogu uskoro preuzeti Hrvatska. U tom kontekstu spominjano je da \u0107e Hrvatska ulaskom u Schengen morati poja\u010dati nadzor na granicama i zao\u0161triti uvjete za ulazak u dr\u017eavu, \u0161to za hrvatske susjede, pa tako i za na\u0161u zemlju, mo\u017ee zna\u010diti i vi\u0161e problema i \u010dekanja i pri poslovanju i pri prelasku granice.<\/p>\n\n\n\n<p>Gali\u0107 ka\u017ee kako su visoki standardi za\u0161tite granica, kada su kontrole pri ulasku u susjednu zemlju, ve\u0107 u funkciji te isti\u010de kako \u0107e Grani\u010dna policija, kao i do sada, raditi na unaprje\u0111enju suradnje.<\/p>\n\n\n\n<p><em>Kroz razli\u010dite vidove dosada\u0161nje, veoma uspje\u0161ne suradnje koju smo u prethodnom razdoblju imali s MUP-om Republike Hrvatske, uvjerili smo se da su u navedenoj zemlji u prethodnim godinama ulo\u017eeni zna\u010dajni napori u oblasti za\u0161tite granice, a samo pristupanje Schengenu bi bila potvrda ispunjenosti svih kriterija, pa samim tim i potvrda veoma visoke razine sigurnosti vanjskih granica u navedenoj zemlji, \u0161to je posebno zna\u010dajno u oblasti suzbijanja svih vidova prekograni\u010dnog kriminala te sprje\u010davanja nezakonitih prelazaka u kontekstu aktualne migrantske krize. U tom kontekstu, \u017eelim iskazati opredijeljenost Grani\u010dne policije BiH za nastavak i daljnje unaprje\u0111enje suradnje s MUP-om Republike Hrvatske, \u0161to je na\u0161 obostrani interes<\/em>, ka\u017ee Gali\u0107.<\/p>\n\n\n\n<p><strong>Izvor: Iks-portal.info<\/strong><\/p>\n","protected":false},"excerpt":{"rendered":"<p>U nacrtu odluke Vije\u0107a Europske unije o punoj primjeni schengena u Republici Hrvatskoj u Europski parlament, predvi\u0111a se ukidanje svih ograni\u010denja za kori\u0161tenje Schengenskog informacijskog sustava (SIS) od 1. sije\u010dnja 2023. Ulaskom Hrvatske u Schengenski prostor, granica s BiH postaje vanjska schengenska granica. \u0160to \u0107e to zna\u010diti u praksi te ho\u0107e li \u010dlanstvo Hrvatske u [&hellip;]<\/p>\n","protected":false},"author":2,"featured_media":154653,"comment_status":"closed","ping_status":"closed","sticky":false,"template":"","format":"standard","meta":{"h5ap_radio_sources":[],"footnotes":""},"categories":[1],"tags":[],"class_list":["post-155113","post","type-post","status-publish","format-standard","has-post-thumbnail","hentry","category-bihiregija"],"yoast_head":"<!-- This site is optimized with the Yoast SEO plugin v27.5 - https:\/\/yoast.com\/product\/yoast-seo-wordpress\/ -->\n<title>Hrvatska ulazi u Schengen, donosimo \u0161to to predstavlja za dr\u017eavljane BiH - RADIO LJUBU\u0160KI<\/title>\n<meta name=\"robots\" content=\"index, follow, max-snippet:-1, max-image-preview:large, max-video-preview:-1\" \/>\n<link rel=\"canonical\" href=\"https:\/\/radioljubuski.ba\/index.php\/2022\/07\/01\/hrvatska-ulazi-u-schengen-donosimo-sto-to-predstavlja-za-drzavljane-bih\/\" \/>\n<meta property=\"og:locale\" content=\"hr_HR\" \/>\n<meta property=\"og:type\" content=\"article\" \/>\n<meta property=\"og:title\" content=\"Hrvatska ulazi u Schengen, donosimo \u0161to to predstavlja za dr\u017eavljane BiH - RADIO LJUBU\u0160KI\" \/>\n<meta property=\"og:description\" content=\"U nacrtu odluke Vije\u0107a Europske unije o punoj primjeni schengena u Republici Hrvatskoj u Europski parlament, predvi\u0111a se ukidanje svih ograni\u010denja za kori\u0161tenje Schengenskog informacijskog sustava (SIS) od 1. sije\u010dnja 2023. Ulaskom Hrvatske u Schengenski prostor, granica s BiH postaje vanjska schengenska granica. \u0160to \u0107e to zna\u010diti u praksi te ho\u0107e li \u010dlanstvo Hrvatske u [&hellip;]\" \/>\n<meta property=\"og:url\" content=\"https:\/\/radioljubuski.ba\/index.php\/2022\/07\/01\/hrvatska-ulazi-u-schengen-donosimo-sto-to-predstavlja-za-drzavljane-bih\/\" \/>\n<meta property=\"og:site_name\" content=\"RADIO LJUBU\u0160KI\" \/>\n<meta property=\"article:publisher\" content=\"https:\/\/www.facebook.com\/Radiio-Ljubuski-1490835324566332\" \/>\n<meta property=\"article:published_time\" content=\"2022-07-01T07:07:31+00:00\" \/>\n<meta property=\"article:modified_time\" content=\"2022-07-01T07:07:32+00:00\" \/>\n<meta property=\"og:image\" content=\"https:\/\/radioljubuski.ba\/wp-content\/uploads\/2022\/06\/galic-696x418-1.jpg\" \/>\n\t<meta property=\"og:image:width\" content=\"696\" \/>\n\t<meta property=\"og:image:height\" content=\"418\" \/>\n\t<meta property=\"og:image:type\" content=\"image\/jpeg\" \/>\n<meta name=\"author\" content=\"Radio Ljubu\u0161ki\" \/>\n<meta name=\"twitter:card\" content=\"summary_large_image\" \/>\n<meta name=\"twitter:creator\" content=\"@radioljubuski\" \/>\n<meta name=\"twitter:site\" content=\"@radioljubuski\" \/>\n<meta name=\"twitter:label1\" content=\"Napisao\/la\" \/>\n\t<meta name=\"twitter:data1\" content=\"Radio Ljubu\u0161ki\" \/>\n\t<meta name=\"twitter:label2\" content=\"Procijenjeno vrijeme \u010ditanja\" \/>\n\t<meta name=\"twitter:data2\" content=\"2 minute\" \/>\n<script type=\"application\/ld+json\" class=\"yoast-schema-graph\">{\"@context\":\"https:\\\/\\\/schema.org\",\"@graph\":[{\"@type\":\"Article\",\"@id\":\"https:\\\/\\\/radioljubuski.ba\\\/index.php\\\/2022\\\/07\\\/01\\\/hrvatska-ulazi-u-schengen-donosimo-sto-to-predstavlja-za-drzavljane-bih\\\/#article\",\"isPartOf\":{\"@id\":\"https:\\\/\\\/radioljubuski.ba\\\/index.php\\\/2022\\\/07\\\/01\\\/hrvatska-ulazi-u-schengen-donosimo-sto-to-predstavlja-za-drzavljane-bih\\\/\"},\"author\":{\"name\":\"Radio Ljubu\u0161ki\",\"@id\":\"https:\\\/\\\/radioljubuski.ba\\\/#\\\/schema\\\/person\\\/19fc700381a780f69665d7956c469e3b\"},\"headline\":\"Hrvatska ulazi u Schengen, donosimo \u0161to to predstavlja za dr\u017eavljane BiH\",\"datePublished\":\"2022-07-01T07:07:31+00:00\",\"dateModified\":\"2022-07-01T07:07:32+00:00\",\"mainEntityOfPage\":{\"@id\":\"https:\\\/\\\/radioljubuski.ba\\\/index.php\\\/2022\\\/07\\\/01\\\/hrvatska-ulazi-u-schengen-donosimo-sto-to-predstavlja-za-drzavljane-bih\\\/\"},\"wordCount\":513,\"publisher\":{\"@id\":\"https:\\\/\\\/radioljubuski.ba\\\/#organization\"},\"image\":{\"@id\":\"https:\\\/\\\/radioljubuski.ba\\\/index.php\\\/2022\\\/07\\\/01\\\/hrvatska-ulazi-u-schengen-donosimo-sto-to-predstavlja-za-drzavljane-bih\\\/#primaryimage\"},\"thumbnailUrl\":\"https:\\\/\\\/radioljubuski.ba\\\/wp-content\\\/uploads\\\/2022\\\/06\\\/galic-696x418-1.jpg\",\"articleSection\":[\"BIH i regija\"],\"inLanguage\":\"hr\"},{\"@type\":\"WebPage\",\"@id\":\"https:\\\/\\\/radioljubuski.ba\\\/index.php\\\/2022\\\/07\\\/01\\\/hrvatska-ulazi-u-schengen-donosimo-sto-to-predstavlja-za-drzavljane-bih\\\/\",\"url\":\"https:\\\/\\\/radioljubuski.ba\\\/index.php\\\/2022\\\/07\\\/01\\\/hrvatska-ulazi-u-schengen-donosimo-sto-to-predstavlja-za-drzavljane-bih\\\/\",\"name\":\"Hrvatska ulazi u Schengen, donosimo \u0161to to predstavlja za dr\u017eavljane BiH - RADIO LJUBU\u0160KI\",\"isPartOf\":{\"@id\":\"https:\\\/\\\/radioljubuski.ba\\\/#website\"},\"primaryImageOfPage\":{\"@id\":\"https:\\\/\\\/radioljubuski.ba\\\/index.php\\\/2022\\\/07\\\/01\\\/hrvatska-ulazi-u-schengen-donosimo-sto-to-predstavlja-za-drzavljane-bih\\\/#primaryimage\"},\"image\":{\"@id\":\"https:\\\/\\\/radioljubuski.ba\\\/index.php\\\/2022\\\/07\\\/01\\\/hrvatska-ulazi-u-schengen-donosimo-sto-to-predstavlja-za-drzavljane-bih\\\/#primaryimage\"},\"thumbnailUrl\":\"https:\\\/\\\/radioljubuski.ba\\\/wp-content\\\/uploads\\\/2022\\\/06\\\/galic-696x418-1.jpg\",\"datePublished\":\"2022-07-01T07:07:31+00:00\",\"dateModified\":\"2022-07-01T07:07:32+00:00\",\"breadcrumb\":{\"@id\":\"https:\\\/\\\/radioljubuski.ba\\\/index.php\\\/2022\\\/07\\\/01\\\/hrvatska-ulazi-u-schengen-donosimo-sto-to-predstavlja-za-drzavljane-bih\\\/#breadcrumb\"},\"inLanguage\":\"hr\",\"potentialAction\":[{\"@type\":\"ReadAction\",\"target\":[\"https:\\\/\\\/radioljubuski.ba\\\/index.php\\\/2022\\\/07\\\/01\\\/hrvatska-ulazi-u-schengen-donosimo-sto-to-predstavlja-za-drzavljane-bih\\\/\"]}]},{\"@type\":\"ImageObject\",\"inLanguage\":\"hr\",\"@id\":\"https:\\\/\\\/radioljubuski.ba\\\/index.php\\\/2022\\\/07\\\/01\\\/hrvatska-ulazi-u-schengen-donosimo-sto-to-predstavlja-za-drzavljane-bih\\\/#primaryimage\",\"url\":\"https:\\\/\\\/radioljubuski.ba\\\/wp-content\\\/uploads\\\/2022\\\/06\\\/galic-696x418-1.jpg\",\"contentUrl\":\"https:\\\/\\\/radioljubuski.ba\\\/wp-content\\\/uploads\\\/2022\\\/06\\\/galic-696x418-1.jpg\",\"width\":696,\"height\":418},{\"@type\":\"BreadcrumbList\",\"@id\":\"https:\\\/\\\/radioljubuski.ba\\\/index.php\\\/2022\\\/07\\\/01\\\/hrvatska-ulazi-u-schengen-donosimo-sto-to-predstavlja-za-drzavljane-bih\\\/#breadcrumb\",\"itemListElement\":[{\"@type\":\"ListItem\",\"position\":1,\"name\":\"Po\u010detna stranica\",\"item\":\"https:\\\/\\\/radioljubuski.ba\\\/\"},{\"@type\":\"ListItem\",\"position\":2,\"name\":\"Hrvatska ulazi u Schengen, donosimo \u0161to to predstavlja za dr\u017eavljane BiH\"}]},{\"@type\":\"WebSite\",\"@id\":\"https:\\\/\\\/radioljubuski.ba\\\/#website\",\"url\":\"https:\\\/\\\/radioljubuski.ba\\\/\",\"name\":\"Radio Ljubu\u0161ki\",\"description\":\"Sun\u010dana frekvencija Hercegovine\",\"publisher\":{\"@id\":\"https:\\\/\\\/radioljubuski.ba\\\/#organization\"},\"potentialAction\":[{\"@type\":\"SearchAction\",\"target\":{\"@type\":\"EntryPoint\",\"urlTemplate\":\"https:\\\/\\\/radioljubuski.ba\\\/?s={search_term_string}\"},\"query-input\":{\"@type\":\"PropertyValueSpecification\",\"valueRequired\":true,\"valueName\":\"search_term_string\"}}],\"inLanguage\":\"hr\"},{\"@type\":\"Organization\",\"@id\":\"https:\\\/\\\/radioljubuski.ba\\\/#organization\",\"name\":\"Radio Ljubu\u0161ki\",\"url\":\"https:\\\/\\\/radioljubuski.ba\\\/\",\"logo\":{\"@type\":\"ImageObject\",\"inLanguage\":\"hr\",\"@id\":\"https:\\\/\\\/radioljubuski.ba\\\/#\\\/schema\\\/logo\\\/image\\\/\",\"url\":\"https:\\\/\\\/radioljubuski.ba\\\/wp-content\\\/uploads\\\/2021\\\/02\\\/cropped-Radio_Ljubuski_logo1.jpg\",\"contentUrl\":\"https:\\\/\\\/radioljubuski.ba\\\/wp-content\\\/uploads\\\/2021\\\/02\\\/cropped-Radio_Ljubuski_logo1.jpg\",\"width\":512,\"height\":512,\"caption\":\"Radio Ljubu\u0161ki\"},\"image\":{\"@id\":\"https:\\\/\\\/radioljubuski.ba\\\/#\\\/schema\\\/logo\\\/image\\\/\"},\"sameAs\":[\"https:\\\/\\\/www.facebook.com\\\/Radiio-Ljubuski-1490835324566332\",\"https:\\\/\\\/x.com\\\/radioljubuski\",\"https:\\\/\\\/hr.linkedin.com\\\/company\\\/radio-ljubuski\",\"https:\\\/\\\/www.youtube.com\\\/channel\\\/UCHYaeO_n0Db3tjNGudGpXyw\"]},{\"@type\":\"Person\",\"@id\":\"https:\\\/\\\/radioljubuski.ba\\\/#\\\/schema\\\/person\\\/19fc700381a780f69665d7956c469e3b\",\"name\":\"Radio Ljubu\u0161ki\"}]}<\/script>\n<!-- \/ Yoast SEO plugin. -->","yoast_head_json":{"title":"Hrvatska ulazi u Schengen, donosimo \u0161to to predstavlja za dr\u017eavljane BiH - RADIO LJUBU\u0160KI","robots":{"index":"index","follow":"follow","max-snippet":"max-snippet:-1","max-image-preview":"max-image-preview:large","max-video-preview":"max-video-preview:-1"},"canonical":"https:\/\/radioljubuski.ba\/index.php\/2022\/07\/01\/hrvatska-ulazi-u-schengen-donosimo-sto-to-predstavlja-za-drzavljane-bih\/","og_locale":"hr_HR","og_type":"article","og_title":"Hrvatska ulazi u Schengen, donosimo \u0161to to predstavlja za dr\u017eavljane BiH - RADIO LJUBU\u0160KI","og_description":"U nacrtu odluke Vije\u0107a Europske unije o punoj primjeni schengena u Republici Hrvatskoj u Europski parlament, predvi\u0111a se ukidanje svih ograni\u010denja za kori\u0161tenje Schengenskog informacijskog sustava (SIS) od 1. sije\u010dnja 2023. Ulaskom Hrvatske u Schengenski prostor, granica s BiH postaje vanjska schengenska granica. \u0160to \u0107e to zna\u010diti u praksi te ho\u0107e li \u010dlanstvo Hrvatske u [&hellip;]","og_url":"https:\/\/radioljubuski.ba\/index.php\/2022\/07\/01\/hrvatska-ulazi-u-schengen-donosimo-sto-to-predstavlja-za-drzavljane-bih\/","og_site_name":"RADIO LJUBU\u0160KI","article_publisher":"https:\/\/www.facebook.com\/Radiio-Ljubuski-1490835324566332","article_published_time":"2022-07-01T07:07:31+00:00","article_modified_time":"2022-07-01T07:07:32+00:00","og_image":[{"width":696,"height":418,"url":"https:\/\/radioljubuski.ba\/wp-content\/uploads\/2022\/06\/galic-696x418-1.jpg","type":"image\/jpeg"}],"author":"Radio Ljubu\u0161ki","twitter_card":"summary_large_image","twitter_creator":"@radioljubuski","twitter_site":"@radioljubuski","twitter_misc":{"Napisao\/la":"Radio Ljubu\u0161ki","Procijenjeno vrijeme \u010ditanja":"2 minute"},"schema":{"@context":"https:\/\/schema.org","@graph":[{"@type":"Article","@id":"https:\/\/radioljubuski.ba\/index.php\/2022\/07\/01\/hrvatska-ulazi-u-schengen-donosimo-sto-to-predstavlja-za-drzavljane-bih\/#article","isPartOf":{"@id":"https:\/\/radioljubuski.ba\/index.php\/2022\/07\/01\/hrvatska-ulazi-u-schengen-donosimo-sto-to-predstavlja-za-drzavljane-bih\/"},"author":{"name":"Radio Ljubu\u0161ki","@id":"https:\/\/radioljubuski.ba\/#\/schema\/person\/19fc700381a780f69665d7956c469e3b"},"headline":"Hrvatska ulazi u Schengen, donosimo \u0161to to predstavlja za dr\u017eavljane BiH","datePublished":"2022-07-01T07:07:31+00:00","dateModified":"2022-07-01T07:07:32+00:00","mainEntityOfPage":{"@id":"https:\/\/radioljubuski.ba\/index.php\/2022\/07\/01\/hrvatska-ulazi-u-schengen-donosimo-sto-to-predstavlja-za-drzavljane-bih\/"},"wordCount":513,"publisher":{"@id":"https:\/\/radioljubuski.ba\/#organization"},"image":{"@id":"https:\/\/radioljubuski.ba\/index.php\/2022\/07\/01\/hrvatska-ulazi-u-schengen-donosimo-sto-to-predstavlja-za-drzavljane-bih\/#primaryimage"},"thumbnailUrl":"https:\/\/radioljubuski.ba\/wp-content\/uploads\/2022\/06\/galic-696x418-1.jpg","articleSection":["BIH i regija"],"inLanguage":"hr"},{"@type":"WebPage","@id":"https:\/\/radioljubuski.ba\/index.php\/2022\/07\/01\/hrvatska-ulazi-u-schengen-donosimo-sto-to-predstavlja-za-drzavljane-bih\/","url":"https:\/\/radioljubuski.ba\/index.php\/2022\/07\/01\/hrvatska-ulazi-u-schengen-donosimo-sto-to-predstavlja-za-drzavljane-bih\/","name":"Hrvatska ulazi u Schengen, donosimo \u0161to to predstavlja za dr\u017eavljane BiH - RADIO LJUBU\u0160KI","isPartOf":{"@id":"https:\/\/radioljubuski.ba\/#website"},"primaryImageOfPage":{"@id":"https:\/\/radioljubuski.ba\/index.php\/2022\/07\/01\/hrvatska-ulazi-u-schengen-donosimo-sto-to-predstavlja-za-drzavljane-bih\/#primaryimage"},"image":{"@id":"https:\/\/radioljubuski.ba\/index.php\/2022\/07\/01\/hrvatska-ulazi-u-schengen-donosimo-sto-to-predstavlja-za-drzavljane-bih\/#primaryimage"},"thumbnailUrl":"https:\/\/radioljubuski.ba\/wp-content\/uploads\/2022\/06\/galic-696x418-1.jpg","datePublished":"2022-07-01T07:07:31+00:00","dateModified":"2022-07-01T07:07:32+00:00","breadcrumb":{"@id":"https:\/\/radioljubuski.ba\/index.php\/2022\/07\/01\/hrvatska-ulazi-u-schengen-donosimo-sto-to-predstavlja-za-drzavljane-bih\/#breadcrumb"},"inLanguage":"hr","potentialAction":[{"@type":"ReadAction","target":["https:\/\/radioljubuski.ba\/index.php\/2022\/07\/01\/hrvatska-ulazi-u-schengen-donosimo-sto-to-predstavlja-za-drzavljane-bih\/"]}]},{"@type":"ImageObject","inLanguage":"hr","@id":"https:\/\/radioljubuski.ba\/index.php\/2022\/07\/01\/hrvatska-ulazi-u-schengen-donosimo-sto-to-predstavlja-za-drzavljane-bih\/#primaryimage","url":"https:\/\/radioljubuski.ba\/wp-content\/uploads\/2022\/06\/galic-696x418-1.jpg","contentUrl":"https:\/\/radioljubuski.ba\/wp-content\/uploads\/2022\/06\/galic-696x418-1.jpg","width":696,"height":418},{"@type":"BreadcrumbList","@id":"https:\/\/radioljubuski.ba\/index.php\/2022\/07\/01\/hrvatska-ulazi-u-schengen-donosimo-sto-to-predstavlja-za-drzavljane-bih\/#breadcrumb","itemListElement":[{"@type":"ListItem","position":1,"name":"Po\u010detna stranica","item":"https:\/\/radioljubuski.ba\/"},{"@type":"ListItem","position":2,"name":"Hrvatska ulazi u Schengen, donosimo \u0161to to predstavlja za dr\u017eavljane BiH"}]},{"@type":"WebSite","@id":"https:\/\/radioljubuski.ba\/#website","url":"https:\/\/radioljubuski.ba\/","name":"Radio Ljubu\u0161ki","description":"Sun\u010dana frekvencija Hercegovine","publisher":{"@id":"https:\/\/radioljubuski.ba\/#organization"},"potentialAction":[{"@type":"SearchAction","target":{"@type":"EntryPoint","urlTemplate":"https:\/\/radioljubuski.ba\/?s={search_term_string}"},"query-input":{"@type":"PropertyValueSpecification","valueRequired":true,"valueName":"search_term_string"}}],"inLanguage":"hr"},{"@type":"Organization","@id":"https:\/\/radioljubuski.ba\/#organization","name":"Radio Ljubu\u0161ki","url":"https:\/\/radioljubuski.ba\/","logo":{"@type":"ImageObject","inLanguage":"hr","@id":"https:\/\/radioljubuski.ba\/#\/schema\/logo\/image\/","url":"https:\/\/radioljubuski.ba\/wp-content\/uploads\/2021\/02\/cropped-Radio_Ljubuski_logo1.jpg","contentUrl":"https:\/\/radioljubuski.ba\/wp-content\/uploads\/2021\/02\/cropped-Radio_Ljubuski_logo1.jpg","width":512,"height":512,"caption":"Radio Ljubu\u0161ki"},"image":{"@id":"https:\/\/radioljubuski.ba\/#\/schema\/logo\/image\/"},"sameAs":["https:\/\/www.facebook.com\/Radiio-Ljubuski-1490835324566332","https:\/\/x.com\/radioljubuski","https:\/\/hr.linkedin.com\/company\/radio-ljubuski","https:\/\/www.youtube.com\/channel\/UCHYaeO_n0Db3tjNGudGpXyw"]},{"@type":"Person","@id":"https:\/\/radioljubuski.ba\/#\/schema\/person\/19fc700381a780f69665d7956c469e3b","name":"Radio Ljubu\u0161ki"}]}},"_links":{"self":[{"href":"https:\/\/radioljubuski.ba\/index.php\/wp-json\/wp\/v2\/posts\/155113","targetHints":{"allow":["GET"]}}],"collection":[{"href":"https:\/\/radioljubuski.ba\/index.php\/wp-json\/wp\/v2\/posts"}],"about":[{"href":"https:\/\/radioljubuski.ba\/index.php\/wp-json\/wp\/v2\/types\/post"}],"author":[{"embeddable":true,"href":"https:\/\/radioljubuski.ba\/index.php\/wp-json\/wp\/v2\/users\/2"}],"replies":[{"embeddable":true,"href":"https:\/\/radioljubuski.ba\/index.php\/wp-json\/wp\/v2\/comments?post=155113"}],"version-history":[{"count":1,"href":"https:\/\/radioljubuski.ba\/index.php\/wp-json\/wp\/v2\/posts\/155113\/revisions"}],"predecessor-version":[{"id":155114,"href":"https:\/\/radioljubuski.ba\/index.php\/wp-json\/wp\/v2\/posts\/155113\/revisions\/155114"}],"wp:featuredmedia":[{"embeddable":true,"href":"https:\/\/radioljubuski.ba\/index.php\/wp-json\/wp\/v2\/media\/154653"}],"wp:attachment":[{"href":"https:\/\/radioljubuski.ba\/index.php\/wp-json\/wp\/v2\/media?parent=155113"}],"wp:term":[{"taxonomy":"category","embeddable":true,"href":"https:\/\/radioljubuski.ba\/index.php\/wp-json\/wp\/v2\/categories?post=155113"},{"taxonomy":"post_tag","embeddable":true,"href":"https:\/\/radioljubuski.ba\/index.php\/wp-json\/wp\/v2\/tags?post=155113"}],"curies":[{"name":"wp","href":"https:\/\/api.w.org\/{rel}","templated":true}]}}