{"id":155124,"date":"2022-07-01T08:17:01","date_gmt":"2022-07-01T07:17:01","guid":{"rendered":"https:\/\/radioljubuski.ba\/?p=155124"},"modified":"2022-07-01T08:17:02","modified_gmt":"2022-07-01T07:17:02","slug":"mostar-traziti-novu-lokaciju-za-deponiju-je-nerealno","status":"publish","type":"post","link":"https:\/\/radioljubuski.ba\/index.php\/2022\/07\/01\/mostar-traziti-novu-lokaciju-za-deponiju-je-nerealno\/","title":{"rendered":"Mostar: Tra\u017eiti novu lokaciju za deponiju je (ne)realno"},"content":{"rendered":"\n<p>Prije ne\u0161to vi\u0161e od godinu, 10. lipnja 2021, Gradsko vije\u0107e Mostara odr\u017ealo je tematsku sjednicu na temu Regionalna deponija Uborak. Nakon rasprave zapo\u010dete izlaganjem gradona\u010delnika Marija Kordi\u0107a, koji je istaknuo kako je to jedna od glavnih tema i goru\u0107i problem u Mostaru, a u kojoj su sudjelovali i predstavnici gradske administracije, Javnog poduze\u0107a&nbsp;Deponija, tvrtke Enova koji su prezentirali plan prilagodbe, Fedralnog ministarstva okoli\u0161a i turizma, Udruge gra\u0111ana \u201cJer nas se ti\u010de\u201c i vije\u0107nika, na koncu su donesena tri zaklju\u010dka.<\/p>\n\n\n\n<p>Prvi je da se u proceduri izmjena i dopuna Prostornog plana Mostara odredi nova lokacija za deponiranje otpada u Mostaru, a \u201cako bude potrebe prema vi\u0161im razinama vlasti se iniciraju izmjene i dopune prostornih planova HN\u017d-a, FBiH i BiH u kojima bi se utvrdila lokacija za deponiranje\u201d.<\/p>\n\n\n\n<h2 class=\"wp-block-heading\"><strong>Obe\u0107anja<\/strong><\/h2>\n\n\n\n<p>Predsjednik Gradskog vije\u0107a Salem Mari\u0107, zaklju\u010dak je pojasnio rije\u010dima: \u201cKada na\u0111emo novu lokaciju moramo tra\u017eiti izmjenu Prostornog plana kako bismo u prostorni plan uvrstili tu lokaciju predvi\u0111enu za deponiranje\u201d.<\/p>\n\n\n\n<p>Drugi zaklju\u010dak se odnosio na financije potrebne za plan prilagodbe i zatvaranje deponije. Sukladno tre\u0107emu gradona\u010delnik je trebao formirati radnu skupinu koju \u0107e sa\u010dinjavati predstavnici Odbora za stambeno-komunalne poslove i Gradske uprave, te vanjski suradnici iz oblasti za\u0161tite \u017eivotne sredine, ekologije, vodoprivrede i \u0161umarstva, a koja bi izvr\u0161ila analizu prezentacija i Gradskom vije\u0107u predlo\u017eila najpovoljniju opciju, a koja bi bila u skladu sa Strategijom upravljanja otpadom Federacije BiH. Zadatak radne skupine bio je i pratiti daljnje aktivnosti na deponiji, posebno po pitanju provo\u0111enja plana prilagodbe i upravljanja otpadom o \u010demu bi kvartalno izvje\u0161tavali Gradsko vije\u0107e.<\/p>\n\n\n\n<p>Godinu nakon sjednice i usvojenih zaklju\u010daka, evidentno je da je sva energija usmjerena na obezbje\u0111ivanje sredstava za provo\u0111enje plana prilago\u0111avanja, kao i da je prvi zaklju\u010dak \u2013 onaj o novoj lokaciji za deponiju \u2013 potpuno ignoriran.<\/p>\n\n\n\n<p>\u2013 Grad Mostar pristupio je izradi prostornog plana u kojem se izme\u0111u ostalog razmatra i tema oko nove lokacije. Ako mi danas na\u0111emo novu lokaciju, slijede studije o adekvatnosti i to je proces od tri ili \u0161est mjeseci. Sve bi potrajalo par godina. Zato je va\u017eno da proces zatvaranja i sanacije po\u010dne danas, a u tih pet godina \u0107emo se baviti i novim deponijskim poljem. U razgovorima sa strukom ustvari tek trebamo vidjeti da li je to novo deponijsko polje ili spalionica odnosno neka druga deponija. Sve \u0107e biti jasnije kada \u017eupnaijska i federalna razina vlasti donesu plan o upravljanju otpadom kojeg nemamo. Nemamo ni jasan smjer kojim \u0107e to i\u0107i za pet godina. U tom kontekstu tra\u017eiti od Grada da donese novu lokaciju je zahtjev za koji znaju da ne mo\u017eemo ispuniti i to je dobilo politi\u010dku dimenziju i preraslo u nadmudrivanje. U\u0161li smo debelo u u ljeto, rekao je prije tri dana gradona\u010delnik Mario Kordi\u0107.<\/p>\n\n\n\n<p>U Udruzi \u201cJer nas se ti\u010de\u201c suglasni su kako je nemogu\u0107e lokaciju izna\u0107i za tri mjeseca, uz napomenu kako je ipak pro\u0161la cijela godina, a da lokalna vlasti nije zapo\u010dela raditi na problemu koji je navela kao prioritetan u zaklju\u010dku tematske sjednice.<\/p>\n\n\n\n<p>\u2013 Nismo mi odgovorni za ovo stanje kakvo jeste trenutno. Vidjeli smo, a to je potvrdio i u izjavi sam gradona\u010delnik, da nije ni\u0161ta ra\u0111eno. Oni jesu tra\u017eili od Ministarstva okolinsku dozvolu, usugla\u0161avali plan prilagodbe, me\u0111utim mi u te aktivnosti nismo uklju\u010deni. Potro\u0161li su godinu. On ka\u017ee kako je potrebno tri mjeseca da se izna\u0111e nova lokcija. Pa dok se dobije suglasnost vi\u0161ih istanci \u2013 jo\u0161 tri, mjeseca. Oni su potro\u0161ili godinu, a ni\u0161ta nisu uradili. Nije do udruge, to je nerad Gradske uprave. Gradona\u010delnik tvrdi kako se to ne mo\u017ee uraditi za tri mjeseca. I naravno da ne mo\u017ee, ali za godinu se moglo sve uraditi i pripremiti. Do njih je \u0161to nije ni\u0161ta ra\u0111eno i ura\u0111eno, rekao je aktivist Nijaz Hod\u017ei\u0107.<\/p>\n\n\n\n<h2 class=\"wp-block-heading\"><strong>Tu\u017ebe<\/strong><\/h2>\n\n\n\n<p>Kordi\u0107 je na konferenciji za medije u Vije\u0107nici ukazao na brojne ustupke koje je Grad napravio aktivistima.<\/p>\n\n\n\n<p>\u2013 Njihovi uslovi u po\u010detku bili su da povu\u010demo tu\u017ebu i mi smo je povukli. Pa su tra\u017eili da donesemo zaklju\u010dak da \u0107e se depnija zatvoriti za pet godina, pa je isti donesen. Nakon svakog sastanka sam lobirao da im se udovolji u dobroj vjeri da prepoznaju da su nam namjere iskrene. Na\u017ealost, s njihove strane dolazi zahtjev koji u ovom momentu nije realan. Nadam se da \u0107e Kantonalni sud u Sarajevu prepoznati urgentnost situacije i donijeti pravolijek, jer tu\u017ebe koje su podnijeli protiv Ministarstva okoli\u0161a i turizma Federacije BiH, nemaju osnove, komentirao je Kordi\u0107.<\/p>\n\n\n\n<p>Udruga \u201cJer nas se ti\u010de\u201c, bez obzira na apele vlasti i Kordi\u0107eve tvrdnje nema namjeru odustati od tu\u017ebi.<\/p>\n\n\n\n<p>\u2013 Nama su tu\u017ebe jedini spas. Kada zavr\u0161i ova, ako ne bude u na\u0161u korist, mi \u0107emo nastaviti pravni put. A oni neka tro\u0161e pri\u010de na optu\u017eivanja, a ne rade svoj posao. Sami \u0107e sebe dovesti u situaciju da nemaju gdje odlo\u017eiti sme\u0107e i tako \u0107e sami sebe blokirati, poru\u010dio je Hod\u017ei\u0107.<\/p>\n\n\n\n<p>Ambasade i EBRD \u0107e se uklju\u010diti u rje\u0161avanje ovog problema, te je za o\u010dekivati kona\u010dni napredak. Sastanak \u0107e se odr\u017eati narednog tjedna.<\/p>\n\n\n\n<p>Izvor: Dnevni.ba<\/p>\n","protected":false},"excerpt":{"rendered":"<p>Prije ne\u0161to vi\u0161e od godinu, 10. lipnja 2021, Gradsko vije\u0107e Mostara odr\u017ealo je tematsku sjednicu na temu Regionalna deponija Uborak. Nakon rasprave zapo\u010dete izlaganjem gradona\u010delnika Marija Kordi\u0107a, koji je istaknuo kako je to jedna od glavnih tema i goru\u0107i problem u Mostaru, a u kojoj su sudjelovali i predstavnici gradske administracije, Javnog poduze\u0107a&nbsp;Deponija, tvrtke Enova [&hellip;]<\/p>\n","protected":false},"author":2,"featured_media":155126,"comment_status":"closed","ping_status":"closed","sticky":false,"template":"","format":"standard","meta":{"h5ap_radio_sources":[],"footnotes":""},"categories":[1],"tags":[],"class_list":["post-155124","post","type-post","status-publish","format-standard","has-post-thumbnail","hentry","category-bihiregija"],"yoast_head":"<!-- This site is optimized with the Yoast SEO plugin v27.5 - https:\/\/yoast.com\/product\/yoast-seo-wordpress\/ -->\n<title>Mostar: Tra\u017eiti novu lokaciju za deponiju je (ne)realno - RADIO LJUBU\u0160KI<\/title>\n<meta name=\"robots\" content=\"index, follow, max-snippet:-1, max-image-preview:large, max-video-preview:-1\" \/>\n<link rel=\"canonical\" href=\"https:\/\/radioljubuski.ba\/index.php\/2022\/07\/01\/mostar-traziti-novu-lokaciju-za-deponiju-je-nerealno\/\" \/>\n<meta property=\"og:locale\" content=\"hr_HR\" \/>\n<meta property=\"og:type\" content=\"article\" \/>\n<meta property=\"og:title\" content=\"Mostar: Tra\u017eiti novu lokaciju za deponiju je (ne)realno - RADIO LJUBU\u0160KI\" \/>\n<meta property=\"og:description\" content=\"Prije ne\u0161to vi\u0161e od godinu, 10. lipnja 2021, Gradsko vije\u0107e Mostara odr\u017ealo je tematsku sjednicu na temu Regionalna deponija Uborak. Nakon rasprave zapo\u010dete izlaganjem gradona\u010delnika Marija Kordi\u0107a, koji je istaknuo kako je to jedna od glavnih tema i goru\u0107i problem u Mostaru, a u kojoj su sudjelovali i predstavnici gradske administracije, Javnog poduze\u0107a&nbsp;Deponija, tvrtke Enova [&hellip;]\" \/>\n<meta property=\"og:url\" content=\"https:\/\/radioljubuski.ba\/index.php\/2022\/07\/01\/mostar-traziti-novu-lokaciju-za-deponiju-je-nerealno\/\" \/>\n<meta property=\"og:site_name\" content=\"RADIO LJUBU\u0160KI\" \/>\n<meta property=\"article:publisher\" content=\"https:\/\/www.facebook.com\/Radiio-Ljubuski-1490835324566332\" \/>\n<meta property=\"article:published_time\" content=\"2022-07-01T07:17:01+00:00\" \/>\n<meta property=\"article:modified_time\" content=\"2022-07-01T07:17:02+00:00\" \/>\n<meta property=\"og:image\" content=\"https:\/\/radioljubuski.ba\/wp-content\/uploads\/2022\/07\/deponija-mostar-foto-cin-960x540-1.jpg\" \/>\n\t<meta property=\"og:image:width\" content=\"960\" \/>\n\t<meta property=\"og:image:height\" content=\"540\" \/>\n\t<meta property=\"og:image:type\" content=\"image\/jpeg\" \/>\n<meta name=\"author\" content=\"Radio Ljubu\u0161ki\" \/>\n<meta name=\"twitter:card\" content=\"summary_large_image\" \/>\n<meta name=\"twitter:creator\" content=\"@radioljubuski\" \/>\n<meta name=\"twitter:site\" content=\"@radioljubuski\" \/>\n<meta name=\"twitter:label1\" content=\"Napisao\/la\" \/>\n\t<meta name=\"twitter:data1\" content=\"Radio Ljubu\u0161ki\" \/>\n\t<meta name=\"twitter:label2\" content=\"Procijenjeno vrijeme \u010ditanja\" \/>\n\t<meta name=\"twitter:data2\" content=\"4 minute\" \/>\n<script type=\"application\/ld+json\" class=\"yoast-schema-graph\">{\"@context\":\"https:\\\/\\\/schema.org\",\"@graph\":[{\"@type\":\"Article\",\"@id\":\"https:\\\/\\\/radioljubuski.ba\\\/index.php\\\/2022\\\/07\\\/01\\\/mostar-traziti-novu-lokaciju-za-deponiju-je-nerealno\\\/#article\",\"isPartOf\":{\"@id\":\"https:\\\/\\\/radioljubuski.ba\\\/index.php\\\/2022\\\/07\\\/01\\\/mostar-traziti-novu-lokaciju-za-deponiju-je-nerealno\\\/\"},\"author\":{\"name\":\"Radio Ljubu\u0161ki\",\"@id\":\"https:\\\/\\\/radioljubuski.ba\\\/#\\\/schema\\\/person\\\/19fc700381a780f69665d7956c469e3b\"},\"headline\":\"Mostar: Tra\u017eiti novu lokaciju za deponiju je (ne)realno\",\"datePublished\":\"2022-07-01T07:17:01+00:00\",\"dateModified\":\"2022-07-01T07:17:02+00:00\",\"mainEntityOfPage\":{\"@id\":\"https:\\\/\\\/radioljubuski.ba\\\/index.php\\\/2022\\\/07\\\/01\\\/mostar-traziti-novu-lokaciju-za-deponiju-je-nerealno\\\/\"},\"wordCount\":923,\"publisher\":{\"@id\":\"https:\\\/\\\/radioljubuski.ba\\\/#organization\"},\"image\":{\"@id\":\"https:\\\/\\\/radioljubuski.ba\\\/index.php\\\/2022\\\/07\\\/01\\\/mostar-traziti-novu-lokaciju-za-deponiju-je-nerealno\\\/#primaryimage\"},\"thumbnailUrl\":\"https:\\\/\\\/radioljubuski.ba\\\/wp-content\\\/uploads\\\/2022\\\/07\\\/deponija-mostar-foto-cin-960x540-1.jpg\",\"articleSection\":[\"BIH i regija\"],\"inLanguage\":\"hr\"},{\"@type\":\"WebPage\",\"@id\":\"https:\\\/\\\/radioljubuski.ba\\\/index.php\\\/2022\\\/07\\\/01\\\/mostar-traziti-novu-lokaciju-za-deponiju-je-nerealno\\\/\",\"url\":\"https:\\\/\\\/radioljubuski.ba\\\/index.php\\\/2022\\\/07\\\/01\\\/mostar-traziti-novu-lokaciju-za-deponiju-je-nerealno\\\/\",\"name\":\"Mostar: Tra\u017eiti novu lokaciju za deponiju je (ne)realno - RADIO LJUBU\u0160KI\",\"isPartOf\":{\"@id\":\"https:\\\/\\\/radioljubuski.ba\\\/#website\"},\"primaryImageOfPage\":{\"@id\":\"https:\\\/\\\/radioljubuski.ba\\\/index.php\\\/2022\\\/07\\\/01\\\/mostar-traziti-novu-lokaciju-za-deponiju-je-nerealno\\\/#primaryimage\"},\"image\":{\"@id\":\"https:\\\/\\\/radioljubuski.ba\\\/index.php\\\/2022\\\/07\\\/01\\\/mostar-traziti-novu-lokaciju-za-deponiju-je-nerealno\\\/#primaryimage\"},\"thumbnailUrl\":\"https:\\\/\\\/radioljubuski.ba\\\/wp-content\\\/uploads\\\/2022\\\/07\\\/deponija-mostar-foto-cin-960x540-1.jpg\",\"datePublished\":\"2022-07-01T07:17:01+00:00\",\"dateModified\":\"2022-07-01T07:17:02+00:00\",\"breadcrumb\":{\"@id\":\"https:\\\/\\\/radioljubuski.ba\\\/index.php\\\/2022\\\/07\\\/01\\\/mostar-traziti-novu-lokaciju-za-deponiju-je-nerealno\\\/#breadcrumb\"},\"inLanguage\":\"hr\",\"potentialAction\":[{\"@type\":\"ReadAction\",\"target\":[\"https:\\\/\\\/radioljubuski.ba\\\/index.php\\\/2022\\\/07\\\/01\\\/mostar-traziti-novu-lokaciju-za-deponiju-je-nerealno\\\/\"]}]},{\"@type\":\"ImageObject\",\"inLanguage\":\"hr\",\"@id\":\"https:\\\/\\\/radioljubuski.ba\\\/index.php\\\/2022\\\/07\\\/01\\\/mostar-traziti-novu-lokaciju-za-deponiju-je-nerealno\\\/#primaryimage\",\"url\":\"https:\\\/\\\/radioljubuski.ba\\\/wp-content\\\/uploads\\\/2022\\\/07\\\/deponija-mostar-foto-cin-960x540-1.jpg\",\"contentUrl\":\"https:\\\/\\\/radioljubuski.ba\\\/wp-content\\\/uploads\\\/2022\\\/07\\\/deponija-mostar-foto-cin-960x540-1.jpg\",\"width\":960,\"height\":540},{\"@type\":\"BreadcrumbList\",\"@id\":\"https:\\\/\\\/radioljubuski.ba\\\/index.php\\\/2022\\\/07\\\/01\\\/mostar-traziti-novu-lokaciju-za-deponiju-je-nerealno\\\/#breadcrumb\",\"itemListElement\":[{\"@type\":\"ListItem\",\"position\":1,\"name\":\"Po\u010detna stranica\",\"item\":\"https:\\\/\\\/radioljubuski.ba\\\/\"},{\"@type\":\"ListItem\",\"position\":2,\"name\":\"Mostar: Tra\u017eiti novu lokaciju za deponiju je (ne)realno\"}]},{\"@type\":\"WebSite\",\"@id\":\"https:\\\/\\\/radioljubuski.ba\\\/#website\",\"url\":\"https:\\\/\\\/radioljubuski.ba\\\/\",\"name\":\"Radio Ljubu\u0161ki\",\"description\":\"Sun\u010dana frekvencija Hercegovine\",\"publisher\":{\"@id\":\"https:\\\/\\\/radioljubuski.ba\\\/#organization\"},\"potentialAction\":[{\"@type\":\"SearchAction\",\"target\":{\"@type\":\"EntryPoint\",\"urlTemplate\":\"https:\\\/\\\/radioljubuski.ba\\\/?s={search_term_string}\"},\"query-input\":{\"@type\":\"PropertyValueSpecification\",\"valueRequired\":true,\"valueName\":\"search_term_string\"}}],\"inLanguage\":\"hr\"},{\"@type\":\"Organization\",\"@id\":\"https:\\\/\\\/radioljubuski.ba\\\/#organization\",\"name\":\"Radio Ljubu\u0161ki\",\"url\":\"https:\\\/\\\/radioljubuski.ba\\\/\",\"logo\":{\"@type\":\"ImageObject\",\"inLanguage\":\"hr\",\"@id\":\"https:\\\/\\\/radioljubuski.ba\\\/#\\\/schema\\\/logo\\\/image\\\/\",\"url\":\"https:\\\/\\\/radioljubuski.ba\\\/wp-content\\\/uploads\\\/2021\\\/02\\\/cropped-Radio_Ljubuski_logo1.jpg\",\"contentUrl\":\"https:\\\/\\\/radioljubuski.ba\\\/wp-content\\\/uploads\\\/2021\\\/02\\\/cropped-Radio_Ljubuski_logo1.jpg\",\"width\":512,\"height\":512,\"caption\":\"Radio Ljubu\u0161ki\"},\"image\":{\"@id\":\"https:\\\/\\\/radioljubuski.ba\\\/#\\\/schema\\\/logo\\\/image\\\/\"},\"sameAs\":[\"https:\\\/\\\/www.facebook.com\\\/Radiio-Ljubuski-1490835324566332\",\"https:\\\/\\\/x.com\\\/radioljubuski\",\"https:\\\/\\\/hr.linkedin.com\\\/company\\\/radio-ljubuski\",\"https:\\\/\\\/www.youtube.com\\\/channel\\\/UCHYaeO_n0Db3tjNGudGpXyw\"]},{\"@type\":\"Person\",\"@id\":\"https:\\\/\\\/radioljubuski.ba\\\/#\\\/schema\\\/person\\\/19fc700381a780f69665d7956c469e3b\",\"name\":\"Radio Ljubu\u0161ki\"}]}<\/script>\n<!-- \/ Yoast SEO plugin. -->","yoast_head_json":{"title":"Mostar: Tra\u017eiti novu lokaciju za deponiju je (ne)realno - RADIO LJUBU\u0160KI","robots":{"index":"index","follow":"follow","max-snippet":"max-snippet:-1","max-image-preview":"max-image-preview:large","max-video-preview":"max-video-preview:-1"},"canonical":"https:\/\/radioljubuski.ba\/index.php\/2022\/07\/01\/mostar-traziti-novu-lokaciju-za-deponiju-je-nerealno\/","og_locale":"hr_HR","og_type":"article","og_title":"Mostar: Tra\u017eiti novu lokaciju za deponiju je (ne)realno - RADIO LJUBU\u0160KI","og_description":"Prije ne\u0161to vi\u0161e od godinu, 10. lipnja 2021, Gradsko vije\u0107e Mostara odr\u017ealo je tematsku sjednicu na temu Regionalna deponija Uborak. Nakon rasprave zapo\u010dete izlaganjem gradona\u010delnika Marija Kordi\u0107a, koji je istaknuo kako je to jedna od glavnih tema i goru\u0107i problem u Mostaru, a u kojoj su sudjelovali i predstavnici gradske administracije, Javnog poduze\u0107a&nbsp;Deponija, tvrtke Enova [&hellip;]","og_url":"https:\/\/radioljubuski.ba\/index.php\/2022\/07\/01\/mostar-traziti-novu-lokaciju-za-deponiju-je-nerealno\/","og_site_name":"RADIO LJUBU\u0160KI","article_publisher":"https:\/\/www.facebook.com\/Radiio-Ljubuski-1490835324566332","article_published_time":"2022-07-01T07:17:01+00:00","article_modified_time":"2022-07-01T07:17:02+00:00","og_image":[{"width":960,"height":540,"url":"https:\/\/radioljubuski.ba\/wp-content\/uploads\/2022\/07\/deponija-mostar-foto-cin-960x540-1.jpg","type":"image\/jpeg"}],"author":"Radio Ljubu\u0161ki","twitter_card":"summary_large_image","twitter_creator":"@radioljubuski","twitter_site":"@radioljubuski","twitter_misc":{"Napisao\/la":"Radio Ljubu\u0161ki","Procijenjeno vrijeme \u010ditanja":"4 minute"},"schema":{"@context":"https:\/\/schema.org","@graph":[{"@type":"Article","@id":"https:\/\/radioljubuski.ba\/index.php\/2022\/07\/01\/mostar-traziti-novu-lokaciju-za-deponiju-je-nerealno\/#article","isPartOf":{"@id":"https:\/\/radioljubuski.ba\/index.php\/2022\/07\/01\/mostar-traziti-novu-lokaciju-za-deponiju-je-nerealno\/"},"author":{"name":"Radio Ljubu\u0161ki","@id":"https:\/\/radioljubuski.ba\/#\/schema\/person\/19fc700381a780f69665d7956c469e3b"},"headline":"Mostar: Tra\u017eiti novu lokaciju za deponiju je (ne)realno","datePublished":"2022-07-01T07:17:01+00:00","dateModified":"2022-07-01T07:17:02+00:00","mainEntityOfPage":{"@id":"https:\/\/radioljubuski.ba\/index.php\/2022\/07\/01\/mostar-traziti-novu-lokaciju-za-deponiju-je-nerealno\/"},"wordCount":923,"publisher":{"@id":"https:\/\/radioljubuski.ba\/#organization"},"image":{"@id":"https:\/\/radioljubuski.ba\/index.php\/2022\/07\/01\/mostar-traziti-novu-lokaciju-za-deponiju-je-nerealno\/#primaryimage"},"thumbnailUrl":"https:\/\/radioljubuski.ba\/wp-content\/uploads\/2022\/07\/deponija-mostar-foto-cin-960x540-1.jpg","articleSection":["BIH i regija"],"inLanguage":"hr"},{"@type":"WebPage","@id":"https:\/\/radioljubuski.ba\/index.php\/2022\/07\/01\/mostar-traziti-novu-lokaciju-za-deponiju-je-nerealno\/","url":"https:\/\/radioljubuski.ba\/index.php\/2022\/07\/01\/mostar-traziti-novu-lokaciju-za-deponiju-je-nerealno\/","name":"Mostar: Tra\u017eiti novu lokaciju za deponiju je (ne)realno - RADIO LJUBU\u0160KI","isPartOf":{"@id":"https:\/\/radioljubuski.ba\/#website"},"primaryImageOfPage":{"@id":"https:\/\/radioljubuski.ba\/index.php\/2022\/07\/01\/mostar-traziti-novu-lokaciju-za-deponiju-je-nerealno\/#primaryimage"},"image":{"@id":"https:\/\/radioljubuski.ba\/index.php\/2022\/07\/01\/mostar-traziti-novu-lokaciju-za-deponiju-je-nerealno\/#primaryimage"},"thumbnailUrl":"https:\/\/radioljubuski.ba\/wp-content\/uploads\/2022\/07\/deponija-mostar-foto-cin-960x540-1.jpg","datePublished":"2022-07-01T07:17:01+00:00","dateModified":"2022-07-01T07:17:02+00:00","breadcrumb":{"@id":"https:\/\/radioljubuski.ba\/index.php\/2022\/07\/01\/mostar-traziti-novu-lokaciju-za-deponiju-je-nerealno\/#breadcrumb"},"inLanguage":"hr","potentialAction":[{"@type":"ReadAction","target":["https:\/\/radioljubuski.ba\/index.php\/2022\/07\/01\/mostar-traziti-novu-lokaciju-za-deponiju-je-nerealno\/"]}]},{"@type":"ImageObject","inLanguage":"hr","@id":"https:\/\/radioljubuski.ba\/index.php\/2022\/07\/01\/mostar-traziti-novu-lokaciju-za-deponiju-je-nerealno\/#primaryimage","url":"https:\/\/radioljubuski.ba\/wp-content\/uploads\/2022\/07\/deponija-mostar-foto-cin-960x540-1.jpg","contentUrl":"https:\/\/radioljubuski.ba\/wp-content\/uploads\/2022\/07\/deponija-mostar-foto-cin-960x540-1.jpg","width":960,"height":540},{"@type":"BreadcrumbList","@id":"https:\/\/radioljubuski.ba\/index.php\/2022\/07\/01\/mostar-traziti-novu-lokaciju-za-deponiju-je-nerealno\/#breadcrumb","itemListElement":[{"@type":"ListItem","position":1,"name":"Po\u010detna stranica","item":"https:\/\/radioljubuski.ba\/"},{"@type":"ListItem","position":2,"name":"Mostar: Tra\u017eiti novu lokaciju za deponiju je (ne)realno"}]},{"@type":"WebSite","@id":"https:\/\/radioljubuski.ba\/#website","url":"https:\/\/radioljubuski.ba\/","name":"Radio Ljubu\u0161ki","description":"Sun\u010dana frekvencija Hercegovine","publisher":{"@id":"https:\/\/radioljubuski.ba\/#organization"},"potentialAction":[{"@type":"SearchAction","target":{"@type":"EntryPoint","urlTemplate":"https:\/\/radioljubuski.ba\/?s={search_term_string}"},"query-input":{"@type":"PropertyValueSpecification","valueRequired":true,"valueName":"search_term_string"}}],"inLanguage":"hr"},{"@type":"Organization","@id":"https:\/\/radioljubuski.ba\/#organization","name":"Radio Ljubu\u0161ki","url":"https:\/\/radioljubuski.ba\/","logo":{"@type":"ImageObject","inLanguage":"hr","@id":"https:\/\/radioljubuski.ba\/#\/schema\/logo\/image\/","url":"https:\/\/radioljubuski.ba\/wp-content\/uploads\/2021\/02\/cropped-Radio_Ljubuski_logo1.jpg","contentUrl":"https:\/\/radioljubuski.ba\/wp-content\/uploads\/2021\/02\/cropped-Radio_Ljubuski_logo1.jpg","width":512,"height":512,"caption":"Radio Ljubu\u0161ki"},"image":{"@id":"https:\/\/radioljubuski.ba\/#\/schema\/logo\/image\/"},"sameAs":["https:\/\/www.facebook.com\/Radiio-Ljubuski-1490835324566332","https:\/\/x.com\/radioljubuski","https:\/\/hr.linkedin.com\/company\/radio-ljubuski","https:\/\/www.youtube.com\/channel\/UCHYaeO_n0Db3tjNGudGpXyw"]},{"@type":"Person","@id":"https:\/\/radioljubuski.ba\/#\/schema\/person\/19fc700381a780f69665d7956c469e3b","name":"Radio Ljubu\u0161ki"}]}},"_links":{"self":[{"href":"https:\/\/radioljubuski.ba\/index.php\/wp-json\/wp\/v2\/posts\/155124","targetHints":{"allow":["GET"]}}],"collection":[{"href":"https:\/\/radioljubuski.ba\/index.php\/wp-json\/wp\/v2\/posts"}],"about":[{"href":"https:\/\/radioljubuski.ba\/index.php\/wp-json\/wp\/v2\/types\/post"}],"author":[{"embeddable":true,"href":"https:\/\/radioljubuski.ba\/index.php\/wp-json\/wp\/v2\/users\/2"}],"replies":[{"embeddable":true,"href":"https:\/\/radioljubuski.ba\/index.php\/wp-json\/wp\/v2\/comments?post=155124"}],"version-history":[{"count":1,"href":"https:\/\/radioljubuski.ba\/index.php\/wp-json\/wp\/v2\/posts\/155124\/revisions"}],"predecessor-version":[{"id":155127,"href":"https:\/\/radioljubuski.ba\/index.php\/wp-json\/wp\/v2\/posts\/155124\/revisions\/155127"}],"wp:featuredmedia":[{"embeddable":true,"href":"https:\/\/radioljubuski.ba\/index.php\/wp-json\/wp\/v2\/media\/155126"}],"wp:attachment":[{"href":"https:\/\/radioljubuski.ba\/index.php\/wp-json\/wp\/v2\/media?parent=155124"}],"wp:term":[{"taxonomy":"category","embeddable":true,"href":"https:\/\/radioljubuski.ba\/index.php\/wp-json\/wp\/v2\/categories?post=155124"},{"taxonomy":"post_tag","embeddable":true,"href":"https:\/\/radioljubuski.ba\/index.php\/wp-json\/wp\/v2\/tags?post=155124"}],"curies":[{"name":"wp","href":"https:\/\/api.w.org\/{rel}","templated":true}]}}