{"id":155128,"date":"2022-07-01T08:19:31","date_gmt":"2022-07-01T07:19:31","guid":{"rendered":"https:\/\/radioljubuski.ba\/?p=155128"},"modified":"2022-07-01T08:19:32","modified_gmt":"2022-07-01T07:19:32","slug":"skoro-4-000-balkanaca-raspravlja-o-zmiji-koja-se-navodno-pojavljuje-prije-potresa","status":"publish","type":"post","link":"https:\/\/radioljubuski.ba\/index.php\/2022\/07\/01\/skoro-4-000-balkanaca-raspravlja-o-zmiji-koja-se-navodno-pojavljuje-prije-potresa\/","title":{"rendered":"Skoro 4.000 Balkanaca raspravlja o zmiji koja se, navodno, pojavljuje prije potresa"},"content":{"rendered":"\n<p>Crvolika sljeparica ili Xerotyphlops vermicularis naziv je zmije koja nije opasna i mala te predstavnica obitelji sljeparica.<\/p>\n\n\n\n<p>Ova vrsta je blijedoru\u017ei\u010daste boje, a mo\u017ee narasti do 40 cm. Ve\u0107inu vremena provodi ispod zemlje, po rupama i ispod kamenja, kriju\u0107i se od vru\u0107ine, a na povr\u0161inu rijetko izlazi, obi\u010dno u sumrak ili za vla\u017enog vremena.<\/p>\n\n\n\n<p>Instagram stranica &#8216;Podgori\u010dki vremeplov&#8217; objavila je sliku upravo ove zmije koja je privukla skoro 4.000 komentara s Balkana.<\/p>\n\n\n\n<p>&#8220;Nije otrovna i ne predstavlja nikakvu prijetnju po \u010dovjeka. Na povr\u0161inu izlazi prije i nakon jakih pljuskova, a \u010desto i prije potresa s obzirom na to da je kao vrsta jako osjetljiva na seizmolo\u0161ke aktivnosti. Do sad je njeno prisustvo potvr\u0111eno u okolici Skadarskog jezera, na brdu Gorica, u podno\u017eju Veljeg brda kao i na Marezi&#8221;, glasi jedan od njih.<\/p>\n\n\n\n<p>Zatim su mnogi povezali ovu zmiju s potresom koji je ju\u010der pogodio Bosnu i Hercegovinu.<\/p>\n\n\n\n<p>&#8220;Potres ja\u010dine 4.8 stupnjeva pogodio BiH jutros, epicentar oko Mostara&#8221;, glasio je jedan od njih.<\/p>\n\n\n\n<p><strong>Izvor: Dnevnik.ba<\/strong><\/p>\n","protected":false},"excerpt":{"rendered":"<p>Crvolika sljeparica ili Xerotyphlops vermicularis naziv je zmije koja nije opasna i mala te predstavnica obitelji sljeparica. Ova vrsta je blijedoru\u017ei\u010daste boje, a mo\u017ee narasti do 40 cm. Ve\u0107inu vremena provodi ispod zemlje, po rupama i ispod kamenja, kriju\u0107i se od vru\u0107ine, a na povr\u0161inu rijetko izlazi, obi\u010dno u sumrak ili za vla\u017enog vremena. Instagram [&hellip;]<\/p>\n","protected":false},"author":2,"featured_media":155130,"comment_status":"closed","ping_status":"closed","sticky":false,"template":"","format":"standard","meta":{"h5ap_radio_sources":[],"footnotes":""},"categories":[1],"tags":[],"class_list":["post-155128","post","type-post","status-publish","format-standard","has-post-thumbnail","hentry","category-bihiregija"],"yoast_head":"<!-- This site is optimized with the Yoast SEO plugin v27.5 - https:\/\/yoast.com\/product\/yoast-seo-wordpress\/ -->\n<title>Skoro 4.000 Balkanaca raspravlja o zmiji koja se, navodno, pojavljuje prije potresa - RADIO LJUBU\u0160KI<\/title>\n<meta name=\"robots\" content=\"index, follow, max-snippet:-1, max-image-preview:large, max-video-preview:-1\" \/>\n<link rel=\"canonical\" href=\"https:\/\/radioljubuski.ba\/index.php\/2022\/07\/01\/skoro-4-000-balkanaca-raspravlja-o-zmiji-koja-se-navodno-pojavljuje-prije-potresa\/\" \/>\n<meta property=\"og:locale\" content=\"hr_HR\" \/>\n<meta property=\"og:type\" content=\"article\" \/>\n<meta property=\"og:title\" content=\"Skoro 4.000 Balkanaca raspravlja o zmiji koja se, navodno, pojavljuje prije potresa - RADIO LJUBU\u0160KI\" \/>\n<meta property=\"og:description\" content=\"Crvolika sljeparica ili Xerotyphlops vermicularis naziv je zmije koja nije opasna i mala te predstavnica obitelji sljeparica. Ova vrsta je blijedoru\u017ei\u010daste boje, a mo\u017ee narasti do 40 cm. Ve\u0107inu vremena provodi ispod zemlje, po rupama i ispod kamenja, kriju\u0107i se od vru\u0107ine, a na povr\u0161inu rijetko izlazi, obi\u010dno u sumrak ili za vla\u017enog vremena. Instagram [&hellip;]\" \/>\n<meta property=\"og:url\" content=\"https:\/\/radioljubuski.ba\/index.php\/2022\/07\/01\/skoro-4-000-balkanaca-raspravlja-o-zmiji-koja-se-navodno-pojavljuje-prije-potresa\/\" \/>\n<meta property=\"og:site_name\" content=\"RADIO LJUBU\u0160KI\" \/>\n<meta property=\"article:publisher\" content=\"https:\/\/www.facebook.com\/Radiio-Ljubuski-1490835324566332\" \/>\n<meta property=\"article:published_time\" content=\"2022-07-01T07:19:31+00:00\" \/>\n<meta property=\"article:modified_time\" content=\"2022-07-01T07:19:32+00:00\" \/>\n<meta property=\"og:image\" content=\"https:\/\/radioljubuski.ba\/wp-content\/uploads\/2022\/07\/zmija.jpg\" \/>\n\t<meta property=\"og:image:width\" content=\"1024\" \/>\n\t<meta property=\"og:image:height\" content=\"684\" \/>\n\t<meta property=\"og:image:type\" content=\"image\/jpeg\" \/>\n<meta name=\"author\" content=\"Radio Ljubu\u0161ki\" \/>\n<meta name=\"twitter:card\" content=\"summary_large_image\" \/>\n<meta name=\"twitter:creator\" content=\"@radioljubuski\" \/>\n<meta name=\"twitter:site\" content=\"@radioljubuski\" \/>\n<meta name=\"twitter:label1\" content=\"Napisao\/la\" \/>\n\t<meta name=\"twitter:data1\" content=\"Radio Ljubu\u0161ki\" \/>\n\t<meta name=\"twitter:label2\" content=\"Procijenjeno vrijeme \u010ditanja\" \/>\n\t<meta name=\"twitter:data2\" content=\"1 minuta\" \/>\n<script type=\"application\/ld+json\" class=\"yoast-schema-graph\">{\"@context\":\"https:\\\/\\\/schema.org\",\"@graph\":[{\"@type\":\"Article\",\"@id\":\"https:\\\/\\\/radioljubuski.ba\\\/index.php\\\/2022\\\/07\\\/01\\\/skoro-4-000-balkanaca-raspravlja-o-zmiji-koja-se-navodno-pojavljuje-prije-potresa\\\/#article\",\"isPartOf\":{\"@id\":\"https:\\\/\\\/radioljubuski.ba\\\/index.php\\\/2022\\\/07\\\/01\\\/skoro-4-000-balkanaca-raspravlja-o-zmiji-koja-se-navodno-pojavljuje-prije-potresa\\\/\"},\"author\":{\"name\":\"Radio Ljubu\u0161ki\",\"@id\":\"https:\\\/\\\/radioljubuski.ba\\\/#\\\/schema\\\/person\\\/19fc700381a780f69665d7956c469e3b\"},\"headline\":\"Skoro 4.000 Balkanaca raspravlja o zmiji koja se, navodno, pojavljuje prije potresa\",\"datePublished\":\"2022-07-01T07:19:31+00:00\",\"dateModified\":\"2022-07-01T07:19:32+00:00\",\"mainEntityOfPage\":{\"@id\":\"https:\\\/\\\/radioljubuski.ba\\\/index.php\\\/2022\\\/07\\\/01\\\/skoro-4-000-balkanaca-raspravlja-o-zmiji-koja-se-navodno-pojavljuje-prije-potresa\\\/\"},\"wordCount\":189,\"publisher\":{\"@id\":\"https:\\\/\\\/radioljubuski.ba\\\/#organization\"},\"image\":{\"@id\":\"https:\\\/\\\/radioljubuski.ba\\\/index.php\\\/2022\\\/07\\\/01\\\/skoro-4-000-balkanaca-raspravlja-o-zmiji-koja-se-navodno-pojavljuje-prije-potresa\\\/#primaryimage\"},\"thumbnailUrl\":\"https:\\\/\\\/radioljubuski.ba\\\/wp-content\\\/uploads\\\/2022\\\/07\\\/zmija.jpg\",\"articleSection\":[\"BIH i regija\"],\"inLanguage\":\"hr\"},{\"@type\":\"WebPage\",\"@id\":\"https:\\\/\\\/radioljubuski.ba\\\/index.php\\\/2022\\\/07\\\/01\\\/skoro-4-000-balkanaca-raspravlja-o-zmiji-koja-se-navodno-pojavljuje-prije-potresa\\\/\",\"url\":\"https:\\\/\\\/radioljubuski.ba\\\/index.php\\\/2022\\\/07\\\/01\\\/skoro-4-000-balkanaca-raspravlja-o-zmiji-koja-se-navodno-pojavljuje-prije-potresa\\\/\",\"name\":\"Skoro 4.000 Balkanaca raspravlja o zmiji koja se, navodno, pojavljuje prije potresa - RADIO LJUBU\u0160KI\",\"isPartOf\":{\"@id\":\"https:\\\/\\\/radioljubuski.ba\\\/#website\"},\"primaryImageOfPage\":{\"@id\":\"https:\\\/\\\/radioljubuski.ba\\\/index.php\\\/2022\\\/07\\\/01\\\/skoro-4-000-balkanaca-raspravlja-o-zmiji-koja-se-navodno-pojavljuje-prije-potresa\\\/#primaryimage\"},\"image\":{\"@id\":\"https:\\\/\\\/radioljubuski.ba\\\/index.php\\\/2022\\\/07\\\/01\\\/skoro-4-000-balkanaca-raspravlja-o-zmiji-koja-se-navodno-pojavljuje-prije-potresa\\\/#primaryimage\"},\"thumbnailUrl\":\"https:\\\/\\\/radioljubuski.ba\\\/wp-content\\\/uploads\\\/2022\\\/07\\\/zmija.jpg\",\"datePublished\":\"2022-07-01T07:19:31+00:00\",\"dateModified\":\"2022-07-01T07:19:32+00:00\",\"breadcrumb\":{\"@id\":\"https:\\\/\\\/radioljubuski.ba\\\/index.php\\\/2022\\\/07\\\/01\\\/skoro-4-000-balkanaca-raspravlja-o-zmiji-koja-se-navodno-pojavljuje-prije-potresa\\\/#breadcrumb\"},\"inLanguage\":\"hr\",\"potentialAction\":[{\"@type\":\"ReadAction\",\"target\":[\"https:\\\/\\\/radioljubuski.ba\\\/index.php\\\/2022\\\/07\\\/01\\\/skoro-4-000-balkanaca-raspravlja-o-zmiji-koja-se-navodno-pojavljuje-prije-potresa\\\/\"]}]},{\"@type\":\"ImageObject\",\"inLanguage\":\"hr\",\"@id\":\"https:\\\/\\\/radioljubuski.ba\\\/index.php\\\/2022\\\/07\\\/01\\\/skoro-4-000-balkanaca-raspravlja-o-zmiji-koja-se-navodno-pojavljuje-prije-potresa\\\/#primaryimage\",\"url\":\"https:\\\/\\\/radioljubuski.ba\\\/wp-content\\\/uploads\\\/2022\\\/07\\\/zmija.jpg\",\"contentUrl\":\"https:\\\/\\\/radioljubuski.ba\\\/wp-content\\\/uploads\\\/2022\\\/07\\\/zmija.jpg\",\"width\":1024,\"height\":684},{\"@type\":\"BreadcrumbList\",\"@id\":\"https:\\\/\\\/radioljubuski.ba\\\/index.php\\\/2022\\\/07\\\/01\\\/skoro-4-000-balkanaca-raspravlja-o-zmiji-koja-se-navodno-pojavljuje-prije-potresa\\\/#breadcrumb\",\"itemListElement\":[{\"@type\":\"ListItem\",\"position\":1,\"name\":\"Po\u010detna stranica\",\"item\":\"https:\\\/\\\/radioljubuski.ba\\\/\"},{\"@type\":\"ListItem\",\"position\":2,\"name\":\"Skoro 4.000 Balkanaca raspravlja o zmiji koja se, navodno, pojavljuje prije potresa\"}]},{\"@type\":\"WebSite\",\"@id\":\"https:\\\/\\\/radioljubuski.ba\\\/#website\",\"url\":\"https:\\\/\\\/radioljubuski.ba\\\/\",\"name\":\"Radio Ljubu\u0161ki\",\"description\":\"Sun\u010dana frekvencija Hercegovine\",\"publisher\":{\"@id\":\"https:\\\/\\\/radioljubuski.ba\\\/#organization\"},\"potentialAction\":[{\"@type\":\"SearchAction\",\"target\":{\"@type\":\"EntryPoint\",\"urlTemplate\":\"https:\\\/\\\/radioljubuski.ba\\\/?s={search_term_string}\"},\"query-input\":{\"@type\":\"PropertyValueSpecification\",\"valueRequired\":true,\"valueName\":\"search_term_string\"}}],\"inLanguage\":\"hr\"},{\"@type\":\"Organization\",\"@id\":\"https:\\\/\\\/radioljubuski.ba\\\/#organization\",\"name\":\"Radio Ljubu\u0161ki\",\"url\":\"https:\\\/\\\/radioljubuski.ba\\\/\",\"logo\":{\"@type\":\"ImageObject\",\"inLanguage\":\"hr\",\"@id\":\"https:\\\/\\\/radioljubuski.ba\\\/#\\\/schema\\\/logo\\\/image\\\/\",\"url\":\"https:\\\/\\\/radioljubuski.ba\\\/wp-content\\\/uploads\\\/2021\\\/02\\\/cropped-Radio_Ljubuski_logo1.jpg\",\"contentUrl\":\"https:\\\/\\\/radioljubuski.ba\\\/wp-content\\\/uploads\\\/2021\\\/02\\\/cropped-Radio_Ljubuski_logo1.jpg\",\"width\":512,\"height\":512,\"caption\":\"Radio Ljubu\u0161ki\"},\"image\":{\"@id\":\"https:\\\/\\\/radioljubuski.ba\\\/#\\\/schema\\\/logo\\\/image\\\/\"},\"sameAs\":[\"https:\\\/\\\/www.facebook.com\\\/Radiio-Ljubuski-1490835324566332\",\"https:\\\/\\\/x.com\\\/radioljubuski\",\"https:\\\/\\\/hr.linkedin.com\\\/company\\\/radio-ljubuski\",\"https:\\\/\\\/www.youtube.com\\\/channel\\\/UCHYaeO_n0Db3tjNGudGpXyw\"]},{\"@type\":\"Person\",\"@id\":\"https:\\\/\\\/radioljubuski.ba\\\/#\\\/schema\\\/person\\\/19fc700381a780f69665d7956c469e3b\",\"name\":\"Radio Ljubu\u0161ki\"}]}<\/script>\n<!-- \/ Yoast SEO plugin. -->","yoast_head_json":{"title":"Skoro 4.000 Balkanaca raspravlja o zmiji koja se, navodno, pojavljuje prije potresa - RADIO LJUBU\u0160KI","robots":{"index":"index","follow":"follow","max-snippet":"max-snippet:-1","max-image-preview":"max-image-preview:large","max-video-preview":"max-video-preview:-1"},"canonical":"https:\/\/radioljubuski.ba\/index.php\/2022\/07\/01\/skoro-4-000-balkanaca-raspravlja-o-zmiji-koja-se-navodno-pojavljuje-prije-potresa\/","og_locale":"hr_HR","og_type":"article","og_title":"Skoro 4.000 Balkanaca raspravlja o zmiji koja se, navodno, pojavljuje prije potresa - RADIO LJUBU\u0160KI","og_description":"Crvolika sljeparica ili Xerotyphlops vermicularis naziv je zmije koja nije opasna i mala te predstavnica obitelji sljeparica. Ova vrsta je blijedoru\u017ei\u010daste boje, a mo\u017ee narasti do 40 cm. Ve\u0107inu vremena provodi ispod zemlje, po rupama i ispod kamenja, kriju\u0107i se od vru\u0107ine, a na povr\u0161inu rijetko izlazi, obi\u010dno u sumrak ili za vla\u017enog vremena. Instagram [&hellip;]","og_url":"https:\/\/radioljubuski.ba\/index.php\/2022\/07\/01\/skoro-4-000-balkanaca-raspravlja-o-zmiji-koja-se-navodno-pojavljuje-prije-potresa\/","og_site_name":"RADIO LJUBU\u0160KI","article_publisher":"https:\/\/www.facebook.com\/Radiio-Ljubuski-1490835324566332","article_published_time":"2022-07-01T07:19:31+00:00","article_modified_time":"2022-07-01T07:19:32+00:00","og_image":[{"width":1024,"height":684,"url":"https:\/\/radioljubuski.ba\/wp-content\/uploads\/2022\/07\/zmija.jpg","type":"image\/jpeg"}],"author":"Radio Ljubu\u0161ki","twitter_card":"summary_large_image","twitter_creator":"@radioljubuski","twitter_site":"@radioljubuski","twitter_misc":{"Napisao\/la":"Radio Ljubu\u0161ki","Procijenjeno vrijeme \u010ditanja":"1 minuta"},"schema":{"@context":"https:\/\/schema.org","@graph":[{"@type":"Article","@id":"https:\/\/radioljubuski.ba\/index.php\/2022\/07\/01\/skoro-4-000-balkanaca-raspravlja-o-zmiji-koja-se-navodno-pojavljuje-prije-potresa\/#article","isPartOf":{"@id":"https:\/\/radioljubuski.ba\/index.php\/2022\/07\/01\/skoro-4-000-balkanaca-raspravlja-o-zmiji-koja-se-navodno-pojavljuje-prije-potresa\/"},"author":{"name":"Radio Ljubu\u0161ki","@id":"https:\/\/radioljubuski.ba\/#\/schema\/person\/19fc700381a780f69665d7956c469e3b"},"headline":"Skoro 4.000 Balkanaca raspravlja o zmiji koja se, navodno, pojavljuje prije potresa","datePublished":"2022-07-01T07:19:31+00:00","dateModified":"2022-07-01T07:19:32+00:00","mainEntityOfPage":{"@id":"https:\/\/radioljubuski.ba\/index.php\/2022\/07\/01\/skoro-4-000-balkanaca-raspravlja-o-zmiji-koja-se-navodno-pojavljuje-prije-potresa\/"},"wordCount":189,"publisher":{"@id":"https:\/\/radioljubuski.ba\/#organization"},"image":{"@id":"https:\/\/radioljubuski.ba\/index.php\/2022\/07\/01\/skoro-4-000-balkanaca-raspravlja-o-zmiji-koja-se-navodno-pojavljuje-prije-potresa\/#primaryimage"},"thumbnailUrl":"https:\/\/radioljubuski.ba\/wp-content\/uploads\/2022\/07\/zmija.jpg","articleSection":["BIH i regija"],"inLanguage":"hr"},{"@type":"WebPage","@id":"https:\/\/radioljubuski.ba\/index.php\/2022\/07\/01\/skoro-4-000-balkanaca-raspravlja-o-zmiji-koja-se-navodno-pojavljuje-prije-potresa\/","url":"https:\/\/radioljubuski.ba\/index.php\/2022\/07\/01\/skoro-4-000-balkanaca-raspravlja-o-zmiji-koja-se-navodno-pojavljuje-prije-potresa\/","name":"Skoro 4.000 Balkanaca raspravlja o zmiji koja se, navodno, pojavljuje prije potresa - RADIO LJUBU\u0160KI","isPartOf":{"@id":"https:\/\/radioljubuski.ba\/#website"},"primaryImageOfPage":{"@id":"https:\/\/radioljubuski.ba\/index.php\/2022\/07\/01\/skoro-4-000-balkanaca-raspravlja-o-zmiji-koja-se-navodno-pojavljuje-prije-potresa\/#primaryimage"},"image":{"@id":"https:\/\/radioljubuski.ba\/index.php\/2022\/07\/01\/skoro-4-000-balkanaca-raspravlja-o-zmiji-koja-se-navodno-pojavljuje-prije-potresa\/#primaryimage"},"thumbnailUrl":"https:\/\/radioljubuski.ba\/wp-content\/uploads\/2022\/07\/zmija.jpg","datePublished":"2022-07-01T07:19:31+00:00","dateModified":"2022-07-01T07:19:32+00:00","breadcrumb":{"@id":"https:\/\/radioljubuski.ba\/index.php\/2022\/07\/01\/skoro-4-000-balkanaca-raspravlja-o-zmiji-koja-se-navodno-pojavljuje-prije-potresa\/#breadcrumb"},"inLanguage":"hr","potentialAction":[{"@type":"ReadAction","target":["https:\/\/radioljubuski.ba\/index.php\/2022\/07\/01\/skoro-4-000-balkanaca-raspravlja-o-zmiji-koja-se-navodno-pojavljuje-prije-potresa\/"]}]},{"@type":"ImageObject","inLanguage":"hr","@id":"https:\/\/radioljubuski.ba\/index.php\/2022\/07\/01\/skoro-4-000-balkanaca-raspravlja-o-zmiji-koja-se-navodno-pojavljuje-prije-potresa\/#primaryimage","url":"https:\/\/radioljubuski.ba\/wp-content\/uploads\/2022\/07\/zmija.jpg","contentUrl":"https:\/\/radioljubuski.ba\/wp-content\/uploads\/2022\/07\/zmija.jpg","width":1024,"height":684},{"@type":"BreadcrumbList","@id":"https:\/\/radioljubuski.ba\/index.php\/2022\/07\/01\/skoro-4-000-balkanaca-raspravlja-o-zmiji-koja-se-navodno-pojavljuje-prije-potresa\/#breadcrumb","itemListElement":[{"@type":"ListItem","position":1,"name":"Po\u010detna stranica","item":"https:\/\/radioljubuski.ba\/"},{"@type":"ListItem","position":2,"name":"Skoro 4.000 Balkanaca raspravlja o zmiji koja se, navodno, pojavljuje prije potresa"}]},{"@type":"WebSite","@id":"https:\/\/radioljubuski.ba\/#website","url":"https:\/\/radioljubuski.ba\/","name":"Radio Ljubu\u0161ki","description":"Sun\u010dana frekvencija Hercegovine","publisher":{"@id":"https:\/\/radioljubuski.ba\/#organization"},"potentialAction":[{"@type":"SearchAction","target":{"@type":"EntryPoint","urlTemplate":"https:\/\/radioljubuski.ba\/?s={search_term_string}"},"query-input":{"@type":"PropertyValueSpecification","valueRequired":true,"valueName":"search_term_string"}}],"inLanguage":"hr"},{"@type":"Organization","@id":"https:\/\/radioljubuski.ba\/#organization","name":"Radio Ljubu\u0161ki","url":"https:\/\/radioljubuski.ba\/","logo":{"@type":"ImageObject","inLanguage":"hr","@id":"https:\/\/radioljubuski.ba\/#\/schema\/logo\/image\/","url":"https:\/\/radioljubuski.ba\/wp-content\/uploads\/2021\/02\/cropped-Radio_Ljubuski_logo1.jpg","contentUrl":"https:\/\/radioljubuski.ba\/wp-content\/uploads\/2021\/02\/cropped-Radio_Ljubuski_logo1.jpg","width":512,"height":512,"caption":"Radio Ljubu\u0161ki"},"image":{"@id":"https:\/\/radioljubuski.ba\/#\/schema\/logo\/image\/"},"sameAs":["https:\/\/www.facebook.com\/Radiio-Ljubuski-1490835324566332","https:\/\/x.com\/radioljubuski","https:\/\/hr.linkedin.com\/company\/radio-ljubuski","https:\/\/www.youtube.com\/channel\/UCHYaeO_n0Db3tjNGudGpXyw"]},{"@type":"Person","@id":"https:\/\/radioljubuski.ba\/#\/schema\/person\/19fc700381a780f69665d7956c469e3b","name":"Radio Ljubu\u0161ki"}]}},"_links":{"self":[{"href":"https:\/\/radioljubuski.ba\/index.php\/wp-json\/wp\/v2\/posts\/155128","targetHints":{"allow":["GET"]}}],"collection":[{"href":"https:\/\/radioljubuski.ba\/index.php\/wp-json\/wp\/v2\/posts"}],"about":[{"href":"https:\/\/radioljubuski.ba\/index.php\/wp-json\/wp\/v2\/types\/post"}],"author":[{"embeddable":true,"href":"https:\/\/radioljubuski.ba\/index.php\/wp-json\/wp\/v2\/users\/2"}],"replies":[{"embeddable":true,"href":"https:\/\/radioljubuski.ba\/index.php\/wp-json\/wp\/v2\/comments?post=155128"}],"version-history":[{"count":1,"href":"https:\/\/radioljubuski.ba\/index.php\/wp-json\/wp\/v2\/posts\/155128\/revisions"}],"predecessor-version":[{"id":155131,"href":"https:\/\/radioljubuski.ba\/index.php\/wp-json\/wp\/v2\/posts\/155128\/revisions\/155131"}],"wp:featuredmedia":[{"embeddable":true,"href":"https:\/\/radioljubuski.ba\/index.php\/wp-json\/wp\/v2\/media\/155130"}],"wp:attachment":[{"href":"https:\/\/radioljubuski.ba\/index.php\/wp-json\/wp\/v2\/media?parent=155128"}],"wp:term":[{"taxonomy":"category","embeddable":true,"href":"https:\/\/radioljubuski.ba\/index.php\/wp-json\/wp\/v2\/categories?post=155128"},{"taxonomy":"post_tag","embeddable":true,"href":"https:\/\/radioljubuski.ba\/index.php\/wp-json\/wp\/v2\/tags?post=155128"}],"curies":[{"name":"wp","href":"https:\/\/api.w.org\/{rel}","templated":true}]}}