{"id":155129,"date":"2022-07-01T08:20:05","date_gmt":"2022-07-01T07:20:05","guid":{"rendered":"https:\/\/radioljubuski.ba\/?p=155129"},"modified":"2022-07-01T08:20:06","modified_gmt":"2022-07-01T07:20:06","slug":"street-arts-festival-mostar-od-1-do-13-rujna","status":"publish","type":"post","link":"https:\/\/radioljubuski.ba\/index.php\/2022\/07\/01\/street-arts-festival-mostar-od-1-do-13-rujna\/","title":{"rendered":"Street Arts Festival Mostar od 1. do 13. rujna"},"content":{"rendered":"\n<p>Street Arts Festival Mostar poziva gra\u0111anke i gra\u0111ane Mostara da sudjeluju u stvaranju uli\u010dne galerije i po\u0161alju svoje prijedloge za oslikavanje zidnih povr\u0161ina u okviru ovogodi\u0161njeg 11. festivala koji \u0107e se odr\u017eati od 1. do 13. rujna ove godine.<\/p>\n\n\n\n<p>&#8220;Mo\u017eda je ba\u0161 prolaz ili pro\u010delje va\u0161e zgrade, fasada ku\u0107e, \u0161kole\u2026 idealna za na\u0161e umjetnike koji \u0107e do\u0107i u Mostar sa svih strana dr\u017eave, regije i svijeta&#8221;, poru\u010duju organizatori.<\/p>\n\n\n\n<p>&#8220;Po\u0161aljite fotografije, lokaciju, dimenzije zida na mail adresu: streetartsfestival@gmail.com ili fb i instagram stranicu @streetartsfestivalmostar te \u0107ete biti kontaktirani za daljnje procedure i realizaciju ukoliko se va\u0161a povr\u0161ina odabere&#8221;, nagla\u0161avaju dalje.&nbsp;<\/p>\n\n\n\n<p>Tako\u0111er isti\u010du kako se ova praksa do sada pokazala kao odli\u010dna suradnja festivala i lokalne zajednice te kreativan na\u010din za interakciju, nova me\u0111ugeneracijska iskustva i zajedni\u010dko djelovanje za unapre\u0111enje urbane kulture koja se razvija u Mostaru vi\u0161e od desetlje\u0107a.<\/p>\n\n\n\n<p>&#8220;Raduju nas sve nove budu\u0107e suradnje, poznanstva i prijateljstva te \u0161to \u0107emo i ove godine uz podr\u0161ku zajednice donijeti umjetnost i radost u naselja i na ulicu&#8221;, navode organizatori.&nbsp;<\/p>\n\n\n\n<p>Kolektiv festivala, kako ka\u017eu, cijelu je godinu posve\u0107en komunikaciji i odabiru umjetnika, osmi\u0161ljavanju programa i produkcije 11. Street Arts Festival Mostar za kojeg je ova godina korak u novi jubilej, planove i izazove.<\/p>\n\n\n\n<p>Izvor: <a href=\"https:\/\/pogled.ba\/kultura\/street-arts-festival-mostar-od-1-do-13-rujna\/249547\">Pogled.ba<\/a><\/p>\n","protected":false},"excerpt":{"rendered":"<p>Street Arts Festival Mostar poziva gra\u0111anke i gra\u0111ane Mostara da sudjeluju u stvaranju uli\u010dne galerije i po\u0161alju svoje prijedloge za oslikavanje zidnih povr\u0161ina u okviru ovogodi\u0161njeg 11. festivala koji \u0107e se odr\u017eati od 1. do 13. rujna ove godine. &#8220;Mo\u017eda je ba\u0161 prolaz ili pro\u010delje va\u0161e zgrade, fasada ku\u0107e, \u0161kole\u2026 idealna za na\u0161e umjetnike koji [&hellip;]<\/p>\n","protected":false},"author":2,"featured_media":155133,"comment_status":"closed","ping_status":"closed","sticky":false,"template":"","format":"standard","meta":{"h5ap_radio_sources":[],"footnotes":""},"categories":[1],"tags":[],"class_list":["post-155129","post","type-post","status-publish","format-standard","has-post-thumbnail","hentry","category-bihiregija"],"yoast_head":"<!-- This site is optimized with the Yoast SEO plugin v27.5 - https:\/\/yoast.com\/product\/yoast-seo-wordpress\/ -->\n<title>Street Arts Festival Mostar od 1. do 13. rujna - RADIO LJUBU\u0160KI<\/title>\n<meta name=\"robots\" content=\"index, follow, max-snippet:-1, max-image-preview:large, max-video-preview:-1\" \/>\n<link rel=\"canonical\" href=\"https:\/\/radioljubuski.ba\/index.php\/2022\/07\/01\/street-arts-festival-mostar-od-1-do-13-rujna\/\" \/>\n<meta property=\"og:locale\" content=\"hr_HR\" \/>\n<meta property=\"og:type\" content=\"article\" \/>\n<meta property=\"og:title\" content=\"Street Arts Festival Mostar od 1. do 13. rujna - RADIO LJUBU\u0160KI\" \/>\n<meta property=\"og:description\" content=\"Street Arts Festival Mostar poziva gra\u0111anke i gra\u0111ane Mostara da sudjeluju u stvaranju uli\u010dne galerije i po\u0161alju svoje prijedloge za oslikavanje zidnih povr\u0161ina u okviru ovogodi\u0161njeg 11. festivala koji \u0107e se odr\u017eati od 1. do 13. rujna ove godine. &#8220;Mo\u017eda je ba\u0161 prolaz ili pro\u010delje va\u0161e zgrade, fasada ku\u0107e, \u0161kole\u2026 idealna za na\u0161e umjetnike koji [&hellip;]\" \/>\n<meta property=\"og:url\" content=\"https:\/\/radioljubuski.ba\/index.php\/2022\/07\/01\/street-arts-festival-mostar-od-1-do-13-rujna\/\" \/>\n<meta property=\"og:site_name\" content=\"RADIO LJUBU\u0160KI\" \/>\n<meta property=\"article:publisher\" content=\"https:\/\/www.facebook.com\/Radiio-Ljubuski-1490835324566332\" \/>\n<meta property=\"article:published_time\" content=\"2022-07-01T07:20:05+00:00\" \/>\n<meta property=\"article:modified_time\" content=\"2022-07-01T07:20:06+00:00\" \/>\n<meta property=\"og:image\" content=\"https:\/\/radioljubuski.ba\/wp-content\/uploads\/2022\/07\/8-2022-07-01-09-16-41-STREET-ARTS-1.jpeg\" \/>\n\t<meta property=\"og:image:width\" content=\"1000\" \/>\n\t<meta property=\"og:image:height\" content=\"625\" \/>\n\t<meta property=\"og:image:type\" content=\"image\/jpeg\" \/>\n<meta name=\"author\" content=\"Radio Ljubu\u0161ki\" \/>\n<meta name=\"twitter:card\" content=\"summary_large_image\" \/>\n<meta name=\"twitter:creator\" content=\"@radioljubuski\" \/>\n<meta name=\"twitter:site\" content=\"@radioljubuski\" \/>\n<meta name=\"twitter:label1\" content=\"Napisao\/la\" \/>\n\t<meta name=\"twitter:data1\" content=\"Radio Ljubu\u0161ki\" \/>\n\t<meta name=\"twitter:label2\" content=\"Procijenjeno vrijeme \u010ditanja\" \/>\n\t<meta name=\"twitter:data2\" content=\"1 minuta\" \/>\n<script type=\"application\/ld+json\" class=\"yoast-schema-graph\">{\"@context\":\"https:\\\/\\\/schema.org\",\"@graph\":[{\"@type\":\"Article\",\"@id\":\"https:\\\/\\\/radioljubuski.ba\\\/index.php\\\/2022\\\/07\\\/01\\\/street-arts-festival-mostar-od-1-do-13-rujna\\\/#article\",\"isPartOf\":{\"@id\":\"https:\\\/\\\/radioljubuski.ba\\\/index.php\\\/2022\\\/07\\\/01\\\/street-arts-festival-mostar-od-1-do-13-rujna\\\/\"},\"author\":{\"name\":\"Radio Ljubu\u0161ki\",\"@id\":\"https:\\\/\\\/radioljubuski.ba\\\/#\\\/schema\\\/person\\\/19fc700381a780f69665d7956c469e3b\"},\"headline\":\"Street Arts Festival Mostar od 1. do 13. rujna\",\"datePublished\":\"2022-07-01T07:20:05+00:00\",\"dateModified\":\"2022-07-01T07:20:06+00:00\",\"mainEntityOfPage\":{\"@id\":\"https:\\\/\\\/radioljubuski.ba\\\/index.php\\\/2022\\\/07\\\/01\\\/street-arts-festival-mostar-od-1-do-13-rujna\\\/\"},\"wordCount\":243,\"publisher\":{\"@id\":\"https:\\\/\\\/radioljubuski.ba\\\/#organization\"},\"image\":{\"@id\":\"https:\\\/\\\/radioljubuski.ba\\\/index.php\\\/2022\\\/07\\\/01\\\/street-arts-festival-mostar-od-1-do-13-rujna\\\/#primaryimage\"},\"thumbnailUrl\":\"https:\\\/\\\/radioljubuski.ba\\\/wp-content\\\/uploads\\\/2022\\\/07\\\/8-2022-07-01-09-16-41-STREET-ARTS-1.jpeg\",\"articleSection\":[\"BIH i regija\"],\"inLanguage\":\"hr\"},{\"@type\":\"WebPage\",\"@id\":\"https:\\\/\\\/radioljubuski.ba\\\/index.php\\\/2022\\\/07\\\/01\\\/street-arts-festival-mostar-od-1-do-13-rujna\\\/\",\"url\":\"https:\\\/\\\/radioljubuski.ba\\\/index.php\\\/2022\\\/07\\\/01\\\/street-arts-festival-mostar-od-1-do-13-rujna\\\/\",\"name\":\"Street Arts Festival Mostar od 1. do 13. rujna - RADIO LJUBU\u0160KI\",\"isPartOf\":{\"@id\":\"https:\\\/\\\/radioljubuski.ba\\\/#website\"},\"primaryImageOfPage\":{\"@id\":\"https:\\\/\\\/radioljubuski.ba\\\/index.php\\\/2022\\\/07\\\/01\\\/street-arts-festival-mostar-od-1-do-13-rujna\\\/#primaryimage\"},\"image\":{\"@id\":\"https:\\\/\\\/radioljubuski.ba\\\/index.php\\\/2022\\\/07\\\/01\\\/street-arts-festival-mostar-od-1-do-13-rujna\\\/#primaryimage\"},\"thumbnailUrl\":\"https:\\\/\\\/radioljubuski.ba\\\/wp-content\\\/uploads\\\/2022\\\/07\\\/8-2022-07-01-09-16-41-STREET-ARTS-1.jpeg\",\"datePublished\":\"2022-07-01T07:20:05+00:00\",\"dateModified\":\"2022-07-01T07:20:06+00:00\",\"breadcrumb\":{\"@id\":\"https:\\\/\\\/radioljubuski.ba\\\/index.php\\\/2022\\\/07\\\/01\\\/street-arts-festival-mostar-od-1-do-13-rujna\\\/#breadcrumb\"},\"inLanguage\":\"hr\",\"potentialAction\":[{\"@type\":\"ReadAction\",\"target\":[\"https:\\\/\\\/radioljubuski.ba\\\/index.php\\\/2022\\\/07\\\/01\\\/street-arts-festival-mostar-od-1-do-13-rujna\\\/\"]}]},{\"@type\":\"ImageObject\",\"inLanguage\":\"hr\",\"@id\":\"https:\\\/\\\/radioljubuski.ba\\\/index.php\\\/2022\\\/07\\\/01\\\/street-arts-festival-mostar-od-1-do-13-rujna\\\/#primaryimage\",\"url\":\"https:\\\/\\\/radioljubuski.ba\\\/wp-content\\\/uploads\\\/2022\\\/07\\\/8-2022-07-01-09-16-41-STREET-ARTS-1.jpeg\",\"contentUrl\":\"https:\\\/\\\/radioljubuski.ba\\\/wp-content\\\/uploads\\\/2022\\\/07\\\/8-2022-07-01-09-16-41-STREET-ARTS-1.jpeg\",\"width\":1000,\"height\":625},{\"@type\":\"BreadcrumbList\",\"@id\":\"https:\\\/\\\/radioljubuski.ba\\\/index.php\\\/2022\\\/07\\\/01\\\/street-arts-festival-mostar-od-1-do-13-rujna\\\/#breadcrumb\",\"itemListElement\":[{\"@type\":\"ListItem\",\"position\":1,\"name\":\"Po\u010detna stranica\",\"item\":\"https:\\\/\\\/radioljubuski.ba\\\/\"},{\"@type\":\"ListItem\",\"position\":2,\"name\":\"Street Arts Festival Mostar od 1. do 13. rujna\"}]},{\"@type\":\"WebSite\",\"@id\":\"https:\\\/\\\/radioljubuski.ba\\\/#website\",\"url\":\"https:\\\/\\\/radioljubuski.ba\\\/\",\"name\":\"Radio Ljubu\u0161ki\",\"description\":\"Sun\u010dana frekvencija Hercegovine\",\"publisher\":{\"@id\":\"https:\\\/\\\/radioljubuski.ba\\\/#organization\"},\"potentialAction\":[{\"@type\":\"SearchAction\",\"target\":{\"@type\":\"EntryPoint\",\"urlTemplate\":\"https:\\\/\\\/radioljubuski.ba\\\/?s={search_term_string}\"},\"query-input\":{\"@type\":\"PropertyValueSpecification\",\"valueRequired\":true,\"valueName\":\"search_term_string\"}}],\"inLanguage\":\"hr\"},{\"@type\":\"Organization\",\"@id\":\"https:\\\/\\\/radioljubuski.ba\\\/#organization\",\"name\":\"Radio Ljubu\u0161ki\",\"url\":\"https:\\\/\\\/radioljubuski.ba\\\/\",\"logo\":{\"@type\":\"ImageObject\",\"inLanguage\":\"hr\",\"@id\":\"https:\\\/\\\/radioljubuski.ba\\\/#\\\/schema\\\/logo\\\/image\\\/\",\"url\":\"https:\\\/\\\/radioljubuski.ba\\\/wp-content\\\/uploads\\\/2021\\\/02\\\/cropped-Radio_Ljubuski_logo1.jpg\",\"contentUrl\":\"https:\\\/\\\/radioljubuski.ba\\\/wp-content\\\/uploads\\\/2021\\\/02\\\/cropped-Radio_Ljubuski_logo1.jpg\",\"width\":512,\"height\":512,\"caption\":\"Radio Ljubu\u0161ki\"},\"image\":{\"@id\":\"https:\\\/\\\/radioljubuski.ba\\\/#\\\/schema\\\/logo\\\/image\\\/\"},\"sameAs\":[\"https:\\\/\\\/www.facebook.com\\\/Radiio-Ljubuski-1490835324566332\",\"https:\\\/\\\/x.com\\\/radioljubuski\",\"https:\\\/\\\/hr.linkedin.com\\\/company\\\/radio-ljubuski\",\"https:\\\/\\\/www.youtube.com\\\/channel\\\/UCHYaeO_n0Db3tjNGudGpXyw\"]},{\"@type\":\"Person\",\"@id\":\"https:\\\/\\\/radioljubuski.ba\\\/#\\\/schema\\\/person\\\/19fc700381a780f69665d7956c469e3b\",\"name\":\"Radio Ljubu\u0161ki\"}]}<\/script>\n<!-- \/ Yoast SEO plugin. -->","yoast_head_json":{"title":"Street Arts Festival Mostar od 1. do 13. rujna - RADIO LJUBU\u0160KI","robots":{"index":"index","follow":"follow","max-snippet":"max-snippet:-1","max-image-preview":"max-image-preview:large","max-video-preview":"max-video-preview:-1"},"canonical":"https:\/\/radioljubuski.ba\/index.php\/2022\/07\/01\/street-arts-festival-mostar-od-1-do-13-rujna\/","og_locale":"hr_HR","og_type":"article","og_title":"Street Arts Festival Mostar od 1. do 13. rujna - RADIO LJUBU\u0160KI","og_description":"Street Arts Festival Mostar poziva gra\u0111anke i gra\u0111ane Mostara da sudjeluju u stvaranju uli\u010dne galerije i po\u0161alju svoje prijedloge za oslikavanje zidnih povr\u0161ina u okviru ovogodi\u0161njeg 11. festivala koji \u0107e se odr\u017eati od 1. do 13. rujna ove godine. &#8220;Mo\u017eda je ba\u0161 prolaz ili pro\u010delje va\u0161e zgrade, fasada ku\u0107e, \u0161kole\u2026 idealna za na\u0161e umjetnike koji [&hellip;]","og_url":"https:\/\/radioljubuski.ba\/index.php\/2022\/07\/01\/street-arts-festival-mostar-od-1-do-13-rujna\/","og_site_name":"RADIO LJUBU\u0160KI","article_publisher":"https:\/\/www.facebook.com\/Radiio-Ljubuski-1490835324566332","article_published_time":"2022-07-01T07:20:05+00:00","article_modified_time":"2022-07-01T07:20:06+00:00","og_image":[{"width":1000,"height":625,"url":"https:\/\/radioljubuski.ba\/wp-content\/uploads\/2022\/07\/8-2022-07-01-09-16-41-STREET-ARTS-1.jpeg","type":"image\/jpeg"}],"author":"Radio Ljubu\u0161ki","twitter_card":"summary_large_image","twitter_creator":"@radioljubuski","twitter_site":"@radioljubuski","twitter_misc":{"Napisao\/la":"Radio Ljubu\u0161ki","Procijenjeno vrijeme \u010ditanja":"1 minuta"},"schema":{"@context":"https:\/\/schema.org","@graph":[{"@type":"Article","@id":"https:\/\/radioljubuski.ba\/index.php\/2022\/07\/01\/street-arts-festival-mostar-od-1-do-13-rujna\/#article","isPartOf":{"@id":"https:\/\/radioljubuski.ba\/index.php\/2022\/07\/01\/street-arts-festival-mostar-od-1-do-13-rujna\/"},"author":{"name":"Radio Ljubu\u0161ki","@id":"https:\/\/radioljubuski.ba\/#\/schema\/person\/19fc700381a780f69665d7956c469e3b"},"headline":"Street Arts Festival Mostar od 1. do 13. rujna","datePublished":"2022-07-01T07:20:05+00:00","dateModified":"2022-07-01T07:20:06+00:00","mainEntityOfPage":{"@id":"https:\/\/radioljubuski.ba\/index.php\/2022\/07\/01\/street-arts-festival-mostar-od-1-do-13-rujna\/"},"wordCount":243,"publisher":{"@id":"https:\/\/radioljubuski.ba\/#organization"},"image":{"@id":"https:\/\/radioljubuski.ba\/index.php\/2022\/07\/01\/street-arts-festival-mostar-od-1-do-13-rujna\/#primaryimage"},"thumbnailUrl":"https:\/\/radioljubuski.ba\/wp-content\/uploads\/2022\/07\/8-2022-07-01-09-16-41-STREET-ARTS-1.jpeg","articleSection":["BIH i regija"],"inLanguage":"hr"},{"@type":"WebPage","@id":"https:\/\/radioljubuski.ba\/index.php\/2022\/07\/01\/street-arts-festival-mostar-od-1-do-13-rujna\/","url":"https:\/\/radioljubuski.ba\/index.php\/2022\/07\/01\/street-arts-festival-mostar-od-1-do-13-rujna\/","name":"Street Arts Festival Mostar od 1. do 13. rujna - RADIO LJUBU\u0160KI","isPartOf":{"@id":"https:\/\/radioljubuski.ba\/#website"},"primaryImageOfPage":{"@id":"https:\/\/radioljubuski.ba\/index.php\/2022\/07\/01\/street-arts-festival-mostar-od-1-do-13-rujna\/#primaryimage"},"image":{"@id":"https:\/\/radioljubuski.ba\/index.php\/2022\/07\/01\/street-arts-festival-mostar-od-1-do-13-rujna\/#primaryimage"},"thumbnailUrl":"https:\/\/radioljubuski.ba\/wp-content\/uploads\/2022\/07\/8-2022-07-01-09-16-41-STREET-ARTS-1.jpeg","datePublished":"2022-07-01T07:20:05+00:00","dateModified":"2022-07-01T07:20:06+00:00","breadcrumb":{"@id":"https:\/\/radioljubuski.ba\/index.php\/2022\/07\/01\/street-arts-festival-mostar-od-1-do-13-rujna\/#breadcrumb"},"inLanguage":"hr","potentialAction":[{"@type":"ReadAction","target":["https:\/\/radioljubuski.ba\/index.php\/2022\/07\/01\/street-arts-festival-mostar-od-1-do-13-rujna\/"]}]},{"@type":"ImageObject","inLanguage":"hr","@id":"https:\/\/radioljubuski.ba\/index.php\/2022\/07\/01\/street-arts-festival-mostar-od-1-do-13-rujna\/#primaryimage","url":"https:\/\/radioljubuski.ba\/wp-content\/uploads\/2022\/07\/8-2022-07-01-09-16-41-STREET-ARTS-1.jpeg","contentUrl":"https:\/\/radioljubuski.ba\/wp-content\/uploads\/2022\/07\/8-2022-07-01-09-16-41-STREET-ARTS-1.jpeg","width":1000,"height":625},{"@type":"BreadcrumbList","@id":"https:\/\/radioljubuski.ba\/index.php\/2022\/07\/01\/street-arts-festival-mostar-od-1-do-13-rujna\/#breadcrumb","itemListElement":[{"@type":"ListItem","position":1,"name":"Po\u010detna stranica","item":"https:\/\/radioljubuski.ba\/"},{"@type":"ListItem","position":2,"name":"Street Arts Festival Mostar od 1. do 13. rujna"}]},{"@type":"WebSite","@id":"https:\/\/radioljubuski.ba\/#website","url":"https:\/\/radioljubuski.ba\/","name":"Radio Ljubu\u0161ki","description":"Sun\u010dana frekvencija Hercegovine","publisher":{"@id":"https:\/\/radioljubuski.ba\/#organization"},"potentialAction":[{"@type":"SearchAction","target":{"@type":"EntryPoint","urlTemplate":"https:\/\/radioljubuski.ba\/?s={search_term_string}"},"query-input":{"@type":"PropertyValueSpecification","valueRequired":true,"valueName":"search_term_string"}}],"inLanguage":"hr"},{"@type":"Organization","@id":"https:\/\/radioljubuski.ba\/#organization","name":"Radio Ljubu\u0161ki","url":"https:\/\/radioljubuski.ba\/","logo":{"@type":"ImageObject","inLanguage":"hr","@id":"https:\/\/radioljubuski.ba\/#\/schema\/logo\/image\/","url":"https:\/\/radioljubuski.ba\/wp-content\/uploads\/2021\/02\/cropped-Radio_Ljubuski_logo1.jpg","contentUrl":"https:\/\/radioljubuski.ba\/wp-content\/uploads\/2021\/02\/cropped-Radio_Ljubuski_logo1.jpg","width":512,"height":512,"caption":"Radio Ljubu\u0161ki"},"image":{"@id":"https:\/\/radioljubuski.ba\/#\/schema\/logo\/image\/"},"sameAs":["https:\/\/www.facebook.com\/Radiio-Ljubuski-1490835324566332","https:\/\/x.com\/radioljubuski","https:\/\/hr.linkedin.com\/company\/radio-ljubuski","https:\/\/www.youtube.com\/channel\/UCHYaeO_n0Db3tjNGudGpXyw"]},{"@type":"Person","@id":"https:\/\/radioljubuski.ba\/#\/schema\/person\/19fc700381a780f69665d7956c469e3b","name":"Radio Ljubu\u0161ki"}]}},"_links":{"self":[{"href":"https:\/\/radioljubuski.ba\/index.php\/wp-json\/wp\/v2\/posts\/155129","targetHints":{"allow":["GET"]}}],"collection":[{"href":"https:\/\/radioljubuski.ba\/index.php\/wp-json\/wp\/v2\/posts"}],"about":[{"href":"https:\/\/radioljubuski.ba\/index.php\/wp-json\/wp\/v2\/types\/post"}],"author":[{"embeddable":true,"href":"https:\/\/radioljubuski.ba\/index.php\/wp-json\/wp\/v2\/users\/2"}],"replies":[{"embeddable":true,"href":"https:\/\/radioljubuski.ba\/index.php\/wp-json\/wp\/v2\/comments?post=155129"}],"version-history":[{"count":1,"href":"https:\/\/radioljubuski.ba\/index.php\/wp-json\/wp\/v2\/posts\/155129\/revisions"}],"predecessor-version":[{"id":155134,"href":"https:\/\/radioljubuski.ba\/index.php\/wp-json\/wp\/v2\/posts\/155129\/revisions\/155134"}],"wp:featuredmedia":[{"embeddable":true,"href":"https:\/\/radioljubuski.ba\/index.php\/wp-json\/wp\/v2\/media\/155133"}],"wp:attachment":[{"href":"https:\/\/radioljubuski.ba\/index.php\/wp-json\/wp\/v2\/media?parent=155129"}],"wp:term":[{"taxonomy":"category","embeddable":true,"href":"https:\/\/radioljubuski.ba\/index.php\/wp-json\/wp\/v2\/categories?post=155129"},{"taxonomy":"post_tag","embeddable":true,"href":"https:\/\/radioljubuski.ba\/index.php\/wp-json\/wp\/v2\/tags?post=155129"}],"curies":[{"name":"wp","href":"https:\/\/api.w.org\/{rel}","templated":true}]}}