{"id":15513,"date":"2021-04-22T23:21:09","date_gmt":"2021-04-22T22:21:09","guid":{"rendered":"https:\/\/radioljubuski.ba\/?p=15513"},"modified":"2021-04-22T23:21:09","modified_gmt":"2021-04-22T22:21:09","slug":"barcelona-opet-na-korak-do-madridskog-dvojca","status":"publish","type":"post","link":"https:\/\/radioljubuski.ba\/index.php\/2021\/04\/22\/barcelona-opet-na-korak-do-madridskog-dvojca\/","title":{"rendered":"Barcelona opet na korak do madridskog dvojca"},"content":{"rendered":"\n<p><strong>Nogometa\u0161i Barcelone svladali su Getafe s 5-2 u posljednjoj utakmici 31. kola La Lige odigranoj u \u010detvrtak na Camp Nou.<\/strong><\/p>\n\n\n\n<p>Leo Messi je Barceloni donio prednost u osmoj minuti, ali samo \u010detiri minute poslije gosti su izjedna\u010dili. Angel je zahvatio loptu i poslao ju tako da bi vjerojatno zavr\u0161ila u autu, ali joj se na putu na\u0161ao nesretni brani\u010d Barcelone Clement Lenglet i preusmjerio ju u vlastitu mre\u017eu za 1-1.<br><br>Igra\u010di Getafea odu\u017eili su se u 28. minuti. Messi je krenuo u slalom prema vratima Getafea, ali mu je jedan od suparnika na tridesetak metara izbio loptu koja je krenula prema golu izme\u0111u dvojice sredi\u0161njih brani\u010da. U op\u0107oj smu\u0161enosti, Chakla je s ruba kaznenog prostora, ne gledaju\u0107i prema vrataru, poslao loptu prema vratima. No, vratar Soria je ve\u0107 bio krenuo prema lopti i samo je mogao gledati kako ona odlazi daleko od njega te uz desnu vratnicu ulazi u mre\u017eu.<br><br>U 33. minuti Messi je drugim pogotkom donio dva gola prednosti Barceloni.<\/p>\n\n\n\n<p>Tur\u010din Unal smanjio je zaostatak Getafea u 69. minuti iz kaznenog udarca. Pobjedu Barcelone potvrdili su Araujo u 87. minuti i Griezmann u tre\u0107oj minuti su\u010devog dodatka realizirao kazneni udarac za kona\u010dnih 5-2 i povratak na tre\u0107e mjesto.<br><br>Nogometa\u0161i Granade ostvarili su uvjerljivu 4-1 pobjedu na doma\u0107em terenu protiv Eibara, koji je sve bli\u017ee preseljenju u drugoliga\u0161ko dru\u0161tvo, jer se s 23 boda nalazi na za\u010delju ljestvice.<br><br>Granada je povela pogotkom Soldada u 21. minuti. Na 2-0 je povisio Puertas u 37. minuti. Zaostatak Eibara smanjio je u 64. minuti Kike, ali su Soldado (77) i Kennedy (81) donijeli uvjerljivu pobjedu andaluzijskoj mom\u010dadi.<br><br>U San Sebastianu je Real Sociedad svladao Celtu Vigo s 2-1. Gosti su poveli u 22. minuti pogotkom Malla. Preokret i pobjedu baskijskoj mom\u010dadi donijeli su Portu (25) i Januzaj (39).<\/p>\n\n\n\n<p>Nogometa\u0161i madridskog Atletica svladali su na doma\u0107em travnjaku Huescu s 2-0 (1-0) u utakmici te su ostali na vrhu ljestvice s tri boda prednosti pred gradskim suparnikom Realom.<br><br>Vode\u0107i Atletico ima 73 boda, tri vi\u0161e od Real Madrida. Na tre\u0107em je mjestu Barcelona sa 68 bodova i utakmicom manje od vode\u0107eg dvojca. Sevilla je \u010detvrta sa 67 bodova, a peti je Real Sociedad s 50 bodova. Granada je s 42 bodova na osmoj poziciji, a Celta Vigo je 11. s 38 bodova. Getafe je na 15. mjestu s 31 bodom. U zoni ispadanja su Huesca (27), Elche (27) i Eibar (23).<br><br>\u0160panjolska &#8211; 31. kolo<br>Atletico M. &#8211; Huesca 2-0 (Correa 39, Carrasco 81)<br>Granada &#8211; Eibar 4-1 (Soldado 21, 77, Puertas 37, Kennedy 81 \/ Kike 64)<br>Real S. &#8211; Celta Vigo 2-1 (Portu 25, Januzaj 39 \/ Mallo 22)<br>Barcelona &#8211; Getafe 5-2 (Messi 8, 33, Chakla 28-ag, Araujo 87, Griezmann 90+3-11m \/ Lenglet 12-ag, Unal 69-11m)<br><br>Odigrano prije:<br>Cadiz &#8211; Real M. 0-3<br>Alaves &#8211; Villarreal 2-1<br>Elche &#8211; Valladolid 1-1<br>Betis &#8211; Athletic B. 0-0<br>Levante &#8211; Sevilla 0-1<br>Osasuna &#8211; Valencia 3-1<br><br>Ljestvica<br>1. Atletico Madrid&nbsp; 32&nbsp;&nbsp; 22&nbsp;&nbsp;&nbsp; 7&nbsp;&nbsp;&nbsp; 3&nbsp;&nbsp;&nbsp; 59-20&nbsp;&nbsp;&nbsp; 73<br>2. Real Madrid&nbsp;&nbsp;&nbsp;&nbsp; 32&nbsp;&nbsp; 21&nbsp;&nbsp;&nbsp; 7&nbsp;&nbsp;&nbsp; 4&nbsp;&nbsp;&nbsp; 56-24&nbsp;&nbsp;&nbsp; 70<br>&nbsp;3. Barcelona&nbsp;&nbsp;&nbsp;&nbsp;&nbsp;&nbsp;&nbsp; 31&nbsp;&nbsp; 21&nbsp;&nbsp;&nbsp; 5&nbsp;&nbsp;&nbsp; 5&nbsp;&nbsp;&nbsp; 74-28&nbsp;&nbsp;&nbsp; 68<br>4. Sevilla&nbsp;&nbsp;&nbsp;&nbsp; 32&nbsp;&nbsp; 21&nbsp;&nbsp;&nbsp; 4&nbsp;&nbsp;&nbsp; 7&nbsp;&nbsp;&nbsp; 47-25&nbsp;&nbsp;&nbsp; 67<br>&nbsp;5. Real Sociedad&nbsp;&nbsp;&nbsp; 32&nbsp;&nbsp; 13&nbsp;&nbsp; 11&nbsp;&nbsp;&nbsp; 8&nbsp;&nbsp;&nbsp; 48-33&nbsp;&nbsp;&nbsp; 50<br>6. Betis&nbsp;&nbsp;&nbsp;&nbsp; 32&nbsp;&nbsp; 14&nbsp;&nbsp;&nbsp; 7&nbsp;&nbsp; 11&nbsp;&nbsp;&nbsp; 42-45&nbsp;&nbsp;&nbsp; 49<br>7. Villarreal&nbsp;&nbsp;&nbsp;&nbsp; 32&nbsp;&nbsp; 12&nbsp;&nbsp; 13&nbsp;&nbsp;&nbsp; 7&nbsp;&nbsp;&nbsp; 49-36&nbsp;&nbsp;&nbsp; 49<br>&nbsp;8. Granada&nbsp;&nbsp;&nbsp;&nbsp;&nbsp;&nbsp;&nbsp;&nbsp;&nbsp; 31&nbsp;&nbsp; 12&nbsp;&nbsp;&nbsp; 6&nbsp;&nbsp; 13&nbsp;&nbsp;&nbsp; 40-51&nbsp;&nbsp;&nbsp; 42<br>9. Osasuna&nbsp;&nbsp;&nbsp; 32&nbsp;&nbsp; 10&nbsp;&nbsp; 10&nbsp;&nbsp; 12&nbsp;&nbsp;&nbsp; 30-37&nbsp;&nbsp;&nbsp; 40<br>10. Athletic Bilbao&nbsp; 31&nbsp;&nbsp;&nbsp; 9&nbsp;&nbsp; 11&nbsp;&nbsp; 11&nbsp;&nbsp;&nbsp; 39-33&nbsp;&nbsp;&nbsp; 38<br>11. Celta Vigo&nbsp;&nbsp;&nbsp;&nbsp; 32&nbsp;&nbsp;&nbsp; 9&nbsp;&nbsp; 11&nbsp;&nbsp; 12&nbsp;&nbsp;&nbsp; 41-48&nbsp;&nbsp;&nbsp; 38<br>12. Levante&nbsp;&nbsp;&nbsp;&nbsp; 32&nbsp;&nbsp;&nbsp; 9&nbsp;&nbsp; 11&nbsp;&nbsp; 12&nbsp;&nbsp;&nbsp; 38-45&nbsp;&nbsp;&nbsp; 38<br>13. Cadiz&nbsp;&nbsp;&nbsp;&nbsp; 32&nbsp;&nbsp;&nbsp; 9&nbsp;&nbsp;&nbsp; 9&nbsp;&nbsp; 14&nbsp;&nbsp;&nbsp; 27-48&nbsp;&nbsp;&nbsp; 36<br>14. Valencia&nbsp;&nbsp;&nbsp;&nbsp; 32&nbsp;&nbsp;&nbsp; 8&nbsp;&nbsp; 11&nbsp;&nbsp; 13&nbsp;&nbsp;&nbsp; 40-47&nbsp;&nbsp;&nbsp; 35<br>15. Getafe&nbsp;&nbsp;&nbsp;&nbsp; 32&nbsp;&nbsp;&nbsp; 7&nbsp;&nbsp; 10&nbsp;&nbsp; 15&nbsp;&nbsp;&nbsp; 24-39&nbsp;&nbsp;&nbsp; 31<br>16. Alaves&nbsp;&nbsp;&nbsp;&nbsp; 32&nbsp;&nbsp;&nbsp; 7&nbsp;&nbsp;&nbsp; 9&nbsp;&nbsp; 16&nbsp;&nbsp;&nbsp; 27-48&nbsp;&nbsp;&nbsp; 30<br>17. Valladolid&nbsp;&nbsp;&nbsp;&nbsp; 31&nbsp;&nbsp;&nbsp; 5&nbsp;&nbsp; 13&nbsp;&nbsp; 13&nbsp;&nbsp;&nbsp; 28-42&nbsp;&nbsp;&nbsp; 28<br>18. Huesca&nbsp;&nbsp;&nbsp;&nbsp; 32&nbsp;&nbsp;&nbsp; 5&nbsp;&nbsp; 12&nbsp;&nbsp; 15&nbsp;&nbsp;&nbsp; 31-48&nbsp;&nbsp;&nbsp; 27<br>19. Elche&nbsp;&nbsp;&nbsp;&nbsp; 32&nbsp;&nbsp;&nbsp; 5&nbsp;&nbsp; 12&nbsp;&nbsp; 15&nbsp;&nbsp;&nbsp; 28-49&nbsp;&nbsp;&nbsp; 27<br>20. Eibar&nbsp;&nbsp;&nbsp;&nbsp; 32&nbsp;&nbsp;&nbsp; 4&nbsp;&nbsp; 11&nbsp;&nbsp; 17&nbsp;&nbsp;&nbsp; 23-45&nbsp;&nbsp;&nbsp; 23<\/p>\n\n\n\n<p>Izvor:hrt.hr<\/p>\n","protected":false},"excerpt":{"rendered":"<p>Nogometa\u0161i Barcelone svladali su Getafe s 5-2 u posljednjoj utakmici 31. kola La Lige odigranoj u \u010detvrtak na Camp Nou. Leo Messi je Barceloni donio prednost u osmoj minuti, ali samo \u010detiri minute poslije gosti su izjedna\u010dili. Angel je zahvatio loptu i poslao ju tako da bi vjerojatno zavr\u0161ila u autu, ali joj se na [&hellip;]<\/p>\n","protected":false},"author":2,"featured_media":15514,"comment_status":"closed","ping_status":"closed","sticky":false,"template":"","format":"standard","meta":{"h5ap_radio_sources":[],"footnotes":""},"categories":[1],"tags":[],"class_list":["post-15513","post","type-post","status-publish","format-standard","has-post-thumbnail","hentry","category-bihiregija"],"yoast_head":"<!-- This site is optimized with the Yoast SEO plugin v27.5 - https:\/\/yoast.com\/product\/yoast-seo-wordpress\/ -->\n<title>Barcelona opet na korak do madridskog dvojca - RADIO LJUBU\u0160KI<\/title>\n<meta name=\"robots\" content=\"index, follow, max-snippet:-1, max-image-preview:large, max-video-preview:-1\" \/>\n<link rel=\"canonical\" href=\"https:\/\/radioljubuski.ba\/index.php\/2021\/04\/22\/barcelona-opet-na-korak-do-madridskog-dvojca\/\" \/>\n<meta property=\"og:locale\" content=\"hr_HR\" \/>\n<meta property=\"og:type\" content=\"article\" \/>\n<meta property=\"og:title\" content=\"Barcelona opet na korak do madridskog dvojca - RADIO LJUBU\u0160KI\" \/>\n<meta property=\"og:description\" content=\"Nogometa\u0161i Barcelone svladali su Getafe s 5-2 u posljednjoj utakmici 31. kola La Lige odigranoj u \u010detvrtak na Camp Nou. Leo Messi je Barceloni donio prednost u osmoj minuti, ali samo \u010detiri minute poslije gosti su izjedna\u010dili. Angel je zahvatio loptu i poslao ju tako da bi vjerojatno zavr\u0161ila u autu, ali joj se na [&hellip;]\" \/>\n<meta property=\"og:url\" content=\"https:\/\/radioljubuski.ba\/index.php\/2021\/04\/22\/barcelona-opet-na-korak-do-madridskog-dvojca\/\" \/>\n<meta property=\"og:site_name\" content=\"RADIO LJUBU\u0160KI\" \/>\n<meta property=\"article:publisher\" content=\"https:\/\/www.facebook.com\/Radiio-Ljubuski-1490835324566332\" \/>\n<meta property=\"article:published_time\" content=\"2021-04-22T22:21:09+00:00\" \/>\n<meta property=\"og:image\" content=\"https:\/\/radioljubuski.ba\/wp-content\/uploads\/2021\/04\/253037.jpg\" \/>\n\t<meta property=\"og:image:width\" content=\"730\" \/>\n\t<meta property=\"og:image:height\" content=\"487\" \/>\n\t<meta property=\"og:image:type\" content=\"image\/jpeg\" \/>\n<meta name=\"author\" content=\"Radio Ljubu\u0161ki\" \/>\n<meta name=\"twitter:card\" content=\"summary_large_image\" \/>\n<meta name=\"twitter:creator\" content=\"@radioljubuski\" \/>\n<meta name=\"twitter:site\" content=\"@radioljubuski\" \/>\n<meta name=\"twitter:label1\" content=\"Napisao\/la\" \/>\n\t<meta name=\"twitter:data1\" content=\"Radio Ljubu\u0161ki\" \/>\n\t<meta name=\"twitter:label2\" content=\"Procijenjeno vrijeme \u010ditanja\" \/>\n\t<meta name=\"twitter:data2\" content=\"4 minute\" \/>\n<script type=\"application\/ld+json\" class=\"yoast-schema-graph\">{\"@context\":\"https:\\\/\\\/schema.org\",\"@graph\":[{\"@type\":\"Article\",\"@id\":\"https:\\\/\\\/radioljubuski.ba\\\/index.php\\\/2021\\\/04\\\/22\\\/barcelona-opet-na-korak-do-madridskog-dvojca\\\/#article\",\"isPartOf\":{\"@id\":\"https:\\\/\\\/radioljubuski.ba\\\/index.php\\\/2021\\\/04\\\/22\\\/barcelona-opet-na-korak-do-madridskog-dvojca\\\/\"},\"author\":{\"name\":\"Radio Ljubu\u0161ki\",\"@id\":\"https:\\\/\\\/radioljubuski.ba\\\/#\\\/schema\\\/person\\\/19fc700381a780f69665d7956c469e3b\"},\"headline\":\"Barcelona opet na korak do madridskog dvojca\",\"datePublished\":\"2021-04-22T22:21:09+00:00\",\"mainEntityOfPage\":{\"@id\":\"https:\\\/\\\/radioljubuski.ba\\\/index.php\\\/2021\\\/04\\\/22\\\/barcelona-opet-na-korak-do-madridskog-dvojca\\\/\"},\"wordCount\":878,\"publisher\":{\"@id\":\"https:\\\/\\\/radioljubuski.ba\\\/#organization\"},\"image\":{\"@id\":\"https:\\\/\\\/radioljubuski.ba\\\/index.php\\\/2021\\\/04\\\/22\\\/barcelona-opet-na-korak-do-madridskog-dvojca\\\/#primaryimage\"},\"thumbnailUrl\":\"https:\\\/\\\/radioljubuski.ba\\\/wp-content\\\/uploads\\\/2021\\\/04\\\/253037.jpg\",\"articleSection\":[\"BIH i regija\"],\"inLanguage\":\"hr\"},{\"@type\":\"WebPage\",\"@id\":\"https:\\\/\\\/radioljubuski.ba\\\/index.php\\\/2021\\\/04\\\/22\\\/barcelona-opet-na-korak-do-madridskog-dvojca\\\/\",\"url\":\"https:\\\/\\\/radioljubuski.ba\\\/index.php\\\/2021\\\/04\\\/22\\\/barcelona-opet-na-korak-do-madridskog-dvojca\\\/\",\"name\":\"Barcelona opet na korak do madridskog dvojca - RADIO LJUBU\u0160KI\",\"isPartOf\":{\"@id\":\"https:\\\/\\\/radioljubuski.ba\\\/#website\"},\"primaryImageOfPage\":{\"@id\":\"https:\\\/\\\/radioljubuski.ba\\\/index.php\\\/2021\\\/04\\\/22\\\/barcelona-opet-na-korak-do-madridskog-dvojca\\\/#primaryimage\"},\"image\":{\"@id\":\"https:\\\/\\\/radioljubuski.ba\\\/index.php\\\/2021\\\/04\\\/22\\\/barcelona-opet-na-korak-do-madridskog-dvojca\\\/#primaryimage\"},\"thumbnailUrl\":\"https:\\\/\\\/radioljubuski.ba\\\/wp-content\\\/uploads\\\/2021\\\/04\\\/253037.jpg\",\"datePublished\":\"2021-04-22T22:21:09+00:00\",\"breadcrumb\":{\"@id\":\"https:\\\/\\\/radioljubuski.ba\\\/index.php\\\/2021\\\/04\\\/22\\\/barcelona-opet-na-korak-do-madridskog-dvojca\\\/#breadcrumb\"},\"inLanguage\":\"hr\",\"potentialAction\":[{\"@type\":\"ReadAction\",\"target\":[\"https:\\\/\\\/radioljubuski.ba\\\/index.php\\\/2021\\\/04\\\/22\\\/barcelona-opet-na-korak-do-madridskog-dvojca\\\/\"]}]},{\"@type\":\"ImageObject\",\"inLanguage\":\"hr\",\"@id\":\"https:\\\/\\\/radioljubuski.ba\\\/index.php\\\/2021\\\/04\\\/22\\\/barcelona-opet-na-korak-do-madridskog-dvojca\\\/#primaryimage\",\"url\":\"https:\\\/\\\/radioljubuski.ba\\\/wp-content\\\/uploads\\\/2021\\\/04\\\/253037.jpg\",\"contentUrl\":\"https:\\\/\\\/radioljubuski.ba\\\/wp-content\\\/uploads\\\/2021\\\/04\\\/253037.jpg\",\"width\":730,\"height\":487},{\"@type\":\"BreadcrumbList\",\"@id\":\"https:\\\/\\\/radioljubuski.ba\\\/index.php\\\/2021\\\/04\\\/22\\\/barcelona-opet-na-korak-do-madridskog-dvojca\\\/#breadcrumb\",\"itemListElement\":[{\"@type\":\"ListItem\",\"position\":1,\"name\":\"Po\u010detna stranica\",\"item\":\"https:\\\/\\\/radioljubuski.ba\\\/\"},{\"@type\":\"ListItem\",\"position\":2,\"name\":\"Barcelona opet na korak do madridskog dvojca\"}]},{\"@type\":\"WebSite\",\"@id\":\"https:\\\/\\\/radioljubuski.ba\\\/#website\",\"url\":\"https:\\\/\\\/radioljubuski.ba\\\/\",\"name\":\"Radio Ljubu\u0161ki\",\"description\":\"Sun\u010dana frekvencija Hercegovine\",\"publisher\":{\"@id\":\"https:\\\/\\\/radioljubuski.ba\\\/#organization\"},\"potentialAction\":[{\"@type\":\"SearchAction\",\"target\":{\"@type\":\"EntryPoint\",\"urlTemplate\":\"https:\\\/\\\/radioljubuski.ba\\\/?s={search_term_string}\"},\"query-input\":{\"@type\":\"PropertyValueSpecification\",\"valueRequired\":true,\"valueName\":\"search_term_string\"}}],\"inLanguage\":\"hr\"},{\"@type\":\"Organization\",\"@id\":\"https:\\\/\\\/radioljubuski.ba\\\/#organization\",\"name\":\"Radio Ljubu\u0161ki\",\"url\":\"https:\\\/\\\/radioljubuski.ba\\\/\",\"logo\":{\"@type\":\"ImageObject\",\"inLanguage\":\"hr\",\"@id\":\"https:\\\/\\\/radioljubuski.ba\\\/#\\\/schema\\\/logo\\\/image\\\/\",\"url\":\"https:\\\/\\\/radioljubuski.ba\\\/wp-content\\\/uploads\\\/2021\\\/02\\\/cropped-Radio_Ljubuski_logo1.jpg\",\"contentUrl\":\"https:\\\/\\\/radioljubuski.ba\\\/wp-content\\\/uploads\\\/2021\\\/02\\\/cropped-Radio_Ljubuski_logo1.jpg\",\"width\":512,\"height\":512,\"caption\":\"Radio Ljubu\u0161ki\"},\"image\":{\"@id\":\"https:\\\/\\\/radioljubuski.ba\\\/#\\\/schema\\\/logo\\\/image\\\/\"},\"sameAs\":[\"https:\\\/\\\/www.facebook.com\\\/Radiio-Ljubuski-1490835324566332\",\"https:\\\/\\\/x.com\\\/radioljubuski\",\"https:\\\/\\\/hr.linkedin.com\\\/company\\\/radio-ljubuski\",\"https:\\\/\\\/www.youtube.com\\\/channel\\\/UCHYaeO_n0Db3tjNGudGpXyw\"]},{\"@type\":\"Person\",\"@id\":\"https:\\\/\\\/radioljubuski.ba\\\/#\\\/schema\\\/person\\\/19fc700381a780f69665d7956c469e3b\",\"name\":\"Radio Ljubu\u0161ki\"}]}<\/script>\n<!-- \/ Yoast SEO plugin. -->","yoast_head_json":{"title":"Barcelona opet na korak do madridskog dvojca - RADIO LJUBU\u0160KI","robots":{"index":"index","follow":"follow","max-snippet":"max-snippet:-1","max-image-preview":"max-image-preview:large","max-video-preview":"max-video-preview:-1"},"canonical":"https:\/\/radioljubuski.ba\/index.php\/2021\/04\/22\/barcelona-opet-na-korak-do-madridskog-dvojca\/","og_locale":"hr_HR","og_type":"article","og_title":"Barcelona opet na korak do madridskog dvojca - RADIO LJUBU\u0160KI","og_description":"Nogometa\u0161i Barcelone svladali su Getafe s 5-2 u posljednjoj utakmici 31. kola La Lige odigranoj u \u010detvrtak na Camp Nou. Leo Messi je Barceloni donio prednost u osmoj minuti, ali samo \u010detiri minute poslije gosti su izjedna\u010dili. Angel je zahvatio loptu i poslao ju tako da bi vjerojatno zavr\u0161ila u autu, ali joj se na [&hellip;]","og_url":"https:\/\/radioljubuski.ba\/index.php\/2021\/04\/22\/barcelona-opet-na-korak-do-madridskog-dvojca\/","og_site_name":"RADIO LJUBU\u0160KI","article_publisher":"https:\/\/www.facebook.com\/Radiio-Ljubuski-1490835324566332","article_published_time":"2021-04-22T22:21:09+00:00","og_image":[{"width":730,"height":487,"url":"https:\/\/radioljubuski.ba\/wp-content\/uploads\/2021\/04\/253037.jpg","type":"image\/jpeg"}],"author":"Radio Ljubu\u0161ki","twitter_card":"summary_large_image","twitter_creator":"@radioljubuski","twitter_site":"@radioljubuski","twitter_misc":{"Napisao\/la":"Radio Ljubu\u0161ki","Procijenjeno vrijeme \u010ditanja":"4 minute"},"schema":{"@context":"https:\/\/schema.org","@graph":[{"@type":"Article","@id":"https:\/\/radioljubuski.ba\/index.php\/2021\/04\/22\/barcelona-opet-na-korak-do-madridskog-dvojca\/#article","isPartOf":{"@id":"https:\/\/radioljubuski.ba\/index.php\/2021\/04\/22\/barcelona-opet-na-korak-do-madridskog-dvojca\/"},"author":{"name":"Radio Ljubu\u0161ki","@id":"https:\/\/radioljubuski.ba\/#\/schema\/person\/19fc700381a780f69665d7956c469e3b"},"headline":"Barcelona opet na korak do madridskog dvojca","datePublished":"2021-04-22T22:21:09+00:00","mainEntityOfPage":{"@id":"https:\/\/radioljubuski.ba\/index.php\/2021\/04\/22\/barcelona-opet-na-korak-do-madridskog-dvojca\/"},"wordCount":878,"publisher":{"@id":"https:\/\/radioljubuski.ba\/#organization"},"image":{"@id":"https:\/\/radioljubuski.ba\/index.php\/2021\/04\/22\/barcelona-opet-na-korak-do-madridskog-dvojca\/#primaryimage"},"thumbnailUrl":"https:\/\/radioljubuski.ba\/wp-content\/uploads\/2021\/04\/253037.jpg","articleSection":["BIH i regija"],"inLanguage":"hr"},{"@type":"WebPage","@id":"https:\/\/radioljubuski.ba\/index.php\/2021\/04\/22\/barcelona-opet-na-korak-do-madridskog-dvojca\/","url":"https:\/\/radioljubuski.ba\/index.php\/2021\/04\/22\/barcelona-opet-na-korak-do-madridskog-dvojca\/","name":"Barcelona opet na korak do madridskog dvojca - RADIO LJUBU\u0160KI","isPartOf":{"@id":"https:\/\/radioljubuski.ba\/#website"},"primaryImageOfPage":{"@id":"https:\/\/radioljubuski.ba\/index.php\/2021\/04\/22\/barcelona-opet-na-korak-do-madridskog-dvojca\/#primaryimage"},"image":{"@id":"https:\/\/radioljubuski.ba\/index.php\/2021\/04\/22\/barcelona-opet-na-korak-do-madridskog-dvojca\/#primaryimage"},"thumbnailUrl":"https:\/\/radioljubuski.ba\/wp-content\/uploads\/2021\/04\/253037.jpg","datePublished":"2021-04-22T22:21:09+00:00","breadcrumb":{"@id":"https:\/\/radioljubuski.ba\/index.php\/2021\/04\/22\/barcelona-opet-na-korak-do-madridskog-dvojca\/#breadcrumb"},"inLanguage":"hr","potentialAction":[{"@type":"ReadAction","target":["https:\/\/radioljubuski.ba\/index.php\/2021\/04\/22\/barcelona-opet-na-korak-do-madridskog-dvojca\/"]}]},{"@type":"ImageObject","inLanguage":"hr","@id":"https:\/\/radioljubuski.ba\/index.php\/2021\/04\/22\/barcelona-opet-na-korak-do-madridskog-dvojca\/#primaryimage","url":"https:\/\/radioljubuski.ba\/wp-content\/uploads\/2021\/04\/253037.jpg","contentUrl":"https:\/\/radioljubuski.ba\/wp-content\/uploads\/2021\/04\/253037.jpg","width":730,"height":487},{"@type":"BreadcrumbList","@id":"https:\/\/radioljubuski.ba\/index.php\/2021\/04\/22\/barcelona-opet-na-korak-do-madridskog-dvojca\/#breadcrumb","itemListElement":[{"@type":"ListItem","position":1,"name":"Po\u010detna stranica","item":"https:\/\/radioljubuski.ba\/"},{"@type":"ListItem","position":2,"name":"Barcelona opet na korak do madridskog dvojca"}]},{"@type":"WebSite","@id":"https:\/\/radioljubuski.ba\/#website","url":"https:\/\/radioljubuski.ba\/","name":"Radio Ljubu\u0161ki","description":"Sun\u010dana frekvencija Hercegovine","publisher":{"@id":"https:\/\/radioljubuski.ba\/#organization"},"potentialAction":[{"@type":"SearchAction","target":{"@type":"EntryPoint","urlTemplate":"https:\/\/radioljubuski.ba\/?s={search_term_string}"},"query-input":{"@type":"PropertyValueSpecification","valueRequired":true,"valueName":"search_term_string"}}],"inLanguage":"hr"},{"@type":"Organization","@id":"https:\/\/radioljubuski.ba\/#organization","name":"Radio Ljubu\u0161ki","url":"https:\/\/radioljubuski.ba\/","logo":{"@type":"ImageObject","inLanguage":"hr","@id":"https:\/\/radioljubuski.ba\/#\/schema\/logo\/image\/","url":"https:\/\/radioljubuski.ba\/wp-content\/uploads\/2021\/02\/cropped-Radio_Ljubuski_logo1.jpg","contentUrl":"https:\/\/radioljubuski.ba\/wp-content\/uploads\/2021\/02\/cropped-Radio_Ljubuski_logo1.jpg","width":512,"height":512,"caption":"Radio Ljubu\u0161ki"},"image":{"@id":"https:\/\/radioljubuski.ba\/#\/schema\/logo\/image\/"},"sameAs":["https:\/\/www.facebook.com\/Radiio-Ljubuski-1490835324566332","https:\/\/x.com\/radioljubuski","https:\/\/hr.linkedin.com\/company\/radio-ljubuski","https:\/\/www.youtube.com\/channel\/UCHYaeO_n0Db3tjNGudGpXyw"]},{"@type":"Person","@id":"https:\/\/radioljubuski.ba\/#\/schema\/person\/19fc700381a780f69665d7956c469e3b","name":"Radio Ljubu\u0161ki"}]}},"_links":{"self":[{"href":"https:\/\/radioljubuski.ba\/index.php\/wp-json\/wp\/v2\/posts\/15513","targetHints":{"allow":["GET"]}}],"collection":[{"href":"https:\/\/radioljubuski.ba\/index.php\/wp-json\/wp\/v2\/posts"}],"about":[{"href":"https:\/\/radioljubuski.ba\/index.php\/wp-json\/wp\/v2\/types\/post"}],"author":[{"embeddable":true,"href":"https:\/\/radioljubuski.ba\/index.php\/wp-json\/wp\/v2\/users\/2"}],"replies":[{"embeddable":true,"href":"https:\/\/radioljubuski.ba\/index.php\/wp-json\/wp\/v2\/comments?post=15513"}],"version-history":[{"count":1,"href":"https:\/\/radioljubuski.ba\/index.php\/wp-json\/wp\/v2\/posts\/15513\/revisions"}],"predecessor-version":[{"id":15515,"href":"https:\/\/radioljubuski.ba\/index.php\/wp-json\/wp\/v2\/posts\/15513\/revisions\/15515"}],"wp:featuredmedia":[{"embeddable":true,"href":"https:\/\/radioljubuski.ba\/index.php\/wp-json\/wp\/v2\/media\/15514"}],"wp:attachment":[{"href":"https:\/\/radioljubuski.ba\/index.php\/wp-json\/wp\/v2\/media?parent=15513"}],"wp:term":[{"taxonomy":"category","embeddable":true,"href":"https:\/\/radioljubuski.ba\/index.php\/wp-json\/wp\/v2\/categories?post=15513"},{"taxonomy":"post_tag","embeddable":true,"href":"https:\/\/radioljubuski.ba\/index.php\/wp-json\/wp\/v2\/tags?post=15513"}],"curies":[{"name":"wp","href":"https:\/\/api.w.org\/{rel}","templated":true}]}}