{"id":155147,"date":"2022-07-01T08:46:42","date_gmt":"2022-07-01T07:46:42","guid":{"rendered":"https:\/\/radioljubuski.ba\/?p=155147"},"modified":"2022-07-01T08:46:43","modified_gmt":"2022-07-01T07:46:43","slug":"dinamo-za-jedan-dan-smo-prodali-vise-od-pola-najskupljih-godisnjih-ulaznica","status":"publish","type":"post","link":"https:\/\/radioljubuski.ba\/index.php\/2022\/07\/01\/dinamo-za-jedan-dan-smo-prodali-vise-od-pola-najskupljih-godisnjih-ulaznica\/","title":{"rendered":"Dinamo: Za jedan dan smo prodali vi\u0161e od pola najskupljih godi\u0161njih ulaznica"},"content":{"rendered":"\n<p>USPRKOS nepodno\u0161ljivim vru\u0107inama, navija\u010di Dinama su ju\u010der po najve\u0107oj \u017eegi u podne formirali dug red kako bi \u0161to prije do\u0161li do sezonskih ulaznica. Navija\u010di \u0107e s njima mo\u0107i do kraja nove sezone i\u0107i na sve utakmice u HNL-u, Kupu i Superkupu te na sve europske utakmice u kvalifikacijama, skupinama i eventualnoj nokaut-fazi, bilo da je rije\u010d o Ligi prvaka, Europa ligi ili Konferencijskoj ligi.<\/p>\n\n\n\n<p>&#8220;Prvog dana prodaje godi\u0161njih ulaznica prodano je vi\u0161e od pola kapaciteta predvi\u0111enog za godi\u0161nje ulaznice za zapad dolje&#8221;, pohvalio se Dinamo na dru\u0161tvenim mre\u017eama.<\/p>\n\n\n\n<p>Godi\u0161nja \u010dlanarina za osobe do 18 godina stoji 40 kuna, za osobe od 18 do 60 godina 60 kuna, a za starije od 60 godina 40 kuna. Svatko tko se u\u010dlani u klub, odmah ima pravo kupiti godi\u0161nju ulaznicu s popustom, a ima i 10 posto popusta u klupskim du\u0107anima.<\/p>\n\n\n\n<h3 class=\"wp-block-heading\">Cijene godi\u0161njih ulaznica:<\/h3>\n\n\n\n<p>Tribina sjever dolje 700 kuna<br>Tribina sjever gore 700 kuna<br>Tribina zapad gore 1100 kuna<br>Tribina zapad dolje 1800 kuna<\/p>\n\n\n\n<p>Iz kluba su priop\u0107ili da je godi\u0161nje ulaznice mogu\u0107e kupiti gotovinom, karticama i na rate. \u010clanovi kluba imaju pravo iskoristiti popust na godi\u0161nje karte uz predo\u010denje\u00a0va\u017ee\u0107e \u010dlanske iskaznice ili potvrde o uplati \u010dlanarine.<\/p>\n\n\n\n<p>Godi\u0161nja \u010dlanarina za osobe do 18 godina stoji 40 kuna, za osobe od 18 do 60 godina 60 kuna, a za starije od 60 godina 40 kuna. Svatko tko se u\u010dlani u klub, odmah ima pravo kupiti godi\u0161nju ulaznicu s popustom, a ima i 10 posto popusta u klupskim du\u0107anima.<\/p>\n\n\n\n<h3 class=\"wp-block-heading\">Cijene godi\u0161njih ulaznica uz \u010dlanski popust:<\/h3>\n\n\n\n<p>Tribina sjever dolje 550 kuna<br>Tribina sjever gore 550 kuna<br>Tribina zapad gore 900 kuna<br>Tribina zapad dolje 1400 kuna<\/p>\n\n\n\n<p>Za djecu do 12 godina roditelji mogu, bez obzira na to jesu li \u010dlanovi ili ne, dobiti besplatnu godi\u0161nju ulaznicu za tribinu sjever gore.\u00a0Za tribinu sjever gore u novoj sezoni bit \u0107e otvoreni\u00a0posebni odvojeni ulazi\u00a0izme\u0111u isto\u010dne i sjeverne tribine stadiona (ulaz s Maksimirske ceste).<\/p>\n\n\n\n<p>izvor: index.hr<\/p>\n","protected":false},"excerpt":{"rendered":"<p>USPRKOS nepodno\u0161ljivim vru\u0107inama, navija\u010di Dinama su ju\u010der po najve\u0107oj \u017eegi u podne formirali dug red kako bi \u0161to prije do\u0161li do sezonskih ulaznica. Navija\u010di \u0107e s njima mo\u0107i do kraja nove sezone i\u0107i na sve utakmice u HNL-u, Kupu i Superkupu te na sve europske utakmice u kvalifikacijama, skupinama i eventualnoj nokaut-fazi, bilo da je [&hellip;]<\/p>\n","protected":false},"author":2,"featured_media":155148,"comment_status":"closed","ping_status":"closed","sticky":false,"template":"","format":"standard","meta":{"h5ap_radio_sources":[],"footnotes":""},"categories":[7],"tags":[],"class_list":["post-155147","post","type-post","status-publish","format-standard","has-post-thumbnail","hentry","category-sport"],"yoast_head":"<!-- This site is optimized with the Yoast SEO plugin v27.5 - https:\/\/yoast.com\/product\/yoast-seo-wordpress\/ -->\n<title>Dinamo: Za jedan dan smo prodali vi\u0161e od pola najskupljih godi\u0161njih ulaznica - RADIO LJUBU\u0160KI<\/title>\n<meta name=\"robots\" content=\"index, follow, max-snippet:-1, max-image-preview:large, max-video-preview:-1\" \/>\n<link rel=\"canonical\" href=\"https:\/\/radioljubuski.ba\/index.php\/2022\/07\/01\/dinamo-za-jedan-dan-smo-prodali-vise-od-pola-najskupljih-godisnjih-ulaznica\/\" \/>\n<meta property=\"og:locale\" content=\"hr_HR\" \/>\n<meta property=\"og:type\" content=\"article\" \/>\n<meta property=\"og:title\" content=\"Dinamo: Za jedan dan smo prodali vi\u0161e od pola najskupljih godi\u0161njih ulaznica - RADIO LJUBU\u0160KI\" \/>\n<meta property=\"og:description\" content=\"USPRKOS nepodno\u0161ljivim vru\u0107inama, navija\u010di Dinama su ju\u010der po najve\u0107oj \u017eegi u podne formirali dug red kako bi \u0161to prije do\u0161li do sezonskih ulaznica. Navija\u010di \u0107e s njima mo\u0107i do kraja nove sezone i\u0107i na sve utakmice u HNL-u, Kupu i Superkupu te na sve europske utakmice u kvalifikacijama, skupinama i eventualnoj nokaut-fazi, bilo da je [&hellip;]\" \/>\n<meta property=\"og:url\" content=\"https:\/\/radioljubuski.ba\/index.php\/2022\/07\/01\/dinamo-za-jedan-dan-smo-prodali-vise-od-pola-najskupljih-godisnjih-ulaznica\/\" \/>\n<meta property=\"og:site_name\" content=\"RADIO LJUBU\u0160KI\" \/>\n<meta property=\"article:publisher\" content=\"https:\/\/www.facebook.com\/Radiio-Ljubuski-1490835324566332\" \/>\n<meta property=\"article:published_time\" content=\"2022-07-01T07:46:42+00:00\" \/>\n<meta property=\"article:modified_time\" content=\"2022-07-01T07:46:43+00:00\" \/>\n<meta property=\"og:image\" content=\"https:\/\/radioljubuski.ba\/wp-content\/uploads\/2022\/07\/dinamo.jpg\" \/>\n\t<meta property=\"og:image:width\" content=\"331\" \/>\n\t<meta property=\"og:image:height\" content=\"152\" \/>\n\t<meta property=\"og:image:type\" content=\"image\/jpeg\" \/>\n<meta name=\"author\" content=\"Radio Ljubu\u0161ki\" \/>\n<meta name=\"twitter:card\" content=\"summary_large_image\" \/>\n<meta name=\"twitter:creator\" content=\"@radioljubuski\" \/>\n<meta name=\"twitter:site\" content=\"@radioljubuski\" \/>\n<meta name=\"twitter:label1\" content=\"Napisao\/la\" \/>\n\t<meta name=\"twitter:data1\" content=\"Radio Ljubu\u0161ki\" \/>\n\t<meta name=\"twitter:label2\" content=\"Procijenjeno vrijeme \u010ditanja\" \/>\n\t<meta name=\"twitter:data2\" content=\"2 minute\" \/>\n<script type=\"application\/ld+json\" class=\"yoast-schema-graph\">{\"@context\":\"https:\\\/\\\/schema.org\",\"@graph\":[{\"@type\":\"Article\",\"@id\":\"https:\\\/\\\/radioljubuski.ba\\\/index.php\\\/2022\\\/07\\\/01\\\/dinamo-za-jedan-dan-smo-prodali-vise-od-pola-najskupljih-godisnjih-ulaznica\\\/#article\",\"isPartOf\":{\"@id\":\"https:\\\/\\\/radioljubuski.ba\\\/index.php\\\/2022\\\/07\\\/01\\\/dinamo-za-jedan-dan-smo-prodali-vise-od-pola-najskupljih-godisnjih-ulaznica\\\/\"},\"author\":{\"name\":\"Radio Ljubu\u0161ki\",\"@id\":\"https:\\\/\\\/radioljubuski.ba\\\/#\\\/schema\\\/person\\\/19fc700381a780f69665d7956c469e3b\"},\"headline\":\"Dinamo: Za jedan dan smo prodali vi\u0161e od pola najskupljih godi\u0161njih ulaznica\",\"datePublished\":\"2022-07-01T07:46:42+00:00\",\"dateModified\":\"2022-07-01T07:46:43+00:00\",\"mainEntityOfPage\":{\"@id\":\"https:\\\/\\\/radioljubuski.ba\\\/index.php\\\/2022\\\/07\\\/01\\\/dinamo-za-jedan-dan-smo-prodali-vise-od-pola-najskupljih-godisnjih-ulaznica\\\/\"},\"wordCount\":339,\"publisher\":{\"@id\":\"https:\\\/\\\/radioljubuski.ba\\\/#organization\"},\"image\":{\"@id\":\"https:\\\/\\\/radioljubuski.ba\\\/index.php\\\/2022\\\/07\\\/01\\\/dinamo-za-jedan-dan-smo-prodali-vise-od-pola-najskupljih-godisnjih-ulaznica\\\/#primaryimage\"},\"thumbnailUrl\":\"https:\\\/\\\/radioljubuski.ba\\\/wp-content\\\/uploads\\\/2022\\\/07\\\/dinamo.jpg\",\"articleSection\":[\"\u0160port\"],\"inLanguage\":\"hr\"},{\"@type\":\"WebPage\",\"@id\":\"https:\\\/\\\/radioljubuski.ba\\\/index.php\\\/2022\\\/07\\\/01\\\/dinamo-za-jedan-dan-smo-prodali-vise-od-pola-najskupljih-godisnjih-ulaznica\\\/\",\"url\":\"https:\\\/\\\/radioljubuski.ba\\\/index.php\\\/2022\\\/07\\\/01\\\/dinamo-za-jedan-dan-smo-prodali-vise-od-pola-najskupljih-godisnjih-ulaznica\\\/\",\"name\":\"Dinamo: Za jedan dan smo prodali vi\u0161e od pola najskupljih godi\u0161njih ulaznica - RADIO LJUBU\u0160KI\",\"isPartOf\":{\"@id\":\"https:\\\/\\\/radioljubuski.ba\\\/#website\"},\"primaryImageOfPage\":{\"@id\":\"https:\\\/\\\/radioljubuski.ba\\\/index.php\\\/2022\\\/07\\\/01\\\/dinamo-za-jedan-dan-smo-prodali-vise-od-pola-najskupljih-godisnjih-ulaznica\\\/#primaryimage\"},\"image\":{\"@id\":\"https:\\\/\\\/radioljubuski.ba\\\/index.php\\\/2022\\\/07\\\/01\\\/dinamo-za-jedan-dan-smo-prodali-vise-od-pola-najskupljih-godisnjih-ulaznica\\\/#primaryimage\"},\"thumbnailUrl\":\"https:\\\/\\\/radioljubuski.ba\\\/wp-content\\\/uploads\\\/2022\\\/07\\\/dinamo.jpg\",\"datePublished\":\"2022-07-01T07:46:42+00:00\",\"dateModified\":\"2022-07-01T07:46:43+00:00\",\"breadcrumb\":{\"@id\":\"https:\\\/\\\/radioljubuski.ba\\\/index.php\\\/2022\\\/07\\\/01\\\/dinamo-za-jedan-dan-smo-prodali-vise-od-pola-najskupljih-godisnjih-ulaznica\\\/#breadcrumb\"},\"inLanguage\":\"hr\",\"potentialAction\":[{\"@type\":\"ReadAction\",\"target\":[\"https:\\\/\\\/radioljubuski.ba\\\/index.php\\\/2022\\\/07\\\/01\\\/dinamo-za-jedan-dan-smo-prodali-vise-od-pola-najskupljih-godisnjih-ulaznica\\\/\"]}]},{\"@type\":\"ImageObject\",\"inLanguage\":\"hr\",\"@id\":\"https:\\\/\\\/radioljubuski.ba\\\/index.php\\\/2022\\\/07\\\/01\\\/dinamo-za-jedan-dan-smo-prodali-vise-od-pola-najskupljih-godisnjih-ulaznica\\\/#primaryimage\",\"url\":\"https:\\\/\\\/radioljubuski.ba\\\/wp-content\\\/uploads\\\/2022\\\/07\\\/dinamo.jpg\",\"contentUrl\":\"https:\\\/\\\/radioljubuski.ba\\\/wp-content\\\/uploads\\\/2022\\\/07\\\/dinamo.jpg\",\"width\":331,\"height\":152},{\"@type\":\"BreadcrumbList\",\"@id\":\"https:\\\/\\\/radioljubuski.ba\\\/index.php\\\/2022\\\/07\\\/01\\\/dinamo-za-jedan-dan-smo-prodali-vise-od-pola-najskupljih-godisnjih-ulaznica\\\/#breadcrumb\",\"itemListElement\":[{\"@type\":\"ListItem\",\"position\":1,\"name\":\"Po\u010detna stranica\",\"item\":\"https:\\\/\\\/radioljubuski.ba\\\/\"},{\"@type\":\"ListItem\",\"position\":2,\"name\":\"Dinamo: Za jedan dan smo prodali vi\u0161e od pola najskupljih godi\u0161njih ulaznica\"}]},{\"@type\":\"WebSite\",\"@id\":\"https:\\\/\\\/radioljubuski.ba\\\/#website\",\"url\":\"https:\\\/\\\/radioljubuski.ba\\\/\",\"name\":\"Radio Ljubu\u0161ki\",\"description\":\"Sun\u010dana frekvencija Hercegovine\",\"publisher\":{\"@id\":\"https:\\\/\\\/radioljubuski.ba\\\/#organization\"},\"potentialAction\":[{\"@type\":\"SearchAction\",\"target\":{\"@type\":\"EntryPoint\",\"urlTemplate\":\"https:\\\/\\\/radioljubuski.ba\\\/?s={search_term_string}\"},\"query-input\":{\"@type\":\"PropertyValueSpecification\",\"valueRequired\":true,\"valueName\":\"search_term_string\"}}],\"inLanguage\":\"hr\"},{\"@type\":\"Organization\",\"@id\":\"https:\\\/\\\/radioljubuski.ba\\\/#organization\",\"name\":\"Radio Ljubu\u0161ki\",\"url\":\"https:\\\/\\\/radioljubuski.ba\\\/\",\"logo\":{\"@type\":\"ImageObject\",\"inLanguage\":\"hr\",\"@id\":\"https:\\\/\\\/radioljubuski.ba\\\/#\\\/schema\\\/logo\\\/image\\\/\",\"url\":\"https:\\\/\\\/radioljubuski.ba\\\/wp-content\\\/uploads\\\/2021\\\/02\\\/cropped-Radio_Ljubuski_logo1.jpg\",\"contentUrl\":\"https:\\\/\\\/radioljubuski.ba\\\/wp-content\\\/uploads\\\/2021\\\/02\\\/cropped-Radio_Ljubuski_logo1.jpg\",\"width\":512,\"height\":512,\"caption\":\"Radio Ljubu\u0161ki\"},\"image\":{\"@id\":\"https:\\\/\\\/radioljubuski.ba\\\/#\\\/schema\\\/logo\\\/image\\\/\"},\"sameAs\":[\"https:\\\/\\\/www.facebook.com\\\/Radiio-Ljubuski-1490835324566332\",\"https:\\\/\\\/x.com\\\/radioljubuski\",\"https:\\\/\\\/hr.linkedin.com\\\/company\\\/radio-ljubuski\",\"https:\\\/\\\/www.youtube.com\\\/channel\\\/UCHYaeO_n0Db3tjNGudGpXyw\"]},{\"@type\":\"Person\",\"@id\":\"https:\\\/\\\/radioljubuski.ba\\\/#\\\/schema\\\/person\\\/19fc700381a780f69665d7956c469e3b\",\"name\":\"Radio Ljubu\u0161ki\"}]}<\/script>\n<!-- \/ Yoast SEO plugin. -->","yoast_head_json":{"title":"Dinamo: Za jedan dan smo prodali vi\u0161e od pola najskupljih godi\u0161njih ulaznica - RADIO LJUBU\u0160KI","robots":{"index":"index","follow":"follow","max-snippet":"max-snippet:-1","max-image-preview":"max-image-preview:large","max-video-preview":"max-video-preview:-1"},"canonical":"https:\/\/radioljubuski.ba\/index.php\/2022\/07\/01\/dinamo-za-jedan-dan-smo-prodali-vise-od-pola-najskupljih-godisnjih-ulaznica\/","og_locale":"hr_HR","og_type":"article","og_title":"Dinamo: Za jedan dan smo prodali vi\u0161e od pola najskupljih godi\u0161njih ulaznica - RADIO LJUBU\u0160KI","og_description":"USPRKOS nepodno\u0161ljivim vru\u0107inama, navija\u010di Dinama su ju\u010der po najve\u0107oj \u017eegi u podne formirali dug red kako bi \u0161to prije do\u0161li do sezonskih ulaznica. Navija\u010di \u0107e s njima mo\u0107i do kraja nove sezone i\u0107i na sve utakmice u HNL-u, Kupu i Superkupu te na sve europske utakmice u kvalifikacijama, skupinama i eventualnoj nokaut-fazi, bilo da je [&hellip;]","og_url":"https:\/\/radioljubuski.ba\/index.php\/2022\/07\/01\/dinamo-za-jedan-dan-smo-prodali-vise-od-pola-najskupljih-godisnjih-ulaznica\/","og_site_name":"RADIO LJUBU\u0160KI","article_publisher":"https:\/\/www.facebook.com\/Radiio-Ljubuski-1490835324566332","article_published_time":"2022-07-01T07:46:42+00:00","article_modified_time":"2022-07-01T07:46:43+00:00","og_image":[{"width":331,"height":152,"url":"https:\/\/radioljubuski.ba\/wp-content\/uploads\/2022\/07\/dinamo.jpg","type":"image\/jpeg"}],"author":"Radio Ljubu\u0161ki","twitter_card":"summary_large_image","twitter_creator":"@radioljubuski","twitter_site":"@radioljubuski","twitter_misc":{"Napisao\/la":"Radio Ljubu\u0161ki","Procijenjeno vrijeme \u010ditanja":"2 minute"},"schema":{"@context":"https:\/\/schema.org","@graph":[{"@type":"Article","@id":"https:\/\/radioljubuski.ba\/index.php\/2022\/07\/01\/dinamo-za-jedan-dan-smo-prodali-vise-od-pola-najskupljih-godisnjih-ulaznica\/#article","isPartOf":{"@id":"https:\/\/radioljubuski.ba\/index.php\/2022\/07\/01\/dinamo-za-jedan-dan-smo-prodali-vise-od-pola-najskupljih-godisnjih-ulaznica\/"},"author":{"name":"Radio Ljubu\u0161ki","@id":"https:\/\/radioljubuski.ba\/#\/schema\/person\/19fc700381a780f69665d7956c469e3b"},"headline":"Dinamo: Za jedan dan smo prodali vi\u0161e od pola najskupljih godi\u0161njih ulaznica","datePublished":"2022-07-01T07:46:42+00:00","dateModified":"2022-07-01T07:46:43+00:00","mainEntityOfPage":{"@id":"https:\/\/radioljubuski.ba\/index.php\/2022\/07\/01\/dinamo-za-jedan-dan-smo-prodali-vise-od-pola-najskupljih-godisnjih-ulaznica\/"},"wordCount":339,"publisher":{"@id":"https:\/\/radioljubuski.ba\/#organization"},"image":{"@id":"https:\/\/radioljubuski.ba\/index.php\/2022\/07\/01\/dinamo-za-jedan-dan-smo-prodali-vise-od-pola-najskupljih-godisnjih-ulaznica\/#primaryimage"},"thumbnailUrl":"https:\/\/radioljubuski.ba\/wp-content\/uploads\/2022\/07\/dinamo.jpg","articleSection":["\u0160port"],"inLanguage":"hr"},{"@type":"WebPage","@id":"https:\/\/radioljubuski.ba\/index.php\/2022\/07\/01\/dinamo-za-jedan-dan-smo-prodali-vise-od-pola-najskupljih-godisnjih-ulaznica\/","url":"https:\/\/radioljubuski.ba\/index.php\/2022\/07\/01\/dinamo-za-jedan-dan-smo-prodali-vise-od-pola-najskupljih-godisnjih-ulaznica\/","name":"Dinamo: Za jedan dan smo prodali vi\u0161e od pola najskupljih godi\u0161njih ulaznica - RADIO LJUBU\u0160KI","isPartOf":{"@id":"https:\/\/radioljubuski.ba\/#website"},"primaryImageOfPage":{"@id":"https:\/\/radioljubuski.ba\/index.php\/2022\/07\/01\/dinamo-za-jedan-dan-smo-prodali-vise-od-pola-najskupljih-godisnjih-ulaznica\/#primaryimage"},"image":{"@id":"https:\/\/radioljubuski.ba\/index.php\/2022\/07\/01\/dinamo-za-jedan-dan-smo-prodali-vise-od-pola-najskupljih-godisnjih-ulaznica\/#primaryimage"},"thumbnailUrl":"https:\/\/radioljubuski.ba\/wp-content\/uploads\/2022\/07\/dinamo.jpg","datePublished":"2022-07-01T07:46:42+00:00","dateModified":"2022-07-01T07:46:43+00:00","breadcrumb":{"@id":"https:\/\/radioljubuski.ba\/index.php\/2022\/07\/01\/dinamo-za-jedan-dan-smo-prodali-vise-od-pola-najskupljih-godisnjih-ulaznica\/#breadcrumb"},"inLanguage":"hr","potentialAction":[{"@type":"ReadAction","target":["https:\/\/radioljubuski.ba\/index.php\/2022\/07\/01\/dinamo-za-jedan-dan-smo-prodali-vise-od-pola-najskupljih-godisnjih-ulaznica\/"]}]},{"@type":"ImageObject","inLanguage":"hr","@id":"https:\/\/radioljubuski.ba\/index.php\/2022\/07\/01\/dinamo-za-jedan-dan-smo-prodali-vise-od-pola-najskupljih-godisnjih-ulaznica\/#primaryimage","url":"https:\/\/radioljubuski.ba\/wp-content\/uploads\/2022\/07\/dinamo.jpg","contentUrl":"https:\/\/radioljubuski.ba\/wp-content\/uploads\/2022\/07\/dinamo.jpg","width":331,"height":152},{"@type":"BreadcrumbList","@id":"https:\/\/radioljubuski.ba\/index.php\/2022\/07\/01\/dinamo-za-jedan-dan-smo-prodali-vise-od-pola-najskupljih-godisnjih-ulaznica\/#breadcrumb","itemListElement":[{"@type":"ListItem","position":1,"name":"Po\u010detna stranica","item":"https:\/\/radioljubuski.ba\/"},{"@type":"ListItem","position":2,"name":"Dinamo: Za jedan dan smo prodali vi\u0161e od pola najskupljih godi\u0161njih ulaznica"}]},{"@type":"WebSite","@id":"https:\/\/radioljubuski.ba\/#website","url":"https:\/\/radioljubuski.ba\/","name":"Radio Ljubu\u0161ki","description":"Sun\u010dana frekvencija Hercegovine","publisher":{"@id":"https:\/\/radioljubuski.ba\/#organization"},"potentialAction":[{"@type":"SearchAction","target":{"@type":"EntryPoint","urlTemplate":"https:\/\/radioljubuski.ba\/?s={search_term_string}"},"query-input":{"@type":"PropertyValueSpecification","valueRequired":true,"valueName":"search_term_string"}}],"inLanguage":"hr"},{"@type":"Organization","@id":"https:\/\/radioljubuski.ba\/#organization","name":"Radio Ljubu\u0161ki","url":"https:\/\/radioljubuski.ba\/","logo":{"@type":"ImageObject","inLanguage":"hr","@id":"https:\/\/radioljubuski.ba\/#\/schema\/logo\/image\/","url":"https:\/\/radioljubuski.ba\/wp-content\/uploads\/2021\/02\/cropped-Radio_Ljubuski_logo1.jpg","contentUrl":"https:\/\/radioljubuski.ba\/wp-content\/uploads\/2021\/02\/cropped-Radio_Ljubuski_logo1.jpg","width":512,"height":512,"caption":"Radio Ljubu\u0161ki"},"image":{"@id":"https:\/\/radioljubuski.ba\/#\/schema\/logo\/image\/"},"sameAs":["https:\/\/www.facebook.com\/Radiio-Ljubuski-1490835324566332","https:\/\/x.com\/radioljubuski","https:\/\/hr.linkedin.com\/company\/radio-ljubuski","https:\/\/www.youtube.com\/channel\/UCHYaeO_n0Db3tjNGudGpXyw"]},{"@type":"Person","@id":"https:\/\/radioljubuski.ba\/#\/schema\/person\/19fc700381a780f69665d7956c469e3b","name":"Radio Ljubu\u0161ki"}]}},"_links":{"self":[{"href":"https:\/\/radioljubuski.ba\/index.php\/wp-json\/wp\/v2\/posts\/155147","targetHints":{"allow":["GET"]}}],"collection":[{"href":"https:\/\/radioljubuski.ba\/index.php\/wp-json\/wp\/v2\/posts"}],"about":[{"href":"https:\/\/radioljubuski.ba\/index.php\/wp-json\/wp\/v2\/types\/post"}],"author":[{"embeddable":true,"href":"https:\/\/radioljubuski.ba\/index.php\/wp-json\/wp\/v2\/users\/2"}],"replies":[{"embeddable":true,"href":"https:\/\/radioljubuski.ba\/index.php\/wp-json\/wp\/v2\/comments?post=155147"}],"version-history":[{"count":1,"href":"https:\/\/radioljubuski.ba\/index.php\/wp-json\/wp\/v2\/posts\/155147\/revisions"}],"predecessor-version":[{"id":155149,"href":"https:\/\/radioljubuski.ba\/index.php\/wp-json\/wp\/v2\/posts\/155147\/revisions\/155149"}],"wp:featuredmedia":[{"embeddable":true,"href":"https:\/\/radioljubuski.ba\/index.php\/wp-json\/wp\/v2\/media\/155148"}],"wp:attachment":[{"href":"https:\/\/radioljubuski.ba\/index.php\/wp-json\/wp\/v2\/media?parent=155147"}],"wp:term":[{"taxonomy":"category","embeddable":true,"href":"https:\/\/radioljubuski.ba\/index.php\/wp-json\/wp\/v2\/categories?post=155147"},{"taxonomy":"post_tag","embeddable":true,"href":"https:\/\/radioljubuski.ba\/index.php\/wp-json\/wp\/v2\/tags?post=155147"}],"curies":[{"name":"wp","href":"https:\/\/api.w.org\/{rel}","templated":true}]}}